{"id":8930,"date":"2014-12-22T07:00:24","date_gmt":"2014-12-22T06:00:24","guid":{"rendered":"https:\/\/www.courzyvite.run\/blog\/?p=8930"},"modified":"2021-03-31T17:47:36","modified_gmt":"2021-03-31T15:47:36","slug":"apres-quatre-annees-de-disette-la-resurrection-de-la-montee-du-cret-deau-17-05-15","status":"publish","type":"post","link":"https:\/\/www.courzyvite.run\/blog\/2014\/12\/22\/apres-quatre-annees-de-disette-la-resurrection-de-la-montee-du-cret-deau-17-05-15\/","title":{"rendered":"PRESENTATION DE LA MONTEE DU CRET D\u2019EAU : LA RESURRECTION APRES QUATRE ANNEES DE DISETTE (1ER VOLET) \/ 17-05-15"},"content":{"rendered":"<p><strong>UN BEAU CADEAU DE NOEL POUR LES COUREURS DE MONTAGNE !<\/strong><\/p>\n<p>La c\u00e9l\u00e8bre Mont\u00e9e du Cr\u00eat d\u2019Eau refait encore parler d\u2019elle mais les multiples d\u00e9m\u00eal\u00e9s administratifs qu\u2019elle a connus jadis aboutissent cette fois-ci \u00e0 un happy end, ce qui r\u00e9jouira ses plus fervents supporteurs.<br \/>\nSurgie d\u00e8s 1999 sous l\u2019impulsion de l\u2019association Bellegarde Vals\u2019Running, anim\u00e9e par ce pionnier qu\u2019est\u00a0<strong>Pierre-Louis Zajac<\/strong>, cette \u00e9preuve est une authentique course de montagne de par ses dimensions\u00a0: 14km pour un d\u00e9nivel\u00e9 de 1360m positifs et 620 autres n\u00e9gatifs. Reliant la ville de Bellegarde \u00e0 la station de Menthi\u00e8res, dans l\u2019Ain, elle s\u2019invite sur les chemins escarp\u00e9s et tortueux de la Haute Cha\u00eene du Jura, ce sanctuaire de sauvagerie, cet \u00e9den, o\u00f9 fleurit le sabot de v\u00e9nus, o\u00f9 des chamois par centaines s\u2019\u00e9battent dans des envol\u00e9es de grands t\u00e9tras. Avec, comme point d\u2019orgue, un panorama imprenable et inoubliable sur les Alpes du Nord, le bassin l\u00e9manique et le Bugey, en particulier depuis le cr\u00eat de la Goutte, toit de la comp\u00e9tition \u00e0 1621m d\u2019altitude.<br \/>\nLe 2 juin 2002, la manifestation conna\u00eetra son heure de gloire en accueillant en grande pompe les 14\u00e8mes Championnats de France de Course en Montagne, enlev\u00e9s par le R\u00e9unionnais <strong>Raymond Fontaine<\/strong> en 1h08\u201919, record de l\u2019\u00e9preuve, et la Marseillaise <strong>Corinne Raux<\/strong>.<br \/>\nL\u2019ultime cuv\u00e9e remontant d\u00e9j\u00e0 \u00e0 2010, le Club Athl\u00e9tique du Bassin Bellegardien (CABB) a d\u00e9cid\u00e9, apr\u00e8s l\u2019av\u00e8nement de\u00a0<strong>Didier Traor\u00e9<\/strong> \u00e0 la pr\u00e9sidence en ao\u00fbt 2013, de reprendre en main cette comp\u00e9tition avec le soutien de la mairie de Bellegarde. Pour permettre \u00e0 cette illustre manifestation de rena\u00eetre, il a fallu n\u00e9gocier avec les autorit\u00e9s de la r\u00e9serve naturelle nationale de la Haute Cha\u00eene du Jura. Une r\u00e9serve naturelle cr\u00e9\u00e9e le 26 f\u00e9vrier 1993 \u00e0 travers 10.909ha que sillonne opportun\u00e9ment l\u2019\u00e9preuve sur 4km. En 2011, lesdites autorit\u00e9s avaient obtenu de la pr\u00e9fecture de l\u2019Ain l\u2019interdiction de la course en raison de la transmission hors d\u00e9lai de la demande d\u2019autorisation ainsi que du non-respect de la r\u00e9glementation \u00e0 l\u2019int\u00e9rieur de l\u2019espace naturel prot\u00e9g\u00e9. L\u2019homme-orchestre Pierre-Louis Zajac ayant ensuite jet\u00e9 l\u2019\u00e9ponge, le rendez-vous avait \u00e9t\u00e9 annul\u00e9 les trois ann\u00e9es suivantes en d\u00e9pit de sa programmation.<\/p>\n<p><strong>Compromis<\/strong><br \/>\nFinalement, sauf impr\u00e9vu de derni\u00e8re minute, la Mont\u00e9e du Cr\u00eat d\u2019Eau aura bien lieu en 2015, \u00e0 savoir le dimanche 17 mai \u00e0 9h30. Pour l\u2019occasion, elle f\u00eatera son 13\u00e8me anniversaire. Seul habilit\u00e9 \u00e0 autoriser les \u00e9v\u00e9nements sportifs ou culturels dans le p\u00e9rim\u00e8tre de protection, le comit\u00e9 de suivi des travaux, un des deux organismes d\u00e9cisionnels de la r\u00e9serve naturelle que pr\u00e9side le sous-pr\u00e9fet de Gex, a effectivement donn\u00e9 son aval le 15 octobre dernier. C\u2019est ce que nous a annonc\u00e9 par t\u00e9l\u00e9phone<strong>\u00a0Simon Pauvert<\/strong>, conservateur de la r\u00e9serve naturelle.<br \/>\nDe toute \u00e9vidence, la r\u00e9union, le 2 juillet 2014 \u00e0 Gex, dans les locaux de la communaut\u00e9 de communes du Pays de Gex (1), \u00e0 laquelle assistait <strong>Johann Rosset<\/strong>, adjoint de gestion \u00e0 la r\u00e9serve naturelle, aura \u00e9t\u00e9 d\u00e9cisive. Le dialogue constructif et respectueux qui pr\u00e9valait ce jour-l\u00e0 entre les diff\u00e9rents protagonistes, parfaitement conscients de l\u2019enjeu, aura grandement contribu\u00e9 \u00e0 cet accord. Aura jou\u00e9 \u00e9galement un r\u00f4le crucial, l\u2019\u00e9laboration, apr\u00e8s la r\u00e9union du 2 juillet, du dossier de demande d\u2019agr\u00e9ment qui sera transmis \u00e0 la vitesse de l\u2019\u00e9clair aux responsables de la r\u00e9serve naturelle.<br \/>\nA cause de la fragilit\u00e9 des \u00e9cosyst\u00e8mes parcourus, les nouvelles chevilles ouvri\u00e8res de la Mont\u00e9e du Cr\u00eat d\u2019Eau avaliseront sans barguigner les concessions exig\u00e9es par leurs interlocuteurs. La limite maximale de la participation a ainsi \u00e9t\u00e9 fix\u00e9e \u00e0 250 personnes (2). Du coup, pour s\u2019autoriser le maximum de comp\u00e9titeurs, les ma\u00eetres d\u2019oeuvre renoncent \u00e0 l\u2019organisation d\u2019une marche, et ce contrairement aux pr\u00e9c\u00e9dents mill\u00e9simes. D\u2019autre part, la course suivra dans son int\u00e9gralit\u00e9 le sentier de randonn\u00e9e qui sera rigoureusement balis\u00e9 (3), avec des b\u00e9n\u00e9voles aux intersections n\u00e9vralgiques. En cons\u00e9quence, l\u2019\u00e9prouvant passage par le cr\u00eat du Milieu (1597m), desservi seulement par une sente, est supprim\u00e9, ce qui r\u00e9duira le diff\u00e9rentiel ascendant \u00e0 1300m, et descendant \u00e0 575m.<br \/>\nInversement, la route foresti\u00e8re du Sorgia qui acc\u00e8de au parking de la Charmante, \u00e0 proximit\u00e9 des ruines de Sorgia d\u2019en Haut (km8), traditionnellement ferm\u00e9e \u00e0 cette \u00e9poque car traversant un site de reproduction animale (4), sera ouverte \u00e0 titre exceptionnel au v\u00e9hicule de secours, pr\u00e9vu par l\u2019organisation.<br \/>\nPreuve de l\u2019excellent climat r\u00e9gnant entre les deux parties, Yoann Rosset, \u00e0 la demande des dirigeants du CABB, prendra la parole juste avant le d\u00e9part de la comp\u00e9tition \u00e0 Bellegarde pour sensibiliser les athl\u00e8tes \u00e0 ne pas enfreindre la r\u00e9glementation de la r\u00e9serve naturelle.<\/p>\n<p><strong>Moment propice<\/strong><br \/>\nEn tout cas, l\u2019\u00e9ch\u00e9ance du 17 mai alors qu\u2019elle figurait auparavant sur le calendrier \u00e0 la mi-juin para\u00eet id\u00e9alement plac\u00e9e. Elle permettra en effet \u00e0 tous les passionn\u00e9s de course de montagne de pr\u00e9parer s\u00e9rieusement les manifestations de prestige que sont, les Championnats de France au mont Revard (7 juin 2015) puis la Mont\u00e9e du Grand Ballon comptant pour la Coupe du Monde (14 juin 2015).<br \/>\nPar ailleurs, l\u2019\u00e9preuve bellegardienne devrait drainer les adeptes de deux challenges de course en montagne tr\u00e8s populaires de course qu\u2019elle int\u00e9grera : celui de l\u2019Ain (5), fond\u00e9 en 2000 par Pierre-Louis Zajac\u00a0; celui de la Haute-Savoie, d\u00e9nomm\u00e9\u00a0\u00ab Running Conseil\u00a0\u00bb, anciennement Oxyg\u00e8ne (6), n\u00e9 en 1981 sous l\u2019impulsion de\u00a0<strong>G\u00e9rard Costa<\/strong>. Cerise sur le g\u00e2teau, elle aura la chance, sur le Challenge Running Conseil, d\u2019\u00eatre l\u2019une des cinq \u00e9tapes \u00ab\u00a0Everest\u00a0\u00bb, ce qui rapportera le double de points aux concurrents, et par ricochet attirera encore un peu plus de monde.<br \/>\nParall\u00e8lement, soulignons la magnanimit\u00e9 de<strong>\u00a0Jean-Claude Leriget<\/strong>, leader historique de la Mont\u00e9e P\u00e9destre de Parves, et de<strong>\u00a0Laurent Bijot<\/strong>, nouvel homme fort de cette course de montagne de 10,7km assorti de 451m de d\u00e9nivel\u00e9 positif. Sans la moindre h\u00e9sitation, ce tandem de choc aura en effet recul\u00e9 d\u2019une semaine leur rendez-vous, en l\u2019occurrence au dimanche 24 mai 2015, et ce afin qu\u2019il ne se t\u00e9lescope pas avec la Mont\u00e9e du Cr\u00eat d\u2019Eau. En retour, le CABB s\u2019engage, sur son site Web, \u00e0 se faire l\u2019\u00e9cho de cette comp\u00e9tition. De m\u00eame, il incitera ses pensionnaires \u00e0 s\u2019y rendre.\u00a0In fine, l\u2019\u00e9preuve bellegardienne sera l\u2019unique course de montagne, ce dimanche 17 mai 2015, \u00e0 se disputer dans l\u2019Ain et les deux Savoie.<br \/>\nAlors qu\u2019elle paraissait irr\u00e9m\u00e9diablement condamn\u00e9e, la Mont\u00e9e du Cr\u00eat d\u2019Eau pourrait bien t\u00e9moigner, le 17 mai prochain, d\u2019une \u00e9tonnante\u00a0symbiose entre les activit\u00e9s sportives outdoor et la protection du milieu naturel. A condition toutefois que les comp\u00e9titeurs respectent scrupuleusement Dame Nature et ses r\u00e8gles. Ils auront alors toutes les chances de ne pas y \u00eatre ostracis\u00e9s, et par cons\u00e9quent, de pouvoir continuer \u00e0 y assouvir leur flamme.<\/p>\n<p><strong>F.V. pour le compte du site Web du Club Athl\u00e9tique du Bassin Bellegardien, en date du vendredi 26 d\u00e9cembre 2014 :<br \/>\n<\/strong><a href=\"http:\/\/www.cabb01.club\/actualites\/la-resurrection-de-la-montee-du-cret-deau-17-05-15\/\">http:\/\/www.cabb01.club\/actualites\/la-resurrection-de-la-montee-du-cret-deau-17-05-15\/<\/a><\/p>\n<p>(1) Depuis le 1er mai 2003, la communaut\u00e9 de communes du Pays de Gex applique la gestion de la r\u00e9serve naturelle nationale de la Haute Cha\u00eene du Jura, concoct\u00e9e par les deux structures suivantes\u00a0:<br \/>\n\u2013 Le comit\u00e9 consultatif, pr\u00e9sid\u00e9 par le pr\u00e9fet de l\u2019Ain, qui autorise ou non les demandes de travaux importants.<br \/>\n\u2013 Le comit\u00e9 de suivi des travaux, pr\u00e9sid\u00e9 par le sous-pr\u00e9fet de Gex, qui autorise ou non les demandes de travaux mineurs et les manifestations, entre autres sportives.<br \/>\nCes deux structures regroupent toutes les parties prenantes de la r\u00e9serve naturelle. Le comit\u00e9 de suivi des travaux incorpore ainsi :<br \/>\n\u2013 Trois repr\u00e9sentants des administrations.<br \/>\n\u2013 Deux \u00e9lus.<br \/>\n\u2013 Deux repr\u00e9sentants des propri\u00e9taires.<br \/>\n\u2013 Trois repr\u00e9sentants des usagers.<br \/>\n\u2013 Un repr\u00e9sentant d\u2019une association de protection de la nature.<br \/>\n\u2013 Un repr\u00e9sentant du milieu scientifique.<br \/>\n(2) En dehors des Championnats de France de Courses en Montagne de 2002 o\u00f9 on d\u00e9nombra pas moins de 663 inscrits, le nombre d\u2019engag\u00e9s a toujours oscill\u00e9 entre 104 (en 2009) et 150 (en 2005). Le quota autoris\u00e9 de coureurs pour le mill\u00e9sime 2015, port\u00e9 donc \u00e0 250, n\u2019appara\u00eet donc pas trop pr\u00e9judiciable.<br \/>\n(3) Le jour J, la signal\u00e9tique appara\u00eetra sous forme de rubalises, \u00f4t\u00e9es juste apr\u00e8s le passage de l\u2019ultime coureur par le serre-file.<br \/>\n(4)\u00a0Selon la r\u00e9glementation de la r\u00e9serve naturelle nationale de la Haute Cha\u00eene du Jura, la route foresti\u00e8re du Sorgia n\u2019est ouverte \u00e0 la circulation que du 1er juin aux premi\u00e8res neiges, ou au plus tard le 15 d\u00e9cembre, \u00e0 partir de la patte d\u2019oie avec la route foresti\u00e8re du Col du Sac.<br \/>\n(5) La Mont\u00e9e du Cr\u00eat d\u2019Eau servira de support \u00e0 la 7\u00e8me \u00e9tape du Challenge de l\u2019Ain de Course en Montagne qui renfermera 22 manches.<br \/>\nToutes les infos sur ce challenge figurent sur le site Web Courses.free.fr :<br \/>\n<a href=\"http:\/\/courses.free.fr\/challenge\/challenge.php\">http:\/\/courses.free.fr\/challenge\/challenge.php<\/a><br \/>\n(6) La Mont\u00e9e du Cr\u00eat d\u2019Eau se disputera dans le cadre de la 3\u00e8me \u00e9tape du Challenge Running Conseil des Courses de Montagne qui englobera 24 manches.<br \/>\nToutes les infos sur ce challenge figurent sur le site Web Courzyvite :<br \/>\n<a href=\"http:\/\/www.courzyvite.fr\/Challenge-Oxy.php\">http:\/\/www.courzyvite.fr\/Challenge-Oxy.php<br \/>\n<\/a><span style=\"color: #ffffff;\">.<\/span><br \/>\n<span style=\"color: #ffffff;\">.<\/span><strong><br \/>\nPALMARES DEPUIS 1999 :<\/strong><\/p>\n<p><strong>27 juin 1999<\/strong>\u00a0(12,2km pour 1360md+\u00a0; 106 inscrits, 100 class\u00e9s dont 8 femmes) :<br \/>\n\u2013 1er (1er senior) :<strong>\u00a0J\u00e9r\u00f4me\u00a0Bosch<\/strong>\u00a0(Chamonix Mont-Blanc Marathon) en 1h15\u201939.<br \/>\n\u2013 1\u00e8re (1\u00e8re V1, 18\u00e8me au scratch) :<strong>\u00a0Brigitte Eustache<\/strong>\u00a0(Chamonix Mont-Blanc Marathon) en 1h31\u201927.<br \/>\n\u2013 R\u00e9sultats complets sur le site Web Courses.free.fr :<br \/>\n<a href=\"http:\/\/courses.free.fr\/div\/resu.php?id=1&amp;annee=1999&amp;n=0\">http:\/\/courses.free.fr\/div\/resu.php?id=1&amp;annee=1999&amp;n=0<\/a><\/p>\n<p><strong>25 juin 2000<\/strong>\u00a0(18,4km pour 1400md+\u00a0; 110 inscrits, 101 class\u00e9s dont 13 femmes) :<br \/>\n\u2013 1er (1er senior) :<strong>\u00a0J\u00e9r\u00f4me Bosch<\/strong>\u00a0(Chamonix Mont-Blanc Marathon) en 1h39\u201944.<br \/>\n\u2013 1\u00e8re (1\u00e8re V1, 31\u00e8me au scratch) :<strong>\u00a0Guiseppina Cecco<\/strong>\u00a0(Italie, Fiat Sud Formia) en 2h11\u201916.<br \/>\n\u2013 R\u00e9sultats complets sur le site Web Courses.free.fr :<br \/>\n<a href=\"http:\/\/courses.free.fr\/div\/resu.php?id=1&amp;annee=2000&amp;n=0\">http:\/\/courses.free.fr\/div\/resu.php?id=1&amp;annee=2000&amp;n=0<\/a><\/p>\n<p><strong>22 juin 2001<\/strong>\u00a0(15,3km pour 1400md+\u00a0; 135 inscrits, 127 class\u00e9s dont 17 femmes) :<br \/>\n\u2013 1er (1er senior) :<strong>\u00a0Thierry Icart<\/strong>\u00a0(Cross Sport Serre Chevalier) en 1h20\u201951.<br \/>\n\u2013 1\u00e8re (1\u00e8re V1, 14\u00e8me au scratch) :<strong>\u00a0Chantal Baillon<\/strong>\u00a0(Athl\u00e9tic Club Bourg Pierrelatte) en 1h38\u201951.<br \/>\n\u2013 R\u00e9sultats complets sur le site Web Courses.free.fr :<br \/>\n<a href=\"http:\/\/courses.free.fr\/div\/resu.php?id=1&amp;annee=2001&amp;n=0\">http:\/\/courses.free.fr\/div\/resu.php?id=1&amp;annee=2001&amp;n=0<\/a><\/p>\n<p><strong>2 juin 2002, Championnats de France de Course en Montagne Espoirs, Seniors et V\u00e9t\u00e9rans Hommes<\/strong>\u00a0(14km pour 1360md+ et 620md- ;\u00a0<strong>499 inscrits, 435 class\u00e9s, record de participation depuis 1999<\/strong>) :<br \/>\n\u2013 1er (1er senior) :<strong>\u00a0Raymond Fontaine<\/strong>\u00a0(Comit\u00e9 OmniSports Petite Ile Athl\u00e9tisme) en 1h08\u201919. A cette occasion, il glane son\u00a02\u00e8me titre de champion de France de course en montagne apr\u00e8s celui de 2001.<br \/>\n\u2013 R\u00e9sultats complets sur le site Web Courses.free.fr :<br \/>\n<a href=\"http:\/\/courses.free.fr\/div\/resu.php?id=1&amp;annee=2002&amp;n=2\">http:\/\/courses.free.fr\/div\/resu.php?id=1&amp;annee=2002&amp;n=2<\/a><\/p>\n<p><strong>2 juin 2002,<\/strong>\u00a0<strong>Championnats de France de Course en Montagne Juniors Hommes, Espoirs, Seniors et V\u00e9t\u00e9rans Femmes<\/strong>\u00a0(10km pour 920md+ ; 142 inscrits, 125 class\u00e9s dont 99 femmes) :<br \/>\n\u2013 1er (1er junior) :<strong>\u00a0Alexis Traub<\/strong>\u00a0(Entente Athl\u00e9tique de Chamb\u00e9ry) en 57\u201948.<br \/>\n\u2013 1\u00e8re (1\u00e8re senior, 5\u00e8me au scratch) :<strong>\u00a0Corinne Raux<\/strong>\u00a0(Olympique de Marseille Athl\u00e9tisme) en 1h02\u201920.<br \/>\n\u2013 R\u00e9sultats complets sur le site Web Courses.free.fr :<br \/>\n<a href=\"http:\/\/courses.free.fr\/div\/resu.php?id=1&amp;annee=2002&amp;n=1\">http:\/\/courses.free.fr\/div\/resu.php?id=1&amp;annee=2002&amp;n=1<\/a><\/p>\n<p><strong>2 juin 2002,<\/strong>\u00a0<strong>Championnats de France de Course en Montagne Cadets, Cadettes et Juniors Femmes<\/strong>\u00a0(5,4km pour 300md+ ; 22 inscrits, 22 class\u00e9s dont 9 femmes) :<br \/>\n\u2013 1er (1er cadet) :<strong>\u00a0Johan Genty<\/strong>\u00a0(Association Sportive L\u00e9voise Athl\u00e9tisme) en 28\u201903.<br \/>\n\u2013 1\u00e8re (1\u00e8re junior, 11\u00e8me au scratch) :<strong>\u00a0Claire Strickland<\/strong>\u00a0(Entente Athl\u00e9tique Moulins-Yzeure-Avernes) en 34\u201911.<br \/>\n\u2013 1\u00e8re (1\u00e8re cadette, 16\u00e8me au scratch) :\u00a0<strong>Myl\u00e8ne Martin<\/strong>\u00a0(Montrottier) en 36\u201953.<br \/>\n\u2013 R\u00e9sultats complets sur le site Web Courses.free.fr :<br \/>\n<a href=\"http:\/\/courses.free.fr\/div\/resu.php?id=1&amp;annee=2002&amp;n=0\">http:\/\/courses.free.fr\/div\/resu.php?id=1&amp;annee=2002&amp;n=0<\/a><\/p>\n<p><strong>22 juin 2003<\/strong>\u00a0(14km pour 1360md+\u00a0et 620md- ; 128 inscrits, 110 class\u00e9s dont 6 femmes) :<br \/>\n\u2013 1er (1er senior) :<strong>\u00a0Vincent Vassard<\/strong>\u00a0(Athl\u00e9 21) en 1h26\u201914.<br \/>\n\u2013 1\u00e8re (1\u00e8re V1, 43\u00e8me au scratch) :<strong>\u00a0Dominique Kill<\/strong>\u00a0(La Balme-de-Sillingy) en 1h50\u201910.<br \/>\n\u2013 R\u00e9sultats complets sur le site Web Courses.free.fr :<br \/>\n<a href=\"http:\/\/courses.free.fr\/div\/resu.php?id=1&amp;annee=2003&amp;n=0\">http:\/\/courses.free.fr\/div\/resu.php?id=1&amp;annee=2003&amp;n=0<\/a><\/p>\n<p><strong>20 juin 2004<\/strong>\u00a0(14km pour 1360md+ et 620md- ; 120 inscrits, 113 class\u00e9s dont 14 femmes) :<br \/>\n\u2013 1er (1er senior) :<strong>\u00a0Mathieu Gachet\u00a0<\/strong>(Club des Sports de Meg\u00e8ve) en 1h23\u201950.<br \/>\n\u2013 1\u00e8re (1\u00e8re V1, 58\u00e8me au scratch) :<strong>\u00a0Myl\u00e8ne Raffin<\/strong>\u00a0(Club Alpin Fran\u00e7ais du Haut-Jura) en 1h53\u201934.<br \/>\n\u2013 R\u00e9sultats complets sur le site Web Courses.free.fr :<br \/>\n<a href=\"http:\/\/courses.free.fr\/div\/resu.php?id=1&amp;annee=2004&amp;n=0\">http:\/\/courses.free.fr\/div\/resu.php?id=1&amp;annee=2004&amp;n=0<\/a><\/p>\n<p><strong>12 juin 2005\u00a0<\/strong>(14km pour 1360md+ et 620md- ; 150 inscrits, 133 class\u00e9s dont 8 femmes) :<br \/>\n\u2013 1er (1er senior) :<strong>\u00a0Alain Bohard<\/strong>\u00a0(Pr\u00e9manon) en 1h24\u201900.<br \/>\n\u2013 1\u00e8re (1\u00e8re V1, 53\u00e8me au scratch) :<strong>\u00a0Maryse Jaunin<\/strong>\u00a0(Viry) en 1h51\u201924.<br \/>\n\u2013 R\u00e9sultats complets sur le site Web Courses.free.fr :<br \/>\n<a href=\"http:\/\/courses.free.fr\/div\/resu.php?id=1&amp;annee=2005&amp;n=0\">http:\/\/courses.free.fr\/div\/resu.php?id=1&amp;annee=2005&amp;n=0<\/a><\/p>\n<p><strong>18 juin 2006<\/strong>\u00a0(14km pour 1360md+ et 620md- ; 147 inscrits, 134 class\u00e9s dont 16 femmes) :<br \/>\n\u2013 1er (1er senior) :<strong>\u00a0Daniel Vanel<\/strong>\u00a0(Faucigny Athl\u00e9tic Club) en 1h25\u201921.<br \/>\n\u2013 1\u00e8re (1\u00e8re V1, 17\u00e8me au scratch) :<strong>\u00a0Maryse Jaunin<\/strong> (Athl\u00e9 Saint-Julien 74) en <strong>1h36\u201949,\u00a0<\/strong><strong>record<\/strong> <strong>f\u00e9minin<\/strong> <strong>du parcours emprunt\u00e9 entre 2004 et 2010 (except\u00e9 en 2009)<\/strong>.<br \/>\n\u2013 R\u00e9sultats complets sur le site Web Courses.free.fr :<br \/>\n<a href=\"http:\/\/courses.free.fr\/div\/resu.php?id=1&amp;annee=2006&amp;n=0\">http:\/\/courses.free.fr\/div\/resu.php?id=1&amp;annee=2006&amp;n=0<\/a><\/p>\n<p><strong>17 juin 2007<\/strong>\u00a0(14km pour 1360md+ et 620md- ; 137 inscrits, 128 class\u00e9s dont 11 femmes) :<br \/>\n\u2013 1er (1er senior) :<strong>\u00a0Alain Gillet<\/strong>\u00a0(Evian Off Course) en\u00a0<strong>1h23\u201920, record<\/strong> <strong>scratch<\/strong> <strong>du parcours emprunt\u00e9 entre 2004 et 2010 (except\u00e9 en 2009)<\/strong>.<br \/>\n\u2013 1\u00e8re (1\u00e8re cadette, 73\u00e8me au scratch) :<strong>\u00a0Ma\u00eblle Mugnier<\/strong>\u00a0(Athl\u00e9tique Sport Aixois) en 2h00\u201928.<br \/>\n\u2013 R\u00e9sultats complets sur le site Web Courses.free.fr :<br \/>\n<a href=\"http:\/\/courses.free.fr\/div\/resu.php?id=1&amp;annee=2007&amp;n=0\">http:\/\/courses.free.fr\/div\/resu.php?id=1&amp;annee=2007&amp;n=0<\/a><\/p>\n<p><strong>15 juin 2008<\/strong>\u00a0(14km pour 1360md+ et 620md- ; 129 inscrits, 119 class\u00e9s dont 16 femmes) :<br \/>\n\u2013 1er (1er senior) :<strong>\u00a0S\u00e9bastien Gauthier<\/strong>\u00a0(Amb\u00e9rieu Marathon) en 1h29\u201922.<br \/>\n\u2013 1\u00e8re (1\u00e8re senior, 38\u00e8me au scratch) :<strong>\u00a0Anne Ruelen<\/strong>\u00a0(Amb\u00e9rieu Marathon) en 1h53\u201949.<br \/>\n\u2013 R\u00e9sultats complets sur le site Web Courses.free.fr :<br \/>\n<a href=\"http:\/\/courses.free.fr\/div\/resu.php?id=1&amp;annee=2008&amp;n=0\">http:\/\/courses.free.fr\/div\/resu.php?id=1&amp;annee=2008&amp;n=0<\/a><\/p>\n<p><strong>21 juin 2009<\/strong>\u00a0(16,8km pour 1300md+ et 460md-, parcours de repli ; 104 inscrits, 100 class\u00e9s dont 16 femmes) :<br \/>\n\u2013 1er (1er senior) :<strong>\u00a0S\u00e9bastien Gauthier\u00a0<\/strong>(Amb\u00e9rieu Marathon) en 1h35\u201906.<br \/>\n\u2013 1\u00e8re (1\u00e8re V1, 50\u00e8me au scratch) :<strong>\u00a0Pascale\u00a0Marie<\/strong>\u00a0(Ain-Est Athl\u00e9tisme) en 2h03\u201922.<br \/>\n\u2013 R\u00e9sultats complets sur le site Web Courses.free.fr :<br \/>\n<a href=\"http:\/\/courses.free.fr\/div\/resu.php?id=1&amp;annee=2009&amp;n=0\">http:\/\/courses.free.fr\/div\/resu.php?id=1&amp;annee=2009&amp;n=0<\/a><\/p>\n<p><strong>20 juin 2010<\/strong>\u00a0(14km pour 1360md+ et 620md- ; 108 inscrits, 100 class\u00e9s dont 17 femmes) :<br \/>\n\u2013 1er (1er V1) :<strong>\u00a0J\u00e9r\u00f4me Bosch<\/strong>\u00a0(Team Technicien du Sport Seynod et Corsica Sport Mezzavia) en 1h24\u201902.<br \/>\n\u2013 1\u00e8re (1\u00e8re V1, 25\u00e8me au scratch) :<strong>\u00a0Michelle Leservoisier<\/strong>\u00a0(Team Technicien du Sport Seynod et Jogg\u2019Attitude) en 1h48\u201942.<br \/>\n\u2013 R\u00e9sultats complets\u00a0sur le site Web Courses.free.fr :<br \/>\n<a href=\"http:\/\/courses.free.fr\/div\/resu.php?id=1&amp;annee=2010&amp;n=0\">http:\/\/courses.free.fr\/div\/resu.php?id=1&amp;annee=2010&amp;n=0<\/a><\/p>\n<p><strong>19 juin 2011 :<br \/>\n<\/strong>Edition interdite le 17 juin par la pr\u00e9fecture de l\u2019Ain sur le parcours de repli, l\u2019organisation Bellegarde Vals\u2019Running se voyant reprocher un double manquement :<br \/>\n\u2013 La transmission de la demande d\u2019autorisation par l\u2019organisation quatre jours avant le jour J alors que le d\u00e9lai est r\u00e9glementairement de six semaines.<br \/>\n\u2013 L\u2019absence pr\u00e9visionnelle de secours afin d\u2019assurer la s\u00e9curit\u00e9 de l\u2019\u00e9v\u00e9nement.<br \/>\nLe 10 juin, le comit\u00e9 de suivi des travaux et des manifestations de la r\u00e9serve naturelle nationale de la Haute Cha\u00eene du Jura avait proscrit le parcours traditionnel, en l\u2019occurrence celui qui emprunte l\u2019espace naturel prot\u00e9g\u00e9, et ce pour une double raison :<br \/>\n\u2013 Le non-respect par l\u2019organisation du d\u00e9lai de la demande d\u2019autorisation \u00e0 traverser l\u2019espace prot\u00e9g\u00e9.<br \/>\n\u2013 L\u2019absence de mesures efficaces prises par l\u2019organisation afin de suivre \u00e0 la lettre la r\u00e9glementation de cet espace prot\u00e9g\u00e9.<\/p>\n<p><strong>17 juin 2012 :<br \/>\n<\/strong>Edition annul\u00e9e, l\u2019organisation Bellegarde Vals\u2019Running\u00a0craignant une nouvelle interdiction de la part du comit\u00e9 de suivi des travaux et des manifestations de la r\u00e9serve naturelle nationale de la Haute Cha\u00eene du Jura, qui aurait mis \u00e0 mal ses finances comme en 2011. Une crainte non-fond\u00e9e, le directeur conservateur de la r\u00e9serve naturelle s\u2019appr\u00eatant \u00e0 donner son accord tout en mettant en garde l\u2019organisation d\u2019une interdiction en 2013 si la r\u00e9glementation de l\u2019espace prot\u00e9g\u00e9 est une nouvelle fois malmen\u00e9e.<\/p>\n<p><strong>16 juin 2013 :<\/strong><br \/>\nEdition annul\u00e9e par l\u2019organisation\u00a0Bellegarde Vals\u2019Running.<\/p>\n<p><strong>Juin 2014 :<\/strong><br \/>\nEdition annul\u00e9e par l\u2019organisation\u00a0Bellegarde Vals\u2019Running.<\/p>\n<p><strong>Evolution du parcours :<br \/>\n<\/strong>\u2013 2002-2003 : parcours identique.<br \/>\n\u2013 2004-2005-2006-2007-2008-2010 : parcours identique.<br \/>\nUne modification par rapport \u00e0 2002-2003 : le chemin des Avours est rallong\u00e9 de 800m \u00e0 cause de l\u2019extension de la carri\u00e8re bellegardienne Famy, sur les hauteurs du hameau de Ballon (commune de Lancrans), qu\u2019il a fallu contourner.<br \/>\n\u2013 2009 : parcours de repli, le sous-pr\u00e9fet de Gex, apr\u00e8s avis des autorit\u00e9s de la r\u00e9serve naturelle nationale de la Haute Cha\u00eene du Jura, ayant interdit le parcours habituel.<br \/>\n<span style=\"color: #ffffff;\">.<\/span><br \/>\n<span style=\"color: #ffffff;\">.<\/span><strong><br \/>\nLA MONTEE DU CRET D\u2019EAU SUR LE SITE WEB TPS INFOS :<\/strong><\/p>\n<p><strong>\u2013 Pr\u00e9sentation et annulation de l\u2019\u00e9dition du 19 juin 2011 :<\/strong><br \/>\n<a href=\"http:\/\/www.trail-running-savoie.fr\/presentation-de-la-montee-du-cret-deau-19-06-11-10\/\">http:\/\/www.trail-running-savoie.fr\/presentation-de-la-montee-du-cret-deau-19-06-11-10\/<\/a><\/p>\n<p><strong>\u2013 Annulation de l\u2019\u00e9dition du 17 juin 2012\u00a0:<\/strong><br \/>\n<a href=\"http:\/\/www.trail-running-savoie.fr\/annulation-de-la-montee-du-cret-deau-17-06-12\/\">http:\/\/www.trail-running-savoie.fr\/annulation-de-la-montee-du-cret-deau-17-06-12\/<\/a><\/p>\n<p><strong>\u2013 Annulation de l\u2019\u00e9dition du 16 juin 2013\u00a0:<\/strong><br \/>\n<a href=\"http:\/\/www.trail-running-savoie.fr\/nouvelle-annulation-de-la-montee-du-cret-deau-16-06-13\/\">http:\/\/www.trail-running-savoie.fr\/nouvelle-annulation-de-la-montee-du-cret-deau-16-06-13\/<\/a><br \/>\n<span style=\"color: #ffffff;\">.<\/span><br \/>\n<span style=\"color: #ffffff;\">.<\/span><strong style=\"font-size: 0.95em;\"><br \/>\n<\/strong><strong>PHOTOS :<\/strong><\/p>\n<p><a href=\"https:\/\/i0.wp.com\/www.trail-running-savoie.fr\/wp-content\/uploads\/2014\/12\/img_2014.jpg\" data-rel=\"lightbox-1\"><img data-recalc-dims=\"1\" loading=\"lazy\" decoding=\"async\" class=\" size-full wp-image-30982 aligncenter\" src=\"https:\/\/i0.wp.com\/www.trail-running-savoie.fr\/wp-content\/uploads\/2014\/12\/img_2014.jpg?resize=800%2C600\" alt=\"img_2014\" width=\"800\" height=\"600\" \/><\/a>12\u00e8me \u00e9dition de la Mont\u00e9e du Cr\u00eat d\u2019Eau, 20 juin 2010.<br \/>\nDans la travers\u00e9e du hameau de Ballon (commune de Lancrans), au km2 et apr\u00e8s 200m de d\u00e9nivel\u00e9 positive aval\u00e9s, le futur podium est d\u00e9j\u00e0 en place, avec dans l\u2019ordre :\u00a0<strong>J\u00e9r\u00f4me Bosch<\/strong>\u00a0(Team Technicien du Sport Seynod et\u00a0Corsica Sport Mezzavia),\u00a0<strong>Fr\u00e9dy Schmid<\/strong>\u00a0(TV Langgasse Bern) et\u00a0<strong>Daniel Vanel<\/strong>\u00a0(Faucigny Athl\u00e9tic Club).<br \/>\nClich\u00e9 de\u00a0<strong>F.V.<\/strong><br \/>\n<a href=\"https:\/\/i0.wp.com\/www.trail-running-savoie.fr\/wp-content\/uploads\/2014\/12\/dscn8912.jpg\" data-rel=\"lightbox-2\"><img data-recalc-dims=\"1\" loading=\"lazy\" decoding=\"async\" class=\" size-full wp-image-30984 aligncenter\" src=\"https:\/\/i0.wp.com\/www.trail-running-savoie.fr\/wp-content\/uploads\/2014\/12\/dscn8912.jpg?resize=640%2C853\" alt=\"dscn8912\" width=\"640\" height=\"853\" \/><\/a>12\u00e8me \u00e9dition de la Mont\u00e9e du Cr\u00eat d\u2019Eau, 20 juin 2010.<br \/>\nVainqueur en 1999 et 2000 avant de finir 5\u00e8me en 2006, le ma\u00e7on de Viuz-la-Chi\u00e9saz\u00a0<strong>J\u00e9r\u00f4me Bosch<\/strong>\u00a0l\u2019emportera de nouveau, qui plus est facilement. A l\u2019issue d\u2019une cavalcade d\u20191h24\u201902, il rel\u00e9guera en effet \u00e0 6\u201923 son dauphin en la personne de son ami bernois\u00a0<strong>Fr\u00e9dy Schmid<\/strong>.<br \/>\nFaisant cavalier seul, il vient ici de passer Sorgia d\u2019en Haut (km8) o\u00f9 il disposait d\u2019une avance de plus de 4\u2019 sur le Suisse. 1100m de d\u00e9nivel\u00e9 le s\u00e9parent alors des m\u00e9andres du Rh\u00f4ne qui apparaissent en contrebas \u00e0 droite.<br \/>\nD\u00e9sormais, l\u2019\u00e9preuve n\u2019empruntera plus cet itin\u00e9raire hors trace mais le sentier de randonn\u00e9e, situ\u00e9 un peu plus \u00e0 gauche de l\u2019image.<br \/>\nClich\u00e9 de\u00a0<strong>Pierre-Louis Zajac<\/strong>.<br \/>\n<a href=\"https:\/\/i0.wp.com\/www.trail-running-savoie.fr\/wp-content\/uploads\/2014\/12\/dscn8913.jpg\" data-rel=\"lightbox-3\"><img data-recalc-dims=\"1\" loading=\"lazy\" decoding=\"async\" class=\" size-full wp-image-30985 aligncenter\" src=\"https:\/\/i0.wp.com\/www.trail-running-savoie.fr\/wp-content\/uploads\/2014\/12\/dscn8913.jpg?resize=640%2C853\" alt=\"dscn8913\" width=\"640\" height=\"853\" \/><\/a>12\u00e8me \u00e9dition de la Mont\u00e9e du Cr\u00eat d\u2019Eau, 20 juin 2010.<br \/>\nSans surprise, la course f\u00e9minine reviendra en 1h48\u201942 \u00e0 l\u2019illustre Saint-Juliennoise\u00a0<strong>Michelle Leservoisier<\/strong>\u00a0(Team Technicien du Sport Seynod et Jogg\u2019Attitude) qui avait d\u00e9j\u00e0 \u00e9t\u00e9 pr\u00e9sente en 2002 lors des Championnats de France (9\u00e8me) puis en 2006 (2\u00e8me). 25\u00e8me au scratch, elle \u00e9crasera la concurrence, devan\u00e7ant de 10\u201953 l\u2019ex-biathl\u00e8te internationale\u00a0<strong>Delphyne Burlet<\/strong>\u00a0(Club Sportif Valromey-Retord) qui s\u2019appropriera la seconde place.<br \/>\nClich\u00e9 de\u00a0<strong>Pierre-Louis Zajac<\/strong>.<br \/>\n<a href=\"https:\/\/i0.wp.com\/www.trail-running-savoie.fr\/wp-content\/uploads\/2014\/12\/0210.jpg\" data-rel=\"lightbox-4\"><img data-recalc-dims=\"1\" loading=\"lazy\" decoding=\"async\" class=\" size-full wp-image-30983 aligncenter\" src=\"https:\/\/i0.wp.com\/www.trail-running-savoie.fr\/wp-content\/uploads\/2014\/12\/0210.jpg?resize=450%2C338\" alt=\"0210\" width=\"450\" height=\"338\" \/><\/a>Point culminant de la Mont\u00e9e du Cr\u00eat d\u2019Eau \u00e0 1621m, voici le cr\u00eat de la Goutte.<br \/>\nCo\u00efncidant avec la fin de l\u2019ascension entam\u00e9e \u00e0 Bellegarde et le d\u00e9but de la d\u00e9gringolade finale sur la station de Menthi\u00e8res, le sommet est atteint peu apr\u00e8s le km10 alors qu\u2019il reste encore quatre bornes \u00e0 parcourir.<br \/>\nOn distingue ici son rude versant m\u00e9ridional que les concurrents doivent grimper en son milieu.<br \/>\nClich\u00e9 de\u00a0<strong>Pierre-Louis Zajac<\/strong>.<\/p>\n<p><a href=\"https:\/\/i0.wp.com\/www.trail-running-savoie.fr\/wp-content\/uploads\/2014\/12\/table-d-orientation-du-grd-cret-d-eau.jpg\" data-rel=\"lightbox-5\"><img data-recalc-dims=\"1\" loading=\"lazy\" decoding=\"async\" class=\" size-full wp-image-30987 aligncenter\" src=\"https:\/\/i0.wp.com\/www.trail-running-savoie.fr\/wp-content\/uploads\/2014\/12\/table-d-orientation-du-grd-cret-d-eau.jpg?resize=860%2C645\" alt=\"OLYMPUS DIGITAL CAMERA\" width=\"860\" height=\"645\" \/><\/a>Surmont\u00e9 d\u2019une croix et d\u2019une table d\u2019orientation, le cr\u00eat de la Goutte, ici lors du lever du soleil, est le clou de cette \u00e9preuve. Il offre en effet un somptueux panorama \u00e0 360\u00b0, entre autres sur le bassin l\u00e9manique, en contrebas \u00e0 gauche, domin\u00e9 par le Sal\u00e8ve, et en toile de fond la cha\u00eene alpine, avec sur la gauche le massif du Mont-Blanc.<br \/>\nClich\u00e9 de\u00a0<strong>Bast<\/strong>\u00a0(site Web Cycols).<\/p>\n","protected":false},"excerpt":{"rendered":"<p>UN BEAU CADEAU DE NOEL POUR LES COUREURS DE MONTAGNE ! La c\u00e9l\u00e8bre Mont\u00e9e du Cr\u00eat d\u2019Eau refait encore parler d\u2019elle mais les multiples d\u00e9m\u00eal\u00e9s administratifs qu\u2019elle a connus jadis aboutissent cette fois-ci \u00e0 un happy end, ce qui r\u00e9jouira ses plus fervents supporteurs. Surgie d\u00e8s 1999 sous l\u2019impulsion de l\u2019association Bellegarde Vals\u2019Running, anim\u00e9e par ce pionnier qu\u2019est\u00a0Pierre-Louis Zajac, cette \u00e9preuve est une authentique course de montagne de par ses [&#8230;]<\/p>\n","protected":false},"author":2,"featured_media":8931,"comment_status":"closed","ping_status":"closed","sticky":false,"template":"","format":"standard","meta":{"advanced_seo_description":"","jetpack_seo_html_title":"","jetpack_seo_noindex":false,"_jetpack_memberships_contains_paid_content":false,"footnotes":"","jetpack_publicize_message":"APRES QUATRE ANNEES DE DISETTE, LA RESURRECTION DE LA MONTEE DU CRET D\u2019EAU \/ 17-05-15","jetpack_publicize_feature_enabled":true,"jetpack_social_post_already_shared":true,"jetpack_social_options":{"image_generator_settings":{"template":"highway","default_image_id":0,"font":"","enabled":false},"version":2}},"categories":[14,13],"tags":[11],"class_list":["post-8930","post","type-post","status-publish","format-standard","has-post-thumbnail","hentry","category-ain","category-presentations-des-courses","tag-news"],"views":1817,"jetpack_publicize_connections":[],"jetpack_featured_media_url":"https:\/\/i0.wp.com\/www.courzyvite.run\/blog\/wp-content\/uploads\/2017\/07\/20151114220648_03_h480.jpg?fit=639%2C480&ssl=1","jetpack_shortlink":"https:\/\/wp.me\/p7PZ3h-2k2","jetpack_sharing_enabled":true,"_links":{"self":[{"href":"https:\/\/www.courzyvite.run\/blog\/wp-json\/wp\/v2\/posts\/8930","targetHints":{"allow":["GET"]}}],"collection":[{"href":"https:\/\/www.courzyvite.run\/blog\/wp-json\/wp\/v2\/posts"}],"about":[{"href":"https:\/\/www.courzyvite.run\/blog\/wp-json\/wp\/v2\/types\/post"}],"author":[{"embeddable":true,"href":"https:\/\/www.courzyvite.run\/blog\/wp-json\/wp\/v2\/users\/2"}],"replies":[{"embeddable":true,"href":"https:\/\/www.courzyvite.run\/blog\/wp-json\/wp\/v2\/comments?post=8930"}],"version-history":[{"count":0,"href":"https:\/\/www.courzyvite.run\/blog\/wp-json\/wp\/v2\/posts\/8930\/revisions"}],"wp:featuredmedia":[{"embeddable":true,"href":"https:\/\/www.courzyvite.run\/blog\/wp-json\/wp\/v2\/media\/8931"}],"wp:attachment":[{"href":"https:\/\/www.courzyvite.run\/blog\/wp-json\/wp\/v2\/media?parent=8930"}],"wp:term":[{"taxonomy":"category","embeddable":true,"href":"https:\/\/www.courzyvite.run\/blog\/wp-json\/wp\/v2\/categories?post=8930"},{"taxonomy":"post_tag","embeddable":true,"href":"https:\/\/www.courzyvite.run\/blog\/wp-json\/wp\/v2\/tags?post=8930"}],"curies":[{"name":"wp","href":"https:\/\/api.w.org\/{rel}","templated":true}]}}