{"id":8768,"date":"2017-07-22T17:51:43","date_gmt":"2017-07-22T15:51:43","guid":{"rendered":"https:\/\/www.courzyvite.run\/blog\/?p=8768"},"modified":"2021-04-02T19:18:34","modified_gmt":"2021-04-02T17:18:34","slug":"presentation-de-la-montee-du-cret-deau-3eme-ticket-pour-xavier-thevenard-2eme-volet-23-07-17","status":"publish","type":"post","link":"https:\/\/www.courzyvite.run\/blog\/2017\/07\/22\/presentation-de-la-montee-du-cret-deau-3eme-ticket-pour-xavier-thevenard-2eme-volet-23-07-17\/","title":{"rendered":"PRESENTATION DE LA MONTEE DU CRET D\u2019EAU : REACTUALISATION DES FAVORIS ET DES OUTSIDERS (2EME VOLET) \/ 23-07-17"},"content":{"rendered":"<p><strong>LA BOUTEILLE A L\u2019ENCRE !<br \/>\n3EME TICKET POUR XAVIER THEVENARD !<br \/>\n<\/strong><\/p>\n<p>Les \u00e9ditions 2015 et 2016 avaient \u00e9t\u00e9 marqu\u00e9es par l\u2019insolente domination du laur\u00e9at <strong>C\u00e9dric Fleureton<\/strong>, et dans une moindre mesure de son dauphin <strong>Arnaud Bonin<\/strong>, tous deux rel\u00e9guant \u00e0 distance respectable leurs poursuivants imm\u00e9diats (1). Les deux t\u00e9nors absents (vacances marocaines pour C\u00e9dric, Trail du Val d\u2019Allos pour Arnaud dont le partenaire Scott est celui de la manifestation), la course s\u2019annonce du coup extr\u00eamement ouverte, et donc palpitante.<\/p>\n<p><strong>Cattet et Chauvet en p\u00f4le position<\/strong><br \/>\nDeux noms se d\u00e9tachent toutefois l\u00e9g\u00e8rement : d\u2019une part, le Bellegardien et ex-cycliste\u00a0<strong>Robin Cattet<\/strong>, vainqueur de la fameuse cyclo-sportive l\u2019Etape du Tour (Acte 1), concourue le 8 juillet 2012 sur le parcours de la 12\u00e8me \u00e9tape du Tour de France ; de l\u2019autre, le fondeur m\u00e9gevan\u00a0<strong>Beno\u00eet Chauvet<\/strong>, d\u2019abord connu pour avoir\u00a0enlev\u00e9 la mythique Transjurassienne en 2011 puis en 2013. Sans \u00eatre \u00e0 l\u2019heure actuelle au sommet de leur art, les deux lascars ont suffisamment la patate pour l\u2019emporter, d\u2019autant plus qu\u2019ils connaissent parfaitement le trac\u00e9, l\u2019ayant chacun boucl\u00e9 \u00e0 la 3\u00e8me place, Robin en 2015, Beno\u00eet en 2016.<\/p>\n<p><strong>Le bal des pr\u00e9tendants<\/strong><br \/>\nUn septet s\u2019emploiera \u00e0 leur barrer la route :<br \/>\n&#8211; Le Bellegardien <strong>Jeffrey Fleury<\/strong>, 7\u00e8me au Cr\u00eat d\u2019Eau il y a deux ans, d\u00e9sormais bien remis de son entorse \u00e0 la cheville droite, contract\u00e9e le 23 avril dernier \u00e0 l\u2019occasion\u00a0des Princes en Foul\u00e9es, comme en t\u00e9moigne son excellent chrono au Nid d\u2019Aigle en 2h11\u201941.<strong><br \/>\n<\/strong>&#8211; Le quadra ann\u00e9cien<strong> Fr\u00e9d\u00e9ric Fuss<\/strong>, lui aussi 7\u00e8me au Cr\u00eat d\u2019Eau\u00a0mais en 2016, lui aussi auteur d\u2019un bien joli chrono cette saison au Nid d\u2019Aigle en 2h09\u201935.<br \/>\n&#8211; Les jeunes Doubistes <strong>Jean-Marc Martin<\/strong> et <strong>L\u00e9andre Santin<\/strong>, p\u00e9tris de talent et d\u2019ambition.<br \/>\n&#8211; Le Villeurbannais\u00a0<strong>Gwena\u00ebl Morichaud <\/strong>qui malgr\u00e9 ses 40 ans progresse \u00e0 la vitesse de la lumi\u00e8re.<br \/>\n&#8211; Le Suisse<strong> Simon Senn<\/strong> qui se r\u00e9v\u00e8le au grand jour cette ann\u00e9e, tant dans l\u2019Ain qu\u2019en Haute-Savoie ou encore dans les cantons de Vaux et de Gen\u00e8ve o\u00f9 il est install\u00e9. Adepte forcen\u00e9 des mont\u00e9es s\u00e8ches, il<strong>\u00a0<\/strong>caracole en t\u00eate du Challenge des Trails du Haut-Rh\u00f4ne.<strong>\u00a0<\/strong><br \/>\n&#8211; Enfin, l\u2019ic\u00f4ne de l\u2019ultra-trail\u00a0<strong>Xavier Th\u00e9venard <\/strong>qui nous fait un immense plaisir d\u2019accourir pour la troisi\u00e8me fois d\u2019affil\u00e9e (5\u00e8me en 2015, 21\u00e8me en 2016). Sa venue entre dans le cadre de sa<strong>\u00a0<\/strong>pr\u00e9pa pour l\u2019UTMB o\u00f9 il tentera la passe de trois apr\u00e8s avoir d\u00e9croch\u00e9 les mill\u00e9simes 2013 et 2015. Il r\u00e9alise ainsi de tr\u00e8s grosses semaines d\u2019entra\u00eenement en terme de d\u00e9nivel\u00e9. Parall\u00e8lement, les comp\u00e8tes qu\u2019il dispute lui servent de s\u00e9ances de seuil.<\/p>\n<p><strong>Equation \u00e0 deux inconnues<\/strong><br \/>\nAttention n\u00e9anmoins aux deux Marocains <strong>Lhousseine Boussague<\/strong> et <strong>Anas Saaidou<\/strong> qui se sont engag\u00e9s le 11 mai dernier avec Annecy Haute-Savoie Athl\u00e9tisme. Purs routiers (records sur marathon en 2h33\u201904 et sur semi en 1h07\u201915 pour Lhousseine ; record sur semi en 1h07\u201902 pour Anas), ils se sont mis r\u00e9cemment en \u00e9vidence sur la Course des Etangs puis sur la Ronde de la Presqu\u2019\u00eele du L\u00e9man. Lhousseine a notamment pulv\u00e9ris\u00e9, d\u20191\u201904, le temps r\u00e9f\u00e9rence du 15km des Etangs, propri\u00e9t\u00e9 depuis 2015 de <strong>Laurent Marconnet<\/strong> qui n\u2019est pourtant pas le premier venu. N\u2019emp\u00eache, le profil vallonn\u00e9 de ces deux \u00e9preuves n\u2019a vraiment rien \u00e0 voir avec celui de la Mont\u00e9e du Cr\u00eat d\u2019Eau, et c\u2019est un euph\u00e9misme.<\/p>\n<p><strong>Trio de choc f\u00e9minin<\/strong><br \/>\nChez les dames, le plateau est de tr\u00e8s belle facture, sans doute l\u2019un des plus remarquables des neuf premi\u00e8res \u00e9tapes int\u00e9grant cette saison le Challenge National de Courses en montagne, except\u00e9 bien s\u00fbr les France \u00e0 Culoz. Et bien malin qui pourrait pr\u00e9dire l\u2019heureuse \u00e9lue. Trois athl\u00e8tes disposant de qualit\u00e9s athl\u00e9tiques sup\u00e9rieures aux autres filles semblent en effet avoir le m\u00eame niveau.<br \/>\nConcourant le Challenge National, la Grenobloise <strong>Julia Combe<\/strong>, leader pour 4 manches disput\u00e9es, et la Francilienne<strong> Marie-Am\u00e9lie Juin<\/strong>, 4\u00e8me pour 3 manches disput\u00e9es, ne se feront aucun cadeau. Un duel que devrait arbitrer la Jurassienne<strong> Manon Mougin\u00a0<\/strong>qui s\u2019est fait un nom en 2014 pour avoir enlev\u00e9 le Cross du Mont-Blanc devant la virevoltante <strong>Corail Bugnard<\/strong>, 5\u00e8me deux mois plus tard sur les France de Trail Court sous les couleurs bellegardiennes. En cons\u00e9quence, Manon pourrait bien tirer les marrons du feu.<br \/>\nAux aguets, l\u2019Eviannaise <strong>H\u00e9l\u00e8ne Darragon<\/strong> et la Grenobloise<strong> Aur\u00e9lia Peter<\/strong>\u00a0qui ne manquent pas d\u2019atouts mettront certainement \u00e0 profit la moindre d\u00e9faillance de leurs prestigieuses adversaires.<\/p>\n<p>Mais prenons garde des retardataires qui pourraient nous r\u00e9server bien des surprises&#8230; Un ultime mot avec la participation qui ne cesse de grimper en fl\u00e8che depuis quatre jours. D\u2019ores et d\u00e9j\u00e0, 126 montagnards se tiennent pr\u00eats \u00e0 dompter l\u2019effrayant chemin des Vaches qui renferme une section \u00e0 30% sur pas moins de 800m. A la m\u00eame \u00e9poque, ils \u00e9taient 106 et 102, respectivement en 2015 et 2016, \u00e0 oser le narguer. A n\u2019en pas douter, il y a du record dans l\u2019air ! Mais qui a dit \u00e0 sati\u00e9t\u00e9 que la montagne bellegardienne ne valait pas un kopeck ?<\/p>\n<p><strong>F.V.<\/strong><\/p>\n<p>(1) Les deux pr\u00e9c\u00e9dentes cuv\u00e9es de la Mont\u00e9e du Cr\u00eat d\u2019Eau avaient vu le trio de t\u00eate masculin r\u00e9colter les r\u00e9sultats suivants :<br \/>\n2015 :<br \/>\n&#8211; 1er :<strong> C\u00e9dric Fleureton<\/strong> : 1h16\u201917, record de l\u2019\u00e9preuve depuis 2015.<br \/>\n&#8211; 2\u00e8me :<strong> Arnaud Bonin<\/strong> : 1h19\u201951.<br \/>\n&#8211; 3\u00e8me :<strong> Robin Cattet<\/strong> : 1h22\u201913.<br \/>\n2016 :<br \/>\n&#8211; 1er :<strong> C\u00e9dric Fleureton<\/strong> : 1h16\u201949.<br \/>\n&#8211; 2\u00e8me :<strong> Arnaud Bonin<\/strong> : 1h20\u201919.<br \/>\n&#8211; 3\u00e8me :<strong> Beno\u00eet Chauvet<\/strong>\u00a0: 1h21\u201914.<br \/>\n<span style=\"color: #ffffff;\">.<\/span><br \/>\n<span style=\"color: #ffffff;\">.<\/span><strong style=\"font-size: 0.95em;\"><br \/>\n<\/strong><strong>Favoris pour la victoire :<\/strong><\/p>\n<p><strong>\u2013 Robin Cattet<\/strong>\u00a0(Club Athl\u00e9tique du Bassin Bellegardien et Hoka Ambassadeurs), 26 ans.<br \/>\n* Mont\u00e9e du Cr\u00eat d\u2019Eau\u00a0: 3\u00e8me en 1h22\u201913 en 2015.<br \/>\n* 2017\u00a0: 5\u00e8me sur 23km du Trail des Cabornis\u00a0; 21\u00e8me sur le 46km du Trail du Ventoux\u00a0; 2\u00e8me sur le 18,5km de l\u2019Escrapade de la Source\u00a0; 1er sur le 27km du Trail Nivolet Revard\u00a0; 3\u00e8me sur la Marathon-Race du Lac d\u2019Annecy\u00a0; 1er sur le 27km du Trail de Val et Revermont ; 8\u00e8me sur le Kilom\u00e8tre Vertical du High Trail Vanoise ; 2\u00e8me sur le 39km du High Trail Vanoise.<\/p>\n<p><strong>\u2013 Beno\u00eet Chauvet <\/strong>(Club des Sports de Meg\u00e8ve et Team Scott), 36 ans.<br \/>\n* Mont\u00e9e du Cr\u00eat d\u2019Eau\u00a0: 3\u00e8me en 1h21\u201914 en 2016.<br \/>\n* Classement masculin 2017 du Challenge National des Courses en Montagne apr\u00e8s 8 manches disput\u00e9es : 31\u00e8me avec 2300 points.<br \/>\n2 manches disput\u00e9es : 13\u00e8me\u00a0sur les Championnats de France de Course en Montagne Hommes ; 8\u00e8me en 1h59\u201955 sur la Mont\u00e9e du Nid d\u2019Aigle.<br \/>\n* Autres courses disput\u00e9es en 2017 : 1er sur l\u2019Assaut des M\u00e9mises ; 2\u00e8me sur la Grimp\u00e9e du M\u00f4le.<br \/>\n* 2016 : 6\u00e8me sur la Grimp\u00e9e du Laudon ; 2\u00e8me sur la Verticale du Criou ; 1er sur la Grimp\u00e9e du M\u00f4le ; 4\u00e8me sur les Championnats Nationaux de Kilom\u00e8tre Vertical disput\u00e9s dans le cadre de la 2\u00e8me manche du Manigod KV Challenge ; 4\u00e8me sur la 3\u00e8me manche du Manigod KV Challenge ; 2\u00e8me sur le Cross des Cr\u00eates de Meg\u00e8ve ; 3\u00e8me sur la 4\u00e8me manche du Manigod KV Challenge ; 2\u00e8me sur la Grimp\u00e9e de la Sambuy ; 1er sur la Diagonale du Mont Joly ; 3\u00e8me sur les Foul\u00e9es Maglanchardes ; 1er sur la Grimp\u00e9e du Pays Rochois ; 1er sur le 13km du Trail des Gli\u00e8res ; 1er sur le Cross Intercommunal du Pays de Filli\u00e8re.<br \/>\n<span style=\"color: #ffffff;\">.<\/span><br \/>\n<span style=\"color: #ffffff;\">.<\/span><br \/>\n<strong>Favoris pour le top 5 :<\/strong><\/p>\n<p><strong>\u2013 Jeffrey Fleury<\/strong>\u00a0(Club Athl\u00e9tique du Bassin Bellegardien), 30 ans.<br \/>\n* Mont\u00e9e du Cr\u00eat d\u2019Eau\u00a0: 7\u00e8me en 1h27\u201909 en 2015.<br \/>\n* 2017 : 12\u00e8me sur la Transversale de la Tour des Pitons ; 25\u00e8me en 2h11\u201941 sur la Mont\u00e9e du Nid d\u2019Aigle.<br \/>\n* 2016 : 1er sur le 36km du\u00a0Trail des 3 Ch\u00e2teaux ; 1er sur le 32km du Trail des Eduens ;<br \/>\n8\u00e8me sur\u00a0l\u2019Ultra Mont\u00e9e du Sal\u00e8ve ; 23\u00e8me sur la\u00a0Maxi-Race du Lac d\u2019Annecy ; 19\u00e8me sur le 29km du Trail de Faverges ; 13\u00e8me sur le 30km du Trail du Tour des Fiz ; 36\u00e8me sur la TDS ; 6\u00e8me sur la Croix de la Lib\u00e9ration ; 1er sur le Trail du Vuache.<\/p>\n<p><strong>&#8211; Fr\u00e9d\u00e9ric Fuss<\/strong> (ASPTT Annecy Athl\u00e9tisme), 43 ans.<br \/>\n* Mont\u00e9e du Cr\u00eat d\u2019Eau\u00a0: 7\u00e8me en 1h27\u201946 en 2016.<br \/>\n* Classement masculin 2017 du Challenge National des Courses en Montagne apr\u00e8s 8 manches disput\u00e9es : 25\u00e8me avec 2410 points.<br \/>\n3 manches disput\u00e9es en 2017 :\u00a059\u00e8me (62\u00e8me avec la course open) sur les Championnats de France de Course en Montagne Hommes ; 12\u00e8me sur le 11,4km de la Mont\u00e9e du Revard ; 19\u00e8me en 2h09\u201935 sur la Mont\u00e9e du Nid d\u2019Aigle.<br \/>\n* 2016 : 12\u00e8me sur le Trail Blanc du Semnoz ; 9\u00e8me sur la F\u00e9e Blanche ; 4\u00e8me sur le Trail de l\u2019Aigle Blanc ; 12\u00e8me sur la Grimp\u00e9e du Laudon ; 11\u00e8me sur la 1\u00e8re manche du Manigod KV Challenge ; 7\u00e8me sur le 11,4km de la Mont\u00e9e du Revard ; 5\u00e8me sur la Grimp\u00e9e du Pays Rochois.<\/p>\n<p><strong>\u2013 Jean-Marc Martin<\/strong>\u00a0(Team Castor), 25 ans.<br \/>\n* 2017\u00a0: 1er sur le 32km du Trail N\u2019Loue\u00a0; 1er ex aequo sur le 28km du Trail des Forts de Besan\u00e7on ; 33\u00e8me sur le Red Bull 400 ; 4\u00e8me\u00a0sur le 44km du Trail du Mont d\u2019Or.<br \/>\n* 2016\u00a0: 6\u00e8me sur le 16km du X-Trail Blanc de Mouthe\u00a0; 2\u00e8me sur le 32km du Trail N\u2019Loue\u00a0; 2\u00e8me sur le 28km du Trail des Forts de Besan\u00e7on\u00a0; 1er sur le 44km de l\u2019Aravis Trail\u00a0; 56\u00e8me en 3h08\u201936 sur la Course Sierre-Zinal ;\u00a010\u00e8me sur le 12km du Trail des Echelles de la Mort\u00a0; 4\u00e8me sur le 35km du Trail des Gli\u00e8res.<br \/>\n* 2015\u00a0: 47\u00e8me en 3h04\u201948 sur la Course Sierre-Zinal.<\/p>\n<p><strong>&#8211; Gwena\u00ebl Morichaud<\/strong> (Association Sportive de Villeurbanne et de l\u2019Eveil Lyonnais Athl\u00e9tisme), 40 ans.<br \/>\n* Classement masculin 2017 du Challenge National des Courses en Montagne apr\u00e8s 8 manches disput\u00e9es : 5\u00e8me avec 4200 points.<br \/>\n5 manches disput\u00e9es : 13\u00e8me sur l\u2019Ascension du Col de Vence ; 31\u00e8me sur les Championnats de France de Course en Montagne Hommes ; 10\u00e8me sur la Mont\u00e9e du Grand Ballon ; 5\u00e8me sur le 11,4km de la Mont\u00e9e du Revard ; 4\u00e8me sur la Mont\u00e9e du Ventoux.<br \/>\n* Autre course disput\u00e9e en 2017 :\u00a01er sur le 16,1km de la Mont\u00e9e P\u00e9destre des 3 Communes.<\/p>\n<p><strong>\u2013 L\u00e9andre Santin<\/strong>\u00a0(ASPTT Besan\u00e7on Athl\u00e9tisme et Buff France Team \/ Hoka \/ Les Saisies), 20 ans.<br \/>\n* 2017\u00a0: 26\u00e8me sur le 23km du Trail Dr\u00f4me\u00a0; 3\u00e8me sur le 28km du Trail des Forts de Besan\u00e7on ; 1er sur la Verticale du Morond ; 1er\u00a0sur le 26km du Trail du Mont d\u2019Or.<br \/>\n* 2016\u00a0: 9\u00e8me sur le 27km du Trail du Petit Ballon\u00a0; 1er sur le 12km du Trail N\u2019Loue\u00a0; 18\u00e8me sur les Championnats de France de Courses en Montagne Hommes ; 4\u00e8me sur le 28km du Trail de la Vall\u00e9e des Lacs\u00a0; 28\u00e8me sur les Championnats Nationaux de Kilom\u00e8tre Vertical\u00a0; 5\u00e8me sur le 21km des Championnats du Monde de Skyrunning ; 17\u00e8me sur les Championnats de France de Trail Court\u00a0; 1er sur le 13km de la Course Nature de la Grapille ; 1er sur le 10km du Trail de No\u00ebl des Saisies.<\/p>\n<p><strong>\u2013 Simon Senn<\/strong>\u00a0(Suisse, Petit-Lancy), 30 ans.<br \/>\n* 2017 : 3\u00e8me sur le 24km de la Course des Fougueurs ; 3\u00e8me sur le 22km du Trail de la Michaille ; 2\u00e8me sur la Verticale du Sal\u00e8ve ; 2\u00e8me sur le 27km des Princes en Foul\u00e9es ; 2\u00e8me sur la Transversale de la Tour des Pitons ; 5\u00e8me sur le 18,8km de la Course Montreux &#8211; Les Rochers-de-Naye Hommes ; 1er sur le 8,2km de la Croz\u2019et Raide.<\/p>\n<p><strong>\u2013 Xavier Th\u00e9venard<\/strong>\u00a0(Doubs Sud Athl\u00e9tisme Pontarlier et Team Asics Trail), 29 ans.<br \/>\n* Mont\u00e9e du Cr\u00eat d\u2019Eau\u00a0: 5\u00e8me en 1h24\u201945 en 2015 ; 21\u00e8me en 1h40\u201916 en 2016.<br \/>\n* Classement masculin 2017 du Challenge National des Courses en Montagne apr\u00e8s 8 manches disput\u00e9es : 78\u00e8me avec 1065 points.<br \/>\n2 manches disput\u00e9es : 82\u00e8me (86\u00e8me avec la course open) sur les Championnats de France de Course en Montagne ; 34\u00e8me en 2h14\u201941 sur la Mont\u00e9e du Nid d\u2019Aigle.<br \/>\n* Autres courses disput\u00e9es en 2017 : 9\u00e8me sur le 46km du Trail du Ventoux ; 3\u00e8me sur le 115km du Madeira Island Ultra Trail ; 7\u00e8me sur le 73km de la Transvulcania ; 1er sur le 80 km du Mont-Blanc.<br \/>\n* 2016 : 3\u00e8me sur le 72km de la Transju\u2019Trail ; 3\u00e8me sur la Hardrock 100 Endurance Run ; 1er sur l\u2019OCC ; 2\u00e8me sur le 44km de l\u2019Ultra-Trail Mont Fuji.<br \/>\n* 2015 : 1er sur le 70km de l\u2019Ultra Fiord Patagonia Chile ; 1er sur l\u2019UTMB.<br \/>\n* 2014 : 2\u00e8me sur le 38km du Trail Dr\u00f4me ; 4\u00e8me sur la Maxi-Race Trail du Lac d\u2019Annecy ; 1er sur la TDS.<br \/>\n* 2013 : 1er\u00a0sur le 72km de la Transju\u2019Trail ; 1er sur le 44km du Trail du Mont d\u2019Or ; 3\u00e8me sur le 80 km du Mont-Blanc ; 1er sur l\u2019UTMB ; 1er sur le 15km de la Gi J\u2019y Monte ; 2\u00e8me sur la Grande Course des Templiers.<br \/>\n* 2012 : 1er sur le 45km du Trail des Forts du Grand Besan\u00e7on ; 3\u00e8me sur le 22km du Merrell Oxygen Challenge.<br \/>\n* 2011 : 4\u00e8me\u00a0sur le 45km du Trail des Forts du Grand Besan\u00e7on ; 1er\u00a0sur le 70km de la Transju\u2019Trail ; 2\u00e8me sur la 6000D ; 3\u00e8me sur le Trail des Aiguilles Rouges ; 1er sur l\u2019Endurance Trail des Templiers.<br \/>\n* 2010 : 2\u00e8me\u00a0sur le 70km de la Transju\u2019Trail ; 1er sur la CCC.<br \/>\n<span style=\"color: #ffffff;\">.<\/span><br \/>\n<span style=\"color: #ffffff;\">.<\/span><strong style=\"font-size: 0.95em;\"><br \/>\n<\/strong><strong>Favoris pour le top 10 :<\/strong><\/p>\n<p><strong>&#8211; Ludovic Baur<\/strong> (Massingy), 24 ans.<br \/>\n* 2017\u00a0: 3\u00e8me sur le 25km de la Chambottine ; 7\u00e8me avec <strong>Antoine Piccon<\/strong> sur la R-Race Relais de 2 du Lac d\u2019Annecy ; 2\u00e8me sur le 13km de la Cusy\u2019Hard.<br \/>\n* 2016\u00a0: 1er sur le 16km de la Massingienne ; 2\u00e8me sur le 15km de la Course des Etangs ; 17\u00e8me avec Antoine Piccon, <strong>Loris Pettini<\/strong> et <strong>Thibaut Colbalchini<\/strong> sur le Relais de 4 de la Maxi-Race Trail du Lac d\u2019Annecy ; 1er sur le 20km de la Saintinoise.<\/p>\n<p><strong>&#8211; Guillaume Panisset<\/strong> (Racing Club du Haut-Jura Morez), 22 ans.<br \/>\n* 2017 : 47\u00e8me\u00a0sur les Championnats de France de Courses en Montagne Hommes ; 1er sur la Verticale de l\u2019Ermite.<br \/>\n* 2016 : 13\u00e8me sur le 24km de la Transju\u2019Trail ; 8\u00e8me sur la 1\u00e8re manche du Manigod KV Challenge ; 2\u00e8me sur le 4km de la Croz\u2019et Raide.<\/p>\n<p><strong>&#8211; Martin Romarie <\/strong>(Team Origin\u2019Haut), 31 ans.<br \/>\n* 2016 : 2\u00e8me sur la Foul\u00e9e de Coyri\u00e8re ; 1er sur le 17km du Trail du Mont d\u2019Or ; 4\u00e8me sur le 9,5km du Troph\u00e9e du Chalam ; 18\u00e8me sur le 29km du Trail de Faverges ; 5\u00e8me sur le 23km du Trail de la Vall\u00e9e Baumoise.<span style=\"font-size: 0.95em;\"><br \/>\n<\/span><span style=\"color: #ffffff;\">.<\/span><br \/>\n<span style=\"color: #ffffff;\">.<\/span><strong style=\"font-size: 0.95em;\"><br \/>\n<\/strong><span style=\"color: #000000;\"><strong>Les deux surprises :<\/strong><\/span><\/p>\n<p><strong>&#8211; Lhousseine Boussague<\/strong> (Maroc, Annecy Haute-Savoie Athl\u00e9tisme), 39 ans.<br \/>\n* 2017 : 1er sur le 15km de la Course des Etangs ; 2\u00e8me sur le 12,3km de la Ronde de la Presqu\u2019\u00eele de Messery.<\/p>\n<p>&#8211; <b>Anas Saaidou<\/b>\u00a0(Maroc, Annecy Haute-Savoie Athl\u00e9tisme), 21 ans.<br \/>\n* 2017 : 2\u00e8me sur le 8km de la Course des Etangs ; 1er ex aequo sur le 7,6km de la Ronde de la Presqu\u2019\u00eele de Messery.<br \/>\n<span style=\"color: #ffffff;\">.<\/span><br \/>\n<span style=\"color: #ffffff;\">.<\/span><strong><br \/>\nAutres outsiders :<\/strong><\/p>\n<p><strong>&#8211; Jean-Christophe Barbera<\/strong> (ASPTT Grenoble Athl\u00e9tisme, section de l\u2019Entente Athl\u00e9tique Grenoble 38), 30 ans.<br \/>\n* 2017 : 1er sur le 13km de La Foresti\u00e8re ; 22\u00e8me sur la Mont\u00e9e du Ventoux.<br \/>\n* 2016 : 8\u00e8me sur la Mont\u00e9e P\u00e9destre des 3 Communes ; 123\u00e8me (129\u00e8me avec la course open) sur les\u00a0Championnats de France de Courses en Montagne ; 2\u00e8me sur la Mont\u00e9e de la Bastille.<\/p>\n<p><strong>&#8211; Tanguy Cattet<\/strong> (Brison-Saint-Innocent), 24 ans, fr\u00e8re de<strong> Robin<\/strong>.<br \/>\n* 2017 : 7\u00e8me sur le 24km de la Course des Fougueurs ; 3\u00e8me sur le 17km des Princes en Foul\u00e9es ; 3\u00e8me sur le 13km du Trail Nivolet-Revard ; 2\u00e8me avec <strong>J\u00e9r\u00e9mie Flores-Garcia<\/strong> et <strong>Paul Burette<\/strong> sur le relais de 3 du 80km du Be Run ; 1er sur le 17km de la Comblorane Hommes.<br \/>\n* 2016 : 10\u00e8me sur la Mont\u00e9e du Grand Colombier ; 4\u00e8me sur le 20km de la Saintinoise ; 14\u00e8me sur le 26km du Trail Semnoz Tour ; 5\u00e8me sur le 21km de la Foul\u00e9e de Drumettaz-Clarafond ; 17\u00e8me sur le 21km de la Chamb\u00e9rienne ; 3\u00e8me sur le 22km de la Sange\u2019Run ; 1er sur le 12km du Trail de Montagnole.<\/p>\n<p><strong>&#8211; Olivier Gaillard<\/strong> (Lyon Athl\u00e9tisme), 34 ans.<br \/>\n* 2017\u00a0: 1er sur le 9km de la Course de Montagne de Saint-Priest.<\/p>\n<p><strong>&#8211; Beno\u00eet Ligier<\/strong> (Val-de-Sa\u00f4ne Athl\u00e9tisme, section de l\u2019Athl\u00e9 Calade Val-de-Sa\u00f4ne), 30 ans.<br \/>\n* Mont\u00e9e du Cr\u00eat d\u2019Eau\u00a0: 11\u00e8me en 1h33\u201904 en 2006 ; 69\u00e8me en 1h54\u201928 en 2015 ; 10\u00e8me en 1h31\u201957 en 2016.<br \/>\n* Classement masculin 2017 du Challenge National des Courses en Montagne apr\u00e8s 8 manches disput\u00e9es : 42\u00e8me avec 1545 points.<br \/>\n3 manches disput\u00e9es : 101\u00e8me\u00a0(106\u00e8me avec la course open) sur les Championnats de France de Course en Montagne Hommes ; 21\u00e8me sur le 11,4km de la Mont\u00e9e du Revard ; 96\u00e8me sur la Mont\u00e9e du Nid d\u2019Aigle en 2h37\u201911.<br \/>\n* Autres courses disput\u00e9es en 2017 : 3\u00e8me sur la Foul\u00e9e des Monts d\u2019Or ; 24\u00e8me sur le 23km du Trail Givr\u00e9 de Montanay ; 14\u00e8me sur le 23km du Trail des Cabornis ; 11\u00e8me sur le 23km du Lyon Urban Trail ; 3\u00e8me sur le 15km de la Satho\u2019Verte ; 1er sur le 12km de l\u2019Eolienne.<\/p>\n<p><strong>&#8211; Yvan Massonnet<\/strong> (Cercier), 44 ans.<br \/>\n* Mont\u00e9e du Cr\u00eat d\u2019Eau\u00a0: 75\u00e8me en 1h26\u201956 sur les Championnats de France de Course en Montagne en 2002 ; 7\u00e8me en 1h33\u201933 en 2005 ; 9\u00e8me en 1h32\u201937 en 2006 ; 4\u00e8me en 1h29\u201951 en 2007 ; 2\u00e8me en 1h30\u201917 en 2008 ; 6\u00e8me en 1h41\u201933 en 2009.<br \/>\n* 2017 : 3\u00e8me sur le 12km du Trail de la Michaille ; 11\u00e8me sur les 11 km de Contrevoz ; 8\u00e8me sur le 17km des Princes en Foul\u00e9es ; 11\u00e8me sur le 25km de la Chambottine ; 4\u00e8me sur le 16km du Trail SO Bugey ; 25\u00e8me sur le 22km de la Cusy\u2019Hard ; 21\u00e8me sur le 23km du Trail des Passerelles du Monteynard.<br \/>\n<span style=\"color: #ffffff;\">.<\/span><br \/>\n<span style=\"color: #ffffff;\"> .<\/span><strong><br \/>\nFavorites\u00a0:<\/strong><\/p>\n<p><strong>&#8211; Julia Combe<\/strong> (Amicale La\u00efque Echirolles Athl\u00e9tisme, section de l\u2019Entente Athl\u00e9tique Grenoble 38 ; Terre de Running), 31 ans.<br \/>\n* Classement f\u00e9minin 2017 du Challenge National des Courses en Montagne apr\u00e8s 8 manches disput\u00e9es : 1\u00e8re avec 2710 points.<br \/>\n4 manches disput\u00e9es :\u00a01\u00e8re femme sur le 10km de la Course de Montagne de Saint-Priest ; 9\u00e8me sur les Championnats de France de Course en Montagne Femmes ; 6\u00e8me femme sur la Mont\u00e9e du Grand Ballon ; 1\u00e8re femme sur la Mont\u00e9e du Ventoux.<br \/>\n* 2016 : 1\u00e8re femme sur la Course de Montagne Lamastre-Nozi\u00e8res ; 6\u00e8me sur les Championnats de France de Course en Montagne Femmes ; 9\u00e8me femme sur Neirivue-Mol\u00e9son ; 2\u00e8me femme sur le 11,4km de la Mont\u00e9e du Revard ; 7\u00e8me femme sur le 8km de la Mont\u00e9e des Pav\u00e9s ; 1\u00e8re femme sur le 16km de la Travers\u00e9e des Aiguilles ; 5\u00e8me femme sur la Skyrhune.<\/p>\n<p><strong>&#8211; Marie-Am\u00e9lie Juin<\/strong> (Union Sportive Municipale de Malakoff et Team Kari Traa), 32 ans.<br \/>\n* Classement f\u00e9minin 2017 du Challenge National des Courses en Montagne apr\u00e8s 8 manches disput\u00e9es : 4\u00e8me avec 2070 points.<br \/>\n3 manches disput\u00e9es :\u00a02\u00e8me femme sur le 10km de la Course de Montagne de Saint-Priest ; 7\u00e8me sur les Championnats de France de Course en Montagne Femmes ; 1\u00e8re femme sur le 11,4km de la Mont\u00e9e du Revard.<br \/>\n* Autres courses disput\u00e9es en 2017\u00a0: 1\u00e8re femme sur le 45km de l\u2019EcoTrail de Paris \u2013 Ile-de-France\u00a0; 1\u00e8re femme sur le 35km du Lyon Urban Trail\u00a0; 3\u00e8me avec <strong>Marie Paturel<\/strong> sur le 14km du Duo de l\u2019Hermitage ; 2\u00e8me avec Marie Paturel sur le 26km du Duo de l\u2019Hermitage ; 4\u00e8me femme sur le 29km du Trail de Faverges.<\/p>\n<p><strong>&#8211; Manon Mougin<\/strong> (Team Castor), 26 ans.<br \/>\n* 2017\u00a0: 1\u00e8re femme sur le 32km du Trail N\u2019Loue ; 1\u00e8re femme sur le 44km du Trail du Mont d\u2019Or.<br \/>\n* 2016\u00a0: 1\u00e8re femme sur le 18km du Trail N\u2019Loue\u00a0;\u00a02\u00e8me femme sur le 44km de l\u2019Aravis Trail\u00a0; 22\u00e8me femme en 3h33\u201959 sur la Course Sierre-Zinal\u00a0; 2\u00e8me femme sur le 12km du Trail des Echelles de la Mort\u00a0; 1\u00e8re femme sur le 35km du Trail des Gli\u00e8res.<br \/>\n* 2014\u00a0: 1\u00e8re femme sur le Cross du Mont-Blanc.<br \/>\n<span style=\"color: #ffffff;\">.<\/span><br \/>\n<span style=\"color: #ffffff;\"> .<\/span><br \/>\n<strong>Principaux outsiders f\u00e9minins :<\/strong><\/p>\n<p><strong>&#8211; H\u00e9l\u00e8ne Darragon<\/strong> (Evian Off Course), 31 ans.<br \/>\n* 2017\u00a0: 3\u00e8me femme sur le Trail Blanc du Semnoz\u00a0; 3\u00e8me femme sur les Foul\u00e9es Blanches des Brasses\u00a0; 1\u00e8re femme sur l\u2019Anthychoise\u00a0; 1\u00e8re femme sur le 17km du Trail des Glaisins ; 4\u00e8me femme sur la Verticale du Sal\u00e8ve\u00a0; 1\u00e8re femme sur le 7,6km de la Cape\u00e7one\u00a0; 1\u00e8re femme sur les 4h00 de l\u2019Ultra Mont\u00e9e Thollon-les-M\u00e9mises\u00a0; 21\u00e8me sur les Championnats de France de Course en Montagne Femmes ; 2\u00e8me femme sur l\u2019Assaut des M\u00e9mises ; 1\u00e8re femme sur le 18km du Trail des Cr\u00eates du Chablais.<\/p>\n<p><strong>&#8211; Aur\u00e9lia Peter<\/strong> (Amicale La\u00efque Echirolles Athl\u00e9tisme, section de l\u2019Entente Athl\u00e9tique Grenoble 38), 32 ans.<br \/>\n* Classement f\u00e9minin 2017 du Challenge National des Courses en Montagne apr\u00e8s 8 manches disput\u00e9es : 8\u00e8me avec 1575 points.<br \/>\n3 manches disput\u00e9es en 2017 : 26\u00e8me sur les Championnats de France de Course en Montagne Femmes ; 3\u00e8me femme sur le 11,4km de la Mont\u00e9e du Revard ; 3\u00e8me femme sur la Mont\u00e9e du Ventoux.<br \/>\n* Autres courses disput\u00e9es en 2017 : 1\u00e8re femme sur le 10km du Trail de Noyarey ; 5\u00e8me femme avec <strong>Nad\u00e8ge Marboutin<\/strong> sur le 14km du Duo de l\u2019Hermitage ; 4\u00e8me femme avec Nad\u00e8ge Marboutin sur le 26km du Duo de l\u2019Hermitage ; 2\u00e8me femme sur le 33km du Samo\u00ebns Trail Tour.<br \/>\n<span style=\"color: #ffffff;\">.<\/span><br \/>\n<span style=\"color: #ffffff;\">.<\/span><br \/>\n<strong>Autres outsiders f\u00e9minins :<\/strong><\/p>\n<p><strong>&#8211; St\u00e9phanie Breyton<\/strong> (Grenoble Universit\u00e9 Club Athl\u00e9tisme, section de l\u2019Entente Athl\u00e9tique Grenoble 38), 42 ans.<br \/>\n* 2017 : 27\u00e8me sur les Championnats de France de Course en Montagne Femmes ; 2\u00e8me femme sur le 10km du Cross du Pain Brie.<br \/>\n* 2016 : 2\u00e8me femme sur le 12,5km des Trails de la Vall\u00e9e du Brevon ; 24\u00e8me sur les Championnats de France de Course en Montagne Femmes ; 6\u00e8me femme sur le 22km du Trail de Vars ; 1\u00e8re femme sur le 13km de la Bamb\u00e9e des Hameaux.<\/p>\n<p><strong>&#8211; Camille Carrier<\/strong> (Entente Family Stade de Reims Athl\u00e9tisme), 17 ans.<br \/>\n* Classement junior f\u00e9minin 2017 du Challenge National des Courses en Montagne apr\u00e8s 8 manches disput\u00e9es : 3\u00e8me avec 1525 points.<br \/>\n2 manches disput\u00e9es en 2017 :\u00a09\u00e8me femme sur le 10km de la Course de Montagne de Saint-Priest ; 10\u00e8me sur les Championnats de France de Course en Montagne Cadettes et Juniors Femmes.<br \/>\n* 2016 : 2\u00e8me femme sur le 9km du Trail de l\u2019Envol de la Perdrix.<br \/>\n* 2015 : 5\u00e8me femme (1\u00e8re par \u00e9quipes) sur les Championnats de France de Duathlon Cadettes.<\/p>\n<p><strong>&#8211; Laure De Jacquelot<\/strong> (Belley Sport P\u00e9destre), 28 ans.<br \/>\n* 2017 : 4\u00e8me femme sur le 22km du Trail de la Michaille ; 7\u00e8me femme sur les 11 km de Contrevoz ; 3\u00e8me femme sur le 17km des Princes en Foul\u00e9es ; 2\u00e8me femme sur le 42km de l\u2019Ecotrail de l\u2019Ain ; 2\u00e8me femme sur le 16km du Trail SO Bugey ; 3\u00e8me femme sur le 23km du Trail des Passerelles du Monteynard.<\/p>\n<p><strong>&#8211; Nad\u00e8ge Leclerc<\/strong> (ASPTT Grenoble Athl\u00e9tisme, section de l\u2019Entente Athl\u00e9tique Grenoble 38 ; Terre de Running), 37 ans.<br \/>\n* Classement f\u00e9minin 2017 du Challenge National des Courses en Montagne apr\u00e8s 8 manches disput\u00e9es : 32\u00e8me avec 660 points.<br \/>\n2 manches disput\u00e9es en 2017 : 39\u00e8me (40\u00e8me avec la course open) sur les Championnats de France de Course en Montagne Femmes ; 7\u00e8me femme sur le 11,4km de la Mont\u00e9e du Revard.<br \/>\n* Autres courses disput\u00e9es en 2017 : 7\u00e8me femme sur le 16km du Trail Blanc du Sappey-en-Chartreuse ; 3\u00e8me femme sur le Trail Blanc de Lans-en-Vercors ; 9\u00e8me femme sur le 44km du Tulle Brives Nature ; 13\u00e8me femme sur le 48km du Trail des Forts de Besan\u00e7on ; 2\u00e8me femme sur le 20km du Trail Vercors Coulmes ; 12\u00e8me femme sur le 30km du Week-End du Tour des Glaciers de la Vanoise.<br \/>\n<span style=\"color: #ffffff;\">.<\/span><br \/>\n<span style=\"color: #ffffff;\">.<\/span><strong style=\"font-size: 0.95em;\"><br \/>\n<\/strong><strong>F.V.<br \/>\n<\/strong><span style=\"color: #ffffff;\">.<\/span><br \/>\n<span style=\"color: #ffffff;\">.<\/span><br \/>\n<span style=\"color: #ffffff;\">.<\/span><strong style=\"font-size: 0.95em;\"><br \/>\n<\/strong><strong>PARTICIPANTS DU CHALLENGE DE L\u2019AIN DE COURSE EN MONTAGNE :<\/strong><\/p>\n<p><strong>&#8211; Damien Guichard <\/strong>(Club Alpin de Bourg-en-Bresse), 32 ans.<br \/>\n* Classement masculin 2017 apr\u00e8s 13 manches disput\u00e9es : 1er (1er senior) avec 3189 points.<br \/>\n* 11 manches disput\u00e9es en 2017 : 15\u00e8me homme sur le 23km de la Mont\u00e9e des Jonquilles ; 28\u00e8me homme sur le 22km du Trail de la Michaille ; 14\u00e8me homme sur le 18,5km de l\u2019Escrapade de la Source ; 9\u00e8me homme sur le 20km de la Vauxoise ; 5\u00e8me homme sur le 21km du Trail de Douvres ; 9\u00e8me homme sur le\u00a042km de l\u2019Ecotrail de l\u2019Ain ; 6\u00e8me homme sur le 42km du Trail SO Bugey ; 140\u00e8me sur les Championnats de France de Course en Montagne Hommes ; 7\u00e8me homme sur le 27km du Trail de Val et Revermont ; 2\u00e8me en \u00e9quipe masculine avec <strong>Alexandre Roussero<\/strong> sur le 20km du Duo Trail du Haut-Bugey ; 4\u00e8me homme sur le 8,2km de la Croz\u2019et Raide.<\/p>\n<p><strong>&#8211; Nicolas Pomi<\/strong> (Attignat), 45 ans.<br \/>\n* Classement masculin 2017 apr\u00e8s 13 manches disput\u00e9es : 3\u00e8me (1er V1) avec 2837 points.<br \/>\n* 10 manches disput\u00e9es en 2017 : 27\u00e8me homme sur le 23km de la Mont\u00e9e des Jonquilles ; 31\u00e8me homme sur le 22km du Trail de la Michaille ; 22\u00e8me homme sur le 18,5km de l\u2019Escrapade de la Source ; 13\u00e8me homme sur le 20km de la Vauxoise ; 14\u00e8me homme sur le 21km du Trail de Douvres ; 15\u00e8me homme sur le 42km de l\u2019Ecotrail de l\u2019Ain ; 16\u00e8me homme sur la Mont\u00e9e de Parves ; 7\u00e8me homme sur le 22km d\u2019Entr\u2019Ain et Suran ; 13\u00e8me homme sur le 27km du Trail de Val et Revermont ; 12\u00e8me homme sur le 8,2km de la Croz\u2019et Raide.<\/p>\n<p><strong>&#8211; Fabrice Renoud<\/strong> (Curtafond), 45 ans.<br \/>\n* Classement masculin 2017 apr\u00e8s 13 manches disput\u00e9es : 4\u00e8me (2\u00e8me V1) avec 2823 points.<br \/>\n* 10 manches disput\u00e9es en 2017 : 28\u00e8me homme sur le 23km de la Mont\u00e9e des Jonquilles ; 34\u00e8me homme sur le 22km du Trail de la Michaille ; 25\u00e8me homme sur le 18,5km de l\u2019Escrapade de la Source ; 15\u00e8me homme sur le 20km de la Vauxoise ; 10\u00e8me homme sur le 21km du Trail de Douvres ; 11\u00e8me homme sur le 42km de l\u2019Ecotrail de l\u2019Ain ; 17\u00e8me homme sur la Mont\u00e9e de Parves ; 9\u00e8me homme sur le 22km d\u2019Entr\u2019Ain et Suran ; 22\u00e8me homme sur le 27km du Trail de Val et Revermont ; 10\u00e8me homme sur le 8,2km de la Croz\u2019et Raide.<\/p>\n<p><strong>&#8211; Christophe Burtin<\/strong>\u00a0(Course Nature Saint-Jean-de-Niost), 45 ans.<br \/>\n* Classement masculin 2017 apr\u00e8s 13 manches disput\u00e9es : 5\u00e8me (3\u00e8me V1) avec 2633 points.<br \/>\n* 9 manches disput\u00e9es en 2017 : 9\u00e8me homme sur le 23km de la Mont\u00e9e des Jonquilles ; 30\u00e8me homme sur le 22km du Trail de la Michaille ; 17\u00e8me homme sur le 18,5km de l\u2019Escrapade de la Source ; 11\u00e8me homme sur le 20km de la Vauxoise ; 6\u00e8me homme sur le 42km de l\u2019Ecotrail de l\u2019Ain ; 9\u00e8me homme sur la Mont\u00e9e de Parves ; 5\u00e8me homme sur le 22km d\u2019Entr\u2019Ain et Suran ; 8\u00e8me homme sur le 27km du Trail de Val et Revermont ; 11\u00e8me homme sur le 8,2km de la Croz\u2019et Raide.<\/p>\n<p><strong>&#8211; Thomas Delay <\/strong>(Union Athl\u00e9tique des Couleurs &#8211; Morestel), 27 ans.<strong><br \/>\n<\/strong>* Classement masculin 2017 apr\u00e8s 13 manches disput\u00e9es : 7\u00e8me (3\u00e8me senior) avec 2328 points.<br \/>\n* 9 manches disput\u00e9es en 2017 : 59\u00e8me homme sur le 23km de la Mont\u00e9e des Jonquilles ; 66\u00e8me homme sur le 22km du Trail de la Michaille ; 37\u00e8me homme sur le 18,5km de l\u2019Escrapade de la Source ; 45\u00e8me homme sur le 21km du Trail de Douvres ; 68\u00e8me homme sur le 42km de l\u2019Ecotrail de l\u2019Ain ; 25\u00e8me homme sur la Mont\u00e9e de Parves ; 14\u00e8me homme sur le 22km d\u2019Entr\u2019Ain et Suran ; 29\u00e8me homme sur le 27km du Trail de Val et Revermont ; 29\u00e8me homme sur le 8,2km de la Croz\u2019et Raide.<\/p>\n<p><strong>&#8211; Guillaume Simeray<\/strong> (Lagnieu), 33 ans.<br \/>\n* Classement masculin 2017 apr\u00e8s 13 manches disput\u00e9es : 13\u00e8me (6\u00e8me senior) avec 1546 points.<br \/>\n* 7 manches disput\u00e9es en 2017 :\u00a027\u00e8me homme sur le 23km de la Mont\u00e9e des Jonquilles ; 50\u00e8me homme sur le 18,5km de l\u2019Escrapade de la Source ; 42\u00e8me homme sur le 20km de la Vauxoise ; 37\u00e8me homme sur le 21km du Trail de Douvres ; 73\u00e8me homme sur le 42km du Trail SO Bugey ; 247\u00e8me sur les Championnats de France de Course en Montagne Hommes ; 32\u00e8me homme sur le 27km du Trail de Val et Revermont.<\/p>\n<p><strong>&#8211; Patrice Cornudet<\/strong>\u00a0(Pompier de Jasseron), 42 ans.<br \/>\n* Classement masculin 2017 apr\u00e8s 13 manches disput\u00e9es : 15\u00e8me (4\u00e8me V1) avec 1405 points.<br \/>\n* 7 manches disput\u00e9es en 2017 : 103\u00e8me homme sur le 23km de la Mont\u00e9e des Jonquilles ; 127\u00e8me homme sur le 18,5km de l\u2019Escrapade de la Source ; 62\u00e8me homme sur le 20km de la Vauxoise ; 57\u00e8me homme sur le 21km du Trail de Douvres ; 20\u00e8me sur le 22km d\u2019Entr\u2019Ain et Suran ; 26\u00e8me homme sur le 27km du Trail de Val et Revermont.<\/p>\n<p><strong>&#8211; Emmanuel Texier<\/strong>\u00a0(Saint-Just), 57 ans.<br \/>\n* Classement masculin 2017 apr\u00e8s 13 manches disput\u00e9es : 16\u00e8me (4\u00e8me V2) avec 1382 points.<br \/>\n* 7 manches disput\u00e9es en 2017 : 131\u00e8me homme sur le 23km de la Mont\u00e9e des Jonquilles ; 115\u00e8me homme sur le 22km du Trail de la Michaille ; 161\u00e8me homme sur le 18,5km de l\u2019Escrapade de la Source ; 105\u00e8me homme sur le 20km de la Vauxoise ; 87\u00e8me homme sur le 21km du Trail de Douvres ; 55\u00e8me homme sur le 22km d\u2019Entr\u2019Ain et Suran ; 61\u00e8me homme sur le 27km du Trail de Val et Revermont.<br \/>\n<strong><br \/>\n&#8211; Sylvie Cottet-Puinel<\/strong> (Courir Nature Saint-Jean-de-Niost), 41 ans.<br \/>\n* Classement f\u00e9minin 2017 apr\u00e8s 13 manches disput\u00e9es : 1\u00e8re (1\u00e8re V1) avec 3401 points.<br \/>\n* 9 manches disput\u00e9es en 2017 : 2\u00e8me femme sur le 23km de la Mont\u00e9e des Jonquilles ; 8\u00e8me femme sur le 22km du Trail de la Michaille ; 3\u00e8me femme sur le 18,5km de l\u2019Escrapade de la Source ; 3\u00e8me femme sur le 20km de la Vauxoise ; 3\u00e8me femme sur le 42km de l\u2019Ecotrail de l\u2019Ain ; 3\u00e8me femme sur la Mont\u00e9e de Parves ; 1\u00e8re femme sur le 22km d\u2019Entr\u2019Ain et Suran ; 1\u00e8re femme sur le 27km du Trail de Val et Revermont ; 7\u00e8me femme sur le 8,2km de la Croz\u2019et Raide.<\/p>\n<p><strong>&#8211; Ghislaine Trilliat<\/strong> (Courir en Dombes), 46 ans.<br \/>\n* Classement f\u00e9minin 2017 apr\u00e8s 13 manches disput\u00e9es : 3\u00e8me (2\u00e8me V1) avec 2298 points.<br \/>\n* 8 manches disput\u00e9es en 2017 : 17\u00e8me femme sur le 23km de la Mont\u00e9e des Jonquilles ;\u00a021\u00e8me femme sur le 22km du Trail de la Michaille ; 15\u00e8me femme sur le 20km de la Vauxoise ; 14\u00e8me femme sur le 21km du Trail de Douvres ; 13\u00e8me femme sur le 42km de l\u2019Ecotrail de l\u2019Ain ; 8\u00e8me femme sur le 22km d\u2019Entr\u2019Ain et Suran ; 11\u00e8me femme sur le 27km du Trail de Val et Revermont ; 9\u00e8me femme sur le 8,2km de la Croz\u2019et Raide.<\/p>\n<p><strong>&#8211; Laura Joly<\/strong>\u00a0(Arts Martiaux Viriat), 46 ans.<br \/>\n* Classement f\u00e9minin 2017 apr\u00e8s 13 manches disput\u00e9es : 6\u00e8me (3\u00e8me V1) avec 1722 points.<br \/>\n* 6 manches disput\u00e9es en 2017 : 12\u00e8me femme sur le 23km de la Mont\u00e9e des Jonquilles ; 19\u00e8me femme sur le 18,5km de l\u2019Escrapade de la Source ; 15\u00e8me femme sur le 21km du Trail de Douvres ; 11\u00e8me femme sur le 22km d\u2019Entr\u2019Ain et Suran ; 7\u00e8me femme sur le 27km du Trail de Val et Revermont ; 15\u00e8me en \u00e9quipe mixte avec <strong>Christophe Chevillard<\/strong> sur le 20km du Duo Trail du Haut-Bugey.<\/p>\n<p><strong>F.V.<\/strong><\/p>\n<p><strong>Classement du Challenge de l\u2019Ain de Course en Montagne apr\u00e8s 13 manches disput\u00e9es :<br \/>\n<\/strong>Il figure sur le site Web Courses.free.fr :<br \/>\n<a href=\"http:\/\/courses.free.fr\/challenge\/challenge.php\">http:\/\/courses.free.fr\/challenge\/challenge.php<\/a><br \/>\n<span style=\"color: #ffffff;\">.<\/span><br \/>\n<span style=\"color: #ffffff;\"> .<\/span><br \/>\n<span style=\"color: #ffffff;\"> .<\/span><br \/>\n<strong>LISTE DES INSCRITS :<\/strong><\/p>\n<p>Elle figure sur le site Web L-Chrono\u00a0:<br \/>\n<a href=\"http:\/\/inscriptions-l-chrono.com\/monteeducretdeau2017\/registrations-list\">http:\/\/inscriptions-l-chrono.com\/monteeducretdeau2017\/registrations-list<br \/>\n<\/a><span style=\"color: #ffffff;\">.<\/span><br \/>\n<span style=\"color: #ffffff;\"> .<\/span><br \/>\n<span style=\"color: #ffffff;\"> .<\/span><strong><br \/>\nPALMARES DEPUIS 1999 :<\/strong><\/p>\n<p><strong>27 juin 1999<\/strong>\u00a0(12,2km pour 1360md+\u00a0; 106 inscrits, 100 class\u00e9s dont 8 femmes) :<br \/>\n\u2013 1er (1er senior) :<strong> J\u00e9r\u00f4me\u00a0Bosch<\/strong>\u00a0(Chamonix Mont-Blanc Marathon) en 1h15\u201939.<br \/>\n\u2013 1\u00e8re (1\u00e8re V1, 18\u00e8me au scratch) :<strong> Brigitte Eustache<\/strong>\u00a0(Chamonix Mont-Blanc Marathon) en 1h31\u201927.<br \/>\n\u2013 R\u00e9sultats complets sur le site Web Courses.free.fr :<br \/>\n<a href=\"http:\/\/courses.free.fr\/div\/resu.php?id=1&amp;annee=1999&amp;n=0\">http:\/\/courses.free.fr\/div\/resu.php?id=1&amp;annee=1999&amp;n=0<\/a><\/p>\n<p><strong>25 juin 2000<\/strong>\u00a0(18,4km pour 1400md+\u00a0; 110 inscrits, 101 class\u00e9s dont 13 femmes) :<br \/>\n\u2013 1er (1er senior) :<strong> J\u00e9r\u00f4me Bosch<\/strong>\u00a0(Chamonix Mont-Blanc Marathon) en 1h39\u201944.<br \/>\n\u2013 1\u00e8re (1\u00e8re V1, 31\u00e8me au scratch) :<strong> Guiseppina Cecco<\/strong>\u00a0(Italie, Fiat Sud Formia) en 2h11\u201916.<br \/>\n\u2013 R\u00e9sultats complets sur le site Web Courses.free.fr :<br \/>\n<a href=\"http:\/\/courses.free.fr\/div\/resu.php?id=1&amp;annee=2000&amp;n=0\">http:\/\/courses.free.fr\/div\/resu.php?id=1&amp;annee=2000&amp;n=0<\/a><\/p>\n<p><strong>22 juin 2001<\/strong>\u00a0(15,3km pour 1400md+\u00a0; 135 inscrits, 127 class\u00e9s dont 17 femmes) :<br \/>\n\u2013 1er (1er senior) :<strong> Thierry Icart<\/strong>\u00a0(Cross Sport Serre Chevalier) en 1h20\u201951.<br \/>\n\u2013 1\u00e8re (1\u00e8re V1, 14\u00e8me au scratch) :<strong> Chantal Baillon<\/strong>\u00a0(Athl\u00e9tic Club Bourg Pierrelatte) en 1h38\u201951.<br \/>\n\u2013 R\u00e9sultats complets sur le site Web Courses.free.fr :<br \/>\n<a href=\"http:\/\/courses.free.fr\/div\/resu.php?id=1&amp;annee=2001&amp;n=0\">http:\/\/courses.free.fr\/div\/resu.php?id=1&amp;annee=2001&amp;n=0<\/a><\/p>\n<p><strong>2 juin 2002, Championnats de France de Course en Montagne Espoirs, Seniors et V\u00e9t\u00e9rans Hommes<\/strong>\u00a0(14km pour 1360md+ et 620md- ;\u00a0<strong>499 inscrits, 435 class\u00e9s, record de participation depuis 1999<\/strong>) :<br \/>\n\u2013 1er (1er senior) :<strong>\u00a0Raymond Fontaine<\/strong>\u00a0(Comit\u00e9 OmniSports Petite Ile Athl\u00e9tisme) en 1h08\u201919. A cette occasion, il glane son\u00a02\u00e8me titre de champion de France de course en montagne apr\u00e8s celui de 2001.<br \/>\n\u2013 R\u00e9sultats complets sur le site Web Courses.free.fr :<br \/>\n<a href=\"http:\/\/courses.free.fr\/div\/resu.php?id=1&amp;annee=2002&amp;n=2\">http:\/\/courses.free.fr\/div\/resu.php?id=1&amp;annee=2002&amp;n=2<\/a><\/p>\n<p><strong>2 juin 2002,<\/strong>\u00a0<strong>Championnats de France de Course en Montagne Juniors Hommes, Espoirs, Seniors et V\u00e9t\u00e9rans Femmes<\/strong>\u00a0(10km pour 920md+ ; 142 inscrits, 125 class\u00e9s dont 99 femmes) :<br \/>\n\u2013 1er (1er junior) :<strong>\u00a0Alexis Traub<\/strong>\u00a0(Entente Athl\u00e9tique de Chamb\u00e9ry) en 57\u201948.<br \/>\n\u2013 1\u00e8re (1\u00e8re senior, 5\u00e8me au scratch) :<strong>\u00a0Corinne Raux<\/strong>\u00a0(Olympique de Marseille Athl\u00e9tisme) en 1h02\u201920.<br \/>\n\u2013 R\u00e9sultats complets sur le site Web Courses.free.fr :<br \/>\n<a href=\"http:\/\/courses.free.fr\/div\/resu.php?id=1&amp;annee=2002&amp;n=1\">http:\/\/courses.free.fr\/div\/resu.php?id=1&amp;annee=2002&amp;n=1<\/a><\/p>\n<p><strong>2 juin 2002,<\/strong>\u00a0<strong>Championnats de France de Course en Montagne Cadets, Cadettes et Juniors Femmes<\/strong>\u00a0(5,4km pour 300md+ ; 22 inscrits, 22 class\u00e9s dont 9 femmes) :<br \/>\n\u2013 1er (1er cadet) :<strong>\u00a0Johan Genty<\/strong>\u00a0(Association Sportive L\u00e9voise Athl\u00e9tisme) en 28\u201903.<br \/>\n\u2013 1\u00e8re (1\u00e8re junior, 11\u00e8me au scratch) :<strong>\u00a0Claire Strickland<\/strong>\u00a0(Entente Athl\u00e9tique Moulins-Yzeure-Avernes) en 34\u201911.<br \/>\n\u2013 1\u00e8re (1\u00e8re cadette, 16\u00e8me au scratch) :\u00a0<strong>Myl\u00e8ne Martin<\/strong>\u00a0(Montrottier) en 36\u201953.<br \/>\n\u2013 R\u00e9sultats complets sur le site Web Courses.free.fr :<br \/>\n<a href=\"http:\/\/courses.free.fr\/div\/resu.php?id=1&amp;annee=2002&amp;n=0\">http:\/\/courses.free.fr\/div\/resu.php?id=1&amp;annee=2002&amp;n=0<\/a><\/p>\n<p><strong>22 juin 2003<\/strong>\u00a0(14km pour 1360md+\u00a0et 620md- ; 128 inscrits, 110 class\u00e9s dont 6 femmes) :<br \/>\n\u2013 1er (1er senior) :<strong> Vincent Vassard<\/strong>\u00a0(Athl\u00e9 21) en 1h26\u201914.<br \/>\n\u2013 1\u00e8re (1\u00e8re V1, 43\u00e8me au scratch) :<strong> Dominique Kill<\/strong>\u00a0(La Balme-de-Sillingy) en 1h50\u201910.<br \/>\n\u2013 R\u00e9sultats complets sur le site Web Courses.free.fr :<br \/>\n<a href=\"http:\/\/courses.free.fr\/div\/resu.php?id=1&amp;annee=2003&amp;n=0\">http:\/\/courses.free.fr\/div\/resu.php?id=1&amp;annee=2003&amp;n=0<\/a><\/p>\n<p><strong>20 juin 2004<\/strong>\u00a0(14km pour 1360md+ et 620md- ; 120 inscrits, 113 class\u00e9s dont 14 femmes) :<br \/>\n\u2013 1er (1er senior) :<strong> Mathieu Gachet\u00a0<\/strong>(Club des Sports de Meg\u00e8ve) en 1h23\u201950.<br \/>\n\u2013 1\u00e8re (1\u00e8re V1, 58\u00e8me au scratch) :<strong> Myl\u00e8ne Raffin<\/strong>\u00a0(Club Alpin Fran\u00e7ais du Haut-Jura) en 1h53\u201934.<br \/>\n\u2013 R\u00e9sultats complets sur le site Web Courses.free.fr :<br \/>\n<a href=\"http:\/\/courses.free.fr\/div\/resu.php?id=1&amp;annee=2004&amp;n=0\">http:\/\/courses.free.fr\/div\/resu.php?id=1&amp;annee=2004&amp;n=0<\/a><\/p>\n<p><strong>12 juin 2005\u00a0<\/strong>(14km pour 1360md+ et 620md- ; 150 inscrits, 133 class\u00e9s dont 8 femmes) :<br \/>\n\u2013 1er (1er senior) :<strong> Alain Bohard<\/strong>\u00a0(Pr\u00e9manon) en 1h24\u201900.<br \/>\n\u2013 1\u00e8re (1\u00e8re V1, 53\u00e8me au scratch) :<strong> Maryse Jaunin<\/strong>\u00a0(Viry) en 1h51\u201924.<br \/>\n\u2013 R\u00e9sultats complets sur le site Web Courses.free.fr :<br \/>\n<a href=\"http:\/\/courses.free.fr\/div\/resu.php?id=1&amp;annee=2005&amp;n=0\">http:\/\/courses.free.fr\/div\/resu.php?id=1&amp;annee=2005&amp;n=0<\/a><\/p>\n<p><strong>18 juin 2006<\/strong>\u00a0(14km pour 1360md+ et 620md- ; 147 inscrits, 134 class\u00e9s dont 16 femmes) :<br \/>\n\u2013 1er (1er senior) :<strong> Daniel Vanel<\/strong>\u00a0(Faucigny Athl\u00e9tic Club) en 1h25\u201921.<br \/>\n\u2013 1\u00e8re (1\u00e8re V1, 17\u00e8me au scratch) :<strong> Maryse Jaunin<\/strong>\u00a0(Athl\u00e9 Saint-Julien 74) en\u00a0<strong>1h36\u201949, record f\u00e9minin du parcours emprunt\u00e9 entre 2004 et 2010, hormis 2009<\/strong>.<br \/>\n\u2013 R\u00e9sultats complets sur le site Web Courses.free.fr :<br \/>\n<a href=\"http:\/\/courses.free.fr\/div\/resu.php?id=1&amp;annee=2006&amp;n=0\">http:\/\/courses.free.fr\/div\/resu.php?id=1&amp;annee=2006&amp;n=0<\/a><\/p>\n<p><strong>17 juin 2007<\/strong>\u00a0(14km pour 1360md+ et 620md- ; 137 inscrits, 128 class\u00e9s dont 11 femmes) :<br \/>\n\u2013 1er (1er senior) :<strong> Alain Gillet<\/strong>\u00a0(Evian Off Course) en <strong>1h23\u201920,<\/strong> <strong>record scratch du parcours emprunt\u00e9 entre 2004 et 2010, hormis 2009<\/strong>.<br \/>\n\u2013 1\u00e8re (1\u00e8re cadette, 73\u00e8me au scratch) :<strong> Ma\u00eblle Mugnier<\/strong>\u00a0(Athl\u00e9tique Sport Aixois) en 2h00\u201928.<br \/>\n\u2013 R\u00e9sultats complets sur le site Web Courses.free.fr :<br \/>\n<a href=\"http:\/\/courses.free.fr\/div\/resu.php?id=1&amp;annee=2007&amp;n=0\">http:\/\/courses.free.fr\/div\/resu.php?id=1&amp;annee=2007&amp;n=0<\/a><\/p>\n<p><strong>15 juin 2008<\/strong>\u00a0(14km pour 1360md+ et 620md- ; 129 inscrits, 119 class\u00e9s dont 16 femmes) :<br \/>\n\u2013 1er (1er senior) :<strong> S\u00e9bastien Gauthier<\/strong>\u00a0(Amb\u00e9rieu Marathon) en 1h29\u201922.<br \/>\n\u2013 1\u00e8re (1\u00e8re senior, 38\u00e8me au scratch) :<strong> Anne Ruelen<\/strong>\u00a0(Amb\u00e9rieu Marathon) en 1h53\u201949.<br \/>\n\u2013 R\u00e9sultats complets sur le site Web Courses.free.fr :<br \/>\n<a href=\"http:\/\/courses.free.fr\/div\/resu.php?id=1&amp;annee=2008&amp;n=0\">http:\/\/courses.free.fr\/div\/resu.php?id=1&amp;annee=2008&amp;n=0<\/a><\/p>\n<p><strong>21 juin 2009<\/strong>\u00a0(16,8km pour 1300md+ et 460md-, parcours de repli ; 104 inscrits, 100 class\u00e9s dont 16 femmes) :<br \/>\n\u2013 1er (1er senior) :<strong> S\u00e9bastien Gauthier\u00a0<\/strong>(Amb\u00e9rieu Marathon) en 1h35\u201906.<br \/>\n\u2013 1\u00e8re (1\u00e8re V1, 50\u00e8me au scratch) :<strong> Pascale\u00a0Marie<\/strong>\u00a0(Ain-Est Athl\u00e9tisme) en 2h03\u201922.<br \/>\n\u2013 R\u00e9sultats complets sur le site Web Courses.free.fr :<br \/>\n<a href=\"http:\/\/courses.free.fr\/div\/resu.php?id=1&amp;annee=2009&amp;n=0\">http:\/\/courses.free.fr\/div\/resu.php?id=1&amp;annee=2009&amp;n=0<\/a><\/p>\n<p><strong>20 juin 2010<\/strong>\u00a0(14km pour 1360md+ et 620md- ; 108 inscrits, 100 class\u00e9s dont 17 femmes) :<br \/>\n\u2013 1er (1er V1) :<strong> J\u00e9r\u00f4me Bosch<\/strong>\u00a0(Team Technicien du Sport Seynod et Corsica Sport Mezzavia) en 1h24\u201902.<br \/>\n\u2013 1\u00e8re (1\u00e8re V1, 25\u00e8me au scratch) :<strong> Michelle Leservoisier<\/strong>\u00a0(Team Technicien du Sport Seynod et Jogg\u2019Attitude) en 1h48\u201942.<br \/>\n\u2013 R\u00e9sultats complets\u00a0sur le site Web Courses.free.fr :<br \/>\n<a href=\"http:\/\/courses.free.fr\/div\/resu.php?id=1&amp;annee=2010&amp;n=0\">http:\/\/courses.free.fr\/div\/resu.php?id=1&amp;annee=2010&amp;n=0<\/a><\/p>\n<p><strong>19 juin 2011 :<br \/>\n<\/strong>Edition interdite le 17 juin par la pr\u00e9fecture de l\u2019Ain sur le parcours de repli, l\u2019organisation Bellegarde Vals\u2019Running se voyant reprocher un double manquement :<br \/>\n&#8211; La transmission de la demande d\u2019autorisation par l\u2019organisation quatre jours avant le jour J alors que le d\u00e9lai est r\u00e9glementairement de six semaines.<br \/>\n&#8211; L\u2019absence pr\u00e9visionnelle de secours afin d\u2019assurer la s\u00e9curit\u00e9 de l\u2019\u00e9v\u00e9nement.<br \/>\nLe 10 juin, le comit\u00e9 de suivi des travaux et des manifestations de la r\u00e9serve naturelle nationale de la Haute Cha\u00eene du Jura avait proscrit le parcours traditionnel, en l\u2019occurrence celui qui emprunte l\u2019espace naturel prot\u00e9g\u00e9, et ce pour une double raison :<br \/>\n&#8211; Le non-respect par l\u2019organisation du d\u00e9lai de la demande d\u2019autorisation \u00e0 traverser l\u2019espace prot\u00e9g\u00e9.<br \/>\n&#8211; L\u2019absence de mesures efficaces prises par l\u2019organisation afin de suivre \u00e0 la lettre la r\u00e9glementation de cet espace prot\u00e9g\u00e9.<\/p>\n<p><strong>17 juin 2012 :<br \/>\n<\/strong>Edition annul\u00e9e, l\u2019organisation Bellegarde Vals\u2019Running\u00a0craignant une nouvelle interdiction de la part du comit\u00e9 de suivi des travaux et des manifestations de la r\u00e9serve naturelle nationale de la Haute Cha\u00eene du Jura, qui aurait mis \u00e0 mal ses finances comme en 2011. Une crainte non-fond\u00e9e, le directeur conservateur de la r\u00e9serve s\u2019appr\u00eatant \u00e0 donner son accord tout en mettant en garde l\u2019organisation d\u2019une interdiction en 2013 si la r\u00e9glementation de l\u2019espace prot\u00e9g\u00e9 est une nouvelle fois malmen\u00e9e.<\/p>\n<p><strong>16 juin 2013 :<\/strong><br \/>\nEdition annul\u00e9e par l\u2019organisation\u00a0Bellegarde Vals\u2019Running.<\/p>\n<p><strong>Juin 2014 :<\/strong><br \/>\nEdition annul\u00e9e par l\u2019organisation\u00a0Bellegarde Vals\u2019Running.<\/p>\n<p><strong>17 mai 2015<\/strong> (14,3km pour 1300md+ et 575md- ; 137 inscrits dont 15 femmes, 134 class\u00e9s dont 12 femmes) :<br \/>\n\u2013 1er (1er V1) :<strong>\u00a0C\u00e9dric Fleureton<\/strong>\u00a0(Team New Balance ;\u00a0Val-de-Sa\u00f4ne Athl\u00e9tisme, section de l\u2019Athl\u00e9 Calade Val-de-Sa\u00f4ne) en <strong>1h16\u201917, record scratch du parcours emprunt\u00e9 depuis 2015<\/strong>.<br \/>\n\u2013 1\u00e8re (1\u00e8re senior, 29\u00e8me au scratch) :<strong>\u00a0Natacha Liver<\/strong> (Suisse, Stade Gen\u00e8ve Athl\u00e9tisme) en 1h43\u201956.<br \/>\n\u2013 R\u00e9sultats complets\u00a0sur le site Web L-Chrono :<br \/>\n<a href=\"http:\/\/www.l-chrono.com\/resultats2015\/montee_du_cret_deau.pdf\">http:\/\/www.l-chrono.com\/resultats2015\/montee_du_cret_deau.pdf<\/a><\/p>\n<p><strong>22 mai 2016<\/strong>\u00a0(14,3km pour 1300md+ et 575md- ; 134 inscrits dont 24 femmes ; 124 partants dont 23 femmes ; 121 class\u00e9s dont 22 femmes ; 3 abandons dont une femme) :<br \/>\n\u2013 1er (1er V1) :\u00a0<strong>C\u00e9dric Fleureton<\/strong>\u00a0(Team New Balance et Club Athl\u00e9tique du Bassin Bellegardien) en 1h16\u201949.<br \/>\n\u2013 1\u00e8re (1\u00e8re senior, 8\u00e8me au scratch) :\u00a0<strong>Christel Dewalle\u00a0<\/strong>(Team Adidas Trail et Athl\u00e9 Saint-Julien 74) en <strong>1h27\u201951, record f\u00e9minin du parcours emprunt\u00e9 depuis 2015<\/strong>.<br \/>\n\u2013 R\u00e9sultats complets\u00a0sur le site Web L-Chrono :<br \/>\n<a href=\"http:\/\/www.l-chrono.com\/resultats2016\/montee_du_cret_deau.pdf\">http:\/\/www.l-chrono.com\/resultats2016\/montee_du_cret_deau.pdf<\/a><br \/>\n<span style=\"color: #ffffff;\">.<\/span><br \/>\n<span style=\"color: #ffffff;\">.<br \/>\n.<\/span><br \/>\n<strong>PARCOURS :<br \/>\n<\/strong><span style=\"color: #ffffff;\">.<\/span><br \/>\n<span style=\"color: #ffffff;\">.<\/span><strong><br \/>\nLe descriptif depuis 2015 :<\/strong><\/p>\n<p>Le d\u00e9part s\u2019effectue rue de la R\u00e9publique, devant le parvis de la mairie de Bellegarde. En guise d\u2019hors d\u2019\u0153uvre, 300m de faux plat descendant conduisent au pont de Coupy, endroit le moins \u00e9lev\u00e9 de l\u2019\u00e9preuve avec ses 342m d\u2019altitude. D\u00e9marre alors la premi\u00e8re mont\u00e9e, asphalt\u00e9e et au pourcentage mod\u00e9r\u00e9, avant que les athl\u00e8tes ne grimpent, sur 125m, le chemin de l\u2019\u00e9cole, si raide qu\u2019il se transforme en escalier avec ses rondins en bois. Parvenu \u00e0 l\u2019ancienne \u00e9cole de Coupy, on redescend sur 150m \u00e0 travers une route avant de gravir le chemin des Crozets, d\u2019abord tr\u00e8s escarp\u00e9 sur 100m, puis un peu moins ardu jusqu\u2019au village de Ballon (510m d\u2019altitude).<\/p>\n<p>De l\u00e0, on emprunte une route sur 130m puis, au km2, le chemin des Avours, long d\u2019environ 1km o\u00f9 l\u2019on s\u2019\u00e9l\u00e8ve de 200m avec une pente de 20% qui augmente \u00e0 mesure que l\u2019on prend de l\u2019altitude. L\u2019itin\u00e9raire s\u2019aplatit brusquement, d\u2019abord en contournant sur 500m une carri\u00e8re par la droite avant de parcourir un pr\u00e9 (Pr\u00e9 Seigneur) puis d\u2019atteindre une route (km4, 710m d\u2019altitude). On arpente celle-ci en faux plat montant sur 620m avant de surgir au premier ravitaillement (liquide + solide), localis\u00e9 au hameau de M\u00e9tral (4,6km, 750m d\u2019altitude).<\/p>\n<p>On d\u00e9laisse alors le bitume pour une br\u00e8ve grimp\u00e9e de 130m puis 250 autres m\u00e8tres, cette fois-ci en faux-plat montant, avant d\u2019aborder le fameux chemin des Vaches, principale difficult\u00e9 de la course. Au menu, un peu plus d\u20191,5km o\u00f9 l\u2019on passe de 800 \u00e0 1230m d\u2019altitude, dans les bois jusqu\u2019\u00e0 1150m, enfin dans les pr\u00e8s. Avec comme plat de r\u00e9sistance, un terrible mur \u00e0 30% sur 800m de long que les avaleurs de cime d\u00e9vorent entre 900 et 1150m d\u2019altitude.<\/p>\n<p>Peu apr\u00e8s la lisi\u00e8re sup\u00e9rieure de la for\u00eat, les rescap\u00e9s du chemin des Vaches d\u00e9couvrent l\u2019atmosph\u00e8re bucolique de l\u2019alpage de Sorgia d\u2019en Bas (1230m d\u2019altitude) o\u00f9 ils cheminent d\u00e9sormais sur une piste pastorale. Au bout de 400m (km7), ils bifurquent \u00e0 droite sur un chemin assez large puis tr\u00e8s vite \u00e0 gauche \u00e0 travers un superbe monotrace panoramique acc\u00e9dant, par une agr\u00e9able pente en d\u00e9vers, aux ruines de Sorgia d\u2019en Haut (km8, 1410m d\u2019altitude).<\/p>\n<p>Une rampe s\u2019ensuit, d\u2019abord rude puis beaucoup plus roulante, qui conduit au pied du cr\u00eat du Milieu (km9, 1540m d\u2019altitude), bien visible avec son mur de pierre, \u00e9rig\u00e9 du plateau au sommet. Un sommet qu\u2019on ne foule pas, contrairement aux \u00e9ditions pr\u00e9valant jusqu\u2019en 2010, mais qu\u2019on contourne par la droite. Avant d\u2019attaquer, depuis un goya, la courte mais \u00e9prouvante ascension (70m de d\u00e9nivel\u00e9) du cr\u00eat de la Goutte o\u00f9 sera install\u00e9, comme en 2015, le deuxi\u00e8me ravitaillement, cette fois-ci uniquement en eau (1). Toit de la comp\u00e9tition \u00e0 1621m d\u2019altitude, situ\u00e9 au 10\u00e8me km, celui-ci offre un inoubliable panorama \u00e0 360\u00b0 sur les toutes les Alpes du Nord, du Mont-Blanc aux Ecrins, sans oublier Gen\u00e8ve et son lac !<\/p>\n<p>D\u00e9marre alors la descente finale de 4 bornes sur la station de Menthi\u00e8res (commune de Ch\u00e9zery-Forens) o\u00f9 est jug\u00e9e l\u2019arriv\u00e9e. Empruntant la ligne de cr\u00eate vers le nord, le sentier d\u00e9gringole ensuite en longeant une cl\u00f4ture, tout en se dirigeant vers le cr\u00eat le plus proche, d\u00e9nomm\u00e9 \u00ab\u00a0Eguillon\u00a0\u00bb, sans y monter. Le trac\u00e9 parvient \u00e0 un collet (1510m d\u2019altitude) o\u00f9 se niche, vers la gauche, la pierre \u00e0 Fromage, grosse pierre en forme de table \u00e9troite o\u00f9 les bergers posaient leurs casse-cro\u00fbtes \u00e0 l\u2019abri des rongeurs.<\/p>\n<p>De ce collet, on grimpe quelques m\u00e8tres vers le cr\u00eat de l\u2019Eguillon puis on vire \u00e0 droite en franchissant la cl\u00f4ture. Apr\u00e8s avoir atterri \u00e0 1460m d\u2019altitude (km11), une portion plus ou moins plane de 300m permet alors une l\u00e9g\u00e8re r\u00e9cup\u00e9ration avant de redescendre jusqu\u2019au chalet du Sac (km12, 1381m d\u2019altitude).<\/p>\n<p>Le km suivant est le moins technique de cette descente. Tandis qu\u2019un goulet est en vue, on d\u00e9bouche sur la piste bleue de la Cascade, \u00e0 faible d\u00e9clivit\u00e9, qui am\u00e8ne rapidement au col du Sac o\u00f9 se trouve un carrefour \u00e0 trois branches. Optant pour celle du centre, on continue \u00e0 d\u00e9valer cette piste de ski, d\u00e9sormais engazonn\u00e9e et de plus en plus pentue, avant de conclure sur le parking de Menthi\u00e8res (14,3km, 1066m d\u2019altitude).<\/p>\n<p><strong>F.V. (avec Pierre-Louis Zajac)<\/strong><\/p>\n<p>(1) Lors du 14\u00e8me mill\u00e9sime, concouru le 22 mai 2016, un arr\u00eat\u00e9 pr\u00e9fectoral, suite \u00e0 une requ\u00eate des autorit\u00e9s de la r\u00e9serve naturelle nationale (RNN) de la Haute Cha\u00eene du Jura, avait proscrit tout ravitaillement au cr\u00eat de la Goutte (km10,3) alors que celui-ci est situ\u00e9 en dehors de l\u2019espace naturel prot\u00e9g\u00e9. Les autorit\u00e9s de la RNN reprochaient en effet aux b\u00e9n\u00e9voles de l\u2019organisation d\u2019avoir emprunt\u00e9 en 2015 la route foresti\u00e8re du Sorgia avec des v\u00e9hicules motoris\u00e9s, pourtant interdits chaque ann\u00e9e du 1er d\u00e9cembre au 30 juin, et ce afin d\u2019acheminer plus rapidement l\u2019eau au cr\u00eat de la Goutte.<br \/>\nDu coup, hormis l\u2019arriv\u00e9e, les comp\u00e9titeurs ne purent en 2016 se ravitailler qu\u2019une seule fois, en l\u2019occurrence dans le hameau de M\u00e9tral (km4,6), ce qui est trop peu pour une course de montagne.<br \/>\nMa\u00eetre d\u2019oeuvre de la manifestation, le Club Athl\u00e9tique du Bassin Bellegardien avait cependant respect\u00e9 cet arr\u00eat\u00e9, soucieux du modus vivendi \u00e9tabli entre lui-m\u00eame et les autorit\u00e9s de la RNN, symbolisant ainsi la concordance entre les activit\u00e9s sportives outdoor et la protection de la nature. Aussi, le volontaire qui assurera le 23 juillet prochain le ravitaillement au cr\u00eat de la Goutte apportera l\u2019eau avec trois de ses camarades depuis le parking de la Charnaz, et ce en cheminant sur un itin\u00e9raire enti\u00e8rement en dehors de la RNN.<br \/>\n<span style=\"color: #ffffff;\">.<\/span><br \/>\n<span style=\"color: #ffffff;\">.<\/span><strong><br \/>\n<\/strong><strong>L\u2019\u00e9volution :<\/strong><\/p>\n<p><strong>\u2013 2002-2003 :<\/strong>\u00a0parcours identique.<br \/>\n<strong>\u2013 2004-2005-2006-2007-2008-2010 :<\/strong>\u00a0parcours identique.<br \/>\nUne modification par rapport \u00e0 2002-2003 : le chemin des Avours est rallong\u00e9 de 800m \u00e0 cause de l\u2019extension de la carri\u00e8re bellegardienne Famy, sur les hauteurs du hameau de Ballon (commune de Lancrans), qu\u2019il a fallu contourner.<br \/>\n<strong>\u2013 2009 :<\/strong>\u00a0parcours de repli, le sous-pr\u00e9fet de Gex, apr\u00e8s avis des autorit\u00e9s de la r\u00e9serve naturelle nationale de la Haute Cha\u00eene du Jura, ayant interdit le parcours habituel.<br \/>\n<strong>\u2013 2015-2016-2017 :<\/strong>\u00a0parcours identique.<br \/>\nTrois modifications par rapport \u00e0 2004-2005-2006-2007-2008-2010 :<br \/>\n\u2013 1\u00e8re modification : entre les km 7,5 (400m apr\u00e8s la ferme de Sorgia d\u2019en Bas) et 9,5 (base du cr\u00eat du Milieu), une ravissante monotrace succ\u00e8de d\u00e9sormais \u00e0 une banale piste sylvo-pastorale puis \u00e0 un long passage hors trace.<br \/>\n\u2013 2\u00e8me modification : \u00e0 partir du km 9, on d\u00e9laisse d\u00e9sormais l\u2019ascension du cr\u00eat du Milieu qu\u2019on contourne \u00e0 main droite.<br \/>\n\u2013 3\u00e8me modification : l\u2019arriv\u00e9e est d\u00e9sormais jug\u00e9e sur le parking de Menthi\u00e8res et non plus sur le bas des pistes de ski alpin.<br \/>\n<span style=\"color: #ffffff;\">.<\/span><br \/>\n<span style=\"color: #ffffff;\">.<\/span><br \/>\n<span style=\"color: #ffffff;\">.<\/span><strong style=\"font-size: 0.95em;\"><br \/>\n<\/strong><strong>LA MONTEE DU CRET D\u2019EAU SUR LES SITES WEB TPS INFOS (2011-2016) ET COURZYVITE (2015-2017) :<\/strong><\/p>\n<p><strong>\u2013 Pr\u00e9sentation et annulation de l\u2019\u00e9dition 2011 :<\/strong><strong><br \/>\n<\/strong><u><a href=\"http:\/\/www.trail-running-savoie.fr\/presentation-de-la-montee-du-cret-deau-19-06-11-10\/\">http:\/\/www.trail-running-savoie.fr\/presentation-de-la-montee-du-cret-deau-19-06-11-10\/<\/a><\/u><\/p>\n<p><strong>\u2013 Annulation de l\u2019\u00e9dition 2012\u00a0:<\/strong><br \/>\n<a href=\"http:\/\/www.trail-running-savoie.fr\/annulation-de-la-montee-du-cret-deau-17-06-12\/\">http:\/\/www.trail-running-savoie.fr\/annulation-de-la-montee-du-cret-deau-17-06-12\/<\/a><\/p>\n<p><strong>\u2013 Annulation de l\u2019\u00e9dition 2013\u00a0:<\/strong><br \/>\n<a href=\"http:\/\/www.trail-running-savoie.fr\/nouvelle-annulation-de-la-montee-du-cret-deau-16-06-13\/\">http:\/\/www.trail-running-savoie.fr\/nouvelle-annulation-de-la-montee-du-cret-deau-16-06-13\/<\/a><\/p>\n<p><strong>\u2013\u00a0Pr\u00e9sentation de l\u2019\u00e9dition 2015 : la r\u00e9surrection apr\u00e8s quatre ann\u00e9es de disette (1er volet) :<\/strong><br \/>\n<a href=\"https:\/\/www.courzyvite.run\/blog\/2014\/12\/22\/apres-quatre-annees-de-disette-la-resurrection-de-la-montee-du-cret-deau-17-05-15\/\">https:\/\/www.courzyvite.run\/blog\/2014\/12\/22\/apres-quatre-annees-de-disette-la-resurrection-de-la-montee-du-cret-deau-17-05-15\/<\/a><\/p>\n<p><strong>\u2013 Pr\u00e9sentation de l\u2019\u00e9dition 2015 : Xavier Th\u00e9venard au d\u00e9part (2\u00e8me volet) :<\/strong><br \/>\n<a href=\"http:\/\/www.trail-running-savoie.fr\/xavier-thevenard-au-depart-de-la-montee-du-cret-deau-17-05-15\/\">http:\/\/www.trail-running-savoie.fr\/xavier-thevenard-au-depart-de-la-montee-du-cret-deau-17-05-15\/<\/a><\/p>\n<p><strong>\u2013 Pr\u00e9sentation de l\u2019\u00e9dition 2015 : un plateau de r\u00eave (3\u00e8me volet) :<\/strong><br \/>\n<a href=\"http:\/\/www.trail-running-savoie.fr\/un-plateau-de-reve-pour-la-montee-du-cret-deau-2eme-volet-17-05-15\/\">http:\/\/www.trail-running-savoie.fr\/un-plateau-de-reve-pour-la-montee-du-cret-deau-2eme-volet-17-05-15\/<\/a><\/p>\n<p><strong>\u2013 R\u00e9sultats, photos et vid\u00e9os\u00a0de l\u2019\u00e9dition 2015 :<\/strong><br \/>\n<a href=\"http:\/\/www.trail-running-savoie.fr\/resultats-et-photos-de-la-montee-du-cret-deau-17-05-15\/\">http:\/\/www.trail-running-savoie.fr\/resultats-et-photos-de-la-montee-du-cret-deau-17-05-15\/<\/a><\/p>\n<p><strong>\u2013 Pr\u00e9sentation de l\u2019\u00e9dition 2016 : changement de dimension (1er volet) :<\/strong><br \/>\n<a href=\"http:\/\/www.trail-running-savoie.fr\/changement-de-dimension-pour-la-montee-du-cret-deau-01-12-15\/\">http:\/\/www.trail-running-savoie.fr\/changement-de-dimension-pour-la-montee-du-cret-deau-01-12-15\/<\/a><\/p>\n<p><strong>\u2013 Pr\u00e9sentation de l\u2019\u00e9dition 2016 : challenges, parcours, palmar\u00e8s, infos pratiques et photos (2\u00e8me volet) :<\/strong><br \/>\n<a href=\"https:\/\/www.courzyvite.run\/blog\/2016\/05\/09\/presentation-de-la-montee-du-cret-deau-challenges-parcours-palmares-infos-pratiques-et-photos-1er-volet-22-05-16\/\">https:\/\/www.courzyvite.run\/blog\/2016\/05\/09\/presentation-de-la-montee-du-cret-deau-challenges-parcours-palmares-infos-pratiques-et-photos-1er-volet-22-05-16<\/a><\/p>\n<p><strong>\u2013 Pr\u00e9sentation de l\u2019\u00e9dition 2016 : favoris et outsiders (3\u00e8me volet) :<\/strong><br \/>\n<a href=\"http:\/\/www.trail-running-savoie.fr\/presentation-de-la-montee-du-cret-deau-favoris-et-outsiders-2eme-volet-22-05-16\/\">http:\/\/www.trail-running-savoie.fr\/presentation-de-la-montee-du-cret-deau-favoris-et-outsiders-2eme-volet-22-05-16\/<\/a><\/p>\n<p><strong>\u2013 Pr\u00e9sentation de l\u2019\u00e9dition 2017 : favoris et outsiders (1er volet) :<br \/>\n<\/strong><a href=\"https:\/\/www.courzyvite.run\/blog\/2017\/07\/01\/presentation-de-la-montee-du-cret-deau-1er-volet-23-07-17\/\">https:\/\/www.courzyvite.run\/blog\/2017\/07\/01\/presentation-de-la-montee-du-cret-deau-1er-volet-23-07-17\/<\/a><br \/>\n<span style=\"color: #ffffff;\">.<\/span><br \/>\n<span style=\"color: #ffffff;\">.<\/span><br \/>\n<span style=\"color: #ffffff;\">.<\/span><br \/>\n<strong>INFOS PRATIQUES :<\/strong><\/p>\n<p><strong>Une seule course :<\/strong><br \/>\n<strong>La Mont\u00e9e du Cr\u00eat d\u2019Eau :<\/strong><br \/>\n\u2013<strong>\u00a0<\/strong>Participants : juniors, espoirs, seniors et v\u00e9t\u00e9rans.<br \/>\n\u2013<strong>\u00a0<\/strong>Dimensions : 14,3km pour 1300md+ et 575md-.<br \/>\nPoint culminant : cr\u00eat de la Goutte \u00e0 1621m d\u2019altitude.<\/p>\n<p><strong>Quatre challenges :<\/strong><br \/>\n<strong>\u2013\u00a0<\/strong><strong>Le Challenge National de Courses en Montagne<\/strong>\u00a0(13 manches)\u00a0dont la Mont\u00e9e du Cr\u00eat d\u2019Eau constitue la 9\u00e8me \u00e9tape.<br \/>\nSite Web de la F\u00e9d\u00e9ration Fran\u00e7aise d\u2019Athl\u00e9tisme :<br \/>\n<a href=\"http:\/\/www.athle.fr\/asp.net\/main.html\/html.aspx?htmlid=4991\">http:\/\/www.athle.fr\/asp.net\/main.html\/html.aspx?htmlid=4991<\/a><br \/>\n<strong>\u2013\u00a0<\/strong><strong>Le Challenge D\u00e9partemental des Courses Hors Stade<\/strong>.<br \/>\n<strong>\u2013\u00a0<\/strong><strong>Le Challenge de l\u2019Ain de Course en Montagne\u00a0<\/strong>(23 manches) dont la Mont\u00e9e du Cr\u00eat d\u2019Eau constitue la 14\u00e8me \u00e9tape.<br \/>\nSite Web Courses.free.fr :<br \/>\n<a href=\"http:\/\/courses.free.fr\/challenge\/challenge.php\">http:\/\/courses.free.fr\/challenge\/challenge.php<\/a><br \/>\n<strong>\u2013\u00a0<\/strong><strong>Le Challenge Running Conseil des Courses de Montagne\u00a0<\/strong>(20 manches) dont la Mont\u00e9e du Cr\u00eat d\u2019Eau constitue la 10\u00e8me \u00e9tape.<br \/>\nSite Web Courzyvite :<br \/>\n<a href=\"http:\/\/www.courzyvite.fr\/Challenge-Oxy.php\">http:\/\/www.courzyvite.fr\/Challenge-Oxy.php<\/a><\/p>\n<p><strong>Inscriptions :<br \/>\n\u2013 La Poste :\u00a0<\/strong>jusqu\u2019au mercredi 19 juillet \u00e0 l\u2019adresse suivante :<br \/>\n<strong>Chrystelle Lassalle-Ghendir<\/strong>, pr\u00e9sidente du Club Athl\u00e9tique du Bassin Bellegardien,\u00a0 47 chemin de Beaus\u00e9jour\u00a0 01 200 Bellegarde-sur-Valserine.<br \/>\n<strong>\u2013\u00a0<\/strong><strong>En ligne :\u00a0<\/strong>jusqu\u2019au samedi 22 juillet \u00e0 21h00 sur le site Web L-Chrono\u00a0:<strong><br \/>\n<\/strong><a href=\"http:\/\/inscriptions-l-chrono.com\/monteeducretdeau2017\/select_competition\">http:\/\/inscriptions-l-chrono.com\/monteeducretdeau2017\/select_competition<\/a><strong><br \/>\n\u2013 Jour J :<\/strong>\u00a0\u00e0 partir de 8h00 au centre Jean Vilar (ex-MJC), place Jeanne d\u2019Arc \u00e0 Bellegarde.<strong><br \/>\n<\/strong>Attention, inscriptions limit\u00e9es \u00e0 250 places \u00e0 cause du quota impos\u00e9 par les autorit\u00e9s de la r\u00e9serve naturelle nationale de la Haute Cha\u00eene du Jura.<\/p>\n<p><strong>Montants :<\/strong><br \/>\n<strong>\u2013 La Poste :\u00a0<\/strong>14 euros.<strong><br \/>\n\u2013 En ligne :\u00a0<\/strong>14 euros + 1 euro de frais de gestion du site Web L-Chrono.\u00a0<strong><br \/>\n\u2013 Jour J :\u00a0<\/strong>16<b>\u00a0<\/b>euros.<strong>\u00a0<\/strong><\/p>\n<p><strong>D\u00e9part :<\/strong><br \/>\n<strong>\u2013\u00a0<\/strong><strong>Horaire :<\/strong>\u00a09h30.<br \/>\n<strong>\u2013\u00a0<\/strong><strong>Lieu :<\/strong>\u00a0rue de la R\u00e9publique devant la mairie de Bellegarde.<\/p>\n<p><strong>Arriv\u00e9e\u00a0:<\/strong><br \/>\n<strong>\u2013 Barri\u00e8re horaire :\u00a0<\/strong>12h45, soit 3h15 de course.<br \/>\n<strong>\u2013\u00a0<\/strong><strong>Horaire de la remise des prix :\u00a0<\/strong>\u00e0 partir de 11h45.<br \/>\n<strong>\u2013\u00a0<\/strong><strong>Horaires des navettes pour le retour \u00e0 Bellegarde<\/strong>\u00a0: 12h00 et 13h00.<br \/>\n<strong>\u2013 Lieu\u00a0:<\/strong>\u00a0station de Menthi\u00e8res, commune de Ch\u00e9zery-Forens.<\/p>\n<p><strong>Renseignements compl\u00e9mentaires :<\/strong><br \/>\n<strong>\u2013\u00a0<\/strong><strong>E-mail du Club Athl\u00e9tique du Bassin Bellegardien\u00a0:<br \/>\n<\/strong><a href=\"mailto:contact.club@yahoo.fr\">contact.cabb@yahoo.fr<br \/>\n<\/a><strong>\u2013 Site Web de la Mont\u00e9e du Cr\u00eat d\u2019Eau de 1999 \u00e0 2010 :<\/strong><strong><br \/>\n<\/strong><a href=\"http:\/\/courses.free.fr\/sorgia\/\">http:\/\/courses.free.fr\/sorgia\/<\/a><strong><br \/>\n\u2013 Site Web de la Mont\u00e9e du Cr\u00eat d\u2019Eau \u00e0 partir de 2015 :<br \/>\n<\/strong><a href=\"http:\/\/www.courses.cabb01.club\/monteeducretdeau\/\">http:\/\/www.courses.cabb01.club\/monteeducretdeau\/<br \/>\n<\/a><strong>\u2013 T\u00e9l\u00e9phone de Chrystelle Lassalle-Ghendir<\/strong>, pr\u00e9sidente du Club Athl\u00e9tique du Bassin Bellegardien : 06-12-99-17-22.<br \/>\n<span style=\"color: #ffffff;\">.<\/span><br \/>\n<span style=\"color: #ffffff;\">.<\/span><br \/>\n<span style=\"color: #ffffff;\">.<\/span><strong style=\"font-size: 0.95em;\"><br \/>\n<\/strong><strong>PHOTOS : \u00a0 \u00a0<\/strong><\/p>\n<p><strong><img data-recalc-dims=\"1\" loading=\"lazy\" decoding=\"async\" class=\"size-full wp-image-47632 aligncenter\" src=\"https:\/\/i0.wp.com\/www.courzyvite.run\/blog\/wp-content\/uploads\/2017\/07\/La-Montee-du-Cret-d-Eau-05-e1498928394734-1.jpg?resize=860%2C573&#038;ssl=1\" alt=\"\" width=\"860\" height=\"573\" srcset=\"https:\/\/i0.wp.com\/www.courzyvite.run\/blog\/wp-content\/uploads\/2017\/07\/La-Montee-du-Cret-d-Eau-05-e1498928394734-1.jpg?w=900&amp;ssl=1 900w, https:\/\/i0.wp.com\/www.courzyvite.run\/blog\/wp-content\/uploads\/2017\/07\/La-Montee-du-Cret-d-Eau-05-e1498928394734-1.jpg?resize=820%2C547&amp;ssl=1 820w, https:\/\/i0.wp.com\/www.courzyvite.run\/blog\/wp-content\/uploads\/2017\/07\/La-Montee-du-Cret-d-Eau-05-e1498928394734-1.jpg?resize=150%2C100&amp;ssl=1 150w, https:\/\/i0.wp.com\/www.courzyvite.run\/blog\/wp-content\/uploads\/2017\/07\/La-Montee-du-Cret-d-Eau-05-e1498928394734-1.jpg?resize=768%2C512&amp;ssl=1 768w\" sizes=\"auto, (max-width: 860px) 100vw, 860px\" \/>Robin Cattet<\/strong>\u00a0(Club Athl\u00e9tique du Bassin Bellegardien et Hoka Ambassadeurs), un des deux principaux favoris de cette 15\u00e8me Mont\u00e9e du Cr\u00eat d\u2019Eau, disput\u00e9e le 23 juillet 2017.<br \/>\nClich\u00e9 pris le 17 mai 2015 par\u00a0<strong>Goran Mojicevic<\/strong>\u00a0(site Web Passion-Trail),\u00a0\u00e0 l\u2019occasion de la 13\u00e8me Mont\u00e9e du Cr\u00eat d\u2019Eau o\u00f9 Robin s\u2019appropriera la 3\u00e8me place (2\u00e8me senior) en 1h22\u201913.<br \/>\nImage r\u00e9alis\u00e9e \u00e0 l\u2019arriv\u00e9e au cr\u00eat de la Goutte (km10,3), toit de l\u2019\u00e9preuve \u00e0 1621m d\u2019altitude, co\u00efncidant avec la fin de l\u2019ascension et le d\u00e9but de la descente finale.<br \/>\n<a href=\"https:\/\/i0.wp.com\/www.courzyvite.run\/blog\/wp-content\/uploads\/2017\/07\/IMG_5604-e1500587492370.jpg?ssl=1\"><img data-recalc-dims=\"1\" loading=\"lazy\" decoding=\"async\" class=\"aligncenter wp-image-8820 size-full\" src=\"https:\/\/i0.wp.com\/www.courzyvite.run\/blog\/wp-content\/uploads\/2017\/07\/IMG_5604-e1500587492370.jpg?resize=860%2C574&#038;ssl=1\" alt=\"\" width=\"860\" height=\"574\" \/><\/a><strong>Beno\u00eet Chauvet<\/strong> (Club des Sports de Meg\u00e8ve et Team Scott), un des deux principaux favoris de cette 15\u00e8me Mont\u00e9e du Cr\u00eat d\u2019Eau, disput\u00e9e le 23 juillet 2017.<br \/>\nClich\u00e9 pris le 22 mai 2016 par\u00a0<strong>Jean-Claude Delachenal<\/strong>, \u00e0 l\u2019occasion de la 14\u00e8me Mont\u00e9e du Cr\u00eat d\u2019Eau o\u00f9 Beno\u00eet s\u2019appropriera la 3\u00e8me place (3\u00e8me senior) en 1h21\u201914.<br \/>\nImage r\u00e9alis\u00e9e peu avant l\u2019arriv\u00e9e dans la station de Menthi\u00e8res.<br \/>\n<img data-recalc-dims=\"1\" loading=\"lazy\" decoding=\"async\" class=\"size-full wp-image-8788 aligncenter\" src=\"https:\/\/i0.wp.com\/www.courzyvite.run\/blog\/wp-content\/uploads\/2017\/07\/7.jpg?resize=860%2C571\" alt=\"\" width=\"860\" height=\"571\" srcset=\"https:\/\/i0.wp.com\/www.courzyvite.run\/blog\/wp-content\/uploads\/2017\/07\/7.jpg?w=1680&amp;ssl=1 1680w, https:\/\/i0.wp.com\/www.courzyvite.run\/blog\/wp-content\/uploads\/2017\/07\/7.jpg?resize=420%2C279&amp;ssl=1 420w, https:\/\/i0.wp.com\/www.courzyvite.run\/blog\/wp-content\/uploads\/2017\/07\/7.jpg?resize=768%2C510&amp;ssl=1 768w, https:\/\/i0.wp.com\/www.courzyvite.run\/blog\/wp-content\/uploads\/2017\/07\/7.jpg?resize=1200%2C797&amp;ssl=1 1200w\" sizes=\"auto, (max-width: 860px) 100vw, 860px\" \/><b>Jeffrey Fleury<\/b> (Club Athl\u00e9tique du Bassin Bellegardien), un des favoris pour le top 5 de cette 15\u00e8me Mont\u00e9e du Cr\u00eat d\u2019Eau, disput\u00e9e le 23 juillet 2017.<br \/>\nClich\u00e9 pris le 17 mai 2015 par\u00a0<strong>Jean-Claude Delachenal<\/strong>, \u00e0 l\u2019occasion de la 13\u00e8me Mont\u00e9e du Cr\u00eat d\u2019Eau o\u00f9 Jeffrey s\u2019appropriera la 7\u00e8me place (5\u00e8me senior) en 1h27\u201909.<br \/>\nImage r\u00e9alis\u00e9e peu avant l\u2019arriv\u00e9e dans la station de Menthi\u00e8res.<strong><br \/>\n<img data-recalc-dims=\"1\" loading=\"lazy\" decoding=\"async\" class=\"size-full wp-image-8749 aligncenter\" src=\"https:\/\/i0.wp.com\/www.courzyvite.run\/blog\/wp-content\/uploads\/2017\/07\/IMG_5609.jpg?resize=860%2C573&#038;ssl=1\" alt=\"\" width=\"860\" height=\"573\" srcset=\"https:\/\/i0.wp.com\/www.courzyvite.run\/blog\/wp-content\/uploads\/2017\/07\/IMG_5609.jpg?w=1759&amp;ssl=1 1759w, https:\/\/i0.wp.com\/www.courzyvite.run\/blog\/wp-content\/uploads\/2017\/07\/IMG_5609.jpg?resize=420%2C280&amp;ssl=1 420w, https:\/\/i0.wp.com\/www.courzyvite.run\/blog\/wp-content\/uploads\/2017\/07\/IMG_5609.jpg?resize=768%2C512&amp;ssl=1 768w, https:\/\/i0.wp.com\/www.courzyvite.run\/blog\/wp-content\/uploads\/2017\/07\/IMG_5609.jpg?resize=1200%2C800&amp;ssl=1 1200w\" sizes=\"auto, (max-width: 860px) 100vw, 860px\" \/>Fr\u00e9d\u00e9ric Fuss<\/strong>\u00a0(ASPTT Annecy Athl\u00e9tisme), un des favoris pour le top 5 de cette 15\u00e8me Mont\u00e9e du Cr\u00eat d\u2019Eau, disput\u00e9e le 23 juillet 2017.<br \/>\nClich\u00e9 pris le 22 mai 2016 par\u00a0<strong>Jean-Claude Delachenal<\/strong>, \u00e0 l\u2019occasion de la 14\u00e8me Mont\u00e9e du Cr\u00eat d\u2019Eau o\u00f9 Fr\u00e9d\u00e9ric s\u2019appropriera la 7\u00e8me place (3\u00e8me V1) en 1h27\u201946.<br \/>\nImage r\u00e9alis\u00e9e peu avant l\u2019arriv\u00e9e dans la station de Menthi\u00e8res.<img data-recalc-dims=\"1\" loading=\"lazy\" decoding=\"async\" class=\"size-full wp-image-8497 aligncenter\" style=\"font-size: 0.95em;\" src=\"https:\/\/i0.wp.com\/www.courzyvite.run\/blog\/wp-content\/uploads\/2017\/07\/35_2016_media1-e1498921977242.jpg?resize=860%2C573&#038;ssl=1\" alt=\"\" width=\"860\" height=\"573\" \/>Dossard 359 : <strong>Jean-Marc Martin<\/strong> (Team Castor), un des favoris pour le top 5 de cette 15\u00e8me Mont\u00e9e du Cr\u00eat d\u2019Eau, disput\u00e9e le 23 juillet 2017.<br \/>\nClich\u00e9 pris le 2 octobre 2016 par <strong>Eric Lamugni\u00e8re<\/strong>, \u00e0 l\u2019occasion du 6\u00e8me Trail des Gli\u00e8res o\u00f9 Jean-Marc s\u2019appropriera, sur le 35km, la 4\u00e8me place (3\u00e8me senior) en 3h34\u201919.<br \/>\nSinon, on reconna\u00eet :<br \/>\n\u2013 A l\u2019extr\u00eame gauche : l\u2019homme-orchestre <strong>S\u00e9bastien Chaigneau<\/strong>.<br \/>\n\u2013 A gauche de Jean-Marc : <strong>Sylv\u00e8re Pruvost\u00a0<\/strong>(Team The North Face ; La Foul\u00e9e d\u2019Annemasse, section de l\u2019Entente Athl\u00e9tique de l\u2019Arve), 3\u00e8me (2\u00e8me senior) en 3h31\u201903.<br \/>\n\u2013 A droite de Jean-Marc : <strong>R\u00e9mi Voisin<\/strong> (Grimteam), 2\u00e8me (1er senior) en 3h30\u201936.<br \/>\nImage r\u00e9alis\u00e9e \u00e0 l\u2019arriv\u00e9e \u00e0 Thorens-Gli\u00e8res.<strong><br \/>\n<img data-recalc-dims=\"1\" loading=\"lazy\" decoding=\"async\" class=\"size-full wp-image-8616 aligncenter\" src=\"https:\/\/i0.wp.com\/www.courzyvite.run\/blog\/wp-content\/uploads\/2017\/07\/19748491_10207543643628991_1390194236588646179_n.jpg?resize=860%2C573&#038;ssl=1\" alt=\"\" width=\"860\" height=\"573\" srcset=\"https:\/\/i0.wp.com\/www.courzyvite.run\/blog\/wp-content\/uploads\/2017\/07\/19748491_10207543643628991_1390194236588646179_n.jpg?w=960&amp;ssl=1 960w, https:\/\/i0.wp.com\/www.courzyvite.run\/blog\/wp-content\/uploads\/2017\/07\/19748491_10207543643628991_1390194236588646179_n.jpg?resize=420%2C280&amp;ssl=1 420w, https:\/\/i0.wp.com\/www.courzyvite.run\/blog\/wp-content\/uploads\/2017\/07\/19748491_10207543643628991_1390194236588646179_n.jpg?resize=768%2C512&amp;ssl=1 768w\" sizes=\"auto, (max-width: 860px) 100vw, 860px\" \/>Gwena\u00ebl Morichaud<\/strong> (Association Sportive de Villeurbanne et de l\u2019Eveil Lyonnais Athl\u00e9tisme), un des favoris pour le top 5 de cette 15\u00e8me Mont\u00e9e du Cr\u00eat d\u2019Eau, disput\u00e9e le 23 juillet 2017.<br \/>\nClich\u00e9 pris le 2 juillet 2017 par\u00a0<strong>Claude Eyraud<\/strong> (Association Sportive de Monaco Athl\u00e9tisme), \u00e0 l\u2019occasion de la 7\u00e8me Mont\u00e9e du Ventoux o\u00f9 Gwenael s\u2019appropriera la 4\u00e8me place (2\u00e8me V1) en 1h28\u201943.<br \/>\nImage r\u00e9alis\u00e9e \u00e0 400m de l\u2019arriv\u00e9e, aux environs de la chapelle Sainte-Croix du Mont Ventoux.<\/p>\n<p><strong style=\"font-size: 0.95em;\"><img data-recalc-dims=\"1\" loading=\"lazy\" decoding=\"async\" class=\"size-full wp-image-8500 aligncenter\" src=\"https:\/\/i0.wp.com\/www.courzyvite.run\/blog\/wp-content\/uploads\/2017\/07\/13082709_508833689300361_7395037456255412077_n.jpg?resize=860%2C569&#038;ssl=1\" alt=\"\" width=\"860\" height=\"569\" srcset=\"https:\/\/i0.wp.com\/www.courzyvite.run\/blog\/wp-content\/uploads\/2017\/07\/13082709_508833689300361_7395037456255412077_n.jpg?w=960&amp;ssl=1 960w, https:\/\/i0.wp.com\/www.courzyvite.run\/blog\/wp-content\/uploads\/2017\/07\/13082709_508833689300361_7395037456255412077_n.jpg?resize=420%2C278&amp;ssl=1 420w, https:\/\/i0.wp.com\/www.courzyvite.run\/blog\/wp-content\/uploads\/2017\/07\/13082709_508833689300361_7395037456255412077_n.jpg?resize=768%2C508&amp;ssl=1 768w\" sizes=\"auto, (max-width: 860px) 100vw, 860px\" \/><\/strong><strong>L\u00e9andre Santin<\/strong> (ASPTT Besan\u00e7on Athl\u00e9tisme et Buff France Team \/ Hoka \/ Les Saisies), un des favoris pour le top 5 de cette 15\u00e8me Mont\u00e9e du Cr\u00eat d\u2019Eau, disput\u00e9e le 23 juillet 2017.<br \/>\nClich\u00e9 pris le 24 avril 2016, \u00e0 l\u2019occasion du 3\u00e8me Trail N\u2019Loue o\u00f9 L\u00e9andre s\u2019appropriera, sur le 12km, la 1\u00e8re place (1er espoir) en 1h02\u201920\u2019\u20197.<img data-recalc-dims=\"1\" loading=\"lazy\" decoding=\"async\" class=\"size-full wp-image-8871 aligncenter\" style=\"font-size: 0.95em;\" src=\"https:\/\/i0.wp.com\/www.courzyvite.run\/blog\/wp-content\/uploads\/2017\/07\/DSC_4053-e1601566988559.jpg?resize=664%2C1000&#038;ssl=1\" alt=\"\" width=\"664\" height=\"1000\" \/>Le Suisse <strong>Simon Senn<\/strong> (Petit-Lancy), un des favoris pour le top 5 de cette 15\u00e8me Mont\u00e9e du Cr\u00eat d\u2019Eau, disput\u00e9e le 23 juillet 2017.<br \/>\nClich\u00e9 pris le 22 avril 2017 par <strong>Jean-Claude Delachenal<\/strong>, \u00e0 l\u2019occasion des 6\u00e8mes Princes en Foul\u00e9es o\u00f9 Simon s\u2019appropriera, sur le 27km, la 2\u00e8me place (2\u00e8me senior) en 2h23\u201927.<br \/>\n<strong><img data-recalc-dims=\"1\" loading=\"lazy\" decoding=\"async\" class=\"size-full wp-image-47637 aligncenter\" src=\"https:\/\/i0.wp.com\/www.courzyvite.run\/blog\/wp-content\/uploads\/2017\/07\/IMG_5626-e1500476978921-1.jpg?resize=860%2C574&#038;ssl=1\" alt=\"\" width=\"860\" height=\"574\" srcset=\"https:\/\/i0.wp.com\/www.courzyvite.run\/blog\/wp-content\/uploads\/2017\/07\/IMG_5626-e1500476978921-1.jpg?w=1000&amp;ssl=1 1000w, https:\/\/i0.wp.com\/www.courzyvite.run\/blog\/wp-content\/uploads\/2017\/07\/IMG_5626-e1500476978921-1.jpg?resize=820%2C547&amp;ssl=1 820w, https:\/\/i0.wp.com\/www.courzyvite.run\/blog\/wp-content\/uploads\/2017\/07\/IMG_5626-e1500476978921-1.jpg?resize=150%2C100&amp;ssl=1 150w, https:\/\/i0.wp.com\/www.courzyvite.run\/blog\/wp-content\/uploads\/2017\/07\/IMG_5626-e1500476978921-1.jpg?resize=768%2C512&amp;ssl=1 768w\" sizes=\"auto, (max-width: 860px) 100vw, 860px\" \/>Xavier Th\u00e9venard<\/strong>\u00a0(Doubs Sud Athl\u00e9tisme Pontarlier et Team Asics Trail), un des favoris pour le top 5 de cette 15\u00e8me Mont\u00e9e du Cr\u00eat d\u2019Eau, disput\u00e9e le 23 juillet 2017.<br \/>\nClich\u00e9 pris le 22 mai 2016 par\u00a0<strong>Jean-Claude Delachenal<\/strong>, \u00e0 l\u2019occasion de la 14\u00e8me Mont\u00e9e du Cr\u00eat d\u2019Eau o\u00f9 Xavier s\u2019appropriera la 21\u00e8me place (9\u00e8me senior) en 1h40\u201916.<br \/>\nImage r\u00e9alis\u00e9e peu avant l\u2019arriv\u00e9e dans la station de Menthi\u00e8res.<br \/>\n<img data-recalc-dims=\"1\" loading=\"lazy\" decoding=\"async\" class=\"size-full wp-image-8620 aligncenter\" src=\"https:\/\/i0.wp.com\/www.courzyvite.run\/blog\/wp-content\/uploads\/2017\/07\/DSC_9510.jpg?resize=423%2C639&#038;ssl=1\" alt=\"\" width=\"423\" height=\"639\" srcset=\"https:\/\/i0.wp.com\/www.courzyvite.run\/blog\/wp-content\/uploads\/2017\/07\/DSC_9510.jpg?w=423&amp;ssl=1 423w, https:\/\/i0.wp.com\/www.courzyvite.run\/blog\/wp-content\/uploads\/2017\/07\/DSC_9510.jpg?resize=420%2C634&amp;ssl=1 420w\" sizes=\"auto, (max-width: 423px) 100vw, 423px\" \/>Dossard 48 : <strong>Ludovic Baur <\/strong>(Massingy), un des favoris pour le top 10 de cette 15\u00e8me Mont\u00e9e du Cr\u00eat d\u2019Eau, disput\u00e9e le 23 juillet 2017.<br \/>\nClich\u00e9 pris le 1er mai 2016 par le<strong> Pixels-Club<\/strong>, \u00e0 l\u2019occasion de la 8\u00e8me Course des Etangs o\u00f9 Ludo s\u2019appropriera, sur le 15km, la 2\u00e8me place (2\u00e8me senior) en 51\u201942.<br \/>\nOn reconna\u00eet \u00e0 droite<strong> Laurent Marconnet<\/strong>\u00a0(Team Technicien du Sport Seynod et ASPTT Annecy Athl\u00e9tisme), 1er (1er senior) en 51\u201935.<img data-recalc-dims=\"1\" loading=\"lazy\" decoding=\"async\" class=\"size-full wp-image-8904 aligncenter\" style=\"font-size: 0.95em;\" src=\"https:\/\/i0.wp.com\/www.courzyvite.run\/blog\/wp-content\/uploads\/2017\/07\/IMG_6060.jpg?resize=860%2C573\" alt=\"\" width=\"860\" height=\"573\" srcset=\"https:\/\/i0.wp.com\/www.courzyvite.run\/blog\/wp-content\/uploads\/2017\/07\/IMG_6060.jpg?w=899&amp;ssl=1 899w, https:\/\/i0.wp.com\/www.courzyvite.run\/blog\/wp-content\/uploads\/2017\/07\/IMG_6060.jpg?resize=420%2C280&amp;ssl=1 420w, https:\/\/i0.wp.com\/www.courzyvite.run\/blog\/wp-content\/uploads\/2017\/07\/IMG_6060.jpg?resize=768%2C512&amp;ssl=1 768w\" sizes=\"auto, (max-width: 860px) 100vw, 860px\" \/><b>Guillaume Panisset<\/b> (Racing Club du Haut-Jura Morez), un des favoris pour le top 10 de cette 15\u00e8me Mont\u00e9e du Cr\u00eat d\u2019Eau, disput\u00e9e le 23 juillet 2017.<br \/>\nClich\u00e9 pris le 24 juillet 2016 par\u00a0<strong>Jean-Claude Delachenal<\/strong>, \u00e0 l\u2019occasion de la 4\u00e8me Croz\u2019et Raide o\u00f9 Guillaume s\u2019appropriera, sur le 4km, la 2\u00e8me place (2\u00e8me espoir) en 43\u201949.<br \/>\nImage r\u00e9alis\u00e9e au restaurant Le Y\u00e9ti apr\u00e8s 600m de d\u00e9nivel\u00e9.<br \/>\n<img data-recalc-dims=\"1\" loading=\"lazy\" decoding=\"async\" class=\"size-full wp-image-8807 aligncenter\" src=\"https:\/\/i0.wp.com\/www.courzyvite.run\/blog\/wp-content\/uploads\/2017\/07\/Romarie-Martin-et-Lo%C3%AFc-Defor%C3%AAt.png?resize=600%2C320\" alt=\"\" width=\"600\" height=\"320\" srcset=\"https:\/\/i0.wp.com\/www.courzyvite.run\/blog\/wp-content\/uploads\/2017\/07\/Romarie-Martin-et-Lo%C3%AFc-Defor%C3%AAt.png?w=600&amp;ssl=1 600w, https:\/\/i0.wp.com\/www.courzyvite.run\/blog\/wp-content\/uploads\/2017\/07\/Romarie-Martin-et-Lo%C3%AFc-Defor%C3%AAt.png?resize=420%2C224&amp;ssl=1 420w\" sizes=\"auto, (max-width: 600px) 100vw, 600px\" \/>A droite : <strong>Martin Romarie\u00a0<\/strong>(Team Origin\u2019Haut), un des favoris pour le top 10 de cette 15\u00e8me Mont\u00e9e du Cr\u00eat d\u2019Eau, disput\u00e9e le 23 juillet 2017.<br \/>\nClich\u00e9 pris le 6 ou 7 mars 2015 \u00e0 l\u2019occasion de la Grande Travers\u00e9e du Jura 200 (\u00e9preuve de ski de fond) o\u00f9 Martin et son \u00e9quipier <strong>Lo\u00efc Defor\u00eat<\/strong> (\u00e0 gauche) s\u2019approprieront la 3\u00e8me place (3\u00e8mes hommes) en 12h48\u201952.<br \/>\n<img data-recalc-dims=\"1\" loading=\"lazy\" decoding=\"async\" class=\"size-full wp-image-8841 aligncenter\" src=\"https:\/\/i0.wp.com\/www.courzyvite.run\/blog\/wp-content\/uploads\/2017\/07\/35301781440_df485e131f_b.jpg?resize=860%2C574\" alt=\"\" width=\"860\" height=\"574\" srcset=\"https:\/\/i0.wp.com\/www.courzyvite.run\/blog\/wp-content\/uploads\/2017\/07\/35301781440_df485e131f_b.jpg?w=1024&amp;ssl=1 1024w, https:\/\/i0.wp.com\/www.courzyvite.run\/blog\/wp-content\/uploads\/2017\/07\/35301781440_df485e131f_b.jpg?resize=420%2C280&amp;ssl=1 420w, https:\/\/i0.wp.com\/www.courzyvite.run\/blog\/wp-content\/uploads\/2017\/07\/35301781440_df485e131f_b.jpg?resize=768%2C512&amp;ssl=1 768w\" sizes=\"auto, (max-width: 860px) 100vw, 860px\" \/>Le Marocain<strong> Lhousseine Boussague<\/strong> (Annecy Haute-Savoie Athl\u00e9tisme), un des deux coureurs surprise de cette 15\u00e8me \u00e9dition de la Mont\u00e9e du Cr\u00eat d\u2019Eau, disput\u00e9e le 23 juillet 2017.<br \/>\nClich\u00e9 pris le 2 juillet 2017 par <strong>Messery Service Info-Tourisme<\/strong>, \u00e0 l\u2019occasion de la 17\u00e8me Ronde de la Presqu\u2019\u00eele du L\u00e9man o\u00f9 Lhousseine s\u2019appropriera, sur le 12,3km, la 2\u00e8me place (2\u00e8me senior) en 40\u201900.<\/p>\n<p><img data-recalc-dims=\"1\" loading=\"lazy\" decoding=\"async\" class=\"size-full wp-image-8844 aligncenter\" src=\"https:\/\/i0.wp.com\/www.courzyvite.run\/blog\/wp-content\/uploads\/2017\/07\/course-Etangs-20-e1496089295286.jpg?resize=860%2C575\" alt=\"\" width=\"860\" height=\"575\" srcset=\"https:\/\/i0.wp.com\/www.courzyvite.run\/blog\/wp-content\/uploads\/2017\/07\/course-Etangs-20-e1496089295286.jpg?w=860&amp;ssl=1 860w, https:\/\/i0.wp.com\/www.courzyvite.run\/blog\/wp-content\/uploads\/2017\/07\/course-Etangs-20-e1496089295286.jpg?resize=420%2C281&amp;ssl=1 420w, https:\/\/i0.wp.com\/www.courzyvite.run\/blog\/wp-content\/uploads\/2017\/07\/course-Etangs-20-e1496089295286.jpg?resize=768%2C513&amp;ssl=1 768w\" sizes=\"auto, (max-width: 860px) 100vw, 860px\" \/>A gauche : le Marocain<strong>\u00a0Anas Saaidou<\/strong>\u00a0(Annecy Haute-Savoie Athl\u00e9tisme), un des deux coureurs surprise de cette 15\u00e8me \u00e9dition de la Mont\u00e9e du Cr\u00eat d\u2019Eau, disput\u00e9e le 23 juillet 2017.<br \/>\nClich\u00e9 pris le 14 mai 2017 par <strong>Pierre Gorrex<\/strong>\u00a0(hebdomadaire \u00ab L\u2019Hebdo des Savoie \u00bb), \u00e0 l\u2019occasion de la 9\u00e8me Course des Etangs o\u00f9 Anas s\u2019appropriera, sur le 8km, la 2\u00e8me place (1er espoir) en 27\u201935.<br \/>\nA droite, on reconna\u00eet <b>Stany Paumier<\/b>\u00a0(Club Athl\u00e9tique du Bassin Bellegardien et Team Mermillod Triathlon), 1er (1er V1) en 27\u201926.<br \/>\n<img data-recalc-dims=\"1\" loading=\"lazy\" decoding=\"async\" class=\"size-full wp-image-8833 aligncenter\" src=\"https:\/\/i0.wp.com\/www.courzyvite.run\/blog\/wp-content\/uploads\/2017\/07\/190-MONA0437.jpg?resize=860%2C573\" alt=\"\" width=\"860\" height=\"573\" srcset=\"https:\/\/i0.wp.com\/www.courzyvite.run\/blog\/wp-content\/uploads\/2017\/07\/190-MONA0437.jpg?w=958&amp;ssl=1 958w, https:\/\/i0.wp.com\/www.courzyvite.run\/blog\/wp-content\/uploads\/2017\/07\/190-MONA0437.jpg?resize=420%2C280&amp;ssl=1 420w, https:\/\/i0.wp.com\/www.courzyvite.run\/blog\/wp-content\/uploads\/2017\/07\/190-MONA0437.jpg?resize=768%2C511&amp;ssl=1 768w\" sizes=\"auto, (max-width: 860px) 100vw, 860px\" \/><strong>Jean-Christophe Barbera<\/strong> (ASPTT Grenoble Athl\u00e9tisme, section de l\u2019Entente Athl\u00e9tique Grenoble 38), un des outsiders masculins de cette 15\u00e8me Mont\u00e9e du Cr\u00eat d\u2019Eau, disput\u00e9e le 23 juillet 2017.<br \/>\nClich\u00e9 pris le 2 juillet 2017 par<strong>\u00a0Claude Eyraud<\/strong>\u00a0(Association Sportive de Monaco Athl\u00e9tisme), \u00e0 l\u2019occasion de la 7\u00e8me Mont\u00e9e du Ventoux o\u00f9 Jean-Christophe s\u2019appropriera la 22\u00e8me place (14\u00e8me senior) en 1h43\u201900.<br \/>\nImage r\u00e9alis\u00e9e \u00e0 400m de l\u2019arriv\u00e9e, aux environs de la chapelle Sainte-Croix du Mont Ventoux.<strong><br \/>\n<img data-recalc-dims=\"1\" loading=\"lazy\" decoding=\"async\" class=\"size-full wp-image-8691 aligncenter\" src=\"https:\/\/i0.wp.com\/www.courzyvite.run\/blog\/wp-content\/uploads\/2017\/07\/IMG_7420.jpg?resize=860%2C573&#038;ssl=1\" alt=\"\" width=\"860\" height=\"573\" srcset=\"https:\/\/i0.wp.com\/www.courzyvite.run\/blog\/wp-content\/uploads\/2017\/07\/IMG_7420.jpg?w=884&amp;ssl=1 884w, https:\/\/i0.wp.com\/www.courzyvite.run\/blog\/wp-content\/uploads\/2017\/07\/IMG_7420.jpg?resize=420%2C280&amp;ssl=1 420w, https:\/\/i0.wp.com\/www.courzyvite.run\/blog\/wp-content\/uploads\/2017\/07\/IMG_7420.jpg?resize=768%2C512&amp;ssl=1 768w\" sizes=\"auto, (max-width: 860px) 100vw, 860px\" \/>Tanguy Cattet<\/strong>\u00a0(Brison-Saint-Innocent), un des outsiders masculins de cette 15\u00e8me Mont\u00e9e du Cr\u00eat d\u2019Eau, disput\u00e9e le 23 juillet 2017.<br \/>\nClich\u00e9 pris le 22 avril 2017 par\u00a0<strong>Jean-Claude Delachenal<\/strong>, \u00e0 l\u2019occasion des 6\u00e8mes Princes en Foul\u00e9es o\u00f9 Tanguy s\u2019appropriera, sur le 17km, la 3\u00e8me place (3\u00e8me senior) en 1h24\u201903.<br \/>\nImage r\u00e9alis\u00e9e \u00e0 300m de l\u2019arriv\u00e9e \u00e0 Seyssel (Haute-Savoie).<strong><br \/>\n<img data-recalc-dims=\"1\" loading=\"lazy\" decoding=\"async\" class=\"size-full wp-image-8503 aligncenter\" src=\"https:\/\/i0.wp.com\/www.courzyvite.run\/blog\/wp-content\/uploads\/2017\/07\/10434353_1417202951937118_6736681517964429062_n-e1498928023382.jpg?resize=467%2C700&#038;ssl=1\" alt=\"\" width=\"467\" height=\"700\" \/>Olivier Gaillard<\/strong>\u00a0(Lyon Athl\u00e9tisme), un des outsiders masculins de cette 15\u00e8me Mont\u00e9e du Cr\u00eat d\u2019Eau, disput\u00e9e le 23 juillet 2017.<br \/>\nClich\u00e9 pris le 31 mai 2015, \u00e0 l\u2019occasion de la 7\u00e8me Paris Saint-Germain-en-Laye La Course o\u00f9 Olivier s\u2019appropriera la 1\u00e8re place (1er senior) en 1h12\u201950.<strong><br \/>\n<img data-recalc-dims=\"1\" loading=\"lazy\" decoding=\"async\" class=\"size-full wp-image-8722 aligncenter\" src=\"https:\/\/i0.wp.com\/www.courzyvite.run\/blog\/wp-content\/uploads\/2017\/07\/IMG_5613-e1500228885507.jpg?resize=860%2C574&#038;ssl=1\" alt=\"\" width=\"860\" height=\"574\" \/>Beno\u00eet Ligier <\/strong>(Val-de-Sa\u00f4ne Athl\u00e9tisme, section de l\u2019Athl\u00e9 Calade Val-de-Sa\u00f4ne), un des outsiders masculins de cette 15\u00e8me Mont\u00e9e du Cr\u00eat d\u2019Eau, disput\u00e9e le 23 juillet 2017.<br \/>\nClich\u00e9 pris le 22 mai 2016 par\u00a0<strong>Jean-Claude Delachenal<\/strong>, \u00e0 l\u2019occasion de la 14\u00e8me Mont\u00e9e du Cr\u00eat d\u2019Eau o\u00f9 Beno\u00eet s\u2019appropriera la 10\u00e8me place (5\u00e8me senior) en 1h31\u201957.<br \/>\nImage r\u00e9alis\u00e9e peu avant l\u2019arriv\u00e9e dans la station de Menthi\u00e8res.<br \/>\n<strong style=\"font-size: 0.95em;\"><img data-recalc-dims=\"1\" loading=\"lazy\" decoding=\"async\" class=\"size-full wp-image-8827 aligncenter\" src=\"https:\/\/i0.wp.com\/www.courzyvite.run\/blog\/wp-content\/uploads\/2017\/07\/IMG_4514.jpg?resize=860%2C573&#038;ssl=1\" alt=\"\" width=\"860\" height=\"573\" srcset=\"https:\/\/i0.wp.com\/www.courzyvite.run\/blog\/wp-content\/uploads\/2017\/07\/IMG_4514.jpg?w=958&amp;ssl=1 958w, https:\/\/i0.wp.com\/www.courzyvite.run\/blog\/wp-content\/uploads\/2017\/07\/IMG_4514.jpg?resize=420%2C280&amp;ssl=1 420w, https:\/\/i0.wp.com\/www.courzyvite.run\/blog\/wp-content\/uploads\/2017\/07\/IMG_4514.jpg?resize=768%2C511&amp;ssl=1 768w\" sizes=\"auto, (max-width: 860px) 100vw, 860px\" \/><\/strong>Dossard 93 :<strong> Yvan Massonnet <\/strong>(Cercier), un des outsiders masculins de cette 15\u00e8me Mont\u00e9e du Cr\u00eat d\u2019Eau, disput\u00e9e le 23 juillet 2017.<br \/>\nClich\u00e9 pris le 25 octobre 2015 par le\u00a0<strong>Comit\u00e9 des F\u00eates de Saint-Germain-sur-Rh\u00f4ne<\/strong>,\u00a0\u00e0 l\u2019occasion du 29\u00e8me Cross de la Semine o\u00f9 Yvan s\u2019appropriera la 17\u00e8me place (4\u00e8me V1) en 52\u201938.<br \/>\nImage r\u00e9alis\u00e9e au bois de la Rouge, km8,6 (\u00e0 3,7km de l\u2019arriv\u00e9e).<br \/>\n<a href=\"https:\/\/i0.wp.com\/www.courzyvite.run\/blog\/wp-content\/uploads\/2017\/07\/12-e1500589581766.jpg?ssl=1\"><img data-recalc-dims=\"1\" loading=\"lazy\" decoding=\"async\" class=\"aligncenter wp-image-8822 size-full\" src=\"https:\/\/i0.wp.com\/www.courzyvite.run\/blog\/wp-content\/uploads\/2017\/07\/12-e1500589581766.jpg?resize=860%2C571&#038;ssl=1\" alt=\"\" width=\"860\" height=\"571\" \/><\/a><strong>Gilles Farina<\/strong> (Faucigny Athl\u00e9tic Club), principal favori chez les V2 de cette 15\u00e8me Mont\u00e9e du Cr\u00eat d\u2019Eau, disput\u00e9e le 23 juillet 2017.<br \/>\nClich\u00e9 pris le 17 mai 2015 par\u00a0<strong>Jean-Claude Delachenal<\/strong>, \u00e0 l\u2019occasion de la 13\u00e8me Mont\u00e9e du Cr\u00eat d\u2019Eau o\u00f9 Gilles s\u2019appropriera la 1\u00e8re place parmi les V2 (12\u00e8me au scratch) en 1h31\u201949.<br \/>\nImage r\u00e9alis\u00e9e peu avant l\u2019arriv\u00e9e dans la station de Menthi\u00e8res.<br \/>\n<img data-recalc-dims=\"1\" loading=\"lazy\" decoding=\"async\" class=\"size-full wp-image-8823 aligncenter\" src=\"https:\/\/i0.wp.com\/www.courzyvite.run\/blog\/wp-content\/uploads\/2017\/07\/39.jpg?resize=860%2C571\" alt=\"\" width=\"860\" height=\"571\" srcset=\"https:\/\/i0.wp.com\/www.courzyvite.run\/blog\/wp-content\/uploads\/2017\/07\/39.jpg?w=1680&amp;ssl=1 1680w, https:\/\/i0.wp.com\/www.courzyvite.run\/blog\/wp-content\/uploads\/2017\/07\/39.jpg?resize=420%2C279&amp;ssl=1 420w, https:\/\/i0.wp.com\/www.courzyvite.run\/blog\/wp-content\/uploads\/2017\/07\/39.jpg?resize=768%2C510&amp;ssl=1 768w, https:\/\/i0.wp.com\/www.courzyvite.run\/blog\/wp-content\/uploads\/2017\/07\/39.jpg?resize=1200%2C797&amp;ssl=1 1200w\" sizes=\"auto, (max-width: 860px) 100vw, 860px\" \/><b>Jean-Paul Jacquillet<\/b> (Curtafond), principal favori chez les V3 de cette 15\u00e8me Mont\u00e9e du Cr\u00eat d\u2019Eau, disput\u00e9e le 23 juillet 2017.<br \/>\nClich\u00e9 pris le 17 mai 2015 par\u00a0<strong>Jean-Claude Delachenal<\/strong>, \u00e0 l\u2019occasion de la 13\u00e8me Mont\u00e9e du Cr\u00eat d\u2019Eau o\u00f9 Jean-Paul s\u2019appropriera la 1\u00e8re place parmi les V3 (39\u00e8me au scratch) en 1h47\u201900.<br \/>\nImage r\u00e9alis\u00e9e peu avant l\u2019arriv\u00e9e dans la station de Menthi\u00e8res.<b><a href=\"https:\/\/i0.wp.com\/www.courzyvite.run\/blog\/wp-content\/uploads\/2017\/07\/34043918362_50ee130c9b_z.jpg?ssl=1\"><img data-recalc-dims=\"1\" loading=\"lazy\" decoding=\"async\" class=\"aligncenter wp-image-8825 size-full\" src=\"https:\/\/i0.wp.com\/www.courzyvite.run\/blog\/wp-content\/uploads\/2017\/07\/34043918362_50ee130c9b_z.jpg?resize=396%2C640&#038;ssl=1\" alt=\"\" width=\"396\" height=\"640\" \/><\/a>Robert Hoffmann<\/b> (V\u00e9traz-Monthoux), principal favori chez les V4 de cette 15\u00e8me Mont\u00e9e du Cr\u00eat d\u2019Eau, disput\u00e9e le 23 juillet 2017.<br \/>\nClich\u00e9 pris le 26 mars par <strong>Claude Duchene<\/strong>, \u00e0 l\u2019occasion du 3\u00e8me Trail de la Michaille o\u00f9 Robert s\u2019appropriera la 1\u00e8re place parmi les V4 (132\u00e8me au scratch) en 2h31\u201954.<br \/>\nImage r\u00e9alis\u00e9e dans la premi\u00e8re mont\u00e9e.<strong><br \/>\n<img data-recalc-dims=\"1\" loading=\"lazy\" decoding=\"async\" class=\"size-full wp-image-8652 aligncenter\" src=\"https:\/\/i0.wp.com\/www.courzyvite.run\/blog\/wp-content\/uploads\/2017\/07\/214-MONA0526.jpg?resize=860%2C573&#038;ssl=1\" alt=\"\" width=\"860\" height=\"573\" srcset=\"https:\/\/i0.wp.com\/www.courzyvite.run\/blog\/wp-content\/uploads\/2017\/07\/214-MONA0526.jpg?w=957&amp;ssl=1 957w, https:\/\/i0.wp.com\/www.courzyvite.run\/blog\/wp-content\/uploads\/2017\/07\/214-MONA0526.jpg?resize=420%2C280&amp;ssl=1 420w, https:\/\/i0.wp.com\/www.courzyvite.run\/blog\/wp-content\/uploads\/2017\/07\/214-MONA0526.jpg?resize=768%2C512&amp;ssl=1 768w\" sizes=\"auto, (max-width: 860px) 100vw, 860px\" \/>Julia Combe<\/strong>\u00a0(Amicale La\u00efque Echirolles Athl\u00e9tisme, section de l\u2019Entente Athl\u00e9tique Grenoble 38 ; Terre de Running), une des trois favorites de cette 15\u00e8me Mont\u00e9e du Cr\u00eat d\u2019Eau, disput\u00e9e le 23 juillet 2017.<br \/>\nClich\u00e9 pris le 2 juillet 2017 par\u00a0<strong>Claude Eyraud<\/strong>\u00a0(Association Sportive de Monaco Athl\u00e9tisme), \u00e0 l\u2019occasion de la 7\u00e8me Mont\u00e9e du Ventoux o\u00f9 Julia s\u2019appropriera la 1\u00e8re place f\u00e9minine (1\u00e8re senior, 29\u00e8me au scratch) en 1h46\u201941.<br \/>\nImage r\u00e9alis\u00e9e \u00e0 400m de l\u2019arriv\u00e9e, aux environs de la chapelle Sainte-Croix du Mont Ventoux.<strong><br \/>\n<img data-recalc-dims=\"1\" loading=\"lazy\" decoding=\"async\" class=\"size-full wp-image-8491 aligncenter\" src=\"https:\/\/i0.wp.com\/www.courzyvite.run\/blog\/wp-content\/uploads\/2017\/07\/18446594_10213519869969355_9179576458862197915_n-e1498917431179.jpg?resize=394%2C700&#038;ssl=1\" alt=\"\" width=\"394\" height=\"700\" \/>Marie-Am\u00e9lie Juin<\/strong>\u00a0(Union Sportive Municipale de Malakoff et Team Kari Traa), une des trois favorites de cette 15\u00e8me Mont\u00e9e du Cr\u00eat d\u2019Eau, disput\u00e9e le 23 juillet 2017.<br \/>\nClich\u00e9 pris le 14 mai 2017 par\u00a0<strong>Fabien Antoine<\/strong>,\u00a0\u00e0 l\u2019occasion de la 2\u00e8me Course de Montagne de Saint-Priest o\u00f9 Marie-Am\u00e9lie s\u2019appropriera, sur le 10km, la 2\u00e8me place f\u00e9minine (2\u00e8me senior, 29\u00e8me au scratch) en 1h06\u201942.<strong><br \/>\n<img data-recalc-dims=\"1\" loading=\"lazy\" decoding=\"async\" class=\"size-full wp-image-8495 aligncenter\" src=\"https:\/\/i0.wp.com\/www.courzyvite.run\/blog\/wp-content\/uploads\/2017\/07\/14034774_861722140627333_37390729286286190_n.jpg?resize=860%2C572&#038;ssl=1\" alt=\"\" width=\"860\" height=\"572\" srcset=\"https:\/\/i0.wp.com\/www.courzyvite.run\/blog\/wp-content\/uploads\/2017\/07\/14034774_861722140627333_37390729286286190_n.jpg?w=960&amp;ssl=1 960w, https:\/\/i0.wp.com\/www.courzyvite.run\/blog\/wp-content\/uploads\/2017\/07\/14034774_861722140627333_37390729286286190_n.jpg?resize=420%2C280&amp;ssl=1 420w, https:\/\/i0.wp.com\/www.courzyvite.run\/blog\/wp-content\/uploads\/2017\/07\/14034774_861722140627333_37390729286286190_n.jpg?resize=768%2C511&amp;ssl=1 768w\" sizes=\"auto, (max-width: 860px) 100vw, 860px\" \/>Manon Mougin<\/strong>\u00a0(Team Castor), une des trois favorites de cette 15\u00e8me Mont\u00e9e du Cr\u00eat d\u2019Eau, disput\u00e9e le 23 juillet 2017.<br \/>\nClich\u00e9 pris le 14 ao\u00fbt 2016 par\u00a0<strong>Goran Mojicevic<\/strong> (site Web Passion-Trail), \u00e0 l\u2019occasion du 43\u00e8me Sierre-Zinal o\u00f9 Manon s\u2019appropriera la 22\u00e8me place f\u00e9minine (18\u00e8me \u00e9lite, 160\u00e8me au scratch) en 3h33\u201959.<strong><br \/>\n<img data-recalc-dims=\"1\" loading=\"lazy\" decoding=\"async\" class=\"size-full wp-image-8501 aligncenter\" src=\"https:\/\/i0.wp.com\/www.courzyvite.run\/blog\/wp-content\/uploads\/2017\/07\/DSC_0151.jpg?resize=860%2C571&#038;ssl=1\" alt=\"\" width=\"860\" height=\"571\" srcset=\"https:\/\/i0.wp.com\/www.courzyvite.run\/blog\/wp-content\/uploads\/2017\/07\/DSC_0151.jpg?w=880&amp;ssl=1 880w, https:\/\/i0.wp.com\/www.courzyvite.run\/blog\/wp-content\/uploads\/2017\/07\/DSC_0151.jpg?resize=420%2C279&amp;ssl=1 420w, https:\/\/i0.wp.com\/www.courzyvite.run\/blog\/wp-content\/uploads\/2017\/07\/DSC_0151.jpg?resize=768%2C510&amp;ssl=1 768w\" sizes=\"auto, (max-width: 860px) 100vw, 860px\" \/>H\u00e9l\u00e8ne Darragon<\/strong>\u00a0(Evian Off Course), un des deux principaux outsiders f\u00e9minins de cette 15\u00e8me Mont\u00e9e du Cr\u00eat d\u2019Eau, disput\u00e9e le 23 juillet 2017.<br \/>\nClich\u00e9 pris le 11 f\u00e9vrier 2017 par\u00a0<strong>Jean-Claude Delachenal<\/strong>,\u00a0\u00e0 l\u2019occasion des 5\u00e8me Foul\u00e9es Blanches des Brasses o\u00f9 H\u00e9l\u00e8ne s\u2019appropriera la 3\u00e8me place f\u00e9minine (3\u00e8me senior, 55\u00e8me au scratch) en 1h01\u201952.<br \/>\nImage prise \u00e0 l\u2019arriv\u00e9e dans la station de Plaine-Joux \u2013 Les Brasses.<strong><br \/>\n<img data-recalc-dims=\"1\" loading=\"lazy\" decoding=\"async\" class=\"size-full wp-image-8668 aligncenter\" src=\"https:\/\/i0.wp.com\/www.courzyvite.run\/blog\/wp-content\/uploads\/2017\/07\/278-MONA0710.jpg?resize=860%2C573&#038;ssl=1\" alt=\"\" width=\"860\" height=\"573\" srcset=\"https:\/\/i0.wp.com\/www.courzyvite.run\/blog\/wp-content\/uploads\/2017\/07\/278-MONA0710.jpg?w=957&amp;ssl=1 957w, https:\/\/i0.wp.com\/www.courzyvite.run\/blog\/wp-content\/uploads\/2017\/07\/278-MONA0710.jpg?resize=420%2C280&amp;ssl=1 420w, https:\/\/i0.wp.com\/www.courzyvite.run\/blog\/wp-content\/uploads\/2017\/07\/278-MONA0710.jpg?resize=768%2C512&amp;ssl=1 768w\" sizes=\"auto, (max-width: 860px) 100vw, 860px\" \/>Aur\u00e9lia Peter<\/strong>\u00a0(Amicale La\u00efque Echirolles Athl\u00e9tisme, section de l\u2019Entente Athl\u00e9tique Grenoble 38), un des deux principaux outsiders f\u00e9minins de cette 15\u00e8me Mont\u00e9e du Cr\u00eat d\u2019Eau, disput\u00e9e le 23 juillet 2017.<br \/>\nClich\u00e9 pris le 2 juillet 2017 par\u00a0<strong>Claude Eyraud<\/strong>\u00a0(Association Sportive de Monaco Athl\u00e9tisme), \u00e0 l\u2019occasion de la 7\u00e8me Mont\u00e9e du Ventoux o\u00f9 Aur\u00e9lia s\u2019appropriera la 3\u00e8me place f\u00e9minine (3\u00e8me senior, 56\u00e8me au scratch) en 1h56\u201914.<br \/>\nImage r\u00e9alis\u00e9e \u00e0 400m de l\u2019arriv\u00e9e, aux environs de la chapelle Sainte-Croix du Mont Ventoux.<br \/>\n<strong><img data-recalc-dims=\"1\" loading=\"lazy\" decoding=\"async\" class=\"size-full wp-image-8811 aligncenter\" src=\"https:\/\/i0.wp.com\/www.courzyvite.run\/blog\/wp-content\/uploads\/2017\/07\/19274802_1764345433592222_6513894779308457106_n.jpg?resize=860%2C576\" alt=\"\" width=\"860\" height=\"576\" srcset=\"https:\/\/i0.wp.com\/www.courzyvite.run\/blog\/wp-content\/uploads\/2017\/07\/19274802_1764345433592222_6513894779308457106_n.jpg?w=900&amp;ssl=1 900w, https:\/\/i0.wp.com\/www.courzyvite.run\/blog\/wp-content\/uploads\/2017\/07\/19274802_1764345433592222_6513894779308457106_n.jpg?resize=420%2C281&amp;ssl=1 420w, https:\/\/i0.wp.com\/www.courzyvite.run\/blog\/wp-content\/uploads\/2017\/07\/19274802_1764345433592222_6513894779308457106_n.jpg?resize=768%2C515&amp;ssl=1 768w\" sizes=\"auto, (max-width: 860px) 100vw, 860px\" \/><\/strong>Dossard 701 :<strong> St\u00e9phanie Breyton<\/strong> (Grenoble Universit\u00e9 Club Athl\u00e9tisme, section de l\u2019Entente Athl\u00e9tique Grenoble 38), un des outsiders f\u00e9minins de cette 15\u00e8me Mont\u00e9e du Cr\u00eat d\u2019Eau, disput\u00e9e le 23 juillet 2017.<br \/>\nClich\u00e9 pris le 18 juin 2017 par <strong>Philippe Durbet<\/strong> (M\u00e9tro-Sports)\u00a0\u00e0 l\u2019occasion du 29\u00e8me Cross du Pain Brie o\u00f9 St\u00e9phanie s\u2019appropriera, sur le 10km, la 2\u00e8me place f\u00e9minine (2\u00e8me V1, 10\u00e8me au scratch) en 44\u201938.<br \/>\nA droite, on reconna\u00eet <strong>C\u00e9line Veyrat<\/strong> (Terre de Running ; Amicale La\u00efque Echirolles Athl\u00e9tisme, section de l\u2019Entente Athl\u00e9tique Grenoble 38), 1\u00e8re (1\u00e8re V1, 9\u00e8me au scratch) en 44\u201921.<br \/>\n<strong><img data-recalc-dims=\"1\" loading=\"lazy\" decoding=\"async\" class=\"size-full wp-image-8643 aligncenter\" src=\"https:\/\/i0.wp.com\/www.courzyvite.run\/blog\/wp-content\/uploads\/2017\/07\/18425210_10213519160951630_5663027306111432235_n-e1499838881767.jpg?resize=394%2C700&#038;ssl=1\" alt=\"\" width=\"394\" height=\"700\" \/>Camille Carrier<\/strong>\u00a0(Entente Family Stade de Reims Athl\u00e9tisme), un des outsiders f\u00e9minins de cette 15\u00e8me Mont\u00e9e du Cr\u00eat d\u2019Eau, disput\u00e9e le 23 juillet 2017.<br \/>\nClich\u00e9 pris le 14 mai 2017 par\u00a0<strong>Fabien Antoine<\/strong>,\u00a0\u00e0 l\u2019occasion de la 2\u00e8me Course de Montagne de Saint-Priest o\u00f9 Camille s\u2019appropriera, sur le 10km, la 9\u00e8me place f\u00e9minine (1\u00e8re junior, 44\u00e8me au scratch) en 1h13\u201922.<br \/>\n<b><\/b><\/p>\n<p><strong><img loading=\"lazy\" decoding=\"async\" class=\"size-full wp-image-7770 aligncenter\" src=\"https:\/\/i2.wp.com\/www.courzyvite.run\/blog\/wp-content\/uploads\/2017\/05\/34159548606_ea75d46a07_z.jpg?resize=425%2C640\" sizes=\"auto, (max-width: 425px) 100vw, 425px\" srcset=\"https:\/\/i2.wp.com\/www.courzyvite.run\/blog\/wp-content\/uploads\/2017\/05\/34159548606_ea75d46a07_z.jpg?w=425&amp;ssl=1 425w, https:\/\/i2.wp.com\/www.courzyvite.run\/blog\/wp-content\/uploads\/2017\/05\/34159548606_ea75d46a07_z.jpg?resize=420%2C632&amp;ssl=1 420w\" alt=\"\" width=\"425\" height=\"640\" data-recalc-dims=\"1\" \/>Laure De Jacquelot<\/strong> (Belley Sport P\u00e9destre), un des outsiders f\u00e9minins de cette 15\u00e8me Mont\u00e9e du Cr\u00eat d\u2019Eau, disput\u00e9e le 23 juillet 2017.<br \/>\nClich\u00e9 pris le 26 mars 2017 par <strong>Claude Duchene<\/strong>, \u00e0 l\u2019occasion du 3\u00e8me Trail de la Michaille o\u00f9 Laure s\u2019appropriera, sur le 22km, la 4\u00e8me place f\u00e9minine (3\u00e8me senior, 70\u00e8me au scratch) en 2h07\u201947.<br \/>\nImage r\u00e9alis\u00e9e sur le plateau de Retord, peu avant le deuxi\u00e8me ravitaillement, install\u00e9 \u00e0 l\u2019intersection entre la piste acc\u00e9dant \u00e0 Le Chaix et la d\u00e9partementale 101 (km12,2).<br \/>\n<a href=\"https:\/\/i0.wp.com\/www.courzyvite.run\/blog\/wp-content\/uploads\/2017\/07\/14233139_113343439124206_6895415981043379646_n-1-e1500594432989.jpg?ssl=1\"><img data-recalc-dims=\"1\" loading=\"lazy\" decoding=\"async\" class=\"aligncenter wp-image-8830 size-full\" src=\"https:\/\/i0.wp.com\/www.courzyvite.run\/blog\/wp-content\/uploads\/2017\/07\/14233139_113343439124206_6895415981043379646_n-1-e1500594432989.jpg?resize=600%2C600&#038;ssl=1\" alt=\"\" width=\"600\" height=\"600\" \/><\/a><strong>Nad\u00e8ge Leclerc<\/strong>\u00a0(ASPTT Grenoble Athl\u00e9tisme, section de l\u2019Entente Athl\u00e9tique Grenoble 38 ; Terre de Running), un des outsiders f\u00e9minins de cette 15\u00e8me Mont\u00e9e du Cr\u00eat d\u2019Eau, disput\u00e9e le 23 juillet 2017.<br \/>\nClich\u00e9 pris entre les 17 et 21 ao\u00fbt 2016 \u00e0 l\u2019occasion du 4\u00e8me Ultra Tour des 4 Massifs o\u00f9 Nad\u00e8ge s\u2019appropriera, sur le 160km Challenge, la 2\u00e8me place f\u00e9minine (2\u00e8me senior, 37\u00e8me au scratch) en 30h37\u201900.<strong><a href=\"https:\/\/i0.wp.com\/www.courzyvite.run\/blog\/wp-content\/uploads\/2017\/07\/IMG_5683-e1500592464177.jpg?ssl=1\"><img data-recalc-dims=\"1\" loading=\"lazy\" decoding=\"async\" class=\"aligncenter wp-image-8826 size-full\" src=\"https:\/\/i0.wp.com\/www.courzyvite.run\/blog\/wp-content\/uploads\/2017\/07\/IMG_5683-e1500592464177.jpg?resize=860%2C574&#038;ssl=1\" alt=\"\" width=\"860\" height=\"574\" \/><\/a><\/strong>Dossard 362 :<b> Nadine Bertrand<\/b> (Cross Sport Serre Chevalier, section du Gap Hautes-Alpes Athl\u00e9tisme), principale favorite chez les V2 de cette 15\u00e8me Mont\u00e9e du Cr\u00eat d\u2019Eau, disput\u00e9e le 23 juillet 2017.<br \/>\nClich\u00e9 pris le 22 mai 2016 par\u00a0<strong>Jean-Claude Delachenal<\/strong>, \u00e0 l\u2019occasion de la 14\u00e8me Mont\u00e9e du Cr\u00eat d\u2019Eau o\u00f9 Nadine s\u2019appropriera la 1\u00e8re place parmi les V2 (10\u00e8me femme, 75\u00e8me au scratch) en 2h02\u201901.<br \/>\nA droite, on reconna\u00eet <strong>Christophe Chevillard<\/strong> (Viriat Marathon), 76\u00e8me (23\u00e8me V1) en 2h02\u201904.<br \/>\nImage r\u00e9alis\u00e9e peu avant l\u2019arriv\u00e9e dans la station de Menthi\u00e8res.<br \/>\n<img data-recalc-dims=\"1\" loading=\"lazy\" decoding=\"async\" class=\"size-full wp-image-8851 aligncenter\" src=\"https:\/\/i0.wp.com\/www.courzyvite.run\/blog\/wp-content\/uploads\/2017\/07\/35261157391_6d63413ea8_b.jpg?resize=860%2C574\" alt=\"\" width=\"860\" height=\"574\" srcset=\"https:\/\/i0.wp.com\/www.courzyvite.run\/blog\/wp-content\/uploads\/2017\/07\/35261157391_6d63413ea8_b.jpg?w=1024&amp;ssl=1 1024w, https:\/\/i0.wp.com\/www.courzyvite.run\/blog\/wp-content\/uploads\/2017\/07\/35261157391_6d63413ea8_b.jpg?resize=420%2C280&amp;ssl=1 420w, https:\/\/i0.wp.com\/www.courzyvite.run\/blog\/wp-content\/uploads\/2017\/07\/35261157391_6d63413ea8_b.jpg?resize=768%2C512&amp;ssl=1 768w\" sizes=\"auto, (max-width: 860px) 100vw, 860px\" \/><strong>Damien Guichard\u00a0<\/strong>(Club Alpin de Bourg-en-Bresse),\u00a0actuellement 1er homme (1er senior) sur le\u00a0Challenge de l\u2019Ain de Course en Montagne, pr\u00e9sent \u00e0 cette 15\u00e8me Mont\u00e9e du Cr\u00eat d\u2019Eau, disput\u00e9e le 23 juillet 2017.<br \/>\nClich\u00e9 pris le 18 juin 2017 par\u00a0Viriat Team, \u00e0 l\u2019occasion du 2\u00e8me Trail de Val et Revermont o\u00f9 Damien s\u2019appropriera, sur le 27km, la 7\u00e8me place (5\u00e8me senior) en 2h24\u201938.<br \/>\nImage r\u00e9alis\u00e9e \u00e0 l\u2019arriv\u00e9e \u00e0 Treffort.<strong><br \/>\n<img data-recalc-dims=\"1\" loading=\"lazy\" decoding=\"async\" class=\"size-full wp-image-8678 aligncenter\" src=\"https:\/\/i0.wp.com\/www.courzyvite.run\/blog\/wp-content\/uploads\/2017\/07\/34580948603_1aecc03a68_b.jpg?resize=860%2C574&#038;ssl=1\" alt=\"\" width=\"860\" height=\"574\" srcset=\"https:\/\/i0.wp.com\/www.courzyvite.run\/blog\/wp-content\/uploads\/2017\/07\/34580948603_1aecc03a68_b.jpg?w=1024&amp;ssl=1 1024w, https:\/\/i0.wp.com\/www.courzyvite.run\/blog\/wp-content\/uploads\/2017\/07\/34580948603_1aecc03a68_b.jpg?resize=420%2C280&amp;ssl=1 420w, https:\/\/i0.wp.com\/www.courzyvite.run\/blog\/wp-content\/uploads\/2017\/07\/34580948603_1aecc03a68_b.jpg?resize=768%2C512&amp;ssl=1 768w\" sizes=\"auto, (max-width: 860px) 100vw, 860px\" \/>Nicolas Pomi <\/strong>(Attignat), actuellement 3\u00e8me homme (1er V1) sur le\u00a0Challenge de l\u2019Ain de Course en Montagne, pr\u00e9sent \u00e0 cette 15\u00e8me Mont\u00e9e du Cr\u00eat d\u2019Eau, disput\u00e9e le 23 juillet 2017.<br \/>\nClich\u00e9 pris le 18 juin 2017 par\u00a0<strong>Viriat Team<\/strong>, \u00e0 l\u2019occasion du 2\u00e8me Trail de Val et Revermont o\u00f9 Nicolas s\u2019appropriera, sur le 27km, la 13\u00e8me place (4\u00e8me V1) en 2h32\u201926.<br \/>\nImage r\u00e9alis\u00e9e \u00e0 l\u2019arriv\u00e9e \u00e0 Treffort.<br \/>\n<img data-recalc-dims=\"1\" loading=\"lazy\" decoding=\"async\" class=\"size-full wp-image-8837 aligncenter\" src=\"https:\/\/i0.wp.com\/www.courzyvite.run\/blog\/wp-content\/uploads\/2017\/07\/34547566124_c5f2d9a3d3_b.jpg?resize=860%2C574\" alt=\"\" width=\"860\" height=\"574\" srcset=\"https:\/\/i0.wp.com\/www.courzyvite.run\/blog\/wp-content\/uploads\/2017\/07\/34547566124_c5f2d9a3d3_b.jpg?w=1024&amp;ssl=1 1024w, https:\/\/i0.wp.com\/www.courzyvite.run\/blog\/wp-content\/uploads\/2017\/07\/34547566124_c5f2d9a3d3_b.jpg?resize=420%2C280&amp;ssl=1 420w, https:\/\/i0.wp.com\/www.courzyvite.run\/blog\/wp-content\/uploads\/2017\/07\/34547566124_c5f2d9a3d3_b.jpg?resize=768%2C512&amp;ssl=1 768w\" sizes=\"auto, (max-width: 860px) 100vw, 860px\" \/>Dossard 14 :<strong> Fabrice Renoud\u00a0<\/strong>(Curtafond), actuellement 4\u00e8me homme (2\u00e8me V1) sur le\u00a0Challenge de l\u2019Ain de Course en Montagne, pr\u00e9sent \u00e0 cette 15\u00e8me Mont\u00e9e du Cr\u00eat d\u2019Eau, disput\u00e9e le 23 juillet 2017.<br \/>\nClich\u00e9 pris le 18 juin 2017 par\u00a0<strong>Viriat Team<\/strong>, \u00e0 l\u2019occasion du 2\u00e8me Trail de Val et Revermont o\u00f9 Fabrice s\u2019appropriera, sur le 27km, la 22\u00e8me place (9\u00e8me V1) en 2h43\u201920.<br \/>\nA droite, on reconna\u00eet <strong>Jean-Fran\u00e7ois Barthelemy<\/strong> (Viriat Marathon), 21\u00e8me (2\u00e8me V2) en 2h43\u201919.<br \/>\nImage r\u00e9alis\u00e9e \u00e0 l\u2019arriv\u00e9e \u00e0 Treffort.<br \/>\n<img data-recalc-dims=\"1\" loading=\"lazy\" decoding=\"async\" class=\"size-full wp-image-8858 aligncenter\" src=\"https:\/\/i0.wp.com\/www.courzyvite.run\/blog\/wp-content\/uploads\/2017\/07\/35003752100_a5ac240224_b.jpg?resize=860%2C574\" alt=\"\" width=\"860\" height=\"574\" srcset=\"https:\/\/i0.wp.com\/www.courzyvite.run\/blog\/wp-content\/uploads\/2017\/07\/35003752100_a5ac240224_b.jpg?w=1024&amp;ssl=1 1024w, https:\/\/i0.wp.com\/www.courzyvite.run\/blog\/wp-content\/uploads\/2017\/07\/35003752100_a5ac240224_b.jpg?resize=420%2C280&amp;ssl=1 420w, https:\/\/i0.wp.com\/www.courzyvite.run\/blog\/wp-content\/uploads\/2017\/07\/35003752100_a5ac240224_b.jpg?resize=768%2C512&amp;ssl=1 768w\" sizes=\"auto, (max-width: 860px) 100vw, 860px\" \/><strong>Christophe Burtin\u00a0<\/strong>(Courir Nature Saint-Jean-de-Niost), actuellement 5\u00e8me homme (3\u00e8me V1) sur le\u00a0Challenge de l\u2019Ain de Course en Montagne, pr\u00e9sent \u00e0 cette 15\u00e8me Mont\u00e9e du Cr\u00eat d\u2019Eau, disput\u00e9e le 23 juillet 2017.<br \/>\nClich\u00e9 pris le 18 juin 2017 par\u00a0<strong>Viriat Team<\/strong>, \u00e0 l\u2019occasion du 2\u00e8me Trail de Val et Revermont o\u00f9 Christophe s\u2019appropriera, sur le 27km, la 8\u00e8me place (2\u00e8me V1) en 2h24\u201953.<br \/>\nImage r\u00e9alis\u00e9e \u00e0 l\u2019arriv\u00e9e \u00e0 Treffort.<strong><br \/>\n<img data-recalc-dims=\"1\" loading=\"lazy\" decoding=\"async\" class=\"size-full wp-image-8765 aligncenter\" src=\"https:\/\/i0.wp.com\/www.courzyvite.run\/blog\/wp-content\/uploads\/2017\/07\/35390114005_b639bb0fba_b.jpg?resize=860%2C574&#038;ssl=1\" alt=\"\" width=\"860\" height=\"574\" srcset=\"https:\/\/i0.wp.com\/www.courzyvite.run\/blog\/wp-content\/uploads\/2017\/07\/35390114005_b639bb0fba_b.jpg?w=1024&amp;ssl=1 1024w, https:\/\/i0.wp.com\/www.courzyvite.run\/blog\/wp-content\/uploads\/2017\/07\/35390114005_b639bb0fba_b.jpg?resize=420%2C280&amp;ssl=1 420w, https:\/\/i0.wp.com\/www.courzyvite.run\/blog\/wp-content\/uploads\/2017\/07\/35390114005_b639bb0fba_b.jpg?resize=768%2C512&amp;ssl=1 768w\" sizes=\"auto, (max-width: 860px) 100vw, 860px\" \/>Thomas Delay<\/strong>\u00a0(Union Athl\u00e9tique des Couleurs \u2013 Morestel), actuellement 7\u00e8me homme (3\u00e8me senior) sur le\u00a0Challenge de l\u2019Ain de Course en Montagne, pr\u00e9sent \u00e0 cette 15\u00e8me Mont\u00e9e du Cr\u00eat d\u2019Eau, disput\u00e9e le 23 juillet 2017.<br \/>\nClich\u00e9 pris le 18 juin 2017 par\u00a0<strong>Viriat Team<\/strong>, \u00e0 l\u2019occasion du 2\u00e8me Trail de Val et Revermont o\u00f9 Thomas s\u2019appropriera, sur le 27km, la 29\u00e8me place (12\u00e8me senior) en 2h57\u201950.<br \/>\nImage r\u00e9alis\u00e9e \u00e0 l\u2019arriv\u00e9e \u00e0 Treffort.<strong><br \/>\n<img data-recalc-dims=\"1\" loading=\"lazy\" decoding=\"async\" class=\"size-full wp-image-8679 aligncenter\" src=\"https:\/\/i0.wp.com\/www.courzyvite.run\/blog\/wp-content\/uploads\/2017\/07\/35003597840_a7812e18f7_b.jpg?resize=860%2C574&#038;ssl=1\" alt=\"\" width=\"860\" height=\"574\" srcset=\"https:\/\/i0.wp.com\/www.courzyvite.run\/blog\/wp-content\/uploads\/2017\/07\/35003597840_a7812e18f7_b.jpg?w=1024&amp;ssl=1 1024w, https:\/\/i0.wp.com\/www.courzyvite.run\/blog\/wp-content\/uploads\/2017\/07\/35003597840_a7812e18f7_b.jpg?resize=420%2C280&amp;ssl=1 420w, https:\/\/i0.wp.com\/www.courzyvite.run\/blog\/wp-content\/uploads\/2017\/07\/35003597840_a7812e18f7_b.jpg?resize=768%2C512&amp;ssl=1 768w\" sizes=\"auto, (max-width: 860px) 100vw, 860px\" \/>Guillaume Simeray<\/strong>\u00a0(Lagnieu), actuellement 13\u00e8me homme (6\u00e8me senior) sur le\u00a0Challenge de l\u2019Ain de Course en Montagne, pr\u00e9sent \u00e0 cette 15\u00e8me Mont\u00e9e du Cr\u00eat d\u2019Eau, disput\u00e9e le 23 juillet 2017.<br \/>\nClich\u00e9 pris le 18 juin 2017 par\u00a0<strong>Viriat Team<\/strong>, \u00e0 l\u2019occasion du 2\u00e8me Trail de Val et Revermont o\u00f9 Guillaume s\u2019appropriera, sur le 27km, la 32\u00e8me place (13\u00e8me senior) en 3h01\u201934.<br \/>\nImage r\u00e9alis\u00e9e \u00e0 l\u2019arriv\u00e9e \u00e0 Treffort.<br \/>\n<img data-recalc-dims=\"1\" loading=\"lazy\" decoding=\"async\" class=\"size-full wp-image-8852 aligncenter\" src=\"https:\/\/i0.wp.com\/www.courzyvite.run\/blog\/wp-content\/uploads\/2017\/07\/35261032981_37ab1d720a_b.jpg?resize=860%2C574\" alt=\"\" width=\"860\" height=\"574\" srcset=\"https:\/\/i0.wp.com\/www.courzyvite.run\/blog\/wp-content\/uploads\/2017\/07\/35261032981_37ab1d720a_b.jpg?w=1024&amp;ssl=1 1024w, https:\/\/i0.wp.com\/www.courzyvite.run\/blog\/wp-content\/uploads\/2017\/07\/35261032981_37ab1d720a_b.jpg?resize=420%2C280&amp;ssl=1 420w, https:\/\/i0.wp.com\/www.courzyvite.run\/blog\/wp-content\/uploads\/2017\/07\/35261032981_37ab1d720a_b.jpg?resize=768%2C512&amp;ssl=1 768w\" sizes=\"auto, (max-width: 860px) 100vw, 860px\" \/><b>Patrice Cornudet<\/b> (Pompier de Jasseron), actuellement 15\u00e8me homme (3\u00e8me V1) sur le\u00a0Challenge de l\u2019Ain de Course en Montagne, pr\u00e9sent \u00e0 cette 15\u00e8me Mont\u00e9e du Cr\u00eat d\u2019Eau, disput\u00e9e le 23 juillet 2017.<br \/>\nClich\u00e9 pris le 18 juin 2017 par\u00a0<strong>Viriat Team<\/strong>, \u00e0 l\u2019occasion du 2\u00e8me Trail de Val et Revermont o\u00f9 Patrice s\u2019appropriera, sur le 27km, la 26\u00e8me place (11\u00e8me V1) en 2h55\u201934.<br \/>\nImage r\u00e9alis\u00e9e \u00e0 l\u2019arriv\u00e9e \u00e0 Treffort.<br \/>\n<img data-recalc-dims=\"1\" loading=\"lazy\" decoding=\"async\" class=\"size-full wp-image-8853 aligncenter\" src=\"https:\/\/i0.wp.com\/www.courzyvite.run\/blog\/wp-content\/uploads\/2017\/07\/35003354470_389828ca0b_b.jpg?resize=860%2C574\" alt=\"\" width=\"860\" height=\"574\" srcset=\"https:\/\/i0.wp.com\/www.courzyvite.run\/blog\/wp-content\/uploads\/2017\/07\/35003354470_389828ca0b_b.jpg?w=1024&amp;ssl=1 1024w, https:\/\/i0.wp.com\/www.courzyvite.run\/blog\/wp-content\/uploads\/2017\/07\/35003354470_389828ca0b_b.jpg?resize=420%2C280&amp;ssl=1 420w, https:\/\/i0.wp.com\/www.courzyvite.run\/blog\/wp-content\/uploads\/2017\/07\/35003354470_389828ca0b_b.jpg?resize=768%2C512&amp;ssl=1 768w\" sizes=\"auto, (max-width: 860px) 100vw, 860px\" \/><b>Emmanuel Texier<\/b> (Saint-Just), actuellement 16\u00e8me homme (4\u00e8me V2) sur le\u00a0Challenge de l\u2019Ain de Course en Montagne, pr\u00e9sent \u00e0 cette 15\u00e8me Mont\u00e9e du Cr\u00eat d\u2019Eau, disput\u00e9e le 23 juillet 2017.<br \/>\nClich\u00e9 pris le 18 juin 2017 par\u00a0<strong>Viriat Team<\/strong>, \u00e0 l\u2019occasion du 2\u00e8me Trail de Val et Revermont o\u00f9 Emmanuel s\u2019appropriera, sur le 27km, la 66\u00e8me place (11\u00e8me V2) en 3h34\u201922.<br \/>\nImage r\u00e9alis\u00e9e \u00e0 l\u2019arriv\u00e9e \u00e0 Treffort.<br \/>\n<img data-recalc-dims=\"1\" loading=\"lazy\" decoding=\"async\" class=\"size-full wp-image-8857 aligncenter\" src=\"https:\/\/i0.wp.com\/www.courzyvite.run\/blog\/wp-content\/uploads\/2017\/07\/JG3A0548.jpg?resize=860%2C573\" alt=\"\" width=\"860\" height=\"573\" srcset=\"https:\/\/i0.wp.com\/www.courzyvite.run\/blog\/wp-content\/uploads\/2017\/07\/JG3A0548.jpg?w=884&amp;ssl=1 884w, https:\/\/i0.wp.com\/www.courzyvite.run\/blog\/wp-content\/uploads\/2017\/07\/JG3A0548.jpg?resize=420%2C280&amp;ssl=1 420w, https:\/\/i0.wp.com\/www.courzyvite.run\/blog\/wp-content\/uploads\/2017\/07\/JG3A0548.jpg?resize=768%2C512&amp;ssl=1 768w\" sizes=\"auto, (max-width: 860px) 100vw, 860px\" \/><b>Sylvie Cottet-Puinel<\/b> (Courir Nature Saint-Jean-de-Niost), actuellement 1\u00e8re femme (1\u00e8re V1) sur le\u00a0Challenge de l\u2019Ain de Course en Montagne, pr\u00e9sente \u00e0 cette 15\u00e8me Mont\u00e9e du Cr\u00eat d\u2019Eau, disput\u00e9e le 23 juillet 2017.<br \/>\nClich\u00e9 pris le 9 juillet 2017 par <b>Claude Eyraud <\/b>(Association Sportive de Monaco Athl\u00e9tisme), \u00e0 l\u2019occasion de la 5\u00e8me Croz\u2019et Raide o\u00f9 Sylvie s\u2019appropriera, sur le 8,2km, la 7\u00e8me place f\u00e9minine (2\u00e8me V1, 38\u00e8me au scratch) en 1h38\u201916.<br \/>\nImage r\u00e9alis\u00e9e au restaurant Le Y\u00e9ti apr\u00e8s 600m de d\u00e9nivel\u00e9 positif.<br \/>\n<img data-recalc-dims=\"1\" loading=\"lazy\" decoding=\"async\" class=\"size-full wp-image-8855 aligncenter\" src=\"https:\/\/i0.wp.com\/www.courzyvite.run\/blog\/wp-content\/uploads\/2017\/07\/35350713966_feb9431797_b.jpg?resize=860%2C574\" alt=\"\" width=\"860\" height=\"574\" srcset=\"https:\/\/i0.wp.com\/www.courzyvite.run\/blog\/wp-content\/uploads\/2017\/07\/35350713966_feb9431797_b.jpg?w=1024&amp;ssl=1 1024w, https:\/\/i0.wp.com\/www.courzyvite.run\/blog\/wp-content\/uploads\/2017\/07\/35350713966_feb9431797_b.jpg?resize=420%2C280&amp;ssl=1 420w, https:\/\/i0.wp.com\/www.courzyvite.run\/blog\/wp-content\/uploads\/2017\/07\/35350713966_feb9431797_b.jpg?resize=768%2C512&amp;ssl=1 768w\" sizes=\"auto, (max-width: 860px) 100vw, 860px\" \/><b>Laura Joly<\/b> (Arts Martiaux Viriat), actuellement 6\u00e8me femme (3\u00e8me V1) sur le\u00a0Challenge de l\u2019Ain de Course en Montagne, pr\u00e9sente \u00e0 cette 15\u00e8me Mont\u00e9e du Cr\u00eat d\u2019Eau, disput\u00e9e le 23 juillet 2017.<br \/>\nClich\u00e9 pris le 18 juin 2017 par\u00a0<strong>Viriat Team<\/strong>, \u00e0 l\u2019occasion du 2\u00e8me Trail de Val et Revermont o\u00f9 Laura s\u2019appropriera, sur le 27km, la 7\u00e8me place f\u00e9minine (3\u00e8me V1, 69\u00e8me au scratch) en 3h37\u201921.<br \/>\nImage r\u00e9alis\u00e9e \u00e0 l\u2019arriv\u00e9e \u00e0 Treffort.<br \/>\n<img data-recalc-dims=\"1\" loading=\"lazy\" decoding=\"async\" class=\"size-full wp-image-8819 aligncenter\" src=\"https:\/\/i0.wp.com\/www.courzyvite.run\/blog\/wp-content\/uploads\/2017\/07\/JG3A0744.jpg?resize=860%2C574\" alt=\"\" width=\"860\" height=\"574\" srcset=\"https:\/\/i0.wp.com\/www.courzyvite.run\/blog\/wp-content\/uploads\/2017\/07\/JG3A0744.jpg?w=956&amp;ssl=1 956w, https:\/\/i0.wp.com\/www.courzyvite.run\/blog\/wp-content\/uploads\/2017\/07\/JG3A0744.jpg?resize=420%2C280&amp;ssl=1 420w, https:\/\/i0.wp.com\/www.courzyvite.run\/blog\/wp-content\/uploads\/2017\/07\/JG3A0744.jpg?resize=768%2C513&amp;ssl=1 768w\" sizes=\"auto, (max-width: 860px) 100vw, 860px\" \/>A droite :<strong> Ghislaine Trilliat <\/strong>(Courir en Dombes), actuellement 3\u00e8me femme (2\u00e8me V1)<strong>\u00a0<\/strong>sur le\u00a0Challenge de l\u2019Ain de Course en Montagne, pr\u00e9sente \u00e0 cette 15\u00e8me Mont\u00e9e du Cr\u00eat d\u2019Eau, disput\u00e9e le 23 juillet 2017.<br \/>\nClich\u00e9 pris le 9 juillet 2017 par <b>Claude Eyraud <\/b>(Association Sportive de Monaco Athl\u00e9tisme), \u00e0 l\u2019occasion de la 5\u00e8me Croz\u2019et Raide o\u00f9 Ghislaine s\u2019appropriera, sur le 8,2km, la 9\u00e8me place f\u00e9minine (3\u00e8me V1, 49\u00e8me au scratch) en 1h53\u201937.<br \/>\nA gauche, on reconna\u00eet <strong>Patrick Grousson<\/strong> (Courir en Dombes), 50\u00e8me (6\u00e8me V2) en 1h53\u201937, pr\u00e9sent lui aussi \u00e0 la Mont\u00e9e du Cr\u00eat d\u2019Eau.<br \/>\nImage r\u00e9alis\u00e9e au restaurant Le Y\u00e9ti apr\u00e8s 600m de d\u00e9nivel\u00e9 positif.<br \/>\n<img data-recalc-dims=\"1\" loading=\"lazy\" decoding=\"async\" class=\"size-full wp-image-8626 aligncenter\" src=\"https:\/\/i0.wp.com\/www.courzyvite.run\/blog\/wp-content\/uploads\/2017\/07\/1556206_785399584851308_3851736235861449175_o-e1499517164168.jpg?resize=860%2C572&#038;ssl=1\" alt=\"\" width=\"860\" height=\"572\" \/><strong>Jean-Fran\u00e7ois Philipot<\/strong> (Club Athl\u00e9tique du Bassin Bellegardien et Club Alpin Fran\u00e7ais de La Roche \u2013 Bonneville), parrain de cette 15\u00e8me \u00e9dition de la Mont\u00e9e du Cr\u00eat d\u2019Eau, concourue le 23 juillet 2017.<br \/>\nClich\u00e9 pris le 25 octobre 2014 \u00e0 l\u2019occasion du 14\u00e8me Km Vertical de Fully o\u00f9 Jean-Fran\u00e7ois s\u2019appropriera la 10\u00e8me place (7\u00e8me \u00e9lite, 2\u00e8me Fran\u00e7ais) en 32\u201910.<br \/>\nImage r\u00e9alis\u00e9e \u00e0 l\u2019arriv\u00e9e aux Garettes.<\/p>\n<p><span style=\"color: #ffffff;\">.<\/span><br \/>\n<span style=\"color: #ffffff;\"> .<\/span><\/p>\n<p>&nbsp;<\/p>\n<p><strong>\u00a0 \u00a0 \u00a0 \u00a0 \u00a0 \u00a0 \u00a0 \u00a0 \u00a0 \u00a0 \u00a0 \u00a0 \u00a0 \u00a0 \u00a0 \u00a0 \u00a0 \u00a0 \u00a0 \u00a0 \u00a0 \u00a0 \u00a0 \u00a0 \u00a0 \u00a0 \u00a0 \u00a0 \u00a0 \u00a0 \u00a0 \u00a0 \u00a0 \u00a0 \u00a0 \u00a0 \u00a0 \u00a0 \u00a0 \u00a0 \u00a0 \u00a0 \u00a0 \u00a0 \u00a0 \u00a0 \u00a0 \u00a0 \u00a0 \u00a0 \u00a0 \u00a0 \u00a0 \u00a0 \u00a0 \u00a0 \u00a0 \u00a0 \u00a0 \u00a0 \u00a0 \u00a0 \u00a0 \u00a0 \u00a0 \u00a0 \u00a0 \u00a0 \u00a0 \u00a0 \u00a0 \u00a0 \u00a0 \u00a0 \u00a0 \u00a0 \u00a0 \u00a0 \u00a0 \u00a0 \u00a0 \u00a0 \u00a0 \u00a0 \u00a0 \u00a0 \u00a0 \u00a0 \u00a0 \u00a0 \u00a0 \u00a0 \u00a0 \u00a0 \u00a0 \u00a0 \u00a0 \u00a0 \u00a0 \u00a0 \u00a0 \u00a0 \u00a0 \u00a0 \u00a0 \u00a0 \u00a0 \u00a0 \u00a0 \u00a0 \u00a0 \u00a0 \u00a0 \u00a0 \u00a0 \u00a0 \u00a0 \u00a0 \u00a0 \u00a0 \u00a0 \u00a0 \u00a0 \u00a0 \u00a0 \u00a0 \u00a0 \u00a0 \u00a0 \u00a0 \u00a0 \u00a0 \u00a0 \u00a0 \u00a0 \u00a0 \u00a0 \u00a0 \u00a0 \u00a0 \u00a0 \u00a0 \u00a0 \u00a0 \u00a0 \u00a0 \u00a0 \u00a0 \u00a0 \u00a0 \u00a0 \u00a0 \u00a0 \u00a0 \u00a0 \u00a0 \u00a0 \u00a0 \u00a0 \u00a0 \u00a0 \u00a0 \u00a0 \u00a0 \u00a0 \u00a0 \u00a0 \u00a0 \u00a0 \u00a0 \u00a0 \u00a0 \u00a0 \u00a0 \u00a0 \u00a0 \u00a0 \u00a0 \u00a0 \u00a0 \u00a0 \u00a0 \u00a0 \u00a0 \u00a0 \u00a0 \u00a0 \u00a0 \u00a0 \u00a0 \u00a0 \u00a0 \u00a0 \u00a0 \u00a0 \u00a0 \u00a0 \u00a0 \u00a0 \u00a0 \u00a0 \u00a0 \u00a0 \u00a0 \u00a0 \u00a0 \u00a0 \u00a0 \u00a0 \u00a0 \u00a0 \u00a0 \u00a0 \u00a0 \u00a0 \u00a0 \u00a0 \u00a0 \u00a0 \u00a0 \u00a0 \u00a0 \u00a0 \u00a0 \u00a0 \u00a0 \u00a0 \u00a0 \u00a0 \u00a0 \u00a0 \u00a0 \u00a0 \u00a0 \u00a0 \u00a0 \u00a0 \u00a0 \u00a0 \u00a0 \u00a0 \u00a0 \u00a0 \u00a0 \u00a0 \u00a0 \u00a0 \u00a0 \u00a0 \u00a0 \u00a0 \u00a0 \u00a0 \u00a0 \u00a0 \u00a0 \u00a0 \u00a0 \u00a0 \u00a0 \u00a0 \u00a0 \u00a0 \u00a0 \u00a0 \u00a0 \u00a0 \u00a0 \u00a0 \u00a0 \u00a0 \u00a0 \u00a0 \u00a0 \u00a0 \u00a0 \u00a0 \u00a0 \u00a0 \u00a0 \u00a0 \u00a0 \u00a0 \u00a0 \u00a0 \u00a0 \u00a0 \u00a0 \u00a0 \u00a0 \u00a0 \u00a0 \u00a0 \u00a0 \u00a0 \u00a0 \u00a0 \u00a0 \u00a0 \u00a0 \u00a0 \u00a0 \u00a0 \u00a0 \u00a0 \u00a0 \u00a0 \u00a0 \u00a0 \u00a0 \u00a0 \u00a0 \u00a0 \u00a0 \u00a0 \u00a0 \u00a0 \u00a0 \u00a0 \u00a0 \u00a0 \u00a0 \u00a0 \u00a0 \u00a0 \u00a0 \u00a0 \u00a0 \u00a0 \u00a0 \u00a0 \u00a0 \u00a0 \u00a0 \u00a0 \u00a0 \u00a0 \u00a0 \u00a0 \u00a0 \u00a0 \u00a0 \u00a0 \u00a0 \u00a0 \u00a0 \u00a0 \u00a0 \u00a0 \u00a0 \u00a0 \u00a0 \u00a0 \u00a0 \u00a0 \u00a0 \u00a0 \u00a0 \u00a0 \u00a0 \u00a0 \u00a0 \u00a0 \u00a0 \u00a0 \u00a0 \u00a0 \u00a0 \u00a0 \u00a0 \u00a0 \u00a0 \u00a0 \u00a0 \u00a0 \u00a0 \u00a0 \u00a0 \u00a0 \u00a0 \u00a0 \u00a0 \u00a0 \u00a0 \u00a0 \u00a0 \u00a0 \u00a0 \u00a0 \u00a0 \u00a0 \u00a0 \u00a0 \u00a0 \u00a0 \u00a0 \u00a0 \u00a0 \u00a0 \u00a0 \u00a0 \u00a0 \u00a0 \u00a0 \u00a0 \u00a0 \u00a0 \u00a0 \u00a0 \u00a0 \u00a0 \u00a0 \u00a0 \u00a0 \u00a0 \u00a0 \u00a0 \u00a0 \u00a0 \u00a0 \u00a0 \u00a0 \u00a0 \u00a0 \u00a0 \u00a0 \u00a0 \u00a0 \u00a0 \u00a0 \u00a0 \u00a0 \u00a0 \u00a0 \u00a0 \u00a0 \u00a0 \u00a0 \u00a0 \u00a0 \u00a0 \u00a0 \u00a0 \u00a0 \u00a0 \u00a0 \u00a0 \u00a0 \u00a0 \u00a0 \u00a0 \u00a0 \u00a0 \u00a0 \u00a0 \u00a0 \u00a0 \u00a0 \u00a0 \u00a0 \u00a0 \u00a0 \u00a0 \u00a0 \u00a0 \u00a0 \u00a0 \u00a0 \u00a0 \u00a0 \u00a0 \u00a0 \u00a0 \u00a0 \u00a0 \u00a0 \u00a0 \u00a0 \u00a0 \u00a0 \u00a0 \u00a0 \u00a0 \u00a0 \u00a0 \u00a0 \u00a0 \u00a0 \u00a0 \u00a0 \u00a0 \u00a0 \u00a0 \u00a0 \u00a0 \u00a0 \u00a0 \u00a0 \u00a0 \u00a0 \u00a0 \u00a0 \u00a0 \u00a0 \u00a0 \u00a0 \u00a0 \u00a0 \u00a0 \u00a0 \u00a0 \u00a0 \u00a0 \u00a0 \u00a0 \u00a0 \u00a0 \u00a0 \u00a0 \u00a0 \u00a0 \u00a0 \u00a0 \u00a0 \u00a0 \u00a0 \u00a0 \u00a0 \u00a0 \u00a0 \u00a0 \u00a0 \u00a0 \u00a0 \u00a0 \u00a0 \u00a0 \u00a0 \u00a0 \u00a0 \u00a0 \u00a0 \u00a0 \u00a0 \u00a0 \u00a0 \u00a0 \u00a0 \u00a0 \u00a0 \u00a0 \u00a0 \u00a0 \u00a0 \u00a0 \u00a0 \u00a0 \u00a0 \u00a0 \u00a0 \u00a0 \u00a0 \u00a0 \u00a0 \u00a0 \u00a0 \u00a0 \u00a0 \u00a0 \u00a0 \u00a0 \u00a0 \u00a0 \u00a0 \u00a0 \u00a0 \u00a0 \u00a0 \u00a0 \u00a0 \u00a0 \u00a0 \u00a0 \u00a0 \u00a0 \u00a0 \u00a0 \u00a0 \u00a0 \u00a0 \u00a0 \u00a0 \u00a0 \u00a0 \u00a0 \u00a0 \u00a0 \u00a0 \u00a0 \u00a0 \u00a0 \u00a0 \u00a0 \u00a0 \u00a0 \u00a0 \u00a0 \u00a0 \u00a0 \u00a0 \u00a0 \u00a0 \u00a0 \u00a0 \u00a0 \u00a0 \u00a0 \u00a0 \u00a0 \u00a0 \u00a0 \u00a0 \u00a0 \u00a0 \u00a0 \u00a0 \u00a0 \u00a0 \u00a0 \u00a0 \u00a0 \u00a0 \u00a0 \u00a0 \u00a0 \u00a0 \u00a0 \u00a0 \u00a0 \u00a0 \u00a0 \u00a0 \u00a0 \u00a0 \u00a0 \u00a0 \u00a0 \u00a0 \u00a0 \u00a0 \u00a0 \u00a0 \u00a0 \u00a0 \u00a0 \u00a0 \u00a0 \u00a0 \u00a0 \u00a0 \u00a0 \u00a0 \u00a0 \u00a0 \u00a0 \u00a0 \u00a0 \u00a0 \u00a0 \u00a0 \u00a0 \u00a0 \u00a0 \u00a0 \u00a0 \u00a0 \u00a0 \u00a0 \u00a0 \u00a0 \u00a0 \u00a0 \u00a0 \u00a0 \u00a0 \u00a0 \u00a0 \u00a0 \u00a0 \u00a0 \u00a0 \u00a0 \u00a0 \u00a0 \u00a0 \u00a0 \u00a0 \u00a0 \u00a0 \u00a0 \u00a0 \u00a0 \u00a0 \u00a0 \u00a0 \u00a0 \u00a0 \u00a0 \u00a0 \u00a0 \u00a0 \u00a0 \u00a0 \u00a0 \u00a0 \u00a0 \u00a0 \u00a0 \u00a0 \u00a0 \u00a0 \u00a0 \u00a0 \u00a0 \u00a0 \u00a0 \u00a0 \u00a0 \u00a0 \u00a0 \u00a0 \u00a0 \u00a0 \u00a0 \u00a0 \u00a0 \u00a0 \u00a0 \u00a0 \u00a0 \u00a0 \u00a0 \u00a0 \u00a0 \u00a0 \u00a0 \u00a0 \u00a0 \u00a0 \u00a0 \u00a0 \u00a0 \u00a0 \u00a0 \u00a0 \u00a0 \u00a0 \u00a0 \u00a0 \u00a0 \u00a0 \u00a0 \u00a0 \u00a0 \u00a0 \u00a0 \u00a0 \u00a0 \u00a0 \u00a0 \u00a0 \u00a0 \u00a0 \u00a0 \u00a0 \u00a0 \u00a0 \u00a0 \u00a0 \u00a0 \u00a0 \u00a0 \u00a0 \u00a0 \u00a0 \u00a0 \u00a0 \u00a0 \u00a0 \u00a0 \u00a0 \u00a0 \u00a0 \u00a0 \u00a0 \u00a0 \u00a0 \u00a0 \u00a0 \u00a0 \u00a0 \u00a0 \u00a0 \u00a0 \u00a0 \u00a0 \u00a0 \u00a0 \u00a0 \u00a0 \u00a0 \u00a0 \u00a0 \u00a0 \u00a0 \u00a0 \u00a0 \u00a0 \u00a0 \u00a0 \u00a0 \u00a0 \u00a0 \u00a0 \u00a0 \u00a0 \u00a0 \u00a0 \u00a0 \u00a0 \u00a0 \u00a0 \u00a0 \u00a0 \u00a0 \u00a0 \u00a0 \u00a0 \u00a0 \u00a0 \u00a0 \u00a0 \u00a0 \u00a0 \u00a0 \u00a0 \u00a0 \u00a0 \u00a0 \u00a0 \u00a0 \u00a0 \u00a0 \u00a0 \u00a0 \u00a0 \u00a0 \u00a0 \u00a0 \u00a0 \u00a0 \u00a0 \u00a0 \u00a0 \u00a0 \u00a0 \u00a0 \u00a0 \u00a0 \u00a0 \u00a0 \u00a0 \u00a0 \u00a0 \u00a0 \u00a0 \u00a0 \u00a0 \u00a0 \u00a0 \u00a0 \u00a0 \u00a0 \u00a0 \u00a0 \u00a0 \u00a0 \u00a0 \u00a0 \u00a0 \u00a0 \u00a0 \u00a0 \u00a0 \u00a0 \u00a0 \u00a0 \u00a0 \u00a0 \u00a0 \u00a0 \u00a0 \u00a0 \u00a0 \u00a0 \u00a0 \u00a0 \u00a0 \u00a0 \u00a0 \u00a0 \u00a0 \u00a0 \u00a0 \u00a0 \u00a0 \u00a0 \u00a0 \u00a0 \u00a0 \u00a0 \u00a0 \u00a0 \u00a0 \u00a0 \u00a0 \u00a0 \u00a0 \u00a0 \u00a0 \u00a0 \u00a0 \u00a0 \u00a0 \u00a0 \u00a0 \u00a0 \u00a0 \u00a0 \u00a0 \u00a0 \u00a0 \u00a0 \u00a0 \u00a0 \u00a0 \u00a0 \u00a0 \u00a0 \u00a0 \u00a0 \u00a0 \u00a0 \u00a0 \u00a0 \u00a0 \u00a0 \u00a0 \u00a0 \u00a0 \u00a0 \u00a0 \u00a0 \u00a0 \u00a0 \u00a0 \u00a0 \u00a0 \u00a0 \u00a0 \u00a0 \u00a0 \u00a0 \u00a0 \u00a0 \u00a0 \u00a0 \u00a0 \u00a0 \u00a0 \u00a0 \u00a0 \u00a0 \u00a0 \u00a0 \u00a0 \u00a0 \u00a0 \u00a0 \u00a0 \u00a0 \u00a0 \u00a0 \u00a0 \u00a0 \u00a0 \u00a0 \u00a0 \u00a0 \u00a0 \u00a0 \u00a0 \u00a0 \u00a0 \u00a0 \u00a0 \u00a0 \u00a0 \u00a0 \u00a0 \u00a0 \u00a0 \u00a0 \u00a0 \u00a0 \u00a0 \u00a0 \u00a0 \u00a0 \u00a0 \u00a0 \u00a0 \u00a0 \u00a0 \u00a0 \u00a0 \u00a0 \u00a0 \u00a0 \u00a0 \u00a0 \u00a0 \u00a0 \u00a0 \u00a0 \u00a0 \u00a0 \u00a0 \u00a0 \u00a0 \u00a0 \u00a0 \u00a0 \u00a0 \u00a0 \u00a0 \u00a0 \u00a0 \u00a0 \u00a0 \u00a0 \u00a0 \u00a0 \u00a0 \u00a0 \u00a0 \u00a0 \u00a0 \u00a0 \u00a0 \u00a0 \u00a0 \u00a0 \u00a0 \u00a0 \u00a0 \u00a0 \u00a0 \u00a0 \u00a0 \u00a0 \u00a0 \u00a0 \u00a0 \u00a0 \u00a0 \u00a0 \u00a0 \u00a0 \u00a0 \u00a0 \u00a0 \u00a0 \u00a0 \u00a0 \u00a0 \u00a0 \u00a0 \u00a0 \u00a0 \u00a0 \u00a0 \u00a0 \u00a0 \u00a0 \u00a0 \u00a0 \u00a0 \u00a0 \u00a0 \u00a0 \u00a0 \u00a0 \u00a0 \u00a0 \u00a0 \u00a0 \u00a0 \u00a0 \u00a0 \u00a0 \u00a0 \u00a0 \u00a0 \u00a0 \u00a0 \u00a0 \u00a0 \u00a0 \u00a0 \u00a0 \u00a0 \u00a0 \u00a0 \u00a0 \u00a0 \u00a0 \u00a0 \u00a0 \u00a0 \u00a0 \u00a0 \u00a0 \u00a0 \u00a0 \u00a0 \u00a0 \u00a0 \u00a0 \u00a0 \u00a0 \u00a0 \u00a0 \u00a0 \u00a0 \u00a0 \u00a0 \u00a0 \u00a0 \u00a0 \u00a0 \u00a0 \u00a0 \u00a0 \u00a0 \u00a0 \u00a0 \u00a0 \u00a0 \u00a0 \u00a0 \u00a0 \u00a0 \u00a0 \u00a0 \u00a0 \u00a0 \u00a0 \u00a0 \u00a0 \u00a0 \u00a0 \u00a0 \u00a0 \u00a0 \u00a0 \u00a0 \u00a0 \u00a0 \u00a0 \u00a0 \u00a0 \u00a0 \u00a0 \u00a0 \u00a0 \u00a0 \u00a0 \u00a0 \u00a0 \u00a0 \u00a0 \u00a0 \u00a0 \u00a0 \u00a0 \u00a0 \u00a0 \u00a0 \u00a0 \u00a0 \u00a0 \u00a0 \u00a0 \u00a0 \u00a0 \u00a0 \u00a0 \u00a0 \u00a0 \u00a0 \u00a0 \u00a0 \u00a0 \u00a0 \u00a0 \u00a0 \u00a0 \u00a0 \u00a0 \u00a0 \u00a0 \u00a0 \u00a0 \u00a0 \u00a0 \u00a0 \u00a0 \u00a0 \u00a0 \u00a0 \u00a0 \u00a0 \u00a0 \u00a0 \u00a0 \u00a0 \u00a0 \u00a0 \u00a0 \u00a0 \u00a0 \u00a0 \u00a0 \u00a0 \u00a0 \u00a0 \u00a0 \u00a0 \u00a0 \u00a0 \u00a0 \u00a0 \u00a0 \u00a0 \u00a0 \u00a0 \u00a0 \u00a0 \u00a0 \u00a0 \u00a0 \u00a0 \u00a0 \u00a0 \u00a0 \u00a0 \u00a0 \u00a0 \u00a0 \u00a0 \u00a0 \u00a0 \u00a0 \u00a0 \u00a0 \u00a0 \u00a0 \u00a0 \u00a0 \u00a0 \u00a0 \u00a0 \u00a0 \u00a0 \u00a0 \u00a0 \u00a0 \u00a0 \u00a0 \u00a0 \u00a0 \u00a0 \u00a0 \u00a0 \u00a0 \u00a0 \u00a0 \u00a0 \u00a0 \u00a0 \u00a0 \u00a0 \u00a0 \u00a0 \u00a0 \u00a0 \u00a0 \u00a0 \u00a0 \u00a0 \u00a0 \u00a0 \u00a0 \u00a0 \u00a0 \u00a0 \u00a0 \u00a0 \u00a0 \u00a0 \u00a0 \u00a0 \u00a0 \u00a0 \u00a0 \u00a0 \u00a0 \u00a0 \u00a0 \u00a0 \u00a0 \u00a0 \u00a0 \u00a0 \u00a0 \u00a0 \u00a0 \u00a0 \u00a0 \u00a0 \u00a0 \u00a0 \u00a0 \u00a0 \u00a0 \u00a0 \u00a0 \u00a0 \u00a0 \u00a0 \u00a0 \u00a0 \u00a0 \u00a0 \u00a0 \u00a0 \u00a0 \u00a0 \u00a0 \u00a0 \u00a0 \u00a0 \u00a0 \u00a0 \u00a0 \u00a0 \u00a0 \u00a0 \u00a0 \u00a0 \u00a0 \u00a0 \u00a0 \u00a0 \u00a0 \u00a0 \u00a0 \u00a0 \u00a0 \u00a0 \u00a0 \u00a0 \u00a0 \u00a0 \u00a0 \u00a0 \u00a0 \u00a0 \u00a0 \u00a0 \u00a0 \u00a0 \u00a0 \u00a0 \u00a0 \u00a0 \u00a0 \u00a0 \u00a0 \u00a0 \u00a0 \u00a0 \u00a0 \u00a0 \u00a0 \u00a0 \u00a0 \u00a0 \u00a0 \u00a0 \u00a0 \u00a0 \u00a0 \u00a0 \u00a0 \u00a0 \u00a0 \u00a0 \u00a0 \u00a0 \u00a0 \u00a0 \u00a0 \u00a0 \u00a0 \u00a0 \u00a0 \u00a0 \u00a0 \u00a0 \u00a0 \u00a0 \u00a0 \u00a0 \u00a0 \u00a0 \u00a0 \u00a0 \u00a0 \u00a0 \u00a0 \u00a0 \u00a0 \u00a0 \u00a0 \u00a0 \u00a0 \u00a0 \u00a0 \u00a0 \u00a0 \u00a0 \u00a0 \u00a0 \u00a0 \u00a0 \u00a0 \u00a0 \u00a0 \u00a0 \u00a0 \u00a0 \u00a0 \u00a0 \u00a0 \u00a0 \u00a0 \u00a0 \u00a0 \u00a0 \u00a0 \u00a0 \u00a0 \u00a0 \u00a0 \u00a0 \u00a0 \u00a0 \u00a0 \u00a0 \u00a0 \u00a0 \u00a0 \u00a0 \u00a0 \u00a0 \u00a0 \u00a0 \u00a0 \u00a0 \u00a0 \u00a0 \u00a0 \u00a0 \u00a0 \u00a0 \u00a0 \u00a0 \u00a0 \u00a0 \u00a0 \u00a0 \u00a0 \u00a0 \u00a0 \u00a0 \u00a0 \u00a0 \u00a0 \u00a0 \u00a0 \u00a0 \u00a0 \u00a0 \u00a0 \u00a0 \u00a0 \u00a0 \u00a0 \u00a0 \u00a0 \u00a0 \u00a0 \u00a0 \u00a0 \u00a0 \u00a0 \u00a0 \u00a0 \u00a0 \u00a0 \u00a0 \u00a0 \u00a0 \u00a0 \u00a0 \u00a0 \u00a0 \u00a0 \u00a0 \u00a0 \u00a0 \u00a0 \u00a0 \u00a0 \u00a0 \u00a0 \u00a0 \u00a0 \u00a0 \u00a0 \u00a0 \u00a0 \u00a0 \u00a0 \u00a0 \u00a0 \u00a0 \u00a0 \u00a0 \u00a0 \u00a0 \u00a0 \u00a0 \u00a0 \u00a0 \u00a0 \u00a0 \u00a0 \u00a0 \u00a0 \u00a0 \u00a0 \u00a0 \u00a0 \u00a0 \u00a0 \u00a0 \u00a0 \u00a0 \u00a0 \u00a0 \u00a0 \u00a0 \u00a0 \u00a0 \u00a0 \u00a0 \u00a0 \u00a0 \u00a0 \u00a0 \u00a0 \u00a0 \u00a0 \u00a0 \u00a0 \u00a0 \u00a0 \u00a0 \u00a0 \u00a0 \u00a0 \u00a0 \u00a0 \u00a0 \u00a0 \u00a0 \u00a0 \u00a0 \u00a0 \u00a0 \u00a0 \u00a0 \u00a0 \u00a0 \u00a0 \u00a0 \u00a0 \u00a0 \u00a0 \u00a0 \u00a0 \u00a0 \u00a0 \u00a0 \u00a0 \u00a0 \u00a0 \u00a0 \u00a0 \u00a0 \u00a0 \u00a0 \u00a0 \u00a0 \u00a0 \u00a0 \u00a0 \u00a0 \u00a0 \u00a0 \u00a0 \u00a0 \u00a0 \u00a0 \u00a0 \u00a0 \u00a0 \u00a0 \u00a0 \u00a0 \u00a0 \u00a0 \u00a0 \u00a0 \u00a0 \u00a0 \u00a0 \u00a0 \u00a0 \u00a0 \u00a0 \u00a0 \u00a0 \u00a0 \u00a0 \u00a0 \u00a0 \u00a0 \u00a0 \u00a0 \u00a0 \u00a0 \u00a0 \u00a0 \u00a0 \u00a0 \u00a0 \u00a0 \u00a0 \u00a0 \u00a0 \u00a0 \u00a0 \u00a0 \u00a0 \u00a0 \u00a0 \u00a0 \u00a0 \u00a0 \u00a0 \u00a0 \u00a0 \u00a0 \u00a0 \u00a0 \u00a0 \u00a0 \u00a0 \u00a0 \u00a0 \u00a0 \u00a0 \u00a0 \u00a0 \u00a0 \u00a0 \u00a0 \u00a0 \u00a0 \u00a0 \u00a0 \u00a0 \u00a0 \u00a0 \u00a0 \u00a0 \u00a0 \u00a0 \u00a0 \u00a0 \u00a0 \u00a0 \u00a0 \u00a0 \u00a0 \u00a0 \u00a0 \u00a0 \u00a0 \u00a0 \u00a0 \u00a0 \u00a0 \u00a0 \u00a0 \u00a0 \u00a0 \u00a0 \u00a0 \u00a0 \u00a0 \u00a0 \u00a0 \u00a0 \u00a0 \u00a0 \u00a0 \u00a0 \u00a0 \u00a0 \u00a0 \u00a0 \u00a0 \u00a0 \u00a0 \u00a0 \u00a0 \u00a0 \u00a0 \u00a0 \u00a0 \u00a0 \u00a0 \u00a0 \u00a0 \u00a0 \u00a0 \u00a0 \u00a0 \u00a0 \u00a0 \u00a0 \u00a0 \u00a0 \u00a0 \u00a0 \u00a0 \u00a0 \u00a0 \u00a0 \u00a0 \u00a0 \u00a0 \u00a0 \u00a0 \u00a0 \u00a0 \u00a0 \u00a0 \u00a0 \u00a0 \u00a0 \u00a0 \u00a0 \u00a0 \u00a0 \u00a0 \u00a0 \u00a0 \u00a0 \u00a0 \u00a0 \u00a0 \u00a0 \u00a0 \u00a0 \u00a0 \u00a0 \u00a0 \u00a0 \u00a0 \u00a0 \u00a0 \u00a0 \u00a0 \u00a0 \u00a0 \u00a0 \u00a0 \u00a0 \u00a0 \u00a0 \u00a0 \u00a0 \u00a0 \u00a0 \u00a0 \u00a0 \u00a0 \u00a0 \u00a0 \u00a0 \u00a0 \u00a0 \u00a0 \u00a0 \u00a0 \u00a0 \u00a0 \u00a0 \u00a0 \u00a0 \u00a0 \u00a0 \u00a0 \u00a0 \u00a0 \u00a0 \u00a0 \u00a0 \u00a0 \u00a0 \u00a0 \u00a0 \u00a0 \u00a0 \u00a0 \u00a0 \u00a0 \u00a0 \u00a0 \u00a0 \u00a0 \u00a0 \u00a0 \u00a0 \u00a0 \u00a0 \u00a0 \u00a0 \u00a0 \u00a0 \u00a0 \u00a0 \u00a0 \u00a0 \u00a0 \u00a0 \u00a0 \u00a0 \u00a0 \u00a0 \u00a0 \u00a0 \u00a0 \u00a0 \u00a0 \u00a0 \u00a0 \u00a0 \u00a0 \u00a0 \u00a0 \u00a0 \u00a0 \u00a0 \u00a0 \u00a0 \u00a0 \u00a0 \u00a0 \u00a0 \u00a0 \u00a0 \u00a0 \u00a0 \u00a0 \u00a0 \u00a0 \u00a0 \u00a0 \u00a0 \u00a0 \u00a0 \u00a0 \u00a0 \u00a0 \u00a0 \u00a0 \u00a0 \u00a0 \u00a0 \u00a0 \u00a0 \u00a0 \u00a0 \u00a0 \u00a0 \u00a0 \u00a0 \u00a0 \u00a0 \u00a0 \u00a0 \u00a0 \u00a0 \u00a0 \u00a0 \u00a0 \u00a0 \u00a0 \u00a0 \u00a0 \u00a0 \u00a0 \u00a0 \u00a0 \u00a0 \u00a0 \u00a0 \u00a0 \u00a0 \u00a0 \u00a0 \u00a0 \u00a0 \u00a0 \u00a0 \u00a0 \u00a0 \u00a0 \u00a0 \u00a0 \u00a0 \u00a0 \u00a0 \u00a0 \u00a0 \u00a0 \u00a0 \u00a0 \u00a0 \u00a0 \u00a0 \u00a0 \u00a0 \u00a0 \u00a0 \u00a0 \u00a0 \u00a0 \u00a0 \u00a0 \u00a0 \u00a0 \u00a0 \u00a0 \u00a0 \u00a0 \u00a0 \u00a0 \u00a0 \u00a0 \u00a0 \u00a0 \u00a0 \u00a0 \u00a0 \u00a0 \u00a0 \u00a0 \u00a0 \u00a0 \u00a0 \u00a0 \u00a0 \u00a0 \u00a0 \u00a0 \u00a0 \u00a0 \u00a0 \u00a0 \u00a0 \u00a0 \u00a0 \u00a0 \u00a0 \u00a0 \u00a0 \u00a0 \u00a0 \u00a0 \u00a0 \u00a0 \u00a0 \u00a0 \u00a0 \u00a0 \u00a0 \u00a0 \u00a0 \u00a0 \u00a0 \u00a0 \u00a0 \u00a0 \u00a0 \u00a0 \u00a0 \u00a0 \u00a0 \u00a0 \u00a0 \u00a0 \u00a0 \u00a0 \u00a0 \u00a0 \u00a0 \u00a0 \u00a0 \u00a0 \u00a0 \u00a0 \u00a0 \u00a0 \u00a0 \u00a0 \u00a0 \u00a0 \u00a0 \u00a0 \u00a0 \u00a0 \u00a0 \u00a0 \u00a0 \u00a0 \u00a0 \u00a0 \u00a0 \u00a0 \u00a0 \u00a0 \u00a0 \u00a0 \u00a0 \u00a0 \u00a0 \u00a0 \u00a0 \u00a0 \u00a0 \u00a0 \u00a0 \u00a0 \u00a0 \u00a0 \u00a0 \u00a0 \u00a0 \u00a0 \u00a0 \u00a0 \u00a0 \u00a0 \u00a0 \u00a0 \u00a0 \u00a0 \u00a0 \u00a0 \u00a0 \u00a0 \u00a0 \u00a0 \u00a0 \u00a0 \u00a0 \u00a0 \u00a0 \u00a0 \u00a0 \u00a0 \u00a0 \u00a0 \u00a0 \u00a0 \u00a0 \u00a0 \u00a0 \u00a0 \u00a0 \u00a0 \u00a0 \u00a0 \u00a0 \u00a0 \u00a0 \u00a0 \u00a0 \u00a0 \u00a0 \u00a0 \u00a0 \u00a0 \u00a0 \u00a0 \u00a0 \u00a0 \u00a0 \u00a0 \u00a0 \u00a0 \u00a0 \u00a0 \u00a0 \u00a0 \u00a0 \u00a0 \u00a0 \u00a0 \u00a0 \u00a0 \u00a0 \u00a0 \u00a0 \u00a0 \u00a0 \u00a0 \u00a0 \u00a0 \u00a0 \u00a0 \u00a0 \u00a0 \u00a0 \u00a0 \u00a0 \u00a0 \u00a0 \u00a0 \u00a0 \u00a0 \u00a0 \u00a0 \u00a0 \u00a0 \u00a0 \u00a0 \u00a0 \u00a0 \u00a0 \u00a0 \u00a0 \u00a0 \u00a0 \u00a0 \u00a0 \u00a0 \u00a0 \u00a0 \u00a0 \u00a0 \u00a0 \u00a0 \u00a0 \u00a0 \u00a0 \u00a0 \u00a0 \u00a0 \u00a0 \u00a0 \u00a0 \u00a0 \u00a0 \u00a0 \u00a0 \u00a0 \u00a0 \u00a0 \u00a0 \u00a0 \u00a0 \u00a0 \u00a0 \u00a0 \u00a0 \u00a0 \u00a0 \u00a0 \u00a0 \u00a0 \u00a0 \u00a0 \u00a0 \u00a0 \u00a0 \u00a0 \u00a0 \u00a0 \u00a0 \u00a0 \u00a0 \u00a0 \u00a0 \u00a0 \u00a0 \u00a0 \u00a0 \u00a0 \u00a0 \u00a0 \u00a0 \u00a0 \u00a0 \u00a0 \u00a0 \u00a0 \u00a0 \u00a0 \u00a0 \u00a0 \u00a0 \u00a0 \u00a0 \u00a0 \u00a0 \u00a0 \u00a0 \u00a0 \u00a0 \u00a0 \u00a0 \u00a0 \u00a0 \u00a0 \u00a0 \u00a0 \u00a0 \u00a0 \u00a0 \u00a0 \u00a0 \u00a0 \u00a0 \u00a0 \u00a0 \u00a0 \u00a0 \u00a0 \u00a0 \u00a0 \u00a0 \u00a0 \u00a0 \u00a0 \u00a0 \u00a0 \u00a0 \u00a0 \u00a0 \u00a0 \u00a0 \u00a0 \u00a0 \u00a0 \u00a0 \u00a0 \u00a0 \u00a0 \u00a0 \u00a0 \u00a0 \u00a0 \u00a0 \u00a0 \u00a0 \u00a0 \u00a0 \u00a0 \u00a0 \u00a0 \u00a0 \u00a0 \u00a0 \u00a0 \u00a0 \u00a0 \u00a0 \u00a0 \u00a0 \u00a0 \u00a0 \u00a0 \u00a0 \u00a0 \u00a0 \u00a0 \u00a0 \u00a0 \u00a0 \u00a0 \u00a0 \u00a0 \u00a0 \u00a0 \u00a0 \u00a0 \u00a0 \u00a0 \u00a0 \u00a0 \u00a0 \u00a0 \u00a0 \u00a0 \u00a0 \u00a0 \u00a0 \u00a0 \u00a0 \u00a0 \u00a0 \u00a0 \u00a0 \u00a0 \u00a0 \u00a0 \u00a0 \u00a0 \u00a0 \u00a0 \u00a0 \u00a0 \u00a0 \u00a0 \u00a0 \u00a0 \u00a0 \u00a0 \u00a0 \u00a0 \u00a0 \u00a0 \u00a0 \u00a0 \u00a0 \u00a0 \u00a0 \u00a0 \u00a0 \u00a0 \u00a0 \u00a0 \u00a0 \u00a0 \u00a0 \u00a0 \u00a0 \u00a0 \u00a0 \u00a0 \u00a0 \u00a0 \u00a0 \u00a0 \u00a0 \u00a0 \u00a0 \u00a0 \u00a0 \u00a0 \u00a0 \u00a0 \u00a0 \u00a0 \u00a0 \u00a0 \u00a0 \u00a0 \u00a0 \u00a0 \u00a0 \u00a0 \u00a0 \u00a0 \u00a0 \u00a0 \u00a0 \u00a0 \u00a0 \u00a0 \u00a0 \u00a0 \u00a0 \u00a0 \u00a0 \u00a0 \u00a0 \u00a0 \u00a0 \u00a0 \u00a0 \u00a0 \u00a0 \u00a0 \u00a0 \u00a0 \u00a0 \u00a0 \u00a0 \u00a0 \u00a0 \u00a0 \u00a0 \u00a0 \u00a0 \u00a0 \u00a0 \u00a0 \u00a0 \u00a0 \u00a0 \u00a0 \u00a0 \u00a0 \u00a0 \u00a0 \u00a0 \u00a0 \u00a0 \u00a0 \u00a0 \u00a0 \u00a0 \u00a0 \u00a0 \u00a0 \u00a0 \u00a0 \u00a0 \u00a0 \u00a0 \u00a0 \u00a0 \u00a0 \u00a0 \u00a0 \u00a0 \u00a0 \u00a0 \u00a0 \u00a0 \u00a0 \u00a0 \u00a0 \u00a0 \u00a0 \u00a0 \u00a0 \u00a0 \u00a0 \u00a0 \u00a0 \u00a0 \u00a0 \u00a0 \u00a0 \u00a0 \u00a0 \u00a0 \u00a0 \u00a0 \u00a0 \u00a0 \u00a0 \u00a0 \u00a0 \u00a0 \u00a0 \u00a0 \u00a0 \u00a0 \u00a0 \u00a0 \u00a0 \u00a0 \u00a0 \u00a0 \u00a0 \u00a0 \u00a0 \u00a0 \u00a0 \u00a0 \u00a0 \u00a0 \u00a0 \u00a0 \u00a0 \u00a0 \u00a0 \u00a0 \u00a0 \u00a0 \u00a0 \u00a0 \u00a0 \u00a0 \u00a0 \u00a0 \u00a0 \u00a0 \u00a0 \u00a0 \u00a0 \u00a0 \u00a0 \u00a0 \u00a0 \u00a0 \u00a0 \u00a0 \u00a0 \u00a0 \u00a0 \u00a0 \u00a0 \u00a0 \u00a0 \u00a0 \u00a0 \u00a0 \u00a0 \u00a0 \u00a0 \u00a0 \u00a0 \u00a0 \u00a0 \u00a0 \u00a0 \u00a0 \u00a0 \u00a0 \u00a0 \u00a0 \u00a0 \u00a0 \u00a0 \u00a0 \u00a0 \u00a0 \u00a0 \u00a0 \u00a0 \u00a0 \u00a0 \u00a0 \u00a0 \u00a0 \u00a0 \u00a0 \u00a0 \u00a0 \u00a0 \u00a0 \u00a0 \u00a0 \u00a0 \u00a0 \u00a0 \u00a0 \u00a0 \u00a0 \u00a0 \u00a0 \u00a0 \u00a0 \u00a0 \u00a0 \u00a0 \u00a0 \u00a0 \u00a0 \u00a0 \u00a0 \u00a0 \u00a0 \u00a0 \u00a0 \u00a0 \u00a0 \u00a0 \u00a0 \u00a0 \u00a0 \u00a0 \u00a0 \u00a0 \u00a0 \u00a0 \u00a0 \u00a0 \u00a0 \u00a0 \u00a0 \u00a0 \u00a0 \u00a0 \u00a0 \u00a0 \u00a0 \u00a0 \u00a0 \u00a0 \u00a0 \u00a0 \u00a0 \u00a0 \u00a0 \u00a0 \u00a0 \u00a0 \u00a0 \u00a0 \u00a0 \u00a0 \u00a0 \u00a0 \u00a0 \u00a0 \u00a0 \u00a0 \u00a0 \u00a0 \u00a0 \u00a0 \u00a0 \u00a0 \u00a0 \u00a0 \u00a0 \u00a0 \u00a0 \u00a0 \u00a0 \u00a0 \u00a0 \u00a0 \u00a0 \u00a0 \u00a0 \u00a0 \u00a0 \u00a0 \u00a0 \u00a0 \u00a0 \u00a0 \u00a0 \u00a0 \u00a0 \u00a0 \u00a0 \u00a0 \u00a0 \u00a0 \u00a0 \u00a0 \u00a0 \u00a0 \u00a0 \u00a0 \u00a0 \u00a0 \u00a0 \u00a0 \u00a0 \u00a0 \u00a0 \u00a0 \u00a0 \u00a0 \u00a0 \u00a0 \u00a0 \u00a0 \u00a0 \u00a0 \u00a0 \u00a0 \u00a0 \u00a0 \u00a0 \u00a0 \u00a0 \u00a0 \u00a0 \u00a0 \u00a0 \u00a0 \u00a0 \u00a0 \u00a0 \u00a0 \u00a0 \u00a0 \u00a0 \u00a0 \u00a0 \u00a0 \u00a0 \u00a0 \u00a0 \u00a0 \u00a0 \u00a0 \u00a0 \u00a0 \u00a0 \u00a0 \u00a0 \u00a0 \u00a0 \u00a0 \u00a0 \u00a0 \u00a0 \u00a0 \u00a0 \u00a0 \u00a0 \u00a0 \u00a0 \u00a0 \u00a0 \u00a0 \u00a0 \u00a0 \u00a0 \u00a0 \u00a0 \u00a0 \u00a0 \u00a0 \u00a0 \u00a0 \u00a0 \u00a0 \u00a0 \u00a0 \u00a0 \u00a0 \u00a0 \u00a0 \u00a0 \u00a0 \u00a0 \u00a0 \u00a0 \u00a0 \u00a0 \u00a0 \u00a0 \u00a0 \u00a0 \u00a0 \u00a0 \u00a0 \u00a0 \u00a0 \u00a0 \u00a0 \u00a0 \u00a0 \u00a0 \u00a0 \u00a0 \u00a0 \u00a0 \u00a0 \u00a0 \u00a0 \u00a0 \u00a0 \u00a0 \u00a0 \u00a0 \u00a0 \u00a0 \u00a0 \u00a0 \u00a0 \u00a0 \u00a0 \u00a0 \u00a0 \u00a0 \u00a0 \u00a0 \u00a0 \u00a0 \u00a0 \u00a0 \u00a0 \u00a0 \u00a0 \u00a0 \u00a0 \u00a0 \u00a0 \u00a0 \u00a0 \u00a0 \u00a0 \u00a0 \u00a0 \u00a0 \u00a0 \u00a0 \u00a0 \u00a0 \u00a0 \u00a0 \u00a0 \u00a0 \u00a0 \u00a0 \u00a0 \u00a0 \u00a0 \u00a0 \u00a0 \u00a0 \u00a0 \u00a0 \u00a0 \u00a0 \u00a0 \u00a0 \u00a0 \u00a0 \u00a0 \u00a0 \u00a0 \u00a0 \u00a0 \u00a0 \u00a0 \u00a0 \u00a0 \u00a0 \u00a0 \u00a0 \u00a0 \u00a0 \u00a0 \u00a0 \u00a0 \u00a0 \u00a0 \u00a0 \u00a0 \u00a0 \u00a0 \u00a0 \u00a0 \u00a0 \u00a0 \u00a0 \u00a0 \u00a0 \u00a0 \u00a0 \u00a0 \u00a0 \u00a0 \u00a0 \u00a0 \u00a0 \u00a0 \u00a0 \u00a0 \u00a0 \u00a0 \u00a0 \u00a0 \u00a0 \u00a0 \u00a0 \u00a0 \u00a0 \u00a0 \u00a0 \u00a0 \u00a0 \u00a0 \u00a0 \u00a0 \u00a0 \u00a0 \u00a0 \u00a0 \u00a0 \u00a0 \u00a0 \u00a0 \u00a0 \u00a0 \u00a0 \u00a0 \u00a0 \u00a0 \u00a0 \u00a0 \u00a0 \u00a0 \u00a0 \u00a0 \u00a0 \u00a0 \u00a0 \u00a0 \u00a0 \u00a0 \u00a0 \u00a0 \u00a0 \u00a0 \u00a0 \u00a0 \u00a0 \u00a0 \u00a0 \u00a0 \u00a0 \u00a0 \u00a0 \u00a0 \u00a0 \u00a0 \u00a0 \u00a0 \u00a0 \u00a0 \u00a0 \u00a0 \u00a0 \u00a0 \u00a0 \u00a0 \u00a0 \u00a0 \u00a0 \u00a0 \u00a0 \u00a0 \u00a0 \u00a0 \u00a0 \u00a0 \u00a0 \u00a0 \u00a0 \u00a0 \u00a0 \u00a0 \u00a0 \u00a0 \u00a0 \u00a0 \u00a0 \u00a0 \u00a0 \u00a0 \u00a0 \u00a0 \u00a0 \u00a0 \u00a0 \u00a0 \u00a0 \u00a0 \u00a0 \u00a0 \u00a0 \u00a0 \u00a0 \u00a0 \u00a0 \u00a0 \u00a0 \u00a0 \u00a0 \u00a0 \u00a0 \u00a0 \u00a0 \u00a0 \u00a0 \u00a0 \u00a0 \u00a0 \u00a0 \u00a0 \u00a0 \u00a0 \u00a0 \u00a0 \u00a0 \u00a0 \u00a0 \u00a0 \u00a0 \u00a0 \u00a0 \u00a0 \u00a0 \u00a0 \u00a0 \u00a0 \u00a0 \u00a0 \u00a0 \u00a0 \u00a0 \u00a0 \u00a0 \u00a0 \u00a0 \u00a0 \u00a0 \u00a0 \u00a0 \u00a0 \u00a0 \u00a0 \u00a0 \u00a0 \u00a0 \u00a0 \u00a0 \u00a0 \u00a0 \u00a0 \u00a0 \u00a0 \u00a0 \u00a0 \u00a0 \u00a0 \u00a0 \u00a0 \u00a0 \u00a0 \u00a0 \u00a0 \u00a0 \u00a0 \u00a0 \u00a0 \u00a0 \u00a0 \u00a0 \u00a0 \u00a0 \u00a0 \u00a0 \u00a0 \u00a0 \u00a0 \u00a0 \u00a0 \u00a0 \u00a0 \u00a0 \u00a0 \u00a0 \u00a0 \u00a0 \u00a0 \u00a0 \u00a0 \u00a0 \u00a0 \u00a0 \u00a0 \u00a0 \u00a0 \u00a0 \u00a0 \u00a0 \u00a0 \u00a0 \u00a0 \u00a0 \u00a0 \u00a0 \u00a0 \u00a0 \u00a0 \u00a0 \u00a0 \u00a0 \u00a0 \u00a0 \u00a0 \u00a0 \u00a0 \u00a0 \u00a0 \u00a0 \u00a0 \u00a0 \u00a0 \u00a0 \u00a0 \u00a0 \u00a0 \u00a0 \u00a0 \u00a0 \u00a0 \u00a0 \u00a0 \u00a0 \u00a0 \u00a0 \u00a0 \u00a0 \u00a0 \u00a0 \u00a0 \u00a0 \u00a0 \u00a0 \u00a0 \u00a0 \u00a0 \u00a0 \u00a0 \u00a0 \u00a0 \u00a0 \u00a0 \u00a0 \u00a0 \u00a0 \u00a0 \u00a0 \u00a0 \u00a0 \u00a0 \u00a0 \u00a0 \u00a0 \u00a0 \u00a0 \u00a0 \u00a0 \u00a0 \u00a0 \u00a0 \u00a0 \u00a0 \u00a0 \u00a0 \u00a0 \u00a0 \u00a0 \u00a0 \u00a0 \u00a0 \u00a0 \u00a0 \u00a0 \u00a0 \u00a0 \u00a0 \u00a0 \u00a0 \u00a0 \u00a0 \u00a0 \u00a0 \u00a0 \u00a0 \u00a0 \u00a0 \u00a0 \u00a0 \u00a0 \u00a0 \u00a0 \u00a0 \u00a0 \u00a0 \u00a0 \u00a0 \u00a0 \u00a0 \u00a0 \u00a0 \u00a0 \u00a0 \u00a0 \u00a0 \u00a0 \u00a0 \u00a0 \u00a0 \u00a0 \u00a0 \u00a0 \u00a0 \u00a0 \u00a0 \u00a0 \u00a0 \u00a0 \u00a0 \u00a0 \u00a0 \u00a0 \u00a0 \u00a0 \u00a0 \u00a0 \u00a0 \u00a0 \u00a0 \u00a0 \u00a0 \u00a0 \u00a0 \u00a0 \u00a0 \u00a0 \u00a0 \u00a0 \u00a0 \u00a0 \u00a0 \u00a0 \u00a0 \u00a0 \u00a0 \u00a0 \u00a0 \u00a0 \u00a0 \u00a0 \u00a0 \u00a0 \u00a0 \u00a0 \u00a0 \u00a0 \u00a0 \u00a0 \u00a0 \u00a0 \u00a0 \u00a0 \u00a0 \u00a0 \u00a0 \u00a0 \u00a0 \u00a0 \u00a0 \u00a0 \u00a0 \u00a0 \u00a0 \u00a0 \u00a0 \u00a0 \u00a0 \u00a0 \u00a0 \u00a0 \u00a0 \u00a0 \u00a0 \u00a0 \u00a0 \u00a0 \u00a0 \u00a0 \u00a0 \u00a0 \u00a0 \u00a0 \u00a0 \u00a0 \u00a0 \u00a0 \u00a0 \u00a0 \u00a0 \u00a0 \u00a0 \u00a0 \u00a0 \u00a0 \u00a0 \u00a0 \u00a0 \u00a0 \u00a0 \u00a0 \u00a0 \u00a0 \u00a0 \u00a0 \u00a0 \u00a0 \u00a0 \u00a0 \u00a0 \u00a0 \u00a0 \u00a0 \u00a0 \u00a0 \u00a0 \u00a0 \u00a0 \u00a0 \u00a0 \u00a0 \u00a0 \u00a0 \u00a0 \u00a0 \u00a0 \u00a0 \u00a0 \u00a0 \u00a0 \u00a0 \u00a0 \u00a0 \u00a0 \u00a0 \u00a0 \u00a0 \u00a0 \u00a0 \u00a0 \u00a0 \u00a0 \u00a0 \u00a0 \u00a0 \u00a0 \u00a0 \u00a0 \u00a0 \u00a0 \u00a0 \u00a0 \u00a0 \u00a0 \u00a0 \u00a0 \u00a0 \u00a0 \u00a0 \u00a0 \u00a0 \u00a0 \u00a0 \u00a0 \u00a0 \u00a0 \u00a0 \u00a0 <\/strong><\/p>\n","protected":false},"excerpt":{"rendered":"<p>LA BOUTEILLE A L\u2019ENCRE ! 3EME TICKET POUR XAVIER THEVENARD ! Les \u00e9ditions 2015 et 2016 avaient \u00e9t\u00e9 marqu\u00e9es par l\u2019insolente domination du laur\u00e9at C\u00e9dric Fleureton, et dans une moindre mesure de son dauphin Arnaud Bonin, tous deux rel\u00e9guant \u00e0 distance respectable leurs poursuivants imm\u00e9diats (1). Les deux t\u00e9nors absents (vacances marocaines pour C\u00e9dric, Trail du Val d\u2019Allos pour Arnaud dont le partenaire Scott est celui de la manifestation), la [&#8230;]<\/p>\n","protected":false},"author":2,"featured_media":47637,"comment_status":"closed","ping_status":"closed","sticky":false,"template":"","format":"standard","meta":{"advanced_seo_description":"","jetpack_seo_html_title":"","jetpack_seo_noindex":false,"_jetpack_memberships_contains_paid_content":false,"footnotes":"","jetpack_publicize_message":"PRESENTATION DE LA MONTEE DU CRET D\u2019EAU (2EME PARTIE) : FAVORIS ET OUTSIDERS \/ 23-07-17","jetpack_publicize_feature_enabled":true,"jetpack_social_post_already_shared":true,"jetpack_social_options":{"image_generator_settings":{"template":"highway","default_image_id":0,"font":"","enabled":false},"version":2}},"categories":[14,13],"tags":[11],"class_list":["post-8768","post","type-post","status-publish","format-standard","has-post-thumbnail","hentry","category-ain","category-presentations-des-courses","tag-news"],"views":3535,"jetpack_publicize_connections":[],"jetpack_featured_media_url":"https:\/\/i0.wp.com\/www.courzyvite.run\/blog\/wp-content\/uploads\/2017\/07\/IMG_5626-e1500476978921-1.jpg?fit=1000%2C667&ssl=1","jetpack_shortlink":"https:\/\/wp.me\/p7PZ3h-2hq","jetpack_sharing_enabled":true,"_links":{"self":[{"href":"https:\/\/www.courzyvite.run\/blog\/wp-json\/wp\/v2\/posts\/8768","targetHints":{"allow":["GET"]}}],"collection":[{"href":"https:\/\/www.courzyvite.run\/blog\/wp-json\/wp\/v2\/posts"}],"about":[{"href":"https:\/\/www.courzyvite.run\/blog\/wp-json\/wp\/v2\/types\/post"}],"author":[{"embeddable":true,"href":"https:\/\/www.courzyvite.run\/blog\/wp-json\/wp\/v2\/users\/2"}],"replies":[{"embeddable":true,"href":"https:\/\/www.courzyvite.run\/blog\/wp-json\/wp\/v2\/comments?post=8768"}],"version-history":[{"count":0,"href":"https:\/\/www.courzyvite.run\/blog\/wp-json\/wp\/v2\/posts\/8768\/revisions"}],"wp:featuredmedia":[{"embeddable":true,"href":"https:\/\/www.courzyvite.run\/blog\/wp-json\/wp\/v2\/media\/47637"}],"wp:attachment":[{"href":"https:\/\/www.courzyvite.run\/blog\/wp-json\/wp\/v2\/media?parent=8768"}],"wp:term":[{"taxonomy":"category","embeddable":true,"href":"https:\/\/www.courzyvite.run\/blog\/wp-json\/wp\/v2\/categories?post=8768"},{"taxonomy":"post_tag","embeddable":true,"href":"https:\/\/www.courzyvite.run\/blog\/wp-json\/wp\/v2\/tags?post=8768"}],"curies":[{"name":"wp","href":"https:\/\/api.w.org\/{rel}","templated":true}]}}