{"id":7672,"date":"2017-03-28T15:45:56","date_gmt":"2017-03-28T13:45:56","guid":{"rendered":"https:\/\/www.courzyvite.run\/blog\/?p=7672"},"modified":"2020-09-07T10:01:10","modified_gmt":"2020-09-07T08:01:10","slug":"photos-du-22km-du-trail-de-la-michaille-26-03-17","status":"publish","type":"post","link":"https:\/\/www.courzyvite.run\/blog\/2017\/03\/28\/photos-du-22km-du-trail-de-la-michaille-26-03-17\/","title":{"rendered":"PHOTOS DU 22KM DU TRAIL DE LA MICHAILLE \/ 26-03-17"},"content":{"rendered":"<p>Deux photographes n\u2019ont pas manqu\u00e9 d\u2019immortaliser par de gratifiants reportages la manifestation :<br \/>\n<span style=\"color: #ffffff;\">.<\/span><br \/>\n<span style=\"color: #ffffff;\">.<\/span><br \/>\n\u2013 Le Saint-Juliennois\u00a0<strong>Jean-Claude Delachenal<\/strong>, auteur de 274 clich\u00e9s, pris au d\u00e9part puis \u00e0 300m de l\u2019arriv\u00e9e, aussi bien sur le 22km que le 12km.<br \/>\nLa totalit\u00e9 des images enrichit son compte Google :<br \/>\n<a href=\"https:\/\/goo.gl\/photos\/iHFgkspBbgt5yPaD7\">https:\/\/goo.gl\/photos\/iHFgkspBbgt5yPaD7<\/a><\/p>\n<p>Ci-dessous, vous trouverez 52 de ses photos,\u00a0plac\u00e9es\u00a0dans l\u2019ordre de passage des trailers et assorties de l\u00e9gendes.<br \/>\n<span style=\"color: #ffffff;\">.<\/span><br \/>\n<span style=\"color: #ffffff;\">.<\/span><br \/>\n\u2013 Le Villatus\u00a0<strong>Claude Duchene<\/strong>, auteur de 258 clich\u00e9s, pris sur le 22km dans la premi\u00e8re mont\u00e9e puis sur le plateau de Retord, peu avant le deuxi\u00e8me ravitaillement, install\u00e9 \u00e0 l\u2019intersection entre la piste acc\u00e9dant \u00e0 Le Chaix et la d\u00e9partementale 101 (km12,2).<br \/>\nLa totalit\u00e9 des images enrichit son compte Flickr :<br \/>\n<a href=\"https:\/\/www.flickr.com\/photos\/153609796@N07\/sets\/72157682852861556\">https:\/\/www.flickr.com\/photos\/153609796@N07\/sets\/72157682852861556<\/a><\/p>\n<p>Ci-dessous, vous trouverez 65 de ses photos, plac\u00e9es dans l\u2019ordre de passage des trailers et assorties de l\u00e9gendes.<br \/>\n<span style=\"color: #ffffff;\">.<\/span><br \/>\n<span style=\"color: #ffffff;\">.<\/span><br \/>\nQue tous les deux\u00a0en soient bien s\u00fbr chaleureusement remerci\u00e9s !<br \/>\n<span style=\"color: #ffffff;\">.<\/span><br \/>\n<span style=\"color: #ffffff;\">.<\/span><br \/>\n<strong>F.V.<\/strong><br \/>\n<span style=\"color: #ffffff;\">.<\/span><br \/>\n<span style=\"color: #ffffff;\">.<\/span><br \/>\n<span style=\"color: #ffffff;\">.<\/span><strong><br \/>\nLE TRAIL DE LA MICHAILLE SUR LE SITE WEB COURZYVITE\u00a0:<\/strong><\/p>\n<p><strong>\u2013 Pr\u00e9sentation de l\u2019\u00e9dition 2015\u00a0:<\/strong><br \/>\n<a href=\"https:\/\/www.courzyvite.run\/blog\/2015\/04\/10\/presentation-du-trail-de-la-michaille-11-04-15\/\">https:\/\/www.courzyvite.run\/blog\/2015\/04\/10\/presentation-du-trail-de-la-michaille-11-04-15\/<\/a><\/p>\n<p><strong>\u2013 R\u00e9sultats et compte rendu de l\u2019\u00e9dition 2015\u00a0:<\/strong><br \/>\n<a href=\"https:\/\/www.courzyvite.run\/blog\/2015\/04\/12\/resultats-et-compte-rendu-du-trail-de-la-michaille-11-04-15\/\">https:\/\/www.courzyvite.run\/blog\/2015\/04\/12\/resultats-et-compte-rendu-du-trail-de-la-michaille-11-04-15\/<\/a><\/p>\n<p><strong>\u2013 Pr\u00e9sentation de l\u2019\u00e9dition 2016\u00a0:<\/strong><br \/>\n<a href=\"https:\/\/www.courzyvite.run\/blog\/2016\/03\/25\/presentation-du-trail-de-la-michaille-26-03-16\/\">https:\/\/www.courzyvite.run\/blog\/2016\/03\/25\/presentation-du-trail-de-la-michaille-26-03-16\/<\/a><\/p>\n<p><strong>\u2013 R\u00e9sultats et compte rendu de l\u2019\u00e9dition 2016 :<br \/>\n<\/strong><a href=\"https:\/\/www.courzyvite.run\/blog\/2016\/03\/27\/resultats-et-compte-rendu-du-trail-de-la-michaille-26-03-16\/\">https:\/\/www.courzyvite.run\/blog\/2016\/03\/27\/resultats-et-compte-rendu-du-trail-de-la-michaille-26-03-16\/<\/a><\/p>\n<p><strong>\u2013 Photos du 22km de l\u2019\u00e9dition 2016\u00a0:<\/strong><br \/>\n<a href=\"https:\/\/www.courzyvite.run\/blog\/2016\/03\/28\/photos-du-22km-du-trail-de-la-michaille-26-03-16\/\">https:\/\/www.courzyvite.run\/blog\/2016\/03\/28\/photos-du-22km-du-trail-de-la-michaille-26-03-16\/<\/a><\/p>\n<p><strong>\u2013 Photos du 12km de l\u2019\u00e9dition 2016\u00a0:<\/strong><br \/>\n<a href=\"https:\/\/www.courzyvite.run\/blog\/2016\/03\/28\/photos-du-12km-du-trail-de-la-michaille-26-03-16\/\">https:\/\/www.courzyvite.run\/blog\/2016\/03\/28\/photos-du-12km-du-trail-de-la-michaille-26-03-16\/<\/a><\/p>\n<p><strong>\u2013 Vid\u00e9os de l\u2019\u00e9dition 2016\u00a0:<\/strong><br \/>\n<a href=\"https:\/\/www.courzyvite.run\/blog\/2016\/03\/29\/videos-du-trail-de-la-michaille-26-03-16\/\">https:\/\/www.courzyvite.run\/blog\/2016\/03\/29\/videos-du-trail-de-la-michaille-26-03-16\/<\/a><\/p>\n<p><strong>\u2013 Pr\u00e9sentation de l\u2019\u00e9dition 2017 :<br \/>\n<\/strong><a href=\"https:\/\/www.courzyvite.run\/blog\/2017\/03\/21\/presentation-du-trail-de-la-michaille-26-03-17\/\">https:\/\/www.courzyvite.run\/blog\/2017\/03\/21\/presentation-du-trail-de-la-michaille-26-03-17\/<\/a><\/p>\n<p><strong>\u2013 R\u00e9sultats, comptes rendus et premi\u00e8res photos de l\u2019\u00e9dition 2017 :<br \/>\n<\/strong><a href=\"https:\/\/www.courzyvite.run\/blog\/2017\/03\/27\/resultats-comptes-rendus-et-premieres-photos-du-trail-de-la-michaille-26-03-17\/\">https:\/\/www.courzyvite.run\/blog\/2017\/03\/27\/resultats-comptes-rendus-et-premieres-photos-du-trail-de-la-michaille-26-03-17\/<\/a><a href=\"https:\/\/i0.wp.com\/www.courzyvite.run\/blog\/wp-content\/uploads\/2017\/05\/33360767964_d59867826c_z.jpg?ssl=1\"><img data-recalc-dims=\"1\" loading=\"lazy\" decoding=\"async\" class=\"aligncenter wp-image-7658 size-full\" src=\"https:\/\/i0.wp.com\/www.courzyvite.run\/blog\/wp-content\/uploads\/2017\/05\/33360767964_d59867826c_z.jpg?resize=412%2C640&#038;ssl=1\" alt=\"\" width=\"412\" height=\"640\" \/><\/a>3\u00e8me \u00e9dition du Trail de la Michaille, 26 mars 2017.<br \/>\n22km.<br \/>\nDans la premi\u00e8re mont\u00e9e.<br \/>\n<strong>Herv\u00e9 Balanche<\/strong> (Ch\u00e2tillon-en-Michaille), 6\u00e8me (4\u00e8me senior) en 1h38\u201909.<br \/>\nClich\u00e9 de<strong> Claude Duchene<\/strong>.<strong><br \/>\n<a href=\"https:\/\/i0.wp.com\/www.courzyvite.run\/blog\/wp-content\/uploads\/2017\/05\/33360815614_c1c5544680_z-1.jpg?ssl=1\"><img data-recalc-dims=\"1\" loading=\"lazy\" decoding=\"async\" class=\"aligncenter wp-image-7659 size-full\" src=\"https:\/\/i0.wp.com\/www.courzyvite.run\/blog\/wp-content\/uploads\/2017\/05\/33360815614_c1c5544680_z-1.jpg?resize=410%2C640&#038;ssl=1\" alt=\"\" width=\"410\" height=\"640\" \/><\/a><\/strong>3\u00e8me \u00e9dition du Trail de la Michaille, 26 mars 2017.<br \/>\n22km.<br \/>\nDans la premi\u00e8re mont\u00e9e.<br \/>\n<strong>Romain Wyndaele\u00a0<\/strong>(Team Ravanel and Co et Entente Athl\u00e9tique de Chamb\u00e9ry), 7\u00e8me (5\u00e8me senior) en 1h38\u201950.<br \/>\nClich\u00e9 de<strong> Claude Duchene<\/strong>.<br \/>\n<img data-recalc-dims=\"1\" loading=\"lazy\" decoding=\"async\" class=\"size-full wp-image-7708 aligncenter\" src=\"https:\/\/i0.wp.com\/www.courzyvite.run\/blog\/wp-content\/uploads\/2017\/05\/33392488443_7c70c96c29_z.jpg?resize=425%2C640\" alt=\"\" width=\"425\" height=\"640\" srcset=\"https:\/\/i0.wp.com\/www.courzyvite.run\/blog\/wp-content\/uploads\/2017\/05\/33392488443_7c70c96c29_z.jpg?w=425&amp;ssl=1 425w, https:\/\/i0.wp.com\/www.courzyvite.run\/blog\/wp-content\/uploads\/2017\/05\/33392488443_7c70c96c29_z.jpg?resize=420%2C632&amp;ssl=1 420w\" sizes=\"auto, (max-width: 425px) 100vw, 425px\" \/>3\u00e8me \u00e9dition du Trail de la Michaille, 26 mars 2017.<br \/>\n22km.<br \/>\nDans la premi\u00e8re mont\u00e9e.<br \/>\n\u2013 Dossard 51 :<strong>\u00a0David Martin\u00a0<\/strong>(entra\u00eeneur de la section Hors Stade du Sallanches Passy Athl\u00e9tic Club), 8\u00e8me (2\u00e8me V1) en 1h40\u201901.<br \/>\n\u2013 Dans le dos de David avec des lunettes de soleil :\u00a0<strong>St\u00e9phane Jourden<\/strong> (Arve Athl\u00e9tisme Bonneville Pays Rochois, section de l\u2019Entente Athl\u00e9tique de l\u2019Arve), 20\u00e8me (13\u00e8me senior) en 1h47\u201950.<br \/>\n\u2013 Au second plan \u00e0 gauche :<strong> Eric Philibert<\/strong> (Dijon Single Track), 19\u00e8me (6\u00e8me V1) en 1h46\u201939.<br \/>\n\u2013 Avec un d\u00e9bardeur orange :\u00a0<strong>Baptiste Choutkoff<\/strong> (Team Sport L\u00e9o le Lysosome), 17\u00e8me (5\u00e8me V1) en 1h44\u201938.<br \/>\nClich\u00e9 de<strong> Claude Duchene<\/strong>.<br \/>\n<a href=\"https:\/\/i0.wp.com\/www.courzyvite.run\/blog\/wp-content\/uploads\/2017\/05\/33392550523_0836a980ab_z-1.jpg?ssl=1\"><img data-recalc-dims=\"1\" loading=\"lazy\" decoding=\"async\" class=\"aligncenter wp-image-7709 size-full\" src=\"https:\/\/i0.wp.com\/www.courzyvite.run\/blog\/wp-content\/uploads\/2017\/05\/33392550523_0836a980ab_z-1.jpg?resize=406%2C640&#038;ssl=1\" alt=\"\" width=\"406\" height=\"640\" \/><\/a>3\u00e8me \u00e9dition du Trail de la Michaille, 26 mars 2017.<br \/>\n22km.<br \/>\nDans la premi\u00e8re mont\u00e9e.<br \/>\n<strong>Valentin Rivalan<\/strong> (Sallen\u00f4ves), 9\u00e8me (6\u00e8me senior) en 1h41\u201902.<br \/>\nClich\u00e9 de<strong> Claude Duchene<\/strong>.<br \/>\n<img data-recalc-dims=\"1\" loading=\"lazy\" decoding=\"async\" class=\"size-full wp-image-7706 aligncenter\" src=\"https:\/\/i0.wp.com\/www.courzyvite.run\/blog\/wp-content\/uploads\/2017\/05\/33360665544_ea85431598_z.jpg?resize=425%2C640\" alt=\"\" width=\"425\" height=\"640\" srcset=\"https:\/\/i0.wp.com\/www.courzyvite.run\/blog\/wp-content\/uploads\/2017\/05\/33360665544_ea85431598_z.jpg?w=425&amp;ssl=1 425w, https:\/\/i0.wp.com\/www.courzyvite.run\/blog\/wp-content\/uploads\/2017\/05\/33360665544_ea85431598_z.jpg?resize=420%2C632&amp;ssl=1 420w\" sizes=\"auto, (max-width: 425px) 100vw, 425px\" \/>3\u00e8me \u00e9dition du Trail de la Michaille, 26 mars 2017.<br \/>\n22km.<br \/>\nDans la premi\u00e8re mont\u00e9e.<br \/>\n<b>Nicolas Chaboud<\/b> (Champdor, commune de Champdor-Corcelles), 10\u00e8me (7\u00e8me senior) en 1h42\u201926.<br \/>\nClich\u00e9 de<strong> Claude Duchene<\/strong>.<br \/>\n<a href=\"https:\/\/i0.wp.com\/www.courzyvite.run\/blog\/wp-content\/uploads\/2017\/05\/34045894082_06586d355b_z.jpg?ssl=1\"><img data-recalc-dims=\"1\" loading=\"lazy\" decoding=\"async\" class=\"aligncenter wp-image-7717 size-full\" src=\"https:\/\/i0.wp.com\/www.courzyvite.run\/blog\/wp-content\/uploads\/2017\/05\/34045894082_06586d355b_z.jpg?resize=403%2C640&#038;ssl=1\" alt=\"\" width=\"403\" height=\"640\" \/><\/a>3\u00e8me \u00e9dition du Trail de la Michaille, 26 mars 2017.<br \/>\n22km.<br \/>\nDans la premi\u00e8re mont\u00e9e.<br \/>\n<b>Bertrand Grosset-Janin<\/b> (Sallanches Passy Athl\u00e9tic Club), 11\u00e8me (3\u00e8me V1) en 1h43\u201903.<br \/>\nClich\u00e9 de<strong> Claude Duchene<\/strong>.<br \/>\n<img data-recalc-dims=\"1\" loading=\"lazy\" decoding=\"async\" class=\"size-full wp-image-7728 aligncenter\" src=\"https:\/\/i0.wp.com\/www.courzyvite.run\/blog\/wp-content\/uploads\/2017\/05\/34203095225_13ff9a2ce6_z.jpg?resize=425%2C640\" alt=\"\" width=\"425\" height=\"640\" srcset=\"https:\/\/i0.wp.com\/www.courzyvite.run\/blog\/wp-content\/uploads\/2017\/05\/34203095225_13ff9a2ce6_z.jpg?w=425&amp;ssl=1 425w, https:\/\/i0.wp.com\/www.courzyvite.run\/blog\/wp-content\/uploads\/2017\/05\/34203095225_13ff9a2ce6_z.jpg?resize=420%2C632&amp;ssl=1 420w\" sizes=\"auto, (max-width: 425px) 100vw, 425px\" \/>3\u00e8me \u00e9dition du Trail de la Michaille, 26 mars 2017.<br \/>\n22km.<br \/>\nDans la premi\u00e8re mont\u00e9e.<br \/>\n\u2013 Dossard 113 :<strong>\u00a0Damien Lambert<\/strong>\u00a0(Nantua), 12\u00e8me (8\u00e8me senior) en 1h43\u201938.<br \/>\n\u2013 Au second plan \u00e0 gauche :\u00a0<b>St\u00e9phane Merino<\/b> (Belley Sport P\u00e9destre), 14\u00e8me (10\u00e8me senior) en 1h43\u201952.<br \/>\nClich\u00e9 de<strong> Claude Duchene<\/strong>.<br \/>\n<img data-recalc-dims=\"1\" loading=\"lazy\" decoding=\"async\" class=\"size-full wp-image-7716 aligncenter\" src=\"https:\/\/i0.wp.com\/www.courzyvite.run\/blog\/wp-content\/uploads\/2017\/05\/34045884772_22836b4ff4_z.jpg?resize=434%2C640\" alt=\"\" width=\"434\" height=\"640\" srcset=\"https:\/\/i0.wp.com\/www.courzyvite.run\/blog\/wp-content\/uploads\/2017\/05\/34045884772_22836b4ff4_z.jpg?w=434&amp;ssl=1 434w, https:\/\/i0.wp.com\/www.courzyvite.run\/blog\/wp-content\/uploads\/2017\/05\/34045884772_22836b4ff4_z.jpg?resize=420%2C619&amp;ssl=1 420w\" sizes=\"auto, (max-width: 434px) 100vw, 434px\" \/>3\u00e8me \u00e9dition du Trail de la Michaille, 26 mars 2017.<br \/>\n22km.<br \/>\nDans la premi\u00e8re mont\u00e9e.<br \/>\n<b>St\u00e9phane Merino<\/b> (Belley Sport P\u00e9destre), 14\u00e8me (10\u00e8me senior) en 1h43\u201952.<br \/>\nClich\u00e9 de<strong> Claude Duchene<\/strong>.<br \/>\n<img data-recalc-dims=\"1\" loading=\"lazy\" decoding=\"async\" class=\"size-full wp-image-7727 aligncenter\" src=\"https:\/\/i0.wp.com\/www.courzyvite.run\/blog\/wp-content\/uploads\/2017\/05\/34203037715_bc42b4381d_z.jpg?resize=422%2C640\" alt=\"\" width=\"422\" height=\"640\" srcset=\"https:\/\/i0.wp.com\/www.courzyvite.run\/blog\/wp-content\/uploads\/2017\/05\/34203037715_bc42b4381d_z.jpg?w=422&amp;ssl=1 422w, https:\/\/i0.wp.com\/www.courzyvite.run\/blog\/wp-content\/uploads\/2017\/05\/34203037715_bc42b4381d_z.jpg?resize=420%2C637&amp;ssl=1 420w\" sizes=\"auto, (max-width: 422px) 100vw, 422px\" \/>3\u00e8me \u00e9dition du Trail de la Michaille, 26 mars 2017.<br \/>\n22km.<br \/>\nDans la premi\u00e8re mont\u00e9e.<br \/>\nLe Suisse<b> Alain Bartolini<\/b> (Team Running Planet Gen\u00e8ve), 16\u00e8me (4\u00e8me V1) en 1h43\u201959.<br \/>\nClich\u00e9 de<strong> Claude Duchene<\/strong>.<br \/>\n<img data-recalc-dims=\"1\" loading=\"lazy\" decoding=\"async\" class=\"size-full wp-image-7719 aligncenter\" src=\"https:\/\/i0.wp.com\/www.courzyvite.run\/blog\/wp-content\/uploads\/2017\/05\/34072306071_71e7267266_z.jpg?resize=425%2C640\" alt=\"\" width=\"425\" height=\"640\" srcset=\"https:\/\/i0.wp.com\/www.courzyvite.run\/blog\/wp-content\/uploads\/2017\/05\/34072306071_71e7267266_z.jpg?w=425&amp;ssl=1 425w, https:\/\/i0.wp.com\/www.courzyvite.run\/blog\/wp-content\/uploads\/2017\/05\/34072306071_71e7267266_z.jpg?resize=420%2C632&amp;ssl=1 420w\" sizes=\"auto, (max-width: 425px) 100vw, 425px\" \/>3\u00e8me \u00e9dition du Trail de la Michaille, 26 mars 2017.<br \/>\n22km.<br \/>\nDans la premi\u00e8re mont\u00e9e.<br \/>\n<strong>Baptiste Choutkoff<\/strong> (Team Sport L\u00e9o le Lysosome), 17\u00e8me (5\u00e8me V1) en 1h44\u201938.<br \/>\nClich\u00e9 de<strong> Claude Duchene<\/strong>.<br \/>\n<a href=\"https:\/\/i0.wp.com\/www.courzyvite.run\/blog\/wp-content\/uploads\/2017\/05\/34072359911_fafb834e0b_z-1.jpg?ssl=1\"><img data-recalc-dims=\"1\" loading=\"lazy\" decoding=\"async\" class=\"aligncenter wp-image-7721 size-full\" src=\"https:\/\/i0.wp.com\/www.courzyvite.run\/blog\/wp-content\/uploads\/2017\/05\/34072359911_fafb834e0b_z-1.jpg?resize=412%2C640&#038;ssl=1\" alt=\"\" width=\"412\" height=\"640\" \/><\/a>3\u00e8me \u00e9dition du Trail de la Michaille, 26 mars 2017.<br \/>\n22km.<br \/>\nDans la premi\u00e8re mont\u00e9e.<br \/>\n<strong>Pierre No\u00ebl<\/strong> (Annecy-le-Vieux Of Course, section d\u2019Annecy Haute-Savoie Athl\u00e9tisme), 18\u00e8me (12\u00e8me senior) en 1h44\u201954.<br \/>\nClich\u00e9 de<strong> Claude Duchene<\/strong>.<br \/>\n<img data-recalc-dims=\"1\" loading=\"lazy\" decoding=\"async\" class=\"size-full wp-image-7704 aligncenter\" src=\"https:\/\/i0.wp.com\/www.courzyvite.run\/blog\/wp-content\/uploads\/2017\/05\/33374592074_03f0f1b335_z.jpg?resize=640%2C549\" alt=\"\" width=\"640\" height=\"549\" srcset=\"https:\/\/i0.wp.com\/www.courzyvite.run\/blog\/wp-content\/uploads\/2017\/05\/33374592074_03f0f1b335_z.jpg?w=640&amp;ssl=1 640w, https:\/\/i0.wp.com\/www.courzyvite.run\/blog\/wp-content\/uploads\/2017\/05\/33374592074_03f0f1b335_z.jpg?resize=420%2C360&amp;ssl=1 420w\" sizes=\"auto, (max-width: 640px) 100vw, 640px\" \/>3\u00e8me \u00e9dition du Trail de la Michaille, 26 mars 2017.<br \/>\n22km.<br \/>\nDans la premi\u00e8re mont\u00e9e.<br \/>\n\u2013 Dossard 7 :\u00a0<strong>St\u00e9phane Jourden<\/strong> (Arve Athl\u00e9tisme Bonneville Pays Rochois, section de l\u2019Entente Athl\u00e9tique de l\u2019Arve), 20\u00e8me (13\u00e8me senior) en 1h47\u201950.<strong><br \/>\n<\/strong>\u2013 Dossard 147 : <strong>Mathias Girel<\/strong> (Montanges), 15\u00e8me (11\u00e8me senior) en 1h43\u201957.<br \/>\nClich\u00e9 de<strong> Claude Duchene<\/strong>.<br \/>\n<img data-recalc-dims=\"1\" loading=\"lazy\" decoding=\"async\" class=\"size-full wp-image-7707 aligncenter\" src=\"https:\/\/i0.wp.com\/www.courzyvite.run\/blog\/wp-content\/uploads\/2017\/05\/33360639274_20f3e4826b_z.jpg?resize=425%2C640\" alt=\"\" width=\"425\" height=\"640\" srcset=\"https:\/\/i0.wp.com\/www.courzyvite.run\/blog\/wp-content\/uploads\/2017\/05\/33360639274_20f3e4826b_z.jpg?w=425&amp;ssl=1 425w, https:\/\/i0.wp.com\/www.courzyvite.run\/blog\/wp-content\/uploads\/2017\/05\/33360639274_20f3e4826b_z.jpg?resize=420%2C632&amp;ssl=1 420w\" sizes=\"auto, (max-width: 425px) 100vw, 425px\" \/>3\u00e8me \u00e9dition du Trail de la Michaille, 26 mars 2017.<br \/>\n22km.<br \/>\nDans la premi\u00e8re mont\u00e9e.<br \/>\n<strong>Adrien Thuill\u00e9<\/strong> (Pougny), 21\u00e8me (14\u00e8me senior) en 1h51\u201915.<br \/>\nClich\u00e9 de<strong> Claude Duchene<\/strong>.<br \/>\n<img data-recalc-dims=\"1\" loading=\"lazy\" decoding=\"async\" class=\"size-full wp-image-7784 aligncenter\" src=\"https:\/\/i0.wp.com\/www.courzyvite.run\/blog\/wp-content\/uploads\/2017\/05\/33818770700_0972eb6876_z-1.jpg?resize=426%2C640\" alt=\"\" width=\"426\" height=\"640\" srcset=\"https:\/\/i0.wp.com\/www.courzyvite.run\/blog\/wp-content\/uploads\/2017\/05\/33818770700_0972eb6876_z-1.jpg?w=426&amp;ssl=1 426w, https:\/\/i0.wp.com\/www.courzyvite.run\/blog\/wp-content\/uploads\/2017\/05\/33818770700_0972eb6876_z-1.jpg?resize=420%2C631&amp;ssl=1 420w\" sizes=\"auto, (max-width: 426px) 100vw, 426px\" \/>3\u00e8me \u00e9dition du Trail de la Michaille, 26 mars 2017.<br \/>\n22km.<br \/>\nDans la premi\u00e8re mont\u00e9e.<br \/>\n<b>Jean-Yves Nimmegeers<\/b>\u00a0(Feillens), 22\u00e8me (7\u00e8me V1) en 1h51\u201918.<br \/>\nClich\u00e9 de<strong> Claude Duchene<\/strong>.<br \/>\n<a href=\"https:\/\/i0.wp.com\/www.courzyvite.run\/blog\/wp-content\/uploads\/2017\/05\/33818747210_4a1495f493_z.jpg?ssl=1\"><img data-recalc-dims=\"1\" loading=\"lazy\" decoding=\"async\" class=\"aligncenter wp-image-7731 size-full\" src=\"https:\/\/i0.wp.com\/www.courzyvite.run\/blog\/wp-content\/uploads\/2017\/05\/33818747210_4a1495f493_z.jpg?resize=416%2C640&#038;ssl=1\" alt=\"\" width=\"416\" height=\"640\" \/><\/a>3\u00e8me \u00e9dition du Trail de la Michaille, 26 mars 2017.<br \/>\n22km.<br \/>\nDans la premi\u00e8re mont\u00e9e.<br \/>\n<b>St\u00e9phane Mouille<\/b> (Bonneville), 24\u00e8me (8\u00e8me V1) en 1h52\u201912.<br \/>\nClich\u00e9 de<strong> Claude Duchene<\/strong>.<br \/>\n<a href=\"https:\/\/i0.wp.com\/www.courzyvite.run\/blog\/wp-content\/uploads\/2017\/05\/34045782982_a1619febe0_z-2.jpg?ssl=1\"><img data-recalc-dims=\"1\" loading=\"lazy\" decoding=\"async\" class=\"aligncenter wp-image-7715 size-full\" src=\"https:\/\/i0.wp.com\/www.courzyvite.run\/blog\/wp-content\/uploads\/2017\/05\/34045782982_a1619febe0_z-2.jpg?resize=414%2C640&#038;ssl=1\" alt=\"\" width=\"414\" height=\"640\" \/><\/a>3\u00e8me \u00e9dition du Trail de la Michaille, 26 mars 2017.<br \/>\n22km.<br \/>\nDans la premi\u00e8re mont\u00e9e.<br \/>\n<b>Herv\u00e9 Fillod<\/b> (Union Sportive Oyonnax Athl\u00e9tisme Haut-Bugey), 27\u00e8me (10\u00e8me senior) en 1h54\u201928.<br \/>\nClich\u00e9 de<strong> Claude Duchene<\/strong>.<br \/>\n<a href=\"https:\/\/i0.wp.com\/www.courzyvite.run\/blog\/wp-content\/uploads\/2017\/05\/33818611020_d48de6dae2_z.jpg?ssl=1\"><img data-recalc-dims=\"1\" loading=\"lazy\" decoding=\"async\" class=\"aligncenter wp-image-7730 size-full\" src=\"https:\/\/i0.wp.com\/www.courzyvite.run\/blog\/wp-content\/uploads\/2017\/05\/33818611020_d48de6dae2_z.jpg?resize=417%2C640&#038;ssl=1\" alt=\"\" width=\"417\" height=\"640\" \/><\/a>3\u00e8me \u00e9dition du Trail de la Michaille, 26 mars 2017.<br \/>\n22km.<br \/>\nDans la premi\u00e8re mont\u00e9e.<br \/>\n<b>C\u00e9dric Revillard<\/b> (Les Dragons d\u2019Annecy), 29\u00e8me (11\u00e8me V1) en 1h54\u201941.<br \/>\nClich\u00e9 de<strong> Claude Duchene<\/strong>.<br \/>\n<img data-recalc-dims=\"1\" loading=\"lazy\" decoding=\"async\" class=\"size-full wp-image-7786 aligncenter\" src=\"https:\/\/i0.wp.com\/www.courzyvite.run\/blog\/wp-content\/uploads\/2017\/05\/34202758465_6d93129338_z.jpg?resize=425%2C640\" alt=\"\" width=\"425\" height=\"640\" srcset=\"https:\/\/i0.wp.com\/www.courzyvite.run\/blog\/wp-content\/uploads\/2017\/05\/34202758465_6d93129338_z.jpg?w=425&amp;ssl=1 425w, https:\/\/i0.wp.com\/www.courzyvite.run\/blog\/wp-content\/uploads\/2017\/05\/34202758465_6d93129338_z.jpg?resize=420%2C632&amp;ssl=1 420w\" sizes=\"auto, (max-width: 425px) 100vw, 425px\" \/>3\u00e8me \u00e9dition du Trail de la Michaille, 26 mars 2017.<br \/>\n22km.<br \/>\nDans la premi\u00e8re mont\u00e9e.<br \/>\n<b>Thomas Bolognesi<\/b> (Sal\u00e8ve Trail), 32\u00e8me (18\u00e8me senior) en 1h56\u201910.<br \/>\nClich\u00e9 de<strong> Claude Duchene<\/strong>.<br \/>\n<img data-recalc-dims=\"1\" loading=\"lazy\" decoding=\"async\" class=\"size-full wp-image-7733 aligncenter\" src=\"https:\/\/i0.wp.com\/www.courzyvite.run\/blog\/wp-content\/uploads\/2017\/05\/34161912956_216d61a153_z.jpg?resize=425%2C640\" alt=\"\" width=\"425\" height=\"640\" srcset=\"https:\/\/i0.wp.com\/www.courzyvite.run\/blog\/wp-content\/uploads\/2017\/05\/34161912956_216d61a153_z.jpg?w=425&amp;ssl=1 425w, https:\/\/i0.wp.com\/www.courzyvite.run\/blog\/wp-content\/uploads\/2017\/05\/34161912956_216d61a153_z.jpg?resize=420%2C632&amp;ssl=1 420w\" sizes=\"auto, (max-width: 425px) 100vw, 425px\" \/>3\u00e8me \u00e9dition du Trail de la Michaille, 26 mars 2017.<br \/>\n22km.<br \/>\nDans la premi\u00e8re mont\u00e9e.<br \/>\n\u2013 Dossard 40 : <b>Lucas Braillon<\/b>\u00a0(Les Princes en Foul\u00e9es), 37\u00e8me (20\u00e8me senior) en 1h57\u201928.<br \/>\n\u2013 Dossard 160 : <b>Pierre Catry<\/b>\u00a0(Beaumont), 52\u00e8me ex-aequo (25\u00e8me senior ex-aequo) en\u00a02h02\u201935.<br \/>\nClich\u00e9 de<strong> Claude Duchene<\/strong>.<br \/>\n<img data-recalc-dims=\"1\" loading=\"lazy\" decoding=\"async\" class=\"size-full wp-image-7734 aligncenter\" src=\"https:\/\/i0.wp.com\/www.courzyvite.run\/blog\/wp-content\/uploads\/2017\/05\/33360298624_7e7988a92c_z.jpg?resize=425%2C640\" alt=\"\" width=\"425\" height=\"640\" srcset=\"https:\/\/i0.wp.com\/www.courzyvite.run\/blog\/wp-content\/uploads\/2017\/05\/33360298624_7e7988a92c_z.jpg?w=425&amp;ssl=1 425w, https:\/\/i0.wp.com\/www.courzyvite.run\/blog\/wp-content\/uploads\/2017\/05\/33360298624_7e7988a92c_z.jpg?resize=420%2C632&amp;ssl=1 420w\" sizes=\"auto, (max-width: 425px) 100vw, 425px\" \/>3\u00e8me \u00e9dition du Trail de la Michaille, 26 mars 2017.<br \/>\n22km.<br \/>\nDans la premi\u00e8re mont\u00e9e.<br \/>\n\u2013 Dossard 29 : <strong>Didier Pirling<\/strong>\u00a0(Club Rh\u00f4ne-Alpin de Potes Atteints du Syndrome du Trail), 41\u00e8me (22\u00e8me senior) en 1h58\u201937.<br \/>\n\u2013 A gauche de Didier : <strong>Micka\u00ebl Mayer<\/strong>\u00a0(Montracol), 55\u00e8me (27\u00e8me senior) en\u00a02h02\u201943.<br \/>\nClich\u00e9 de<strong> Claude Duchene<\/strong>.<br \/>\n<img data-recalc-dims=\"1\" loading=\"lazy\" decoding=\"async\" class=\"size-full wp-image-7736 aligncenter\" src=\"https:\/\/i0.wp.com\/www.courzyvite.run\/blog\/wp-content\/uploads\/2017\/05\/34045436362_f9bc921ec9_z.jpg?resize=425%2C640\" alt=\"\" width=\"425\" height=\"640\" srcset=\"https:\/\/i0.wp.com\/www.courzyvite.run\/blog\/wp-content\/uploads\/2017\/05\/34045436362_f9bc921ec9_z.jpg?w=425&amp;ssl=1 425w, https:\/\/i0.wp.com\/www.courzyvite.run\/blog\/wp-content\/uploads\/2017\/05\/34045436362_f9bc921ec9_z.jpg?resize=420%2C632&amp;ssl=1 420w\" sizes=\"auto, (max-width: 425px) 100vw, 425px\" \/>3\u00e8me \u00e9dition du Trail de la Michaille, 26 mars 2017.<br \/>\n22km.<br \/>\nDans la premi\u00e8re mont\u00e9e.<br \/>\n\u2013 Dossard 70 : <strong>Beno\u00eet<\/strong><b>\u00a0Catry<\/b>\u00a0(Beaumont), 52\u00e8me ex-aequo (25\u00e8me senior ex-aequo) en\u00a02h02\u201935.<br \/>\n\u2013 Dossard commen\u00e7ant par 16 :\u00a0<b>Pierre Catry<\/b>\u00a0(Beaumont), 52\u00e8me ex-aequo (25\u00e8me senior ex-aequo) en\u00a02h02\u201935.<br \/>\n\u2013 Dossard 110 :\u00a0<strong>Micka\u00ebl Mayer<\/strong>\u00a0(Montracol), 55\u00e8me (27\u00e8me senior) en\u00a02h02\u201943.<br \/>\nClich\u00e9 de<strong> Claude Duchene<\/strong>.<br \/>\n<img data-recalc-dims=\"1\" loading=\"lazy\" decoding=\"async\" class=\"size-full wp-image-7735 aligncenter\" src=\"https:\/\/i0.wp.com\/www.courzyvite.run\/blog\/wp-content\/uploads\/2017\/05\/34202316455_7e8887e8e6_z-3.jpg?resize=454%2C640\" alt=\"\" width=\"454\" height=\"640\" srcset=\"https:\/\/i0.wp.com\/www.courzyvite.run\/blog\/wp-content\/uploads\/2017\/05\/34202316455_7e8887e8e6_z-3.jpg?w=454&amp;ssl=1 454w, https:\/\/i0.wp.com\/www.courzyvite.run\/blog\/wp-content\/uploads\/2017\/05\/34202316455_7e8887e8e6_z-3.jpg?resize=420%2C592&amp;ssl=1 420w\" sizes=\"auto, (max-width: 454px) 100vw, 454px\" \/>3\u00e8me \u00e9dition du Trail de la Michaille, 26 mars 2017.<br \/>\n22km.<br \/>\nDans la premi\u00e8re mont\u00e9e.<br \/>\n\u2013 A gauche : l\u2019Ukrainien <strong>Dimitri Ponomarenko<\/strong> (Club Rh\u00f4ne-Alpin de Potes Atteints du Syndrome du Trail), 74\u00e8me (37\u00e8me senior) en 2h09\u201918.<br \/>\n\u2013 Dossard 91 : <strong>Camilo Palma<\/strong> (Divonne-les-Bains), 54\u00e8me (24\u00e8me V1) en\u00a02h02\u201942.<br \/>\nClich\u00e9 de<strong> Claude Duchene<\/strong>.<br \/>\n<img data-recalc-dims=\"1\" loading=\"lazy\" decoding=\"async\" class=\"size-full wp-image-7783 aligncenter\" src=\"https:\/\/i0.wp.com\/www.courzyvite.run\/blog\/wp-content\/uploads\/2017\/05\/34202405605_b05d164d85_z.jpg?resize=446%2C640\" alt=\"\" width=\"446\" height=\"640\" srcset=\"https:\/\/i0.wp.com\/www.courzyvite.run\/blog\/wp-content\/uploads\/2017\/05\/34202405605_b05d164d85_z.jpg?w=446&amp;ssl=1 446w, https:\/\/i0.wp.com\/www.courzyvite.run\/blog\/wp-content\/uploads\/2017\/05\/34202405605_b05d164d85_z.jpg?resize=420%2C603&amp;ssl=1 420w\" sizes=\"auto, (max-width: 446px) 100vw, 446px\" \/>3\u00e8me \u00e9dition du Trail de la Michaille, 26 mars 2017.<br \/>\n22km.<br \/>\nDans la premi\u00e8re mont\u00e9e.<br \/>\n\u2013 Dossard 155 : <strong>Fr\u00e9d\u00e9ric Monod<\/strong> (Les Princes en Foul\u00e9es), 62\u00e8me (5\u00e8me V2) en 2h04\u201921.<br \/>\n\u2013 Dossard 28 : <b>Philippe Milliroux<\/b> (Club Rh\u00f4ne-Alpin de Potes Atteints du Syndrome du Trail), 84\u00e8me (42\u00e8me senior) en 2h10\u201948.<br \/>\n\u2013 Dossard 14 : <b>Gilles Flament\u00a0<\/b>(Cercle Catholique Saint-Arbogast de Rouffach Athl\u00e9tisme, section du Pays de Colmar Athl\u00e9tisme), 59\u00e8me (4\u00e8me V2) en 2h03\u201944.<br \/>\n\u2013 Au fond avec un maillot rouge :<strong> Philippe Rouiller<\/strong> (Annemasse), 72\u00e8me (1er V3) en 2h07\u201959.<br \/>\nClich\u00e9 de<strong> Claude Duchene<\/strong>.<br \/>\n<img data-recalc-dims=\"1\" loading=\"lazy\" decoding=\"async\" class=\"size-full wp-image-7737 aligncenter\" src=\"https:\/\/i0.wp.com\/www.courzyvite.run\/blog\/wp-content\/uploads\/2017\/05\/34202376265_4fc5ed366b_z.jpg?resize=425%2C640\" alt=\"\" width=\"425\" height=\"640\" srcset=\"https:\/\/i0.wp.com\/www.courzyvite.run\/blog\/wp-content\/uploads\/2017\/05\/34202376265_4fc5ed366b_z.jpg?w=425&amp;ssl=1 425w, https:\/\/i0.wp.com\/www.courzyvite.run\/blog\/wp-content\/uploads\/2017\/05\/34202376265_4fc5ed366b_z.jpg?resize=420%2C632&amp;ssl=1 420w\" sizes=\"auto, (max-width: 425px) 100vw, 425px\" \/>3\u00e8me \u00e9dition du Trail de la Michaille, 26 mars 2017.<br \/>\n22km.<br \/>\nDans la premi\u00e8re mont\u00e9e.<br \/>\n<b>Philippe Milliroux<\/b> (Club Rh\u00f4ne-Alpin de Potes Atteints du Syndrome du Trail), 84\u00e8me (42\u00e8me senior) en 2h10\u201948.<br \/>\nClich\u00e9 de<strong> Claude Duchene<\/strong>.<br \/>\n<a href=\"https:\/\/i0.wp.com\/www.courzyvite.run\/blog\/wp-content\/uploads\/2017\/05\/34161103656_b54437dbb8_z.jpg?ssl=1\"><img data-recalc-dims=\"1\" loading=\"lazy\" decoding=\"async\" class=\"aligncenter wp-image-7724 size-full\" src=\"https:\/\/i0.wp.com\/www.courzyvite.run\/blog\/wp-content\/uploads\/2017\/05\/34161103656_b54437dbb8_z.jpg?resize=395%2C640&#038;ssl=1\" alt=\"\" width=\"395\" height=\"640\" \/><\/a>3\u00e8me \u00e9dition du Trail de la Michaille, 26 mars 2017.<br \/>\n22km.<br \/>\nDans la premi\u00e8re mont\u00e9e.<br \/>\n<b>Bernard Evreux<\/b> (Team Des 6 Ifs et Trail du Vuache), 88\u00e8me (2\u00e8me V3) en 2h13\u201920.<br \/>\nClich\u00e9 de<strong> Claude Duchene<\/strong>.<br \/>\n<img data-recalc-dims=\"1\" loading=\"lazy\" decoding=\"async\" class=\"size-full wp-image-7718 aligncenter\" src=\"https:\/\/i0.wp.com\/www.courzyvite.run\/blog\/wp-content\/uploads\/2017\/05\/34071072931_afca993b86_z.jpg?resize=423%2C640\" alt=\"\" width=\"423\" height=\"640\" srcset=\"https:\/\/i0.wp.com\/www.courzyvite.run\/blog\/wp-content\/uploads\/2017\/05\/34071072931_afca993b86_z.jpg?w=423&amp;ssl=1 423w, https:\/\/i0.wp.com\/www.courzyvite.run\/blog\/wp-content\/uploads\/2017\/05\/34071072931_afca993b86_z.jpg?resize=420%2C635&amp;ssl=1 420w\" sizes=\"auto, (max-width: 423px) 100vw, 423px\" \/>3\u00e8me \u00e9dition du Trail de la Michaille, 26 mars 2017.<br \/>\n22km.<br \/>\nDans la premi\u00e8re mont\u00e9e.<br \/>\n<b>Alexandre Thiboud<\/b> (Club Rh\u00f4ne-Alpin de Potes Atteints du Syndrome du Trail), 111\u00e8me (53\u00e8me senior) en 2h23\u201912.<br \/>\nClich\u00e9 de<strong> Claude Duchene<\/strong>.<br \/>\n<img data-recalc-dims=\"1\" loading=\"lazy\" decoding=\"async\" class=\"size-full wp-image-7710 aligncenter\" src=\"https:\/\/i0.wp.com\/www.courzyvite.run\/blog\/wp-content\/uploads\/2017\/05\/33817665090_68f83ac040_z.jpg?resize=425%2C640\" alt=\"\" width=\"425\" height=\"640\" srcset=\"https:\/\/i0.wp.com\/www.courzyvite.run\/blog\/wp-content\/uploads\/2017\/05\/33817665090_68f83ac040_z.jpg?w=425&amp;ssl=1 425w, https:\/\/i0.wp.com\/www.courzyvite.run\/blog\/wp-content\/uploads\/2017\/05\/33817665090_68f83ac040_z.jpg?resize=420%2C632&amp;ssl=1 420w\" sizes=\"auto, (max-width: 425px) 100vw, 425px\" \/>3\u00e8me \u00e9dition du Trail de la Michaille, 26 mars 2017.<br \/>\n22km.<br \/>\nDans la premi\u00e8re mont\u00e9e.<br \/>\n<b>Gilbert Goessens<\/b> (Jujurieux), animateur du site Web Aincourir, 128\u00e8me (15\u00e8me V2) en\u00a02h30\u201914.<br \/>\nClich\u00e9 de<strong> Claude Duchene<\/strong>.<br \/>\n<a href=\"https:\/\/i0.wp.com\/www.courzyvite.run\/blog\/wp-content\/uploads\/2017\/05\/34043918362_50ee130c9b_z.jpg?ssl=1\"><img data-recalc-dims=\"1\" loading=\"lazy\" decoding=\"async\" class=\"aligncenter wp-image-7767 size-full\" src=\"https:\/\/i0.wp.com\/www.courzyvite.run\/blog\/wp-content\/uploads\/2017\/05\/34043918362_50ee130c9b_z.jpg?resize=396%2C640&#038;ssl=1\" alt=\"\" width=\"396\" height=\"640\" \/><\/a>3\u00e8me \u00e9dition du Trail de la Michaille, 26 mars 2017.<br \/>\n22km.<br \/>\nDans la premi\u00e8re mont\u00e9e.<br \/>\n<b>Robert Hoffmann<\/b> (V\u00e9traz-Monthoux), 132\u00e8me (1er V4) en 2h31\u201954.<br \/>\nClich\u00e9 de<strong> Claude Duchene<\/strong>.<br \/>\n<a href=\"https:\/\/i0.wp.com\/www.courzyvite.run\/blog\/wp-content\/uploads\/2017\/05\/33817686060_67f393c30b_z.jpg?ssl=1\"><img data-recalc-dims=\"1\" loading=\"lazy\" decoding=\"async\" class=\"aligncenter wp-image-7712 size-full\" src=\"https:\/\/i0.wp.com\/www.courzyvite.run\/blog\/wp-content\/uploads\/2017\/05\/33817686060_67f393c30b_z.jpg?resize=390%2C640&#038;ssl=1\" alt=\"\" width=\"390\" height=\"640\" \/><\/a>3\u00e8me \u00e9dition du Trail de la Michaille, 26 mars 2017.<br \/>\n22km.<br \/>\nDans la premi\u00e8re mont\u00e9e.<br \/>\n<strong>Alicia Blanchet\u00a0<\/strong>(Team Lech\u00e8re), 7\u00e8me femme (5\u00e8me senior, 99\u00e8me au scratch)\u00a0en 2h17\u201912.<br \/>\nClich\u00e9 de <strong>Claude Duchene<\/strong>.<br \/>\n<img data-recalc-dims=\"1\" loading=\"lazy\" decoding=\"async\" class=\"size-full wp-image-7754 aligncenter\" src=\"https:\/\/i0.wp.com\/www.courzyvite.run\/blog\/wp-content\/uploads\/2017\/05\/34071219271_449e3ce2eb_z-1.jpg?resize=443%2C640\" alt=\"\" width=\"443\" height=\"640\" srcset=\"https:\/\/i0.wp.com\/www.courzyvite.run\/blog\/wp-content\/uploads\/2017\/05\/34071219271_449e3ce2eb_z-1.jpg?w=443&amp;ssl=1 443w, https:\/\/i0.wp.com\/www.courzyvite.run\/blog\/wp-content\/uploads\/2017\/05\/34071219271_449e3ce2eb_z-1.jpg?resize=420%2C607&amp;ssl=1 420w\" sizes=\"auto, (max-width: 443px) 100vw, 443px\" \/>3\u00e8me \u00e9dition du Trail de la Michaille, 26 mars 2017.<br \/>\n22km.<br \/>\nDans la premi\u00e8re mont\u00e9e.<br \/>\n\u2013 Dossard 20 :<strong>\u00a0Sylvie Cottet-Puinel\u00a0<\/strong>(Courir Nature Saint-Jean-de-Niost), 8\u00e8me femme (3\u00e8me V1, 100\u00e8me au scratch)\u00a0en 2h17\u201915.<br \/>\n\u2013 Dossard 52 : <strong>Daniel Galliot<\/strong> (Sport Nat 01), 65\u00e8me (6\u00e8me V2) en 2h05\u201927.<br \/>\nClich\u00e9 de <strong>Claude Duchene<\/strong>.<\/p>\n<p><img data-recalc-dims=\"1\" loading=\"lazy\" decoding=\"async\" class=\"size-full wp-image-7665 aligncenter\" src=\"https:\/\/i0.wp.com\/www.courzyvite.run\/blog\/wp-content\/uploads\/2017\/05\/34071129051_3127d33946_z-1.jpg?resize=425%2C640\" alt=\"\" width=\"425\" height=\"640\" srcset=\"https:\/\/i0.wp.com\/www.courzyvite.run\/blog\/wp-content\/uploads\/2017\/05\/34071129051_3127d33946_z-1.jpg?w=425&amp;ssl=1 425w, https:\/\/i0.wp.com\/www.courzyvite.run\/blog\/wp-content\/uploads\/2017\/05\/34071129051_3127d33946_z-1.jpg?resize=420%2C632&amp;ssl=1 420w\" sizes=\"auto, (max-width: 425px) 100vw, 425px\" \/>3\u00e8me \u00e9dition du Trail de la Michaille, 26 mars 2017.<br \/>\n22km.<br \/>\nDans la premi\u00e8re mont\u00e9e.<br \/>\n<strong>Emilie Revillod\u00a0<\/strong>(Faucigny Athl\u00e9tic Club), 9\u00e8me femme (6\u00e8me senior, 101\u00e8me au scratch)\u00a0en 2h17\u201932.<br \/>\nClich\u00e9 de <strong>Claude Duchene<\/strong>.<br \/>\n<a href=\"https:\/\/i0.wp.com\/www.courzyvite.run\/blog\/wp-content\/uploads\/2017\/05\/33391076013_0d516999b3_z.jpg?ssl=1\"><img data-recalc-dims=\"1\" loading=\"lazy\" decoding=\"async\" class=\"aligncenter wp-image-7670 size-full\" src=\"https:\/\/i0.wp.com\/www.courzyvite.run\/blog\/wp-content\/uploads\/2017\/05\/33391076013_0d516999b3_z.jpg?resize=406%2C640&#038;ssl=1\" alt=\"\" width=\"406\" height=\"640\" \/><\/a>3\u00e8me \u00e9dition du Trail de la Michaille, 26 mars 2017.<br \/>\n22km.<br \/>\nDans la premi\u00e8re mont\u00e9e.<br \/>\n\u2013 Dossard 9 : <strong>H\u00e9lo\u00efse\u00a0De Jacquelot\u00a0<\/strong>(Azur Olympique Charenton), 12\u00e8me femme (8\u00e8me senior, 110\u00e8me au scratch)<strong>\u00a0<\/strong>en 2h23\u201905.<br \/>\n\u2013 Dossard commen\u00e7ant par 3 : <strong>Pascale Marie\u00a0<\/strong>(Ain-Est Athl\u00e9tisme), 10\u00e8me femme (1\u00e8re V2, 102\u00e8me au scratch)\u00a0en 2h19\u201910.<br \/>\nClich\u00e9 de <strong>Claude Duchene<\/strong>.<a href=\"https:\/\/i0.wp.com\/www.courzyvite.run\/blog\/wp-content\/uploads\/2017\/05\/34160576416_b3a138acfe_z.jpg?ssl=1\"><img data-recalc-dims=\"1\" loading=\"lazy\" decoding=\"async\" class=\"aligncenter wp-image-7671 size-full\" src=\"https:\/\/i0.wp.com\/www.courzyvite.run\/blog\/wp-content\/uploads\/2017\/05\/34160576416_b3a138acfe_z.jpg?resize=399%2C640&#038;ssl=1\" alt=\"\" width=\"399\" height=\"640\" \/><\/a>3\u00e8me \u00e9dition du Trail de la Michaille, 26 mars 2017.<br \/>\n22km.<br \/>\nDans la premi\u00e8re mont\u00e9e.<br \/>\n<strong>Patricia Ter Kuile<\/strong> (Feig\u00e8res), 13\u00e8me femme ex aequo (2\u00e8me V2, 116\u00e8me au scratch) en 2h24\u201936.<br \/>\nClich\u00e9 de <strong>Claude Duchene<\/strong>.<br \/>\n<img data-recalc-dims=\"1\" loading=\"lazy\" decoding=\"async\" class=\"size-full wp-image-7758 aligncenter\" src=\"https:\/\/i0.wp.com\/www.courzyvite.run\/blog\/wp-content\/uploads\/2017\/05\/33390997213_1c9248f001_z-1.jpg?resize=425%2C640\" alt=\"\" width=\"425\" height=\"640\" srcset=\"https:\/\/i0.wp.com\/www.courzyvite.run\/blog\/wp-content\/uploads\/2017\/05\/33390997213_1c9248f001_z-1.jpg?w=425&amp;ssl=1 425w, https:\/\/i0.wp.com\/www.courzyvite.run\/blog\/wp-content\/uploads\/2017\/05\/33390997213_1c9248f001_z-1.jpg?resize=420%2C632&amp;ssl=1 420w\" sizes=\"auto, (max-width: 425px) 100vw, 425px\" \/>3\u00e8me \u00e9dition du Trail de la Michaille, 26 mars 2017.<br \/>\n22km.<br \/>\nDans la premi\u00e8re mont\u00e9e.<br \/>\n\u2013 Au premier plan :<strong>\u00a0Christine Von Aarburg\u00a0<\/strong>(Team Des 6 Ifs), 13\u00e8me femme ex aequo (9\u00e8me senior, 116\u00e8me au scratch) en 2h24\u201936.<br \/>\n\u2013 Dossard 84 : <strong>Didier Lethenet<\/strong>\u00a0(Chevenoz), 73\u00e8me (7\u00e8me V2) en 2h08\u201944.<br \/>\n\u2013 Dossard 146 : <strong>Olivier Fuchs<\/strong> (Evires), 98\u00e8me (48\u00e8me senior) en 2h16\u201945.<br \/>\nClich\u00e9 de <strong>Claude Duchene<\/strong>.<br \/>\n<a href=\"https:\/\/i0.wp.com\/www.courzyvite.run\/blog\/wp-content\/uploads\/2017\/05\/34160565266_bb213a42af_z.jpg?ssl=1\"><img data-recalc-dims=\"1\" loading=\"lazy\" decoding=\"async\" class=\"aligncenter wp-image-7722 size-full\" src=\"https:\/\/i0.wp.com\/www.courzyvite.run\/blog\/wp-content\/uploads\/2017\/05\/34160565266_bb213a42af_z.jpg?resize=414%2C640&#038;ssl=1\" alt=\"\" width=\"414\" height=\"640\" \/><\/a>3\u00e8me \u00e9dition du Trail de la Michaille, 26 mars 2017.<br \/>\n22km.<br \/>\nDans la premi\u00e8re mont\u00e9e.<br \/>\n<strong>Alice Chaboud\u00a0<\/strong>(Trispiridon Oyonnax), 15\u00e8me femme (10\u00e8me senior, 120\u00e8me au scratch)\u00a0en 2h25\u201952.<br \/>\nClich\u00e9 de <strong>Claude Duchene<\/strong>.<br \/>\n<img data-recalc-dims=\"1\" loading=\"lazy\" decoding=\"async\" class=\"size-full wp-image-7745 aligncenter\" src=\"https:\/\/i0.wp.com\/www.courzyvite.run\/blog\/wp-content\/uploads\/2017\/05\/33817054820_63b537c4fa_z.jpg?resize=434%2C640\" alt=\"\" width=\"434\" height=\"640\" srcset=\"https:\/\/i0.wp.com\/www.courzyvite.run\/blog\/wp-content\/uploads\/2017\/05\/33817054820_63b537c4fa_z.jpg?w=434&amp;ssl=1 434w, https:\/\/i0.wp.com\/www.courzyvite.run\/blog\/wp-content\/uploads\/2017\/05\/33817054820_63b537c4fa_z.jpg?resize=420%2C619&amp;ssl=1 420w\" sizes=\"auto, (max-width: 434px) 100vw, 434px\" \/>3\u00e8me \u00e9dition du Trail de la Michaille, 26 mars 2017.<br \/>\n22km.<br \/>\nDans la premi\u00e8re mont\u00e9e.<br \/>\n\u2013 Dossard 26 :\u00a0l\u2019Allemande<strong> Berit Kieselbach <\/strong>(Club Rh\u00f4ne-Alpin de Potes Atteints du Syndrome du Trail), 16\u00e8me femme (11\u00e8me senior, 123\u00e8me au scratch)\u00a0en 2h26\u201904.<br \/>\n\u2013 Dossard 108 : <strong>Charlotte<\/strong><b>\u00a0Marie<\/b>\u00a0(Lausanne), fille de <strong>Pascale<\/strong>, 19\u00e8me femme (14\u00e8me senior) en 2h31\u201936.<br \/>\nClich\u00e9 de <strong>Claude Duchene<\/strong>.<br \/>\n<img data-recalc-dims=\"1\" loading=\"lazy\" decoding=\"async\" class=\"size-full wp-image-7725 aligncenter\" src=\"https:\/\/i0.wp.com\/www.courzyvite.run\/blog\/wp-content\/uploads\/2017\/05\/34201437445_55dfdd9b72_z.jpg?resize=425%2C640\" alt=\"\" width=\"425\" height=\"640\" srcset=\"https:\/\/i0.wp.com\/www.courzyvite.run\/blog\/wp-content\/uploads\/2017\/05\/34201437445_55dfdd9b72_z.jpg?w=425&amp;ssl=1 425w, https:\/\/i0.wp.com\/www.courzyvite.run\/blog\/wp-content\/uploads\/2017\/05\/34201437445_55dfdd9b72_z.jpg?resize=420%2C632&amp;ssl=1 420w\" sizes=\"auto, (max-width: 425px) 100vw, 425px\" \/>3\u00e8me \u00e9dition du Trail de la Michaille, 26 mars 2017.<br \/>\n22km.<br \/>\nDans la premi\u00e8re mont\u00e9e.<br \/>\n\u2013 Dossard 23 : <strong>Emmanuelle Alves\u00a0<\/strong>(Club Rh\u00f4ne-Alpin de Potes Atteints du Syndrome du Trail), 17\u00e8me femme (12\u00e8me senior, 125\u00e8me au scratch)\u00a0en 2h27\u201908.<br \/>\n\u2013 Dossard 103 : <b>Ludovic Mouclier<\/b>\u00a0(Gex), 127\u00e8me (57\u00e8me senior) en 2h29\u201920.<br \/>\n\u2013 Dossard 163 : <strong>Antoine Chavassieux<\/strong> (Club 26 Allan), 87\u00e8me (43\u00e8me senior) en 2h12\u201959.<br \/>\nClich\u00e9 de <strong>Claude Duchene<\/strong>.<br \/>\n<img data-recalc-dims=\"1\" loading=\"lazy\" decoding=\"async\" class=\"size-full wp-image-7750 aligncenter\" src=\"https:\/\/i0.wp.com\/www.courzyvite.run\/blog\/wp-content\/uploads\/2017\/05\/34044157102_2ef1ec9445_z-1.jpg?resize=425%2C640\" alt=\"\" width=\"425\" height=\"640\" srcset=\"https:\/\/i0.wp.com\/www.courzyvite.run\/blog\/wp-content\/uploads\/2017\/05\/34044157102_2ef1ec9445_z-1.jpg?w=425&amp;ssl=1 425w, https:\/\/i0.wp.com\/www.courzyvite.run\/blog\/wp-content\/uploads\/2017\/05\/34044157102_2ef1ec9445_z-1.jpg?resize=420%2C632&amp;ssl=1 420w\" sizes=\"auto, (max-width: 425px) 100vw, 425px\" \/>3\u00e8me \u00e9dition du Trail de la Michaille, 26 mars 2017.<br \/>\n22km.<br \/>\nDans la premi\u00e8re mont\u00e9e.<br \/>\nLa Canadienne<strong> Lyne Rodriguez <\/strong>(Athl\u00e9tique Sport Aixois Culoz), 18\u00e8me femme (13\u00e8me senior, 130\u00e8me au scratch) en 2h31\u201931.<br \/>\nClich\u00e9 de <strong>Claude Duchene<\/strong>.<br \/>\n<img data-recalc-dims=\"1\" loading=\"lazy\" decoding=\"async\" class=\"size-full wp-image-7766 aligncenter\" src=\"https:\/\/i0.wp.com\/www.courzyvite.run\/blog\/wp-content\/uploads\/2017\/05\/33816881620_569a43c4ee_z-1.jpg?resize=425%2C640\" alt=\"\" width=\"425\" height=\"640\" srcset=\"https:\/\/i0.wp.com\/www.courzyvite.run\/blog\/wp-content\/uploads\/2017\/05\/33816881620_569a43c4ee_z-1.jpg?w=425&amp;ssl=1 425w, https:\/\/i0.wp.com\/www.courzyvite.run\/blog\/wp-content\/uploads\/2017\/05\/33816881620_569a43c4ee_z-1.jpg?resize=420%2C632&amp;ssl=1 420w\" sizes=\"auto, (max-width: 425px) 100vw, 425px\" \/>3\u00e8me \u00e9dition du Trail de la Michaille, 26 mars 2017.<br \/>\n22km.<br \/>\nDans la premi\u00e8re mont\u00e9e.<br \/>\n<strong>Marilyn Chambrion\u00a0<\/strong>(Team Des 6 Ifs), 20\u00e8me femme (4\u00e8me V1, 134\u00e8me au scratch) en 2h36\u201934.<br \/>\nClich\u00e9 de <strong>Claude Duchene<\/strong>.<br \/>\n<a href=\"https:\/\/i0.wp.com\/www.courzyvite.run\/blog\/wp-content\/uploads\/2017\/05\/34070441231_8531e5b1aa_z.jpg?ssl=1\"><img data-recalc-dims=\"1\" loading=\"lazy\" decoding=\"async\" class=\"aligncenter wp-image-7769 size-full\" src=\"https:\/\/i0.wp.com\/www.courzyvite.run\/blog\/wp-content\/uploads\/2017\/05\/34070441231_8531e5b1aa_z.jpg?resize=406%2C640&#038;ssl=1\" alt=\"\" width=\"406\" height=\"640\" \/><\/a>3\u00e8me \u00e9dition du Trail de la Michaille, 26 mars 2017.<br \/>\n22km.<br \/>\nDans la premi\u00e8re mont\u00e9e.<br \/>\n<strong>Ghislaine Trilliat\u00a0<\/strong>(Courir en Dombes), 21\u00e8me femme (5\u00e8me V1, 136\u00e8me au scratch)\u00a0en 2h37\u201938.<br \/>\nClich\u00e9 de <strong>Claude Duchene<\/strong>.<br \/>\n<img data-recalc-dims=\"1\" loading=\"lazy\" decoding=\"async\" class=\"size-full wp-image-7746 aligncenter\" src=\"https:\/\/i0.wp.com\/www.courzyvite.run\/blog\/wp-content\/uploads\/2017\/05\/33817097830_9f867229ea_z.jpg?resize=432%2C640\" alt=\"\" width=\"432\" height=\"640\" srcset=\"https:\/\/i0.wp.com\/www.courzyvite.run\/blog\/wp-content\/uploads\/2017\/05\/33817097830_9f867229ea_z.jpg?w=432&amp;ssl=1 432w, https:\/\/i0.wp.com\/www.courzyvite.run\/blog\/wp-content\/uploads\/2017\/05\/33817097830_9f867229ea_z.jpg?resize=420%2C622&amp;ssl=1 420w\" sizes=\"auto, (max-width: 432px) 100vw, 432px\" \/>3\u00e8me \u00e9dition du Trail de la Michaille, 26 mars 2017.<br \/>\n22km.<br \/>\nDans la premi\u00e8re mont\u00e9e.<br \/>\n<strong>Aude Reverte\u00a0<\/strong>(Divonne-les-Bains), 24\u00e8me femme (16\u00e8me senior, 139\u00e8me au scratch)\u00a0en 2h40\u201917.<br \/>\nClich\u00e9 de <strong>Claude Duchene<\/strong>.<\/p>\n<p><img data-recalc-dims=\"1\" loading=\"lazy\" decoding=\"async\" class=\"size-full wp-image-7666 aligncenter\" src=\"https:\/\/i0.wp.com\/www.courzyvite.run\/blog\/wp-content\/uploads\/2017\/05\/34201085885_2595e882ef_z.jpg?resize=425%2C640\" alt=\"\" width=\"425\" height=\"640\" srcset=\"https:\/\/i0.wp.com\/www.courzyvite.run\/blog\/wp-content\/uploads\/2017\/05\/34201085885_2595e882ef_z.jpg?w=425&amp;ssl=1 425w, https:\/\/i0.wp.com\/www.courzyvite.run\/blog\/wp-content\/uploads\/2017\/05\/34201085885_2595e882ef_z.jpg?resize=420%2C632&amp;ssl=1 420w\" sizes=\"auto, (max-width: 425px) 100vw, 425px\" \/>3\u00e8me \u00e9dition du Trail de la Michaille, 26 mars 2017.<br \/>\n22km.<br \/>\nDans la premi\u00e8re mont\u00e9e.<br \/>\n<strong>Fabienne Duchene\u00a0<\/strong>(Villes), \u00e9pouse de notre photographe <strong>Claude<\/strong>, 26\u00e8me femme (3\u00e8me V2, 141\u00e8me au scratch)\u00a0en 2h42\u201943.<br \/>\nClich\u00e9 de <strong>Claude Duchene<\/strong>.<\/p>\n<p>Petit coup de zoom sur la laur\u00e9ate 2016 du Challenge de l\u2019Ain de Course en Montagne qui r\u00e9compense surtout la fid\u00e9lit\u00e9, toutes les \u00e9preuves (21 l\u2019an dernier) \u00e9tant comptabilis\u00e9es.<br \/>\nN\u00e9e <strong>Baldinot<\/strong> le 10 juin 1964 \u00e0 Ch\u00e2tillon-en-Michaille, <strong>Fabienne Duchene<\/strong> est une authentique enfant de Bellegarde. Install\u00e9e \u00e0 partir de 1990 \u00e0 Villes avec son \u00e9poux <strong>Claude<\/strong>, lui-m\u00eame de souche bellegardienne, elle travaille depuis 18 ans comme serveuse dans une brasserie genevoise.<br \/>\nSon irruption dans la course \u00e0 pied \u00e0 l\u2019\u00e2ge de 39 ans co\u00efncide avec sa volont\u00e9 d\u2019arr\u00eater de fumer. Sa premi\u00e8re comp\u00e8te interviendra bien plus tard, en l\u2019occurrence le 7 avril 2013 \u00e0 l\u2019occasion de la Course du Vuache, concourue \u00e0 Vulbens, o\u00f9 elle terminera 18\u00e8me dame sur les 21 en lice, et 5\u00e8me quadra sur les six pr\u00e9sentes.<br \/>\nChaque ann\u00e9e, la Villatus dispute le Challenge de l\u2019Ain de Course en Montagne, se classant 4\u00e8me dame (3\u00e8me V1) en 2013, 3\u00e8me (1\u00e8re V2) en 2014, 4\u00e8me (2\u00e8me V2) en 2015, enfin, 1\u00e8re (1\u00e8re V2) la saison pass\u00e9e. Parall\u00e8lement, elle prend part, \u00e0 compter de 2015, au Challenge Bugey Sud qu\u2019elle d\u00e9croche \u00e0 deux reprises chez les quinquas. Du coup, elle totalise une kyrielle de comp\u00e9titions \u00e0 son actif (29 en 2015, 33 en 2016) d\u2019autant plus qu\u2019elle s\u2019aligne, toujours dans le d\u00e9partement de l\u2019Ain, sur d\u2019autres courses nature (Tour des Lacs) ou bien sur des \u00e9preuves routi\u00e8res (Sur les Pas de Tanguy).<br \/>\nM\u00eame si elle souhaite progresser, la perf n\u2019est jamais une fin en soi. Ce qu\u2019elle recherche en v\u00e9rit\u00e9, c\u2019est \u00e0 la fois se faire plaisir et tisser des liens d\u2019amiti\u00e9. Ses concurrentes directes sont ainsi devenues ses meilleurs copines, \u00e0 l\u2019image de <strong>Ga\u00eblle Brocher<\/strong>, <strong>Christine Catin<\/strong>, <strong>Alice Chaboud<\/strong>, <strong>Laura Joly<\/strong>, et <strong>Rachel Vernoux<\/strong>. Symbolisant cette convivialit\u00e9, <strong>Nicolas Chaboud<\/strong>, \u00e9poux d\u2019Alice, n\u2019h\u00e9site jamais \u00e0 encourager Fabienne tout au long de son ultime km.<br \/>\nEn revanche, elle ne s\u2019entra\u00eene qu\u2019une fois par semaine, et deux lorsqu\u2019elle n\u2019\u00e9pingle pas de dossard le week-end. La raison ? Le caract\u00e8re \u00e9prouvant de sa profession qui l\u2019oblige, en p\u00e9riode de pointe, \u00e0 parcourir dans sa brasserie 13 \u00e0 14km par jour dont 300 \u00e0 400 marches d\u2019escalier \u00e0 gravir et \u00e0 descendre.<br \/>\nProchaine \u00e9ch\u00e9ance : le 42km de la Promenade du B\u00fbcheron qui servira, ce samedi 13 mai, de support \u00e0 la 6\u00e8me manche du\u00a0Challenge de l\u2019Ain de Course en Montagne.<br \/>\n<strong>F.V.<br \/>\n<a href=\"https:\/\/i0.wp.com\/www.courzyvite.run\/blog\/wp-content\/uploads\/2017\/05\/34070227951_1d3a1f381f_z-1.jpg?ssl=1\"><img data-recalc-dims=\"1\" loading=\"lazy\" decoding=\"async\" class=\"aligncenter wp-image-7878 size-full\" src=\"https:\/\/i0.wp.com\/www.courzyvite.run\/blog\/wp-content\/uploads\/2017\/05\/34070227951_1d3a1f381f_z-1.jpg?resize=413%2C640&#038;ssl=1\" alt=\"\" width=\"413\" height=\"640\" \/><\/a><\/strong>3\u00e8me \u00e9dition du Trail de la Michaille, 26 mars 2017.<br \/>\n22km.<strong><br \/>\n<\/strong>Dans la premi\u00e8re mont\u00e9e.<strong><br \/>\nFanny Bossonney\u00a0<\/strong>(Team Des 6 Ifs), fille de <strong>Bernard Evreux<\/strong>, 32\u00e8me femme (19\u00e8me senior, 153\u00e8me au scratch)\u00a0en 2h48\u201959.<strong><br \/>\n<\/strong>Clich\u00e9 de<strong> Claude Duchene<\/strong>.<br \/>\n<img data-recalc-dims=\"1\" loading=\"lazy\" decoding=\"async\" class=\"size-full wp-image-7781 aligncenter\" src=\"https:\/\/i0.wp.com\/www.courzyvite.run\/blog\/wp-content\/uploads\/2017\/05\/34200834465_edd479a058_z.jpg?resize=441%2C640\" alt=\"\" width=\"441\" height=\"640\" srcset=\"https:\/\/i0.wp.com\/www.courzyvite.run\/blog\/wp-content\/uploads\/2017\/05\/34200834465_edd479a058_z.jpg?w=441&amp;ssl=1 441w, https:\/\/i0.wp.com\/www.courzyvite.run\/blog\/wp-content\/uploads\/2017\/05\/34200834465_edd479a058_z.jpg?resize=420%2C610&amp;ssl=1 420w\" sizes=\"auto, (max-width: 441px) 100vw, 441px\" \/>3\u00e8me \u00e9dition du Trail de la Michaille, 26 mars 2017.<br \/>\n22km.<br \/>\nDans la premi\u00e8re mont\u00e9e.<br \/>\n&#8211; Dossard 136 :<strong> Pascale Beau <\/strong>(Ville-la-Grand), 35\u00e8me femme (5\u00e8me V2, 160\u00e8me au scratch)\u00a0en 3h12\u201930.<br \/>\n&#8211; Dans les talons de Pascale, les deux serre-files de Run Valserine :<br \/>\nA gauche : <strong>Tounsi Chettih<\/strong>.<br \/>\nA droite : <strong>Olivier Robin<\/strong>.<br \/>\nClich\u00e9 de <strong>Claude Duchene<\/strong>.<br \/>\n<img data-recalc-dims=\"1\" loading=\"lazy\" decoding=\"async\" class=\"size-full wp-image-7863 aligncenter\" src=\"https:\/\/i0.wp.com\/www.courzyvite.run\/blog\/wp-content\/uploads\/2017\/05\/33358450014_1bcb098e47_z-1.jpg?resize=425%2C640\" alt=\"\" width=\"425\" height=\"640\" srcset=\"https:\/\/i0.wp.com\/www.courzyvite.run\/blog\/wp-content\/uploads\/2017\/05\/33358450014_1bcb098e47_z-1.jpg?w=425&amp;ssl=1 425w, https:\/\/i0.wp.com\/www.courzyvite.run\/blog\/wp-content\/uploads\/2017\/05\/33358450014_1bcb098e47_z-1.jpg?resize=420%2C632&amp;ssl=1 420w\" sizes=\"auto, (max-width: 425px) 100vw, 425px\" \/>3\u00e8me \u00e9dition du Trail de la Michaille, 26 mars 2017.<br \/>\n22km.<br \/>\nSur le plateau de Retord, peu avant le deuxi\u00e8me ravitaillement, install\u00e9 \u00e0 l\u2019intersection entre la piste acc\u00e9dant \u00e0 Le Chaix et la d\u00e9partementale 101 (km12,2).<br \/>\nLe Suisse\u00a0<strong>Simon Senn\u00a0<\/strong>(Petit-Lancy), 3\u00e8me (2\u00e8me senior) en 1h33\u201949.<br \/>\nClich\u00e9 de <strong>Claude Duchene<\/strong>.<br \/>\n<img data-recalc-dims=\"1\" loading=\"lazy\" decoding=\"async\" class=\"size-full wp-image-7742 aligncenter\" src=\"https:\/\/i0.wp.com\/www.courzyvite.run\/blog\/wp-content\/uploads\/2017\/05\/34043659002_75d6ff449d_z-1.jpg?resize=426%2C640\" alt=\"\" width=\"426\" height=\"640\" srcset=\"https:\/\/i0.wp.com\/www.courzyvite.run\/blog\/wp-content\/uploads\/2017\/05\/34043659002_75d6ff449d_z-1.jpg?w=426&amp;ssl=1 426w, https:\/\/i0.wp.com\/www.courzyvite.run\/blog\/wp-content\/uploads\/2017\/05\/34043659002_75d6ff449d_z-1.jpg?resize=420%2C631&amp;ssl=1 420w\" sizes=\"auto, (max-width: 426px) 100vw, 426px\" \/>3\u00e8me \u00e9dition du Trail de la Michaille, 26 mars 2017.<br \/>\n22km.<br \/>\nSur le plateau de Retord, peu avant le deuxi\u00e8me ravitaillement, install\u00e9 \u00e0 l\u2019intersection entre la piste acc\u00e9dant \u00e0 Le Chaix et la d\u00e9partementale 101 (km12,2).<br \/>\nL\u2019Anglais<strong> Robbie Britton\u00a0<\/strong>(Team Profeet et Team TomTom), 4\u00e8me (3\u00e8me senior) en 1h33\u201956.<br \/>\nClich\u00e9 de <strong>Claude Duchene<\/strong>.<br \/>\n<img data-recalc-dims=\"1\" loading=\"lazy\" decoding=\"async\" class=\"size-full wp-image-7713 aligncenter\" src=\"https:\/\/i0.wp.com\/www.courzyvite.run\/blog\/wp-content\/uploads\/2017\/05\/34043642222_41b6de9e2c_z.jpg?resize=425%2C640\" alt=\"\" width=\"425\" height=\"640\" srcset=\"https:\/\/i0.wp.com\/www.courzyvite.run\/blog\/wp-content\/uploads\/2017\/05\/34043642222_41b6de9e2c_z.jpg?w=425&amp;ssl=1 425w, https:\/\/i0.wp.com\/www.courzyvite.run\/blog\/wp-content\/uploads\/2017\/05\/34043642222_41b6de9e2c_z.jpg?resize=420%2C632&amp;ssl=1 420w\" sizes=\"auto, (max-width: 425px) 100vw, 425px\" \/>3\u00e8me \u00e9dition du Trail de la Michaille, 26 mars 2017.<br \/>\n22km.<br \/>\nSur le plateau de Retord, peu avant le deuxi\u00e8me ravitaillement, install\u00e9 \u00e0 l\u2019intersection entre la piste acc\u00e9dant \u00e0 Le Chaix et la d\u00e9partementale 101 (km12,2).<br \/>\n<strong>Mathias Girel<\/strong> (Montanges), 15\u00e8me (11\u00e8me senior) en 1h43\u201957.<br \/>\nClich\u00e9 de <strong>Claude Duchene<\/strong>.<br \/>\n<img data-recalc-dims=\"1\" loading=\"lazy\" decoding=\"async\" class=\"size-full wp-image-7764 aligncenter\" src=\"https:\/\/i0.wp.com\/www.courzyvite.run\/blog\/wp-content\/uploads\/2017\/05\/33358355434_b9cdf468e0_z.jpg?resize=425%2C640\" alt=\"\" width=\"425\" height=\"640\" srcset=\"https:\/\/i0.wp.com\/www.courzyvite.run\/blog\/wp-content\/uploads\/2017\/05\/33358355434_b9cdf468e0_z.jpg?w=425&amp;ssl=1 425w, https:\/\/i0.wp.com\/www.courzyvite.run\/blog\/wp-content\/uploads\/2017\/05\/33358355434_b9cdf468e0_z.jpg?resize=420%2C632&amp;ssl=1 420w\" sizes=\"auto, (max-width: 425px) 100vw, 425px\" \/>3\u00e8me \u00e9dition du Trail de la Michaille, 26 mars 2017.<br \/>\n22km.<br \/>\nSur le plateau de Retord, peu avant le deuxi\u00e8me ravitaillement, install\u00e9 \u00e0 l\u2019intersection entre la piste acc\u00e9dant \u00e0 Le Chaix et la d\u00e9partementale 101 (km12,2).<br \/>\n<strong>Eric Philibert<\/strong> (Dijon Singletrack), 19\u00e8me (6\u00e8me V1) en 1h46\u201939.<br \/>\nClich\u00e9 de<strong> Claude Duchene<\/strong>.<br \/>\n<img data-recalc-dims=\"1\" loading=\"lazy\" decoding=\"async\" class=\"aligncenter wp-image-7768\" src=\"https:\/\/i0.wp.com\/www.courzyvite.run\/blog\/wp-content\/uploads\/2017\/05\/34069993131_2e9b5170df_z.jpg?resize=800%2C601\" alt=\"\" width=\"800\" height=\"601\" srcset=\"https:\/\/i0.wp.com\/www.courzyvite.run\/blog\/wp-content\/uploads\/2017\/05\/34069993131_2e9b5170df_z.jpg?w=640&amp;ssl=1 640w, https:\/\/i0.wp.com\/www.courzyvite.run\/blog\/wp-content\/uploads\/2017\/05\/34069993131_2e9b5170df_z.jpg?resize=420%2C316&amp;ssl=1 420w\" sizes=\"auto, (max-width: 800px) 100vw, 800px\" \/>3\u00e8me \u00e9dition du Trail de la Michaille, 26 mars 2017.<br \/>\n22km.<br \/>\nSur le plateau de Retord, peu avant le deuxi\u00e8me ravitaillement, install\u00e9 \u00e0 l\u2019intersection entre la piste acc\u00e9dant \u00e0 Le Chaix et la d\u00e9partementale 101 (km12,2).<br \/>\n<strong>Sylvain Perrin<\/strong> (Montr\u00e9al-la-Cluse), 57\u00e8me (28\u00e8me senior) en 2h02\u201955.<br \/>\nClich\u00e9 de<strong> Claude Duchene<\/strong>.<br \/>\n<img data-recalc-dims=\"1\" loading=\"lazy\" decoding=\"async\" class=\"size-full wp-image-7782 aligncenter\" src=\"https:\/\/i0.wp.com\/www.courzyvite.run\/blog\/wp-content\/uploads\/2017\/05\/33815853130_1b6172e69a_z-1.jpg?resize=454%2C640\" alt=\"\" width=\"454\" height=\"640\" srcset=\"https:\/\/i0.wp.com\/www.courzyvite.run\/blog\/wp-content\/uploads\/2017\/05\/33815853130_1b6172e69a_z-1.jpg?w=454&amp;ssl=1 454w, https:\/\/i0.wp.com\/www.courzyvite.run\/blog\/wp-content\/uploads\/2017\/05\/33815853130_1b6172e69a_z-1.jpg?resize=420%2C592&amp;ssl=1 420w\" sizes=\"auto, (max-width: 454px) 100vw, 454px\" \/>3\u00e8me \u00e9dition du Trail de la Michaille, 26 mars 2017.<br \/>\n22km.<br \/>\nSur le plateau de Retord, peu avant le deuxi\u00e8me ravitaillement, install\u00e9 \u00e0 l\u2019intersection entre la piste acc\u00e9dant \u00e0 Le Chaix et la d\u00e9partementale 101 (km12,2).<br \/>\n<b>Eric Ravel<\/b>\u00a0(Les Princes en Foul\u00e9es), 109\u00e8me (10\u00e8me V2) en 2h23\u201901.<br \/>\nClich\u00e9 de<strong> Claude Duchene<\/strong>.<br \/>\n<img data-recalc-dims=\"1\" loading=\"lazy\" decoding=\"async\" class=\"size-full wp-image-39809 aligncenter\" src=\"https:\/\/i0.wp.com\/www.courzyvite.run\/blog\/wp-content\/uploads\/2017\/03\/33360740444_fac5236caf_z.jpg?resize=432%2C640&#038;ssl=1\" alt=\"\" width=\"432\" height=\"640\" srcset=\"https:\/\/i0.wp.com\/www.courzyvite.run\/blog\/wp-content\/uploads\/2017\/03\/33360740444_fac5236caf_z.jpg?w=432&amp;ssl=1 432w, https:\/\/i0.wp.com\/www.courzyvite.run\/blog\/wp-content\/uploads\/2017\/03\/33360740444_fac5236caf_z.jpg?resize=420%2C622&amp;ssl=1 420w\" sizes=\"auto, (max-width: 432px) 100vw, 432px\" \/>3\u00e8me \u00e9dition du Trail de la Michaille, 26 mars 2017.<br \/>\n22km.<br \/>\nSur le plateau de Retord, peu avant le deuxi\u00e8me ravitaillement, install\u00e9 \u00e0 l\u2019intersection entre la piste acc\u00e9dant \u00e0 Le Chaix et la d\u00e9partementale 101 (km12,2).<br \/>\n<b>Gilbert Goessens<\/b> (Jujurieux), animateur du site Web Aincourir, 128\u00e8me (15\u00e8me V2) en\u00a02h30\u201914.<br \/>\nClich\u00e9 de<strong> Claude Duchene<\/strong>.<br \/>\n<img data-recalc-dims=\"1\" loading=\"lazy\" decoding=\"async\" class=\"size-full wp-image-7762 aligncenter\" src=\"https:\/\/i0.wp.com\/www.courzyvite.run\/blog\/wp-content\/uploads\/2017\/05\/33358184134_be0b699ea0_z.jpg?resize=425%2C640\" alt=\"\" width=\"425\" height=\"640\" srcset=\"https:\/\/i0.wp.com\/www.courzyvite.run\/blog\/wp-content\/uploads\/2017\/05\/33358184134_be0b699ea0_z.jpg?w=425&amp;ssl=1 425w, https:\/\/i0.wp.com\/www.courzyvite.run\/blog\/wp-content\/uploads\/2017\/05\/33358184134_be0b699ea0_z.jpg?resize=420%2C632&amp;ssl=1 420w\" sizes=\"auto, (max-width: 425px) 100vw, 425px\" \/>3\u00e8me \u00e9dition du Trail de la Michaille, 26 mars 2017.<br \/>\n22km.<br \/>\nSur le plateau de Retord, peu avant le deuxi\u00e8me ravitaillement, install\u00e9 \u00e0 l\u2019intersection entre la piste acc\u00e9dant \u00e0 Le Chaix et la d\u00e9partementale 101 (km12,2).<br \/>\nLa Suissesse<strong> Elodie Tercier<\/strong> (Team Running Planet Gen\u00e8ve), laur\u00e9ate (1\u00e8re senior, 46\u00e8me au scratch) en 2h00\u201903.<br \/>\nClich\u00e9 de <strong>Claude Duchene<\/strong>.<br \/>\n<img data-recalc-dims=\"1\" loading=\"lazy\" decoding=\"async\" class=\"size-full wp-image-7771 aligncenter\" src=\"https:\/\/i0.wp.com\/www.courzyvite.run\/blog\/wp-content\/uploads\/2017\/05\/34159471506_2c24d8448f_z-1.jpg?resize=425%2C640\" alt=\"\" width=\"425\" height=\"640\" srcset=\"https:\/\/i0.wp.com\/www.courzyvite.run\/blog\/wp-content\/uploads\/2017\/05\/34159471506_2c24d8448f_z-1.jpg?w=425&amp;ssl=1 425w, https:\/\/i0.wp.com\/www.courzyvite.run\/blog\/wp-content\/uploads\/2017\/05\/34159471506_2c24d8448f_z-1.jpg?resize=420%2C632&amp;ssl=1 420w\" sizes=\"auto, (max-width: 425px) 100vw, 425px\" \/>3\u00e8me \u00e9dition du Trail de la Michaille, 26 mars 2017.<br \/>\n22km.<br \/>\nSur le plateau de Retord, peu avant le deuxi\u00e8me ravitaillement, install\u00e9 \u00e0 l\u2019intersection entre la piste acc\u00e9dant \u00e0 Le Chaix et la d\u00e9partementale 101 (km12,2).<br \/>\n<strong>Christine Catin<\/strong>\u00a0(Courir Nature Saint-Jean-de-Niost), 3\u00e8me femme (1\u00e8re V1, 69\u00e8me au scratch) en 2h07\u201942.<br \/>\nClich\u00e9 de <strong>Claude Duchene<\/strong>.<br \/>\n<img data-recalc-dims=\"1\" loading=\"lazy\" decoding=\"async\" class=\"size-full wp-image-7770 aligncenter\" src=\"https:\/\/i0.wp.com\/www.courzyvite.run\/blog\/wp-content\/uploads\/2017\/05\/34159548606_ea75d46a07_z.jpg?resize=425%2C640\" alt=\"\" width=\"425\" height=\"640\" srcset=\"https:\/\/i0.wp.com\/www.courzyvite.run\/blog\/wp-content\/uploads\/2017\/05\/34159548606_ea75d46a07_z.jpg?w=425&amp;ssl=1 425w, https:\/\/i0.wp.com\/www.courzyvite.run\/blog\/wp-content\/uploads\/2017\/05\/34159548606_ea75d46a07_z.jpg?resize=420%2C632&amp;ssl=1 420w\" sizes=\"auto, (max-width: 425px) 100vw, 425px\" \/>3\u00e8me \u00e9dition du Trail de la Michaille, 26 mars 2017.<br \/>\n22km.<br \/>\nSur le plateau de Retord, peu avant le deuxi\u00e8me ravitaillement, install\u00e9 \u00e0 l\u2019intersection entre la piste acc\u00e9dant \u00e0 Le Chaix et la d\u00e9partementale 101 (km12,2).<br \/>\n<strong>Laure\u00a0De Jacquelot\u00a0<\/strong>(Belley Sport P\u00e9destre), 4\u00e8me femme (3\u00e8me senior, 70\u00e8me au scratch)<strong>\u00a0<\/strong>en 2h07\u201947.<br \/>\nClich\u00e9 de <strong>Claude Duchene<\/strong>.<\/p>\n<p><img data-recalc-dims=\"1\" loading=\"lazy\" decoding=\"async\" class=\"size-full wp-image-7664 aligncenter\" src=\"https:\/\/i0.wp.com\/www.courzyvite.run\/blog\/wp-content\/uploads\/2017\/05\/33357793994_a2cce47297_z-1.jpg?resize=434%2C640\" alt=\"\" width=\"434\" height=\"640\" srcset=\"https:\/\/i0.wp.com\/www.courzyvite.run\/blog\/wp-content\/uploads\/2017\/05\/33357793994_a2cce47297_z-1.jpg?w=434&amp;ssl=1 434w, https:\/\/i0.wp.com\/www.courzyvite.run\/blog\/wp-content\/uploads\/2017\/05\/33357793994_a2cce47297_z-1.jpg?resize=420%2C619&amp;ssl=1 420w\" sizes=\"auto, (max-width: 434px) 100vw, 434px\" \/>3\u00e8me \u00e9dition du Trail de la Michaille, 26 mars 2017.<br \/>\n22km.<br \/>\nSur le plateau de Retord, peu avant le deuxi\u00e8me ravitaillement, install\u00e9 \u00e0 l\u2019intersection entre la piste acc\u00e9dant \u00e0 Le Chaix et la d\u00e9partementale 101 (km12,2).<br \/>\n\u2013 Dossard 148 : <strong>Jean-Fran\u00e7ois Rivi\u00e8re\u00a0<\/strong>(Saint-Julien-en-Genevois), 95\u00e8me (4\u00e8me V3) en 2h15\u201948.<br \/>\n\u2013 Dossard 3 : <strong>Pascale Marie\u00a0<\/strong>(Athl\u00e9tisme Saint-Genis, section d\u2019Ain-Est Athl\u00e9tisme), 10\u00e8me femme (1\u00e8re V2, 102\u00e8me au scratch) en 2h19\u201910.<br \/>\n\u2013 A droite de Pascale : <strong>Sylvie Chatenoud\u00a0<\/strong>(Frangy), 6\u00e8me femme (2\u00e8me V1, 93\u00e8me ex aequo au scratch)\u00a0en 2h15\u201916.<br \/>\nClich\u00e9 de <strong>Claude Duchene<\/strong>.<br \/>\n<img data-recalc-dims=\"1\" loading=\"lazy\" decoding=\"async\" class=\"size-full wp-image-7778 aligncenter\" src=\"https:\/\/i0.wp.com\/www.courzyvite.run\/blog\/wp-content\/uploads\/2017\/05\/34042881262_8c627b2e4c_z-1.jpg?resize=425%2C640\" alt=\"\" width=\"425\" height=\"640\" srcset=\"https:\/\/i0.wp.com\/www.courzyvite.run\/blog\/wp-content\/uploads\/2017\/05\/34042881262_8c627b2e4c_z-1.jpg?w=425&amp;ssl=1 425w, https:\/\/i0.wp.com\/www.courzyvite.run\/blog\/wp-content\/uploads\/2017\/05\/34042881262_8c627b2e4c_z-1.jpg?resize=420%2C632&amp;ssl=1 420w\" sizes=\"auto, (max-width: 425px) 100vw, 425px\" \/>3\u00e8me \u00e9dition du Trail de la Michaille, 26 mars 2017.<br \/>\n22km.<br \/>\nSur le plateau de Retord, peu avant le deuxi\u00e8me ravitaillement, install\u00e9 \u00e0 l\u2019intersection entre la piste acc\u00e9dant \u00e0 Le Chaix et la d\u00e9partementale 101 (km12,2).<br \/>\n<strong>Emilie Revillod\u00a0<\/strong>(Faucigny Athl\u00e9tic Club), 9\u00e8me femme (6\u00e8me senior, 101\u00e8me au scratch)\u00a0en 2h17\u201932.<br \/>\nClich\u00e9 de <strong>Claude Duchene<\/strong>.<br \/>\n<img data-recalc-dims=\"1\" loading=\"lazy\" decoding=\"async\" class=\"size-full wp-image-7776 aligncenter\" src=\"https:\/\/i0.wp.com\/www.courzyvite.run\/blog\/wp-content\/uploads\/2017\/05\/34159200126_d8145e72e2_z-2.jpg?resize=454%2C640\" alt=\"\" width=\"454\" height=\"640\" srcset=\"https:\/\/i0.wp.com\/www.courzyvite.run\/blog\/wp-content\/uploads\/2017\/05\/34159200126_d8145e72e2_z-2.jpg?w=454&amp;ssl=1 454w, https:\/\/i0.wp.com\/www.courzyvite.run\/blog\/wp-content\/uploads\/2017\/05\/34159200126_d8145e72e2_z-2.jpg?resize=420%2C592&amp;ssl=1 420w\" sizes=\"auto, (max-width: 454px) 100vw, 454px\" \/>3\u00e8me \u00e9dition du Trail de la Michaille, 26 mars 2017.<br \/>\n22km.<br \/>\nSur le plateau de Retord, peu avant le deuxi\u00e8me ravitaillement, install\u00e9 \u00e0 l\u2019intersection entre la piste acc\u00e9dant \u00e0 Le Chaix et la d\u00e9partementale 101 (km12,2).<br \/>\n<strong>Marilyn Laurent\u00a0<\/strong>(Courir Nature Saint-Jean-de-Niost), 11\u00e8me femme (7\u00e8me senior, 107\u00e8me au scratch)<strong>\u00a0<\/strong>en 2h22\u201920.<br \/>\nClich\u00e9 de <strong>Claude Duchene<\/strong>.<br \/>\n<img data-recalc-dims=\"1\" loading=\"lazy\" decoding=\"async\" class=\"size-full wp-image-7777 aligncenter\" src=\"https:\/\/i0.wp.com\/www.courzyvite.run\/blog\/wp-content\/uploads\/2017\/05\/34159195316_161123abb4_z.jpg?resize=428%2C640\" alt=\"\" width=\"428\" height=\"640\" srcset=\"https:\/\/i0.wp.com\/www.courzyvite.run\/blog\/wp-content\/uploads\/2017\/05\/34159195316_161123abb4_z.jpg?w=428&amp;ssl=1 428w, https:\/\/i0.wp.com\/www.courzyvite.run\/blog\/wp-content\/uploads\/2017\/05\/34159195316_161123abb4_z.jpg?resize=420%2C628&amp;ssl=1 420w\" sizes=\"auto, (max-width: 428px) 100vw, 428px\" \/>3\u00e8me \u00e9dition du Trail de la Michaille, 26 mars 2017.<br \/>\n22km.<br \/>\nSur le plateau de Retord, peu avant le deuxi\u00e8me ravitaillement, install\u00e9 \u00e0 l\u2019intersection entre la piste acc\u00e9dant \u00e0 Le Chaix et la d\u00e9partementale 101 (km12,2).<br \/>\n<strong>Patricia Ter Kuile<\/strong> (Feig\u00e8res), 13\u00e8me femme ex aequo (2\u00e8me V2, 116\u00e8me au scratch) en 2h24\u201936.<br \/>\nClich\u00e9 de <strong>Claude Duchene<\/strong>.<br \/>\n<img data-recalc-dims=\"1\" loading=\"lazy\" decoding=\"async\" class=\"size-full wp-image-39810 aligncenter\" src=\"https:\/\/i0.wp.com\/www.courzyvite.run\/blog\/wp-content\/uploads\/2017\/03\/34045875472_1557687b51_z.jpg?resize=429%2C640&#038;ssl=1\" alt=\"\" width=\"429\" height=\"640\" srcset=\"https:\/\/i0.wp.com\/www.courzyvite.run\/blog\/wp-content\/uploads\/2017\/03\/34045875472_1557687b51_z.jpg?w=429&amp;ssl=1 429w, https:\/\/i0.wp.com\/www.courzyvite.run\/blog\/wp-content\/uploads\/2017\/03\/34045875472_1557687b51_z.jpg?resize=420%2C627&amp;ssl=1 420w\" sizes=\"auto, (max-width: 429px) 100vw, 429px\" \/>3\u00e8me \u00e9dition du Trail de la Michaille, 26 mars 2017.<br \/>\n22km.<br \/>\nSur le plateau de Retord, peu avant le deuxi\u00e8me ravitaillement, install\u00e9 \u00e0 l\u2019intersection entre la piste acc\u00e9dant \u00e0 Le Chaix et la d\u00e9partementale 101 (km12,2).<br \/>\n<strong>Alice Chaboud\u00a0<\/strong>(Trispiridon Oyonnax), 15\u00e8me femme (10\u00e8me senior, 120\u00e8me au scratch)\u00a0en 2h25\u201952.<br \/>\nClich\u00e9 de <strong>Claude Duchene<\/strong>.<br \/>\n<img data-recalc-dims=\"1\" loading=\"lazy\" decoding=\"async\" class=\"size-full wp-image-39806 aligncenter\" src=\"https:\/\/i0.wp.com\/www.courzyvite.run\/blog\/wp-content\/uploads\/2017\/03\/34203193905_2bdfcf482a_z.jpg?resize=436%2C640&#038;ssl=1\" alt=\"\" width=\"436\" height=\"640\" srcset=\"https:\/\/i0.wp.com\/www.courzyvite.run\/blog\/wp-content\/uploads\/2017\/03\/34203193905_2bdfcf482a_z.jpg?w=436&amp;ssl=1 436w, https:\/\/i0.wp.com\/www.courzyvite.run\/blog\/wp-content\/uploads\/2017\/03\/34203193905_2bdfcf482a_z.jpg?resize=420%2C617&amp;ssl=1 420w\" sizes=\"auto, (max-width: 436px) 100vw, 436px\" \/>3\u00e8me \u00e9dition du Trail de la Michaille, 26 mars 2017.<br \/>\n22km.<br \/>\nSur le plateau de Retord, peu avant le deuxi\u00e8me ravitaillement, install\u00e9 \u00e0 l\u2019intersection entre la piste acc\u00e9dant \u00e0 Le Chaix et la d\u00e9partementale 101 (km12,2).<br \/>\nL\u2019Allemande<strong> Berit Kieselbach <\/strong>(Club Rh\u00f4ne-Alpin de Potes Atteints du Syndrome du Trail), 16\u00e8me femme (11\u00e8me senior, 123\u00e8me au scratch) en 2h26\u201904.<br \/>\nClich\u00e9 de <strong>Claude Duchene<\/strong>.<br \/>\n<img data-recalc-dims=\"1\" loading=\"lazy\" decoding=\"async\" class=\"size-full wp-image-39811 aligncenter\" src=\"https:\/\/i0.wp.com\/www.courzyvite.run\/blog\/wp-content\/uploads\/2017\/03\/34045982862_dac86cc248_z.jpg?resize=418%2C640&#038;ssl=1\" alt=\"\" width=\"418\" height=\"640\" \/>3\u00e8me \u00e9dition du Trail de la Michaille, 26 mars 2017.<br \/>\n22km.<br \/>\nSur le plateau de Retord, peu avant le deuxi\u00e8me ravitaillement, install\u00e9 \u00e0 l\u2019intersection entre la piste acc\u00e9dant \u00e0 Le Chaix et la d\u00e9partementale 101 (km12,2).<br \/>\n<strong>Emmanuelle Alves <\/strong>(Club Rh\u00f4ne-Alpin de Potes Atteints du Syndrome du Trail), 17\u00e8me femme (12\u00e8me senior, 125\u00e8me au scratch) en 2h27\u201908.<br \/>\nClich\u00e9 de <strong>Claude Duchene<\/strong>.<br \/>\n<img data-recalc-dims=\"1\" loading=\"lazy\" decoding=\"async\" class=\"size-full wp-image-7775 aligncenter\" src=\"https:\/\/i0.wp.com\/www.courzyvite.run\/blog\/wp-content\/uploads\/2017\/05\/34202674055_ba477d8910_z.jpg?resize=454%2C640\" alt=\"\" width=\"454\" height=\"640\" srcset=\"https:\/\/i0.wp.com\/www.courzyvite.run\/blog\/wp-content\/uploads\/2017\/05\/34202674055_ba477d8910_z.jpg?w=454&amp;ssl=1 454w, https:\/\/i0.wp.com\/www.courzyvite.run\/blog\/wp-content\/uploads\/2017\/05\/34202674055_ba477d8910_z.jpg?resize=420%2C592&amp;ssl=1 420w\" sizes=\"auto, (max-width: 454px) 100vw, 454px\" \/>3\u00e8me \u00e9dition du Trail de la Michaille, 26 mars 2017.<br \/>\n22km.<br \/>\nSur le plateau de Retord, peu avant le deuxi\u00e8me ravitaillement, install\u00e9 \u00e0 l\u2019intersection entre la piste acc\u00e9dant \u00e0 Le Chaix et la d\u00e9partementale 101 (km12,2).<br \/>\nLa Suissesse<strong> Magali Vionnet\u00a0<\/strong>(Gen\u00e8ve), 23\u00e8me femme (15\u00e8me senior, 138\u00e8me au scratch)<strong>\u00a0<\/strong>en 2h22\u201920.<br \/>\nClich\u00e9 de <strong>Claude Duchene<\/strong>.<br \/>\n<a href=\"https:\/\/i0.wp.com\/www.courzyvite.run\/blog\/wp-content\/uploads\/2017\/05\/34044341222_9cd6fe0e26_z.jpg?ssl=1\"><img data-recalc-dims=\"1\" loading=\"lazy\" decoding=\"async\" class=\"aligncenter wp-image-7774 size-full\" src=\"https:\/\/i0.wp.com\/www.courzyvite.run\/blog\/wp-content\/uploads\/2017\/05\/34044341222_9cd6fe0e26_z.jpg?resize=420%2C640&#038;ssl=1\" alt=\"\" width=\"420\" height=\"640\" \/><\/a>3\u00e8me \u00e9dition du Trail de la Michaille, 26 mars 2017.<br \/>\n22km.<br \/>\nSur le plateau de Retord, peu avant le deuxi\u00e8me ravitaillement, install\u00e9 \u00e0 l\u2019intersection entre la piste acc\u00e9dant \u00e0 Le Chaix et la d\u00e9partementale 101 (km12,2).<br \/>\n<strong>S\u00e9verine Bretton\u00a0<\/strong>(Club Rh\u00f4ne-Alpin de Potes Atteints du Syndrome du Trail), 25\u00e8me femme (17\u00e8me senior, 140\u00e8me au scratch)<strong>\u00a0<\/strong>en 2h41\u201905.<br \/>\nClich\u00e9 de <strong>Claude Duchene<\/strong>.<br \/>\n<img data-recalc-dims=\"1\" loading=\"lazy\" decoding=\"async\" class=\"size-full wp-image-7773 aligncenter\" src=\"https:\/\/i0.wp.com\/www.courzyvite.run\/blog\/wp-content\/uploads\/2017\/05\/34043927292_f120dc4402_z.jpg?resize=441%2C640\" alt=\"\" width=\"441\" height=\"640\" srcset=\"https:\/\/i0.wp.com\/www.courzyvite.run\/blog\/wp-content\/uploads\/2017\/05\/34043927292_f120dc4402_z.jpg?w=441&amp;ssl=1 441w, https:\/\/i0.wp.com\/www.courzyvite.run\/blog\/wp-content\/uploads\/2017\/05\/34043927292_f120dc4402_z.jpg?resize=420%2C610&amp;ssl=1 420w\" sizes=\"auto, (max-width: 441px) 100vw, 441px\" \/>3\u00e8me \u00e9dition du Trail de la Michaille, 26 mars 2017.<br \/>\n22km.<br \/>\nSur le plateau de Retord, peu avant le deuxi\u00e8me ravitaillement, install\u00e9 \u00e0 l\u2019intersection entre la piste acc\u00e9dant \u00e0 Le Chaix et la d\u00e9partementale 101 (km12,2).<br \/>\n<strong>Laurence Fahy\u00a0<\/strong>(Club Rh\u00f4ne-Alpin de Potes Atteints du Syndrome du Trail), 28\u00e8me femme (4\u00e8me V2, 145\u00e8me au scratch)<strong>\u00a0<\/strong>en 2h45\u201919.<br \/>\nClich\u00e9 de <strong>Claude Duchene<\/strong>.<br \/>\n<a href=\"https:\/\/i0.wp.com\/www.courzyvite.run\/blog\/wp-content\/uploads\/2017\/05\/34201327055_e10755c9b1_z.jpg?ssl=1\"><img data-recalc-dims=\"1\" loading=\"lazy\" decoding=\"async\" class=\"aligncenter wp-image-7772 size-full\" src=\"https:\/\/i0.wp.com\/www.courzyvite.run\/blog\/wp-content\/uploads\/2017\/05\/34201327055_e10755c9b1_z.jpg?resize=404%2C640&#038;ssl=1\" alt=\"\" width=\"404\" height=\"640\" \/><\/a>3\u00e8me \u00e9dition du Trail de la Michaille, 26 mars 2017.<br \/>\n22km.<br \/>\nSur le plateau de Retord, peu avant le deuxi\u00e8me ravitaillement, install\u00e9 \u00e0 l\u2019intersection entre la piste acc\u00e9dant \u00e0 Le Chaix et la d\u00e9partementale 101 (km12,2).<br \/>\n<strong>C\u00e9line Mathieu\u00a0<\/strong>(Amb\u00e9rieu Marathon), 30\u00e8me femme (8\u00e8me V1, 148\u00e8me au scratch)<strong>\u00a0<\/strong>en 2h46\u201910.<br \/>\nClich\u00e9 de <strong>Claude Duchene<\/strong>.<br \/>\n<img data-recalc-dims=\"1\" loading=\"lazy\" decoding=\"async\" class=\"size-full wp-image-7788 aligncenter\" src=\"https:\/\/i0.wp.com\/www.courzyvite.run\/blog\/wp-content\/uploads\/2017\/05\/DSC_0151.jpg?resize=860%2C571\" alt=\"\" width=\"860\" height=\"571\" srcset=\"https:\/\/i0.wp.com\/www.courzyvite.run\/blog\/wp-content\/uploads\/2017\/05\/DSC_0151.jpg?w=961&amp;ssl=1 961w, https:\/\/i0.wp.com\/www.courzyvite.run\/blog\/wp-content\/uploads\/2017\/05\/DSC_0151.jpg?resize=420%2C279&amp;ssl=1 420w, https:\/\/i0.wp.com\/www.courzyvite.run\/blog\/wp-content\/uploads\/2017\/05\/DSC_0151.jpg?resize=768%2C510&amp;ssl=1 768w\" sizes=\"auto, (max-width: 860px) 100vw, 860px\" \/>3\u00e8me \u00e9dition du Trail de la Michaille, 26 mars 2017.<br \/>\n22km.<br \/>\nA 300m de l\u2019arriv\u00e9e.<br \/>\n&#8211; Dossard 1 : le Marocain<strong> El Yazid El Madi\u00a0<\/strong>(Team Technicien du Sport Seynod et Club Athl\u00e9tique du Bassin Bellegardien), vainqueur (1er V1) en 1h30\u201934.<br \/>\n&#8211; Au deuxi\u00e8me plan avec un gillet jaune : <strong>Jacques Soulier<\/strong>, tr\u00e9sorier de Run Valserine, qui officie ici comme signaleur.<br \/>\nClich\u00e9 de <b>Jean-Claude Delachenal<\/b>.<br \/>\n<img data-recalc-dims=\"1\" loading=\"lazy\" decoding=\"async\" class=\"size-full wp-image-7789 aligncenter\" src=\"https:\/\/i0.wp.com\/www.courzyvite.run\/blog\/wp-content\/uploads\/2017\/05\/DSC_0154.jpg?resize=860%2C570\" alt=\"\" width=\"860\" height=\"570\" srcset=\"https:\/\/i0.wp.com\/www.courzyvite.run\/blog\/wp-content\/uploads\/2017\/05\/DSC_0154.jpg?w=888&amp;ssl=1 888w, https:\/\/i0.wp.com\/www.courzyvite.run\/blog\/wp-content\/uploads\/2017\/05\/DSC_0154.jpg?resize=420%2C279&amp;ssl=1 420w, https:\/\/i0.wp.com\/www.courzyvite.run\/blog\/wp-content\/uploads\/2017\/05\/DSC_0154.jpg?resize=768%2C509&amp;ssl=1 768w\" sizes=\"auto, (max-width: 860px) 100vw, 860px\" \/>3\u00e8me \u00e9dition du Trail de la Michaille, 26 mars 2017.<br \/>\n22km.<br \/>\nA 300m de l\u2019arriv\u00e9e.<br \/>\n<strong>Yanis Lecompte <\/strong>(Coureurs du Monde en Is\u00e8re), 2\u00e8me (1er senior) en 1h30\u201950.<br \/>\nClich\u00e9 de <b>Jean-Claude Delachenal<\/b>.<br \/>\n<img data-recalc-dims=\"1\" loading=\"lazy\" decoding=\"async\" class=\"size-full wp-image-7790 aligncenter\" src=\"https:\/\/i0.wp.com\/www.courzyvite.run\/blog\/wp-content\/uploads\/2017\/05\/DSC_0158.jpg?resize=860%2C570\" alt=\"\" width=\"860\" height=\"570\" srcset=\"https:\/\/i0.wp.com\/www.courzyvite.run\/blog\/wp-content\/uploads\/2017\/05\/DSC_0158.jpg?w=888&amp;ssl=1 888w, https:\/\/i0.wp.com\/www.courzyvite.run\/blog\/wp-content\/uploads\/2017\/05\/DSC_0158.jpg?resize=420%2C279&amp;ssl=1 420w, https:\/\/i0.wp.com\/www.courzyvite.run\/blog\/wp-content\/uploads\/2017\/05\/DSC_0158.jpg?resize=768%2C509&amp;ssl=1 768w\" sizes=\"auto, (max-width: 860px) 100vw, 860px\" \/>3\u00e8me \u00e9dition du Trail de la Michaille, 26 mars 2017.<br \/>\n22km.<br \/>\nA 300m de l\u2019arriv\u00e9e.<br \/>\nLe Suisse\u00a0<strong>Simon Senn\u00a0<\/strong>(Petit-Lancy), 3\u00e8me (2\u00e8me senior) en 1h33\u201949.<br \/>\nClich\u00e9 de <b>Jean-Claude Delachenal<\/b>.<br \/>\n<img data-recalc-dims=\"1\" loading=\"lazy\" decoding=\"async\" class=\"size-full wp-image-7791 aligncenter\" src=\"https:\/\/i0.wp.com\/www.courzyvite.run\/blog\/wp-content\/uploads\/2017\/05\/DSC_0161.jpg?resize=860%2C570\" alt=\"\" width=\"860\" height=\"570\" srcset=\"https:\/\/i0.wp.com\/www.courzyvite.run\/blog\/wp-content\/uploads\/2017\/05\/DSC_0161.jpg?w=888&amp;ssl=1 888w, https:\/\/i0.wp.com\/www.courzyvite.run\/blog\/wp-content\/uploads\/2017\/05\/DSC_0161.jpg?resize=420%2C279&amp;ssl=1 420w, https:\/\/i0.wp.com\/www.courzyvite.run\/blog\/wp-content\/uploads\/2017\/05\/DSC_0161.jpg?resize=768%2C509&amp;ssl=1 768w\" sizes=\"auto, (max-width: 860px) 100vw, 860px\" \/>3\u00e8me \u00e9dition du Trail de la Michaille, 26 mars 2017.<br \/>\n22km.<br \/>\nA 300m de l\u2019arriv\u00e9e.<br \/>\n<strong>Fr\u00e9d\u00e9ric Th\u00e9risod\u00a0<\/strong>(Bozel), 5\u00e8me (1er V2) en 1h34\u201911.<br \/>\nClich\u00e9 de <b>Jean-Claude Delachenal<\/b>.<br \/>\n<img data-recalc-dims=\"1\" loading=\"lazy\" decoding=\"async\" class=\"size-full wp-image-7796 aligncenter\" src=\"https:\/\/i0.wp.com\/www.courzyvite.run\/blog\/wp-content\/uploads\/2017\/05\/DSC_0165.jpg?resize=860%2C570\" alt=\"\" width=\"860\" height=\"570\" srcset=\"https:\/\/i0.wp.com\/www.courzyvite.run\/blog\/wp-content\/uploads\/2017\/05\/DSC_0165.jpg?w=888&amp;ssl=1 888w, https:\/\/i0.wp.com\/www.courzyvite.run\/blog\/wp-content\/uploads\/2017\/05\/DSC_0165.jpg?resize=420%2C279&amp;ssl=1 420w, https:\/\/i0.wp.com\/www.courzyvite.run\/blog\/wp-content\/uploads\/2017\/05\/DSC_0165.jpg?resize=768%2C509&amp;ssl=1 768w\" sizes=\"auto, (max-width: 860px) 100vw, 860px\" \/>3\u00e8me \u00e9dition du Trail de la Michaille, 26 mars 2017.<br \/>\n22km.<br \/>\nA 300m de l\u2019arriv\u00e9e.<br \/>\n<strong>Herv\u00e9 Balanche<\/strong> (Ch\u00e2tillon-en-Michaille), 6\u00e8me (4\u00e8me senior) en 1h38\u201909.<br \/>\nClich\u00e9 de <b>Jean-Claude Delachenal<\/b>.<br \/>\n<img data-recalc-dims=\"1\" loading=\"lazy\" decoding=\"async\" class=\"size-full wp-image-7797 aligncenter\" src=\"https:\/\/i0.wp.com\/www.courzyvite.run\/blog\/wp-content\/uploads\/2017\/05\/DSC_0167.jpg?resize=860%2C570\" alt=\"\" width=\"860\" height=\"570\" srcset=\"https:\/\/i0.wp.com\/www.courzyvite.run\/blog\/wp-content\/uploads\/2017\/05\/DSC_0167.jpg?w=888&amp;ssl=1 888w, https:\/\/i0.wp.com\/www.courzyvite.run\/blog\/wp-content\/uploads\/2017\/05\/DSC_0167.jpg?resize=420%2C279&amp;ssl=1 420w, https:\/\/i0.wp.com\/www.courzyvite.run\/blog\/wp-content\/uploads\/2017\/05\/DSC_0167.jpg?resize=768%2C509&amp;ssl=1 768w\" sizes=\"auto, (max-width: 860px) 100vw, 860px\" \/>3\u00e8me \u00e9dition du Trail de la Michaille, 26 mars 2017.<br \/>\n22km.<br \/>\nA 300m de l\u2019arriv\u00e9e.<br \/>\n<strong>Romain Wyndaele\u00a0<\/strong>(Team Ravanel and Co et Entente Athl\u00e9tique de Chamb\u00e9ry), 7\u00e8me (5\u00e8me senior) en 1h38\u201950.<br \/>\nClich\u00e9 de <b>Jean-Claude Delachenal<\/b>.<br \/>\n<img data-recalc-dims=\"1\" loading=\"lazy\" decoding=\"async\" class=\"size-full wp-image-7798 aligncenter\" src=\"https:\/\/i0.wp.com\/www.courzyvite.run\/blog\/wp-content\/uploads\/2017\/05\/DSC_0174.jpg?resize=860%2C570\" alt=\"\" width=\"860\" height=\"570\" srcset=\"https:\/\/i0.wp.com\/www.courzyvite.run\/blog\/wp-content\/uploads\/2017\/05\/DSC_0174.jpg?w=888&amp;ssl=1 888w, https:\/\/i0.wp.com\/www.courzyvite.run\/blog\/wp-content\/uploads\/2017\/05\/DSC_0174.jpg?resize=420%2C279&amp;ssl=1 420w, https:\/\/i0.wp.com\/www.courzyvite.run\/blog\/wp-content\/uploads\/2017\/05\/DSC_0174.jpg?resize=768%2C509&amp;ssl=1 768w\" sizes=\"auto, (max-width: 860px) 100vw, 860px\" \/>3\u00e8me \u00e9dition du Trail de la Michaille, 26 mars 2017.<br \/>\n22km.<br \/>\nA 300m de l\u2019arriv\u00e9e.<br \/>\n<strong>David Martin\u00a0<\/strong>(entra\u00eeneur de la section Hors Stade du Sallanches Passy Athl\u00e9tic Club),\u00a08\u00e8me (2\u00e8me V1) en 1h40\u201901.<br \/>\nClich\u00e9 de <b>Jean-Claude Delachenal<\/b>.<br \/>\n<img data-recalc-dims=\"1\" loading=\"lazy\" decoding=\"async\" class=\"size-full wp-image-7799 aligncenter\" src=\"https:\/\/i0.wp.com\/www.courzyvite.run\/blog\/wp-content\/uploads\/2017\/05\/DSC_0189.jpg?resize=860%2C570\" alt=\"\" width=\"860\" height=\"570\" srcset=\"https:\/\/i0.wp.com\/www.courzyvite.run\/blog\/wp-content\/uploads\/2017\/05\/DSC_0189.jpg?w=888&amp;ssl=1 888w, https:\/\/i0.wp.com\/www.courzyvite.run\/blog\/wp-content\/uploads\/2017\/05\/DSC_0189.jpg?resize=420%2C279&amp;ssl=1 420w, https:\/\/i0.wp.com\/www.courzyvite.run\/blog\/wp-content\/uploads\/2017\/05\/DSC_0189.jpg?resize=768%2C509&amp;ssl=1 768w\" sizes=\"auto, (max-width: 860px) 100vw, 860px\" \/>3\u00e8me \u00e9dition du Trail de la Michaille, 26 mars 2017.<br \/>\n22km.<br \/>\nA 300m de l\u2019arriv\u00e9e.<br \/>\n<strong>Romain Bouchard<\/strong> (Saint-Maurice-de-R\u00e9mens), 13\u00e8me (9\u00e8me senior) en 1h43\u201947.<br \/>\nClich\u00e9 de <b>Jean-Claude Delachenal<\/b>.<br \/>\n<img data-recalc-dims=\"1\" loading=\"lazy\" decoding=\"async\" class=\"size-full wp-image-7800 aligncenter\" src=\"https:\/\/i0.wp.com\/www.courzyvite.run\/blog\/wp-content\/uploads\/2017\/05\/DSC_0195.jpg?resize=860%2C570\" alt=\"\" width=\"860\" height=\"570\" srcset=\"https:\/\/i0.wp.com\/www.courzyvite.run\/blog\/wp-content\/uploads\/2017\/05\/DSC_0195.jpg?w=888&amp;ssl=1 888w, https:\/\/i0.wp.com\/www.courzyvite.run\/blog\/wp-content\/uploads\/2017\/05\/DSC_0195.jpg?resize=420%2C279&amp;ssl=1 420w, https:\/\/i0.wp.com\/www.courzyvite.run\/blog\/wp-content\/uploads\/2017\/05\/DSC_0195.jpg?resize=768%2C509&amp;ssl=1 768w\" sizes=\"auto, (max-width: 860px) 100vw, 860px\" \/>3\u00e8me \u00e9dition du Trail de la Michaille, 26 mars 2017.<br \/>\n22km.<br \/>\nA 300m de l\u2019arriv\u00e9e.<br \/>\n<strong>Baptiste Choutkoff<\/strong> (Team Sport L\u00e9o le Lysosome), 17\u00e8me (5\u00e8me V1) en 1h44\u201938.<br \/>\nClich\u00e9 de <b>Jean-Claude Delachenal<\/b>.<\/p>\n<p><img data-recalc-dims=\"1\" loading=\"lazy\" decoding=\"async\" class=\"alignnone size-full wp-image-7803\" src=\"https:\/\/i0.wp.com\/www.courzyvite.run\/blog\/wp-content\/uploads\/2017\/05\/DSC_0219.jpg?resize=860%2C570\" alt=\"\" width=\"860\" height=\"570\" srcset=\"https:\/\/i0.wp.com\/www.courzyvite.run\/blog\/wp-content\/uploads\/2017\/05\/DSC_0219.jpg?w=888&amp;ssl=1 888w, https:\/\/i0.wp.com\/www.courzyvite.run\/blog\/wp-content\/uploads\/2017\/05\/DSC_0219.jpg?resize=420%2C279&amp;ssl=1 420w, https:\/\/i0.wp.com\/www.courzyvite.run\/blog\/wp-content\/uploads\/2017\/05\/DSC_0219.jpg?resize=768%2C509&amp;ssl=1 768w\" sizes=\"auto, (max-width: 860px) 100vw, 860px\" \/><br \/>\n3\u00e8me \u00e9dition du Trail de la Michaille, 26 mars 2017.<br \/>\n22km.<br \/>\nA 300m de l\u2019arriv\u00e9e.<br \/>\n<strong>C\u00e9dric Delachenal\u00a0<\/strong>(Club Athl\u00e9tique du Bassin Bellegardien), fils de notre photographe <strong>Jean-Claude<\/strong>, 23\u00e8me (15\u00e8me senior) en 1h51\u201930.<br \/>\nClich\u00e9 de <b>Jean-Claude Delachenal<\/b>.<br \/>\n<img data-recalc-dims=\"1\" loading=\"lazy\" decoding=\"async\" class=\"size-full wp-image-7804 aligncenter\" src=\"https:\/\/i0.wp.com\/www.courzyvite.run\/blog\/wp-content\/uploads\/2017\/05\/DSC_0224.jpg?resize=860%2C570\" alt=\"\" width=\"860\" height=\"570\" srcset=\"https:\/\/i0.wp.com\/www.courzyvite.run\/blog\/wp-content\/uploads\/2017\/05\/DSC_0224.jpg?w=888&amp;ssl=1 888w, https:\/\/i0.wp.com\/www.courzyvite.run\/blog\/wp-content\/uploads\/2017\/05\/DSC_0224.jpg?resize=420%2C279&amp;ssl=1 420w, https:\/\/i0.wp.com\/www.courzyvite.run\/blog\/wp-content\/uploads\/2017\/05\/DSC_0224.jpg?resize=768%2C509&amp;ssl=1 768w\" sizes=\"auto, (max-width: 860px) 100vw, 860px\" \/>3\u00e8me \u00e9dition du Trail de la Michaille, 26 mars 2017.<br \/>\n22km.<br \/>\nA 300m de l\u2019arriv\u00e9e.<br \/>\n<strong>Fabien Rioche <\/strong>(Cressin-Rochefort), 25\u00e8me (16\u00e8me senior) en 1h52\u201952.<br \/>\nClich\u00e9 de <b>Jean-Claude Delachenal<\/b>.<br \/>\n<img data-recalc-dims=\"1\" loading=\"lazy\" decoding=\"async\" class=\"size-full wp-image-7805 aligncenter\" src=\"https:\/\/i0.wp.com\/www.courzyvite.run\/blog\/wp-content\/uploads\/2017\/05\/DSC_0226.jpg?resize=860%2C570\" alt=\"\" width=\"860\" height=\"570\" srcset=\"https:\/\/i0.wp.com\/www.courzyvite.run\/blog\/wp-content\/uploads\/2017\/05\/DSC_0226.jpg?w=888&amp;ssl=1 888w, https:\/\/i0.wp.com\/www.courzyvite.run\/blog\/wp-content\/uploads\/2017\/05\/DSC_0226.jpg?resize=420%2C279&amp;ssl=1 420w, https:\/\/i0.wp.com\/www.courzyvite.run\/blog\/wp-content\/uploads\/2017\/05\/DSC_0226.jpg?resize=768%2C509&amp;ssl=1 768w\" sizes=\"auto, (max-width: 860px) 100vw, 860px\" \/>3\u00e8me \u00e9dition du Trail de la Michaille, 26 mars 2017.<br \/>\n22km.<br \/>\nA 300m de l\u2019arriv\u00e9e.<br \/>\nLe Portugais<strong> Francisco Soares <\/strong>(Villes), 26\u00e8me (9\u00e8me V1) en 1h53\u201924.<br \/>\nClich\u00e9 de <b>Jean-Claude Delachenal<\/b>.<br \/>\n<img data-recalc-dims=\"1\" loading=\"lazy\" decoding=\"async\" class=\"size-full wp-image-7806 aligncenter\" src=\"https:\/\/i0.wp.com\/www.courzyvite.run\/blog\/wp-content\/uploads\/2017\/05\/DSC_0229.jpg?resize=860%2C570\" alt=\"\" width=\"860\" height=\"570\" srcset=\"https:\/\/i0.wp.com\/www.courzyvite.run\/blog\/wp-content\/uploads\/2017\/05\/DSC_0229.jpg?w=888&amp;ssl=1 888w, https:\/\/i0.wp.com\/www.courzyvite.run\/blog\/wp-content\/uploads\/2017\/05\/DSC_0229.jpg?resize=420%2C279&amp;ssl=1 420w, https:\/\/i0.wp.com\/www.courzyvite.run\/blog\/wp-content\/uploads\/2017\/05\/DSC_0229.jpg?resize=768%2C509&amp;ssl=1 768w\" sizes=\"auto, (max-width: 860px) 100vw, 860px\" \/>3\u00e8me \u00e9dition du Trail de la Michaille, 26 mars 2017.<br \/>\n22km.<br \/>\nA 300m de l\u2019arriv\u00e9e.<br \/>\n<strong>Damien Guichard\u00a0<\/strong>(Club Alpin de Bourg-en-Bresse), 28\u00e8me (17\u00e8me senior) en 1h54\u201938.<br \/>\nClich\u00e9 de <b>Jean-Claude Delachenal<\/b>.<br \/>\n<img data-recalc-dims=\"1\" loading=\"lazy\" decoding=\"async\" class=\"size-full wp-image-7807 aligncenter\" src=\"https:\/\/i0.wp.com\/www.courzyvite.run\/blog\/wp-content\/uploads\/2017\/05\/DSC_0231.jpg?resize=860%2C570\" alt=\"\" width=\"860\" height=\"570\" srcset=\"https:\/\/i0.wp.com\/www.courzyvite.run\/blog\/wp-content\/uploads\/2017\/05\/DSC_0231.jpg?w=888&amp;ssl=1 888w, https:\/\/i0.wp.com\/www.courzyvite.run\/blog\/wp-content\/uploads\/2017\/05\/DSC_0231.jpg?resize=420%2C279&amp;ssl=1 420w, https:\/\/i0.wp.com\/www.courzyvite.run\/blog\/wp-content\/uploads\/2017\/05\/DSC_0231.jpg?resize=768%2C509&amp;ssl=1 768w\" sizes=\"auto, (max-width: 860px) 100vw, 860px\" \/>3\u00e8me \u00e9dition du Trail de la Michaille, 26 mars 2017.<br \/>\n22km.<br \/>\nA 300m de l\u2019arriv\u00e9e.<br \/>\n<strong>Christophe Burtin\u00a0<\/strong>(Courir Nature Saint-Jean-de-Niost), 30\u00e8me (12\u00e8me V1) en 1h54\u201944.<br \/>\nClich\u00e9 de <b>Jean-Claude Delachenal<\/b>.<br \/>\n<img data-recalc-dims=\"1\" loading=\"lazy\" decoding=\"async\" class=\"size-full wp-image-7808 aligncenter\" src=\"https:\/\/i0.wp.com\/www.courzyvite.run\/blog\/wp-content\/uploads\/2017\/05\/DSC_0232.jpg?resize=860%2C570\" alt=\"\" width=\"860\" height=\"570\" srcset=\"https:\/\/i0.wp.com\/www.courzyvite.run\/blog\/wp-content\/uploads\/2017\/05\/DSC_0232.jpg?w=888&amp;ssl=1 888w, https:\/\/i0.wp.com\/www.courzyvite.run\/blog\/wp-content\/uploads\/2017\/05\/DSC_0232.jpg?resize=420%2C279&amp;ssl=1 420w, https:\/\/i0.wp.com\/www.courzyvite.run\/blog\/wp-content\/uploads\/2017\/05\/DSC_0232.jpg?resize=768%2C509&amp;ssl=1 768w\" sizes=\"auto, (max-width: 860px) 100vw, 860px\" \/>3\u00e8me \u00e9dition du Trail de la Michaille, 26 mars 2017.<br \/>\n22km.<br \/>\nA 300m de l\u2019arriv\u00e9e.<br \/>\n<strong>Nicolas Pomi\u00a0<\/strong>(Attignat), 31\u00e8me (13\u00e8me V1) en 1h54\u201948.<br \/>\nClich\u00e9 de <b>Jean-Claude Delachenal<\/b>.<br \/>\n<img data-recalc-dims=\"1\" loading=\"lazy\" decoding=\"async\" class=\"size-full wp-image-7811 aligncenter\" src=\"https:\/\/i0.wp.com\/www.courzyvite.run\/blog\/wp-content\/uploads\/2017\/05\/DSC_0233.jpg?resize=860%2C571\" alt=\"\" width=\"860\" height=\"571\" srcset=\"https:\/\/i0.wp.com\/www.courzyvite.run\/blog\/wp-content\/uploads\/2017\/05\/DSC_0233.jpg?w=961&amp;ssl=1 961w, https:\/\/i0.wp.com\/www.courzyvite.run\/blog\/wp-content\/uploads\/2017\/05\/DSC_0233.jpg?resize=420%2C279&amp;ssl=1 420w, https:\/\/i0.wp.com\/www.courzyvite.run\/blog\/wp-content\/uploads\/2017\/05\/DSC_0233.jpg?resize=768%2C510&amp;ssl=1 768w\" sizes=\"auto, (max-width: 860px) 100vw, 860px\" \/>3\u00e8me \u00e9dition du Trail de la Michaille, 26 mars 2017.<br \/>\n22km.<br \/>\nA 300m de l\u2019arriv\u00e9e.<br \/>\n\u2013 Dossard 72 : <strong>Emmanuel Penpenic<\/strong> (Belley), 33\u00e8me (19\u00e8me senior) en 1h56\u201917.<br \/>\n\u2013 Dossard 47 : <b>Thomas Bolognesi<\/b> (Sal\u00e8ve Trail), 32\u00e8me (18\u00e8me senior) en 1h56\u201910.<br \/>\nClich\u00e9 de <b>Jean-Claude Delachenal<\/b>.<br \/>\n<img data-recalc-dims=\"1\" loading=\"lazy\" decoding=\"async\" class=\"size-full wp-image-7809 aligncenter\" src=\"https:\/\/i0.wp.com\/www.courzyvite.run\/blog\/wp-content\/uploads\/2017\/05\/DSC_0235.jpg?resize=860%2C570\" alt=\"\" width=\"860\" height=\"570\" srcset=\"https:\/\/i0.wp.com\/www.courzyvite.run\/blog\/wp-content\/uploads\/2017\/05\/DSC_0235.jpg?w=888&amp;ssl=1 888w, https:\/\/i0.wp.com\/www.courzyvite.run\/blog\/wp-content\/uploads\/2017\/05\/DSC_0235.jpg?resize=420%2C279&amp;ssl=1 420w, https:\/\/i0.wp.com\/www.courzyvite.run\/blog\/wp-content\/uploads\/2017\/05\/DSC_0235.jpg?resize=768%2C509&amp;ssl=1 768w\" sizes=\"auto, (max-width: 860px) 100vw, 860px\" \/>3\u00e8me \u00e9dition du Trail de la Michaille, 26 mars 2017.<br \/>\n22km.<br \/>\nA 300m de l\u2019arriv\u00e9e.<br \/>\n<strong>Fabrice Renoud\u00a0<\/strong>(Curtafond), 34\u00e8me (14\u00e8me V1) en 1h56\u201946.<br \/>\nClich\u00e9 de <b>Jean-Claude Delachenal<\/b>.<br \/>\n<img data-recalc-dims=\"1\" loading=\"lazy\" decoding=\"async\" class=\"size-full wp-image-7810 aligncenter\" src=\"https:\/\/i0.wp.com\/www.courzyvite.run\/blog\/wp-content\/uploads\/2017\/05\/DSC_0236.jpg?resize=860%2C570\" alt=\"\" width=\"860\" height=\"570\" srcset=\"https:\/\/i0.wp.com\/www.courzyvite.run\/blog\/wp-content\/uploads\/2017\/05\/DSC_0236.jpg?w=888&amp;ssl=1 888w, https:\/\/i0.wp.com\/www.courzyvite.run\/blog\/wp-content\/uploads\/2017\/05\/DSC_0236.jpg?resize=420%2C279&amp;ssl=1 420w, https:\/\/i0.wp.com\/www.courzyvite.run\/blog\/wp-content\/uploads\/2017\/05\/DSC_0236.jpg?resize=768%2C509&amp;ssl=1 768w\" sizes=\"auto, (max-width: 860px) 100vw, 860px\" \/>3\u00e8me \u00e9dition du Trail de la Michaille, 26 mars 2017.<br \/>\n22km.<br \/>\nA 300m de l\u2019arriv\u00e9e.<br \/>\n<strong>C\u00e9dric Pouthze\u00a0<\/strong>(Annecy), 35\u00e8me (15\u00e8me V1) en 1h56\u201954.<br \/>\nClich\u00e9 de <b>Jean-Claude Delachenal<\/b>.<br \/>\n<img data-recalc-dims=\"1\" loading=\"lazy\" decoding=\"async\" class=\"size-full wp-image-7812 aligncenter\" src=\"https:\/\/i0.wp.com\/www.courzyvite.run\/blog\/wp-content\/uploads\/2017\/05\/DSC_0237.jpg?resize=860%2C570\" alt=\"\" width=\"860\" height=\"570\" srcset=\"https:\/\/i0.wp.com\/www.courzyvite.run\/blog\/wp-content\/uploads\/2017\/05\/DSC_0237.jpg?w=888&amp;ssl=1 888w, https:\/\/i0.wp.com\/www.courzyvite.run\/blog\/wp-content\/uploads\/2017\/05\/DSC_0237.jpg?resize=420%2C279&amp;ssl=1 420w, https:\/\/i0.wp.com\/www.courzyvite.run\/blog\/wp-content\/uploads\/2017\/05\/DSC_0237.jpg?resize=768%2C509&amp;ssl=1 768w\" sizes=\"auto, (max-width: 860px) 100vw, 860px\" \/>3\u00e8me \u00e9dition du Trail de la Michaille, 26 mars 2017.<br \/>\n22km.<br \/>\nA 300m de l\u2019arriv\u00e9e.<br \/>\n<strong>Ludovic Grandcl\u00e9ment\u00a0<\/strong>(Haut-Jura VO3 Max Triathlon), 36\u00e8me (16\u00e8me V1) en 1h57\u201901.<br \/>\nClich\u00e9 de <b>Jean-Claude Delachenal<\/b>.<br \/>\n<img data-recalc-dims=\"1\" loading=\"lazy\" decoding=\"async\" class=\"size-full wp-image-7813 aligncenter\" src=\"https:\/\/i0.wp.com\/www.courzyvite.run\/blog\/wp-content\/uploads\/2017\/05\/DSC_0239.jpg?resize=860%2C571\" alt=\"\" width=\"860\" height=\"571\" srcset=\"https:\/\/i0.wp.com\/www.courzyvite.run\/blog\/wp-content\/uploads\/2017\/05\/DSC_0239.jpg?w=961&amp;ssl=1 961w, https:\/\/i0.wp.com\/www.courzyvite.run\/blog\/wp-content\/uploads\/2017\/05\/DSC_0239.jpg?resize=420%2C279&amp;ssl=1 420w, https:\/\/i0.wp.com\/www.courzyvite.run\/blog\/wp-content\/uploads\/2017\/05\/DSC_0239.jpg?resize=768%2C510&amp;ssl=1 768w\" sizes=\"auto, (max-width: 860px) 100vw, 860px\" \/>3\u00e8me \u00e9dition du Trail de la Michaille, 26 mars 2017.<br \/>\n22km.<br \/>\nA 300m de l\u2019arriv\u00e9e.<br \/>\n<strong>Fr\u00e9d\u00e9ric Mandra\u00a0<\/strong>(Sport Nat 01), 38\u00e8me (17\u00e8me V1) en 1h57\u201939.<br \/>\nClich\u00e9 de <b>Jean-Claude Delachenal<\/b>.<br \/>\n<img data-recalc-dims=\"1\" loading=\"lazy\" decoding=\"async\" class=\"size-full wp-image-7814 aligncenter\" src=\"https:\/\/i0.wp.com\/www.courzyvite.run\/blog\/wp-content\/uploads\/2017\/05\/DSC_0240.jpg?resize=860%2C571\" alt=\"\" width=\"860\" height=\"571\" srcset=\"https:\/\/i0.wp.com\/www.courzyvite.run\/blog\/wp-content\/uploads\/2017\/05\/DSC_0240.jpg?w=961&amp;ssl=1 961w, https:\/\/i0.wp.com\/www.courzyvite.run\/blog\/wp-content\/uploads\/2017\/05\/DSC_0240.jpg?resize=420%2C279&amp;ssl=1 420w, https:\/\/i0.wp.com\/www.courzyvite.run\/blog\/wp-content\/uploads\/2017\/05\/DSC_0240.jpg?resize=768%2C510&amp;ssl=1 768w\" sizes=\"auto, (max-width: 860px) 100vw, 860px\" \/>3\u00e8me \u00e9dition du Trail de la Michaille, 26 mars 2017.<br \/>\n22km.<br \/>\nA 300m de l\u2019arriv\u00e9e.<br \/>\nLe Suisse<strong> Louis Benoiston <\/strong>(Pr\u00e9verenges), 36\u00e8me (16\u00e8me V1) en 1h57\u201901.<br \/>\nClich\u00e9 de <b>Jean-Claude Delachenal<\/b>.<br \/>\n<img data-recalc-dims=\"1\" loading=\"lazy\" decoding=\"async\" class=\"size-full wp-image-7815 aligncenter\" src=\"https:\/\/i0.wp.com\/www.courzyvite.run\/blog\/wp-content\/uploads\/2017\/05\/DSC_0242.jpg?resize=860%2C570\" alt=\"\" width=\"860\" height=\"570\" srcset=\"https:\/\/i0.wp.com\/www.courzyvite.run\/blog\/wp-content\/uploads\/2017\/05\/DSC_0242.jpg?w=888&amp;ssl=1 888w, https:\/\/i0.wp.com\/www.courzyvite.run\/blog\/wp-content\/uploads\/2017\/05\/DSC_0242.jpg?resize=420%2C279&amp;ssl=1 420w, https:\/\/i0.wp.com\/www.courzyvite.run\/blog\/wp-content\/uploads\/2017\/05\/DSC_0242.jpg?resize=768%2C509&amp;ssl=1 768w\" sizes=\"auto, (max-width: 860px) 100vw, 860px\" \/>3\u00e8me \u00e9dition du Trail de la Michaille, 26 mars 2017.<br \/>\n22km.<br \/>\nA 300m de l\u2019arriv\u00e9e.<br \/>\n<strong>Etienne Laporte\u00a0<\/strong>(Athl\u00e9tisme Chatillonnais, section de l\u2019Entente Athl\u00e9tique Bressane), 40\u00e8me (18\u00e8me V1) en 1h58\u201918.<br \/>\nClich\u00e9 de <b>Jean-Claude Delachenal<\/b>.<br \/>\n<img data-recalc-dims=\"1\" loading=\"lazy\" decoding=\"async\" class=\"size-full wp-image-7816 aligncenter\" src=\"https:\/\/i0.wp.com\/www.courzyvite.run\/blog\/wp-content\/uploads\/2017\/05\/DSC_0243.jpg?resize=860%2C570\" alt=\"\" width=\"860\" height=\"570\" srcset=\"https:\/\/i0.wp.com\/www.courzyvite.run\/blog\/wp-content\/uploads\/2017\/05\/DSC_0243.jpg?w=888&amp;ssl=1 888w, https:\/\/i0.wp.com\/www.courzyvite.run\/blog\/wp-content\/uploads\/2017\/05\/DSC_0243.jpg?resize=420%2C279&amp;ssl=1 420w, https:\/\/i0.wp.com\/www.courzyvite.run\/blog\/wp-content\/uploads\/2017\/05\/DSC_0243.jpg?resize=768%2C509&amp;ssl=1 768w\" sizes=\"auto, (max-width: 860px) 100vw, 860px\" \/>3\u00e8me \u00e9dition du Trail de la Michaille, 26 mars 2017.<br \/>\n22km.<br \/>\nA 300m de l\u2019arriv\u00e9e.<br \/>\n<strong>Didier Pirling<\/strong>\u00a0(Club Rh\u00f4ne-Alpin de Potes Atteints du Syndrome du Trail), 41\u00e8me (22\u00e8me senior) en 1h58\u201937.<br \/>\nClich\u00e9 de <b>Jean-Claude Delachenal<\/b>.<br \/>\n<img data-recalc-dims=\"1\" loading=\"lazy\" decoding=\"async\" class=\"size-full wp-image-7817 aligncenter\" src=\"https:\/\/i0.wp.com\/www.courzyvite.run\/blog\/wp-content\/uploads\/2017\/05\/DSC_0244.jpg?resize=860%2C571\" alt=\"\" width=\"860\" height=\"571\" srcset=\"https:\/\/i0.wp.com\/www.courzyvite.run\/blog\/wp-content\/uploads\/2017\/05\/DSC_0244.jpg?w=961&amp;ssl=1 961w, https:\/\/i0.wp.com\/www.courzyvite.run\/blog\/wp-content\/uploads\/2017\/05\/DSC_0244.jpg?resize=420%2C279&amp;ssl=1 420w, https:\/\/i0.wp.com\/www.courzyvite.run\/blog\/wp-content\/uploads\/2017\/05\/DSC_0244.jpg?resize=768%2C510&amp;ssl=1 768w\" sizes=\"auto, (max-width: 860px) 100vw, 860px\" \/>3\u00e8me \u00e9dition du Trail de la Michaille, 26 mars 2017.<br \/>\n22km.<br \/>\nA 300m de l\u2019arriv\u00e9e.<br \/>\n<b>Jonathan Ferfer<\/b> (Courir Nature Saint-Jean-de-Niost), 42\u00e8me (23\u00e8me senior) en 1h58\u201942.<br \/>\nClich\u00e9 de <b>Jean-Claude Delachenal<\/b>.<br \/>\n<img data-recalc-dims=\"1\" loading=\"lazy\" decoding=\"async\" class=\"size-full wp-image-7828 aligncenter\" src=\"https:\/\/i0.wp.com\/www.courzyvite.run\/blog\/wp-content\/uploads\/2017\/05\/DSC_0245.jpg?resize=860%2C570\" alt=\"\" width=\"860\" height=\"570\" srcset=\"https:\/\/i0.wp.com\/www.courzyvite.run\/blog\/wp-content\/uploads\/2017\/05\/DSC_0245.jpg?w=888&amp;ssl=1 888w, https:\/\/i0.wp.com\/www.courzyvite.run\/blog\/wp-content\/uploads\/2017\/05\/DSC_0245.jpg?resize=420%2C279&amp;ssl=1 420w, https:\/\/i0.wp.com\/www.courzyvite.run\/blog\/wp-content\/uploads\/2017\/05\/DSC_0245.jpg?resize=768%2C509&amp;ssl=1 768w\" sizes=\"auto, (max-width: 860px) 100vw, 860px\" \/>3\u00e8me \u00e9dition du Trail de la Michaille, 26 mars 2017.<br \/>\n22km.<br \/>\nA 300m de l\u2019arriv\u00e9e.<br \/>\n<b>Ga\u00ebtan Errero<\/b> (Ch\u00e2tillon-en-Michaille), 43\u00e8me (19\u00e8me V1) en 1h59\u201924.<br \/>\nClich\u00e9 de <b>Jean-Claude Delachenal<\/b>.<br \/>\n<img data-recalc-dims=\"1\" loading=\"lazy\" decoding=\"async\" class=\"size-full wp-image-7829 aligncenter\" src=\"https:\/\/i0.wp.com\/www.courzyvite.run\/blog\/wp-content\/uploads\/2017\/05\/DSC_0246.jpg?resize=860%2C570\" alt=\"\" width=\"860\" height=\"570\" srcset=\"https:\/\/i0.wp.com\/www.courzyvite.run\/blog\/wp-content\/uploads\/2017\/05\/DSC_0246.jpg?w=888&amp;ssl=1 888w, https:\/\/i0.wp.com\/www.courzyvite.run\/blog\/wp-content\/uploads\/2017\/05\/DSC_0246.jpg?resize=420%2C279&amp;ssl=1 420w, https:\/\/i0.wp.com\/www.courzyvite.run\/blog\/wp-content\/uploads\/2017\/05\/DSC_0246.jpg?resize=768%2C509&amp;ssl=1 768w\" sizes=\"auto, (max-width: 860px) 100vw, 860px\" \/>3\u00e8me \u00e9dition du Trail de la Michaille, 26 mars 2017.<br \/>\n22km.<br \/>\nA 300m de l\u2019arriv\u00e9e.<br \/>\n<b>Jos\u00e9-Manuel Martinez<\/b> (Culoz), 44\u00e8me (20\u00e8me V1) en 1h59\u201933.<br \/>\nClich\u00e9 de <b>Jean-Claude Delachenal<\/b>.<br \/>\n<img data-recalc-dims=\"1\" loading=\"lazy\" decoding=\"async\" class=\"size-full wp-image-7818 aligncenter\" src=\"https:\/\/i0.wp.com\/www.courzyvite.run\/blog\/wp-content\/uploads\/2017\/05\/DSC_0247.jpg?resize=860%2C570\" alt=\"\" width=\"860\" height=\"570\" srcset=\"https:\/\/i0.wp.com\/www.courzyvite.run\/blog\/wp-content\/uploads\/2017\/05\/DSC_0247.jpg?w=888&amp;ssl=1 888w, https:\/\/i0.wp.com\/www.courzyvite.run\/blog\/wp-content\/uploads\/2017\/05\/DSC_0247.jpg?resize=420%2C279&amp;ssl=1 420w, https:\/\/i0.wp.com\/www.courzyvite.run\/blog\/wp-content\/uploads\/2017\/05\/DSC_0247.jpg?resize=768%2C509&amp;ssl=1 768w\" sizes=\"auto, (max-width: 860px) 100vw, 860px\" \/>3\u00e8me \u00e9dition du Trail de la Michaille, 26 mars 2017.<br \/>\n22km.<br \/>\nA 300m de l\u2019arriv\u00e9e.<br \/>\n\u2013 Au premier plan :\u00a0la Suissesse<strong> Elodie Tercier<\/strong> (Team Running Planet Gen\u00e8ve), laur\u00e9ate (1\u00e8re senior, 46\u00e8me au scratch) en 2h00\u201903.<br \/>\n\u2013 Dossard 157 : <strong>Alexandre Roussero<\/strong> (Chavannes-sur-Suran), 45\u00e8me (24\u00e8me senior) en 2h00\u201901.<br \/>\nClich\u00e9 de <b>Jean-Claude Delachenal<\/b>.<br \/>\n<img data-recalc-dims=\"1\" loading=\"lazy\" decoding=\"async\" class=\"size-full wp-image-7856 aligncenter\" src=\"https:\/\/i0.wp.com\/www.courzyvite.run\/blog\/wp-content\/uploads\/2017\/05\/DSC_0249.jpg?resize=860%2C571\" alt=\"\" width=\"860\" height=\"571\" srcset=\"https:\/\/i0.wp.com\/www.courzyvite.run\/blog\/wp-content\/uploads\/2017\/05\/DSC_0249.jpg?w=1280&amp;ssl=1 1280w, https:\/\/i0.wp.com\/www.courzyvite.run\/blog\/wp-content\/uploads\/2017\/05\/DSC_0249.jpg?resize=420%2C279&amp;ssl=1 420w, https:\/\/i0.wp.com\/www.courzyvite.run\/blog\/wp-content\/uploads\/2017\/05\/DSC_0249.jpg?resize=768%2C510&amp;ssl=1 768w, https:\/\/i0.wp.com\/www.courzyvite.run\/blog\/wp-content\/uploads\/2017\/05\/DSC_0249.jpg?resize=1200%2C797&amp;ssl=1 1200w\" sizes=\"auto, (max-width: 860px) 100vw, 860px\" \/>3\u00e8me \u00e9dition du Trail de la Michaille, 26 mars 2017.<br \/>\n22km.<br \/>\nA 300m de l\u2019arriv\u00e9e.<br \/>\n<strong>Marc Jean<\/strong> (Sallanches Passy Athl\u00e9tic Club), 48\u00e8me (2\u00e8me V2) en 2h00\u201914.<br \/>\nClich\u00e9 de <b>Jean-Claude Delachenal<\/b>.<br \/>\n<img data-recalc-dims=\"1\" loading=\"lazy\" decoding=\"async\" class=\"size-full wp-image-7857 aligncenter\" src=\"https:\/\/i0.wp.com\/www.courzyvite.run\/blog\/wp-content\/uploads\/2017\/05\/DSC_0250.jpg?resize=860%2C571\" alt=\"\" width=\"860\" height=\"571\" srcset=\"https:\/\/i0.wp.com\/www.courzyvite.run\/blog\/wp-content\/uploads\/2017\/05\/DSC_0250.jpg?w=1280&amp;ssl=1 1280w, https:\/\/i0.wp.com\/www.courzyvite.run\/blog\/wp-content\/uploads\/2017\/05\/DSC_0250.jpg?resize=420%2C279&amp;ssl=1 420w, https:\/\/i0.wp.com\/www.courzyvite.run\/blog\/wp-content\/uploads\/2017\/05\/DSC_0250.jpg?resize=768%2C510&amp;ssl=1 768w, https:\/\/i0.wp.com\/www.courzyvite.run\/blog\/wp-content\/uploads\/2017\/05\/DSC_0250.jpg?resize=1200%2C797&amp;ssl=1 1200w\" sizes=\"auto, (max-width: 860px) 100vw, 860px\" \/>3\u00e8me \u00e9dition du Trail de la Michaille, 26 mars 2017.<br \/>\n22km.<br \/>\nA 300m de l\u2019arriv\u00e9e.<br \/>\n<strong>Yann Duault<\/strong> (Sallanches Passy Athl\u00e9tic Club), 49\u00e8me (22\u00e8me V1) en 2h00\u201932.<br \/>\nClich\u00e9 de <b>Jean-Claude Delachenal<\/b>.<br \/>\n<img data-recalc-dims=\"1\" loading=\"lazy\" decoding=\"async\" class=\"size-full wp-image-7858 aligncenter\" src=\"https:\/\/i0.wp.com\/www.courzyvite.run\/blog\/wp-content\/uploads\/2017\/05\/DSC_0254.jpg?resize=860%2C571\" alt=\"\" width=\"860\" height=\"571\" srcset=\"https:\/\/i0.wp.com\/www.courzyvite.run\/blog\/wp-content\/uploads\/2017\/05\/DSC_0254.jpg?w=1280&amp;ssl=1 1280w, https:\/\/i0.wp.com\/www.courzyvite.run\/blog\/wp-content\/uploads\/2017\/05\/DSC_0254.jpg?resize=420%2C279&amp;ssl=1 420w, https:\/\/i0.wp.com\/www.courzyvite.run\/blog\/wp-content\/uploads\/2017\/05\/DSC_0254.jpg?resize=768%2C510&amp;ssl=1 768w, https:\/\/i0.wp.com\/www.courzyvite.run\/blog\/wp-content\/uploads\/2017\/05\/DSC_0254.jpg?resize=1200%2C797&amp;ssl=1 1200w\" sizes=\"auto, (max-width: 860px) 100vw, 860px\" \/>3\u00e8me \u00e9dition du Trail de la Michaille, 26 mars 2017.<br \/>\n22km.<br \/>\nA 300m de l\u2019arriv\u00e9e.<br \/>\nL\u2019Anglais<strong> Gordon Johnston<\/strong> (Divonne Running), 50\u00e8me (3\u00e8me V2) en 2h00\u201951.<br \/>\nClich\u00e9 de <b>Jean-Claude Delachenal<\/b>.<br \/>\n<img data-recalc-dims=\"1\" loading=\"lazy\" decoding=\"async\" class=\"size-full wp-image-7819 aligncenter\" src=\"https:\/\/i0.wp.com\/www.courzyvite.run\/blog\/wp-content\/uploads\/2017\/05\/DSC_0259.jpg?resize=860%2C570\" alt=\"\" width=\"860\" height=\"570\" srcset=\"https:\/\/i0.wp.com\/www.courzyvite.run\/blog\/wp-content\/uploads\/2017\/05\/DSC_0259.jpg?w=888&amp;ssl=1 888w, https:\/\/i0.wp.com\/www.courzyvite.run\/blog\/wp-content\/uploads\/2017\/05\/DSC_0259.jpg?resize=420%2C279&amp;ssl=1 420w, https:\/\/i0.wp.com\/www.courzyvite.run\/blog\/wp-content\/uploads\/2017\/05\/DSC_0259.jpg?resize=768%2C509&amp;ssl=1 768w\" sizes=\"auto, (max-width: 860px) 100vw, 860px\" \/>3\u00e8me \u00e9dition du Trail de la Michaille, 26 mars 2017.<br \/>\n22km.<br \/>\nA 300m de l\u2019arriv\u00e9e.<br \/>\n\u2013 Dossard 70 :\u00a0<strong>Beno\u00eet<\/strong><b>\u00a0Catry<\/b>\u00a0(Beaumont), 52\u00e8me ex-aequo (25\u00e8me senior ex-aequo) en\u00a02h02\u201935.<br \/>\n\u2013 Dossard 160 : <b>Pierre Catry<\/b>\u00a0(Beaumont), 52\u00e8me ex-aequo (25\u00e8me senior ex-aequo) en\u00a02h02\u201935.<br \/>\nClich\u00e9 de <b>Jean-Claude Delachenal<\/b>.<br \/>\n<img data-recalc-dims=\"1\" loading=\"lazy\" decoding=\"async\" class=\"size-full wp-image-7820 aligncenter\" src=\"https:\/\/i0.wp.com\/www.courzyvite.run\/blog\/wp-content\/uploads\/2017\/05\/DSC_0266.jpg?resize=860%2C570\" alt=\"\" width=\"860\" height=\"570\" srcset=\"https:\/\/i0.wp.com\/www.courzyvite.run\/blog\/wp-content\/uploads\/2017\/05\/DSC_0266.jpg?w=888&amp;ssl=1 888w, https:\/\/i0.wp.com\/www.courzyvite.run\/blog\/wp-content\/uploads\/2017\/05\/DSC_0266.jpg?resize=420%2C279&amp;ssl=1 420w, https:\/\/i0.wp.com\/www.courzyvite.run\/blog\/wp-content\/uploads\/2017\/05\/DSC_0266.jpg?resize=768%2C509&amp;ssl=1 768w\" sizes=\"auto, (max-width: 860px) 100vw, 860px\" \/>3\u00e8me \u00e9dition du Trail de la Michaille, 26 mars 2017.<br \/>\n22km.<br \/>\nA 300m de l\u2019arriv\u00e9e.<br \/>\n\u2013 Dossard 111 :\u00a0<strong>Sylvain Perrin<\/strong> (Montr\u00e9al-la-Cluse), 57\u00e8me (28\u00e8me senior) en 2h02\u201955.<br \/>\n\u2013 Dossard 44 : la Franco-Anglaise<strong> Emilie Shaw<\/strong>\u00a0(Run Valserine), 2\u00e8me femme (2\u00e8me senior, 56\u00e8me au scratch) en 2h02\u201954.<br \/>\nClich\u00e9 de <b>Jean-Claude Delachenal<\/b>.<br \/>\n<img data-recalc-dims=\"1\" loading=\"lazy\" decoding=\"async\" class=\"size-full wp-image-7823 aligncenter\" src=\"https:\/\/i0.wp.com\/www.courzyvite.run\/blog\/wp-content\/uploads\/2017\/05\/DSC_0268.jpg?resize=860%2C570\" alt=\"\" width=\"860\" height=\"570\" srcset=\"https:\/\/i0.wp.com\/www.courzyvite.run\/blog\/wp-content\/uploads\/2017\/05\/DSC_0268.jpg?w=888&amp;ssl=1 888w, https:\/\/i0.wp.com\/www.courzyvite.run\/blog\/wp-content\/uploads\/2017\/05\/DSC_0268.jpg?resize=420%2C279&amp;ssl=1 420w, https:\/\/i0.wp.com\/www.courzyvite.run\/blog\/wp-content\/uploads\/2017\/05\/DSC_0268.jpg?resize=768%2C509&amp;ssl=1 768w\" sizes=\"auto, (max-width: 860px) 100vw, 860px\" \/>3\u00e8me \u00e9dition du Trail de la Michaille, 26 mars 2017.<br \/>\n22km.<br \/>\nA 300m de l\u2019arriv\u00e9e.<br \/>\n<b>Gilles Flament\u00a0<\/b>(Cercle Catholique Saint-Arbogast de Rouffach Athl\u00e9tisme, section du Pays de Colmar Athl\u00e9tisme), 59\u00e8me (4\u00e8me V2) en 2h03\u201944.<br \/>\nClich\u00e9 de <b>Jean-Claude Delachenal<\/b>.<br \/>\n<img data-recalc-dims=\"1\" loading=\"lazy\" decoding=\"async\" class=\"size-full wp-image-7824 aligncenter\" src=\"https:\/\/i0.wp.com\/www.courzyvite.run\/blog\/wp-content\/uploads\/2017\/05\/DSC_0271.jpg?resize=860%2C570\" alt=\"\" width=\"860\" height=\"570\" srcset=\"https:\/\/i0.wp.com\/www.courzyvite.run\/blog\/wp-content\/uploads\/2017\/05\/DSC_0271.jpg?w=888&amp;ssl=1 888w, https:\/\/i0.wp.com\/www.courzyvite.run\/blog\/wp-content\/uploads\/2017\/05\/DSC_0271.jpg?resize=420%2C279&amp;ssl=1 420w, https:\/\/i0.wp.com\/www.courzyvite.run\/blog\/wp-content\/uploads\/2017\/05\/DSC_0271.jpg?resize=768%2C509&amp;ssl=1 768w\" sizes=\"auto, (max-width: 860px) 100vw, 860px\" \/>3\u00e8me \u00e9dition du Trail de la Michaille, 26 mars 2017.<br \/>\n22km.<br \/>\nA 300m de l\u2019arriv\u00e9e.<br \/>\n<strong>Fr\u00e9d\u00e9ric Monod<\/strong> (Les Princes en Foul\u00e9es), 62\u00e8me (5\u00e8me V2) en 2h04\u201921.<br \/>\nClich\u00e9 de <b>Jean-Claude Delachenal<\/b>.<br \/>\n<a href=\"https:\/\/i0.wp.com\/www.courzyvite.run\/blog\/wp-content\/uploads\/2017\/05\/DSC_0280-e1494513162313.jpg?ssl=1\"><img data-recalc-dims=\"1\" loading=\"lazy\" decoding=\"async\" class=\"aligncenter wp-image-7821 size-full\" src=\"https:\/\/i0.wp.com\/www.courzyvite.run\/blog\/wp-content\/uploads\/2017\/05\/DSC_0280-e1494513162313.jpg?resize=860%2C389&#038;ssl=1\" alt=\"\" width=\"860\" height=\"389\" \/><\/a>3\u00e8me \u00e9dition du Trail de la Michaille, 26 mars 2017.<br \/>\n22km.<br \/>\nA 300m de l\u2019arriv\u00e9e.<br \/>\n\u2013 Dossard 6 : <strong>Laure\u00a0De Jacquelot\u00a0<\/strong>(Belley Sport P\u00e9destre), 4\u00e8me femme (3\u00e8me senior, 70\u00e8me au scratch)<strong>\u00a0<\/strong>en 2h07\u201947.<br \/>\n\u2013 Dossard 18 : <strong>Christine Catin<\/strong>\u00a0(Courir Nature Saint-Jean-de-Niost), 3\u00e8me femme (1\u00e8re V1, 69\u00e8me au scratch) en 2h07\u201942.<br \/>\nClich\u00e9 de <b>Jean-Claude Delachenal<\/b>.<br \/>\n<img data-recalc-dims=\"1\" loading=\"lazy\" decoding=\"async\" class=\"size-full wp-image-7825 aligncenter\" src=\"https:\/\/i0.wp.com\/www.courzyvite.run\/blog\/wp-content\/uploads\/2017\/05\/DSC_0282.jpg?resize=860%2C570\" alt=\"\" width=\"860\" height=\"570\" srcset=\"https:\/\/i0.wp.com\/www.courzyvite.run\/blog\/wp-content\/uploads\/2017\/05\/DSC_0282.jpg?w=888&amp;ssl=1 888w, https:\/\/i0.wp.com\/www.courzyvite.run\/blog\/wp-content\/uploads\/2017\/05\/DSC_0282.jpg?resize=420%2C279&amp;ssl=1 420w, https:\/\/i0.wp.com\/www.courzyvite.run\/blog\/wp-content\/uploads\/2017\/05\/DSC_0282.jpg?resize=768%2C509&amp;ssl=1 768w\" sizes=\"auto, (max-width: 860px) 100vw, 860px\" \/>3\u00e8me \u00e9dition du Trail de la Michaille, 26 mars 2017.<br \/>\n22km.<br \/>\nA 300m de l\u2019arriv\u00e9e.<br \/>\n<strong>Philippe Rouiller<\/strong> (Annemasse), 72\u00e8me (1er V3) en 2h07\u201959.<br \/>\nClich\u00e9 de <b>Jean-Claude Delachenal<\/b>.<br \/>\n<img data-recalc-dims=\"1\" loading=\"lazy\" decoding=\"async\" class=\"size-full wp-image-7830 aligncenter\" src=\"https:\/\/i0.wp.com\/www.courzyvite.run\/blog\/wp-content\/uploads\/2017\/05\/DSC_0284.jpg?resize=860%2C571\" alt=\"\" width=\"860\" height=\"571\" srcset=\"https:\/\/i0.wp.com\/www.courzyvite.run\/blog\/wp-content\/uploads\/2017\/05\/DSC_0284.jpg?w=961&amp;ssl=1 961w, https:\/\/i0.wp.com\/www.courzyvite.run\/blog\/wp-content\/uploads\/2017\/05\/DSC_0284.jpg?resize=420%2C279&amp;ssl=1 420w, https:\/\/i0.wp.com\/www.courzyvite.run\/blog\/wp-content\/uploads\/2017\/05\/DSC_0284.jpg?resize=768%2C510&amp;ssl=1 768w\" sizes=\"auto, (max-width: 860px) 100vw, 860px\" \/>3\u00e8me \u00e9dition du Trail de la Michaille, 26 mars 2017.<br \/>\n22km.<br \/>\nA 300m de l\u2019arriv\u00e9e.<br \/>\nL\u2019Ukrainien<strong> Dimitri Ponomarenko<\/strong> (Club Rh\u00f4ne-Alpin de Potes Atteints du Syndrome du Trail), 74\u00e8me (37\u00e8me senior) en 2h09\u201918.<br \/>\nClich\u00e9 de <b>Jean-Claude Delachenal<\/b>.<br \/>\n<img data-recalc-dims=\"1\" loading=\"lazy\" decoding=\"async\" class=\"size-full wp-image-7826 aligncenter\" src=\"https:\/\/i0.wp.com\/www.courzyvite.run\/blog\/wp-content\/uploads\/2017\/05\/DSC_0291.jpg?resize=860%2C570\" alt=\"\" width=\"860\" height=\"570\" srcset=\"https:\/\/i0.wp.com\/www.courzyvite.run\/blog\/wp-content\/uploads\/2017\/05\/DSC_0291.jpg?w=888&amp;ssl=1 888w, https:\/\/i0.wp.com\/www.courzyvite.run\/blog\/wp-content\/uploads\/2017\/05\/DSC_0291.jpg?resize=420%2C279&amp;ssl=1 420w, https:\/\/i0.wp.com\/www.courzyvite.run\/blog\/wp-content\/uploads\/2017\/05\/DSC_0291.jpg?resize=768%2C509&amp;ssl=1 768w\" sizes=\"auto, (max-width: 860px) 100vw, 860px\" \/>3\u00e8me \u00e9dition du Trail de la Michaille, 26 mars 2017.<br \/>\n22km.<br \/>\nA 300m de l\u2019arriv\u00e9e.<br \/>\nLa Belge\u00a0<strong>Laetitia Matlet\u00a0<\/strong>(Club Rh\u00f4ne-Alpin de Potes Atteints du Syndrome du Trail), 5\u00e8me femme (4\u00e8me senior, 81\u00e8me au scratch) en 2h10\u201903.<br \/>\nClich\u00e9 de <b>Jean-Claude Delachenal<\/b>.<br \/>\n<img data-recalc-dims=\"1\" loading=\"lazy\" decoding=\"async\" class=\"size-full wp-image-7831 aligncenter\" src=\"https:\/\/i0.wp.com\/www.courzyvite.run\/blog\/wp-content\/uploads\/2017\/05\/DSC_0294.jpg?resize=860%2C570\" alt=\"\" width=\"860\" height=\"570\" srcset=\"https:\/\/i0.wp.com\/www.courzyvite.run\/blog\/wp-content\/uploads\/2017\/05\/DSC_0294.jpg?w=888&amp;ssl=1 888w, https:\/\/i0.wp.com\/www.courzyvite.run\/blog\/wp-content\/uploads\/2017\/05\/DSC_0294.jpg?resize=420%2C279&amp;ssl=1 420w, https:\/\/i0.wp.com\/www.courzyvite.run\/blog\/wp-content\/uploads\/2017\/05\/DSC_0294.jpg?resize=768%2C509&amp;ssl=1 768w\" sizes=\"auto, (max-width: 860px) 100vw, 860px\" \/>3\u00e8me \u00e9dition du Trail de la Michaille, 26 mars 2017.<br \/>\n22km.<br \/>\nA 300m de l\u2019arriv\u00e9e.<br \/>\n<b>Philippe Milliroux<\/b> (Club Rh\u00f4ne-Alpin de Potes Atteints du Syndrome du Trail), 84\u00e8me (42\u00e8me senior) en 2h10\u201948.<br \/>\nClich\u00e9 de <b>Jean-Claude Delachenal<\/b>.<\/p>\n<p><img data-recalc-dims=\"1\" loading=\"lazy\" decoding=\"async\" class=\"alignnone size-full wp-image-7827\" src=\"https:\/\/i0.wp.com\/www.courzyvite.run\/blog\/wp-content\/uploads\/2017\/05\/DSC_0299.jpg?resize=860%2C570\" alt=\"\" width=\"860\" height=\"570\" srcset=\"https:\/\/i0.wp.com\/www.courzyvite.run\/blog\/wp-content\/uploads\/2017\/05\/DSC_0299.jpg?w=888&amp;ssl=1 888w, https:\/\/i0.wp.com\/www.courzyvite.run\/blog\/wp-content\/uploads\/2017\/05\/DSC_0299.jpg?resize=420%2C279&amp;ssl=1 420w, https:\/\/i0.wp.com\/www.courzyvite.run\/blog\/wp-content\/uploads\/2017\/05\/DSC_0299.jpg?resize=768%2C509&amp;ssl=1 768w\" sizes=\"auto, (max-width: 860px) 100vw, 860px\" \/><br \/>\n3\u00e8me \u00e9dition du Trail de la Michaille, 26 mars 2017.<br \/>\n22km.<br \/>\nA 300m de l\u2019arriv\u00e9e.<br \/>\n<b>Bernard Evreux<\/b> (Team Des 6 Ifs et Trail du Vuache), 88\u00e8me (2\u00e8me V3) en 2h13\u201920.<br \/>\nClich\u00e9 de <b>Jean-Claude Delachenal<\/b>.<br \/>\n<img data-recalc-dims=\"1\" loading=\"lazy\" decoding=\"async\" class=\"size-full wp-image-7832 aligncenter\" src=\"https:\/\/i0.wp.com\/www.courzyvite.run\/blog\/wp-content\/uploads\/2017\/05\/DSC_0301.jpg?resize=860%2C570\" alt=\"\" width=\"860\" height=\"570\" srcset=\"https:\/\/i0.wp.com\/www.courzyvite.run\/blog\/wp-content\/uploads\/2017\/05\/DSC_0301.jpg?w=888&amp;ssl=1 888w, https:\/\/i0.wp.com\/www.courzyvite.run\/blog\/wp-content\/uploads\/2017\/05\/DSC_0301.jpg?resize=420%2C279&amp;ssl=1 420w, https:\/\/i0.wp.com\/www.courzyvite.run\/blog\/wp-content\/uploads\/2017\/05\/DSC_0301.jpg?resize=768%2C509&amp;ssl=1 768w\" sizes=\"auto, (max-width: 860px) 100vw, 860px\" \/>3\u00e8me \u00e9dition du Trail de la Michaille, 26 mars 2017.<br \/>\n22km.<br \/>\nA 300m de l\u2019arriv\u00e9e.<br \/>\n<strong>Pascal Beau\u00a0<\/strong>(Ville-la-Grand), 90\u00e8me (9\u00e8me V2)\u00a0en 2h14\u201917.<br \/>\nClich\u00e9 de <b>Jean-Claude Delachenal<\/b>.<br \/>\n<img data-recalc-dims=\"1\" loading=\"lazy\" decoding=\"async\" class=\"size-full wp-image-7833 aligncenter\" src=\"https:\/\/i0.wp.com\/www.courzyvite.run\/blog\/wp-content\/uploads\/2017\/05\/DSC_0302.jpg?resize=860%2C570\" alt=\"\" width=\"860\" height=\"570\" srcset=\"https:\/\/i0.wp.com\/www.courzyvite.run\/blog\/wp-content\/uploads\/2017\/05\/DSC_0302.jpg?w=888&amp;ssl=1 888w, https:\/\/i0.wp.com\/www.courzyvite.run\/blog\/wp-content\/uploads\/2017\/05\/DSC_0302.jpg?resize=420%2C279&amp;ssl=1 420w, https:\/\/i0.wp.com\/www.courzyvite.run\/blog\/wp-content\/uploads\/2017\/05\/DSC_0302.jpg?resize=768%2C509&amp;ssl=1 768w\" sizes=\"auto, (max-width: 860px) 100vw, 860px\" \/>3\u00e8me \u00e9dition du Trail de la Michaille, 26 mars 2017.<br \/>\n22km.<br \/>\nA 300m de l\u2019arriv\u00e9e.<br \/>\n<strong>R\u00e9gis Jordan\u00a0<\/strong>(Margencel), 91\u00e8me (3\u00e8me V3)\u00a0en 2h14\u201940.<br \/>\nClich\u00e9 de <b>Jean-Claude Delachenal<\/b>.<br \/>\n<img data-recalc-dims=\"1\" loading=\"lazy\" decoding=\"async\" class=\"size-full wp-image-7834 aligncenter\" src=\"https:\/\/i0.wp.com\/www.courzyvite.run\/blog\/wp-content\/uploads\/2017\/05\/DSC_0305.jpg?resize=860%2C570\" alt=\"\" width=\"860\" height=\"570\" srcset=\"https:\/\/i0.wp.com\/www.courzyvite.run\/blog\/wp-content\/uploads\/2017\/05\/DSC_0305.jpg?w=888&amp;ssl=1 888w, https:\/\/i0.wp.com\/www.courzyvite.run\/blog\/wp-content\/uploads\/2017\/05\/DSC_0305.jpg?resize=420%2C279&amp;ssl=1 420w, https:\/\/i0.wp.com\/www.courzyvite.run\/blog\/wp-content\/uploads\/2017\/05\/DSC_0305.jpg?resize=768%2C509&amp;ssl=1 768w\" sizes=\"auto, (max-width: 860px) 100vw, 860px\" \/>3\u00e8me \u00e9dition du Trail de la Michaille, 26 mars 2017.<br \/>\n22km.<br \/>\nA 300m de l\u2019arriv\u00e9e.<br \/>\n<strong>Sylvie Chatenoud\u00a0<\/strong>(Frangy), 6\u00e8me femme (2\u00e8me V1, 93\u00e8me ex aequo au scratch)\u00a0en 2h15\u201916.<br \/>\nClich\u00e9 de <b>Jean-Claude Delachenal<\/b>.<br \/>\n<img data-recalc-dims=\"1\" loading=\"lazy\" decoding=\"async\" class=\"size-full wp-image-7844 aligncenter\" src=\"https:\/\/i0.wp.com\/www.courzyvite.run\/blog\/wp-content\/uploads\/2017\/05\/DSC_0310.jpg?resize=860%2C571\" alt=\"\" width=\"860\" height=\"571\" srcset=\"https:\/\/i0.wp.com\/www.courzyvite.run\/blog\/wp-content\/uploads\/2017\/05\/DSC_0310.jpg?w=961&amp;ssl=1 961w, https:\/\/i0.wp.com\/www.courzyvite.run\/blog\/wp-content\/uploads\/2017\/05\/DSC_0310.jpg?resize=420%2C279&amp;ssl=1 420w, https:\/\/i0.wp.com\/www.courzyvite.run\/blog\/wp-content\/uploads\/2017\/05\/DSC_0310.jpg?resize=768%2C510&amp;ssl=1 768w\" sizes=\"auto, (max-width: 860px) 100vw, 860px\" \/>3\u00e8me \u00e9dition du Trail de la Michaille, 26 mars 2017.<br \/>\n22km.<br \/>\nA 300m de l\u2019arriv\u00e9e.<br \/>\n<strong>Alicia Blanchet\u00a0<\/strong>(Team Lech\u00e8re), 7\u00e8me femme (5\u00e8me senior, 99\u00e8me au scratch)\u00a0en 2h17\u201912.<br \/>\nClich\u00e9 de <b>Jean-Claude Delachenal<\/b>.<\/p>\n<p><img data-recalc-dims=\"1\" loading=\"lazy\" decoding=\"async\" class=\"size-full wp-image-7838 aligncenter\" src=\"https:\/\/i0.wp.com\/www.courzyvite.run\/blog\/wp-content\/uploads\/2017\/05\/DSC_0312.jpg?resize=860%2C570\" alt=\"\" width=\"860\" height=\"570\" srcset=\"https:\/\/i0.wp.com\/www.courzyvite.run\/blog\/wp-content\/uploads\/2017\/05\/DSC_0312.jpg?w=888&amp;ssl=1 888w, https:\/\/i0.wp.com\/www.courzyvite.run\/blog\/wp-content\/uploads\/2017\/05\/DSC_0312.jpg?resize=420%2C279&amp;ssl=1 420w, https:\/\/i0.wp.com\/www.courzyvite.run\/blog\/wp-content\/uploads\/2017\/05\/DSC_0312.jpg?resize=768%2C509&amp;ssl=1 768w\" sizes=\"auto, (max-width: 860px) 100vw, 860px\" \/>3\u00e8me \u00e9dition du Trail de la Michaille, 26 mars 2017.<br \/>\n22km.<br \/>\nA 300m de l\u2019arriv\u00e9e.<br \/>\n<strong>Sylvie Cottet-Puinel\u00a0<\/strong>(Courir Nature Saint-Jean-de-Niost), 8\u00e8me femme (3\u00e8me V1, 100\u00e8me au scratch)\u00a0en 2h17\u201915.<br \/>\nClich\u00e9 de <b>Jean-Claude Delachenal<\/b>.<\/p>\n<p><img data-recalc-dims=\"1\" loading=\"lazy\" decoding=\"async\" class=\"size-full wp-image-7839 aligncenter\" src=\"https:\/\/i0.wp.com\/www.courzyvite.run\/blog\/wp-content\/uploads\/2017\/05\/DSC_0313.jpg?resize=860%2C570\" alt=\"\" width=\"860\" height=\"570\" srcset=\"https:\/\/i0.wp.com\/www.courzyvite.run\/blog\/wp-content\/uploads\/2017\/05\/DSC_0313.jpg?w=888&amp;ssl=1 888w, https:\/\/i0.wp.com\/www.courzyvite.run\/blog\/wp-content\/uploads\/2017\/05\/DSC_0313.jpg?resize=420%2C279&amp;ssl=1 420w, https:\/\/i0.wp.com\/www.courzyvite.run\/blog\/wp-content\/uploads\/2017\/05\/DSC_0313.jpg?resize=768%2C509&amp;ssl=1 768w\" sizes=\"auto, (max-width: 860px) 100vw, 860px\" \/>3\u00e8me \u00e9dition du Trail de la Michaille, 26 mars 2017.<br \/>\n22km.<br \/>\nA 300m de l\u2019arriv\u00e9e.<br \/>\n<strong>Emilie Revillod\u00a0<\/strong>(Faucigny Athl\u00e9tic Club), 9\u00e8me femme (6\u00e8me senior, 101\u00e8me au scratch)\u00a0en 2h17\u201932.<br \/>\nClich\u00e9 de <b>Jean-Claude Delachenal<\/b>.<\/p>\n<p><img data-recalc-dims=\"1\" loading=\"lazy\" decoding=\"async\" class=\"size-full wp-image-7840 aligncenter\" src=\"https:\/\/i0.wp.com\/www.courzyvite.run\/blog\/wp-content\/uploads\/2017\/05\/DSC_0314.jpg?resize=860%2C570\" alt=\"\" width=\"860\" height=\"570\" srcset=\"https:\/\/i0.wp.com\/www.courzyvite.run\/blog\/wp-content\/uploads\/2017\/05\/DSC_0314.jpg?w=888&amp;ssl=1 888w, https:\/\/i0.wp.com\/www.courzyvite.run\/blog\/wp-content\/uploads\/2017\/05\/DSC_0314.jpg?resize=420%2C279&amp;ssl=1 420w, https:\/\/i0.wp.com\/www.courzyvite.run\/blog\/wp-content\/uploads\/2017\/05\/DSC_0314.jpg?resize=768%2C509&amp;ssl=1 768w\" sizes=\"auto, (max-width: 860px) 100vw, 860px\" \/>3\u00e8me \u00e9dition du Trail de la Michaille, 26 mars 2017.<br \/>\n22km.<br \/>\nA 300m de l\u2019arriv\u00e9e.<br \/>\n<strong>Pascale Marie\u00a0<\/strong>(Athl\u00e9tisme Saint-Genis, section d\u2019Ain-Est Athl\u00e9tisme), 10\u00e8me femme (1\u00e8re V2, 102\u00e8me au scratch) en 2h19\u201910.<br \/>\nClich\u00e9 de <b>Jean-Claude Delachenal<\/b>.<br \/>\n<img data-recalc-dims=\"1\" loading=\"lazy\" decoding=\"async\" class=\"size-full wp-image-7845 aligncenter\" src=\"https:\/\/i0.wp.com\/www.courzyvite.run\/blog\/wp-content\/uploads\/2017\/05\/DSC_0320.jpg?resize=860%2C570\" alt=\"\" width=\"860\" height=\"570\" srcset=\"https:\/\/i0.wp.com\/www.courzyvite.run\/blog\/wp-content\/uploads\/2017\/05\/DSC_0320.jpg?w=888&amp;ssl=1 888w, https:\/\/i0.wp.com\/www.courzyvite.run\/blog\/wp-content\/uploads\/2017\/05\/DSC_0320.jpg?resize=420%2C279&amp;ssl=1 420w, https:\/\/i0.wp.com\/www.courzyvite.run\/blog\/wp-content\/uploads\/2017\/05\/DSC_0320.jpg?resize=768%2C509&amp;ssl=1 768w\" sizes=\"auto, (max-width: 860px) 100vw, 860px\" \/>3\u00e8me \u00e9dition du Trail de la Michaille, 26 mars 2017.<br \/>\n22km.<br \/>\nA 300m de l\u2019arriv\u00e9e.<br \/>\n\u2013 Dossard 22 : <strong>Marilyn Laurent\u00a0<\/strong>(Courir Nature Saint-Jean-de-Niost), 11\u00e8me femme (7\u00e8me senior, 107\u00e8me au scratch)<strong>\u00a0<\/strong>en 2h22\u201920.<br \/>\n\u2013 Dossard 34 : <strong>Benoit Lebrun<\/strong> (Divonne Running), 108\u00e8me (32\u00e8me V1)\u00a0en 2h22\u201926.<br \/>\nClich\u00e9 de <b>Jean-Claude Delachenal<\/b>.<\/p>\n<p><img data-recalc-dims=\"1\" loading=\"lazy\" decoding=\"async\" class=\"size-full wp-image-7841 aligncenter\" src=\"https:\/\/i0.wp.com\/www.courzyvite.run\/blog\/wp-content\/uploads\/2017\/05\/DSC_0323.jpg?resize=860%2C570\" alt=\"\" width=\"860\" height=\"570\" srcset=\"https:\/\/i0.wp.com\/www.courzyvite.run\/blog\/wp-content\/uploads\/2017\/05\/DSC_0323.jpg?w=888&amp;ssl=1 888w, https:\/\/i0.wp.com\/www.courzyvite.run\/blog\/wp-content\/uploads\/2017\/05\/DSC_0323.jpg?resize=420%2C279&amp;ssl=1 420w, https:\/\/i0.wp.com\/www.courzyvite.run\/blog\/wp-content\/uploads\/2017\/05\/DSC_0323.jpg?resize=768%2C509&amp;ssl=1 768w\" sizes=\"auto, (max-width: 860px) 100vw, 860px\" \/>3\u00e8me \u00e9dition du Trail de la Michaille, 26 mars 2017.<br \/>\n22km.<br \/>\nA 300m de l\u2019arriv\u00e9e.<br \/>\n\u2013 A gauche :<strong> H\u00e9lo\u00efse\u00a0De Jacquelot\u00a0<\/strong>(Azur Olympique Charenton), 12\u00e8me femme (8\u00e8me senior, 110\u00e8me au scratch)<strong>\u00a0<\/strong>en 2h23\u201905.<br \/>\n\u2013 A droite : <strong>Laure De Jacquelot<\/strong> (Belley Sport P\u00e9destre), venue encourager sa soeur apr\u00e8s avoir fini 4\u00e8me chez les femmes (3\u00e8me senior, 70\u00e8me au scratch) en 2h07\u201947.<br \/>\nClich\u00e9 de <b>Jean-Claude Delachenal<\/b>.<br \/>\n<img data-recalc-dims=\"1\" loading=\"lazy\" decoding=\"async\" class=\"size-full wp-image-7846 aligncenter\" src=\"https:\/\/i0.wp.com\/www.courzyvite.run\/blog\/wp-content\/uploads\/2017\/05\/DSC_0325.jpg?resize=860%2C570\" alt=\"\" width=\"860\" height=\"570\" srcset=\"https:\/\/i0.wp.com\/www.courzyvite.run\/blog\/wp-content\/uploads\/2017\/05\/DSC_0325.jpg?w=888&amp;ssl=1 888w, https:\/\/i0.wp.com\/www.courzyvite.run\/blog\/wp-content\/uploads\/2017\/05\/DSC_0325.jpg?resize=420%2C279&amp;ssl=1 420w, https:\/\/i0.wp.com\/www.courzyvite.run\/blog\/wp-content\/uploads\/2017\/05\/DSC_0325.jpg?resize=768%2C509&amp;ssl=1 768w\" sizes=\"auto, (max-width: 860px) 100vw, 860px\" \/>3\u00e8me \u00e9dition du Trail de la Michaille, 26 mars 2017.<br \/>\n22km.<br \/>\nA 300m de l\u2019arriv\u00e9e.<br \/>\n<b>Alexandre Thiboud<\/b> (Club Rh\u00f4ne-Alpin de Potes Atteints du Syndrome du Trail), 111\u00e8me (53\u00e8me senior) en 2h23\u201912.<br \/>\nClich\u00e9 de <b>Jean-Claude Delachenal<\/b>.<br \/>\n<img data-recalc-dims=\"1\" loading=\"lazy\" decoding=\"async\" class=\"size-full wp-image-7842 aligncenter\" src=\"https:\/\/i0.wp.com\/www.courzyvite.run\/blog\/wp-content\/uploads\/2017\/05\/DSC_0330.jpg?resize=860%2C570\" alt=\"\" width=\"860\" height=\"570\" srcset=\"https:\/\/i0.wp.com\/www.courzyvite.run\/blog\/wp-content\/uploads\/2017\/05\/DSC_0330.jpg?w=888&amp;ssl=1 888w, https:\/\/i0.wp.com\/www.courzyvite.run\/blog\/wp-content\/uploads\/2017\/05\/DSC_0330.jpg?resize=420%2C279&amp;ssl=1 420w, https:\/\/i0.wp.com\/www.courzyvite.run\/blog\/wp-content\/uploads\/2017\/05\/DSC_0330.jpg?resize=768%2C509&amp;ssl=1 768w\" sizes=\"auto, (max-width: 860px) 100vw, 860px\" \/>3\u00e8me \u00e9dition du Trail de la Michaille, 26 mars 2017.<br \/>\n22km.<br \/>\nA 300m de l\u2019arriv\u00e9e.<br \/>\n<strong>Christine Von Aarburg\u00a0<\/strong>(Team Des 6 Ifs), 13\u00e8me femme ex aequo (9\u00e8me senior, 116\u00e8me au scratch) en 2h24\u201936.<br \/>\nClich\u00e9 de <b>Jean-Claude Delachenal<\/b>.<\/p>\n<p><img data-recalc-dims=\"1\" loading=\"lazy\" decoding=\"async\" class=\"size-full wp-image-7843 aligncenter\" src=\"https:\/\/i0.wp.com\/www.courzyvite.run\/blog\/wp-content\/uploads\/2017\/05\/DSC_0331.jpg?resize=860%2C570\" alt=\"\" width=\"860\" height=\"570\" srcset=\"https:\/\/i0.wp.com\/www.courzyvite.run\/blog\/wp-content\/uploads\/2017\/05\/DSC_0331.jpg?w=888&amp;ssl=1 888w, https:\/\/i0.wp.com\/www.courzyvite.run\/blog\/wp-content\/uploads\/2017\/05\/DSC_0331.jpg?resize=420%2C279&amp;ssl=1 420w, https:\/\/i0.wp.com\/www.courzyvite.run\/blog\/wp-content\/uploads\/2017\/05\/DSC_0331.jpg?resize=768%2C509&amp;ssl=1 768w\" sizes=\"auto, (max-width: 860px) 100vw, 860px\" \/>3\u00e8me \u00e9dition du Trail de la Michaille, 26 mars 2017.<br \/>\n22km.<br \/>\nA 300m de l\u2019arriv\u00e9e.<br \/>\n<strong>Patricia Ter Kuile<\/strong> (Feig\u00e8res), 13\u00e8me femme ex aequo (2\u00e8me V2, 116\u00e8me au scratch) en 2h24\u201936.<br \/>\nClich\u00e9 de <b>Jean-Claude Delachenal<\/b>.<br \/>\n<img data-recalc-dims=\"1\" loading=\"lazy\" decoding=\"async\" class=\"size-full wp-image-7668 aligncenter\" src=\"https:\/\/i0.wp.com\/www.courzyvite.run\/blog\/wp-content\/uploads\/2017\/05\/17498786_1381785765175654_2030685910807132767_n.jpg?resize=860%2C645\" alt=\"\" width=\"860\" height=\"645\" srcset=\"https:\/\/i0.wp.com\/www.courzyvite.run\/blog\/wp-content\/uploads\/2017\/05\/17498786_1381785765175654_2030685910807132767_n.jpg?w=960&amp;ssl=1 960w, https:\/\/i0.wp.com\/www.courzyvite.run\/blog\/wp-content\/uploads\/2017\/05\/17498786_1381785765175654_2030685910807132767_n.jpg?resize=420%2C315&amp;ssl=1 420w, https:\/\/i0.wp.com\/www.courzyvite.run\/blog\/wp-content\/uploads\/2017\/05\/17498786_1381785765175654_2030685910807132767_n.jpg?resize=768%2C576&amp;ssl=1 768w\" sizes=\"auto, (max-width: 860px) 100vw, 860px\" \/>3\u00e8me \u00e9dition du Trail de la Michaille, 26 mars 2017.<br \/>\n22km.<br \/>\nPodium V2 f\u00e9minin.<br \/>\n\u2013 A gauche : <strong>Fabienne Duchene<\/strong> (Villes), 3\u00e8me en 2h42\u201943.<br \/>\n\u2013 Au centre : <strong>Pascale Marie\u00a0<\/strong>(Athl\u00e9tisme Saint-Genis, section d\u2019Ain-Est Athl\u00e9tisme), 1\u00e8re en 2h19\u201910.<br \/>\n\u2013 A droite : <strong>Patricia Ter Kuile<\/strong> (Feig\u00e8res), 2\u00e8me en 2h24\u201936.<br \/>\nClich\u00e9 de <strong>Claude Duchene<\/strong>.<\/p>\n","protected":false},"excerpt":{"rendered":"<p>Deux photographes n\u2019ont pas manqu\u00e9 d\u2019immortaliser par de gratifiants reportages la manifestation : . . \u2013 Le Saint-Juliennois\u00a0Jean-Claude Delachenal, auteur de 274 clich\u00e9s, pris au d\u00e9part puis \u00e0 300m de l\u2019arriv\u00e9e, aussi bien sur le 22km que le 12km. La totalit\u00e9 des images enrichit son compte Google : https:\/\/goo.gl\/photos\/iHFgkspBbgt5yPaD7 Ci-dessous, vous trouverez 52 de ses photos,\u00a0plac\u00e9es\u00a0dans l\u2019ordre de passage des trailers et assorties de l\u00e9gendes. . . \u2013 Le Villatus\u00a0Claude [&#8230;]<\/p>\n","protected":false},"author":2,"featured_media":7821,"comment_status":"closed","ping_status":"open","sticky":false,"template":"","format":"standard","meta":{"advanced_seo_description":"","jetpack_seo_html_title":"","jetpack_seo_noindex":false,"_jetpack_memberships_contains_paid_content":false,"footnotes":"","jetpack_publicize_message":"PHOTOS DU 22KM DU TRAIL DE LA MICHAILLE \/ 26-03-17","jetpack_publicize_feature_enabled":true,"jetpack_social_post_already_shared":true,"jetpack_social_options":{"image_generator_settings":{"template":"highway","default_image_id":0,"font":"","enabled":false},"version":2}},"categories":[32,19,34,6,25,5],"tags":[11],"class_list":["post-7672","post","type-post","status-publish","format-standard","has-post-thumbnail","hentry","category-articles-sur-les-courses","category-comptes-rendus","category-cr-ain","category-articles","category-le-trail-de-la-michaille","category-resultats","tag-news"],"views":3673,"jetpack_publicize_connections":[],"jetpack_featured_media_url":"https:\/\/i0.wp.com\/www.courzyvite.run\/blog\/wp-content\/uploads\/2017\/05\/DSC_0280-e1494513162313.jpg?fit=887%2C401&ssl=1","jetpack_shortlink":"https:\/\/wp.me\/p7PZ3h-1ZK","jetpack_sharing_enabled":true,"_links":{"self":[{"href":"https:\/\/www.courzyvite.run\/blog\/wp-json\/wp\/v2\/posts\/7672","targetHints":{"allow":["GET"]}}],"collection":[{"href":"https:\/\/www.courzyvite.run\/blog\/wp-json\/wp\/v2\/posts"}],"about":[{"href":"https:\/\/www.courzyvite.run\/blog\/wp-json\/wp\/v2\/types\/post"}],"author":[{"embeddable":true,"href":"https:\/\/www.courzyvite.run\/blog\/wp-json\/wp\/v2\/users\/2"}],"replies":[{"embeddable":true,"href":"https:\/\/www.courzyvite.run\/blog\/wp-json\/wp\/v2\/comments?post=7672"}],"version-history":[{"count":0,"href":"https:\/\/www.courzyvite.run\/blog\/wp-json\/wp\/v2\/posts\/7672\/revisions"}],"wp:featuredmedia":[{"embeddable":true,"href":"https:\/\/www.courzyvite.run\/blog\/wp-json\/wp\/v2\/media\/7821"}],"wp:attachment":[{"href":"https:\/\/www.courzyvite.run\/blog\/wp-json\/wp\/v2\/media?parent=7672"}],"wp:term":[{"taxonomy":"category","embeddable":true,"href":"https:\/\/www.courzyvite.run\/blog\/wp-json\/wp\/v2\/categories?post=7672"},{"taxonomy":"post_tag","embeddable":true,"href":"https:\/\/www.courzyvite.run\/blog\/wp-json\/wp\/v2\/tags?post=7672"}],"curies":[{"name":"wp","href":"https:\/\/api.w.org\/{rel}","templated":true}]}}