{"id":7257,"date":"2017-04-22T10:08:20","date_gmt":"2017-04-22T08:08:20","guid":{"rendered":"https:\/\/www.courzyvite.run\/blog\/?p=7257"},"modified":"2020-10-02T12:27:10","modified_gmt":"2020-10-02T10:27:10","slug":"presentation-des-princes-en-foulees-favoris-et-outsiders-2eme-volet-22-04-17","status":"publish","type":"post","link":"https:\/\/www.courzyvite.run\/blog\/2017\/04\/22\/presentation-des-princes-en-foulees-favoris-et-outsiders-2eme-volet-22-04-17\/","title":{"rendered":"PRESENTATION DES PRINCES EN FOULEES : FAVORIS ET OUTSIDERS (2EME VOLET) \/ 22-04-17"},"content":{"rendered":"<p><strong>JEFFREY FLEURY ET NADEGE VIGNAND SUR LE 27KM, KEVIN DUNAND ET ELISE CHABBEY SUR LE 17KM, EN POLE POSITION<br \/>\n<\/strong><span style=\"color: #ffffff;\">.<\/span><br \/>\n<span style=\"color: #ffffff;\">.<\/span><strong><br \/>\n27km :<\/strong><\/p>\n<p><strong>Favoris :<\/strong><br \/>\n<strong> &#8211; Jeffrey Fleury<\/strong> (Club Athl\u00e9tique du Bassin Bellegardien).<br \/>\n<strong>&#8211; Julien Gonthier<\/strong> (ASPTT Annecy Athl\u00e9tisme).<br \/>\n<strong>&#8211; Simon Senn<\/strong> (Suisse, Petit-Lancy).<\/p>\n<p><strong>Outsiders masculins de premier plan :<br \/>\n&#8211; Michel Barralon <\/strong>(Team Technicien du Sport Seynod et ASPTT Annecy Athl\u00e9tisme).<br \/>\n<strong>&#8211; Micha\u00ebl Nan\u00e7oz<\/strong> (Suisse, Team Planet Endurance).<\/p>\n<p><strong>Autres outsiders masculins :<\/strong><br \/>\n<strong>&#8211; C\u00e9dric Delachenal<\/strong> (Club Athl\u00e9tique du Bassin Bellegardien).<br \/>\n<strong>&#8211; Benjamin Dunand <\/strong>(Team Terre de Running Albertville).<\/p>\n<p><strong>Favorites :<\/strong><br \/>\n<strong>&#8211; G\u00e9raldine Prost<\/strong> (68\u00e8me R\u00e9giment d\u2019Artillerie d\u2019Afrique de La Valbonne).<strong><br \/>\n&#8211; Nad\u00e8ge Vignand<\/strong> (ASPTT Annecy Athl\u00e9tisme).<\/p>\n<p><strong>Outsiders f\u00e9minins de premier plan :<br \/>\n&#8211; Lou G\u00f6tz <\/strong>(Thonon-les-Bains) qui, si elle n\u2019accompagnait sa soeur <strong>Natacha<\/strong>, aurait pu pr\u00e9tendre au statut de favorite.<strong><br \/>\n&#8211; Josiane Piccolet <\/strong>(Amicale P\u00e9destre Drumettaz-Clarafond).<strong><br \/>\n&#8211; Florence Visseaux <\/strong>(Athl\u00e9tique Sport Aixois).<\/p>\n<p><strong>Autres outsiders f\u00e9minins :<br \/>\n&#8211; Sylvie Chatenoud<\/strong> (Frangy).<br \/>\n<strong>&#8211; Am\u00e9lie Dubois<\/strong> (Courir \u00e0 Poisy).<br \/>\n<strong>&#8211; Marie-Laure Ferrari\u00a0<\/strong>(Elan Voglanais).<br \/>\n<strong>&#8211; Leyre Flores <\/strong>(Espagne, Westerlands Cross Country Club).<br \/>\n<strong>&#8211; Adeline Leservoisier<\/strong> (Jogg\u2019Attitude).<br \/>\n<span style=\"color: #ffffff;\">.<\/span><br \/>\n<span style=\"color: #ffffff;\">.<\/span><br \/>\n<strong>17km :<\/strong><\/p>\n<p><strong>Favori :<\/strong><br \/>\n<strong>&#8211; Kevin Dunand<\/strong> (Arve Athl\u00e9tisme Bonneville Pays Rochois, section de l\u2019Entente Athl\u00e9tique de l\u2019Arve).<\/p>\n<p><strong>Outsiders masculins de premier plan :<br \/>\n&#8211; Tanguy Cattet<\/strong> (Brison-Saint-Innocent).<br \/>\n<strong>&#8211; Victor Germain<\/strong> (Evian Off Course).<br \/>\n<strong>&#8211; Jean-Baptiste Guillot<\/strong> (Athl\u00e9 Saint-Julien 74).<br \/>\n<strong>&#8211; Yvon Massonnet<\/strong> (Cercier).<br \/>\n<strong>&#8211; St\u00e9phane Merino<\/strong> (Belley Sport P\u00e9destre).<br \/>\n<strong>&#8211; Jo\u00ebl Pellicier<\/strong> (Team Terre de Running Albertville).<\/p>\n<p><strong>Autres outsiders masculins :<br \/>\n&#8211; Roland Chaffard <\/strong>(Sal\u00e8ve Trail).<strong><br \/>\n&#8211; Philippe Ferrari\u00a0<\/strong>(Elan Voglanais).<strong><br \/>\n&#8211; Eric Mougey<\/strong> (Evian Off Course).<\/p>\n<p><strong>Favorite :<br \/>\n&#8211; Elise Chabbey<\/strong> (Suisse, Athl\u00e9 Saint-Julien 74).<\/p>\n<p><strong>Outsiders f\u00e9minins :<br \/>\n&#8211; Marion Dussauge <\/strong>(Mille Pattes Triathlon Grenoble).<strong><br \/>\n&#8211; Christine Von Aarburg &#8211; Duval<\/strong> (Team des 6 Ifs).<br \/>\n<span style=\"color: #ffffff;\">.<\/span><br \/>\n<span style=\"color: #ffffff;\">.<\/span><br \/>\n<span style=\"color: #ffffff;\">.<\/span><br \/>\n<strong>ARTICLE DU QUOTIDIEN \u00ab LE DAUPHINE LIBERE \u00bb :<\/strong><\/p>\n<p>Ci-dessous, vous trouverez le compte rendu figurant en page sports des \u00e9ditions de la Haute-Savoie, en date du vendredi 21 avril 2017. Son auteur est le correspondant\u00a0<strong>Georges Ongaro<\/strong>.<\/p>\n<p>\n\t\t<div class=\"wppdfemb-frame-container-1\" style=\"-webkit-overflow-scrolling:auto;\">\n\t\t\t<iframe class=\"pdfembed-iframe nonfullscreen wppdf-emb-iframe-1\"\n\t\t\t\tsrc=\"https:\/\/www.courzyvite.run\/blog\/?pdfemb-data=eyJ1cmwiOiJodHRwczpcL1wvd3d3LmNvdXJ6eXZpdGUucnVuXC9ibG9nXC93cC1jb250ZW50XC91cGxvYWRzXC8yMDE3XC8wNFwvUERGLVBhZ2UtMjgtZWRpdGlvbi1kLWFubmVjeS1ydW1pbGx5LWxlcy1hcmF2aXMtMjAxNzA0MjEucGRmIiwiaW5kZXgiOjEsInBkZklEIjowfQ\"\n\t\t\t\t\t\t\t\tdata-pdf-id=\"0\"\n\t\t\t\tdata-pdf-index=\"1\"\n\t\t\t\tstyle=\"border:none;width:100%;max-width:100%;height:100vh;\"\n\t\t\t\tscrolling=\"yes\">\n\t\t\t<\/iframe>\n\t\t<\/div>\n\n\t\t<br \/>\n<strong><span style=\"color: #ffffff;\"><span style=\"color: #ffffff;\">.<br \/>\n<\/span><\/span><\/strong><span style=\"color: #ffffff;\">.<\/span><strong><br \/>\nPALMARES DEPUIS 2012 :<br \/>\n<\/strong><span style=\"color: #ffffff;\">.<\/span><strong><br \/>\n<\/strong><span style=\"color: #ffffff;\">.<\/span><strong><br \/>\n<\/strong><strong>21\u00a0avril 2012 :<\/strong><\/p>\n<p><strong>26,5km<\/strong>\u00a0(141 class\u00e9s dont 19 femmes)\u00a0:<br \/>\n\u2013 1er (1er V1)\u00a0:\u00a0<strong>Fr\u00e9d\u00e9ric Th\u00e9risod<\/strong>\u00a0(Team Dynafit Courchevel) en 2h12\u201939.<br \/>\n\u2013 1\u00e8re (1\u00e8re senior, 22\u00e8me au scratch)\u00a0:\u00a0<strong>Anne-Lyse Chamiot-Poncet<\/strong>\u00a0(Team Dynafit Courchevel) en 2h42\u201944.<br \/>\n\u2013 R\u00e9sultats complets\u00a0sur le site Web des Princes en Foul\u00e9es\u00a0:<br \/>\n<a href=\"http:\/\/www.seysselcourtpouroffrir.fr\/wp-content\/uploads\/2013\/02\/26-RESULTAT-FINAL_LES_PRINCES_EN_FOULEES_2012.pdf\">http:\/\/www.seysselcourtpouroffrir.fr\/wp-content\/uploads\/2013\/02\/26-RESULTAT-FINAL_LES_PRINCES_EN_FOULEES_2012.pdf<\/a><\/p>\n<p><strong>14,5km<\/strong>\u00a0(108 class\u00e9s dont 26 femmes)\u00a0:<br \/>\n\u2013 1er (1er senior)\u00a0:\u00a0<strong>Yannick Heusey<\/strong> (Team Raidlight et Annecy-le-Vieux Of Course) en 1h09\u201934.<br \/>\n\u2013 1\u00e8re (1\u00e8re senior, 33\u00e8me au scratch)\u00a0:\u00a0<strong>Julia Crochet<\/strong>\u00a0en 1h37\u201915.<br \/>\n\u2013 R\u00e9sultats complets\u00a0sur le site Web des Princes en Foul\u00e9es :<br \/>\n<a href=\"http:\/\/www.seysselcourtpouroffrir.fr\/wp-content\/uploads\/2013\/02\/14_RESULTAT_FINAL_LES_PRINCES_EN_FOULEES_2012.pdf\">http:\/\/www.seysselcourtpouroffrir.fr\/wp-content\/uploads\/2013\/02\/14_RESULTAT_FINAL_LES_PRINCES_EN_FOULEES_2012.pdf<br \/>\n<\/a><span style=\"color: #ffffff;\">.<\/span><br \/>\n<span style=\"color: #ffffff;\">.<\/span><strong><br \/>\n20 avril 2013\u00a0:<\/strong><\/p>\n<p><strong>28km<\/strong>\u00a0(159 inscrits, 131 class\u00e9s dont 21 femmes)\u00a0:<br \/>\n\u2013 1er (1er V1)\u00a0:\u00a0<strong>Beno\u00eet Nave<\/strong>\u00a0(Team Asics, Team 42,195km et ASPTT Annecy Athl\u00e9tisme) en 2h20\u201905.<br \/>\n\u2013 1\u00e8re (1\u00e8re senior, 19\u00e8me au scratch)\u00a0:\u00a0<strong>Emilie Deronzier<\/strong>\u00a0(Team Raidlight, Grenoble Universit\u00e9 Montagne et Kin\u00e9s du Monde) en 2h46\u201916.<br \/>\n\u2013 R\u00e9sultats complets\u00a0sur le site Web des Princes en Foul\u00e9es\u00a0:<br \/>\n<a href=\"http:\/\/www.seysselcourtpouroffrir.fr\/wp-content\/uploads\/2013\/04\/Resultat_Final_28KM_Princes_En_Foulees_2013.pdf\">http:\/\/www.seysselcourtpouroffrir.fr\/wp-content\/uploads\/2013\/04\/Resultat_Final_28KM_Princes_En_Foulees_2013.pdf<\/a><\/p>\n<p><strong>16km<\/strong>\u00a0(113 inscrits, 95 class\u00e9s dont 28 femmes)\u00a0:<br \/>\n\u2013 1er (1er senior)\u00a0:\u00a0<strong>Yannick Heusey<\/strong> (Team Raidlight et Annecy-le-Vieux Of Course) en 1h19\u201936.<br \/>\n\u2013 1\u00e8re (1\u00e8re senior, 31\u00e8me au scratch)\u00a0:\u00a0<strong>Aur\u00e9lie Perret<\/strong>\u00a0(ASPTT Annecy Athl\u00e9tisme) en 1h43\u201943.<br \/>\n\u2013 R\u00e9sultats complets\u00a0sur le site Web des Princes en Foul\u00e9es\u00a0:<br \/>\n<a href=\"http:\/\/www.seysselcourtpouroffrir.fr\/wp-content\/uploads\/2013\/04\/Resultat_Final_16KM_Princes_En_Foulees_2013.pdf\">http:\/\/www.seysselcourtpouroffrir.fr\/wp-content\/uploads\/2013\/04\/Resultat_Final_16KM_Princes_En_Foulees_2013.pdf<br \/>\n<\/a><span style=\"color: #ffffff;\">.<\/span><br \/>\n<span style=\"color: #ffffff;\">.<\/span><strong><br \/>\n19 avril 2014 :<\/strong><\/p>\n<p><strong>28km<\/strong>\u00a0(207 inscrits, 187 partants, 185 class\u00e9s dont 25 femmes)\u00a0:<br \/>\n\u2013 1er (1er senior)\u00a0:\u00a0<strong>Martial Collomb<\/strong>\u00a0(Smartwool) en <strong>2h20\u201905, record du parcours emprunt\u00e9 en 2013-2014.<\/strong><br \/>\n\u2013 1\u00e8re (1\u00e8re senior, 28\u00e8me au scratch)\u00a0:\u00a0<strong>Manikala Rai<\/strong>\u00a0(N\u00e9pal, Douvaine) en <strong>2h45\u201921, record du parcours emprunt\u00e9 en 2013-2014<\/strong>.<br \/>\n\u2013 R\u00e9sultats complets\u00a0sur le site Web L-Chrono\u00a0:<br \/>\n<a href=\"http:\/\/www.l-chrono.com\/resultats2014\/seyssel_28km.pdf\">http:\/\/www.l-chrono.com\/resultats2014\/seyssel_28km.pdf<\/a><\/p>\n<p><strong>16km<\/strong>\u00a0(236 inscrits, 229 partants dont 73 femmes, 229 class\u00e9s dont 73 femmes)\u00a0:<br \/>\n\u2013 1er (1er senior)\u00a0:\u00a0<strong>El Yazid El Madi<\/strong> (Maroc, Team Technicien du Sport Seynod et Club Athl\u00e9tique du Bassin Bellegardien) en <strong>1h13\u201916, record du parcours emprunt\u00e9 en 2013-2014<\/strong>.<br \/>\n\u2013 1\u00e8re (1\u00e8re V1, 38\u00e8me au scratch)\u00a0:\u00a0<strong>Nad\u00e8ge Vignand<\/strong>\u00a0(ASPTT Annecy Athl\u00e9tisme) en <strong>1h33\u201955, record du parcours emprunt\u00e9 en 2013-2014<\/strong>.<br \/>\n\u2013 R\u00e9sultats complets\u00a0sur le site Web L-Chrono\u00a0:<br \/>\n<a href=\"http:\/\/www.l-chrono.com\/resultats2014\/seyssel_16km.pdf\">http:\/\/www.l-chrono.com\/resultats2014\/seyssel_16km.pdf<br \/>\n<\/a><span style=\"color: #ffffff;\">.<\/span><br \/>\n<span style=\"color: #ffffff;\">.<\/span><strong><br \/>\n18 avril 2015\u00a0<\/strong><strong>:<\/strong><\/p>\n<p><strong>28km<\/strong>\u00a0(178 inscrits, 159 partants dont 24 femmes, 157 class\u00e9s dont 23 femmes)\u00a0:<br \/>\n\u2013 1er (1er senior)\u00a0:\u00a0<strong>Yannick Heusey<\/strong>\u00a0(Team Tecnica Trail\u00a0; Annecy-le-Vieux Of Course, section d\u2019Annecy Haute-Savoie Athl\u00e9tisme) en 2h19\u201958.<br \/>\n\u2013 1\u00e8re (1\u00e8re V1, 28\u00e8me au scratch)\u00a0:\u00a0<strong>Nad\u00e8ge Vignand<\/strong>\u00a0(ASPTT Annecy Athl\u00e9tisme) en 3h10\u201945.<br \/>\n\u2013 R\u00e9sultats complets\u00a0sur le site Web L-Chrono\u00a0:<br \/>\n<a href=\"http:\/\/www.l-chrono.com\/resultats2015\/les_princes_en_foulees_28.pdf\">http:\/\/www.l-chrono.com\/resultats2015\/les_princes_en_foulees_28.pdf<\/a><\/p>\n<p><strong>17km<\/strong>\u00a0(219 inscrits, 200 partants dont 53 femmes, 197 class\u00e9s dont 52 femmes)\u00a0:<br \/>\n\u2013 1er (1er senior)\u00a0: <strong>Yanis Lecompte<\/strong> (Arve Athl\u00e9tisme Bonneville Pays Rochois, section de l\u2019Entente Athl\u00e9tique de l\u2019Arve) en 1h23\u201921.<br \/>\n\u2013 1\u00e8re (1\u00e8re senior, 37\u00e8me au scratch)\u00a0:<strong>\u00a0Marl\u00e8ne Maisonneuve<\/strong>\u00a0(Thyez) en 1h52\u201907.<br \/>\n\u2013 R\u00e9sultats complets\u00a0sur le site Web des Princes en Foul\u00e9es\u00a0:<br \/>\n<a href=\"http:\/\/www.seysselcourtpouroffrir.fr\/wp-content\/uploads\/2015\/04\/les_princes_en_foulees_17.pdf\">http:\/\/www.seysselcourtpouroffrir.fr\/wp-content\/uploads\/2015\/04\/les_princes_en_foulees_17.pdf<\/a><\/p>\n<p><strong>Challenge de la Voie Droite<\/strong> (397 inscrits dont 89 femmes, 355 class\u00e9s dont 76 femmes) :<br \/>\n\u2013 1er (1er senior)\u00a0:\u00a0<strong>Robin Cattet<\/strong>\u00a0(Terre de Running) en 8\u201950.<br \/>\n\u2013 1\u00e8re (1\u00e8re V2, 36\u00e8me au scratch)\u00a0: <strong>Josiane Piccolet<\/strong> (Amicale P\u00e9destre Drumettaz-Clarafond) en 11\u201940.<br \/>\n\u2013 R\u00e9sultats complets\u00a0sur le site Web L-Chrono\u00a0:<br \/>\n<a href=\"http:\/\/www.l-chrono.com\/resultats2015\/les_princes_en_foulees_montee_seche.pdf\">http:\/\/www.l-chrono.com\/resultats2015\/les_princes_en_foulees_montee_seche.pdf<br \/>\n<\/a><span style=\"color: #ffffff;\">.<\/span><br \/>\n<span style=\"color: #ffffff;\">.<\/span><strong><br \/>\n23 avril 2016 :<\/strong><\/p>\n<p><strong>27km\u00a0(232 inscrits, 203 partants, 201 class\u00e9s dont 29 femmes, record de participation)<\/strong>\u00a0:<br \/>\n\u2013 1er (1er senior)\u00a0: <b>Robin Cattet<\/b>\u00a0(Hoka Team) en <strong>2h16\u201933, record du parcours emprunt\u00e9 en 2015-2016<\/strong>.<br \/>\n\u2013 1\u00e8re (1\u00e8re senior, 55\u00e8me au scratch)\u00a0: <b>Marl\u00e8ne Maisonneuve<\/b>\u00a0(Thyez) en 3h18\u201927.<br \/>\n\u2013 R\u00e9sultats complets\u00a0sur le site Web L-Chrono\u00a0:<br \/>\n<a href=\"http:\/\/www.l-chrono.com\/resultats-les-princes-en-foulees-2016\/\">http:\/\/www.l-chrono.com\/resultats-les-princes-en-foulees-2016\/<\/a><\/p>\n<p><strong>17km<\/strong>\u00a0<strong>(270 inscrits, 248 partants, 248 class\u00e9s dont 62 femmes, record de participation)<\/strong>\u00a0:<br \/>\n\u2013 1er (1er espoir)\u00a0: <b>Robin Juillaguet<\/b>\u00a0(Buff France Team Les Saisies et Saint-Claude Athl\u00e9tisme) en <strong>1h19\u201936, record du parcours emprunt\u00e9 en 2015-2016<\/strong>.<br \/>\n\u2013 1\u00e8re (1\u00e8re senior, 20\u00e8me au scratch)\u00a0:<strong>\u00a0Elise Chabbey<\/strong>\u00a0(Suisse, Athl\u00e9 Saint-Julien 74) en <strong>1h36\u201941, record du parcours emprunt\u00e9 en 2015-2016<\/strong>.<br \/>\n\u2013 R\u00e9sultats complets\u00a0sur le site Web L-Chrono :<br \/>\n<a href=\"http:\/\/www.l-chrono.com\/resultats2016\/les_princes_en_foulees_17.pdf\">http:\/\/www.l-chrono.com\/resultats2016\/les_princes_en_foulees_17.pdf<\/a><\/p>\n<p><strong>Challenge de la Voie Droite<\/strong> (502 inscrits dont 106 femmes, 449 class\u00e9s dont 92 femmes) :<br \/>\n\u2013 1er (1er senior)\u00a0:\u00a0<strong>Robin Cattet<\/strong>\u00a0(Hoka Team) en <strong>8\u201920, record du parcours emprunt\u00e9 en 2015-2016<\/strong>.<br \/>\n\u2013 1\u00e8re (1\u00e8re senior, 38\u00e8me au scratch)\u00a0: <b>Claire Martin<\/b>\u00a0(Sallanches Passy Athl\u00e9tic Club) en <strong>10\u201945,<\/strong> <strong>record du parcours emprunt\u00e9 en 2015-2016<\/strong>.<br \/>\n\u2013 R\u00e9sultats complets\u00a0sur le site Web L-Chrono\u00a0:<br \/>\n<a href=\"http:\/\/www.l-chrono.com\/resultats2016\/les_princes_en_foulees_meilleur_grimpeur.pdf\">http:\/\/www.l-chrono.com\/resultats2016\/les_princes_en_foulees_meilleur_grimpeur.pdf<br \/>\n<span style=\"color: #ffffff;\">.<\/span><strong><span style=\"color: #000000;\"><br \/>\n<\/span><\/strong><span style=\"color: #ffffff;\">.<\/span><strong><span style=\"color: #000000;\"><br \/>\n<\/span><\/strong><\/a><strong>Evolution du parcours :<\/strong><\/p>\n<p><strong>\u2013 2012 :<\/strong>\u00a026,5km et 14,5km.<br \/>\n<strong>\u2013 2013-2014\u00a0:<\/strong> parcours identique pour le 28km ainsi que pour le 16km.<br \/>\n<strong>\u2013 2015-2016\u00a0:<\/strong> parcours\u00a0identique pour le 28km ou le 27km ainsi que pour le 17km.<br \/>\n<strong>\u2013 2015-2016 :<\/strong> parcours\u00a0identique pour le Challenge de la Voie Droite.<br \/>\n<span style=\"color: #ffffff;\"><strong><span style=\"color: #ffffff;\">.<br \/>\n<\/span><\/strong><\/span><strong style=\"font-size: 0.95em;\"><span style=\"color: #ffffff;\">.<\/span><br \/>\n<span style=\"color: #ffffff;\">.<\/span><br \/>\n<\/strong><strong>LES PRINCES EN FOULEES SUR LES SITES WEB TPS INFOS (2012-2016) ET COURZYVITE (2017) :<\/strong><\/p>\n<p><strong>\u2013 Pr\u00e9sentation de l\u2019\u00e9dition 2012\u00a0:<br \/>\n<\/strong><a href=\"http:\/\/www.trail-running-savoie.fr\/les-princes-en-foulees-a-seyssel-21-04-12\/\">http:\/\/www.trail-running-savoie.fr\/les-princes-en-foulees-a-seyssel-21-04-12\/<\/a><\/p>\n<p><strong>\u2013 R\u00e9sultats et compte rendu de l\u2019\u00e9dition 2012\u00a0:<\/strong><br \/>\n<a href=\"http:\/\/www.trail-running-savoie.fr\/resprincesenfoulees210412\/\">http:\/\/www.trail-running-savoie.fr\/resprincesenfoulees210412\/<\/a><\/p>\n<p><strong>\u2013 Pr\u00e9sentation de l\u2019\u00e9dition 2013 par la vid\u00e9o :<br \/>\n<\/strong><a href=\"http:\/\/www.trail-running-savoie.fr\/presentation-des-princes-en-foulees-20-04-13\/\">http:\/\/www.trail-running-savoie.fr\/presentation-des-princes-en-foulees-20-04-13\/<\/a><\/p>\n<p><strong>\u2013 R\u00e9sultats et photos de l\u2019\u00e9dition 2013\u00a0:<\/strong><br \/>\n<a href=\"http:\/\/www.trail-running-savoie.fr\/resultats-des-princes-en-foulees-20-04-13\/\">http:\/\/www.trail-running-savoie.fr\/resultats-des-princes-en-foulees-20-04-13\/<\/a><\/p>\n<p><strong>\u2013 R\u00e9sultats et commentaires de l\u2019\u00e9dition 2014\u00a0:<\/strong><br \/>\n<a href=\"http:\/\/www.trail-running-savoie.fr\/premiers-resultats-des-princes-en-foulees-19-04-14\/\">http:\/\/www.trail-running-savoie.fr\/premiers-resultats-des-princes-en-foulees-19-04-14\/<\/a><\/p>\n<p><strong>\u2013 Compte rendu de l\u2019\u00e9dition 2014 : Martial Collomb continue \u00e0 prendre du galon\u00a0:<br \/>\n<\/strong><a href=\"http:\/\/www.trail-running-savoie.fr\/martial-collomb-prend-du-galon-apres-sa-victoire-aux-princes-en-foulees-19-04-14\/\">http:\/\/www.trail-running-savoie.fr\/martial-collomb-prend-du-galon-apres-sa-victoire-aux-princes-en-foulees-19-04-14\/<\/a><\/p>\n<p><strong>\u2013 Pr\u00e9sentation de l\u2019\u00e9dition 2015\u00a0:<\/strong><br \/>\n<a href=\"http:\/\/www.trail-running-savoie.fr\/presentation-des-princes-en-foulees-18-04-15\/\">http:\/\/www.trail-running-savoie.fr\/presentation-des-princes-en-foulees-18-04-15\/<\/a><\/p>\n<p><strong>\u2013 Pr\u00e9sentation par la vid\u00e9o de l\u2019\u00e9dition 2016 :<\/strong><br \/>\n<a href=\"http:\/\/www.trail-running-savoie.fr\/entretien-avec-josefa-dekens-organisatrice-des-princes-en-foulees\/\">http:\/\/www.trail-running-savoie.fr\/entretien-avec-josefa-dekens-organisatrice-des-princes-en-foulees\/<\/a><\/p>\n<p><strong>\u2013 Pr\u00e9sentation par le texte de l\u2019\u00e9dition 2016 : dynamique et don de soi (1er volet) :<\/strong><br \/>\n<a href=\"http:\/\/www.trail-running-savoie.fr\/presentation-des-princes-en-foulees-par-le-texte-dynamique-et-generosite-1er-volet-23-04-16\/\">http:\/\/www.trail-running-savoie.fr\/presentation-des-princes-en-foulees-par-le-texte-dynamique-et-generosite-1er-volet-23-04-16\/<\/a><\/p>\n<p><strong>\u2013 Pr\u00e9sentation par le texte de l\u2019\u00e9dition 2016 : favoris et outsiders (2\u00e8me volet) :<br \/>\n<\/strong><a href=\"http:\/\/www.trail-running-savoie.fr\/presentation-des-princes-en-foulees-par-le-texte-favoris-et-outsiders-2eme-volet-23-04-16\/\">http:\/\/www.trail-running-savoie.fr\/presentation-des-princes-en-foulees-par-le-texte-favoris-et-outsiders-2eme-volet-23-04-16\/<\/a><\/p>\n<p><strong>\u2013 R\u00e9sultats, compte rendu et photos de l\u2019\u00e9dition 2016 :<br \/>\n<\/strong><a href=\"http:\/\/www.trail-running-savoie.fr\/resultats-et-compte-rendu-des-princes-en-foulees-23-04-16\/\">http:\/\/www.trail-running-savoie.fr\/resultats-et-compte-rendu-des-princes-en-foulees-23-04-16\/<\/a><\/p>\n<p><strong>\u2013 Pr\u00e9sentation de l\u2019\u00e9dition 2017 : un succ\u00e8s grandissant (1er volet) :<br \/>\n<\/strong><a href=\"https:\/\/www.courzyvite.run\/blog\/2017\/04\/21\/presentation-des-princes-en-foulees-un-succes-grandissant-1er-volet-22-04-17\/\">https:\/\/www.courzyvite.run\/blog\/2017\/04\/21\/presentation-des-princes-en-foulees-un-succes-grandissant-1er-volet-22-04-17\/<\/a><strong style=\"font-size: 0.95em;\"><br \/>\n<\/strong><span style=\"color: #ffffff;\">.<\/span><br \/>\n<span style=\"color: #ffffff;\">.<\/span><br \/>\n<span style=\"color: #ffffff;\">.<\/span><strong style=\"font-size: 0.95em;\"><br \/>\n<\/strong><strong>PHOTO :<\/strong><\/p>\n<p><strong><img data-recalc-dims=\"1\" loading=\"lazy\" decoding=\"async\" class=\"size-full wp-image-47664 aligncenter\" src=\"https:\/\/i0.wp.com\/www.courzyvite.run\/blog\/wp-content\/uploads\/2017\/04\/13087331_553145944858961_7149094575884877383_n-1-1-e1601612593521.jpg?resize=467%2C700&#038;ssl=1\" alt=\"\" width=\"467\" height=\"700\" \/>Kevin Dunand <\/strong>(Arve Athl\u00e9tisme Bonneville Pays Rochois, section de l\u2019Entente Athl\u00e9tique de l\u2019Arve), grandissime favori du 17km.<br \/>\nClich\u00e9 pris le 23 avril 2016 \u00e0 l\u2019occasion des 5\u00e8mes Princes en Foul\u00e9es o\u00f9 Kevin s\u2019appropriera la 4\u00e8me place (2\u00e8me senior) en 1h24\u201908.<br \/>\nImage r\u00e9alis\u00e9e vers la fin de la mont\u00e9e s\u00e8che chronom\u00e9tr\u00e9e.<br \/>\n<strong><br \/>\n<\/strong><\/p>\n","protected":false},"excerpt":{"rendered":"<p>JEFFREY FLEURY ET NADEGE VIGNAND SUR LE 27KM, KEVIN DUNAND ET ELISE CHABBEY SUR LE 17KM, EN POLE POSITION . . 27km : Favoris : &#8211; Jeffrey Fleury (Club Athl\u00e9tique du Bassin Bellegardien). &#8211; Julien Gonthier (ASPTT Annecy Athl\u00e9tisme). &#8211; Simon Senn (Suisse, Petit-Lancy). Outsiders masculins de premier plan : &#8211; Michel Barralon (Team Technicien du Sport Seynod et ASPTT Annecy Athl\u00e9tisme). &#8211; Micha\u00ebl Nan\u00e7oz (Suisse, Team Planet Endurance). Autres [&#8230;]<\/p>\n","protected":false},"author":2,"featured_media":47664,"comment_status":"closed","ping_status":"open","sticky":false,"template":"","format":"standard","meta":{"advanced_seo_description":"","jetpack_seo_html_title":"","jetpack_seo_noindex":false,"_jetpack_memberships_contains_paid_content":false,"footnotes":"","jetpack_publicize_message":"PRESENTATION DES PRINCES EN FOULEES : FAVORIS ET OUTSIDERS (2EME VOLET) \/ 22-04-17","jetpack_publicize_feature_enabled":true,"jetpack_social_post_already_shared":true,"jetpack_social_options":{"image_generator_settings":{"template":"highway","default_image_id":0,"font":"","enabled":false},"version":2}},"categories":[32,16,6,29,13],"tags":[11],"class_list":["post-7257","post","type-post","status-publish","format-standard","has-post-thumbnail","hentry","category-articles-sur-les-courses","category-haute-savoie","category-articles","category-les-princes-en-foulees","category-presentations-des-courses","tag-news"],"views":2580,"jetpack_publicize_connections":[],"jetpack_featured_media_url":"https:\/\/i0.wp.com\/www.courzyvite.run\/blog\/wp-content\/uploads\/2017\/04\/13087331_553145944858961_7149094575884877383_n-1-1-e1601612593521.jpg?fit=467%2C700&ssl=1","jetpack_shortlink":"https:\/\/wp.me\/p7PZ3h-1T3","jetpack_sharing_enabled":true,"_links":{"self":[{"href":"https:\/\/www.courzyvite.run\/blog\/wp-json\/wp\/v2\/posts\/7257","targetHints":{"allow":["GET"]}}],"collection":[{"href":"https:\/\/www.courzyvite.run\/blog\/wp-json\/wp\/v2\/posts"}],"about":[{"href":"https:\/\/www.courzyvite.run\/blog\/wp-json\/wp\/v2\/types\/post"}],"author":[{"embeddable":true,"href":"https:\/\/www.courzyvite.run\/blog\/wp-json\/wp\/v2\/users\/2"}],"replies":[{"embeddable":true,"href":"https:\/\/www.courzyvite.run\/blog\/wp-json\/wp\/v2\/comments?post=7257"}],"version-history":[{"count":0,"href":"https:\/\/www.courzyvite.run\/blog\/wp-json\/wp\/v2\/posts\/7257\/revisions"}],"wp:featuredmedia":[{"embeddable":true,"href":"https:\/\/www.courzyvite.run\/blog\/wp-json\/wp\/v2\/media\/47664"}],"wp:attachment":[{"href":"https:\/\/www.courzyvite.run\/blog\/wp-json\/wp\/v2\/media?parent=7257"}],"wp:term":[{"taxonomy":"category","embeddable":true,"href":"https:\/\/www.courzyvite.run\/blog\/wp-json\/wp\/v2\/categories?post=7257"},{"taxonomy":"post_tag","embeddable":true,"href":"https:\/\/www.courzyvite.run\/blog\/wp-json\/wp\/v2\/tags?post=7257"}],"curies":[{"name":"wp","href":"https:\/\/api.w.org\/{rel}","templated":true}]}}