{"id":68717,"date":"2024-03-02T09:52:40","date_gmt":"2024-03-02T08:52:40","guid":{"rendered":"https:\/\/www.courzyvite.run\/blog\/?p=68717"},"modified":"2026-03-25T08:52:51","modified_gmt":"2026-03-25T07:52:51","slug":"pronostics-de-la-massingienne-02-03-2024","status":"publish","type":"post","link":"https:\/\/www.courzyvite.run\/blog\/2024\/03\/02\/pronostics-de-la-massingienne-02-03-2024\/","title":{"rendered":"PRONOSTICS DE LA MASSINGIENNE \/ 02-03-2024"},"content":{"rendered":"<p><strong>REPORTAGE PUBLI\u00c9 LE 2 MARS 2024<br \/>\nULTIME R\u00c9VISION LE 4 JANVIER 2025<br \/>\n<\/strong><span style=\"color: #ffffff;\">.<\/span><br \/>\n<span style=\"color: #ffffff;\">.<\/span><br \/>\n<span style=\"color: #ffffff;\">.<\/span><strong><br \/>\nPRONOSTICS SUR LE 8EME TRAIL DE LA NEPHAZ (33 KM POUR 1300 M DE DENIVELE)<br \/>\n<\/strong><span style=\"color: #ffffff;\">.<\/span><br \/>\n<span style=\"color: #ffffff;\">.<\/span><strong style=\"font-size: 0.95em;\"><br \/>\n<\/strong><strong>Parcours sur Trace de Trail :<br \/>\n<\/strong><a href=\"https:\/\/tracedetrail.fr\/fr\/trace\/trace\/241202\">https:\/\/tracedetrail.fr\/fr\/trace\/trace\/241202<\/a><\/p>\n<p><strong>Nombre d\u2019inscrits sur L-Chrono :<br \/>\n<\/strong>156 dont 132 hommes et 24 femmes.<\/p>\n<p><strong>Liste des inscrits sur L-Chrono :<\/strong><br \/>\n<a href=\"https:\/\/live.l-chrono.com\/resultats\/la-massingienne-2024\">https:\/\/live.l-chrono.com\/resultats\/la-massingienne-2024<\/a><br \/>\n<span style=\"color: #ffffff;\">.<\/span><br \/>\n<span style=\"color: #ffffff;\">.<\/span><br \/>\n<strong>Favoris :<\/strong><\/p>\n<p><strong><span style=\"color: #000000;\">N\u00b01,\u00a0 :<\/span><\/strong><br \/>\n* Domicile : Chamb\u00e9ry.<br \/>\n* <span style=\"color: #0000ff;\"><span style=\"color: #000000;\">Date de naissance : 11-03-1997.\u00a0\u00a0<\/span><\/span><strong><br \/>\n<span style=\"color: #0000ff;\">* Niveau Betrail : 80,19.<br \/>\n<\/span><\/strong><span style=\"color: #0000ff;\">* Massingienne : <\/span>1\u00e8re\u00a0participation.<br \/>\n<span style=\"color: #0000ff;\">* Trails en 2023 :<\/span> 6\u00e8me sur le 24 km du Trail de 7 Lieux ; 3\u00e8me sur le 74 km du Grand Trail du Lac ; 1er sur le 130 km de l\u2019Ultra-Trail du Haut-Giffre ; 2\u00e8me sur le 32 km du Swiss Canyon Trail ; 2\u00e8me sur le 26 km des Princes en Foul\u00e9es.<\/p>\n<p><strong style=\"font-size: 0.95em;\">N\u00b02, <\/strong><strong>Mathieu Debroas :<br \/>\n<\/strong>* Structure : Club Athl\u00e9tique Pontcharra La Rochette Gr\u00e9sivaudan.<br \/>\n* Domicile : Barraux.<br \/>\n* <span style=\"color: #0000ff;\"><span style=\"color: #000000;\">Date de naissance : 12-07-1996.\u00a0<\/span><\/span><strong><br \/>\n<span style=\"color: #0000ff;\">* Niveau Betrail : 76,77.<\/span><span style=\"color: #0000ff;\"><br \/>\n<\/span><\/strong><span style=\"color: #0000ff;\">* Massingienne : <\/span>1\u00e8re participation.<br \/>\n<span style=\"color: #0000ff;\">* Trails en 2023 : <\/span>2\u00e8me sur le 2 km du Trail du Grand Lac ; 2\u00e8me sur le 25 km du Trail de Faverges-Seythenex ; 10\u00e8me en 34\u201930 sur la Verticale du Grand Serre ; 2\u00e8me sur le 60 km du Serre Che Trail ; 12\u00e8me sur le 4 km du Trail des Lacs d\u2019Orci\u00e8res ; 21\u00e8me sur le 20 km de la Mont\u00e9e du Nid d\u2019Aigle en 2h05\u201911 ; 19\u00e8me sur le 41 km de la Maxi-Race du Lac d\u2019Annecy ; 59\u00e8me (61\u00e8me avec l\u2019Open masculin) sur le 13 km des Championnats de France de Course en Montagne Hommes.<\/p>\n<p><strong>N\u00b03 : Cyril Berger :<\/strong><br \/>\n* Domicile : Vaulx.<br \/>\n* Date de naissance : 02-01-1981.<br \/>\n<strong><span style=\"color: #0000ff;\">* Niveau Betrail : 69,31.<\/span><\/strong><br \/>\n<span style=\"color: #0000ff;\">* Massingienne : <\/span>5\u00e8me en 2h11\u201913 sur le 27 km en 2018 ; 5\u00e8me en 2h08\u2019<span style=\"color: #0000ff;\"><span style=\"color: #000000;\">05 sur le 27 km en 2017 ; <\/span><\/span>19\u00e8me en 1h13<span style=\"color: #0000ff;\"><span style=\"color: #000000;\">\u201937 sur le 16 km en 2016 (non comptabilis\u00e9 sur Betrail).<\/span><strong><br \/>\n<\/strong>* Trails en 2023 : <span style=\"color: #000000;\">3\u00e8me sur le 10 km du Trail des Grenouilles de Poisy ; 2\u00e8me sur le 10 km de la St Off En Trail ; 2\u00e8me sur le 12 km de la St Off En Trail ; 3\u00e8me sur le 36 km du Festival des Templiers ; 2\u00e8me par \u00e9quipes avec <strong>Quentin Clerc Pithon<\/strong> sur le 42 km en relais \u00e0 2 du Trail de Faverges-Seythenex ; 2\u00e8me sur le 23 km des Trails de Thusy ; 55\u00e8me sur le 36 km de l\u2019Ultra-Trail du Mont-Blanc ; 6\u00e8me sur le 21 km du Trail des Bauges ; 3\u00e8me sur le 47 km de l\u2019Ultra 01 ; 3\u00e8me sur le 20 km du Trail de la Mandallaz ; 5\u00e8me sur le 37 km d\u2019Entrelacs Run and Trail ; 2\u00e8me sur le 30 km de la Chava\u2019Run.<\/span><\/span><\/p>\n<p><strong>N\u00b04, Richard Clavel :<\/strong><strong style=\"font-size: 0.95em;\"><br \/>\n<\/strong>* Domicile : Massingy.<br \/>\n* Date de naissance : 08-11-1999.<span style=\"font-size: 0.95em;\"><br \/>\n<\/span><strong><span style=\"color: #0000ff;\">* Niveau Betrail : 70,58.<\/span><\/strong><strong style=\"font-size: 0.95em;\"><span style=\"color: #0000ff;\"><br \/>\n<\/span><\/strong><span style=\"color: #0000ff;\">* Massingienne :<\/span> 1er en 57\u201934 sur le 15 km en 2023 ; 1er en 58\u201954 sur le 15 km en 2020 ; 4\u00e8me en 1h05\u201906 sur le 16 km en 1917.<br \/>\n<span style=\"color: #0000ff;\">* Trails en 2023 :<\/span> 3\u00e8me sur le 17 km du Restonica Trail ; 1er sur le 15 km de la Massingienne.<br \/>\n<span style=\"color: #0000ff;\">* Athl\u00e9tisme en 2023 : <span style=\"color: #000000;\">34\u00e8me sur les Championnats Auvergne-Rh\u00f4ne-Alpes de Cross Court Hommes ; 20\u00e8me sur les Championnats de la Zone Alpes de Cross Court Hommes ; 21\u00e8me sur les Championnats des Savoie<\/span> <span style=\"color: #000000;\">de Cross Long Hommes.<\/span><\/span><strong style=\"font-size: 0.95em;\"><br \/>\n<\/strong><span style=\"color: #ffffff;\">.<\/span><br \/>\n<span style=\"color: #ffffff;\">.<\/span><strong><br \/>\nPrincipaux outsiders masculins :<\/strong><\/p>\n<p><strong>Guillaume Abry :<br \/>\n<\/strong>* Domicile : Neydens.<br \/>\n* <span style=\"color: #0000ff;\"><span style=\"color: #000000;\">Date de naissance : 23-12-1990.<\/span><\/span><strong><br \/>\n<span style=\"color: #000000;\"><span style=\"color: #0000ff;\">* Niveau Betrail : 64,09.<\/span><\/span><span style=\"color: #000000;\"><br \/>\n<\/span><\/strong><span style=\"color: #000000;\"><span style=\"color: #0000ff;\">* Massingienne : <span style=\"color: #000000;\">19\u00e8me en 2h18\u201958 sur le 28 km en 2020 ; 4\u00e8me en 2h07\u201929 sur le 27 km en 2017 ; <\/span><\/span><\/span>32\u00e8me en 2h36\u201913 sur le 27 km en 2016 (<span style=\"color: #0000ff;\"><span style=\"color: #000000;\">non comptabilis\u00e9 sur Betrail)<\/span><\/span>.<br \/>\n<span style=\"color: #0000ff;\"><span style=\"color: #000000;\"><span style=\"color: #3366ff;\">* Trails en 2023 :<\/span> 4\u00e8me sur le 20 km du Cross de la Semine ; 14\u00e8me sur le 20 km du D\u00e9fi de Fort-l\u2019Ecluse ; 88\u00e8me sur le 23 km des Trails de Thusy, encourageant sa dulcin\u00e9e <strong>M\u00e9lanie Gatignon<\/strong> ; 22\u00e8me sur le 30 km du Saint-Joire Trail Festival ; 5\u00e8me sur le 27 km du M\u00e9sy\u2019Trail ; 10\u00e8me sur le 49 km de l\u2019Aravis Trail ; 8\u00e8me sur le 9 km des Trails de la Vall\u00e9e du Brevon ; 14\u00e8me sur le 26 km des Princes en Foul\u00e9es ; 15\u00e8me sur le 22 km du Trail de la Michaille.<\/span><\/span><strong><br \/>\n<\/strong><\/p>\n<p><strong>Thierry Belzuz :<br \/>\n<\/strong>* Structure : ASPTT Annecy Athl\u00e9tisme.<br \/>\n* Domicile : Seynod, commune d\u2019Annecy.<br \/>\n* <span style=\"color: #0000ff;\"><span style=\"color: #000000;\">Date de naissance : 26-06-1969.<\/span><\/span><strong><br \/>\n<\/strong><span style=\"color: #0000ff;\"><strong>* Niveau Betrail : 62,10.<\/strong><br \/>\n* Massingienne : <\/span>6\u00e8me en 2h15\u201913 sur le 28 km en 2023 ; 5\u00e8me en 2h30\u201941 sur le 27 km en 2019 ; 5\u00e8me en 2h15\u201932 sur le 27 km en 2018 ; 3\u00e8me en 2h05\u201923 sur le 27 km en 2017 ; 2\u00e8me en 2h04\u201907 sur le 27 km en 2016 (<span style=\"color: #0000ff;\"><span style=\"color: #000000;\">non comptabilis\u00e9 sur Betrail)<\/span><\/span>.<br \/>\n<span style=\"color: #0000ff;\">* Trail en 2024 : <\/span>176\u00e8me sur le 25 km du Trail Givr\u00e9 de Montaney.<br \/>\n<span style=\"color: #0000ff;\">* Trails en 2023 : <span style=\"color: #000000;\"><span style=\"color: #3366ff;\"><span style=\"color: #000000;\">170\u00e8me sur le 80 km du Festival des Templiers ; 4\u00e8me sur le 47 km du Trail Margeride ; 75\u00e8me sur le 42 km du B\u00e9lier Trail &amp; Rando ; 6\u00e8me sur le 44 km du Trail en Aubrac ; 183\u00e8me (193\u00e8me avec l\u2019Open masculin) sur le 13 km des Championnats de France de Course en Montagne Hommes ; 11\u00e8me sur le 21 km de la Vauxoise ; 94\u00e8me (107\u00e8me avec l\u2019Open) sur le 68 km du Trail de la Cit\u00e9 de Pierres, support des Championnats de France de Trail Long ; 6\u00e8me sur le 27 km de la Massingienne ; 56\u00e8me sur le 26 km du Trail Givr\u00e9 de Montanay.<br \/>\n<span style=\"color: #0000ff;\">* Athl\u00e9tisme en 2023 : <\/span><\/span><\/span><\/span><\/span><span style=\"color: #000000;\">52\u00e8me sur les Championnats de Cross de la Zone Alpes Masters Hommes ; 18\u00e8me sur les Championnats des Savoie de Cross Masters Hommes.<\/span><\/p>\n<p><strong>Nathan De Nicolas<\/strong>, <span style=\"color: #ff0000;\">non partant<\/span> :<br \/>\n* Domicile : Annecy.<br \/>\n* <span style=\"color: #0000ff;\"><span style=\"color: #000000;\">Date de naissance : 03-09-1997.<\/span><\/span><strong><br \/>\n<\/strong><span style=\"color: #0000ff;\"><strong>* Niveau Betrail : 60,30.<\/strong><br \/>\n* Massingienne : <\/span>1\u00e8re participation.<br \/>\n<span style=\"color: #0000ff;\">* Trails en 2023 : <\/span>20\u00e8me sur le 18 km de la St Off En Trail ; 12\u00e8me sur le 21 km du Trail des Gli\u00e8res ; 7\u00e8me sur le 17 km du M\u00e9sy\u2019Trail ; 34\u00e8me sur le 20 km du Trail de la Mandallaz.<\/p>\n<p><strong>Hugo Excoffier :<br \/>\n<\/strong>* Structure : Annecy Athl\u00e9tisme.<strong><br \/>\n<\/strong>* Domicile : Annecy.<br \/>\n* <span style=\"color: #0000ff;\"><span style=\"color: #000000;\">Date de naissance : 12-10-2004.<\/span><\/span><strong><br \/>\n<\/strong><span style=\"color: #0000ff;\"><strong>* Niveau Betrail : 66,23.<\/strong><br \/>\n* Massingienne : <\/span>1\u00e8re participation.<br \/>\n<span style=\"color: #0000ff;\">* Trails en 2023 : <\/span>46\u00e8me sur le 15 km du Marathon du Mont-Blanc ; 14\u00e8me sur le 16 km de la Maxi-Race du Lac d\u2019Annecy ; 3\u00e8me sur le 17 km du Trail du Mont Saint-Michel ; 1er sur le 20 km de la Chava\u2019Run.<\/p>\n<p><strong>Fran\u00e7ois Giraud :<\/strong><br \/>\n* Structure : Taillefer Trail Team.<br \/>\n* Domicile : Argonay.<strong><br \/>\n<\/strong>* <span style=\"color: #0000ff;\"><span style=\"color: #000000;\">Date de naissance : 27-02-1970.\u00a0<\/span><\/span><strong><br \/>\n<\/strong><span style=\"color: #0000ff;\"><strong>* Niveau Betrail : 65,16.<\/strong><br \/>\n* Massingienne : <\/span>1\u00e8re\u00a0participation.<br \/>\n<span style=\"color: #0000ff;\">* Trails en 2023 : <\/span>46\u00e8me sur le Trail des Monts de Vaucluse ; 113\u00e8me sur le 80 km du Festival des Templiers ; 5\u00e8me sur le 37 km du Trail du T\u00e9tras-Lyre ; 3\u00e8me sur le 25 km du Trail du Pays du Ch\u00e2taignier ; 5\u00e8me sur le 70 km du Trail en Aubrac ; 58\u00e8me sur le 49 km du Trail Alsace Grand Est by UTMB ; 8\u00e8me sur le 30 km de la Course de la R\u00e9sistance ; 11\u00e8me sur le 26 km des Princes en Foul\u00e9es ; 14\u00e8me sur le 21 km du Trail de la Mandallaz ; 16\u00e8me sur le 14 km du Trail d\u2019Annecy-Les Glaisins.<\/p>\n<p><strong>St\u00e9phane M\u00e9rino :<br \/>\n<\/strong>* Structure : Alpes Communications Systems.<br \/>\n* Domicile : Belley.<br \/>\n* <span style=\"color: #0000ff;\"><span style=\"color: #000000;\">Date de naissance : 03-04-1980.\u00a0<\/span><\/span><strong><br \/>\n<\/strong><span style=\"color: #0000ff;\"><strong>* Niveau Betrail : 66,23.<\/strong><br \/>\n* Massingienne : <\/span>7\u00e8me en 2h15\u201913 sur le 28 km en 2023 ; 10\u00e8me en 2h13\u201953 sur le 27 km en 2019 ; 9\u00e8me en 2h14\u201900 sur le 27 km en 2017.<br \/>\n<span style=\"color: #0000ff;\">* Trails en 2023 : <\/span>5\u00e8me sur le 13 km du Novatrail ; 13\u00e8me sur le 74 km du Grand Trail du Lac ; 2\u00e8me sur le 32 km du Trail de Gi J\u2019Y Monte ; 10\u00e8me sur le 11 km du Trail des Gets ; 18\u00e8me sur le 108\u00e8me du Loz\u00e8re Trail ; 1er sur le 41 km du Trail So Bugey ; 5\u00e8me sur le 21 km de la Chatvoyarde ; 16\u00e8me sur le 30 km des Terrasses du Lod\u00e9vois ; 14\u00e8me sur le 37 km d\u2019Entrelacs Run and Trail ; 6\u00e8me sur le 28 km de la Massingienne.\u00a0 \u00a0<strong><br \/>\n<\/strong><\/p>\n<p><strong>J\u00e9r\u00f4me Tissier<\/strong>, <span style=\"color: #ff0000;\">non partant <\/span><span style=\"color: #000000;\">:<\/span><span style=\"color: #0000ff;\"><span style=\"color: #000000;\"><br \/>\n* Domicile : Valli\u00e8res-sur-Fier.<\/span><\/span><br \/>\n<strong>* <\/strong><span style=\"color: #0000ff;\"><span style=\"color: #000000;\">Date de naissance : 27-03-1983.<\/span><\/span><strong><br \/>\n<span style=\"color: #0000ff;\">* Niveau Betrail : 60,03.<br \/>\n<\/span><\/strong><span style=\"color: #0000ff;\">* Massingienne : <\/span><span style=\"color: #000000;\">1er en 2h01<\/span>\u201945<span style=\"color: #000000;\"> sur le 27 km en 2016 <\/span>(non comptabilis\u00e9 sur Betrail).<br \/>\n<span style=\"color: #0000ff;\">* Trails en 2023 : <\/span>8\u00e8me sur le 23 km des Trails de Thusy ; 58\u00e8me sur le 27 km du B\u00e9lier Trail &amp; Rando ; 31\u00e8me sur le 25 km du Trail de l\u2019Aigle.<\/p>\n<p><strong>Fabrice Varon :<br \/>\n<\/strong>* Structure : Team Trail Aix-les-Bains Le Revard.<br \/>\n* Domicile : Aix-les-Bains.\u00a0<strong><br \/>\n<\/strong>* <span style=\"color: #0000ff;\"><span style=\"color: #000000;\">Date de naissance : 08-11-1985.<\/span><\/span><strong><br \/>\n<\/strong><span style=\"color: #0000ff;\"><strong>* Niveau Betrail : 67,14.<\/strong><br \/>\n* Massingienne : <\/span>1\u00e8re participation.<br \/>\n<span style=\"color: #0000ff;\">* Trails en 2023 : <\/span>169\u00e8me sur le 77 km de la Saint\u00e9Lyon ; 13\u00e8me sur le 21 km de la Chamb\u00e9rienne ; 21\u00e8me sur le 33 km de la St Off En Trail ; 16\u00e8me sur le 34 km du Grand Trail du Lac ; 9\u00e8me sur le 20 km de la Foul\u00e9e de Drumettaz-Clarafond ; 45\u00e8me sur le 73 km du Tour des Glaciers de la Vanoise ; 2\u00e8me sur le 23 km du Trail du Mont Gr\u00eale ; 16\u00e8me sur le 50 km du Grand Raid 73 ; 17\u00e8me sur le 28 km des Foul\u00e9es de Gruffy ; 24\u00e8me sur le 27 km du Trail du Mont Saint-Michel ; 18\u00e8me sur le 37 km d\u2019Entrelacs Run and Trail.<\/p>\n<p><strong>Killyan Zarrella :\u00a0<\/strong><strong><br \/>\n<\/strong>* Domicile : Bloye.<br \/>\n* <span style=\"color: #0000ff;\"><span style=\"color: #000000;\">Date de naissance : 19-04-1997.<\/span><\/span><strong><br \/>\n<\/strong><span style=\"color: #0000ff;\"><strong>* Niveau Betrail : 66,02.<br \/>\n* Une autre cote est \u00e9galement indiqu\u00e9e : 50,86 pour quatre courses disput\u00e9es de 2016 \u00e0 2018.<\/strong><br \/>\n* Massingienne : <\/span>3\u00e8me en 2h12<span style=\"color: #0000ff;\"><span style=\"color: #000000;\">\u201943 sur le 28 km en 2023.<\/span><\/span><strong><span style=\"color: #0000ff;\"><br \/>\n<\/span><\/strong><span style=\"color: #0000ff;\">* Trails en 2023 :<\/span><span style=\"color: #0000ff;\"><span style=\"color: #000000;\"> 7\u00e8me sur le 17 km du Trail des Grenouilles de Poisy ; <\/span><\/span><span style=\"color: #0000ff;\"><span style=\"color: #000000;\">66\u00e8me sur le 88 km de la Maxi-Race du Lac d\u2019Annecy ; 6\u00e8me sur le 28 km des Foul\u00e9es de Gruffy ; 3\u00e8me sur le 28 km de la Massingienne.<\/span><\/span><strong><span style=\"color: #0000ff;\"><br \/>\n<\/span><\/strong><span style=\"color: #ffffff;\">.<\/span><br \/>\n<span style=\"color: #ffffff;\">.<\/span><br \/>\n<strong>Autres outsiders masculins :<\/strong><\/p>\n<p><strong>Florian Doudon :<br \/>\n<\/strong>* Structure : Team Trail Aix-les-Bains Le Revard.<br \/>\n* Domicile : Aix-les-Bains.<strong><br \/>\n<\/strong>* <span style=\"color: #0000ff;\"><span style=\"color: #000000;\">Date de naissance : 08-05-1992.<\/span><\/span><strong><br \/>\n<span style=\"color: #0000ff;\">* Niveau Betrail : 56,24.<\/span><span style=\"color: #0000ff;\"><br \/>\n<\/span><\/strong><span style=\"color: #0000ff;\">* Massingienne : <\/span>33\u00e8me en 2h37\u2019<span style=\"color: #0000ff;\"><span style=\"color: #000000;\">09 sur le 28 km en 2023.<br \/>\n<\/span>* Trails en 2023 : <\/span>123\u00e8me sur le 34 km du Grand Trail du Lac ; 23\u00e8me sur le 20 km de la Foul\u00e9e de Drumettaz-Clarafond ; 81\u00e8me sur le 31 km du Trail du Lac de Paladru ; 44\u00e8me sur le 18 km d\u2019Entrelacs Run and Trail ; 33\u00e8me sur le 28 km de la Massingienne ; 150\u00e8me sur le 24 km du Winter Trail.<\/p>\n<p><strong>Nicolas Forestier :<\/strong><br \/>\n* Structure : Les Trailers du M\u00f4le.<br \/>\n* Domicile : Saint-Jeoire.<strong><br \/>\n<\/strong>* <span style=\"color: #0000ff;\"><span style=\"color: #000000;\">Date de naissance : 14-07-1976.<\/span><\/span><br \/>\n<strong><span style=\"color: #0000ff;\">* Niveau Betrail : 57,36.<\/span><\/strong><br \/>\n<span style=\"color: #0000ff;\">* Massingienne : <\/span>1\u00e8re participation.<br \/>\n<span style=\"color: #0000ff;\">* Trails en 2023 :<\/span> 127\u00e8me sur le 27 km du Trail de l\u2019Arclusaz ; 35\u00e8me sur le 162 km du Trail de Serre-Pon\u00e7on ; 62\u00e8me sur le 109 km de la Montagn\u2019Hard ; 14\u00e8me sur le 79 km du Trail du Gypa\u00e8te ; 143\u00e8me sur le 55 km du Trail Nivolet-Revard ; 49\u00e8me sur le 26 km des Princes en Foul\u00e9es ; 61\u00e8me sur le 20 km du Lyaud Trail.<\/p>\n<p><strong>St\u00e9phane Mouille :<br \/>\n<\/strong>* Domicile : Bonneville.\u00a0<strong><br \/>\n<\/strong>* <span style=\"color: #0000ff;\"><span style=\"color: #000000;\">Date de naissance : 09-12-1970.<\/span><\/span><strong><br \/>\n<\/strong><span style=\"color: #0000ff;\"><strong>* Niveau Betrail : 56,87.<\/strong><br \/>\n* Massingienne : <\/span>25\u00e8me en 2h31<span style=\"color: #0000ff;\"><span style=\"color: #000000;\">\u201926 sur le 28 km en 2023.\u00a0<\/span><br \/>\n<span style=\"color: #000000;\"><span style=\"color: #3366ff;\">* Trails en 2023 : <\/span><\/span><\/span>1902\u00e8me sur le 77 km de la Saint\u00e9Lyon ; <span style=\"color: #000000;\">10\u00e8me sur le 20 km du Trail de la Semine ; 30\u00e8me sur le 20 km du D\u00e9fi de Fort-l\u2019Ecluse ; 30\u00e8me sur le 27 km du Manigod Trail Challenge ; 23\u00e8me sur le 24 km du Sherpa Trail ; 15\u00e8me sur le 14 km du Trail des Moises ; 42\u00e8me sur le 26 km de l\u2019Argentrail ; 28\u00e8me sur le 26 km du Trail de la Biche ; 14\u00e8me sur le 27 km du M\u00e9sy\u2019Trail ; 42\u00e8me sur le 42 km du Trail des Dentelles de Montmirail ; 19\u00e8me sur le 17 km du Cheylarois Trail ; 33\u00e8me sur le 19 km de l\u2019Allingeoise ; 111\u00e8me sur le 35 km de l\u2019Ultra Tour du M\u00f4le ; 28\u00e8me sur le 26 km des Princes en Foul\u00e9es ; 52\u00e8me sur le 31 km du Trail du Lac Paladru ; 22\u00e8me sur le 22 km du Trail de la Michaille ; 25\u00e8me sur le 28 km de la Massingienne.<\/span><strong><br \/>\n<\/strong><\/p>\n<p><strong>Fabien Pettelot :<br \/>\n<\/strong>* Domicile : La Balme-de-Sillingy.<br \/>\n* <span style=\"color: #0000ff;\"><span style=\"color: #000000;\">Date de naissance : 16-10-1979.<\/span><\/span><strong><br \/>\n<\/strong><span style=\"color: #0000ff;\"><strong>* Niveau Betrail : 57,03.<\/strong><br \/>\n* Massingienne : <span style=\"color: #000000;\">53\u00e8me en 2h38\u201947 sur le 28 km en 2020 ; 25\u00e8me en 2h35\u201908 sur le 27 km en 2019.<\/span><\/span><br \/>\n<span style=\"color: #0000ff;\">* Trail en 2020 : <span style=\"color: #000000;\">53\u00e8me sur le 28 km de la Massingienne pour son dernier r\u00e9sultat. <\/span>\u00a0<\/span><\/p>\n<p><strong>Claude Trehudic :<span style=\"color: #0000ff;\"><br \/>\n<\/span><\/strong>* Structure : SLAC \/ Gendarmerie Annecy.<br \/>\n* Domicile : La Balme-de-Sillingy.<br \/>\n* Date de naissance : 24-06-1991.<span style=\"color: #0000ff;\"><br \/>\n<strong>* Niveau Betrail : 55,49.<\/strong><br \/>\n* Massingienne : <\/span>46\u00e8me en 2h36\u201905 sur le (28 km) en 2020.<span style=\"color: #0000ff;\"><br \/>\n* Trails en 2023 : <\/span><span style=\"color: #000000;\">335\u00e8me sur le 44 km de la Saint\u00e9Lyon ; 82\u00e8me sur le 17 km du Trail des Grenouilles de Poisy ; 10\u00e8me sur le 12 km des Trails de Thusy.<\/span><span style=\"color: #ffffff;\"><br \/>\n.<\/span><br \/>\n<span style=\"color: #ffffff;\">.<\/span><strong><br \/>\nFavorites :<\/strong><\/p>\n<p><strong>N\u00b01, Claire Besseas :<\/strong><strong><br \/>\n<\/strong>* Structure : <span style=\"color: #000000;\">Courir \u00e0 Poisy.<br \/>\n* Domicile : Poisy.<\/span><br \/>\n* <span style=\"color: #0000ff;\"><span style=\"color: #000000;\">Date de naissance : 15-06-1994.<\/span><\/span><br \/>\n<span style=\"color: #0000ff;\"><strong>* Niveau Betrail : 56,63.<\/strong><br \/>\n* Massingienne : <span style=\"color: #000000;\">3\u00e8me femme<\/span><\/span> en 1h30\u201939 sur le 16 km en 2019 ; 3\u00e8me<span style=\"color: #000000;\">\u00a0femme<\/span> en 1h30\u201932 sur le 16 km en 2018.<span style=\"color: #0000ff;\">\u00a0<span style=\"color: #000000;\"><br \/>\n<span style=\"color: #3366ff;\">* Trails en 2023 : <span style=\"color: #000000;\">2\u00e8me femme sur le 16,2 km du T\u00e9l\u00e9thon de Nonglard (non comptabilis\u00e9 sur Betrail) ;<\/span> <span style=\"color: #000000;\">4\u00e8me femme sur le 18 km des Trails du Sancy Mont-Dore ; <\/span><\/span><\/span><\/span><span style=\"color: #0000ff;\"><span style=\"color: #000000;\"><span style=\"color: #3366ff;\"><span style=\"color: #000000;\">9\u00e8me par \u00e9quipes f\u00e9minines avec Am\u00e9lie Dubois sur le 79 km de la Pierra Menta Et\u00e9 ; 5\u00e8me femme sur le 32 km du Trail du Gypa\u00e8te ; 2\u00e8me femme sur le 28 km des Foul\u00e9es de Gruffy. <\/span><\/span><\/span><\/span><\/p>\n<p><strong>N\u00b02, Alexandra Tournoux<\/strong>, <span style=\"color: #ff0000;\">non partante<\/span><span style=\"color: #000000;\"> :<\/span><strong><br \/>\n<\/strong>* Structure : ASPTT Annecy Athl\u00e9tisme<span style=\"color: #000000;\">.<br \/>\n<\/span>* Domicile : Annecy-le-Vieux, commune d\u2019Annecy.\u00a0<strong><br \/>\n<\/strong>* <span style=\"color: #0000ff;\"><span style=\"color: #000000;\">Date de naissance : 21-04-1981.<\/span><\/span><strong><br \/>\n<span style=\"color: #0000ff;\">* Niveau Betrail : 54,54.<\/span><span style=\"color: #0000ff;\"><br \/>\n<\/span><\/strong><span style=\"color: #0000ff;\">* Massingienne :<\/span> <span style=\"color: #000000;\">3\u00e8me femme<\/span> en 2h38\u201905 sur le 28 km en 2023.<span style=\"color: #0000ff;\"><span style=\"color: #000000;\"><br \/>\n<span style=\"color: #3366ff;\">* Trail en 2024 : <span style=\"color: #000000;\">46\u00e8me<\/span> <span style=\"color: #000000;\">femme sur le 25 km du Trail Givr\u00e9 de Montanay.\u00a0<\/span><br \/>\n<span style=\"color: #0000ff;\">* Trails en 2023 :<\/span> <span style=\"color: #000000;\">46\u00e8me femme sur le 77 km de la Saint\u00e9Lyon<\/span> <span style=\"color: #000000;\">;<\/span> <span style=\"color: #000000;\">9\u00e8me femme sur le 33 km du St Off En Trail ; 9\u00e8me femme sur le 22 km du Nice C\u00f4te d\u2019Azur by UTMB ; 10\u00e8me femme sur le 21 km du Trail des Gets ; 36\u00e8me femme sur le 24 km du Marathon du Mont-Blanc ; 48\u00e8me (50\u00e8me avec l\u2019Open f\u00e9minin) sur le 13 km des Championnats de France de Course en Montagne Dames ; 1\u00e8re femme sur le 13 km du Trans Aubrac ; 47\u00e8me femme (51\u00e8me avec l\u2019Open f\u00e9minin) sur le 30 km du Trail de la Cit\u00e9 de Pierres, support des Championnats de France de Trail Court ; 3\u00e8me femme sur le 28 km de la Massingienne ; 10\u00e8me femme sur le Trail Blanc du Semnoz.<\/span><br \/>\n<span style=\"color: #000000;\"><span style=\"color: #0000ff;\">* Athl\u00e9tisme en 2023 :<\/span> 28\u00e8me femme en 1h29\u201924 (IR4) sur le Semi-Marathon du Lac d\u2019Annecy ; 2\u00e8me femme sur le 16 km de l\u2019Agglocityrun74.<br \/>\n<span style=\"color: #ffffff;\">.<\/span><br \/>\n<span style=\"color: #ffffff;\">.<\/span><br \/>\n<strong>Principal outsider f\u00e9minin :<\/strong><br \/>\n<\/span><\/span><\/span><\/span><\/p>\n<p><strong>Laure Pion :\u00a0<\/strong><br \/>\n* Structure : Maurienne Trail<span style=\"color: #000000;\">.<br \/>\n<\/span>* Domicile : Notre-Dame du Cruet.<br \/>\n* <span style=\"color: #0000ff;\"><span style=\"color: #000000;\">Date de naissance : 01-07-1966.<\/span><\/span><br \/>\n<span style=\"color: #0000ff;\"><span style=\"color: #3366ff;\"><strong>* Niveau Betrail : 64,49.<\/strong><\/span><br \/>\n<span style=\"color: #000000;\"><span style=\"color: #0000ff;\">* Massingienne<\/span> : 4\u00e8me femme en 2h45\u201947 sur le 28 km en 2023 ; 1\u00e8re femme en 2h46\u201951 sur le 27 km en 2019 ; 7\u00e8me femme en 3h06\u201912 sur le 27 km en 2018 ; 5\u00e8me femme en 2h50\u201902 sur le 27 km en 2016 (non comptabilis\u00e9 sur Betrail).<br \/>\n<span style=\"color: #0000ff;\">* Trails en 2024 :<\/span><\/span><\/span> 8\u00e8me femme sur le 24 km du Winter Trail ; 126<span style=\"color: #0000ff;\"><span style=\"color: #000000;\"> km en 16h56\u201955 sur le Dernier Homme Debout &#8211; Morvan.<br \/>\n<\/span><\/span><span style=\"color: #0000ff;\"><span style=\"color: #000000;\"><span style=\"color: #0000ff;\">* Trails en 2023 : <span style=\"color: #000000;\">3\u00e8me femme sur le 21 km du Trail de la Croix des T\u00eates ; 14\u00e8me femme sur le 21 km de la Chamb\u00e9rienne ; 6\u00e8me femme sur le 24 km du Trail de Montagnole ; 112 km en 15h57\u201951 sur le Dernier Homme Debout &#8211; Maurienne ; 6\u00e8me femme sur le 2 km du Grand Trail du Lac ; 3\u00e8me femme sur le 11 km du Trail des Vall\u00e9es d\u2019Aigueblanche ; 22\u00e8me femme sur le 2 km de la Verticale du Grand Serre ; 4\u00e8me femme sur le 33 km du Trail du Petit Saint-Bernard ; 6\u00e8me femme sur le 23 km du Sky Trail Albertville ; 5\u00e8me femme sur le 3 km du Kilom\u00e8tre Vertical du Mirantin ; 11\u00e8me femme sur le 3 km du Kilom\u00e8tre Vertical de la Sorci\u00e8re ; 6\u00e8me femme sur le 109 km du Chalenge de Montcalm ; 6\u00e8me femme sur le 44 km du Val Tho Summit Games ; 5\u00e8me femme sur le 117 km de l\u2019Ultra Tour du Beaufortain ; 4\u00e8me femme sur le 3 km du Mad\u2019Trail ; 6\u00e8me femme sur le 8 km du Trail Vertical K2 Villaroger-les-Arcs ; 2\u00e8me femme sur le 72 km du Grand Duc &#8211; Trail de Chartreuse ; 1\u00e8re femme sur le 25 km du Trail du Lac Noir ; 10\u00e8me femme sur le 88 km de la Maxi-Race du Lac d\u2019Annecy ; 4\u00e8me femme sur le 27 km du Chartreuse Trail Festival ; 9\u00e8me femme sur le 5 km du KV de Pussy ; 10\u00e8me femme sur le 55 km du Trail Nivolet-Revard ; 61\u00e8me femme sur le 36 km de l\u2019Ard\u00e8che Trail La Voie Romaine ; Trail de la Voie Romaine ; 2\u00e8me femme sur le 38 km du Sacr\u00e9 Trail des Collines ; 4\u00e8me femme sur le 28 km de la Massingienne ; 2\u00e8me femme sur le 19 km du Serre Chevalier Snow Trail.<\/span><\/span><br \/>\n<\/span><\/span><span style=\"color: #ffffff;\">.<\/span><br \/>\n<span style=\"color: #ffffff;\">.<\/span><br \/>\n<strong>Autre outsider f\u00e9minin :<\/strong><\/p>\n<p><strong>M\u00e9ryl Giraldo :<br \/>\n<\/strong>* Commune : Saint-Jorioz.<br \/>\n* <span style=\"color: #0000ff;\"><span style=\"color: #000000;\">Date de naissance : <\/span><\/span><span style=\"color: #0000ff;\"><span style=\"color: #000000;\">27-05-1997.<\/span><\/span><strong><br \/>\n<span style=\"color: #0000ff;\">* Niveau Betrail : 52,25.<\/span><span style=\"color: #0000ff;\"><br \/>\n<\/span><\/strong><span style=\"color: #0000ff;\">* Massingienne : <\/span>1\u00e8re participation.<br \/>\n<span style=\"color: #0000ff;\">* Trails en 2024 : <\/span>6\u00e8me femme sur le 100 km de la Trace des Maquisards de l<span style=\"color: #0000ff;\"><span style=\"color: #000000;\">\u2019Ain ; 6\u00e8me femme sur le 42 km des Lumi\u00e8res de la Muzelle.<br \/>\n<span style=\"color: #0000ff;\">* Trails en 2023 : <span style=\"color: #000000;\">88\u00e8me femme sur le 77 km de la Saint\u00e9Lyon ; 7\u00e8me femme sur le 104 km de l\u2019Ultra Trail des Montagnes du Jura ; 28\u00e8me femme sur le 42 km du B\u00e9lier Trail &amp; Rando ; 34\u00e8me femme sur le 27 km du B\u00e9lier Trail &amp; Rando ; 7\u00e8me femme sur le 42 km du Trail de l\u2019Etendard ; 4\u00e8me femme sur le 87 km de l\u2019Oisans Trail Tour ; 7\u00e8me femme sur le 27 km du M\u00e9sy\u2019Trail ; 1\u00e8re femme sur le 64 km de l\u2019Ecotrail Gen\u00e8ve ; 32\u00e8me femme sur le 28 km des Foul\u00e9es de Gruffy ; 32\u00e8me femme sur le 42 km du Trail du Laudon ; 49\u00e8me femme sur le 80 km de l\u2019EcoTrail Paris ; 1\u00e8re femme sur le 30 km de la Chava\u2019Run.\u00a0 <\/span><\/span><\/span><\/span><br \/>\n<span style=\"color: #ffffff;\">.<\/span><br \/>\n<span style=\"color: #ffffff;\">.<\/span><br \/>\n<span style=\"color: #ffffff;\">.<\/span><strong><br \/>\nPRONOSTICS SUR LE 8EME TRAIL DU LENARD (18 KM POUR 660 M DE DENIVELE)<br \/>\n<\/strong><span style=\"color: #ffffff;\">.<\/span><br \/>\n<span style=\"color: #ffffff;\">.<\/span><strong style=\"font-size: 0.95em;\"><br \/>\n<\/strong><strong>Parcours sur Trace de Trail :<\/strong><strong style=\"font-size: 0.95em;\"><br \/>\n<\/strong><a href=\"https:\/\/tracedetrail.fr\/fr\/trace\/trace\/241204\">https:\/\/tracedetrail.fr\/fr\/trace\/trace\/241204<\/a><\/p>\n<p><strong>Nombre d\u2019inscrits sur L-Chrono :<br \/>\n<\/strong>214 dont 151 hommes et 63 femmes.<\/p>\n<p><strong>Liste des inscrits sur L-Chrono :<\/strong><br \/>\n<a href=\"https:\/\/live.l-chrono.com\/resultats\/la-massingienne-2024\">https:\/\/live.l-chrono.com\/resultats\/la-massingienne-2024<\/a><br \/>\n<span style=\"color: #ffffff;\">.<\/span><br \/>\n<span style=\"color: #ffffff;\">.<\/span><br \/>\n<strong>N\u00b01, Ludovic Baur :<\/strong><br \/>\n* Structure : Go For It Running &#8211; Grand Chamb\u00e9ry.<br \/>\n* Domicile : Brison-Saint-Innocent.<br \/>\n* Date de naissance : 23-03-1993.<span style=\"font-size: 0.95em;\"><br \/>\n<\/span><strong><span style=\"color: #0000ff;\">* Niveau Betrail : 69,42.<\/span><\/strong><strong style=\"font-size: 0.95em;\"><span style=\"color: #0000ff;\"><br \/>\n<\/span><\/strong><span style=\"color: #0000ff;\">* Massingienne :<\/span> 1er en 56<span style=\"color: #0000ff;\"><span style=\"color: #000000;\">\u201929 sur le 15 km en 2020 ; 1er en 1h02\u201910 sur le 16 km en 2016 (non comptabilis\u00e9 sur Betrail).<br \/>\n<span style=\"color: #0000ff;\">* Trail en 2023 : <\/span><\/span><\/span>1er sur le 12 km de la Cusy<span style=\"color: #0000ff;\"><span style=\"color: #000000;\">\u2019Hard.<br \/>\n<\/span>* Athl\u00e9tisme en 2023 : <span style=\"color: #000000;\">45\u00e8me en 31\u201904 (record personnel, N4) sur le 10 km de V\u00e9nissieux.<\/span><\/span><\/p>\n<p><strong>N\u00b02, Yanis Lecompte\u00a0:<br \/>\n<\/strong>* Structure : Coureurs du Monde en Is\u00e8re.<br \/>\n* Domicile : Bonneville.<br \/>\n* <span style=\"color: #0000ff;\"><span style=\"color: #000000;\">Date de naissance : 03-09-1984.<\/span><\/span><strong><br \/>\n<span style=\"color: #0000ff;\">* Niveau Betrail : 73,38.<\/span><span style=\"color: #0000ff;\"><br \/>\n<\/span><\/strong><span style=\"color: #0000ff;\">* Massingienne : <\/span>1\u00e8re participation.<br \/>\n<span style=\"color: #0000ff;\">* Trail en 2024 : <\/span>9\u00e8me sur le 25 km du Trail Givr\u00e9 de Montanay.<br \/>\n<span style=\"color: #0000ff;\">* Trails en 2023 : <\/span>30\u00e8me en 2h07<span style=\"color: #0000ff;\"><span style=\"color: #000000;\">\u201957<\/span><\/span> sur le 20 km de la Mont\u00e9e du Nid d<span style=\"color: #0000ff;\"><span style=\"color: #000000;\">\u2019Aigle ; 1er sur le 25 km de la Comblorane ; <\/span><\/span>32\u00e8me (33\u00e8me avec l\u2019Open masculin) sur le 13 km des Championnats de France de Course en Montagne Hommes.<br \/>\n<span style=\"color: #ffffff;\">.<\/span><br \/>\n<span style=\"color: #ffffff;\">.<\/span><strong style=\"font-size: 0.95em;\"><br \/>\n<\/strong><strong>Principaux outsiders masculins :<\/strong><\/p>\n<p><strong>St\u00e9phane Avrillon :<\/strong><strong><br \/>\n<\/strong>* Structure : Esp\u00e9rance Favergienne.<br \/>\n* Domicile : Marlens, commune de Val de Chaise.<strong><br \/>\n<\/strong>* <span style=\"color: #0000ff;\"><span style=\"color: #000000;\">Date de naissance : 20-05-1974<\/span><\/span><span style=\"color: #0000ff;\"><span style=\"color: #000000;\">.<\/span><\/span><strong><br \/>\n<span style=\"color: #0000ff;\">* Niveau Betrail : <\/span><\/strong><span style=\"color: #0000ff;\">65,26.<\/span><strong><span style=\"color: #0000ff;\"><br \/>\n<\/span><\/strong><span style=\"color: #0000ff;\">* Massingienne : <\/span>8\u00e8me en 1h01\u201951 sur le 15 km en 2020 ; 3\u00e8me en 1h08\u201940 sur le 16 km en 2018 ; 3\u00e8me en 1h04\u201950 sur le 15 km en 2017.<br \/>\n<span style=\"color: #0000ff;\"><span style=\"color: #000000;\"><span style=\"color: #3366ff;\">* Trails en 2023 :<\/span><\/span><\/span><strong><br \/>\n<\/strong><\/p>\n<p><strong>Samuel Caillet :<br \/>\n<\/strong><span style=\"color: #000000;\">* Structure : Les Canisavoyards \/ Rrunning Seynod.<br \/>\n* Domicile : Saint-Ours.<br \/>\n* Date de naissance : 08-02-1981.<\/span><strong><br \/>\n<span style=\"color: #0000ff;\">* Niveau Betrail : 64,69.<\/span><br \/>\n<\/strong><span style=\"color: #0000ff;\">* Massingienne :<\/span> 28\u00e8me en 1h11<span style=\"color: #000000;\">\u201938<\/span>\u00a0sur le 15 km en 2023 ; 12\u00e8me en 1h03<span style=\"color: #000000;\">\u201957<\/span> sur le 15 km en 2020 ; 2\u00e8me en 2h05<span style=\"color: #000000;\">\u201907<\/span>\u00a0sur le 27 km en 2019 ; 6\u00e8me en 2h14<span style=\"color: #000000;\">\u201956<\/span>\u00a0sur le 27 km en 2018.<br \/>\n<span style=\"color: #0000ff;\">* Trails en 2024 : <\/span>12\u00e8me sur le 24 km de Sur les Traces du GR 9 ; 5\u00e8me sur le 21 km de la Foul\u00e9e Croisienne.<strong><br \/>\n<\/strong><span style=\"color: #0000ff;\">* Trails en 2023 : <\/span>16\u00e8me sur le 14 km du Trail Nocturne de la Praille ; 5\u00e8me sur le 9 km de Morzine Spartan Winter Trail ; 38\u00e8me sur le 20 km du Festitrail d\u2019Autrans ; 7\u00e8me sur le 11 km du Trail de l\u2019Ar<span style=\"color: #0000ff;\"><span style=\"color: #000000;\">clusaz ;<\/span> <span style=\"color: #000000;\">6<\/span><\/span><span style=\"color: #000000;\">\u00e8me sur le 20 km de la Foul\u00e9e de Drumettaz-Clarafond ; 14\u00e8me sur le 32 km du Trail du Galibier-Thabor ; 20\u00e8me sur le 11 km du M\u00e9ribel Trail ; 2\u00e8me sur le 5 km du M\u00e9ribel Trail ; 5\u00e8me sur le 43 km du Trail Volodalen du Jura ; 6\u00e8me sur le 43 km de l\u2019Ultra-Tour de la Motte Chalancon ; 3\u00e8me sur le 24 km du Trail des Dolmens &#8211; Ard\u00e8che ; 8\u00e8me sur le 17 km du Trail des Passerelles du Monteynard ; 4\u00e8me (3\u00e8me officieusement) sur le 27 km du M\u00e9sy\u2019Trail ; 15\u00e8me sur le 18 km de l\u2019Aravis Trail ; 6\u00e8me sur le 25 km de l\u2019Ultra 01 ; 7\u00e8me sur le 28 km des Foul\u00e9es de Gruffy ; 41\u00e8me sur le 55 km du Trail Nivolet-Revard ; 24\u00e8me sur le 21 km de la Chatvoyarde ; 14\u00e8me sur la 5\u00e8me sur le 25 km de la Remy Trail ; 12\u00e8me sur le 17 km des Princes en Foul\u00e9es ; 24\u00e8me sur le 21 km de la Chatvoyarde ; 70 km du Trail des Balcons d\u2019Azur ; 7\u00e8me sur le 30 km de la Chava\u2019Run ; 28\u00e8me sur le 15 km de la Massingienne.<\/span><\/p>\n<p><strong>Hugo Pellicier :<\/strong><strong><span style=\"color: #0000ff;\"><br \/>\n<span style=\"color: #000000;\">*<\/span><\/span><\/strong><span style=\"color: #0000ff;\"><span style=\"color: #000000;\"> Structure<\/span><\/span><span style=\"color: #000000;\">\u00a0: VEO 2000 La Plagne.<\/span><strong><span style=\"color: #0000ff;\"><br \/>\n<\/span><\/strong><span style=\"color: #0000ff;\"><span style=\"color: #000000;\">* Domicile : Aime-la-Plagne.<\/span><\/span><strong><span style=\"color: #0000ff;\"><span style=\"color: #000000;\"><br \/>\n* <\/span><\/span><\/strong><span style=\"color: #000000;\">Date de naissance : 04-05-1989.<\/span><strong><span style=\"color: #0000ff;\"><br \/>\n* Niveau Betrail : <\/span><span style=\"color: #0000ff;\">64,26.<\/span><span style=\"color: #0000ff;\"><br \/>\n<\/span><\/strong><span style=\"color: #0000ff;\">* Massingienne : <\/span>1\u00e8re participation.<span style=\"color: #0000ff;\"><br \/>\n<span style=\"color: #000000;\"><span style=\"color: #3366ff;\">* Trail en 2022 : <span style=\"color: #000000;\">27\u00e8me<\/span> <span style=\"color: #000000;\">sur le 5 km du KV de Pussy pour son dernier r\u00e9sultat.<\/span><\/span><\/span><\/span><span style=\"color: #ffffff;\"><br \/>\n<span style=\"color: #ffffff;\">.<br \/>\n<\/span>.<\/span><span style=\"font-weight: bold; color: #000000;\"><br \/>\n<\/span><strong><span style=\"color: #000000;\">Autres outsiders masculins :<\/span><\/strong><\/p>\n<p><strong>Morgan Benedetti :<\/strong><strong><br \/>\n<\/strong>* Domicile : Sales.<br \/>\n* Date de naissance : <span style=\"color: #0000ff;\"><span style=\"color: #000000;\">10-11-1988.<\/span><\/span><br \/>\n<strong><span style=\"color: #0000ff;\">* Niveau Betrail : 57,02.<\/span><\/strong><br \/>\n<span style=\"color: #0000ff;\">* Massingienne :<\/span> 22\u00e8me en 1h10<span style=\"color: #000000;\">\u201949<\/span> sur le 15 km en 2023 ; 63\u00e8me en 2h43<span style=\"color: #000000;\">\u201907 sur le 28 km en 2020.<\/span><br \/>\n<span style=\"color: #0000ff;\">* Trails en 2023 : <span style=\"color: #000000;\">64\u00e8me sur le 17 km du Trail des Grenouilles de Poisy ; 20\u00e8me sur le 7 km du B\u00e9lier Trail &amp; Rando ; 47\u00e8me sur le 24 km du Trail des Passerelles du Trail de Monteynard ; 18\u00e8me sur le 22 km de la Cusy\u2019Hard ; 22\u00e8me sur le 15 km de la Massingienne.<\/span><\/span><\/p>\n<p><strong><span style=\"color: #000000;\">Emmanuel Maison :<\/span><\/strong><span style=\"color: #000000;\"><br \/>\n* Domicile : Saint-F\u00e9lix.<br \/>\n* <span style=\"color: #0000ff;\"><span style=\"color: #000000;\">Date de naissance : 15-12-1978.<\/span><\/span><\/span><strong><span style=\"color: #000000;\"><br \/>\n<\/span><\/strong><span style=\"color: #000000;\"><span style=\"color: #0000ff;\"><strong>* Niveau Betrail : 59,62.<\/strong><br \/>\n* Massingienne : <\/span><\/span><span style=\"color: #000000;\"><span style=\"color: #0000ff;\"><span style=\"color: #000000;\">17\u00e8me en 1h07\u201933 sur le 15 km en 2020 ; <\/span><\/span><\/span><span style=\"color: #000000;\">8\u00e8me en 1h13\u201925 sur le 16 km en 2018.<br \/>\n<\/span><span style=\"color: #000000;\"><span style=\"color: #0000ff;\">Trails en 2023 : <\/span><\/span>12\u00e8me sur le 12 km de la Cusy\u2019Hard ; 13\u00e8me sur le 13 km des Foul\u00e9es de Gruffy.<strong><span style=\"color: #000000;\"><span style=\"color: #0000ff;\"><br \/>\n<\/span><\/span><\/strong><span style=\"color: #ffffff;\">.<\/span><br \/>\n<span style=\"color: #ffffff;\">.<\/span><strong><br \/>\nFavorites :<\/strong><\/p>\n<p><strong>N\u00b01, Nad\u00e8ge Vignand :<br \/>\n<\/strong>* Structure : ASPTT Annecy Athl\u00e9tisme.<strong style=\"font-size: 0.95em;\"><br \/>\n<\/strong>* Domicile : Desingy.<br \/>\n* Date de naissance : 19-12-1972.<br \/>\n<strong><span style=\"color: #0000ff;\">* Niveau Betrail : 54,05.<\/span><\/strong><br \/>\n<span style=\"color: #0000ff;\">* Massingienne : <span style=\"color: #000000;\">1\u00e8re femme en 2h38<\/span><\/span><span style=\"color: #000000;\">\u201916 sur le 27 km en 2018 ; <\/span>2\u00e8me femme en 1h18<span style=\"color: #0000ff;\"><span style=\"color: #000000;\">\u201907 sur le 16 km en 2016 (non comptabilis\u00e9 sur Betrail).<br \/>\n<\/span>* Trails en 2024 : <span style=\"color: #000000;\">2\u00e8me femme sur le 20 km du Trail des Roses (Moras).<\/span><br \/>\n<\/span><span style=\"color: #0000ff;\"><span style=\"color: #000000;\"><span style=\"color: #0000ff;\">* Trails en 2023 :<\/span><\/span><\/span><span style=\"color: #000000;\"> 2\u00e8me femme sur le 14 km du Trail Nocturne de la Praille ; 1\u00e8re femme sur le 20 km du Trail de la Semine ; 2\u00e8me femme sur le 15 km du Trail de Gi J\u2019Y Monte ; 10\u00e8me femme sur le 42 km du B\u00e9lier Trail &amp; Rando ; 6\u00e8me femme sur le 21 km du Trail des Bauges ; 2\u00e8me femme sur le 31 km de la Course des Cascades de l\u2019Alloix ; 59\u00e8me (62\u00e8me avec l\u2019Open f\u00e9minin) sur le 13 km des Championnats de France de Course en Montagne Dames ; 9\u00e8me femme sur le 26 km des Princes en Foul\u00e9es ; 2\u00e8me femme sur le 11 km du Trail de la Mandallaz ; 53\u00e8me femme (58\u00e8me avec l\u2019Open f\u00e9minin) sur le 30 km du Trail de la Cit\u00e9 de Pierres, support des Championnats de France de Trail Court ; 2\u00e8me femme sur le 20 km du Trail des Roses (Moras).<\/span><strong><span style=\"color: #0000ff;\"><br \/>\n<\/span><\/strong><\/p>\n<p><strong>N\u00b02, Marie Roupioz :\u00a0<\/strong><br \/>\n* Domicile : Saint-Genis-Laval.<br \/>\n* <span style=\"color: #0000ff;\"><span style=\"color: #000000;\">Date de naissance : 05-04-1991.<\/span><\/span><strong><br \/>\n<span style=\"color: #0000ff;\">* Niveau Betrail : 53,11.<br \/>\n<\/span><\/strong><span style=\"color: #0000ff;\">* Massingienne : <\/span>2\u00e8me femme en 1h18<span style=\"color: #000000;\">\u201948 sur le 15 km en 2023 ; <\/span>4\u00e8me femme en 1h13\u201926 sur le 15 km en 2020 ; 13\u00e8me femme en 1h37\u201939 sur le 16 km en 2016 <span style=\"color: #0000ff;\"><span style=\"color: #000000;\">(non comptabilis\u00e9 sur Betrail).<br \/>\n<span style=\"color: #0000ff;\">* Trails en 2023 : <\/span><\/span><\/span>2\u00e8me femme sur le 18 km du Trail des Tard Venus ; 2\u00e8me femme sur le 16 km du Trail des Passerelles du Monteynard ; 3\u00e8me femme sur le 17 km du M\u00e9sy<span style=\"color: #000000;\">\u2019Trail ; 1\u00e8re femme sur le 18 km du Printemps d\u2019Ozon Courir ; 2\u00e8me femme sur le 15 km de la Massingienne.\u00a0 \u00a0<\/span><span style=\"color: #0000ff;\"><span style=\"color: #000000;\"><br \/>\n<\/span><\/span><span style=\"color: #ffffff;\">.<\/span><br \/>\n<span style=\"color: #ffffff;\">.<\/span><strong><br \/>\nPrincipal outsider f\u00e9minin :<\/strong><\/p>\n<p><strong>Aurore Jacquet :<br \/>\n<\/strong>* Structure : Courir \u00e0 Poisy.<br \/>\n* Domicile : Thusy.<br \/>\n* <span style=\"color: #0000ff;\"><span style=\"color: #000000;\">Date de naissance : 16-07-1980.\u00a0<\/span><\/span><strong><br \/>\n<span style=\"color: #0000ff;\">* Niveau Betrail <\/span><\/strong><span style=\"color: #0000ff;\"><strong>: 45,00.<\/strong><br \/>\n<strong>* Une autre cote est \u00e9galement indiqu\u00e9e : 49,93 pour cinq courses disput\u00e9es de 2017 \u00e0 2022.<\/strong><\/span><strong><span style=\"color: #0000ff;\"><br \/>\n<\/span><\/strong><span style=\"color: #0000ff;\">* Massingienne : <span style=\"color: #000000;\">1\u00e8re participation.<\/span><br \/>\n<strong>* <\/strong>Trail en 2023 :<\/span> 7\u00e8<span style=\"color: #000000;\">me femme sur le 12 km des Trails de Thusy.<br \/>\n<\/span><span style=\"color: #ffffff;\">.<\/span><br \/>\n<span style=\"color: #ffffff;\">.<\/span><strong><br \/>\nAutre outsider f\u00e9minin :<\/strong><\/p>\n<p><span style=\"color: #000000;\"><strong>Juliette Lesueur :<\/strong><\/span><strong style=\"font-size: 0.95em;\"><span style=\"color: #0000ff;\"><br \/>\n<\/span><\/strong>* Structure : Annecy Running Club.<br \/>\n* Domicile : Epagny Metz-Tessy.<br \/>\n* Date de naissance : 30-07-1993.<span style=\"font-size: 0.95em;\"><br \/>\n<\/span><strong><span style=\"color: #0000ff;\">* Niveau Betrail : 52,07.<\/span><\/strong><span style=\"color: #0000ff;\"><br \/>\n<strong>* Une autre cote est \u00e9galement indiqu\u00e9e : 48,98 pour 10 courses disput\u00e9es de 2017 \u00e0 2023.\u00a0<\/strong><\/span><br \/>\n<span style=\"color: #0000ff;\">* Massingienne : <span style=\"color: #000000;\">1\u00e8re participation.<br \/>\n<\/span><\/span><span style=\"color: #0000ff;\">* Trails en 2023 : <span style=\"color: #000000;\">2\u00e8me femme sur le 23 km des Trails de Thusy ; 3\u00e8me femme sur le 11 km du Trail des Gets ;<\/span> <span style=\"color: #000000;\">18\u00e8me femme sur le 30 km du Trail des Forts de Besan\u00e7on.<\/span><\/span><strong style=\"font-size: 0.95em;\"><span style=\"color: #0000ff;\"><br \/>\n<\/span><\/strong><span style=\"color: #ffffff;\">.<\/span><br \/>\n<span style=\"color: #ffffff;\">.<\/span><br \/>\n<span style=\"color: #ffffff;\">.<\/span><strong style=\"font-size: 0.95em;\"><br \/>\n<\/strong><strong>PRONOSTICS SUR LE 1ER TRAIL DE LA VERGONE (9 KM POUR 330 M DE DENIVELE).<br \/>\n<\/strong><span style=\"color: #ffffff;\">.<\/span><br \/>\n<span style=\"color: #ffffff;\">.<\/span><strong style=\"font-size: 0.95em;\"><br \/>\n<\/strong><strong>Parcours sur Trace de Trail :<\/strong><strong style=\"font-size: 0.95em;\"><br \/>\n<\/strong><a href=\"https:\/\/tracedetrail.fr\/fr\/trace\/trace\/241198\">https:\/\/tracedetrail.fr\/fr\/trace\/trace\/241198<\/a><strong><br \/>\n<\/strong><\/p>\n<p><strong>Nombre d\u2019inscrits sur L-Chrono :<br \/>\n<\/strong>137 dont 84 hommes et 53 femmes.<\/p>\n<p><strong>Liste des inscrits sur L-Chrono :<br \/>\n<\/strong><a href=\"https:\/\/tracedetrail.fr\/fr\/trace\/trace\/241198\">https:\/\/tracedetrail.fr\/fr\/trace\/trace\/241198<\/a><br \/>\n<span style=\"color: #ffffff;\">.<\/span><br \/>\n<span style=\"color: #ffffff;\">.<\/span><strong><br \/>\nFavoris :<\/strong><\/p>\n<p><strong>N\u00b01, Paul Chauvetet :<br \/>\n<\/strong>* Structure : So Trail Annecy.<br \/>\n* Domicile : Annecy.<span style=\"font-size: 0.95em;\"><br \/>\n<\/span>* Date de naissance : 09-11-1994.<span style=\"font-size: 0.95em;\"><br \/>\n<\/span><span style=\"color: #0000ff;\"><strong>* Niveau Betrail : 65,27.<\/strong><\/span><strong style=\"font-size: 0.95em;\"><span style=\"color: #0000ff;\"><br \/>\n<\/span><\/strong><span style=\"color: #0000ff;\">* Massingienne : <\/span><span style=\"color: #0000ff;\"><span style=\"color: #000000;\">1\u00e8re participation.<br \/>\n<span style=\"color: #0000ff;\">* Trail en 2024 :<\/span> 3\u00e8me sur le Trail Blanc du Semnoz.<br \/>\n<span style=\"color: #0000ff;\">* Trails en 2023 : <\/span><\/span><\/span>9\u00e8me sur le 6 km de Lavy Des Cimes ; 3\u00e8me sur l\u2019Etape 2 de Seynod des Verti\u2019cimes (non comptabilis\u00e9 sur Betrail).<br \/>\n<span style=\"color: #0000ff;\"><span style=\"color: #000000;\"><span style=\"color: #0000ff;\">* Athl\u00e9tisme en 2023 :<\/span> 156\u00e8me en 33\u201916 (IR3) sur le 10 km de V\u00e9nissieux.<\/span><\/span><\/p>\n<p><strong>N\u00b02, Nasser Tahani :<br \/>\n<\/strong>* Structure : Sallanches Trail Club.<br \/>\n* Domicile : Chamonix-Mont-Blanc.<br \/>\n* <span style=\"color: #0000ff;\"><span style=\"color: #000000;\">Date de naissance : 20-12-1991.\u00a0<\/span><\/span><strong><br \/>\n<span style=\"color: #0000ff;\">* Niveau Betrail : 65,24.<br \/>\n<\/span><\/strong><span style=\"color: #0000ff;\">* Massingienne : <span style=\"color: #000000;\">17\u00e8me en 1h07\u201955 sur le 15 km en 2023<\/span><\/span><span style=\"color: #000000;\">.<br \/>\n<\/span><span style=\"color: #ffffff;\"><span style=\"color: #0000ff;\">* Trails en 2023 : <span style=\"color: #000000;\">3\u00e8me sur le 10 km du St Off En Trail ; 7\u00e8me sur le 20 km de la Foul\u00e9e Drumettaz-Clarafond ; 84\u00e8me sur le Wildstrubel by UTMB ; 7\u00e8me sur le 7 km du B\u00e9lier ; 3\u00e8me sur le 10 km du Trail des Moises ; 3\u00e8me sur le 6 km du Trail Frison Roche ; 99\u00e8me sur le 20 km de la Mont\u00e9e du Nid d\u2019Aigle ; 238\u00e8me sur le 76 km du Trail Verbier St-Bernard by UTMB ; 2\u00e8me sur le 11 km du M\u00e9sy\u2019Trail ; 322\u00e8me sur le 91 km du Marathon du Mont-Blanc ; 24\u00e8me sur 57,60 km (DNF) du Trail des Dahus Sallanchards ; 8\u00e8me sur le 9 km du Lyaud Trail ; 17\u00e8me sur le 15 km de la Massingienne.\u00a0 \u00a0\u00a0<\/span><\/span><br \/>\n<span style=\"color: #ffffff;\">.<\/span><\/span><strong><span style=\"color: #000000;\"><br \/>\nOutsider masculin :<\/span><\/strong><\/p>\n<p><strong><span style=\"color: #000000;\">Anthony Avrillon :<br \/>\n<\/span><\/strong><span style=\"color: #000000;\">* Structure : Albanais Athl\u00e9.<br \/>\n<\/span><span style=\"color: #000000;\">* Domicile : Versonnex.<br \/>\n* Date de naissance : 02-04-1986.<\/span><strong><span style=\"color: #000000;\"><br \/>\n<span style=\"color: #0000ff;\">* Niveau Betrail : 54,99.<br \/>\n<\/span><\/span><\/strong><span style=\"color: #0000ff;\">* Massingienne : <span style=\"color: #000000;\">42\u00e8me en 1h16\u201925 sur le 15 km en 2023 ; 74\u00e8me en 1h21\u201906 sur le 15 km en 2020.<br \/>\n<span style=\"color: #0000ff;\">* Trails en 2023 : <span style=\"color: #000000;\">166\u00e8me sur le 6 km de Lavy Des Cimes ; <\/span><\/span><\/span><\/span>15\u00e8me sur le 10 km du St Off En Trail ; 98\u00e8me sur le 12 km des Trails de Thusy ; 5\u00e8me sur le 11 km des Princes en Foul\u00e9es ; 16\u00e8me sur le 11 km du Trail de la Mandallaz ; 14\u00e8me sur le 10 km de la Chava\u2019Run ; 42\u00e8me sur le 15 km de la Massingienne.<br \/>\n<span style=\"color: #ffffff;\">.<br \/>\n.<br \/>\n.<\/span><strong><span style=\"color: #000000;\"><span style=\"color: #0000ff;\"><br \/>\n<\/span><\/span>LES RESULTATS SUR L-CHRONO :<\/strong><\/p>\n<p><a href=\"https:\/\/www.l-chrono.com\/resultats-la-massingienne-2024\/\">https:\/\/www.l-chrono.com\/resultats-la-massingienne-2024\/<\/a><span style=\"color: #ffffff;\">.<br \/>\n.<br \/>\n.<br \/>\n.<\/span><strong><span style=\"color: #000000;\"><br \/>\nLA PHOTO :<\/span><\/strong><\/p>\n<p><strong><a href=\"https:\/\/i0.wp.com\/www.courzyvite.run\/blog\/wp-content\/uploads\/2024\/03\/DSCN3419-scaled-1-e1709369245693.jpg?ssl=1\"><img data-recalc-dims=\"1\" loading=\"lazy\" decoding=\"async\" class=\"aligncenter size-full wp-image-68721\" src=\"https:\/\/i0.wp.com\/www.courzyvite.run\/blog\/wp-content\/uploads\/2024\/03\/DSCN3419-scaled-1-e1709369245693.jpg?resize=525%2C700&#038;ssl=1\" alt=\"\" width=\"525\" height=\"700\" \/><\/a><\/strong><\/p>\n<p>Clich\u00e9 pris le <strong>4\u00a0mars 2023<\/strong> \u00e0 l\u2019occasion de la 7\u00e8me \u00e9dition de la <strong>Massingienne<\/strong> o\u00f9 <strong>Richard Clavel<\/strong>, licenci\u00e9 alors \u00e0 Annecy Haute-Savoie Athl\u00e9tisme, s\u2019appropriera la victoire sur le <strong>Trail du L\u00e9nard<\/strong>, long de 15 km pour un d\u00e9nivel\u00e9 de 508 m.<\/p>\n<p>Cerise sur le g\u00e2teau, ce jeune senior qui op\u00e9rait dans son village de souche avalera le parcours en 57\u201934, effa\u00e7ant son record personnel r\u00e9alis\u00e9 en 2020 en 58\u201954. Un chrono qui lui permet de s\u2019approcher de la marque r\u00e9f\u00e9rence, port\u00e9e en 2020 \u00e0 56\u201929 par ces deux bolides que sont <strong>Ludovic Baur<\/strong> et <strong>Simon Paccard<\/strong>, arriv\u00e9s de concert.<\/p>\n<p>A l\u2019occasion du mill\u00e9sime 2024, ce coureur issu de l\u2019athl\u00e9tisme s\u2019est lanc\u00e9 un d\u00e9fi en s\u2019alignant sur l\u2019\u00e9preuve reine, dite de <em>\u00ab <\/em>la N\u00e9phaz <em>\u00bb,<\/em> dont le ratio lui est \u00e9tranger, la distance atteignant les 33 km et la d\u00e9nivellation les 1300 m. Il n\u2019en sera pas moins l\u2019un des favoris en d\u00e9pit des deux trails d\u00e9couverte, un 15 et un 17 km, qu\u2019il compte seulement \u00e0 son actif en 2023.<\/p>\n<p><strong>Cr\u00e9dit photo :<br \/>\nMassingy Pour Tous.<\/strong><\/p>\n<p>&nbsp;<\/p>\n<p>&nbsp;<\/p>\n<p><strong>\u00a0<\/strong><\/p>\n<p>&nbsp;<\/p>\n<p><span style=\"color: #0000ff;\"><span style=\"color: #000000;\"><span style=\"color: #3366ff;\"><span style=\"color: #000000;\">\u00a0<\/span><\/span><\/span><\/span><\/p>\n<p>&nbsp;<\/p>\n<p>&nbsp;<\/p>\n<p>&nbsp;<\/p>\n","protected":false},"excerpt":{"rendered":"<p>REPORTAGE PUBLI\u00c9 LE 2 MARS 2024 ULTIME R\u00c9VISION LE 4 JANVIER 2025 . . . PRONOSTICS SUR LE 8EME TRAIL DE LA NEPHAZ (33 KM POUR 1300 M DE DENIVELE) . . Parcours sur Trace de Trail : https:\/\/tracedetrail.fr\/fr\/trace\/trace\/241202 Nombre d\u2019inscrits sur L-Chrono : 156 dont 132 hommes et 24 femmes. Liste des inscrits sur L-Chrono : https:\/\/live.l-chrono.com\/resultats\/la-massingienne-2024 . . Favoris : N\u00b01,\u00a0 : * Domicile : Chamb\u00e9ry. * Date [&#8230;]<\/p>\n","protected":false},"author":2,"featured_media":68721,"comment_status":"closed","ping_status":"closed","sticky":false,"template":"","format":"standard","meta":{"advanced_seo_description":"","jetpack_seo_html_title":"","jetpack_seo_noindex":false,"_jetpack_memberships_contains_paid_content":false,"footnotes":"","jetpack_publicize_message":"","jetpack_publicize_feature_enabled":true,"jetpack_social_post_already_shared":true,"jetpack_social_options":{"image_generator_settings":{"template":"highway","default_image_id":0,"font":"","enabled":false},"version":2}},"categories":[16,13],"tags":[11],"class_list":["post-68717","post","type-post","status-publish","format-standard","has-post-thumbnail","hentry","category-haute-savoie","category-presentations-des-courses","tag-news"],"views":1349,"jetpack_publicize_connections":[],"jetpack_featured_media_url":"https:\/\/i0.wp.com\/www.courzyvite.run\/blog\/wp-content\/uploads\/2024\/03\/DSCN3419-scaled-1-e1710699178996.jpg?fit=525%2C265&ssl=1","jetpack_shortlink":"https:\/\/wp.me\/p7PZ3h-hSl","jetpack_sharing_enabled":true,"_links":{"self":[{"href":"https:\/\/www.courzyvite.run\/blog\/wp-json\/wp\/v2\/posts\/68717","targetHints":{"allow":["GET"]}}],"collection":[{"href":"https:\/\/www.courzyvite.run\/blog\/wp-json\/wp\/v2\/posts"}],"about":[{"href":"https:\/\/www.courzyvite.run\/blog\/wp-json\/wp\/v2\/types\/post"}],"author":[{"embeddable":true,"href":"https:\/\/www.courzyvite.run\/blog\/wp-json\/wp\/v2\/users\/2"}],"replies":[{"embeddable":true,"href":"https:\/\/www.courzyvite.run\/blog\/wp-json\/wp\/v2\/comments?post=68717"}],"version-history":[{"count":3,"href":"https:\/\/www.courzyvite.run\/blog\/wp-json\/wp\/v2\/posts\/68717\/revisions"}],"predecessor-version":[{"id":76603,"href":"https:\/\/www.courzyvite.run\/blog\/wp-json\/wp\/v2\/posts\/68717\/revisions\/76603"}],"wp:featuredmedia":[{"embeddable":true,"href":"https:\/\/www.courzyvite.run\/blog\/wp-json\/wp\/v2\/media\/68721"}],"wp:attachment":[{"href":"https:\/\/www.courzyvite.run\/blog\/wp-json\/wp\/v2\/media?parent=68717"}],"wp:term":[{"taxonomy":"category","embeddable":true,"href":"https:\/\/www.courzyvite.run\/blog\/wp-json\/wp\/v2\/categories?post=68717"},{"taxonomy":"post_tag","embeddable":true,"href":"https:\/\/www.courzyvite.run\/blog\/wp-json\/wp\/v2\/tags?post=68717"}],"curies":[{"name":"wp","href":"https:\/\/api.w.org\/{rel}","templated":true}]}}