{"id":66678,"date":"2023-11-05T08:40:37","date_gmt":"2023-11-05T07:40:37","guid":{"rendered":"https:\/\/www.courzyvite.run\/blog\/?p=66678"},"modified":"2025-01-02T13:39:09","modified_gmt":"2025-01-02T12:39:09","slug":"pronostics-du-trail-panoramic-de-lalbanais-05-11-2023","status":"publish","type":"post","link":"https:\/\/www.courzyvite.run\/blog\/2023\/11\/05\/pronostics-du-trail-panoramic-de-lalbanais-05-11-2023\/","title":{"rendered":"PRONOSTICS DU TRAIL PANORAMIC DE L\u2019ALBANAIS \/ 05-11-2023"},"content":{"rendered":"<p><strong>REPORTAGE PUBLI\u00c9 LE 5 NOVEMBRE 2023<br \/>\nULTIME R\u00c9VISION LE 2 JANVIER 2025<br \/>\n<\/strong><span style=\"color: #ffffff;\">.<\/span><br \/>\n<span style=\"color: #ffffff;\">.<\/span><br \/>\n<span style=\"color: #ffffff;\">.<\/span><strong><br \/>\nPRONOSTICS SUR LE TRAIL PANORAMIC (27 KM POUR 960 M DE DENIVELE) :<br \/>\n<\/strong><span style=\"color: #ffffff;\">.<\/span><br \/>\n<span style=\"color: #ffffff;\">.<\/span><strong><br \/>\nNombre d\u2019inscrits :<br \/>\n96.<br \/>\n<\/strong><span style=\"color: #ffffff;\">.<\/span><br \/>\n<span style=\"color: #ffffff;\">.<\/span><strong style=\"font-size: 0.95em;\"><br \/>\n<\/strong><strong>Liste des inscrits :<\/strong><br \/>\nElle figure sur le site Web <strong>L-Chrono<\/strong> :<br \/>\n<a href=\"https:\/\/live.l-chrono.com\/resultats\/trail-panoramic-de-lalbanais-2023\">https:\/\/live.l-chrono.com\/resultats\/trail-panoramic-de-lalbanais-2023<\/a><br \/>\n<span style=\"color: #ffffff;\">.<\/span><br \/>\n<strong style=\"font-size: 0.95em;\"><span style=\"color: #ffffff;\">.<\/span><br \/>\n<\/strong><strong>Records \u00e0 battre sur le parcours emprunt\u00e9 depuis 2021 :<\/strong><br \/>\n\u2013 hommes : <strong>1h51\u201946<\/strong> en <strong>2022<\/strong>, propri\u00e9t\u00e9 de <strong>Th\u00e9o Orange<\/strong> (Annecy) ;<br \/>\n\u2013 femmes : <strong>2h17\u201927<\/strong> en <strong>2021<\/strong>, propri\u00e9t\u00e9 de <strong>Marie Roupioz<\/strong> (Marcellaz-Albanais).<br \/>\nTous deux seront absents sur ce 3\u00e8me opus.<span style=\"font-size: 0.95em;\"><br \/>\n<\/span><span style=\"color: #ffffff;\">.<\/span><br \/>\n<span style=\"color: #ffffff;\">.<\/span><strong style=\"font-size: 0.95em;\"><br \/>\n<\/strong><strong>Favori :<\/strong><\/p>\n<p><span style=\"color: #0000ff;\"><span style=\"color: #000000;\"><strong><span style=\"color: #333300;\">\u2013 Guillaume Palasset<\/span><\/strong>, n\u00e9 le 11 ao\u00fbt 1992 et demeurant \u00e0 Servoz (74).<br \/>\n<strong><span style=\"color: #0000ff;\">* Niveau Betrail : 73,74.<\/span><\/strong><br \/>\n<span style=\"color: #0000ff;\">* Trail Panoramic de l\u2019Albanais :<\/span> 1\u00e8re participation.<\/span><span style=\"color: #000000;\"><br \/>\n<span style=\"color: #3366ff;\">* Trails en 2023 : <span style=\"color: #000000;\">19\u00e8me sur le 36 km de l\u2019Ultra-Trail du Mont-Blanc ; 12\u00e8me sur le 11 km du Vertical Trail Courmayeur ; 4\u00e8me sur le 34 km du Trail du Tour des Fiz ; 10\u00e8me sur le 4 km du Marathon du Mont-Blanc ; 3\u00e8me sur le 25 km de la Comblorane ; 4\u00e8me sur le 34 km du Trail Alsace Grand Est by UTMB ; 2\u00e8me sur le 42 km de la Trace des Maquisards de l\u2019Ain.\u00a0<\/span><br \/>\n<\/span><\/span><\/span><span style=\"color: #ffffff;\"><span style=\"color: #ffffff;\">.<br \/>\n<\/span>.<\/span><strong><br \/>\nPrincipaux outsiders masculins :\u00a0<\/strong><\/p>\n<p><strong><span style=\"color: #0000ff;\"><span style=\"color: #000000;\"><span style=\"color: #333300;\">\u2013 Thierry Belzuz<\/span><\/span><\/span>\u00a0<\/strong>(ASPTT Annecy Athl\u00e9tisme), <span style=\"color: #0000ff;\"><span style=\"color: #000000;\"><span style=\"color: #000000;\">n\u00e9 le 26 juin 1969 et demeurant \u00e0 Seynod, sur la commune d\u2019Annecy (74).<\/span><br \/>\n<strong><span style=\"color: #0000ff;\">* Niveau Betrail : 63,41.<\/span><\/strong><br \/>\n<span style=\"color: #0000ff;\">* Trail Panoramic de l\u2019Albanais :<\/span><span style=\"color: #000000;\"> 9\u00e8me en 2h07\u201926 sur le 27 km en 2021.\u00a0<\/span><br \/>\n<span style=\"color: #3366ff;\"><span style=\"color: #3366ff;\">* Trails en 2023 : <span style=\"color: #000000;\">170\u00e8me sur le 80 km du Festival des Templiers ;<\/span> <span style=\"color: #000000;\">4\u00e8me sur le 47 km du Trail Margeride ; 75\u00e8me sur le 42 km du B\u00e9lier Trail &amp; Rando ; 6\u00e8me sur le 44 km du Trail en Aubrac ; 183 (193\u00e8me avec l\u2019Open masculin) sur le 13 km des Championnats de France de Course en Montagne Hommes ; 11\u00e8me sur le 21 km de la Vauxoise ; 94\u00e8me (107\u00e8me avec l\u2019Open) sur le 68 km du Trail de la Cit\u00e9 de Pierres, support des Championnats de France de Trail Long ; 6\u00e8me sur le 28 km de la Massingienne ; 56\u00e8me sur le 26 km du Trail Givr\u00e9 de Montanay.<br \/>\n<span style=\"color: #0000ff;\">* Athl\u00e9tisme en 2023 : <\/span><\/span><\/span><\/span><\/span><\/span>52<span style=\"color: #0000ff;\"><span style=\"color: #000000;\"><span style=\"color: #3366ff;\"><span style=\"color: #3366ff;\"><span style=\"color: #000000;\"><span style=\"color: #0000ff;\"><span style=\"color: #000000;\">\u00e8me sur les Championnats de Cross de la Zone Alpes Masters Hommes ; 18\u00e8me sur les Championnats des Savoie de Cross Masters Hommes.<\/span><\/span><\/span><\/span><\/span><\/span><\/span><\/p>\n<p><span style=\"color: #0000ff;\"><span style=\"color: #000000;\"><span style=\"color: #3366ff;\"><span style=\"color: #3366ff;\"><span style=\"color: #000000;\"><strong><span style=\"color: #333300;\">\u2013 Antonin Tiquet <\/span><\/strong>(Les Hameaux du Giffre), n\u00e9 le 15 f\u00e9vrier 1995 et demeurant \u00e0 Allonzier-la-Caille (74).<strong><br \/>\n<span style=\"color: #0000ff;\">* Niveau Betrail : 66,88.<\/span><\/strong><br \/>\n<span style=\"color: #0000ff;\">* Trail Panoramic de l\u2019Albanais :<\/span> 1\u00e8re participation.<br \/>\n<span style=\"color: #0000ff;\">* Trails en 2023 :<\/span> 16\u00e8me sur le 36 km du St Off En Trail ; 36\u00e8me sur le 50 km du Trail des Aiguilles Rouges ; 15\u00e8me sur le 61 km du Trail du Tour des Fiz ; 4\u00e8me sur le 18 km de l\u2019Ultra-Trail du Haut-Giffre ; 70\u00e8me sur le 88 km de la Maxi-Race du Lac d\u2019Annecy ; 33\u00e8me sur le 35 km de l\u2019Ultra Tour du M\u00f4le ; 40\u00e8me sur le 27 km du Trail Nivolet-Revard ; 24\u00e8me sur le 21 km du Trail d\u2019Annecy &#8211; Les Glaisins.<br \/>\n<span style=\"color: #ffffff;\">.<\/span><br \/>\n<span style=\"color: #ffffff;\">.<\/span><br \/>\n<strong>Autre outsider masculin :<\/strong><\/span><\/span><\/span><\/span><\/span><\/p>\n<p><span style=\"color: #0000ff;\"><span style=\"color: #000000;\"><span style=\"color: #3366ff;\"><span style=\"color: #3366ff;\"><span style=\"color: #000000;\"><strong>\u2013 St\u00e9phane Mouille<\/strong>, n\u00e9 le 9 d\u00e9cembre 1970 et demeurant \u00e0 Bonneville (74).<br \/>\n<strong><span style=\"color: #0000ff;\">* Niveau Betrail : 57,49.<\/span><\/strong><br \/>\n<span style=\"color: #0000ff;\">* Trail Panoramic de l\u2019Albanais :<\/span> 14\u00e8me en 2h19\u201915 sur le 27 km en 2022.<br \/>\n<span style=\"color: #0000ff;\">* Trails en 2023 : <span style=\"color: #000000;\">1er sur le Challenge des Trails du Haut-Rh\u00f4ne\u00a0;\u00a010\u00e8me sur le 20 km du Trail de la Semine ;<\/span> <\/span>30\u00e8me sur le 20 km du D\u00e9fi de Fort-l\u2019Ecluse ; 30\u00e8me sur le 27 km du Manigod Trail Challenge ; 23\u00e8me sur le 24 km du Sherpa Trail ; 15\u00e8me sur le 14 km du Trail des Moises ; 42\u00e8me sur le 26 km de l\u2019Argentrail ; 28\u00e8me sur le 26 km du Trail de la Biche ; 14\u00e8me sur le 27 km du M\u00e9sy\u2019Trail ; 42\u00e8me sur le 42 km du Trail des Dentelles de Montmirail ; 19\u00e8me sur le 17 km du Cheylarois Trail ; 33\u00e8me sur le 19 km de l\u2019Allingeoise ; 111\u00e8me sur le 35 km de l\u2019Ultra Tour du M\u00f4le ; 28\u00e8me sur le 26 km des Princes en Foul\u00e9es ; 52\u00e8me sur le 31 km du Trail du Lac Paladru ; 22\u00e8me sur le 22 km du Trail de la Michaille ; 25\u00e8me sur le 28 km de la Massingienne.<br \/>\n<span style=\"color: #ffffff;\">.<\/span><br \/>\n<span style=\"color: #ffffff;\">.<\/span><strong><br \/>\n<\/strong><\/span><\/span><\/span><\/span><\/span><strong>Favorite :<\/strong><\/p>\n<p><span style=\"color: #3366ff;\"><span style=\"color: #000000;\"><strong><span style=\"color: #333300;\">\u2013 Anth\u00e9na Juin <\/span><\/strong><span style=\"color: #333300;\">(Team New Balance France), <\/span>n\u00e9e le 24 novembre 1990 et demeurant \u00e0 Paris 15\u00e8me (75).<br \/>\n<strong><span style=\"color: #0000ff;\">* Niveau Betrail : 65,75.<\/span><\/strong><br \/>\n<span style=\"color: #0000ff;\">* Trail Panoramic de l\u2019Albanais :<\/span> premi\u00e8re\u00a0participation.<br \/>\n<span style=\"color: #0000ff;\">* Trails en 2023 : <\/span><\/span><\/span>6\u00e8me femme sur le 34 km du Grand Trail du Lac ; 1\u00e8re femme sur le 20 km du Trail de Grandvillards ; 5\u00e8me femme sur le 36 km de l\u2019Ultra-Trail du Mont-Blanc ; 1\u00e8re femme sur le 30 km du Trail des Forts de Besan\u00e7on.<span style=\"color: #3366ff;\"><span style=\"color: #000000;\"><span style=\"color: #0000ff;\"><span style=\"color: #000000;\"><span style=\"color: #800000;\"><span style=\"color: #ffffff;\">.<\/span><br \/>\n<\/span><\/span><\/span><\/span><\/span><span style=\"color: #ffffff;\"><span style=\"color: #ffffff;\">.<br \/>\n<\/span>.<\/span><strong><br \/>\nPrincipaux outsiders f\u00e9minins :<\/strong><\/p>\n<p><span style=\"color: #3366ff;\"><span style=\"color: #000000;\"><strong><span style=\"color: #333300;\">\u2013 <\/span><\/strong><span style=\"color: #333300;\">L\u2019Espagnole<\/span><strong><span style=\"color: #333300;\"> Raquel Rivas<\/span><\/strong>, n\u00e9e le 9 mars 1993 et demeurant \u00e0 Servoz (74).<br \/>\n<strong><span style=\"color: #0000ff;\">* Niveau Betrail : 56,51.<\/span><\/strong><br \/>\n<span style=\"color: #0000ff;\">* Trail Panoramic de l\u2019Albanais :<\/span> 1\u00e8re participation.<br \/>\n<span style=\"color: #0000ff;\">* Trails en 2023 : <span style=\"color: #000000;\">12\u00e8me femme sur le 36 km de l\u2019Ultra-Trail du Mont-Blanc ; 20\u00e8me femme sur le 4 km du Marathon du Mont-Blanc ; 3\u00e8me femme sur le 25 km de la Trace des Maquisards de l\u2019Ain.<\/span><\/span><\/span><\/span><\/p>\n<p><strong>\u2013<\/strong> <strong>Alexandra Tournoux<\/strong> (ASPTT Annecy Athl\u00e9tisme), n\u00e9e le 21 avril 1981 et demeurant \u00e0 Annecy-le-Vieux, sur la commune d\u2019Annecy (74).<span style=\"font-size: 0.95em; color: #000000;\"><br \/>\n<\/span><strong><span style=\"color: #0000ff;\">* Niveau Betrail : 55,10.<\/span><\/strong><br \/>\n<span style=\"color: #0000ff;\">* Trail Panoramic de l\u2019Albanais :<\/span> 1\u00e8re participation.<br \/>\n<span style=\"color: #0000ff;\">* Trails en 2023 : <span style=\"color: #000000;\">9\u00e8me femme sur le 33 km du St Off En Trail ; 9\u00e8me femme sur le 22 km du Nice C\u00f4te d<span style=\"color: #3366ff;\"><span style=\"color: #000000;\">\u2019Azur by UTMB ; 10\u00e8me femme sur le 21 km du Trail des Gets ; 36\u00e8me femme sur le 24 km du Marathon du Mont-Blanc ; 48\u00e8me (50\u00e8me avec l\u2019Open f\u00e9minin) sur le 13 km des Championnats de France de Course en Montagne Dames ; 1\u00e8re femme sur le 13 km du Trans Aubrac ; 47\u00e8me femme (51\u00e8me avec l\u2019Open f\u00e9minin) sur le 30 km du Trail de la Cit\u00e9 de Pierres, support des Championnats de France de Trail Court ; 3\u00e8me femme sur le 28 km de la Massingienne ; 10\u00e8me femme sur le Trail Blanc du Semnoz.<br \/>\n<span style=\"color: #0000ff;\">* Athl\u00e9tisme en 2023 :<\/span><\/span><\/span><\/span><\/span> 28\u00e8me femme <span style=\"color: #0000ff;\"><span style=\"color: #000000;\"><span style=\"color: #3366ff;\"><span style=\"color: #000000;\"><span style=\"color: #0000ff;\"><span style=\"color: #000000;\">sur le Semi-Marathon du Lac d\u2019Annecy en 1h29\u201924 (IR4) ; 2\u00e8me femme sur le 16 km de l\u2019Agglocityrun74.\u00a0<\/span><\/span><br \/>\n<span style=\"color: #ffffff;\">.<\/span><br \/>\n<span style=\"color: #ffffff;\">.<\/span><br \/>\n<strong>Autre outsider f\u00e9minin :<\/strong><\/span><\/span><\/span><\/span><\/p>\n<p><span style=\"color: #0000ff;\"><span style=\"color: #000000;\"><span style=\"color: #3366ff;\"><span style=\"color: #000000;\"><strong>\u2013 Julia Haon <\/strong>(Annecy-le-Vieux of Course), n\u00e9e le 9 ao\u00fbt 1979 et demeurant \u00e0 Annecy-le-Vieux, sur la commune d\u2019Annecy (74).<br \/>\n<\/span><\/span><\/span><strong>* Niveau Betrail : 45,58.<\/strong><span style=\"color: #000000;\"><span style=\"color: #3366ff;\"><span style=\"color: #000000;\"><br \/>\n<\/span><\/span><\/span>* Trail Panoramic de l\u2019Albanais :<span style=\"color: #000000;\"><span style=\"color: #3366ff;\"><span style=\"color: #000000;\"> 1\u00e8re participation.<br \/>\n<span style=\"color: #0000ff;\">* Trail en 2016 : <\/span><\/span><\/span><\/span><\/span>18\u00e8me sur le 30 km du Tour des Glaciers de la Vanoise pour son dernier r\u00e9sultat.<span style=\"color: #0000ff;\"><span style=\"color: #000000;\"><span style=\"color: #3366ff;\"><span style=\"color: #000000;\"><br \/>\n<span style=\"color: #ffffff;\">.<\/span><br \/>\n<span style=\"color: #ffffff;\">.<\/span><br \/>\n<\/span><\/span><\/span><\/span><span style=\"color: #ffffff;\">.<\/span><strong><br \/>\nPRONOSTICS SUR LE TRAIL DU FOUR A PAIN (16 KM POUR 500 M DE DENIVELE) :<br \/>\n<\/strong><span style=\"color: #ffffff;\"><span style=\"color: #ffffff;\">.<br \/>\n<\/span>.<\/span><strong><br \/>\nNombre d\u2019inscrits :<br \/>\n201.<\/strong><\/p>\n<p><strong>Liste des inscrits :<\/strong><br \/>\nElle figure sur le site Web L-Chrono :<br \/>\n<a href=\"https:\/\/live.l-chrono.com\/resultats\/trail-panoramic-de-lalbanais-2023\">https:\/\/live.l-chrono.com\/resultats\/trail-panoramic-de-lalbanais-2023<\/a><br \/>\n<span style=\"color: #ffffff;\">.<\/span><br \/>\n<span style=\"color: #ffffff;\">.<\/span><strong style=\"font-size: 0.95em;\"><br \/>\n<\/strong><strong>Records \u00e0 battre sur le parcours emprunt\u00e9 depuis 2021 :<\/strong><br \/>\n\u2013 hommes :<strong> 59\u201949 <\/strong>en <strong>2021<\/strong>, propri\u00e9t\u00e9 de <strong>Victor<\/strong> <strong>Olivier <\/strong>(Annecy-le-Vieux, commune d\u2019Annecy) ;<br \/>\n\u2013 femmes : <strong>1h18\u201939 <\/strong>en<strong> 2021<\/strong>, propri\u00e9t\u00e9 de <strong>Marine Vautrot<\/strong> (Sill\u2019N Run).<br \/>\nTous deux seront absents sur ce 3\u00e8me opus.<br \/>\n<span style=\"color: #ffffff;\">.<\/span><br \/>\n<span style=\"color: #ffffff;\">.<\/span><strong style=\"font-size: 0.95em;\"><br \/>\n<\/strong><strong>Favori :<\/strong><strong style=\"font-size: 0.95em;\"><br \/>\n<\/strong><\/p>\n<p><span style=\"color: #0000ff;\"><span style=\"color: #000000;\"><strong><span style=\"color: #333300;\">\u2013 Cyril Berger<\/span>\u00a0<\/strong>(Optimasport Solutions), n\u00e9 le 2 janvier 1981 et demeurant \u00e0 Vaulx (74).<br \/>\n<span style=\"color: #0000ff;\"><strong>* Niveau Betrail : 69,89.<\/strong><br \/>\n* Trail Panoramic de l\u2019Albanais : <span style=\"color: #000000;\">5\u00e8me en 1h02\u201959 sur le 16 km en 2021.<\/span><\/span><\/span><span style=\"color: #000000;\"><br \/>\n<span style=\"color: #3366ff;\">* Trails en 2023 : <span style=\"color: #000000;\">2\u00e8me sur le 10 km du St Off En Trail ; 2\u00e8me sur le 12 km du St Off En Trail ; 3\u00e8me sur le 36 km du Festival des Templiers ; 2\u00e8me par \u00e9quipes avec <strong>Quentin Clerc<\/strong> <strong>Pithon<\/strong> sur le 42 km en relais \u00e0 2 du Trail de Faverges-Seythenex ; 2\u00e8me sur le 23 km des Trails de Thusy ; 55\u00e8me sur le 36 km de l\u2019Ultra-Trail du Mont-Blanc ; 6\u00e8me sur le 21 km du Trail des Bauges ; 3\u00e8me sur le 47 km de l\u2019Ultra 01 ; 3\u00e8me sur le 20 km du Trail de la Mandallaz ; 5\u00e8me sur le 37 km d\u2019Entrelacs Run and Trail ; 2\u00e8me sur le 30 km de la Chava\u2019Run.\u00a0 \u00a0 \u00a0<\/span>\u00a0<\/span><span style=\"color: #333333;\"><br \/>\n<\/span><\/span><span style=\"color: #ffffff;\">.<\/span><\/span><br \/>\n<span style=\"color: #ffffff;\">.<\/span><strong style=\"font-size: 0.95em;\"><br \/>\n<\/strong><span style=\"color: #000000;\"><strong>Principaux outsiders masculins :<\/strong><\/span><\/p>\n<p><strong><span style=\"color: #0000ff;\"><span style=\"color: #000000;\"><span style=\"color: #333300;\">\u2013 <\/span><\/span><\/span>Samuel Caillet <\/strong>(Running Seynod \/ Team Trail Aix-les-Bains Le Revard), <span style=\"color: #0000ff;\"><span style=\"color: #000000;\">n\u00e9 le 8 f\u00e9vrier 1981 et demeurant \u00e0 Saint-Ours (73).<br \/>\n<strong><span style=\"color: #0000ff;\">* Niveau Betrail : 65,8.<\/span><\/strong><br \/>\n<span style=\"color: #0000ff;\">* Trail Panoramic de l\u2019Albanais :<\/span> 8\u00e8me en 2h07\u201916 sur le 27 km en 2021.<br \/>\n<span style=\"color: #3366ff;\">* Trails en 2023 : <span style=\"color: #000000;\">17\u00e8me sur le 20 km de la Foul\u00e9e de Drumettaz-Clarafond ; 14\u00e8me sur le 32 km du Trail du Galibier-Thabor ; 20\u00e8me sur le 11 km du M\u00e9ribel Trail ; 2\u00e8me sur le 5 km du M\u00e9ribel Trail ; 5\u00e8me sur le 43 km du Trail Volodalen du Jura ; 6\u00e8me sur le 43 km de l\u2019Ultra-Tour de la Motte Chalancon ; 3\u00e8me sur le 24 km du Trail des Dolmens &#8211; Ard\u00e8che ; 8\u00e8me sur le 17 km du Trail des Passerelles du Monteynard ; 4\u00e8me (3\u00e8me officieusement) sur le 27 km du M\u00e9sy\u2019Trail ; 15\u00e8me sur le 18 km de l\u2019Aravis Trail ; 6\u00e8me sur le 25 km de l\u2019Ultra 01 ; <\/span><\/span><\/span><\/span><span style=\"color: #000000;\">7\u00e8me sur le 28 km des Foul\u00e9es de Gruffy ; 41\u00e8me sur le 55 km du Trail Nivolet-Revard ;\u00a024\u00e8me sur le 21 km de la Chatvoyarde ; 14\u00e8me sur la 5\u00e8me sur le 25 km de la Remy Trail ; 12\u00e8me sur le 17 km des Princes en Foul\u00e9es ; 24\u00e8me sur le 21 km de la Chatvoyarde ; 70 km du Trail des Balcons d\u2019Azur ; 7\u00e8me sur le 30 km de la Chava\u2019Run ; 28\u00e8me sur le 15 km de la Massingienne.<\/span><\/p>\n<p><span style=\"color: #0000ff;\"><span style=\"color: #000000;\"><strong>\u2013 Pierre Desrousseaux<\/strong>, n\u00e9 le 9 mai 1983 et demeurant \u00e0 Sillingy (74).<strong><br \/>\n<span style=\"color: #0000ff;\">* Niveau Betrail : 56,05.<\/span><\/strong><br \/>\n<span style=\"color: #0000ff;\">* Trail Panoramic de l\u2019Albanais :<\/span> 5<\/span><\/span>\u00e8me en 1h08\u201954 sur le 16 km en 2022 ; 15\u00e8me en 2h15\u201955 sur le 27 km en 2021.<span style=\"color: #0000ff;\"><span style=\"color: #000000;\"><br \/>\n<span style=\"color: #0000ff;\">* Trails en 2023 :<\/span> 14\u00e8me sur le 17 km du M\u00e9sy\u2019Trail ; 27\u00e8me sur le 11 km du Trail de la Mandallaz.<\/span><\/span><\/p>\n<p><strong><span style=\"color: #0000ff;\"><span style=\"color: #333300;\"><span style=\"color: #000000;\">\u2013 Jean Fortaillier<\/span><\/span><\/span><\/strong>, n\u00e9 le 28 mai 1989 et demeurant \u00e0 Sillingy (74).<strong><br \/>\n<span style=\"color: #0000ff;\">* Niveau Betrail : 62,55.<\/span><\/strong><br \/>\n<span style=\"color: #0000ff;\">* Trail Panoramic de l\u2019Albanais : <span style=\"color: #000000;\">1er en 1h04\u201907 sur le 16 km en 2022 ; 6\u00e8me en 1h05\u201932 sur le 16 km en 2021.\u00a0\u00a0<\/span><br \/>\n* Trails en 2023 : <span style=\"color: #000000;\">3\u00e8me sur le 12 km des Trails de Thusy ;<\/span> <span style=\"color: #000000;\">17\u00e8me sur le 18 km du Manigod Trail Challenge ; 5\u00e8me sur le 11 km du Trail de l\u2019Aigle ; 8\u00e8me sur le 17 km du M\u00e9sy\u2019Trail ; 8\u00e8me sur le 13 km des Foul\u00e9es de Gruffy ; 5\u00e8me sur le 10 km de la Chava\u2019Run.\u00a0<\/span><\/span><\/p>\n<p><strong><span style=\"color: #0000ff;\"><span style=\"color: #333300;\"><span style=\"color: #000000;\">\u2013 Samuel Hervieu <\/span><\/span><\/span><\/strong>(Team Trail Aix-les-Bains Le Revard), n\u00e9 le 15 d\u00e9cembre 1987 et demeurant \u00e0 Saint-Ours (73).<strong><br \/>\n<span style=\"color: #0000ff;\">* Niveau Betrail : 62,07.<\/span><\/strong><br \/>\n<span style=\"color: #0000ff;\">* Trail Panoramic de l\u2019Albanais : <\/span>4\u00e8me<span style=\"color: #0000ff;\"><span style=\"color: #000000;\"> en 1h07\u201946 sur le 16 km en 2022 ; 9\u00e8me en 1h08\u201932 sur le 16 km en 2021.\u00a0\u00a0<\/span><br \/>\n* Trails en 2023 : <\/span>13\u00e8me sur le 10 km du St Off En Trail ; 15\u00e8me sur le 74 km du Grand Trail du Lac ; 9\u00e8me sur le 21 km de la Savoyarde Trail ; 9\u00e8me sur le 12 km de la Cusy<span style=\"color: #0000ff;\"><span style=\"color: #000000;\">\u2019Hard.<br \/>\n<span style=\"color: #0000ff;\">* Athl\u00e9tisme en 2023 : <span style=\"color: #000000;\">8\u00e8me sur le 10 km de la Foul\u00e9e de Drumettaz-Clarafond.<\/span><\/span><\/span><\/span><\/p>\n<p><strong><span style=\"color: #0000ff;\"><span style=\"color: #333300;\"><span style=\"color: #000000;\">\u2013 Bertrand Moreau <\/span><\/span><\/span><\/strong>(Team Running Anthy), n\u00e9 le 28 mai 1989 et demeurant \u00e0 Allonzier-la-Caille (74).<strong><br \/>\n<span style=\"color: #0000ff;\">* Niveau Betrail : 64,67.<\/span><\/strong><br \/>\n<span style=\"color: #0000ff;\">* Trail Panoramic de l\u2019Albanais : <span style=\"color: #000000;\">4\u00e8me en 2h00\u201929 sur le 27 km en 2021.<\/span><\/span><span style=\"color: #0000ff;\"><span style=\"color: #000000;\"><br \/>\n<span style=\"color: #0000ff;\">* Trails en 2023 :<\/span> 402\u00e8me sur le 100 km de<span style=\"color: #3366ff;\">\u00a0<span style=\"color: #000000;\">l\u2019Ultra-Trail du Mont-Blanc ; <\/span><\/span>18\u00e8me sur le 34 km du Trail du Tour des Fiz ; 13\u00e8me sur le 49 km de l\u2019Aravis Trail ; 288\u00e8me sur le 88 km de la Maxi-Race du Lac d\u2019Annecy ; 19\u00e8me sur le 53 km du Trail du Lac de Paladru ; 19\u00e8me sur le Lyaud Trail ; 8\u00e8me sur le 27 km de la Massingienne.<\/span><\/span><span style=\"color: #0000ff;\"><span style=\"color: #000000;\"><span style=\"color: #0000ff;\"><span style=\"color: #000000;\"><span style=\"color: #ffffff;\">.<\/span><br \/>\n<span style=\"color: #ffffff;\">.<\/span><br \/>\n<span style=\"color: #0000ff;\"><span style=\"color: #ffffff;\">.<\/span><strong><span style=\"color: #000000;\"><br \/>\n<\/span><\/strong><\/span><\/span><\/span><\/span><\/span><strong>Autres outsiders masculins :<\/strong><\/p>\n<p><span style=\"color: #0000ff;\"><span style=\"color: #000000;\"><span style=\"color: #0000ff;\"><span style=\"color: #000000;\"><span style=\"color: #0000ff;\"><strong><span style=\"color: #000000;\">\u2013 Emilien Badet-Guimera<\/span><\/strong><span style=\"color: #000000;\">, n\u00e9 le 8 septembre 1994 et demeurant \u00e0 Echenevex (01).<\/span><strong><br \/>\n* Niveau Betrail : 60,67.<\/strong><\/span><br \/>\n<span style=\"color: #0000ff;\">* Trail Panoramic de l\u2019Albanais : <span style=\"color: #000000;\">1\u00e8re\u00a0participation.<\/span><\/span><br \/>\n<span style=\"color: #0000ff;\">* Trails en 2023 : <span style=\"color: #000000;\">68\u00e8me sur le 70 km du Wildstrubel by UTMB ; 215\u00e8me sur le 42 km du B\u00e9lier Trail &amp; Rando ; 90\u00e8me sur le 27 km du B\u00e9lier Trail &amp; Rando ; 59\u00e8me sur le 60 km du Trail des Forts de Besan\u00e7on ; 8\u00e8me sur le 22 km du Trail des Monts de Gy.<\/span><\/span><\/span><\/span><\/span><\/span><\/p>\n<p><span style=\"color: #0000ff;\"><span style=\"color: #000000;\"><strong>\u2013 Morgan Benedetti<\/strong>, n\u00e9 le 10 novembre 1988 et demeurant \u00e0 Sales (74).<strong><br \/>\n<span style=\"color: #0000ff;\">* Niveau Betrail : 57,43.<\/span><\/strong><br \/>\n<span style=\"color: #0000ff;\">* Trail Panoramic de l\u2019Albanais : <\/span><\/span><\/span>16\u00e8me en 1h13\u201951 sur le 16 km en 2022.<span style=\"color: #0000ff;\"><span style=\"color: #000000;\"><br \/>\n<span style=\"color: #0000ff;\">* Trails en 2023 : <span style=\"color: #000000;\">20\u00e8me sur le 7 km du B\u00e9lier Trail &amp; Rando ; 47\u00e8me sur le 24 km du Trail des Passerelles du Trail de Monteynard ; 18\u00e8me sur le 22 km de la Cusy\u2019Hard ; 22\u00e8me sur le 15 km de la Massingienne.<\/span><\/span><\/span><\/span><\/p>\n<p><span style=\"color: #0000ff;\"><span style=\"color: #000000;\"><span style=\"color: #0000ff;\"><span style=\"color: #000000;\"> <strong>\u2013 Laurent Bruy\u00e8re<\/strong>, n\u00e9 le 26 d\u00e9cembre 1975 et demeurant \u00e0 Rumilly (74).<strong><br \/>\n<span style=\"color: #0000ff;\">* Niveau Betrail : 55,33.<\/span><\/strong><br \/>\n<span style=\"color: #0000ff;\">* Trail Panoramic de l\u2019Albanais :<\/span> 19\u00e8me en 1h14\u201927 sur le 16 km en 2022.<br \/>\n<span style=\"color: #0000ff;\">* Trails en 2023 : <span style=\"color: #000000;\">18\u00e8me sur le 23 km des Trails de Thusy ; 28\u00e8me sur le 22 km de la Cusy\u2019Hard ; 36\u00e8me sur le 13 km des Foul\u00e9es de Gruffy ; 22\u00e8me sur le 17 km des Princes en Foul\u00e9es ; 27\u00e8me sur le 15 km de la Massingienne.<\/span><\/span><\/span><\/span><\/span><\/span><\/p>\n<p><span style=\"color: #0000ff;\"><span style=\"color: #000000;\"><strong>\u2013 Arthur Mouille<\/strong>, n\u00e9 le 6 octobre 2000 et demeurant \u00e0 Lyon 8\u00e8me (69).<strong><br \/>\n<span style=\"color: #0000ff;\">* Niveau Betrail : 59,80.<\/span><\/strong><br \/>\n<span style=\"color: #0000ff;\">* Trail Panoramic de l\u2019Albanais :<\/span> 1\u00e8re participation.<\/span><\/span><span style=\"color: #0000ff;\"><span style=\"color: #000000;\"><br \/>\n<span style=\"color: #0000ff;\">* Trail en 2022 : <\/span>62\u00e8me sur le 24 km de la Saint\u00e9Lyon pour son dernier r\u00e9sultat.<\/span><\/span><\/p>\n<p><span style=\"color: #0000ff;\"><span style=\"color: #000000;\"><strong>\u2013 Claude Trehudic <\/strong>(SLAC \/ Gendarmerie Annecy), n\u00e9 le 24 juin 1991 et demeurant \u00e0 La Balme-de-Sillingy (74).\u00a0<strong><br \/>\n<span style=\"color: #0000ff;\">* Niveau Betrail : 55,23.<\/span><\/strong><br \/>\n<\/span>* Trail Panoramic de l\u2019Albanais :<span style=\"color: #000000;\"> 9<\/span><\/span>\u00e8me en 1h11\u201906 sur le 16 km en 2022 ; 25\u00e8me en 2h21\u201918 sur le 27 km en 2021.\u00a0<span style=\"color: #0000ff;\"><span style=\"color: #000000;\"><br \/>\n<span style=\"color: #0000ff;\">* Trail en 2023 :<\/span> 10\u00e8me sur le 12 km des Trails de Thusy.<br \/>\n<span style=\"color: #ffffff;\">.<\/span><br \/>\n<span style=\"color: #ffffff;\">.<\/span><br \/>\n<\/span><\/span><strong>Favorite :<\/strong><\/p>\n<p><span style=\"color: #0000ff;\"><span style=\"color: #000000;\"><strong style=\"color: #000000;\">\u2013 Nad\u00e8ge Vignand<\/strong><span style=\"color: #000000;\"> (ASPTT Annecy Athl\u00e9tisme), n\u00e9e le 19 d\u00e9cembre 1972 et demeurant \u00e0 Desingy (74).<\/span><br \/>\n<strong style=\"color: #000000;\"><span style=\"color: #0000ff;\">* Niveau Betrail : 54,18.<\/span><\/strong><br \/>\n<span style=\"color: #0000ff;\">* Trail Panoramic de l\u2019Albanais : <\/span><span style=\"color: #0000ff;\"><span style=\"color: #000000;\">1\u00e8re<\/span><\/span><\/span><\/span>\u00a0participation.<span style=\"color: #0000ff;\"><span style=\"color: #000000;\"><br \/>\n<span style=\"color: #0000ff;\">* Trails en 2023 :<\/span><span style=\"color: #000000;\"> 1\u00e8re femme sur le 20 km du Trail de la Semine ; 2\u00e8me femme sur le 15 km du Trail de Gi J\u2019Y Monte ; 10\u00e8me femme sur le 42 km du B\u00e9lier Trail &amp; Rando ; 6\u00e8me femme sur le 21 km du Trail des Bauges ; 2\u00e8me femme sur le 31 km de la Course des Cascades de l\u2019Alloix ; 59\u00e8me (62\u00e8me avec l\u2019Open f\u00e9minin) sur le 13 km des Championnats de France de Course en Montagne Dames ; 9\u00e8me femme sur le 26 km des Princes en Foul\u00e9es ; 2\u00e8me femme sur le 11 km du Trail de la Mandallaz ; 53\u00e8me femme <\/span><span style=\"color: #3366ff;\"><span style=\"color: #000000;\">(58\u00e8me avec l\u2019Open f\u00e9minin) <\/span><\/span><span style=\"color: #000000;\">sur le 30 km du Trail de la Cit\u00e9 de Pierres, <\/span><\/span><\/span>support des Championnats de France de Trail Court <span style=\"color: #0000ff;\"><span style=\"color: #000000;\"><span style=\"color: #000000;\">; 2\u00e8me femme sur le 20 km du Trail des Roses.<\/span><br \/>\n<span style=\"color: #ffffff;\">.<\/span><br \/>\n<span style=\"color: #ffffff;\">.<\/span><br \/>\n<\/span><\/span><strong>Principaux outsiders f\u00e9minins :<\/strong><\/p>\n<p><span style=\"color: #0000ff;\"><span style=\"color: #000000;\"><strong>\u2013 Rapha\u00eblle Cozic<\/strong> (Rumilly Trail Running), n\u00e9e le 19 janvier 1981 et demeurant \u00e0 Marigny-Saint-Marcel (74).<br \/>\n<strong><span style=\"color: #0000ff;\">* Niveau Betrail : 47,18.<br \/>\n\u00e9galement 63,87 pour une seule course.<\/span><\/strong><br \/>\n<span style=\"color: #0000ff;\">* Trail Panoramic de l\u2019Albanais : <\/span><\/span><\/span>21\u00e8me en 3h05\u201914 sur le 27 km en 2022 ; 43\u00e8me en 54\u201918 sur le 9 km en 2021, restant de bout en bout en compagnie de ses deux camarades que sont <strong>Amandine Yasar<\/strong> et <strong>Emilie Sagnole<\/strong>.\u00a0<span style=\"color: #0000ff;\"><span style=\"color: #000000;\"><br \/>\n<span style=\"color: #0000ff;\">* Trails en 2023 : <span style=\"color: #000000;\">6\u00e8me femme sur le 20 km du D\u00e9fi de Fort-l\u2019Ecluse ; 20\u00e8me femme sur le 25 km du Trail de l\u2019Aigle ; 109\u00e8me femme sur le 24 km du Marathon du Mont-Blanc ; 9\u00e8me femme sur le 12 km de la Cusy\u2019Hard ; 26\u00e8me femme sur le 13 km des Foul\u00e9es de Gruffy ; 41\u00e8me femme sur le 27 km du Trail Nivolet-Revard ; 10\u00e8me femme sur le 11 km du Trail de la Mandallaz ; 9\u00e8me femme sur le 10 km d\u2019Entrelacs Run and Trail (oubli\u00e9 sur Betrail) ; 13\u00e8me femme sur le 9 km du Trail des Grottes ; 6\u00e8me femme sur le 15 km de la Massingienne ; 66\u00e8me femme sur le Trail Blanc du Semnoz (non comptabilis\u00e9 sur Betrail).<br \/>\n<span style=\"color: #0000ff;\">* Running en 2023 : <span style=\"color: #000000;\">12\u00e8me femme sur le 10 km de la Foul\u00e9e de Drumettaz-Clarafond ; 3\u00e8me femme sur le 8 km de la Tresservienne.<\/span><\/span><\/span><\/span><\/span><\/span><\/p>\n<p><span style=\"color: #0000ff;\"><span style=\"color: #000000;\"><span style=\"color: #0000ff;\"><span style=\"color: #000000;\"><span style=\"color: #0000ff;\"><span style=\"color: #000000;\"><strong>\u2013 Aurore Jacquet<\/strong> (Courir \u00e0 Poisy), n\u00e9e le 16 juillet 1980 et demeurant \u00e0 Thusy (74).<br \/>\n<\/span><strong>* Niveau Betrail <\/strong><strong>: 45,00.<\/strong><br \/>\nUne autre cote est \u00e9galement indiqu\u00e9e : 49,93 pour cinq courses disput\u00e9es de 2017 \u00e0 2022.<strong><br \/>\n<\/strong>* Trail Panoramic de l\u2019Albanais : <\/span><\/span><\/span><\/span><\/span>6\u00e8me femme en 2h38\u201922 sur le 27 km en 2022 ; 11\u00e8me femme en 1h30\u201935 sur le 16 km en 2021.<span style=\"color: #0000ff;\"><span style=\"color: #000000;\"><span style=\"color: #0000ff;\"><span style=\"color: #000000;\"><span style=\"color: #0000ff;\"><br \/>\n<strong>* <\/strong>Trail en 2023 : <\/span><\/span><\/span><\/span><\/span>7\u00e8me femme sur le 12 km des Trails de Thusy.<span style=\"color: #0000ff;\"><span style=\"color: #000000;\"><span style=\"color: #0000ff;\"><span style=\"color: #000000;\"><span style=\"color: #0000ff;\"><br \/>\n<span style=\"color: #ffffff;\">.<\/span><br \/>\n<span style=\"color: #ffffff;\">.<\/span><br \/>\n<\/span><\/span><\/span><\/span><\/span><span style=\"color: #0000ff;\"><span style=\"color: #000000;\"><span style=\"color: #0000ff;\"><span style=\"color: #000000;\"><span style=\"color: #0000ff;\"><span style=\"color: #000000;\"><strong>Autre outsider f\u00e9minin :\u00a0<\/strong><\/span><\/span><\/span><\/span><\/span><\/span><\/p>\n<p><span style=\"color: #0000ff;\"><span style=\"color: #000000;\"><span style=\"color: #0000ff;\"><span style=\"color: #000000;\"><span style=\"color: #0000ff;\"><span style=\"color: #000000;\"><strong>\u2013 Malorie Raphoz<\/strong> (Sill\u2019N Run), n\u00e9e le 19 mai 1973 et demeurant \u00e0 Lovagny (74).<\/span><br \/>\n<strong>* Niveau Betrail : 44,14.<\/strong><br \/>\n<span style=\"color: #000000;\"><span style=\"color: #0000ff;\">* Trail Panoramic de l\u2019Albanais : <span style=\"color: #000000;\">5\u00e8me femme en 1h31\u201920 sur le 16 km en 2022<\/span>\u00a0;<\/span> 32\u00e8me femme en 1h40\u201949 sur le 16 km en 2021.<\/span><br \/>\n* Trails en 2023 :<span style=\"color: #000000;\"> 30\u00e8me femme sur le 15 km du Trail de Faverges-Seythenex ; 9\u00e8me femme sur le 12 km des Trails de Thusy ; 262\u00e8me femme sur le 31 km de Sierre-Zinal ; 35\u00e8me femme sur le 18 km du Meg\u00e8ve Nature Trail ; 34\u00e8me femme sur le 13 km des Foul\u00e9es de Gruffy ; 16\u00e8me femme sur le 11 km du Trail de la Mandallaz ; 26\u00e8me femme sur le 18 km d\u2019Entrelacs Run and Trail ; 3\u00e8me femme sur le 10 km de la Chava\u2019Run ; 12\u00e8me femme sur le 15 km de la Massingienne.<\/span><br \/>\n<\/span><\/span><\/span><\/span><\/span><span style=\"color: #ffffff;\"><span style=\"color: #0000ff;\"><span style=\"color: #ffffff;\">.<\/span><br \/>\n<\/span>.<\/span><br \/>\n<span style=\"color: #ffffff;\">.<\/span><strong><br \/>\nPRONOSTICS SUR LE TRAIL DES FEODIERES (10 KM POUR 290 M DE DENIVELE) :<br \/>\n<\/strong><span style=\"color: #ffffff;\"><span style=\"color: #ffffff;\">.<br \/>\n<\/span>.<\/span><strong><br \/>\nNombre d\u2019inscrits :<br \/>\n<\/strong><strong>131.<br \/>\n<\/strong><span style=\"color: #ffffff;\">.<\/span><br \/>\n<span style=\"color: #ffffff;\">.<\/span><strong style=\"font-size: 0.95em;\"><br \/>\n<\/strong><strong>Liste des inscrits :<br \/>\n<\/strong>Elle figure sur le site Web <strong>L-Chrono<\/strong> :<br \/>\n<a href=\"https:\/\/live.l-chrono.com\/resultats\/cross-de-la-semine-2023\">https:\/\/live.l-chrono.com\/resultats\/cross-de-la-semine-2023<\/a><br \/>\n<span style=\"color: #ffffff;\">.<\/span><br \/>\n<span style=\"color: #ffffff;\">.<\/span><strong style=\"font-size: 0.95em;\"><br \/>\n<\/strong><strong>Records \u00e0 battre sur le parcours emprunt\u00e9 depuis 2022 :<\/strong><br \/>\n\u2013 hommes : <strong>41\u201940<\/strong> en <strong>2022<\/strong>, propri\u00e9t\u00e9 de <strong>Antoine Gueroult<\/strong>\u00a0(Nonglard) ;<br \/>\n\u2013 femmes : <strong>46\u201902<\/strong> en <strong>2022<\/strong>, propri\u00e9t\u00e9 de <strong>Amandine Dahl<\/strong> (Neydens).<br \/>\nTous deux seront absents sur ce 3\u00e8me opus.<strong><br \/>\n<\/strong><span style=\"color: #ffffff;\"><em>.<\/em><\/span><br \/>\n<span style=\"color: #ffffff;\"><em>.<\/em><\/span><strong style=\"font-size: 0.95em;\"><br \/>\n<\/strong><strong>Favori :<\/strong><\/p>\n<p><strong>Nasser Tahani<\/strong> (Sallanches Trail Club), n\u00e9 le 20 d\u00e9cembre 1991 et demeurant \u00e0 Chamonix-Mont-Blanc (74).<br \/>\n<span style=\"color: #0000ff;\"><span style=\"color: #000000;\"><strong><span style=\"color: #0000ff;\">* Niveau Betrail : 65,21.<\/span><\/strong><br \/>\n<span style=\"color: #0000ff;\">* Trail Panoramic de l\u2019Albanais :<\/span> 3<\/span><\/span>\u00e8me en 37\u201914 sur le 9 km en 2021.<span style=\"color: #0000ff;\"><span style=\"color: #000000;\"><br \/>\n<span style=\"color: #0000ff;\">* Trails en 2023 : <span style=\"color: #000000;\">3\u00e8me sur le 10 km du St Off En Trail ; 7\u00e8me sur le 20 km de la Foul\u00e9e de Drumettaz-Clarafond ; 84\u00e8me sur le 70 km du Wildstrubel by UTMB ; 836\u00e8me sur le 171 km de l\u2019Ultra-Trail du Mont-Blanc ; 7\u00e8me sur le 7 km du B\u00e9lier Trail &amp; Rando ; 3\u00e8me sur le 10 km du Trail des Moises ; 3\u00e8me sur le 6 km du Trail Frison Roche ; 99\u00e8me sur le 20 km de la Mont\u00e9e du Nid d\u2019Aigle ; 238\u00e8me sur le 76 km du Trail Verbier Saint-Bernard by UTMB ; 2\u00e8me sur le 11 km du M\u00e9sy\u2019Trail ; 322 sur le 91 km du Marathon du Mont-Blanc ; 8\u00e8me sur le 9 km du Lyaud Trail ; 17\u00e8me sur le 15 km de la Massingienne.\u00a0 \u00a0<\/span><\/span><br \/>\n<span style=\"color: #ffffff;\">.<\/span><br \/>\n<span style=\"color: #ffffff;\">.<\/span><br \/>\n<\/span><\/span><strong>Principal outsider masculin :<\/strong><\/p>\n<p><strong>\u2013 Valentin Gaidon<\/strong>, n\u00e9 le 1er f\u00e9vrier 1993 et demeurant \u00e0 Valli\u00e8res-sur-Fier (74).<br \/>\n<strong><span style=\"color: #0000ff;\">* Niveau Betrail : 56,05.<\/span><\/strong><br \/>\n<span style=\"color: #0000ff;\">* Trail Panoramic de l\u2019Albanais :<\/span> 3\u00e8me en 45\u201911 sur le 10 km en 2022.<br \/>\n<span style=\"color: #0000ff;\">* Trail en 2023 :<\/span> 9\u00e8me sur le 12 km du Trail de la Semine.<br \/>\n<span style=\"color: #ffffff;\">.<\/span><br \/>\n<span style=\"color: #ffffff;\">.<\/span><strong><br \/>\nAutres outsiders masculins :<\/strong><\/p>\n<p><strong>\u2013 Lo\u00efc Aubert <\/strong>(Rumilly Trail Running), n\u00e9 le 5 octobre 1991 et demeurant \u00e0 Rumilly (74).<strong><br \/>\n<span style=\"color: #0000ff;\">* Niveau Betrail : 54,67.<\/span><\/strong><br \/>\n<span style=\"color: #0000ff;\">* Trail Panoramic de l\u2019Albanais :<\/span> 12\u00e8me en 47\u201910 sur le 10 km en 2022 ; 6\u00e8me en 39\u201948 sur le 9 km en 2021.<br \/>\n<span style=\"color: #0000ff;\">* Trails en 2023 : <span style=\"color: #000000;\">57\u00e8me sur le 20 km du D\u00e9fi de Fort-l\u2019Ecluse ; 23\u00e8me sur le 13 km du Saint-Joire Trail Festival ; 61\u00e8me sur le 32 km du Trail du Gypa\u00e8te ; 224\u00e8me sur le 55 km du Trail Nivolet-Revard ; 63\u00e8me sur le 26 km des Princes en Foul\u00e9es ; 19\u00e8me sur le 15 km du Trail d\u2019Annecy &#8211; Les Glaisins ; 24\u00e8me sur le 15 km de la Massingienne.\u00a0\u00a0<\/span><\/span><\/p>\n<p><strong>\u2013 Anthony Avrillon <\/strong>(Albanais Athl\u00e9), n\u00e9 le 2 avril 1986 et demeurant \u00e0 Versonnex (74).<strong><br \/>\n<span style=\"color: #0000ff;\">* Niveau Betrail : 55,26.<\/span><\/strong><br \/>\n<span style=\"color: #0000ff;\">* Trail Panoramic de l\u2019Albanais :<\/span> 1\u00e8re participation.<br \/>\n<span style=\"color: #0000ff;\">* Trails en 2023 : <span style=\"color: #000000;\">15\u00e8me sur le 10 km du St Off En Trail ; 98\u00e8me sur le 12 km des Trails de Thusy ; 5\u00e8me sur le 11 km des Princes en Foul\u00e9es ; 16\u00e8me sur le 11 km du Trail de la Mandallaz ; 14\u00e8me sur le 10 km de la Chava\u2019Run ; 42\u00e8me sur le 15 km de la Massingienne.\u00a0<\/span><\/span><strong><br \/>\n<\/strong><\/p>\n<p><strong>\u2013 Ludovic Josserand <\/strong>(Sal\u00e8ve Trail), n\u00e9 le 29 f\u00e9vrier 1988 et demeurant \u00e0 Cruseilles (74).<br \/>\n<strong><span style=\"color: #0000ff;\">* Niveau Betrail : 54,27.<\/span><\/strong><br \/>\n<span style=\"color: #0000ff;\">* Trail Panoramic de l\u2019Albanais :<\/span> 21\u00e8me en 1h14\u201946 sur le 16 km en 2022.<br \/>\n<span style=\"color: #0000ff;\">* Trails en 2023 : <\/span>23\u00e8me sur le 10 km du Manigod Trail Challenge ; 26\u00e8me sur le 11 km du M\u00e9sy\u2019Trail ; 44\u00e8me sur le 30 km du Trail du Sal\u00e8ve ; 8\u00e8me sur le 11 km des Princes en Foul\u00e9es ; 20\u00e8me sur le 11 km du Trail de la Mandallaz ; 25\u00e8me sur le 9 km du Lyaud Trail ; 40\u00e8me sur le 28 km de la Massingienne.<br \/>\n<span style=\"color: #ffffff;\">.<\/span><br \/>\n<span style=\"color: #ffffff;\">.<\/span><strong style=\"font-size: 0.95em;\"><br \/>\n<\/strong><strong>Favorites :<\/strong><\/p>\n<p><strong>\u2013 <\/strong>L\u2019Espagnole <strong><span style=\"color: #000000;\">Estibaliz Montaru <\/span><\/strong><span style=\"color: #000000;\">(<span style=\"color: #0000ff;\"><span style=\"color: #333300;\">ASPTT Annecy Athl\u00e9tisme \/ Run In Annecy<\/span><\/span>), n\u00e9e le 28 juin 1978 et demeurant \u00e0 Saint-Martin-Bellevue, sur la commune de Filli\u00e8re (74).<br \/>\n<\/span><strong><span style=\"color: #0000ff;\">* Niveau Betrail : 47,19.<\/span><\/strong><br \/>\n<span style=\"color: #0000ff;\">* Trail Panoramic de l\u2019Albanais :<\/span> 28\u00e8me femme en 3h11\u201917 sur le 27 km en 2022 ; 9\u00e8me femme en 2h51\u201930 sur le 27 km en 2021.<br \/>\n<span style=\"color: #0000ff;\">* Trails en 2023 : <span style=\"color: #000000;\">64\u00e8me femme sur le Km Vertical de Fully ; 21\u00e8me femme sur le 11 km du Trail de l\u2019Aigle ; 7\u00e8me femme sur le 22 km de la Cusy\u2019Hard ; 40\u00e8me femme sur le 45 km de la Maxi-Race du Lac d\u2019Annecy ; 105\u00e8me (113\u00e8me avec l\u2019Open f\u00e9minin) sur le 13 km des Championnats de France de Course en Montagne Dames ; 21\u00e8me femme sur le 23 km du Trail Herm\u00e8s Fr\u00e9jus Est\u00e9rel ; 109\u00e8me (137\u00e8me avec l\u2019Open f\u00e9minin) sur le 30 km du Trail de la Cit\u00e9 de Pierres, <\/span><\/span>support des Championnats de France de Trail Court Femmes.<br \/>\n<span style=\"color: #0000ff;\">* Athl\u00e9tisme en 2023 : <span style=\"color: #000000;\">36\u00e8me femme sur le Semi-Marathon des Sources du Lac d\u2019Annecy en 1h50\u201958 ; 13\u00e8me\u00a0femme sur le 16 km de l\u2019Agglocityrun74 ; <\/span><\/span>47\u00e8me sur les Championnats des Savoie de Cross Long Femmes.<\/p>\n<p><span style=\"color: #0000ff;\"><span style=\"color: #000000;\"><strong>\u2013 Audrey Sprogis<\/strong>, n\u00e9e le 20 octobre 1990 et demeurant \u00e0 Ch\u00eane-en-Semine (74).<br \/>\n<strong><span style=\"color: #0000ff;\">* Niveau Betrail : 47,70.<\/span><\/strong><br \/>\n<span style=\"color: #0000ff;\">* Trail Panoramic de l\u2019Albanais :<\/span> 4\u00e8me femme en 54\u201923 sur le 10 km en 2022.<br \/>\n<span style=\"color: #0000ff;\">* Trails en 2023 :<\/span> 8\u00e8me femme sur le 12 km des Trails de Thusy ; 8\u00e8me femme sur le 11 km du Trail de la Mandallaz.<br \/>\n<span style=\"color: #ffffff;\">.<\/span><br \/>\n<span style=\"color: #ffffff;\">.<\/span><br \/>\n<\/span><\/span><strong>Principal outsider f\u00e9minin :\u00a0<\/strong><\/p>\n<p><span style=\"color: #0000ff;\"><span style=\"color: #000000;\"><strong>\u2013 C\u00e9line Coton<\/strong>, n\u00e9e le 19 octobre 1977 et demeurant \u00e0 Annecy-le-Vieux, sur la commune d\u2019Annecy (74).<br \/>\n<strong><span style=\"color: #0000ff;\">* Niveau Betrail : 40,62.<\/span><\/strong><br \/>\n<span style=\"color: #0000ff;\">* Trail Panoramic de l\u2019Albanais :<\/span> 9\u00e8me femme en 1h10\u201900 sur le 10 km en 2022.<br \/>\n<span style=\"color: #0000ff;\">* Trails en 2023 :<\/span> 14\u00e8me femme sur le 12 km des Trails de Thusy ; 14\u00e8me femme sur le 7 km de la Cusy\u2019Hard ; 66\u00e8me femme sur le 13 km des Foul\u00e9es de Gruffy ; 15\u00e8me femme sur le 15 km de la Chava\u2019Run.<br \/>\n<span style=\"color: #ffffff;\">.<\/span><br \/>\n<span style=\"color: #ffffff;\">.<\/span><br \/>\n<span style=\"color: #ffffff;\">.<\/span><br \/>\n<strong>PALMARES DEPUIS 2021 :<br \/>\n<span style=\"color: #ff0000;\">EN TRAVAUX !<br \/>\n<\/span><\/strong><span style=\"color: #ffffff;\">.<br \/>\n.<br \/>\n.<\/span><strong><span style=\"color: #ff0000;\"><br \/>\n<\/span><span style=\"color: #000000;\">19 PHOTOS DES FAVORIS ET OUTSIDERS DE LA 3EME EDITION, CONCOURUE EN 2023 :<\/span><\/strong><\/span><\/span><\/p>\n<p><a href=\"https:\/\/i0.wp.com\/www.courzyvite.run\/blog\/wp-content\/uploads\/2023\/11\/27km-IMG_8909BD.webp?ssl=1\"><img data-recalc-dims=\"1\" loading=\"lazy\" decoding=\"async\" class=\"aligncenter size-full wp-image-66740\" src=\"https:\/\/i0.wp.com\/www.courzyvite.run\/blog\/wp-content\/uploads\/2023\/11\/27km-IMG_8909BD.webp?resize=860%2C574&#038;ssl=1\" alt=\"\" width=\"860\" height=\"574\" srcset=\"https:\/\/i0.wp.com\/www.courzyvite.run\/blog\/wp-content\/uploads\/2023\/11\/27km-IMG_8909BD.webp?w=1024&amp;ssl=1 1024w, https:\/\/i0.wp.com\/www.courzyvite.run\/blog\/wp-content\/uploads\/2023\/11\/27km-IMG_8909BD.webp?resize=300%2C200&amp;ssl=1 300w, https:\/\/i0.wp.com\/www.courzyvite.run\/blog\/wp-content\/uploads\/2023\/11\/27km-IMG_8909BD.webp?resize=150%2C100&amp;ssl=1 150w, https:\/\/i0.wp.com\/www.courzyvite.run\/blog\/wp-content\/uploads\/2023\/11\/27km-IMG_8909BD.webp?resize=768%2C512&amp;ssl=1 768w\" sizes=\"auto, (max-width: 860px) 100vw, 860px\" \/><\/a><\/p>\n<p>Dossard 523 : <strong>Thierry Belzuz <\/strong>(ASPTT Annecy Athl\u00e9tisme),\u00a0<strong>un des principaux outsiders masculins sur le Trail Panoramic (27 km)<\/strong>, disput\u00e9 le dimanche 5 novembre 2023 \u00e0 Saint-Eus\u00e8be dans le cadre de la 3\u00e8me \u00e9dition du Trail Panoramic de l\u2019Albanais (TPA).<\/p>\n<p>Clich\u00e9 pris le 7 novembre 2021 \u00e0 l\u2019occasion du 1er TPA qui verra ce gendarme originaire du Lot-et-Garonne s\u2019approprier, sur le Trail Panoramic (27 km), la 9\u00e8me place (1er M3H) en 2h07\u201926.<br \/>\nImage r\u00e9alis\u00e9e sur le sentier du Vieux Four, au sortir du bois de Fr\u00eanes (km 13,5).<\/p>\n<p><strong>Cr\u00e9dit photo :<br \/>\nCaroline Duhamel <\/strong>(Les Foul\u00e9es de Gruffy).<\/p>\n<p><a href=\"https:\/\/i0.wp.com\/www.courzyvite.run\/blog\/wp-content\/uploads\/2023\/11\/2022_trail-panoramic-171-e1699777045308.jpg?ssl=1\"><img data-recalc-dims=\"1\" loading=\"lazy\" decoding=\"async\" class=\"aligncenter size-full wp-image-66806\" src=\"https:\/\/i0.wp.com\/www.courzyvite.run\/blog\/wp-content\/uploads\/2023\/11\/2022_trail-panoramic-171-e1699777045308.jpg?resize=467%2C700&#038;ssl=1\" alt=\"\" width=\"467\" height=\"700\" \/><\/a><strong>St\u00e9phane Mouille <\/strong>(Bonneville), <strong>un des outsiders masculins sur le Trail Panoramic (27 km)<\/strong>, disput\u00e9 le dimanche 5 novembre 2023 \u00e0 Saint-Eus\u00e8be dans le cadre de la 3\u00e8me \u00e9dition du Trail Panoramic de l\u2019Albanais (TPA).<\/p>\n<p>Clich\u00e9 pris le 6 novembre 2022 \u00e0 l\u2019occasion du 2\u00e8me TPA o\u00f9 St\u00e9phane s\u2019appropriera, sur le Trail Panoramic (27 km), la 14\u00e8me place (1er M3H) en 2h19\u201915.<br \/>\nImage r\u00e9alis\u00e9e sur le sentier du Vieux Four, au sortir du bois de Fr\u00eanes (km 13,5).<\/p>\n<p><strong>Cr\u00e9dit photo :<br \/>\nCaroline Duhamel <\/strong>(Les Foul\u00e9es de Gruffy).<\/p>\n<p><strong><span style=\"color: #0000ff;\"><span style=\"color: #333300;\"><span style=\"color: #000000;\"><a href=\"https:\/\/i0.wp.com\/www.courzyvite.run\/blog\/wp-content\/uploads\/2023\/11\/IMG_3270.webp?ssl=1\"><img data-recalc-dims=\"1\" loading=\"lazy\" decoding=\"async\" class=\"aligncenter size-full wp-image-66796\" src=\"https:\/\/i0.wp.com\/www.courzyvite.run\/blog\/wp-content\/uploads\/2023\/11\/IMG_3270.webp?resize=860%2C574&#038;ssl=1\" alt=\"\" width=\"860\" height=\"574\" \/><\/a>Cyril Berger <\/span><\/span><\/span><\/strong><span style=\"color: #0000ff;\"><span style=\"color: #333300;\"><span style=\"color: #000000;\">(Optimasport Solutions)<\/span><\/span><\/span>, <strong>favori sur le Trail du Four \u00e0 Pain (16 km)<\/strong>, disput\u00e9 le dimanche 5 novembre 2023 \u00e0 Saint-Eus\u00e8be dans le cadre de la 3\u00e8me \u00e9dition du Trail Panoramic de l\u2019Albanais (TPA).<\/p>\n<p>Clich\u00e9 pris le 7 novembre 2021 \u00e0 l\u2019occasion du 1er TPA o\u00f9 Cyril s\u2019appropriera, sur le Trail du Four \u00e0 Pain (16 km), la 5\u00e8me place (1er M1H) en 1h02\u201959.<br \/>\nImage r\u00e9alis\u00e9e peu avant l\u2019arriv\u00e9e, jug\u00e9e sur la route d\u2019Orbessy, \u00e0 hauteur du terrain de boules qui sert de camp de base.<\/p>\n<p><strong>Cr\u00e9dit photo :<br \/>\nJean-Claude Delachenal <\/strong>(Saint-Julien-en-Genevois).<\/p>\n<p><a href=\"https:\/\/i0.wp.com\/www.courzyvite.run\/blog\/wp-content\/uploads\/2023\/11\/IMG_3468.webp?ssl=1\"><img data-recalc-dims=\"1\" loading=\"lazy\" decoding=\"async\" class=\"size-full wp-image-66770 alignnone\" src=\"https:\/\/i0.wp.com\/www.courzyvite.run\/blog\/wp-content\/uploads\/2023\/11\/IMG_3468.webp?resize=820%2C547&#038;ssl=1\" alt=\"\" width=\"820\" height=\"547\" srcset=\"https:\/\/i0.wp.com\/www.courzyvite.run\/blog\/wp-content\/uploads\/2023\/11\/IMG_3468.webp?w=820&amp;ssl=1 820w, https:\/\/i0.wp.com\/www.courzyvite.run\/blog\/wp-content\/uploads\/2023\/11\/IMG_3468.webp?resize=300%2C200&amp;ssl=1 300w, https:\/\/i0.wp.com\/www.courzyvite.run\/blog\/wp-content\/uploads\/2023\/11\/IMG_3468.webp?resize=150%2C100&amp;ssl=1 150w, https:\/\/i0.wp.com\/www.courzyvite.run\/blog\/wp-content\/uploads\/2023\/11\/IMG_3468.webp?resize=768%2C512&amp;ssl=1 768w\" sizes=\"auto, (max-width: 820px) 100vw, 820px\" \/><\/a><\/p>\n<p><strong><span style=\"color: #0000ff;\"><span style=\"color: #333300;\"><span style=\"color: #000000;\">Samuel Caillet <\/span><\/span><\/span><\/strong><span style=\"color: #0000ff;\"><span style=\"color: #333300;\"><span style=\"color: #000000;\">(Running Seynod \/ Team Trail Aix-les-Bains)<\/span><\/span><\/span>,\u00a0<strong>un des principaux outsiders masculins sur le Trail du Four \u00e0 Pain (16 km)<\/strong>, disput\u00e9 le dimanche 5 novembre 2023 \u00e0 Saint-Eus\u00e8be dans le cadre de la 3\u00e8me \u00e9dition du Trail Panoramic de l\u2019Albanais (TPA).<\/p>\n<p>Clich\u00e9 pris le 7 novembre 2021 \u00e0 l\u2019occasion du 1er TPA o\u00f9 Samuel s\u2019appropriera, sur le Trail Panoramic (27 km), la 8\u00e8me place (3\u00e8me M1H) en 2h07\u201916.<br \/>\nImage r\u00e9alis\u00e9e \u00e0 l\u2019intersection entre la route d\u2019Orbessy et le chemin du Bois de Nulle, \u00e0 hauteur de l\u2019\u00e9cole (km 26,8).<\/p>\n<p><strong>Cr\u00e9dit photo :<br \/>\nJean-Claude Delachenal <\/strong>(Saint-Julien-en-Genevois).<\/p>\n<p><strong><span style=\"color: #0000ff;\"><span style=\"color: #333300;\"><span style=\"color: #000000;\"><a href=\"https:\/\/i0.wp.com\/www.courzyvite.run\/blog\/wp-content\/uploads\/2023\/11\/2022_trail-panoramic-3-e1699809719835.jpg?ssl=1\"><img data-recalc-dims=\"1\" loading=\"lazy\" decoding=\"async\" class=\"aligncenter size-full wp-image-66820\" src=\"https:\/\/i0.wp.com\/www.courzyvite.run\/blog\/wp-content\/uploads\/2023\/11\/2022_trail-panoramic-3-e1699809719835.jpg?resize=467%2C700&#038;ssl=1\" alt=\"\" width=\"467\" height=\"700\" \/><\/a>Pierre Desrousseaux <\/span><\/span><\/span><\/strong><span style=\"color: #0000ff;\"><span style=\"color: #333300;\"><span style=\"color: #000000;\">(Sillingy)<\/span><\/span><\/span>,\u00a0<strong>un des principaux outsiders masculins sur le Trail du Four \u00e0 Pain (16 km)<\/strong>, disput\u00e9 le dimanche 5 novembre 2023 \u00e0 Saint-Eus\u00e8be dans le cadre de la 3\u00e8me \u00e9dition du Trail Panoramic de l\u2019Albanais (TPA).<\/p>\n<p>Clich\u00e9 pris le 6 novembre 2022 \u00e0 l\u2019occasion du 2\u00e8me TPA o\u00f9 Pierre s\u2019appropriera, sur le Trail du Four \u00e0 Pain (16 km), la 5\u00e8me place (2\u00e8me M1H) en 2h08\u201954.<br \/>\nImage r\u00e9alis\u00e9e sur le sentier du Vieux Four, au sortir du bois de Fr\u00eanes (km 6,4).<\/p>\n<p><strong>Cr\u00e9dit photo :<\/strong><br \/>\n<strong>Cl\u00e9ment Barrioz <\/strong>(Menthonnex-sous-Clermont).<\/p>\n<p><strong><span style=\"color: #0000ff;\"><span style=\"color: #333300;\"><span style=\"color: #000000;\"><a href=\"https:\/\/i0.wp.com\/www.courzyvite.run\/blog\/wp-content\/uploads\/2023\/11\/2022_trail-panoramic-5-1-e1699810316874.jpg?ssl=1\"><img data-recalc-dims=\"1\" loading=\"lazy\" decoding=\"async\" class=\"aligncenter size-full wp-image-66821\" src=\"https:\/\/i0.wp.com\/www.courzyvite.run\/blog\/wp-content\/uploads\/2023\/11\/2022_trail-panoramic-5-1-e1699810316874.jpg?resize=467%2C700&#038;ssl=1\" alt=\"\" width=\"467\" height=\"700\" \/><\/a>Jean Fortailler <\/span><\/span><\/span><\/strong><span style=\"color: #0000ff;\"><span style=\"color: #333300;\"><span style=\"color: #000000;\">(Sillingy)<\/span><\/span><\/span>,\u00a0<strong>un des principaux outsiders masculins sur le Trail du Four \u00e0 Pain (16 km)<\/strong>, disput\u00e9 le dimanche 5 novembre 2023 \u00e0 Saint-Eus\u00e8be dans le cadre de la 3\u00e8me \u00e9dition du Trail Panoramic de l\u2019Albanais (TPA).<\/p>\n<p>Clich\u00e9 pris le 6 novembre 2022 \u00e0 l\u2019occasion du 2\u00e8me TPA o\u00f9 Jean s\u2019appropriera, sur le Trail du Four \u00e0 Pain (16 km), la 1\u00e8re place (1er M1H) en 1h04\u201907.<br \/>\nImage r\u00e9alis\u00e9e sur le sentier du Vieux Four, au sortir du bois de Fr\u00eanes (km 6,4).<\/p>\n<p><strong>Cr\u00e9dit photo :<\/strong><br \/>\n<strong>Cl\u00e9ment Barrioz <\/strong>(Menthonnex-sous-Clermont).<strong><br \/>\n<a href=\"https:\/\/i0.wp.com\/www.courzyvite.run\/blog\/wp-content\/uploads\/2023\/11\/2022_trail-panoramic-2-e1699819151753.jpg?ssl=1\"><img data-recalc-dims=\"1\" loading=\"lazy\" decoding=\"async\" class=\"aligncenter size-full wp-image-66832\" src=\"https:\/\/i0.wp.com\/www.courzyvite.run\/blog\/wp-content\/uploads\/2023\/11\/2022_trail-panoramic-2-e1699819151753.jpg?resize=467%2C700&#038;ssl=1\" alt=\"\" width=\"467\" height=\"700\" \/><\/a>Samuel Hervieu<\/strong> (Team Trail Aix-les-Bains Le Revard),\u00a0<strong>un des principaux outsiders masculins sur le Trail du Four \u00e0 Pain (16 km)<\/strong>, disput\u00e9 le dimanche 5 novembre 2023 \u00e0 Saint-Eus\u00e8be dans le cadre de la 3\u00e8me \u00e9dition du Trail Panoramic de l\u2019Albanais (TPA).<\/p>\n<p>Clich\u00e9 pris le 6 novembre 2022 \u00e0 l\u2019occasion du 2\u00e8me TPA o\u00f9 Samuel s\u2019appropriera, sur le Trail du Four \u00e0 Pain (16 km), la 4\u00e8me place (1er M0H) en 1h07\u201946.<br \/>\nImage r\u00e9alis\u00e9e sur le sentier du Vieux Four, au sortir du bois de Fr\u00eanes (km 6,4).<\/p>\n<p><strong>Cr\u00e9dit photo :<\/strong><br \/>\n<strong>Cl\u00e9ment Barrioz <\/strong>(Menthonnex-sous-Clermont).<\/p>\n<p><a href=\"https:\/\/i0.wp.com\/www.courzyvite.run\/blog\/wp-content\/uploads\/2023\/11\/IMG_3463.webp?ssl=1\"><img data-recalc-dims=\"1\" loading=\"lazy\" decoding=\"async\" class=\"aligncenter size-full wp-image-66744\" src=\"https:\/\/i0.wp.com\/www.courzyvite.run\/blog\/wp-content\/uploads\/2023\/11\/IMG_3463.webp?resize=820%2C547&#038;ssl=1\" alt=\"\" width=\"820\" height=\"547\" srcset=\"https:\/\/i0.wp.com\/www.courzyvite.run\/blog\/wp-content\/uploads\/2023\/11\/IMG_3463.webp?w=820&amp;ssl=1 820w, https:\/\/i0.wp.com\/www.courzyvite.run\/blog\/wp-content\/uploads\/2023\/11\/IMG_3463.webp?resize=300%2C200&amp;ssl=1 300w, https:\/\/i0.wp.com\/www.courzyvite.run\/blog\/wp-content\/uploads\/2023\/11\/IMG_3463.webp?resize=150%2C100&amp;ssl=1 150w, https:\/\/i0.wp.com\/www.courzyvite.run\/blog\/wp-content\/uploads\/2023\/11\/IMG_3463.webp?resize=768%2C512&amp;ssl=1 768w\" sizes=\"auto, (max-width: 820px) 100vw, 820px\" \/><\/a><\/p>\n<p><strong><span style=\"color: #0000ff;\"><span style=\"color: #333300;\"><span style=\"color: #000000;\">Bertrand Moreau <\/span><\/span><\/span><\/strong>(Team Running Anthy),\u00a0<strong>un des principaux outsiders masculins sur le Trail du Four \u00e0 Pain (16 km)<\/strong>, disput\u00e9 le dimanche 5 novembre 2023 \u00e0 Saint-Eus\u00e8be dans le cadre de la 3\u00e8me \u00e9dition du Trail Panoramic de l\u2019Albanais (TPA).<\/p>\n<p>Clich\u00e9 pris le 7 novembre 2021 \u00e0 l\u2019occasion du 1er TPA o\u00f9 ce nivernais de souche s\u2019appropriera, sur le Trail Panoramic (27 km), la 4\u00e8me place (2\u00e8me M1H) en 2h00\u201929.<br \/>\nImage r\u00e9alis\u00e9e \u00e0 l\u2019intersection entre la route d\u2019Orbessy et le chemin du Bois de Nulle, \u00e0 hauteur de l\u2019\u00e9cole (km 26,8).<\/p>\n<p><strong>Cr\u00e9dit photo :<br \/>\nJean-Claude Delachenal <\/strong>(Saint-Julien-en-Genevois).<\/p>\n<p><a href=\"https:\/\/i0.wp.com\/www.courzyvite.run\/blog\/wp-content\/uploads\/2023\/11\/2022_trail-panoramic-6-e1699813355483.jpg?ssl=1\"><img data-recalc-dims=\"1\" loading=\"lazy\" decoding=\"async\" class=\"aligncenter size-full wp-image-66827\" src=\"https:\/\/i0.wp.com\/www.courzyvite.run\/blog\/wp-content\/uploads\/2023\/11\/2022_trail-panoramic-6-e1699813355483.jpg?resize=467%2C700&#038;ssl=1\" alt=\"\" width=\"467\" height=\"700\" \/><\/a><strong>Morgan Benedetti<\/strong> (Sales), <strong>un des outsiders masculins sur le Trail du Four \u00e0 Pain (16 km)<\/strong>, disput\u00e9 le dimanche 5 novembre 2023 \u00e0 Saint-Eus\u00e8be dans le cadre de la 3\u00e8me \u00e9dition du Trail Panoramic de l\u2019Albanais (TPA).<\/p>\n<p>Clich\u00e9 pris le 6 novembre 2022 \u00e0 l\u2019occasion du 2\u00e8me TPA o\u00f9 Morgan s\u2019appropriera, sur le Trail du Four \u00e0 Pain (16 km), la 16\u00e8me place (3\u00e8me M0H) en 1h13\u201951.<br \/>\nImage r\u00e9alis\u00e9e sur le sentier du Vieux Four, au sortir du bois de Fr\u00eanes (km 6,4).<\/p>\n<p><strong>Cr\u00e9dit photo :<\/strong><br \/>\n<strong>Cl\u00e9ment Barrioz <\/strong>(Menthonnex-sous-Clermont).<br \/>\n<a href=\"https:\/\/i0.wp.com\/www.courzyvite.run\/blog\/wp-content\/uploads\/2023\/11\/27km-IMG_8954BD.webp?ssl=1\"><img data-recalc-dims=\"1\" loading=\"lazy\" decoding=\"async\" class=\"aligncenter size-full wp-image-66830\" src=\"https:\/\/i0.wp.com\/www.courzyvite.run\/blog\/wp-content\/uploads\/2023\/11\/27km-IMG_8954BD.webp?resize=800%2C533&#038;ssl=1\" alt=\"\" width=\"800\" height=\"533\" srcset=\"https:\/\/i0.wp.com\/www.courzyvite.run\/blog\/wp-content\/uploads\/2023\/11\/27km-IMG_8954BD.webp?w=800&amp;ssl=1 800w, https:\/\/i0.wp.com\/www.courzyvite.run\/blog\/wp-content\/uploads\/2023\/11\/27km-IMG_8954BD.webp?resize=300%2C200&amp;ssl=1 300w, https:\/\/i0.wp.com\/www.courzyvite.run\/blog\/wp-content\/uploads\/2023\/11\/27km-IMG_8954BD.webp?resize=150%2C100&amp;ssl=1 150w, https:\/\/i0.wp.com\/www.courzyvite.run\/blog\/wp-content\/uploads\/2023\/11\/27km-IMG_8954BD.webp?resize=768%2C512&amp;ssl=1 768w\" sizes=\"auto, (max-width: 800px) 100vw, 800px\" \/><\/a>A gauche : <span style=\"color: #0000ff;\"><span style=\"color: #000000;\"><strong>Claude Trehudic <\/strong>(SLAC \/ Gendarmerie Annecy)<\/span><\/span>, <strong>un des outsiders masculins sur le Trail du Four \u00e0 Pain (16 km)<\/strong>, disput\u00e9 le dimanche 5 novembre 2023 \u00e0 Saint-Eus\u00e8be dans le cadre de la 3\u00e8me \u00e9dition du Trail Panoramic de l\u2019Albanais (TPA).<\/p>\n<p>Clich\u00e9 pris le 7 novembre 2021 \u00e0 l\u2019occasion du 1er TPA o\u00f9 Claude s\u2019appropriera, sur le Trail Panoramic (27 km), la 25\u00e8me place (12\u00e8me SEH) en 2h21\u201918.<br \/>\nImage r\u00e9alis\u00e9e sur le sentier du Vieux Four, au sortir du bois de Fr\u00eanes (km 13,5).<\/p>\n<p><strong>Cr\u00e9dit photo :<\/strong><br \/>\n<strong>Cl\u00e9ment Barrioz <\/strong>(Menthonnex-sous-Clermont).<\/p>\n<div dir=\"auto\">\n<p><a href=\"https:\/\/i0.wp.com\/www.courzyvite.run\/blog\/wp-content\/uploads\/2023\/11\/2022_trail-panoramic-228-e1672836160423.webp?ssl=1\"><img data-recalc-dims=\"1\" loading=\"lazy\" decoding=\"async\" class=\"aligncenter size-full wp-image-66690\" src=\"https:\/\/i0.wp.com\/www.courzyvite.run\/blog\/wp-content\/uploads\/2023\/11\/2022_trail-panoramic-228-e1672836160423.webp?resize=860%2C573&#038;ssl=1\" alt=\"\" width=\"860\" height=\"573\" srcset=\"https:\/\/i0.wp.com\/www.courzyvite.run\/blog\/wp-content\/uploads\/2023\/11\/2022_trail-panoramic-228-e1672836160423.webp?w=900&amp;ssl=1 900w, https:\/\/i0.wp.com\/www.courzyvite.run\/blog\/wp-content\/uploads\/2023\/11\/2022_trail-panoramic-228-e1672836160423.webp?resize=300%2C200&amp;ssl=1 300w, https:\/\/i0.wp.com\/www.courzyvite.run\/blog\/wp-content\/uploads\/2023\/11\/2022_trail-panoramic-228-e1672836160423.webp?resize=150%2C100&amp;ssl=1 150w, https:\/\/i0.wp.com\/www.courzyvite.run\/blog\/wp-content\/uploads\/2023\/11\/2022_trail-panoramic-228-e1672836160423.webp?resize=768%2C512&amp;ssl=1 768w\" sizes=\"auto, (max-width: 860px) 100vw, 860px\" \/><\/a><\/p>\n<p><strong>Rapha\u00eblle Cozic <\/strong>(Rumilly Trail Running), <strong>un des principaux outsiders f\u00e9minins sur le Trail du Four \u00e0 Pain (16 km)<\/strong>, disput\u00e9 le dimanche 5 novembre 2023 \u00e0 Saint-Eus\u00e8be dans le cadre de la 3\u00e8me \u00e9dition du Trail Panoramic de l\u2019Albanais (TPA).<\/p>\n<p>Clich\u00e9 pris le 6 novembre 2022 \u00e0 l\u2019occasion du 2\u00e8me TPA o\u00f9 cette enfant de Saint-Eus\u00e8be s\u2019adjugera, sur le Trail Panoramic (27 km), la 21\u00e8me place f\u00e9minine (6\u00e8me M1F, 82\u00e8me au scratch) en 3h05\u201914.<br \/>\nImage r\u00e9alis\u00e9e sur le sentier du Vieux Four, au sortir du bois de Fr\u00eanes (km 13,5).<\/p>\n<p><strong>Cr\u00e9dit photo :<\/strong><br \/>\n<strong>Cl\u00e9ment Barrioz <\/strong>(Menthonnex-sous-Clermont).<br \/>\n<a href=\"https:\/\/i0.wp.com\/www.courzyvite.run\/blog\/wp-content\/uploads\/2023\/11\/2022_trail-panoramic-177-1-e1699773168858.jpg?ssl=1\"><img data-recalc-dims=\"1\" loading=\"lazy\" decoding=\"async\" class=\"aligncenter size-full wp-image-66803\" src=\"https:\/\/i0.wp.com\/www.courzyvite.run\/blog\/wp-content\/uploads\/2023\/11\/2022_trail-panoramic-177-1-e1699773168858.jpg?resize=860%2C573&#038;ssl=1\" alt=\"\" width=\"860\" height=\"573\" \/><\/a><span style=\"color: #0000ff;\"><span style=\"color: #000000;\"><strong>Aurore Jacquet<\/strong> (Courir \u00e0 Poisy), <strong>un des principaux outsiders f\u00e9minins sur le Trail du Four \u00e0 Pain (16 km)<\/strong>, disput\u00e9 le dimanche 5 novembre 2023 \u00e0 Saint-Eus\u00e8be dans le cadre de la 3\u00e8me \u00e9dition du Trail Panoramic de l\u2019Albanais (TPA).<\/span><\/span><\/p>\n<p>Clich\u00e9 pris le 6 novembre 2022 \u00e0 l\u2019occasion du 2\u00e8me TPA o\u00f9 Aurore s\u2019appropriera, sur le Trail Panoramic (27 km), la 6\u00e8me place f\u00e9minine (2\u00e8me M1F, 33\u00e8me au scratch) en 2h38\u201922.<br \/>\nImage r\u00e9alis\u00e9e sur le sentier du Vieux Four, au sortir du bois de Fr\u00eanes (km 13,5).<\/p>\n<p><strong>Cr\u00e9dit photo :<\/strong><br \/>\n<strong>Cl\u00e9ment Barrioz <\/strong>(Menthonnex-sous-Clermont).<br \/>\n<a href=\"https:\/\/i0.wp.com\/www.courzyvite.run\/blog\/wp-content\/uploads\/2023\/11\/2022_trail-panoramic-55-e1699779128589.jpg?ssl=1\"><img data-recalc-dims=\"1\" loading=\"lazy\" decoding=\"async\" class=\"aligncenter size-full wp-image-66809\" src=\"https:\/\/i0.wp.com\/www.courzyvite.run\/blog\/wp-content\/uploads\/2023\/11\/2022_trail-panoramic-55-e1699779128589.jpg?resize=467%2C700&#038;ssl=1\" alt=\"\" width=\"467\" height=\"700\" \/><\/a><span style=\"color: #0000ff;\"><span style=\"color: #000000;\"><strong>Malorie Raphoz<\/strong> (Sill\u2019N Run), <strong>outsider f\u00e9minin sur le Trail du Four \u00e0 Pain (16 km)<\/strong>, disput\u00e9 le dimanche 5 novembre 2023 \u00e0 Saint-Eus\u00e8be dans le cadre de la 3\u00e8me \u00e9dition du Trail Panoramic de l\u2019Albanais (TPA).<\/span><\/span><\/p>\n<p>Clich\u00e9 pris le 6 novembre 2022 \u00e0 l\u2019occasion du 2\u00e8me TPA o\u00f9 Malorie s\u2019appropriera, sur le Trail du Four \u00e0 Pain (27 km), la 5\u00e8me place f\u00e9minine (1\u00e8re M3F, 71\u00e8me au scratch) en 1h31\u201920.<br \/>\nImage r\u00e9alis\u00e9e sur le sentier du Vieux Four, au sortir du bois de Fr\u00eanes (km 6,4).<\/p>\n<p><strong>Cr\u00e9dit photo :<\/strong><br \/>\n<strong>Cl\u00e9ment Barrioz <\/strong>(Menthonnex-sous-Clermont).<\/p>\n<p><a href=\"https:\/\/i0.wp.com\/www.courzyvite.run\/blog\/wp-content\/uploads\/2023\/11\/2022_trail-panoramic-91-1-e1699698767961.jpg?ssl=1\"><img data-recalc-dims=\"1\" loading=\"lazy\" decoding=\"async\" class=\"aligncenter size-full wp-image-66776\" src=\"https:\/\/i0.wp.com\/www.courzyvite.run\/blog\/wp-content\/uploads\/2023\/11\/2022_trail-panoramic-91-1-e1699698767961.jpg?resize=860%2C573&#038;ssl=1\" alt=\"\" width=\"860\" height=\"573\" \/><\/a><\/p>\n<\/div>\n<p><strong><span style=\"color: #0000ff;\"><span style=\"color: #333300;\"><span style=\"color: #000000;\">Nasser Tahani <\/span><\/span><\/span><\/strong><span style=\"color: #0000ff;\"><span style=\"color: #333300;\"><span style=\"color: #000000;\">(Chamonix-Mont-Blanc)<\/span><\/span><\/span>,<strong> favori<\/strong> <strong>sur le\u00a0Trail des F\u00e9odi\u00e8res (10 km)<\/strong>, disput\u00e9 le dimanche 5 novembre 2023 \u00e0 Saint-Eus\u00e8be dans le cadre de la 3\u00e8me \u00e9dition du Trail Panoramic de l\u2019Albanais (TPA).<\/p>\n<p>Clich\u00e9 pris le 6 novembre 2022 \u00e0 l\u2019occasion du 2\u00e8me TPA o\u00f9 Nasser s\u2019appropriera, sur le Trail des F\u00e9odi\u00e8res (10 km), la 2\u00e8me place (2\u00e8me SEH) en 42\u201928.<br \/>\nImage r\u00e9alis\u00e9e sur le sentier du Vieux Four, au sortir du bois de Fr\u00eanes (km 6,4).<\/p>\n<p><strong>Cr\u00e9dit photo :<\/strong><br \/>\n<strong>Cl\u00e9ment Barrioz <\/strong>(Menthonnex-sous-Clermont).<\/p>\n<p><span style=\"color: #0000ff;\"><span style=\"color: #000000;\"><span style=\"color: #0000ff;\"><span style=\"color: #000000;\"><span style=\"color: #0000ff;\"><span style=\"color: #000000;\"> <a href=\"https:\/\/i0.wp.com\/www.courzyvite.run\/blog\/wp-content\/uploads\/2023\/11\/2022_trail-panoramic-93.jpg?ssl=1\"><img data-recalc-dims=\"1\" loading=\"lazy\" decoding=\"async\" class=\"aligncenter size-full wp-image-66777\" src=\"https:\/\/i0.wp.com\/www.courzyvite.run\/blog\/wp-content\/uploads\/2023\/11\/2022_trail-panoramic-93.jpg?resize=860%2C573&#038;ssl=1\" alt=\"\" width=\"860\" height=\"573\" srcset=\"https:\/\/i0.wp.com\/www.courzyvite.run\/blog\/wp-content\/uploads\/2023\/11\/2022_trail-panoramic-93.jpg?w=2000&amp;ssl=1 2000w, https:\/\/i0.wp.com\/www.courzyvite.run\/blog\/wp-content\/uploads\/2023\/11\/2022_trail-panoramic-93.jpg?resize=300%2C200&amp;ssl=1 300w, https:\/\/i0.wp.com\/www.courzyvite.run\/blog\/wp-content\/uploads\/2023\/11\/2022_trail-panoramic-93.jpg?resize=1024%2C682&amp;ssl=1 1024w, https:\/\/i0.wp.com\/www.courzyvite.run\/blog\/wp-content\/uploads\/2023\/11\/2022_trail-panoramic-93.jpg?resize=150%2C100&amp;ssl=1 150w, https:\/\/i0.wp.com\/www.courzyvite.run\/blog\/wp-content\/uploads\/2023\/11\/2022_trail-panoramic-93.jpg?resize=768%2C512&amp;ssl=1 768w, https:\/\/i0.wp.com\/www.courzyvite.run\/blog\/wp-content\/uploads\/2023\/11\/2022_trail-panoramic-93.jpg?resize=1536%2C1024&amp;ssl=1 1536w, https:\/\/i0.wp.com\/www.courzyvite.run\/blog\/wp-content\/uploads\/2023\/11\/2022_trail-panoramic-93.jpg?w=1720&amp;ssl=1 1720w\" sizes=\"auto, (max-width: 860px) 100vw, 860px\" \/><\/a><\/span><\/span><\/span><\/span><\/span><\/span><strong><span style=\"color: #0000ff;\"><span style=\"color: #333300;\"><span style=\"color: #000000;\"> Valentin Gaidon <\/span><\/span><\/span><\/strong><span style=\"color: #0000ff;\"><span style=\"color: #333300;\"><span style=\"color: #000000;\">(Valli\u00e8res-sur-Fier)<\/span><\/span><\/span>,<strong> principal outsider masculin sur le\u00a0Trail des F\u00e9odi\u00e8res (10 km)<\/strong>, disput\u00e9 le dimanche 5 novembre 2023 \u00e0 Saint-Eus\u00e8be dans le cadre de la 3\u00e8me \u00e9dition du Trail Panoramic de l\u2019Albanais (TPA).<\/p>\n<p>Clich\u00e9 pris le 5 novembre 2022 \u00e0 l\u2019occasion du 2\u00e8me TPA o\u00f9 Valentin s\u2019appropriera, sur le Trail des F\u00e9odi\u00e8res (10 km), la 3\u00e8me place (3\u00e8me SEH) en 45\u201911.<br \/>\nImage r\u00e9alis\u00e9e sur le sentier du Vieux Four, au sortir du bois de Fr\u00eanes (km 6,4).<\/p>\n<p><strong>Cr\u00e9dit photo :<\/strong><br \/>\n<strong>Cl\u00e9ment Barrioz <\/strong>(Menthonnex-sous-Clermont).<\/p>\n<p><a href=\"https:\/\/i0.wp.com\/www.courzyvite.run\/blog\/wp-content\/uploads\/2023\/11\/9km-IMG_8719BD.webp?ssl=1\"><img data-recalc-dims=\"1\" loading=\"lazy\" decoding=\"async\" class=\"aligncenter size-full wp-image-66797\" src=\"https:\/\/i0.wp.com\/www.courzyvite.run\/blog\/wp-content\/uploads\/2023\/11\/9km-IMG_8719BD.webp?resize=466%2C700&#038;ssl=1\" alt=\"\" width=\"466\" height=\"700\" srcset=\"https:\/\/i0.wp.com\/www.courzyvite.run\/blog\/wp-content\/uploads\/2023\/11\/9km-IMG_8719BD.webp?w=466&amp;ssl=1 466w, https:\/\/i0.wp.com\/www.courzyvite.run\/blog\/wp-content\/uploads\/2023\/11\/9km-IMG_8719BD.webp?resize=200%2C300&amp;ssl=1 200w, https:\/\/i0.wp.com\/www.courzyvite.run\/blog\/wp-content\/uploads\/2023\/11\/9km-IMG_8719BD.webp?resize=100%2C150&amp;ssl=1 100w\" sizes=\"auto, (max-width: 466px) 100vw, 466px\" \/><\/a><\/p>\n<p><span style=\"color: #0000ff;\"><span style=\"color: #333300;\"><span style=\"color: #000000;\">Au premier plan :<strong> Lo\u00efc Aubert<\/strong>\u00a0(Rumilly Trail Running)<\/span><\/span><\/span>,<strong> un des outsiders sur le<\/strong><strong>\u00a0Trail des F\u00e9odi\u00e8res (10 km)<\/strong>, disput\u00e9 le dimanche 5 novembre 2023 \u00e0 Saint-Eus\u00e8be dans le cadre de la 3\u00e8me \u00e9dition du Trail Panoramic de l\u2019Albanais (TPA).<\/p>\n<p>Clich\u00e9 pris le 7 novembre 2021 \u00e0 l\u2019occasion du 1er TPA o\u00f9 Lo\u00efc s\u2019appropriera, sur le Trail des F\u00e9odi\u00e8res (9 km), la 6\u00e8me<span style=\"color: #0000ff;\"><span style=\"color: #000000;\"> place (4\u00e8me SEH) en 39\u201948<\/span><\/span>.<br \/>\nImage r\u00e9alis\u00e9e sur le sentier du Vieux Four, au sortir du bois de Fr\u00eanes (km 4,3).<\/p>\n<p><strong>Cr\u00e9dit photo :<\/strong><br \/>\n<strong>Caroline Duhamel <\/strong>(Les Foul\u00e9es de Gruffy).<a href=\"https:\/\/i0.wp.com\/www.courzyvite.run\/blog\/wp-content\/uploads\/2023\/11\/2022_trail-panoramic-227-e1699706974268.jpg?ssl=1\"><img data-recalc-dims=\"1\" loading=\"lazy\" decoding=\"async\" class=\"aligncenter size-full wp-image-66782\" src=\"https:\/\/i0.wp.com\/www.courzyvite.run\/blog\/wp-content\/uploads\/2023\/11\/2022_trail-panoramic-227-e1699706974268.jpg?resize=860%2C573&#038;ssl=1\" alt=\"\" width=\"860\" height=\"573\" \/><\/a><span style=\"color: #0000ff;\"><span style=\"color: #333300;\"><span style=\"color: #000000;\"><strong>L\u2019Espagnole Estibaliz Montaru<\/strong> (ASPTT Annecy Athl\u00e9tisme \/ Run In Annecy)<\/span><\/span><\/span>,<strong> une des favorites sur le<\/strong><strong>\u00a0Trail des F\u00e9odi\u00e8res (10 km)<\/strong>, disput\u00e9 le dimanche 5 novembre 2023 \u00e0 Saint-Eus\u00e8be dans le cadre de la 3\u00e8me \u00e9dition du Trail Panoramic de l\u2019Albanais (TPA).<\/p>\n<p>Clich\u00e9 pris le 5 novembre 2022 \u00e0 l\u2019occasion du 2\u00e8me TPA o\u00f9 Estibaliz s\u2019appropriera, sur le Trail Panoramic (27 km), la 28<span style=\"color: #0000ff;\"><span style=\"color: #000000;\">\u00e8me place f\u00e9minine (3\u00e8me M2F, 97\u00e8me au scratch) en 3h11\u201917<\/span><\/span>.<br \/>\nImage r\u00e9alis\u00e9e sur le sentier du Vieux Four, au sortir du bois de Fr\u00eanes (km 13,5).<\/p>\n<p><strong>Cr\u00e9dit photo :<\/strong><br \/>\n<strong>Cl\u00e9ment Barrioz <\/strong>(Menthonnex-sous-Clermont).<\/p>\n<p><span style=\"color: #0000ff;\"><span style=\"color: #333300;\"><span style=\"color: #000000;\"><a href=\"https:\/\/i0.wp.com\/www.courzyvite.run\/blog\/wp-content\/uploads\/2023\/11\/2022_trail-panoramic-111-2-e1699707824801.jpg?ssl=1\"><img data-recalc-dims=\"1\" loading=\"lazy\" decoding=\"async\" class=\"aligncenter size-full wp-image-66783\" src=\"https:\/\/i0.wp.com\/www.courzyvite.run\/blog\/wp-content\/uploads\/2023\/11\/2022_trail-panoramic-111-2-e1699707824801.jpg?resize=860%2C573&#038;ssl=1\" alt=\"\" width=\"860\" height=\"573\" \/><\/a>Dossard 28 :<strong> Audrey Sprogis<\/strong> (Ch\u00eane-en-Semine)<\/span><\/span><\/span>,<strong> une des favorites sur le<\/strong><strong>\u00a0Trail des F\u00e9odi\u00e8res (10 km)<\/strong>, disput\u00e9 le dimanche 5 novembre 2023 \u00e0 Saint-Eus\u00e8be dans le cadre de la 3\u00e8me \u00e9dition du Trail Panoramic de l\u2019Albanais (TPA).<\/p>\n<p>Clich\u00e9 pris le 5 novembre 2022 \u00e0 l\u2019occasion du 2\u00e8me TPA o\u00f9 Audrey s\u2019appropriera, sur le Trail des F\u00e9odi\u00e8res (10 km), la 4<span style=\"color: #0000ff;\"><span style=\"color: #000000;\">\u00e8me place f\u00e9minine (1\u00e8re SEF, 34\u00e8me au scratch) en 54\u201923<\/span><\/span>.<br \/>\nImage r\u00e9alis\u00e9e sur le sentier du Vieux Four, au sortir du bois de Fr\u00eanes (km 6,4).<\/p>\n<p><strong>Cr\u00e9dit photo :<\/strong><br \/>\n<strong>Cl\u00e9ment Barrioz <\/strong>(Menthonnex-sous-Clermont).<\/p>\n<p><a href=\"https:\/\/i0.wp.com\/www.courzyvite.run\/blog\/wp-content\/uploads\/2023\/11\/2022_trail-panoramic-124-e1699700633583.jpg?ssl=1\"><img data-recalc-dims=\"1\" loading=\"lazy\" decoding=\"async\" class=\"aligncenter size-full wp-image-66778\" src=\"https:\/\/i0.wp.com\/www.courzyvite.run\/blog\/wp-content\/uploads\/2023\/11\/2022_trail-panoramic-124-e1699700633583.jpg?resize=467%2C700&#038;ssl=1\" alt=\"\" width=\"467\" height=\"700\" \/><\/a><\/p>\n<p><strong><span style=\"color: #0000ff;\"><span style=\"color: #333300;\"><span style=\"color: #000000;\">C\u00e9line Coton <\/span><\/span><\/span><\/strong><span style=\"color: #0000ff;\"><span style=\"color: #333300;\"><span style=\"color: #000000;\">(Annecy-le-Vieux, commune d\u2019Annecy)<\/span><\/span><\/span>,<strong> principal outsider f\u00e9minin sur le\u00a0Trail des F\u00e9odi\u00e8res (10 km)<\/strong>, disput\u00e9 le dimanche 5 novembre 2023 \u00e0 Saint-Eus\u00e8be dans le cadre de la 3\u00e8me \u00e9dition du Trail Panoramic de l\u2019Albanais (TPA).<\/p>\n<p>Clich\u00e9 pris le 5 novembre 2022 \u00e0 l\u2019occasion du 2\u00e8me TPA o\u00f9 C\u00e9line s\u2019appropriera, sur le Trail des F\u00e9odi\u00e8res (10 km), la <span style=\"color: #0000ff;\"><span style=\"color: #000000;\">9\u00e8me place f\u00e9minine (2\u00e8me M2F, 49\u00e8me au scratch) en 1h00\u201910<\/span><\/span>.<br \/>\nImage r\u00e9alis\u00e9e sur le sentier du Vieux Four, au sortir du bois de Fr\u00eanes (km 6,4).<\/p>\n<p><strong>Cr\u00e9dit photo :<\/strong><br \/>\n<strong>Cl\u00e9ment Barrioz <\/strong>(Menthonnex-sous-Clermont).<br \/>\n<span style=\"color: #ffffff;\">.<\/span><br \/>\n<span style=\"color: #ffffff;\">.<\/span><br \/>\n<span style=\"color: #ffffff;\">.<\/span><br \/>\n<strong>6 PHOTOS DES RECORDMEN DES TROIS COMPETITIONS :<\/strong><strong><a href=\"https:\/\/i0.wp.com\/www.courzyvite.run\/blog\/wp-content\/uploads\/2023\/11\/2022_trail-panoramic-147-e1699887111821.jpg?ssl=1\"><img data-recalc-dims=\"1\" loading=\"lazy\" decoding=\"async\" class=\"aligncenter size-full wp-image-66843\" src=\"https:\/\/i0.wp.com\/www.courzyvite.run\/blog\/wp-content\/uploads\/2023\/11\/2022_trail-panoramic-147-e1699887111821.jpg?resize=860%2C573&#038;ssl=1\" alt=\"\" width=\"860\" height=\"573\" \/><\/a><\/strong><\/p>\n<p><strong><span style=\"color: #0000ff;\"><span style=\"color: #333300;\"><span style=\"color: #000000;\">Th\u00e9o Orange<\/span><\/span><\/span><\/strong> <strong><span style=\"color: #0000ff;\"><span style=\"color: #333300;\"><span style=\"color: #000000;\">(Annecy)<\/span><\/span><\/span>, recordman en 1h51\u201946 sur le Trail Panoramic (27 km)<\/strong>.<br \/>\nUne prouesse r\u00e9alis\u00e9e le dimanche 6 novembre 2022 dans le cadre du 2\u00e8me Trail Panoramic de l\u2019Albanais, disput\u00e9 \u00e0 Saint-Eus\u00e8be.<\/p>\n<p>Image r\u00e9alis\u00e9e sur le sentier du Vieux Four, au sortir du bois de Fr\u00eanes (km 13,5).<\/p>\n<p>Th\u00e9o sera absent pour cette 3\u00e8me cuv\u00e9e, concourue ce dimanche 5 novembre 2023.<\/p>\n<p><strong>Cr\u00e9dit photo :<\/strong><br \/>\n<strong>Cl\u00e9ment Barrioz <\/strong>(Menthonnex-sous-Clermont).<span style=\"color: #0000ff;\"><span style=\"color: #333300;\"><span style=\"color: #000000;\"><strong><a href=\"https:\/\/i0.wp.com\/www.courzyvite.run\/blog\/wp-content\/uploads\/2023\/11\/27km-IMG_8967BD-1.webp?ssl=1\"><img data-recalc-dims=\"1\" loading=\"lazy\" decoding=\"async\" class=\"aligncenter size-full wp-image-66844\" src=\"https:\/\/i0.wp.com\/www.courzyvite.run\/blog\/wp-content\/uploads\/2023\/11\/27km-IMG_8967BD-1.webp?resize=466%2C700&#038;ssl=1\" alt=\"\" width=\"466\" height=\"700\" srcset=\"https:\/\/i0.wp.com\/www.courzyvite.run\/blog\/wp-content\/uploads\/2023\/11\/27km-IMG_8967BD-1.webp?w=466&amp;ssl=1 466w, https:\/\/i0.wp.com\/www.courzyvite.run\/blog\/wp-content\/uploads\/2023\/11\/27km-IMG_8967BD-1.webp?resize=200%2C300&amp;ssl=1 200w, https:\/\/i0.wp.com\/www.courzyvite.run\/blog\/wp-content\/uploads\/2023\/11\/27km-IMG_8967BD-1.webp?resize=100%2C150&amp;ssl=1 100w\" sizes=\"auto, (max-width: 466px) 100vw, 466px\" \/><\/a>Marie Roupioz<\/strong> <strong>(Marcellaz-Albanais)<\/strong><\/span><\/span><\/span><strong>,<\/strong> <strong>recordwoman<\/strong><strong>\u00a0en 2h17\u201927 sur le Trail Panoramic (27 km)<\/strong>.<br \/>\nUne prouesse r\u00e9alis\u00e9e le dimanche 7 novembre 2021 dans le cadre du 1er Trail Panoramic de l\u2019Albanais, disput\u00e9 \u00e0 Saint-Eus\u00e8be.<\/p>\n<p>Image r\u00e9alis\u00e9e sur le sentier du Vieux Four, au sortir du bois de Fr\u00eanes (km 13,5).<\/p>\n<p>Marie sera absente pour cette 3\u00e8me cuv\u00e9e, concourue ce dimanche 5 novembre 2023.<\/p>\n<p><strong>Cr\u00e9dit photo :<\/strong><br \/>\n<strong>Caroline Duhamel<\/strong> (Les Foul\u00e9es de Gruffy).<strong><span style=\"color: #0000ff;\"><span style=\"color: #333300;\"><span style=\"color: #000000;\"><a href=\"https:\/\/i0.wp.com\/www.courzyvite.run\/blog\/wp-content\/uploads\/2023\/11\/IMG_3266.webp?ssl=1\"><img data-recalc-dims=\"1\" loading=\"lazy\" decoding=\"async\" class=\"aligncenter size-full wp-image-66869\" src=\"https:\/\/i0.wp.com\/www.courzyvite.run\/blog\/wp-content\/uploads\/2023\/11\/IMG_3266.webp?resize=860%2C574&#038;ssl=1\" alt=\"\" width=\"860\" height=\"574\" srcset=\"https:\/\/i0.wp.com\/www.courzyvite.run\/blog\/wp-content\/uploads\/2023\/11\/IMG_3266.webp?w=1024&amp;ssl=1 1024w, https:\/\/i0.wp.com\/www.courzyvite.run\/blog\/wp-content\/uploads\/2023\/11\/IMG_3266.webp?resize=300%2C200&amp;ssl=1 300w, https:\/\/i0.wp.com\/www.courzyvite.run\/blog\/wp-content\/uploads\/2023\/11\/IMG_3266.webp?resize=150%2C100&amp;ssl=1 150w, https:\/\/i0.wp.com\/www.courzyvite.run\/blog\/wp-content\/uploads\/2023\/11\/IMG_3266.webp?resize=768%2C512&amp;ssl=1 768w\" sizes=\"auto, (max-width: 860px) 100vw, 860px\" \/><\/a><\/span><\/span><\/span><\/strong><span style=\"color: #0000ff;\"><span style=\"color: #333300;\"><span style=\"color: #000000;\"><strong>Victor Olivier (Annecy-le-Vieux, commune d\u2019Annecy)<\/strong><\/span><\/span><\/span><strong>, recordman en 59\u201957 sur le Trail du Four \u00e0 Pain (16 km)<\/strong>.<br \/>\nUne prouesse r\u00e9alis\u00e9e le dimanche 7 novembre 2021 dans le cadre du 1er Trail Panoramic de l\u2019Albanais, disput\u00e9 \u00e0 Saint-Eus\u00e8be.<\/p>\n<p>Image r\u00e9alis\u00e9e peu avant l\u2019arriv\u00e9e, jug\u00e9e sur la route d\u2019Orbessy, \u00e0 hauteur du terrain de boules qui sert de camp de base.<\/p>\n<p>Victor sera absent pour cette 3\u00e8me cuv\u00e9e, concourue ce dimanche 5 novembre 2023.<\/p>\n<p><strong>Cr\u00e9dit photo :<br \/>\nJean-Claude Delachenal <\/strong>(Saint-Julien-en-Genevois).<a href=\"https:\/\/i0.wp.com\/www.courzyvite.run\/blog\/wp-content\/uploads\/2023\/11\/16km-IMG_8369BD.webp?ssl=1\"><img data-recalc-dims=\"1\" loading=\"lazy\" decoding=\"async\" class=\"aligncenter size-full wp-image-66871\" src=\"https:\/\/i0.wp.com\/www.courzyvite.run\/blog\/wp-content\/uploads\/2023\/11\/16km-IMG_8369BD.webp?resize=466%2C700&#038;ssl=1\" alt=\"\" width=\"466\" height=\"700\" srcset=\"https:\/\/i0.wp.com\/www.courzyvite.run\/blog\/wp-content\/uploads\/2023\/11\/16km-IMG_8369BD.webp?w=466&amp;ssl=1 466w, https:\/\/i0.wp.com\/www.courzyvite.run\/blog\/wp-content\/uploads\/2023\/11\/16km-IMG_8369BD.webp?resize=200%2C300&amp;ssl=1 200w, https:\/\/i0.wp.com\/www.courzyvite.run\/blog\/wp-content\/uploads\/2023\/11\/16km-IMG_8369BD.webp?resize=100%2C150&amp;ssl=1 100w\" sizes=\"auto, (max-width: 466px) 100vw, 466px\" \/><\/a><\/p>\n<p><span style=\"color: #0000ff;\"><span style=\"color: #333300;\"><span style=\"color: #000000;\"><strong>Marine Vautrot (Sill\u2019N Run)<\/strong><\/span><\/span><\/span><strong>, recordwoman en 1h18<span style=\"color: #0000ff;\"><span style=\"color: #333300;\"><span style=\"color: #000000;\">\u201939<\/span><\/span><\/span> sur le Trail du Four \u00e0 Pain (16 km)<\/strong>.<br \/>\nUne prouesse r\u00e9alis\u00e9e le dimanche 7 novembre 2021 dans le cadre du 1er Trail Panoramic de l\u2019Albanais, disput\u00e9 \u00e0 Saint-Eus\u00e8be.<\/p>\n<p>Image r\u00e9alis\u00e9e sur le chemin des Bettes qui traverse le plateau du m\u00eame nom (km 4,3).<\/p>\n<p>Marine sera absente pour cette 3\u00e8me cuv\u00e9e, concourue ce dimanche 5 novembre 2023.<\/p>\n<p><strong>Cr\u00e9dit photo :<\/strong><br \/>\n<strong>Caroline Duhamel<\/strong> (Les Foul\u00e9es de Gruffy).<\/p>\n<p><a href=\"https:\/\/i0.wp.com\/www.courzyvite.run\/blog\/wp-content\/uploads\/2023\/11\/2022_trail-panoramic-90-1-e1699972867264.jpg?ssl=1\"><img data-recalc-dims=\"1\" loading=\"lazy\" decoding=\"async\" class=\"aligncenter size-full wp-image-66873\" src=\"https:\/\/i0.wp.com\/www.courzyvite.run\/blog\/wp-content\/uploads\/2023\/11\/2022_trail-panoramic-90-1-e1699972867264.jpg?resize=860%2C573&#038;ssl=1\" alt=\"\" width=\"860\" height=\"573\" \/><\/a><\/p>\n<p><span style=\"color: #0000ff;\"><span style=\"color: #333300;\"><span style=\"color: #000000;\"><strong>Antoine Gueroult (Nonglard)<\/strong><\/span><\/span><\/span><strong>, recordman en 41<span style=\"color: #0000ff;\"><span style=\"color: #333300;\"><span style=\"color: #000000;\">\u201940<\/span><\/span><\/span> sur le Trail des F\u00e9odi\u00e8res (10 km)<\/strong>.<br \/>\nUne prouesse r\u00e9alis\u00e9e le dimanche 6 novembre 2022 dans le cadre du 2\u00e8me Trail Panoramic de l\u2019Albanais, disput\u00e9 \u00e0 Saint-Eus\u00e8be.<br \/>\nOn ajoutera que l<span style=\"color: #0000ff;\"><span style=\"color: #333300;\"><span style=\"color: #000000;\">\u2019\u00e9pisode 2021 n\u2019est pas comptabilis\u00e9, son trac\u00e9 \u00e9tant plus court, atteignant en effet les 9 km.<\/span><\/span><\/span><\/p>\n<p>Image r\u00e9alis\u00e9e sur le sentier du Vieux Four, au sortir du bois de Fr\u00eanes (km 6,4).<\/p>\n<p>Antoine sera absent pour cette 3\u00e8me cuv\u00e9e, concourue ce dimanche 5 novembre 2023.<\/p>\n<p><strong>Cr\u00e9dit photo :<\/strong><br \/>\n<strong>Cl\u00e9ment Barrioz <\/strong>(Menthonnex-sous-Clermont).<\/p>\n<h6><a href=\"https:\/\/i0.wp.com\/www.courzyvite.run\/blog\/wp-content\/uploads\/2023\/11\/2022_trail-panoramic-95.jpg?ssl=1\"><img data-recalc-dims=\"1\" loading=\"lazy\" decoding=\"async\" class=\"aligncenter size-full wp-image-66875\" src=\"https:\/\/i0.wp.com\/www.courzyvite.run\/blog\/wp-content\/uploads\/2023\/11\/2022_trail-panoramic-95.jpg?resize=860%2C573&#038;ssl=1\" alt=\"\" width=\"860\" height=\"573\" srcset=\"https:\/\/i0.wp.com\/www.courzyvite.run\/blog\/wp-content\/uploads\/2023\/11\/2022_trail-panoramic-95.jpg?w=2000&amp;ssl=1 2000w, https:\/\/i0.wp.com\/www.courzyvite.run\/blog\/wp-content\/uploads\/2023\/11\/2022_trail-panoramic-95.jpg?resize=300%2C200&amp;ssl=1 300w, https:\/\/i0.wp.com\/www.courzyvite.run\/blog\/wp-content\/uploads\/2023\/11\/2022_trail-panoramic-95.jpg?resize=1024%2C682&amp;ssl=1 1024w, https:\/\/i0.wp.com\/www.courzyvite.run\/blog\/wp-content\/uploads\/2023\/11\/2022_trail-panoramic-95.jpg?resize=150%2C100&amp;ssl=1 150w, https:\/\/i0.wp.com\/www.courzyvite.run\/blog\/wp-content\/uploads\/2023\/11\/2022_trail-panoramic-95.jpg?resize=768%2C512&amp;ssl=1 768w, https:\/\/i0.wp.com\/www.courzyvite.run\/blog\/wp-content\/uploads\/2023\/11\/2022_trail-panoramic-95.jpg?resize=1536%2C1024&amp;ssl=1 1536w, https:\/\/i0.wp.com\/www.courzyvite.run\/blog\/wp-content\/uploads\/2023\/11\/2022_trail-panoramic-95.jpg?w=1720&amp;ssl=1 1720w\" sizes=\"auto, (max-width: 860px) 100vw, 860px\" \/><\/a><\/h6>\n<p><span style=\"color: #0000ff;\"><span style=\"color: #333300;\"><span style=\"color: #000000;\"><strong>Amandine Dahl (Neydens)<\/strong><\/span><\/span><\/span><strong>, recordwoman en 46<span style=\"color: #0000ff;\"><span style=\"color: #333300;\"><span style=\"color: #000000;\">\u201902<\/span><\/span><\/span>\u00a0sur le Trail des F\u00e9odi\u00e8res (10 km)<\/strong>.<br \/>\nUne prouesse r\u00e9alis\u00e9e le dimanche 6 novembre 2022 dans le cadre du 2\u00e8me Trail Panoramic de l\u2019Albanais, disput\u00e9 \u00e0 Saint-Eus\u00e8be.<br \/>\nOn ajoutera que l<span style=\"color: #0000ff;\"><span style=\"color: #333300;\"><span style=\"color: #000000;\">\u2019\u00e9pisode 2021 n\u2019est pas comptabilis\u00e9, son trac\u00e9 \u00e9tant plus court, atteignant en effet les 9 km.<\/span><\/span><\/span><\/p>\n<p>Image r\u00e9alis\u00e9e sur le sentier du Vieux Four, au sortir du bois de Fr\u00eanes (km 6,4).<\/p>\n<p>Amandine sera absente pour cette 3\u00e8me cuv\u00e9e, concourue ce dimanche 5 novembre 2023.<\/p>\n<p><strong>Cr\u00e9dit photo :<\/strong><br \/>\n<strong>Cl\u00e9ment Barrioz <\/strong>(Menthonnex-sous-Clermont).<\/p>\n","protected":false},"excerpt":{"rendered":"<p>REPORTAGE PUBLI\u00c9 LE 5 NOVEMBRE 2023 ULTIME R\u00c9VISION LE 2 JANVIER 2025 . . . PRONOSTICS SUR LE TRAIL PANORAMIC (27 KM POUR 960 M DE DENIVELE) : . . Nombre d\u2019inscrits : 96. . . Liste des inscrits : Elle figure sur le site Web L-Chrono : https:\/\/live.l-chrono.com\/resultats\/trail-panoramic-de-lalbanais-2023 . . Records \u00e0 battre sur le parcours emprunt\u00e9 depuis 2021 : \u2013 hommes : 1h51\u201946 en 2022, propri\u00e9t\u00e9 de Th\u00e9o [&#8230;]<\/p>\n","protected":false},"author":2,"featured_media":66690,"comment_status":"closed","ping_status":"closed","sticky":false,"template":"","format":"standard","meta":{"advanced_seo_description":"","jetpack_seo_html_title":"","jetpack_seo_noindex":false,"_jetpack_memberships_contains_paid_content":false,"footnotes":"","jetpack_publicize_message":"PRONOSTICS DU TRAIL PANORAMIC DE L\u2019ALBANAIS \/ 05-11-2023","jetpack_publicize_feature_enabled":true,"jetpack_social_post_already_shared":true,"jetpack_social_options":{"image_generator_settings":{"template":"highway","default_image_id":0,"font":"","enabled":false},"version":2}},"categories":[16,13],"tags":[11],"class_list":["post-66678","post","type-post","status-publish","format-standard","has-post-thumbnail","hentry","category-haute-savoie","category-presentations-des-courses","tag-news"],"views":1080,"jetpack_publicize_connections":[],"jetpack_featured_media_url":"https:\/\/i0.wp.com\/www.courzyvite.run\/blog\/wp-content\/uploads\/2023\/11\/2022_trail-panoramic-228-e1672836160423.webp?fit=900%2C600&ssl=1","jetpack_shortlink":"https:\/\/wp.me\/p7PZ3h-hls","jetpack_sharing_enabled":true,"_links":{"self":[{"href":"https:\/\/www.courzyvite.run\/blog\/wp-json\/wp\/v2\/posts\/66678","targetHints":{"allow":["GET"]}}],"collection":[{"href":"https:\/\/www.courzyvite.run\/blog\/wp-json\/wp\/v2\/posts"}],"about":[{"href":"https:\/\/www.courzyvite.run\/blog\/wp-json\/wp\/v2\/types\/post"}],"author":[{"embeddable":true,"href":"https:\/\/www.courzyvite.run\/blog\/wp-json\/wp\/v2\/users\/2"}],"replies":[{"embeddable":true,"href":"https:\/\/www.courzyvite.run\/blog\/wp-json\/wp\/v2\/comments?post=66678"}],"version-history":[{"count":3,"href":"https:\/\/www.courzyvite.run\/blog\/wp-json\/wp\/v2\/posts\/66678\/revisions"}],"predecessor-version":[{"id":71801,"href":"https:\/\/www.courzyvite.run\/blog\/wp-json\/wp\/v2\/posts\/66678\/revisions\/71801"}],"wp:featuredmedia":[{"embeddable":true,"href":"https:\/\/www.courzyvite.run\/blog\/wp-json\/wp\/v2\/media\/66690"}],"wp:attachment":[{"href":"https:\/\/www.courzyvite.run\/blog\/wp-json\/wp\/v2\/media?parent=66678"}],"wp:term":[{"taxonomy":"category","embeddable":true,"href":"https:\/\/www.courzyvite.run\/blog\/wp-json\/wp\/v2\/categories?post=66678"},{"taxonomy":"post_tag","embeddable":true,"href":"https:\/\/www.courzyvite.run\/blog\/wp-json\/wp\/v2\/tags?post=66678"}],"curies":[{"name":"wp","href":"https:\/\/api.w.org\/{rel}","templated":true}]}}