{"id":6628,"date":"2017-04-04T17:33:59","date_gmt":"2017-04-04T15:33:59","guid":{"rendered":"https:\/\/www.courzyvite.run\/blog\/?p=6628"},"modified":"2020-10-02T11:57:55","modified_gmt":"2020-10-02T09:57:55","slug":"resultats-commentaires-et-photos-des-11-km-de-contrevoz-02-04-17","status":"publish","type":"post","link":"https:\/\/www.courzyvite.run\/blog\/2017\/04\/04\/resultats-commentaires-et-photos-des-11-km-de-contrevoz-02-04-17\/","title":{"rendered":"RESULTATS, COMMENTAIRES ET PHOTOS DES 11 KM DE CONTREVOZ \/ 02-04-17"},"content":{"rendered":"<p><strong>ANNE-SOPHIE VITTET, PUISSANCE 10\u00a0!<\/strong><\/p>\n<p>Encore une \u00e9norme affluence pour cet \u00e9v\u00e9nement haut en couleurs qui a fait son trou d\u00e8s le 1er opus, lanc\u00e9 en 2012 \u00e0 l\u2019initiative de l\u2019incontournable <strong>Jean-Pierre Nehr<\/strong>. En effet, pas moins de 584 convives (306 coureurs, 106 enfants et 172 randonneurs) n\u2019auront pas h\u00e9sit\u00e9 \u00e0 sillonner les routes, chemins et sentiers de la commune de Contrevoz que 9km s\u00e9parent de Belley, capitale historique du Bugey. De quoi ravir toute l\u2019escouade organisatrice, forte de 75 b\u00e9n\u00e9voles dont une vingtaine veillant \u00e0 la s\u00e9curit\u00e9 et \u00e0 la signal\u00e9tique d\u2019un parcours immuable, distant de 10,4km pour un diff\u00e9rentiel de 135m. Une escouade gonfl\u00e9e \u00e0 bloc, nullement d\u00e9stabilis\u00e9e par le recul, tout relatif, de la participation (1) qui peut se justifier par les pluies tomb\u00e9es la veille, et persistant jusqu\u2019aux premi\u00e8res heures des festivit\u00e9s. A la fois tr\u00e9sorier et responsable du site Web, <strong>Roland Vacther<\/strong> se voulait r\u00e9aliste\u00a0: \u00ab <em>Ind\u00e9pendamment de la m\u00e9t\u00e9o capricieuse qui nous a fait perdre une partie des traditionnels inscrits de derni\u00e8re minute, j\u2019estime qu\u2019un peloton de 250 athl\u00e8tes \u00e0 Contrevoz correspond \u00e0 un ordre de grandeur parfaitement logique, \u00e0 la mesure de la taille de notre village peupl\u00e9 de seulement 500 \u00e2mes.<\/em>\u00a0\u00bb<br \/>\nMais pour lui, l\u2019essentiel est ailleurs\u00a0: \u00ab\u00a0<em>Se retrouver, partager un moment autour du sport \u00e0 travers une atmosph\u00e8re festive. C\u2019est en tout cas pour cela que nous \u0153uvrons.<\/em>\u00a0\u00bb<\/p>\n<p><strong>Eternelle ferveur populaire<\/strong><br \/>\nD\u2019autre part, les motifs de satisfaction abondent, en premier lieu celui de voir les Controvolats soud\u00e9s comme un seul homme derri\u00e8re leur manifestation. Ainsi, certains opt\u00e8rent pour la course ou la marche tandis que d\u2019autres enfil\u00e8rent le costume de b\u00e9n\u00e9vole ou mirent leur terrain \u00e0 disposition. A vrai dire, toutes les forces vives \u00e9taient sur le pont, des comit\u00e9s des f\u00eates ou du fleurissement aux soci\u00e9t\u00e9s de chasse ou de p\u00eache en passant par les amicales des anciens ou de boules. Sans occulter l\u2019Ane en Bugey et l\u2019Association pour la Sauvegarde et la Pr\u00e9servation de l\u2019Environnement (ASPEC) de Contrevoz.<br \/>\nDe leur c\u00f4t\u00e9, les enfants de l\u2019\u00e9cole maternelle et primaire investissaient massivement les trois \u00e9preuves qui leur \u00e9taient r\u00e9serv\u00e9es. Auparavant, ils avaient pris soin, adorables qu\u2019ils sont, de d\u00e9corer la salle des f\u00eates.<br \/>\nDevant l\u2019ampleur de cette mobilisation, personne ne sera surpris du nombre important de partenaires (46\u00a0!), la plupart soutenant d\u00e8s le d\u00e9part les 11 km de Contrevoz.<br \/>\nAutre atout, la fid\u00e9lit\u00e9 des coureurs, y compris ceux qui viennent de loin. Enfin, on soulignera la qualit\u00e9 in\u00e9dite du top 5 f\u00e9minin et des deux premi\u00e8res positions au scratch que s\u2019adjugeaient sans autre forme de proc\u00e8s les \u00ab Run Alp \u00bb, aussi talentueux que conviviaux.<\/p>\n<p><strong>L\u2019aura d\u2019Anne-Sophie<\/strong><br \/>\nDe par sa chevauch\u00e9e \u00e9clair, de par son naturel \u00e0 nul autre semblable, <strong>Anne-Sophie Vittet <\/strong>qui a grandi sur cette terre bugiste\u00a0a de nouveau marqu\u00e9 les esprits et touch\u00e9 les c\u0153urs. 6\u00e8me au scratch, elle avale ainsi son p\u00e9riple dans le temps canon de 40\u201914, grappillant 20\u2019\u2019 sur sa marque r\u00e9f\u00e9rence, d\u00e9j\u00e0 ph\u00e9nom\u00e9nale, \u00e9tablie l\u2019an pass\u00e9.<br \/>\nEn r\u00e9alit\u00e9, ce sixi\u00e8me triomphe \u00e0 Contrevoz ne fait que confirmer son virevoltant d\u00e9but de saison. Sur les terrains gras, elle s\u2019est class\u00e9e successivement 3\u00e8me au Cross Bayard, 2\u00e8me aux Myriades, 1\u00e8re aux D\u00e9partementaux, 2\u00e8me aux Pr\u00e9-R\u00e9gionaux et 5\u00e8me aux R\u00e9gionaux. Sur l\u2019asphalte, elle portait son record sur 10 bornes \u00e0 35\u201959 \u00e0 V\u00e9nissieux avant de finir 8\u00e8me en 1h18\u201937 aux France de semi \u00e0 Bourg-en-Bresse. Seule, sa 50\u00e8me place aux France de cross (20\u00e8me en 2016), que ni elle ni son coach <strong>Philippe R\u00e9my<\/strong> ne s\u2019expliquent, fera exception.<br \/>\nD\u00e9sormais, l\u2019\u00e9toile montante du Team Run Alp et de l\u2019Entente Sud Lyonnais, \u00e2g\u00e9e de 28 ans, a les yeux tourn\u00e9s vers la piste. En particulier le 3000m steeple o\u00f9 elle est parvenue l\u2019an dernier \u00e0 son acm\u00e9, s\u2019adjugeant la 5\u00e8me place en 10\u201918\u2019\u201955 \u00e0 l\u2019occasion des Championnats de France Elite \u00e0 Angers.<\/p>\n<p><strong>Le bal des dauphines<\/strong><br \/>\nA distance respectable, ses adversaires n\u2019ont toutefois pas d\u00e9m\u00e9rit\u00e9, d\u2019autant plus qu\u2019elles disposaient chacune d\u2019une carte de visite bien remplie. 2\u00e8me \u00e0 4\u201928 de la laur\u00e9ate, <strong>Anne Roussel, ex-Berteloot<\/strong>\u00a0(Athl\u00e9tique Sport Aixois) a excell\u00e9 en demi-fond comme en t\u00e9moignent ses meilleurs chronos obtenus en 2007\u00a0: 4\u201939\u2019\u20199 sur 1500m, 9\u201955\u2019\u201919 sur 3000m, 17\u201936\u2019\u201990 sur 5000m. Mais sa prouesse la plus aboutie n\u2019a-t-elle pas eu lieu \u00e0 l\u2019occasion de l\u2019agr\u00e9gation externe d\u2019EPS en sortant major de la promotion 2009 ? Originaire du Pas-de-Calais et \u00e2g\u00e9e de 31 ans, elle alterne aujourd\u2019hui le cross-country (25\u00e8me aux France 2016), la route (temps \u00e9talon sur 10 bornes en 36\u201910 en 2015) et le trail d\u00e9couverte (2\u00e8me sur le 13km du Nivolet-Revard 2015, 1\u00e8re sur le Trail Blanc du Semnoz 2016).<br \/>\nAg\u00e9e de 26 ans, <strong>Christelle Prevost<\/strong> (Entente Ouest Allier Athl\u00e9tisme) compl\u00e8te le podium au terme d\u2019une cavalcade rondement men\u00e9e en 45\u201929, gagnant ainsi 2\u201950 au regard du pr\u00e9c\u00e9dent mill\u00e9sime o\u00f9 elle avait termin\u00e9 2\u00e8me. Du coup, cette Auvergnate de souche install\u00e9e dor\u00e9navant dans le Bugey accomplit un chrono plus conforme \u00e0 son potentiel comme l\u2019ont montr\u00e9 ses 39\u201937 survenus trois semaines auparavant sur le 10km de Bourg-en-Bresse.<br \/>\n4\u00e8me la veille sur le 33km du Trail des Glaisins,<strong> Christine Denis-Billet<\/strong> (Athl\u00e9 Saint-Julien 74), 45 ans, \u00e9choue de nouveau au pied de la bo\u00eete apr\u00e8s avoir conclu en 45\u201950. Ex-centbornarde de haut niveau (9 s\u00e9lections en \u00e9quipe de France, marque r\u00e9f\u00e9rence en 8h08\u201937 en 2003), elle consacre d\u00e9sormais toute son \u00e9nergie au trail, suite \u00e0 son abandon, le 16 mai 2015 \u00e0 Chavagnes-en-Paillers, aux Championnats Nationaux des 100km. On mettra en exergue ses faits d\u2019armes engrang\u00e9s la saison derni\u00e8re sur le 40km des Cabornis (3\u00e8me), le 29km des Glaisins (2\u00e8me), le 40km du Trail Dr\u00f4me (2\u00e8me), le 51km du Nivolet-Revard (2\u00e8me), la TDS (6\u00e8me) et les France de trail long (11\u00e8me). Ce qui ne l\u2019emp\u00eachait pas de travailler sa vitesse, la native de Ch\u00e2lons-en-Champagne bouclant en 38\u201954 le 10km du Lac \u00e0 Aix-les-Bains, soit un chrono proche de son record r\u00e9alis\u00e9 sur cette distance (38\u201920 en 2004). Et cette ann\u00e9e, elle est repartie de plus belle en s\u2019alignant, en dehors des Glaisins, sur le 27km du N\u00eemes Urban Trail (1\u00e8re), sur le 23km des Cabornis (3\u00e8me) puis le 46km du Ventoux (8\u00e8me).<br \/>\n5\u00e8me en 48\u201921, <strong>Corinne Leclerc<\/strong> (Belley Sport P\u00e9destre), 51 ans, am\u00e9liore son temps par rapport aux \u00e9pisodes 2014 et 2015. Arriv\u00e9e \u00e0 Belley le 1er janvier 2010 en provenance de son Cotentin natal, elle a entam\u00e9 sa carri\u00e8re par la piste avant de cavaler sur les cross et la route (meilleur chrono sur 10 bornes en 35\u201915 en 2005). Son premier trail interviendra sur l\u2019\u00e9dition 2010 du B\u00e9lier o\u00f9 elle finira 12\u00e8me.<\/p>\n<p><strong>La progression\u00a0de Lucas\u00a0<\/strong><br \/>\nVictorieux en 2014 et 2015, <strong>Lucas Chaume<\/strong> (Team Run Alp et Entente Sud Lyonnais) r\u00e9cidive en descendant pour la premi\u00e8re fois sous les 37\u2019 (36\u201948). Du m\u00eame coup, il s\u2019est rapproch\u00e9 de la marque r\u00e9f\u00e9rence de l\u2019\u00e9preuve, propri\u00e9t\u00e9 d\u2019<strong>Antoine Malartre<\/strong> depuis 2013 en 36\u201916. Une perf qui ne survient pas par hasard, le compagnon d\u2019Anne-Sophie, \u00e2g\u00e9 de 28 ans, ayant effac\u00e9 en 1h11\u201943 son record sur semi \u00e0 l\u2019occasion des France de Bourg-en-Bresse. Prochaine \u00e9ch\u00e9ance, le 8 avril, avec le 10km du Lac o\u00f9 il tentera de faire mieux que les 32\u201915, in\u00e9dits dans son palmar\u00e8s, r\u00e9colt\u00e9s en 2015 \u00e0 Villeurbanne.<br \/>\nAuteur d\u2019une prestation remarqu\u00e9e, <strong>Ludovic Papillie<\/strong>, 26 printemps au compteur, enfile le costume de dauphin en conc\u00e9dant 47\u2019\u2019 \u00e0 son camarade de team et de club. En v\u00e9rit\u00e9, son temps \u00e9talon sur 10 bornes, arrach\u00e9 en 31\u201923 \u00e0 Villeurbanne en 2016, laissait amplement entrevoir cette action d\u2019\u00e9clat.<br \/>\nQuant \u00e0 la 3\u00e8me marche, elle revient \u00e0<strong> Adrien Betron<\/strong> (Balan C\u00f4ti\u00e8re Athl\u00e9tisme), 1\u201928 le d\u00e9partageant du vainqueur. Ag\u00e9 de 27 ans, le champion de l\u2019Ain en titre de cross-country mettait ainsi \u00e0 profit, \u00e0 l\u2019image de Chaume et de Papillie, sa v\u00e9locit\u00e9, illustr\u00e9e cette ann\u00e9e par ses 32\u201940 sur le 10km de Villeurbanne, synonyme de record personnel.<br \/>\nEnfin, mettons en avant l\u2019exp\u00e9riment\u00e9 routier <strong>Marc Thibault<\/strong> (Athl\u00e9tique Sport Aixois), 46 ans, et le trailer <strong>Guillaume Abry<\/strong> (Athl\u00e9 Saint-Julien 74), 26 ans, en pleine pr\u00e9paration de l\u2019Ultra Mont\u00e9e du Sal\u00e8ve, orchestr\u00e9 par son club ce 8 avril. Tous deux termineront respectivement 4\u00e8me en 38\u201931 et 5\u00e8me en 40\u201909.<\/p>\n<p><strong>F.V. pour le compte des deux sites Web suivants :<br \/>\n&#8211; Les 11 km de Contrevoz, en date du mardi 4 avril 2017 :<br \/>\n<\/strong><a href=\"http:\/\/www.11kmdecontrevoz.com\/\">http:\/\/www.11kmdecontrevoz.com\/<br \/>\n<\/a><strong>&#8211; L\u2019Athl\u00e9 Saint-Julien 74, en date du dimanche 23 avril 2017 :<br \/>\n<\/strong><a href=\"http:\/\/www.asj74.org\/11-km-de-contrevoz-par-f-vanlaton\/\">http:\/\/www.asj74.org\/11-km-de-contrevoz-par-f-vanlaton\/<\/a><strong><br \/>\n<\/strong><\/p>\n<p>(1) La cuv\u00e9e 2016 avait \u00e9t\u00e9 envahie par une foule record s\u2019\u00e9levant \u00e0 661 sportifs dont 338 coureurs, 128 jeunes pousses et 195 marcheurs.<br \/>\n<strong><br \/>\n<\/strong><span style=\"color: #ffffff;\">.<\/span><strong><br \/>\n<\/strong><span style=\"color: #ffffff;\">.<\/span><strong><br \/>\nARTICLE DU QUOTIDIEN \u00ab LE PROGRES\u00a0\u00bb :<\/strong><strong><br \/>\n<\/strong><\/p>\n<p>Ci-dessous, vous trouverez le compte rendu figurant en page sports de l\u2019Ain, en date du lundi 3 avril 2017. Son auteur est\u00a0le correspondant <strong>Serge<\/strong> <strong>Rapy<\/strong>.<\/p>\n<p>\n\t\t<div class=\"wppdfemb-frame-container-1\" style=\"-webkit-overflow-scrolling:auto;\">\n\t\t\t<iframe class=\"pdfembed-iframe nonfullscreen wppdf-emb-iframe-1\"\n\t\t\t\tsrc=\"https:\/\/www.courzyvite.run\/blog\/?pdfemb-data=eyJ1cmwiOiJodHRwczpcL1wvd3d3LmNvdXJ6eXZpdGUucnVuXC9ibG9nXC93cC1jb250ZW50XC91cGxvYWRzXC8yMDE3XC8wNFwvMThfUERGc2FtX1BERi1DYWhpZXItMy1veW9ubmF4LWxlbWFuLWJ1Z2V5LWJhcy1idWdleS0yMDE3MDQwMy0xLnBkZiIsInRpdGxlIjoiMThfUERGc2FtX1BERi1DYWhpZXItMy1veW9ubmF4LWxlbWFuLWJ1Z2V5LWJhcy1idWdleS0yMDE3MDQwMyAoMSkiLCJpbmRleCI6MSwicGRmSUQiOjB9\"\n\t\t\t\ttitle=\"18_PDFsam_PDF-Cahier-3-oyonnax-leman-bugey-bas-bugey-20170403 (1)\"\t\t\t\tdata-pdf-id=\"0\"\n\t\t\t\tdata-pdf-index=\"1\"\n\t\t\t\tstyle=\"border:none;width:100%;max-width:100%;height:100vh;\"\n\t\t\t\tscrolling=\"yes\">\n\t\t\t<\/iframe>\n\t\t<\/div>\n\n\t\t<br \/>\n<span style=\"color: #ffffff;\">.<\/span><strong><br \/>\n<\/strong><span style=\"color: #ffffff;\">.<\/span><strong><br \/>\nRESULTATS PARTIELS :<\/strong><\/p>\n<p><strong>Scratch<\/strong> (306 inscrits, 293 partants, 291 class\u00e9s) :<strong><br \/>\n<\/strong>\u2013 1er (1er senior + espoir) : <strong>Lucas Chaume<\/strong>\u00a0(Team Run Alp ; Patronage La\u00efque de Pierre-B\u00e9nite, section de l\u2019Entente Sud Lyonnais) en 36\u201948.<br \/>\n\u2013 2\u00e8me (2\u00e8me senior + espoir) : <strong>Ludovic Papillie<\/strong>\u00a0(Association Sportive Universitaire Lyonnaise de Bron<em>,\u00a0<\/em>section de l\u2019Entente Sud Lyonnais) en 37\u201934.<br \/>\n\u2013 3\u00e8me (3\u00e8me senior + espoir) : <strong>Adrien Betron<\/strong>\u00a0(Balan C\u00f4ti\u00e8re Athl\u00e9tisme) en 38\u201915.<br \/>\n\u2013 4\u00e8me (1er V1) : <b>Marc Thibault<\/b>\u00a0(Athl\u00e9tique Sport Aixois) en 38\u201931.<br \/>\n\u2013 5\u00e8me (4\u00e8me senior + espoir) : <strong>Guillaume Abry<\/strong> (Athl\u00e9 Saint-Julien 74) en 40\u201909.<br \/>\n\u2013 13\u00e8me (1er V2) : <b>Salvatore Conti<\/b>\u00a0(Stade Olympique Arl\u00e9sien) en 42\u201907.<br \/>\n\u2013 16\u00e8me (1er junior) : <b>Sylvain Legron<\/b>\u00a0(Entente Athl\u00e9tique de Chamb\u00e9ry) en 42\u201926.<br \/>\n\u2013 42\u00e8me (1er cadet) : <strong>Antoine<\/strong><b>\u00a0Legron<\/b>\u00a0(Entente Athl\u00e9tique de Chamb\u00e9ry) en 46\u201920.<br \/>\n\u2013 49\u00e8me (1er V3) : <b>Roger Lenourry<\/b>\u00a0(Chessenaz) en 47\u201901.<br \/>\n\u2013 134\u00e8me (1er V4) : <b>Jean-Claude Bermann<\/b>\u00a0(Saint-Martin-du-Fresnes) en 55\u201906.<\/p>\n<p><strong>Femmes<\/strong> (77 class\u00e9es) :<br \/>\n\u2013 1\u00e8re (1\u00e8re senior + espoir, 6\u00e8me au scratch)\u00a0: <strong>Anne-Sophie Vittet<\/strong> (Team Run Alp ; Patronage La\u00efque de Pierre-B\u00e9nite, section de l\u2019Entente Sud Lyonnais) en <strong>40\u201914, record de\u00a0l\u2019\u00e9preuve<\/strong>.<br \/>\n\u2013 2\u00e8me (2\u00e8me senior + espoir, 29\u00e8me au scratch) : <b>Anne Roussel<\/b>\u00a0(Athl\u00e9tique Sport Aixois) en 44\u201942.<br \/>\n\u2013 3\u00e8me (3\u00e8me senior + espoir, 35\u00e8me au scratch) : <b>Christelle Prevost<\/b>\u00a0(Montlu\u00e7on Athl\u00e9tisme, section de l\u2019Entente\u00a0Ouest Allier Athl\u00e9tisme) en 45\u201929.<br \/>\n\u2013 4\u00e8me (1\u00e8re V1, 37\u00e8me au scratch) : <b>Christine Denis-Billet<\/b>\u00a0(Athl\u00e9 Saint-Julien 74) en 45\u201950.<br \/>\n\u2013 5\u00e8me (1\u00e8re V2, 63\u00e8me au scratch) : <b>Corinne Leclerc<\/b>\u00a0(Belley Sport P\u00e9destre) en 48\u201921.<br \/>\n\u2013 67\u00e8me (1\u00e8re V4, 278\u00e8me au scratch) : <b>Monique Droual<\/b> (Athl\u00e9tique Sport Aixois Belley et Belley Sport P\u00e9destre) en 1h14\u201930.<br \/>\n\u2013 74\u00e8me (1\u00e8re cadette, 288\u00e8me au scratch) : <b>Ma\u00e9 Chatagnier<\/b>\u00a0(Annecy Sports Orientation) en 1h24\u201932.<br \/>\n\u2013 77\u00e8me (1\u00e8re V3, 291\u00e8me au scratch) : <b>Marianne Cabaret<\/b>\u00a0(Amicourse) en 1h25\u201924.<br \/>\n<span style=\"color: #ffffff;\">.<\/span><strong><br \/>\n<\/strong><span style=\"color: #ffffff;\">.<\/span><strong><br \/>\n<\/strong><span style=\"color: #ffffff;\">.<\/span><strong><br \/>\nRESULTATS COMPLETS :<\/strong><\/p>\n<p>Ils figurent sur le site Web L-Chrono :<strong><br \/>\n<\/strong><a href=\"http:\/\/www.l-chrono.com\/resultats2017\/11_km_de_contrevoz.pdf\">http:\/\/www.l-chrono.com\/resultats2017\/11_km_de_contrevoz.pdf<\/a><\/p>\n<p><span style=\"color: #ffffff;\">.<\/span><br \/>\n<span style=\"color: #ffffff;\">.<\/span><strong><br \/>\nPALMARES DEPUIS 2012 :<\/strong><strong><br \/>\n<\/strong><br \/>\n<strong>1er avril 2012 <\/strong>(163 class\u00e9s dont 33 femmes) :<br \/>\n\u2013 1er (1er V1) :<strong>\u00a0<\/strong><strong>Laurent Duluye<\/strong>\u00a0(Amb\u00e9rieu Marathon) en 37\u201928.<br \/>\n\u2013 1\u00e8re (1\u00e8re senior, 19\u00e8me au scratch)\u00a0:\u00a0<strong>Anne-Sophie Vittet<\/strong>\u00a0(Lyon Athl\u00e9tisme) en 43\u201952.<br \/>\n\u2013 R\u00e9sultats complets sur le site Web des 11 km de Contrevoz : <a href=\"http:\/\/11kmdecontrevoz.wifeo.com\/documents\/Classement-officiel-2012.pdf\">http:\/\/11kmdecontrevoz.wifeo.com\/documents\/Classement-officiel-2012.pdf<\/a><\/p>\n<p><strong>7 avril 2013 <\/strong>(189 class\u00e9s dont 42 femmes) :<br \/>\n\u2013 1er (1er senior) :\u00a0<strong>Antoine Malartre<\/strong>\u00a0(Athl\u00e9tique Sport Aixois) en <strong>36\u201916, record de l\u2019\u00e9preuve<\/strong>.<br \/>\n\u2013 1\u00e8re (1\u00e8re senior, 23\u00e8me au scratch) :\u00a0<strong>Anne-Sophie Vittet<\/strong>\u00a0(Team Run Alp Villeurbanne et Lyon Athl\u00e9tisme) en 44\u201936.<br \/>\n\u2013 R\u00e9sultats complets sur le site Web Courzyvite :<br \/>\n<a href=\"http:\/\/www.courzyvite.run\/13Resultats\/11KmContrevoz2013.pdf\">http:\/\/www.courzyvite.run\/13Resultats\/11KmContrevoz2013.pdf<\/a><\/p>\n<p><strong>6 avril 2014 <\/strong>(224 inscrits, 218 partants, 216 class\u00e9s dont 54 femmes) :<br \/>\n\u2013 1er (1er senior + espoir) :\u00a0<strong>Lucas Chaume<\/strong>\u00a0(Association Sportive de la Communaut\u00e9 Urbaine de Lyon Jogging Aventure) en 37\u201924.<br \/>\n\u2013 1\u00e8re (1\u00e8re senior + espoir, 22\u00e8me au scratch) :\u00a0<strong>Anne-Sophie Vittet<\/strong>\u00a0(Team Run Alp Villeurbanne et Lyon Athl\u00e9tisme) en 43\u201909.<br \/>\n\u2013 R\u00e9sultats complets sur le site Web L-Chrono :<br \/>\n<a href=\"http:\/\/www.l-chrono.com\/resultats-11-km-de-contrevoz-2014\/\">http:\/\/www.l-chrono.com\/resultats-11-km-de-contrevoz-2014\/<\/a><\/p>\n<p><strong>5 avril 2015 <\/strong>(269 inscrits, 254 partants, 254 class\u00e9s dont 63 femmes) :<br \/>\n\u2013 1er (1er senior + espoir) :\u00a0<strong>Lucas Chaume<\/strong>\u00a0(Team Run Alp et Association Sportive de la Communaut\u00e9 Urbaine de Lyon Jogging Aventure) en 37\u201902.<br \/>\n\u2013 1\u00e8re (1\u00e8re senior + espoir, 13\u00e8me au scratch) :\u00a0<strong>Anne-Sophie Vittet<\/strong>\u00a0(Team Run Alp Villeurbanne\u00a0; Patronage La\u00efque de Pierre-B\u00e9nite, section de l\u2019Entente Sud Lyonnais) en 41\u201947.<br \/>\n\u2013 R\u00e9sultats complets sur le site Web L-Chrono :<br \/>\n<a href=\"http:\/\/www.l-chrono.com\/resultats-11-km-de-contrevoz-2015\/\">http:\/\/www.l-chrono.com\/resultats-11-km-de-contrevoz-2015\/<\/a><\/p>\n<p><strong>3 avril 2016 <\/strong>(338 inscrits, 321 partants, 320 class\u00e9s dont 85 femmes) :<br \/>\n\u2013 1er (1er senior + espoir) :\u00a0<strong>Pierrick Page<\/strong>\u00a0(Bourg-en-Bresse Triathlon) en 37\u201932.<br \/>\n\u2013 1\u00e8re (1\u00e8re senior + espoir, 5\u00e8me au scratch) :\u00a0<strong>Anne-Sophie Vittet<\/strong>\u00a0(Team Run Alp ; Patronage La\u00efque de Pierre-B\u00e9nite, section de l\u2019Entente Sud Lyonnais) en 40\u201934.<br \/>\n\u2013 R\u00e9sultats complets sur le site Web L-Chrono :<br \/>\n<a href=\"http:\/\/www.l-chrono.com\/resultats-11-km-de-contrevoz-2016\/\">http:\/\/www.l-chrono.com\/resultats-11-km-de-contrevoz-2016\/<\/a><\/p>\n<p><span style=\"color: #000000;\"><strong>2\u00a0avril 2017 <\/strong>(306 inscrits, 293 partants, 291 class\u00e9s dont 77 femmes) :<br \/>\n\u2013 1er (1er senior + espoir) :\u00a0<strong>Lucas Chaume<\/strong>\u00a0(Team Run Alp et Association Sportive de la Communaut\u00e9 Urbaine de Lyon Jogging Aventure) en 36\u201948.<br \/>\n\u2013 1\u00e8re (1\u00e8re senior + espoir, 6\u00e8me au scratch) :\u00a0<strong>Anne-Sophie Vittet<\/strong>\u00a0(Team Run Alp Villeurbanne\u00a0; Patronage La\u00efque de Pierre-B\u00e9nite, section de l\u2019Entente Sud Lyonnais) en <strong>40\u201914, record de l\u2019\u00e9preuve<\/strong>.<br \/>\n\u2013 R\u00e9sultats complets sur le site Web L-Chrono :<br \/>\n<a href=\"http:\/\/www.l-chrono.com\/resultats2017\/11_km_de_contrevoz.pdf\">http:\/\/www.l-chrono.com\/resultats2017\/11_km_de_contrevoz.pdf<\/a><br \/>\n<\/span><strong><span style=\"color: #ffffff;\">.<\/span><br \/>\n<\/strong><span style=\"color: #ffffff;\">.<\/span><strong><br \/>\n<\/strong><span style=\"color: #ffffff;\">.<\/span><strong><br \/>\nLES 11 KM DE CONTREVOZ SUR LE SITE WEB TPS INFOS\u00a0:<\/strong><\/p>\n<p><strong>\u2013 R\u00e9sultats et compte rendu de l\u2019\u00e9dition 2012\u00a0:<\/strong><br \/>\n<a href=\"http:\/\/www.trail-running-savoie.fr\/resultats-des-11km-de-contrevoz-01-04-12\/\">http:\/\/www.trail-running-savoie.fr\/resultats-des-11km-de-contrevoz-01-04-12\/<br \/>\n<\/a><strong><br \/>\n\u2013 R\u00e9sultats, compte rendu et photos de l\u2019\u00e9dition 2013\u00a0:<\/strong><br \/>\n<a href=\"http:\/\/www.trail-running-savoie.fr\/resultats-des-11km-de-contrevoz-07-04-13\/\">http:\/\/www.trail-running-savoie.fr\/resultats-des-11km-de-contrevoz-07-04-13\/<br \/>\n<\/a><strong><br \/>\n\u2013 R\u00e9sultats, compte rendu et photos de l\u2019\u00e9dition 2014\u00a0:<\/strong><br \/>\n<a href=\"http:\/\/www.trail-running-savoie.fr\/resultats-et-commentaire-des-11km-de-contrevoz-06-04-14\/\">http:\/\/www.trail-running-savoie.fr\/resultats-et-commentaire-des-11km-de-contrevoz-06-04-14\/<br \/>\n<\/a><strong><br \/>\n\u2013 R\u00e9sultats, compte rendu et photos de l\u2019\u00e9dition 2015\u00a0:<\/strong><br \/>\n<a href=\"http:\/\/www.trail-running-savoie.fr\/resultats-compte-rendu-et-premieres-photos-des-11-km-de-contrevoz-05-04-15\/\">http:\/\/www.trail-running-savoie.fr\/resultats-compte-rendu-et-premieres-photos-des-11-km-de-contrevoz-05-04-15\/<\/a><\/p>\n<p><strong>\u2013 R\u00e9sultats, compte rendu et photos de l\u2019\u00e9dition 2016 :<\/strong><br \/>\n<a href=\"http:\/\/www.trail-running-savoie.fr\/resultats-compte-rendu-et-photos-des-11-km-de-contrevoz-03-04-16\/\">http:\/\/www.trail-running-savoie.fr\/resultats-compte-rendu-et-photos-des-11-km-de-contrevoz-03-04-16\/<\/a><br \/>\n<span style=\"color: #ffffff;\">.<\/span><br \/>\n<span style=\"color: #ffffff;\">.<\/span><br \/>\n<span style=\"color: #ffffff;\">.<\/span><br \/>\n<strong>3EME EDITION EN 2017 DU CHALLENGE BUGEY SUD\u00a0:<\/strong><\/p>\n<p>Les 11 km de Contrevoz ont de nouveau frapp\u00e9 les trois coups du Challenge Bugey Sud qui s\u2019est substitu\u00e9 en 2015 \u00e0 celui de la Communaut\u00e9 de Communes Belley \u2013 Bas-Bugey, surgi en 1995 sous la houlette de\u00a0<strong>Jean-Claude\u00a0Leriget<\/strong>, ancien maire de Parves (1981-2014).<br \/>\nPour son 3\u00e8me opus, le Challenge Bugey Sud renfermera une manche suppl\u00e9mentaire, en l\u2019occurrence la Course de Talissieu, soit un total de sept \u00e9preuves. Tout benef pour cette contr\u00e9e \u00f4 combien attachante !<\/p>\n<p><strong>F.V.<br \/>\n<\/strong><span style=\"color: #ffffff;\">.<\/span><strong><br \/>\n<\/strong><span style=\"color: #ffffff;\">.<\/span><strong><br \/>\n<\/strong><strong>Programme :<br \/>\n<\/strong><br \/>\n<strong>\u2013\u00a0Dimanche 2 avril \u00e0 Contrevoz :\u00a0les 6\u00e8mes 11 km de Contrevoz.<br \/>\n<\/strong>D\u00e9part\u00a0: 10h00 en mairie.<strong><br \/>\n<\/strong>Type de course\u00a0: nature.<strong><br \/>\n<\/strong>Dimensions\u00a0:\u00a010,4km pour 135m de d\u00e9nivel\u00e9.<br \/>\nOrganisation\u00a0: le Comit\u00e9 d\u2019Organisation de la Course de Contrevoz.<br \/>\nE-mail de <strong>Jean-Pierre Nehr : <\/strong><a href=\"mailto:nehr.jp@wanadoo.fr\">nehr.jp@wanadoo.fr<\/a><strong>\u00a0<\/strong>; E-mail de<strong> Roland Vacther : <\/strong><a href=\"mailto:roland.vacther@orange.fr\">roland.vacther@orange.fr<\/a><br \/>\nT\u00e9l\u00e9phone de <strong>Jean-Pierre Nehr<\/strong>\u00a0: 06-25-74-10-88 ; t\u00e9l\u00e9phone de\u00a0<strong>Roland Vacther<\/strong>\u00a0: 06-03-43-18-35.<br \/>\nSite Web\u00a0: <a href=\"http:\/\/www.11kmdecontrevoz.com\/\">http:\/\/www.11kmdecontrevoz.com\/<\/a><br \/>\nPage Facebook : <a href=\"https:\/\/www.facebook.com\/pages\/11-km-de-Contrevoz\/279522185496152\">https:\/\/www.facebook.com\/pages\/11-km-de-Contrevoz\/279522185496152<\/a><\/p>\n<p><strong>\u2013 Dimanche 21 mai \u00e0 Virignin (d\u00e9part) et \u00e0 Parves (arriv\u00e9e) :\u00a0la 30\u00e8me Mont\u00e9e P\u00e9destre de Virignin-Parves.<br \/>\n<\/strong>D\u00e9part\u00a0: \u00e0 10h00 en mairie de Virignin.<br \/>\nType de course\u00a0: nature et route.<strong><br \/>\n<\/strong>Dimensions\u00a0:\u00a010,8km pour 451m de d\u00e9nivel\u00e9 positif.<br \/>\nOrganisation\u00a0: l\u2019Amicale des Sapeurs-Pompiers de Parves et Nattages.<br \/>\nE-mail :\u00a0<a href=\"mailto:cpi.parves@orange.fr\">cpi.parves@orange.fr<\/a><br \/>\nT\u00e9l\u00e9phone de\u00a0<strong>Laurent Bijot <\/strong>:<strong>\u00a0<\/strong>06-10-83-55-21.<br \/>\nSite Web\u00a0: <a href=\"http:\/\/www.monteedeparves.fr\/\">http:\/\/www.monteedeparves.fr\/<\/a><\/p>\n<p><strong>\u2013 Dimanche 4 juin \u00e0 Culoz :\u00a0la 3\u00e8me Mont\u00e9e du Grand Colombier.<\/strong><br \/>\nD\u00e9part\u00a0: 8h00 au gymnase Falconnier.<br \/>\nType de course\u00a0: nature.<strong><br \/>\n<\/strong>Dimensions\u00a0:\u00a013,2km pour 1251m de d\u00e9nivel\u00e9 positif.<br \/>\nE-mail de <strong>Marie-Th\u00e9r\u00e8se Lemaitre<\/strong> :\u00a0<a href=\"mailto:marie-therese.lemaitre24@orange .fr\">marie-therese.lemaitre24@orange .fr<\/a><br \/>\nT\u00e9l\u00e9phone d\u2019<strong>Hugues Droual<\/strong>\u00a0: 06-85-92-19-00 ; t\u00e9l\u00e9phone de\u00a0<strong>Julien Fontaine <\/strong>:<strong>\u00a0<\/strong>06-76-54-65-61 ; t\u00e9l\u00e9phone de <strong>Christian Lemaitre<\/strong> : 06-46-58-22-86.<br \/>\nOrganisation\u00a0: la section de Culoz de l\u2019Athl\u00e9tique Sport Aixois.<br \/>\nSite Web\u00a0: <a href=\"http:\/\/asathle.org\/asa-evenements\/montee-du-grand-colombier\/\">http:\/\/asathle.org\/asa-evenements\/montee-du-grand-colombier\/<\/a><\/p>\n<p><strong>\u2013 Dimanche 2 juillet \u00e0 Massignieu-de-Rives :<\/strong>\u00a0<strong>la 1\u00e8re Massignolande.<\/strong><br \/>\nD\u00e9part\u00a0: 9h30 au port.<br \/>\nType de course\u00a0: route.<strong><br \/>\n<\/strong>Dimensions\u00a0:\u00a09,4km.<br \/>\nOrganisation\u00a0: l\u2019Amicale des Sapeurs-Pompiers de Massignieu-de-Rives.<br \/>\nT\u00e9l\u00e9phone de <strong>Marl\u00e8ne Condat\u00a0<\/strong>: 06-33-53-65-27.<br \/>\n<strong><br \/>\n\u2013 Dimanche 23 juillet \u00e0 Talissieu :<\/strong>\u00a0<strong>les 2\u00e8mes Foul\u00e9es Enthousiastes.<\/strong><br \/>\nD\u00e9part\u00a0: 10h00 \u00e0 Marlieu.<br \/>\nType de course\u00a0: nature.<strong><br \/>\n<\/strong>Dimensions\u00a0: 10,8km pour 126m de d\u00e9nivel\u00e9.<br \/>\nOrganisation\u00a0: Triple Effort Enthusiasts.<br \/>\nE-mail :\u00a0<a href=\"mailto: accueil@triple-effort-enthusiasts.com\">accueil@triple-effort-enthusiasts.com<\/a><br \/>\nT\u00e9l\u00e9phone de <strong>Nicolas Berger\u00a0<\/strong>: 06-26-36-05-25.<br \/>\nSite Web :\u00a0<a href=\"http:\/\/www.triple-effort-enthusiasts.com\/\">www.triple-effort-enthusiasts.com<\/a><\/p>\n<p><strong>\u2013 Dimanche 18 septembre \u00e0 Belley : la 16\u00e8me Foul\u00e9e Belleysanne.<\/strong><br \/>\nD\u00e9part\u00a0: \u00e0 10h00 au stade de rugby.<br \/>\nType de course\u00a0: nature.<strong><br \/>\n<\/strong>Dimensions\u00a0:\u00a012km pour 175m de d\u00e9nivel\u00e9.<br \/>\nOrganisation\u00a0: le Belley Sport P\u00e9destre.<br \/>\nT\u00e9l\u00e9phone d\u2019<strong>Emmanuel Meriaux <\/strong>: 06-85-10-70-27 ; t\u00e9l\u00e9phone de <strong>Lo\u00efc Vachod<\/strong> : 06-74-39-45-51.<br \/>\nE-mail d\u2019<strong>Emmanuel Meriaux <\/strong>:\u00a0<a href=\"mailto:meriaux.emmanuel@wanadoo.fr\">meriaux.emmanuel@wanadoo.fr<\/a><br \/>\nSite Web\u00a0:\u00a0<a href=\"http:\/\/fouleebelleysanne.runalp.com\/\">http:\/\/fouleebelleysanne.runalp.com\/<\/a><\/p>\n<p><strong>\u2013 Dimanche 25 septembre \u00e0 Brens :\u00a0la\u00a026\u00e8me Course de la Saint-Michel.<\/strong><br \/>\nD\u00e9part\u00a0: \u00e0 16h00 \u00e0 la salle des f\u00eates.<br \/>\nType de course\u00a0: nature et route.<strong><br \/>\n<\/strong>Dimensions\u00a0:\u00a012,6km.<br \/>\nOrganisation\u00a0: le Comit\u00e9 des F\u00eates de Brens.<br \/>\nE-mail de\u00a0<strong>Madjid Kellal<\/strong>\u00a0: <a href=\"mailto:madjid.kellal@sfr.fr\">madjid.kellal@sfr.fr<\/a><br \/>\nT\u00e9l\u00e9phone de\u00a0<strong>Madjid Kellal<\/strong>\u00a0: 06-12-88-28-41.<br \/>\n<span style=\"color: #ffffff;\">.<\/span><strong><br \/>\n<\/strong><span style=\"color: #ffffff;\">.<\/span><strong><br \/>\nR\u00e8glement :<\/strong><\/p>\n<p><a href=\"http:\/\/www.challengebugeysud.com\/le-reglement.php\">http:\/\/www.challengebugeysud.com\/le-reglement.php<\/a><br \/>\n<span style=\"color: #ffffff;\">.<\/span><strong><br \/>\n<\/strong><span style=\"color: #ffffff;\">.<\/span><strong><br \/>\nSite Web :<\/strong><\/p>\n<p><a href=\"http:\/\/www.challengebugeysud.com\/\">http:\/\/www.challengebugeysud.com\/<\/a><\/p>\n<p><span style=\"color: #ffffff;\">.<\/span><br \/>\n<span style=\"color: #ffffff;\"> .<\/span><br \/>\n<strong>PHOTOS :<\/strong><\/p>\n<p>Plusieurs chevilles ouvri\u00e8res du Comit\u00e9 d\u2019Organisation de la Course de Contrevoz\u00a0n\u2019ont pas manqu\u00e9 d\u2019immortaliser la manifestation par un gratifiant reportage. Comprenant une kyrielle de clich\u00e9s, celui-ci a \u00e9t\u00e9 r\u00e9alis\u00e9 au d\u00e9part, au terme du tour de village, au point culminant (km4), \u00e0 l\u2019arriv\u00e9e puis \u00e0 la remise des prix.<br \/>\nLa totalit\u00e9 des images enrichit le site Web des 11 km de Contrevoz :<br \/>\n<a href=\"http:\/\/www.11kmdecontrevoz.com\/galerie-photos.php\">http:\/\/www.11kmdecontrevoz.com\/galerie-photos.php<\/a><\/p>\n<p>Ci-dessous, vous trouverez 20 de leurs photos, plac\u00e9es\u00a0dans l\u2019ordre de passage des athl\u00e8tes et assorties de l\u00e9gendes.<br \/>\nQu\u2019elles en soient bien s\u00fbr chaleureusement remerci\u00e9es !<br \/>\nJe tiens \u00e9galement \u00e0 f\u00e9liciter <strong>Roland Vacther<\/strong>, tr\u00e9sorier et responsable du site Web du Comit\u00e9 d\u2019Organisation de la Course de Contrevoz, pour m\u2019avoir transmis d\u00e8s le soir de cet \u00e9v\u00e9nement 14 clich\u00e9s.<strong><br \/>\n<img data-recalc-dims=\"1\" loading=\"lazy\" decoding=\"async\" class=\"size-full wp-image-6636 aligncenter\" src=\"https:\/\/i0.wp.com\/www.courzyvite.run\/blog\/wp-content\/uploads\/2017\/04\/IMG_9691.jpg?resize=860%2C573\" alt=\"\" width=\"860\" height=\"573\" srcset=\"https:\/\/i0.wp.com\/www.courzyvite.run\/blog\/wp-content\/uploads\/2017\/04\/IMG_9691.jpg?w=1280&amp;ssl=1 1280w, https:\/\/i0.wp.com\/www.courzyvite.run\/blog\/wp-content\/uploads\/2017\/04\/IMG_9691.jpg?resize=420%2C280&amp;ssl=1 420w, https:\/\/i0.wp.com\/www.courzyvite.run\/blog\/wp-content\/uploads\/2017\/04\/IMG_9691.jpg?resize=768%2C512&amp;ssl=1 768w, https:\/\/i0.wp.com\/www.courzyvite.run\/blog\/wp-content\/uploads\/2017\/04\/IMG_9691.jpg?resize=1200%2C800&amp;ssl=1 1200w\" sizes=\"auto, (max-width: 860px) 100vw, 860px\" \/><\/strong>6\u00e8me \u00e9dition des 11 km de Contrevoz, 2 avril 2017.<br \/>\nD\u00e9part.<br \/>\n&#8211; Dossard 146 : <strong>Bastien Mateo<\/strong> (Athl\u00e9tique Sport Aixois Belley), 8\u00e8me (6\u00e8me senior + espoir) en 40\u201941.<br \/>\n&#8211; Dossard 271 :\u00a0<b>Anne Roussel<\/b>\u00a0(Athl\u00e9tique Sport Aixois), 2\u00e8me femme (2\u00e8me senior + espoir, 29\u00e8me au scratch)\u00a0en 44\u201942.<br \/>\n&#8211; Dossard 206 :\u00a0<strong>Anne-Sophie Vittet<\/strong> (Team Run Alp ; Patronage La\u00efque de Pierre-B\u00e9nite, section de l\u2019Entente Sud Lyonnais), 1\u00e8re femme (1\u00e8re senior + espoir, 6\u00e8me au scratch) en 40\u201914.<br \/>\n&#8211; Derri\u00e8re Anne-Sophie avec un maillot jaune et une moustache : <strong>Yvan Massonnet<\/strong> (Cercier), 11\u00e8me (3\u00e8me V1) en 42\u201902.<br \/>\n&#8211; Dossard 59 :\u00a0<b>Salvatore Conti<\/b>\u00a0(Stade Olympique Arl\u00e9sien), 13\u00e8me (1er V2) en 42\u201907.<br \/>\n<img data-recalc-dims=\"1\" loading=\"lazy\" decoding=\"async\" class=\"size-full wp-image-6681 aligncenter\" src=\"https:\/\/i0.wp.com\/www.courzyvite.run\/blog\/wp-content\/uploads\/2017\/04\/IMG_0542.jpg?resize=860%2C573\" alt=\"\" width=\"860\" height=\"573\" srcset=\"https:\/\/i0.wp.com\/www.courzyvite.run\/blog\/wp-content\/uploads\/2017\/04\/IMG_0542.jpg?w=957&amp;ssl=1 957w, https:\/\/i0.wp.com\/www.courzyvite.run\/blog\/wp-content\/uploads\/2017\/04\/IMG_0542.jpg?resize=420%2C280&amp;ssl=1 420w, https:\/\/i0.wp.com\/www.courzyvite.run\/blog\/wp-content\/uploads\/2017\/04\/IMG_0542.jpg?resize=768%2C512&amp;ssl=1 768w\" sizes=\"auto, (max-width: 860px) 100vw, 860px\" \/>6\u00e8me \u00e9dition des 11 km de Contrevoz, 2 avril 2017.<br \/>\nFin du tour de village.<br \/>\n&#8211; Dossard 1 :\u00a0<b>Guillaume Abry<\/b> (Athl\u00e9 Saint-Julien 74), 5\u00e8me (4\u00e8me senior + espoir) en 40\u201909.<br \/>\n&#8211; Dans les basques de Guillaume :\u00a0<b>Marc Thibault<\/b>\u00a0(Athl\u00e9tique Sport Aixois), 4\u00e8me (1er V1) en 38\u201931.<br \/>\n<img data-recalc-dims=\"1\" loading=\"lazy\" decoding=\"async\" class=\"size-full wp-image-6637 aligncenter\" src=\"https:\/\/i0.wp.com\/www.courzyvite.run\/blog\/wp-content\/uploads\/2017\/04\/DSC_0024.jpg?resize=860%2C573\" alt=\"\" width=\"860\" height=\"573\" srcset=\"https:\/\/i0.wp.com\/www.courzyvite.run\/blog\/wp-content\/uploads\/2017\/04\/DSC_0024.jpg?w=1280&amp;ssl=1 1280w, https:\/\/i0.wp.com\/www.courzyvite.run\/blog\/wp-content\/uploads\/2017\/04\/DSC_0024.jpg?resize=420%2C280&amp;ssl=1 420w, https:\/\/i0.wp.com\/www.courzyvite.run\/blog\/wp-content\/uploads\/2017\/04\/DSC_0024.jpg?resize=768%2C512&amp;ssl=1 768w, https:\/\/i0.wp.com\/www.courzyvite.run\/blog\/wp-content\/uploads\/2017\/04\/DSC_0024.jpg?resize=1200%2C800&amp;ssl=1 1200w\" sizes=\"auto, (max-width: 860px) 100vw, 860px\" \/>6\u00e8me \u00e9dition des 11 km de Contrevoz, 2 avril 2017.<br \/>\nPoint culminant (km4).<br \/>\n<strong>Lucas Chaume<\/strong>\u00a0(Team Run Alp ; Patronage La\u00efque de Pierre-B\u00e9nite, section de l\u2019Entente Sud Lyonnais), 1er (1er senior + espoir) en 36\u201948.<br \/>\n<img data-recalc-dims=\"1\" loading=\"lazy\" decoding=\"async\" class=\"size-full wp-image-6639 aligncenter\" src=\"https:\/\/i0.wp.com\/www.courzyvite.run\/blog\/wp-content\/uploads\/2017\/04\/DSC_0025.jpg?resize=860%2C573\" alt=\"\" width=\"860\" height=\"573\" srcset=\"https:\/\/i0.wp.com\/www.courzyvite.run\/blog\/wp-content\/uploads\/2017\/04\/DSC_0025.jpg?w=1280&amp;ssl=1 1280w, https:\/\/i0.wp.com\/www.courzyvite.run\/blog\/wp-content\/uploads\/2017\/04\/DSC_0025.jpg?resize=420%2C280&amp;ssl=1 420w, https:\/\/i0.wp.com\/www.courzyvite.run\/blog\/wp-content\/uploads\/2017\/04\/DSC_0025.jpg?resize=768%2C512&amp;ssl=1 768w, https:\/\/i0.wp.com\/www.courzyvite.run\/blog\/wp-content\/uploads\/2017\/04\/DSC_0025.jpg?resize=1200%2C800&amp;ssl=1 1200w\" sizes=\"auto, (max-width: 860px) 100vw, 860px\" \/>6\u00e8me \u00e9dition des 11 km de Contrevoz, 2 avril 2017.<br \/>\nPoint culminant (km4).<br \/>\n&#8211; Dossard 219 :\u00a0<strong>Ludovic Papillie<\/strong>\u00a0(Association Sportive Universitaire Lyonnaise de Bron<em>,\u00a0<\/em>section de l\u2019Entente Sud Lyonnais), 2\u00e8me (2\u00e8me senior + espoir) en 37\u201934.<br \/>\n&#8211; Au second plan :\u00a0<strong>Adrien Betron<\/strong>\u00a0(Balan C\u00f4ti\u00e8re Athl\u00e9tisme), 3\u00e8me (3\u00e8me senior + espoir) en 38\u201915.<br \/>\n<img data-recalc-dims=\"1\" loading=\"lazy\" decoding=\"async\" class=\"size-full wp-image-6640 aligncenter\" src=\"https:\/\/i0.wp.com\/www.courzyvite.run\/blog\/wp-content\/uploads\/2017\/04\/DSC_0026.jpg?resize=860%2C573\" alt=\"\" width=\"860\" height=\"573\" srcset=\"https:\/\/i0.wp.com\/www.courzyvite.run\/blog\/wp-content\/uploads\/2017\/04\/DSC_0026.jpg?w=1280&amp;ssl=1 1280w, https:\/\/i0.wp.com\/www.courzyvite.run\/blog\/wp-content\/uploads\/2017\/04\/DSC_0026.jpg?resize=420%2C280&amp;ssl=1 420w, https:\/\/i0.wp.com\/www.courzyvite.run\/blog\/wp-content\/uploads\/2017\/04\/DSC_0026.jpg?resize=768%2C512&amp;ssl=1 768w, https:\/\/i0.wp.com\/www.courzyvite.run\/blog\/wp-content\/uploads\/2017\/04\/DSC_0026.jpg?resize=1200%2C800&amp;ssl=1 1200w\" sizes=\"auto, (max-width: 860px) 100vw, 860px\" \/>6\u00e8me \u00e9dition des 11 km de Contrevoz, 2 avril 2017.<br \/>\nPoint culminant (km4).<br \/>\n<b>Marc Thibault<\/b>\u00a0(Athl\u00e9tique Sport Aixois), 4\u00e8me (1er V1) en 38\u201931.<br \/>\n<img data-recalc-dims=\"1\" loading=\"lazy\" decoding=\"async\" class=\"size-full wp-image-6641 aligncenter\" src=\"https:\/\/i0.wp.com\/www.courzyvite.run\/blog\/wp-content\/uploads\/2017\/04\/DSC_0029.jpg?resize=860%2C573\" alt=\"\" width=\"860\" height=\"573\" srcset=\"https:\/\/i0.wp.com\/www.courzyvite.run\/blog\/wp-content\/uploads\/2017\/04\/DSC_0029.jpg?w=1280&amp;ssl=1 1280w, https:\/\/i0.wp.com\/www.courzyvite.run\/blog\/wp-content\/uploads\/2017\/04\/DSC_0029.jpg?resize=420%2C280&amp;ssl=1 420w, https:\/\/i0.wp.com\/www.courzyvite.run\/blog\/wp-content\/uploads\/2017\/04\/DSC_0029.jpg?resize=768%2C512&amp;ssl=1 768w, https:\/\/i0.wp.com\/www.courzyvite.run\/blog\/wp-content\/uploads\/2017\/04\/DSC_0029.jpg?resize=1200%2C800&amp;ssl=1 1200w\" sizes=\"auto, (max-width: 860px) 100vw, 860px\" \/>6\u00e8me \u00e9dition des 11 km de Contrevoz, 2 avril 2017.<br \/>\nPoint culminant (km4).<br \/>\n&#8211; Dossard 146 : <strong>Bastien Mateo<\/strong> (Athl\u00e9tique Sport Aixois Belley), 8\u00e8me (6\u00e8me senior + espoir) en 40\u201941.<br \/>\n&#8211; Dans le dos de Bastien :\u00a0<strong>Anne-Sophie Vittet<\/strong> (Team Run Alp ; Patronage La\u00efque de Pierre-B\u00e9nite, section de l\u2019Entente Sud Lyonnais), 1\u00e8re femme (1\u00e8re senior + espoir, 6\u00e8me au scratch) en 40\u201914.<br \/>\n<img data-recalc-dims=\"1\" loading=\"lazy\" decoding=\"async\" class=\"size-full wp-image-6643 aligncenter\" src=\"https:\/\/i0.wp.com\/www.courzyvite.run\/blog\/wp-content\/uploads\/2017\/04\/DSC_0045.jpg?resize=860%2C573\" alt=\"\" width=\"860\" height=\"573\" srcset=\"https:\/\/i0.wp.com\/www.courzyvite.run\/blog\/wp-content\/uploads\/2017\/04\/DSC_0045.jpg?w=1280&amp;ssl=1 1280w, https:\/\/i0.wp.com\/www.courzyvite.run\/blog\/wp-content\/uploads\/2017\/04\/DSC_0045.jpg?resize=420%2C280&amp;ssl=1 420w, https:\/\/i0.wp.com\/www.courzyvite.run\/blog\/wp-content\/uploads\/2017\/04\/DSC_0045.jpg?resize=768%2C512&amp;ssl=1 768w, https:\/\/i0.wp.com\/www.courzyvite.run\/blog\/wp-content\/uploads\/2017\/04\/DSC_0045.jpg?resize=1200%2C800&amp;ssl=1 1200w\" sizes=\"auto, (max-width: 860px) 100vw, 860px\" \/>6\u00e8me \u00e9dition des 11 km de Contrevoz, 2 avril 2017.<br \/>\nPoint culminant (km4).<br \/>\n<b>Anne Roussel<\/b>\u00a0(Athl\u00e9tique Sport Aixois), 2\u00e8me femme (2\u00e8me senior + espoir, 29\u00e8me au scratch)\u00a0en 44\u201942.<br \/>\n<img data-recalc-dims=\"1\" loading=\"lazy\" decoding=\"async\" class=\"size-full wp-image-6644 aligncenter\" src=\"https:\/\/i0.wp.com\/www.courzyvite.run\/blog\/wp-content\/uploads\/2017\/04\/DSC_0049.jpg?resize=860%2C573\" alt=\"\" width=\"860\" height=\"573\" srcset=\"https:\/\/i0.wp.com\/www.courzyvite.run\/blog\/wp-content\/uploads\/2017\/04\/DSC_0049.jpg?w=1280&amp;ssl=1 1280w, https:\/\/i0.wp.com\/www.courzyvite.run\/blog\/wp-content\/uploads\/2017\/04\/DSC_0049.jpg?resize=420%2C280&amp;ssl=1 420w, https:\/\/i0.wp.com\/www.courzyvite.run\/blog\/wp-content\/uploads\/2017\/04\/DSC_0049.jpg?resize=768%2C512&amp;ssl=1 768w, https:\/\/i0.wp.com\/www.courzyvite.run\/blog\/wp-content\/uploads\/2017\/04\/DSC_0049.jpg?resize=1200%2C800&amp;ssl=1 1200w\" sizes=\"auto, (max-width: 860px) 100vw, 860px\" \/>6\u00e8me \u00e9dition des 11 km de Contrevoz, 2 avril 2017.<br \/>\nPoint culminant (km4).<br \/>\n&#8211; Dossard 282 :\u00a0<b>Christelle Prevost<\/b>\u00a0(Montlu\u00e7on Athl\u00e9tisme, section de l\u2019Entente\u00a0Ouest Allier Athl\u00e9tisme), 3\u00e8me femme (3\u00e8me senior + espoir, 35\u00e8me au scratch)\u00a0en 45\u201929.<br \/>\n&#8211; Dans les talons de Christelle : <strong>Emmanuel Penpenic<\/strong> (Belley), 24\u00e8me (14\u00e8me senior + espoir) en 43\u201958.<br \/>\n<img data-recalc-dims=\"1\" loading=\"lazy\" decoding=\"async\" class=\"size-full wp-image-6646 aligncenter\" src=\"https:\/\/i0.wp.com\/www.courzyvite.run\/blog\/wp-content\/uploads\/2017\/04\/DSC_0054.jpg?resize=860%2C573\" alt=\"\" width=\"860\" height=\"573\" srcset=\"https:\/\/i0.wp.com\/www.courzyvite.run\/blog\/wp-content\/uploads\/2017\/04\/DSC_0054.jpg?w=1280&amp;ssl=1 1280w, https:\/\/i0.wp.com\/www.courzyvite.run\/blog\/wp-content\/uploads\/2017\/04\/DSC_0054.jpg?resize=420%2C280&amp;ssl=1 420w, https:\/\/i0.wp.com\/www.courzyvite.run\/blog\/wp-content\/uploads\/2017\/04\/DSC_0054.jpg?resize=768%2C512&amp;ssl=1 768w, https:\/\/i0.wp.com\/www.courzyvite.run\/blog\/wp-content\/uploads\/2017\/04\/DSC_0054.jpg?resize=1200%2C800&amp;ssl=1 1200w\" sizes=\"auto, (max-width: 860px) 100vw, 860px\" \/>6\u00e8me \u00e9dition des 11 km de Contrevoz, 2 avril 2017.<br \/>\nPoint culminant (km4).<br \/>\n<b>Christine Denis-Billet<\/b>\u00a0(Athl\u00e9 Saint-Julien 74), 4\u00e8me femme (1\u00e8re V1, 37\u00e8me au scratch) en 45\u201950.<br \/>\n<img data-recalc-dims=\"1\" loading=\"lazy\" decoding=\"async\" class=\"size-full wp-image-6669 aligncenter\" src=\"https:\/\/i0.wp.com\/www.courzyvite.run\/blog\/wp-content\/uploads\/2017\/04\/IMG_0676.jpg?resize=860%2C573\" alt=\"\" width=\"860\" height=\"573\" srcset=\"https:\/\/i0.wp.com\/www.courzyvite.run\/blog\/wp-content\/uploads\/2017\/04\/IMG_0676.jpg?w=957&amp;ssl=1 957w, https:\/\/i0.wp.com\/www.courzyvite.run\/blog\/wp-content\/uploads\/2017\/04\/IMG_0676.jpg?resize=420%2C280&amp;ssl=1 420w, https:\/\/i0.wp.com\/www.courzyvite.run\/blog\/wp-content\/uploads\/2017\/04\/IMG_0676.jpg?resize=768%2C512&amp;ssl=1 768w\" sizes=\"auto, (max-width: 860px) 100vw, 860px\" \/>6\u00e8me \u00e9dition des 11 km de Contrevoz, 2 avril 2017.<br \/>\nArriv\u00e9e.<br \/>\n<b>Guillaume Abry<\/b> (Athl\u00e9 Saint-Julien 74), 5\u00e8me (4\u00e8me senior + espoir) en 40\u201909.<br \/>\n<img data-recalc-dims=\"1\" loading=\"lazy\" decoding=\"async\" class=\"size-full wp-image-6648 aligncenter\" src=\"https:\/\/i0.wp.com\/www.courzyvite.run\/blog\/wp-content\/uploads\/2017\/04\/IMG_9847-2.jpg?resize=860%2C573\" alt=\"\" width=\"860\" height=\"573\" srcset=\"https:\/\/i0.wp.com\/www.courzyvite.run\/blog\/wp-content\/uploads\/2017\/04\/IMG_9847-2.jpg?w=1280&amp;ssl=1 1280w, https:\/\/i0.wp.com\/www.courzyvite.run\/blog\/wp-content\/uploads\/2017\/04\/IMG_9847-2.jpg?resize=420%2C280&amp;ssl=1 420w, https:\/\/i0.wp.com\/www.courzyvite.run\/blog\/wp-content\/uploads\/2017\/04\/IMG_9847-2.jpg?resize=768%2C512&amp;ssl=1 768w, https:\/\/i0.wp.com\/www.courzyvite.run\/blog\/wp-content\/uploads\/2017\/04\/IMG_9847-2.jpg?resize=1200%2C800&amp;ssl=1 1200w\" sizes=\"auto, (max-width: 860px) 100vw, 860px\" \/>6\u00e8me \u00e9dition des 11 km de Contrevoz, 2 avril 2017.<br \/>\nArriv\u00e9e.<br \/>\n&#8211; Dossard 206 :\u00a0<strong>Anne-Sophie Vittet<\/strong> (Team Run Alp ; Patronage La\u00efque de Pierre-B\u00e9nite, section de l\u2019Entente Sud Lyonnais), 1\u00e8re femme (1\u00e8re senior + espoir, 6\u00e8me au scratch) en 40\u201914.<br \/>\n&#8211; Au fond : <strong>Beno\u00eet Berth\u00e9<\/strong> (Les Alligators Seynod Triathlon), 7\u00e8me (5\u00e8me senior + espoir) en 40\u201920.<br \/>\n<img data-recalc-dims=\"1\" loading=\"lazy\" decoding=\"async\" class=\"size-full wp-image-6649 aligncenter\" src=\"https:\/\/i0.wp.com\/www.courzyvite.run\/blog\/wp-content\/uploads\/2017\/04\/IMG_9873.jpg?resize=860%2C573\" alt=\"\" width=\"860\" height=\"573\" srcset=\"https:\/\/i0.wp.com\/www.courzyvite.run\/blog\/wp-content\/uploads\/2017\/04\/IMG_9873.jpg?w=1280&amp;ssl=1 1280w, https:\/\/i0.wp.com\/www.courzyvite.run\/blog\/wp-content\/uploads\/2017\/04\/IMG_9873.jpg?resize=420%2C280&amp;ssl=1 420w, https:\/\/i0.wp.com\/www.courzyvite.run\/blog\/wp-content\/uploads\/2017\/04\/IMG_9873.jpg?resize=768%2C512&amp;ssl=1 768w, https:\/\/i0.wp.com\/www.courzyvite.run\/blog\/wp-content\/uploads\/2017\/04\/IMG_9873.jpg?resize=1200%2C800&amp;ssl=1 1200w\" sizes=\"auto, (max-width: 860px) 100vw, 860px\" \/>6\u00e8me \u00e9dition des 11 km de Contrevoz, 2 avril 2017.<br \/>\nArriv\u00e9e.<br \/>\n&#8211; Dossard 271 :\u00a0<b>Anne Roussel<\/b>\u00a0(Athl\u00e9tique Sport Aixois), 2\u00e8me femme (2\u00e8me senior + espoir, 29\u00e8me au scratch)\u00a0en 44\u201942.<br \/>\n&#8211; Dossard commen\u00e7ant par 15 : <strong>Nicolas Moriange<\/strong> (Hotonnes), 30\u00e8me (18\u00e8me senior + espoir) en 44\u201944.<br \/>\n<img data-recalc-dims=\"1\" loading=\"lazy\" decoding=\"async\" class=\"size-full wp-image-6671 aligncenter\" src=\"https:\/\/i0.wp.com\/www.courzyvite.run\/blog\/wp-content\/uploads\/2017\/04\/IMG_0707.jpg?resize=860%2C573\" alt=\"\" width=\"860\" height=\"573\" srcset=\"https:\/\/i0.wp.com\/www.courzyvite.run\/blog\/wp-content\/uploads\/2017\/04\/IMG_0707.jpg?w=957&amp;ssl=1 957w, https:\/\/i0.wp.com\/www.courzyvite.run\/blog\/wp-content\/uploads\/2017\/04\/IMG_0707.jpg?resize=420%2C280&amp;ssl=1 420w, https:\/\/i0.wp.com\/www.courzyvite.run\/blog\/wp-content\/uploads\/2017\/04\/IMG_0707.jpg?resize=768%2C512&amp;ssl=1 768w\" sizes=\"auto, (max-width: 860px) 100vw, 860px\" \/>6\u00e8me \u00e9dition des 11 km de Contrevoz, 2 avril 2017.<br \/>\nArriv\u00e9e.<br \/>\n&#8211; Au premier plan :<b> Christine Denis-Billet<\/b>\u00a0(Athl\u00e9 Saint-Julien 74), 4\u00e8me femme (1\u00e8re V1, 37\u00e8me au scratch) en 45\u201950.<br \/>\n&#8211; A la poursuite de Christine : <strong>Laurent Pezeril<\/strong> (Domessin), 38\u00e8me (4\u00e8me V2) en 45\u201951.<br \/>\n<img data-recalc-dims=\"1\" loading=\"lazy\" decoding=\"async\" class=\"size-full wp-image-6673 aligncenter\" src=\"https:\/\/i0.wp.com\/www.courzyvite.run\/blog\/wp-content\/uploads\/2017\/04\/IMG_0730.jpg?resize=860%2C573\" alt=\"\" width=\"860\" height=\"573\" srcset=\"https:\/\/i0.wp.com\/www.courzyvite.run\/blog\/wp-content\/uploads\/2017\/04\/IMG_0730.jpg?w=957&amp;ssl=1 957w, https:\/\/i0.wp.com\/www.courzyvite.run\/blog\/wp-content\/uploads\/2017\/04\/IMG_0730.jpg?resize=420%2C280&amp;ssl=1 420w, https:\/\/i0.wp.com\/www.courzyvite.run\/blog\/wp-content\/uploads\/2017\/04\/IMG_0730.jpg?resize=768%2C512&amp;ssl=1 768w\" sizes=\"auto, (max-width: 860px) 100vw, 860px\" \/>6\u00e8me \u00e9dition des 11 km de Contrevoz, 2 avril 2017.<br \/>\nArriv\u00e9e.<br \/>\n<strong>Dominique Delbe<\/strong> (Ain-Est Athl\u00e9tisme), 62\u00e8me (9\u00e8me V2) en 48\u201909.<br \/>\n<img data-recalc-dims=\"1\" loading=\"lazy\" decoding=\"async\" class=\"size-full wp-image-6675 aligncenter\" src=\"https:\/\/i0.wp.com\/www.courzyvite.run\/blog\/wp-content\/uploads\/2017\/04\/IMG_0731.jpg?resize=860%2C573\" alt=\"\" width=\"860\" height=\"573\" srcset=\"https:\/\/i0.wp.com\/www.courzyvite.run\/blog\/wp-content\/uploads\/2017\/04\/IMG_0731.jpg?w=957&amp;ssl=1 957w, https:\/\/i0.wp.com\/www.courzyvite.run\/blog\/wp-content\/uploads\/2017\/04\/IMG_0731.jpg?resize=420%2C280&amp;ssl=1 420w, https:\/\/i0.wp.com\/www.courzyvite.run\/blog\/wp-content\/uploads\/2017\/04\/IMG_0731.jpg?resize=768%2C512&amp;ssl=1 768w\" sizes=\"auto, (max-width: 860px) 100vw, 860px\" \/>6\u00e8me \u00e9dition des 11 km de Contrevoz, 2 avril 2017.<br \/>\nArriv\u00e9e.<br \/>\n<b>Corinne Leclerc<\/b>\u00a0(Belley Sport P\u00e9destre), 5\u00e8me femme (1\u00e8re V2, 63\u00e8me au scratch) en 48\u201921.<br \/>\n<img data-recalc-dims=\"1\" loading=\"lazy\" decoding=\"async\" class=\"size-full wp-image-6677 aligncenter\" src=\"https:\/\/i0.wp.com\/www.courzyvite.run\/blog\/wp-content\/uploads\/2017\/04\/IMG_0732.jpg?resize=860%2C573\" alt=\"\" width=\"860\" height=\"573\" srcset=\"https:\/\/i0.wp.com\/www.courzyvite.run\/blog\/wp-content\/uploads\/2017\/04\/IMG_0732.jpg?w=957&amp;ssl=1 957w, https:\/\/i0.wp.com\/www.courzyvite.run\/blog\/wp-content\/uploads\/2017\/04\/IMG_0732.jpg?resize=420%2C280&amp;ssl=1 420w, https:\/\/i0.wp.com\/www.courzyvite.run\/blog\/wp-content\/uploads\/2017\/04\/IMG_0732.jpg?resize=768%2C512&amp;ssl=1 768w\" sizes=\"auto, (max-width: 860px) 100vw, 860px\" \/>6\u00e8me \u00e9dition des 11 km de Contrevoz, 2 avril 2017.<br \/>\nArriv\u00e9e.<br \/>\n&#8211; Dossard 192 : <strong>Pierre Saulze<\/strong> (Annecy-le-Vieux Of Course), 64\u00e8me (10\u00e8me V2) en 48\u201934.<br \/>\n&#8211; Avec un maillot bleu :<strong> Laurence Auger<\/strong> (Foul\u00e9es Passageoises), 6\u00e8me femme (2\u00e8me V2, 65\u00e8me au scratch) en 48\u201935.<br \/>\n<img data-recalc-dims=\"1\" loading=\"lazy\" decoding=\"async\" class=\"size-full wp-image-6652 aligncenter\" src=\"https:\/\/i0.wp.com\/www.courzyvite.run\/blog\/wp-content\/uploads\/2017\/04\/IMG_0185.jpg?resize=860%2C573\" alt=\"\" width=\"860\" height=\"573\" srcset=\"https:\/\/i0.wp.com\/www.courzyvite.run\/blog\/wp-content\/uploads\/2017\/04\/IMG_0185.jpg?w=1280&amp;ssl=1 1280w, https:\/\/i0.wp.com\/www.courzyvite.run\/blog\/wp-content\/uploads\/2017\/04\/IMG_0185.jpg?resize=420%2C280&amp;ssl=1 420w, https:\/\/i0.wp.com\/www.courzyvite.run\/blog\/wp-content\/uploads\/2017\/04\/IMG_0185.jpg?resize=768%2C512&amp;ssl=1 768w, https:\/\/i0.wp.com\/www.courzyvite.run\/blog\/wp-content\/uploads\/2017\/04\/IMG_0185.jpg?resize=1200%2C800&amp;ssl=1 1200w\" sizes=\"auto, (max-width: 860px) 100vw, 860px\" \/>6\u00e8me \u00e9dition des 11 km de Contrevoz, 2 avril 2017.<br \/>\nPodium scratch.<br \/>\n&#8211; A gauche :\u00a0<strong>Ludovic Papillie<\/strong>\u00a0(Association Sportive Universitaire Lyonnaise de Bron<em>,\u00a0<\/em>section de l\u2019Entente Sud Lyonnais), 2\u00e8me en 37\u201934.<br \/>\n&#8211; Au centre :\u00a0<strong>Lucas Chaume<\/strong>\u00a0(Team Run Alp ; Patronage La\u00efque de Pierre-B\u00e9nite, section de l\u2019Entente Sud Lyonnais), 1er en 36\u201948.<br \/>\n&#8211; A droite :\u00a0<strong>Adrien Betron<\/strong>\u00a0(Balan C\u00f4ti\u00e8re Athl\u00e9tisme), 3\u00e8me en 38\u201915.<br \/>\n<img data-recalc-dims=\"1\" loading=\"lazy\" decoding=\"async\" class=\"size-full wp-image-6650 aligncenter\" src=\"https:\/\/i0.wp.com\/www.courzyvite.run\/blog\/wp-content\/uploads\/2017\/04\/IMG_0160.jpg?resize=860%2C573\" alt=\"\" width=\"860\" height=\"573\" srcset=\"https:\/\/i0.wp.com\/www.courzyvite.run\/blog\/wp-content\/uploads\/2017\/04\/IMG_0160.jpg?w=1280&amp;ssl=1 1280w, https:\/\/i0.wp.com\/www.courzyvite.run\/blog\/wp-content\/uploads\/2017\/04\/IMG_0160.jpg?resize=420%2C280&amp;ssl=1 420w, https:\/\/i0.wp.com\/www.courzyvite.run\/blog\/wp-content\/uploads\/2017\/04\/IMG_0160.jpg?resize=768%2C512&amp;ssl=1 768w, https:\/\/i0.wp.com\/www.courzyvite.run\/blog\/wp-content\/uploads\/2017\/04\/IMG_0160.jpg?resize=1200%2C800&amp;ssl=1 1200w\" sizes=\"auto, (max-width: 860px) 100vw, 860px\" \/>6\u00e8me \u00e9dition des 11 km de Contrevoz, 2 avril 2017.<br \/>\nPodium scratch f\u00e9minin.<br \/>\n&#8211; A gauche :\u00a0<b>Anne Roussel<\/b>\u00a0(Athl\u00e9tique Sport Aixois), 2\u00e8me en 44\u201942.<br \/>\n&#8211; Au centre :\u00a0<strong>Anne-Sophie Vittet<\/strong> (Team Run Alp ; Patronage La\u00efque de Pierre-B\u00e9nite, section de l\u2019Entente Sud Lyonnais), 1\u00e8re en <strong>40\u201914, record de l\u2019\u00e9preuve<\/strong>.<br \/>\n&#8211; A droite :\u00a0<b>Christelle Prevost<\/b>\u00a0(Montlu\u00e7on Athl\u00e9tisme, section de l\u2019Entente\u00a0Ouest Allier Athl\u00e9tisme), 3\u00e8me en 45\u201929.<br \/>\n<img data-recalc-dims=\"1\" loading=\"lazy\" decoding=\"async\" class=\"size-full wp-image-6653 aligncenter\" src=\"https:\/\/i0.wp.com\/www.courzyvite.run\/blog\/wp-content\/uploads\/2017\/04\/IMG_0209.jpg?resize=860%2C573\" alt=\"\" width=\"860\" height=\"573\" srcset=\"https:\/\/i0.wp.com\/www.courzyvite.run\/blog\/wp-content\/uploads\/2017\/04\/IMG_0209.jpg?w=1280&amp;ssl=1 1280w, https:\/\/i0.wp.com\/www.courzyvite.run\/blog\/wp-content\/uploads\/2017\/04\/IMG_0209.jpg?resize=420%2C280&amp;ssl=1 420w, https:\/\/i0.wp.com\/www.courzyvite.run\/blog\/wp-content\/uploads\/2017\/04\/IMG_0209.jpg?resize=768%2C512&amp;ssl=1 768w, https:\/\/i0.wp.com\/www.courzyvite.run\/blog\/wp-content\/uploads\/2017\/04\/IMG_0209.jpg?resize=1200%2C800&amp;ssl=1 1200w\" sizes=\"auto, (max-width: 860px) 100vw, 860px\" \/>6\u00e8me \u00e9dition des 11 km de Contrevoz, 2 avril 2017.<br \/>\nPodium V1 f\u00e9minin.<br \/>\n&#8211; A gauche : <strong>Ir\u00e8ne Mary<\/strong> (Feurs Triathlon), 2\u00e8me en\u00a054\u201932.<br \/>\n&#8211; Au centre :\u00a0<b>Christine Denis-Billet<\/b>\u00a0(Athl\u00e9 Saint-Julien 74), 1\u00e8re en 45\u201950.<br \/>\n&#8211; A droite : <strong>Solange Martin<\/strong> (Ternay), 3\u00e8me en 54\u201943.<br \/>\n<img data-recalc-dims=\"1\" loading=\"lazy\" decoding=\"async\" class=\"size-full wp-image-6645 aligncenter\" src=\"https:\/\/i0.wp.com\/www.courzyvite.run\/blog\/wp-content\/uploads\/2017\/04\/IMG_0108.jpg?resize=860%2C573\" alt=\"\" width=\"860\" height=\"573\" srcset=\"https:\/\/i0.wp.com\/www.courzyvite.run\/blog\/wp-content\/uploads\/2017\/04\/IMG_0108.jpg?w=1280&amp;ssl=1 1280w, https:\/\/i0.wp.com\/www.courzyvite.run\/blog\/wp-content\/uploads\/2017\/04\/IMG_0108.jpg?resize=420%2C280&amp;ssl=1 420w, https:\/\/i0.wp.com\/www.courzyvite.run\/blog\/wp-content\/uploads\/2017\/04\/IMG_0108.jpg?resize=768%2C512&amp;ssl=1 768w, https:\/\/i0.wp.com\/www.courzyvite.run\/blog\/wp-content\/uploads\/2017\/04\/IMG_0108.jpg?resize=1200%2C800&amp;ssl=1 1200w\" sizes=\"auto, (max-width: 860px) 100vw, 860px\" \/>6\u00e8me \u00e9dition des 11 km de Contrevoz, 2 avril 2017.<br \/>\nUn couple embl\u00e9matique : les laur\u00e9ats\u00a0<strong>Lucas Chaume<\/strong> et <strong>Anne-Sophie Vittet<\/strong>.<\/p>\n","protected":false},"excerpt":{"rendered":"<p>ANNE-SOPHIE VITTET, PUISSANCE 10\u00a0! Encore une \u00e9norme affluence pour cet \u00e9v\u00e9nement haut en couleurs qui a fait son trou d\u00e8s le 1er opus, lanc\u00e9 en 2012 \u00e0 l\u2019initiative de l\u2019incontournable Jean-Pierre Nehr. En effet, pas moins de 584 convives (306 coureurs, 106 enfants et 172 randonneurs) n\u2019auront pas h\u00e9sit\u00e9 \u00e0 sillonner les routes, chemins et sentiers de la commune de Contrevoz que 9km s\u00e9parent de Belley, capitale historique du Bugey. [&#8230;]<\/p>\n","protected":false},"author":2,"featured_media":6665,"comment_status":"closed","ping_status":"open","sticky":false,"template":"","format":"standard","meta":{"advanced_seo_description":"","jetpack_seo_html_title":"","jetpack_seo_noindex":false,"_jetpack_memberships_contains_paid_content":false,"footnotes":"","jetpack_publicize_message":"RESULTATS, COMMENTAIRES ET PHOTOS DES 11 KM DE CONTREVOZ \/ 02-04-17","jetpack_publicize_feature_enabled":true,"jetpack_social_post_already_shared":true,"jetpack_social_options":{"image_generator_settings":{"template":"highway","default_image_id":0,"font":"","enabled":false},"version":2}},"categories":[19,34,5],"tags":[11],"class_list":["post-6628","post","type-post","status-publish","format-standard","has-post-thumbnail","hentry","category-comptes-rendus","category-cr-ain","category-resultats","tag-news"],"views":4955,"jetpack_publicize_connections":[],"jetpack_featured_media_url":"https:\/\/i0.wp.com\/www.courzyvite.run\/blog\/wp-content\/uploads\/2017\/04\/IMG_0160-1.jpg?fit=1280%2C853&ssl=1","jetpack_shortlink":"https:\/\/wp.me\/p7PZ3h-1IU","jetpack_sharing_enabled":true,"_links":{"self":[{"href":"https:\/\/www.courzyvite.run\/blog\/wp-json\/wp\/v2\/posts\/6628","targetHints":{"allow":["GET"]}}],"collection":[{"href":"https:\/\/www.courzyvite.run\/blog\/wp-json\/wp\/v2\/posts"}],"about":[{"href":"https:\/\/www.courzyvite.run\/blog\/wp-json\/wp\/v2\/types\/post"}],"author":[{"embeddable":true,"href":"https:\/\/www.courzyvite.run\/blog\/wp-json\/wp\/v2\/users\/2"}],"replies":[{"embeddable":true,"href":"https:\/\/www.courzyvite.run\/blog\/wp-json\/wp\/v2\/comments?post=6628"}],"version-history":[{"count":0,"href":"https:\/\/www.courzyvite.run\/blog\/wp-json\/wp\/v2\/posts\/6628\/revisions"}],"wp:featuredmedia":[{"embeddable":true,"href":"https:\/\/www.courzyvite.run\/blog\/wp-json\/wp\/v2\/media\/6665"}],"wp:attachment":[{"href":"https:\/\/www.courzyvite.run\/blog\/wp-json\/wp\/v2\/media?parent=6628"}],"wp:term":[{"taxonomy":"category","embeddable":true,"href":"https:\/\/www.courzyvite.run\/blog\/wp-json\/wp\/v2\/categories?post=6628"},{"taxonomy":"post_tag","embeddable":true,"href":"https:\/\/www.courzyvite.run\/blog\/wp-json\/wp\/v2\/tags?post=6628"}],"curies":[{"name":"wp","href":"https:\/\/api.w.org\/{rel}","templated":true}]}}