{"id":57288,"date":"2022-04-09T18:13:06","date_gmt":"2022-04-09T16:13:06","guid":{"rendered":"https:\/\/www.courzyvite.run\/blog\/?p=57288"},"modified":"2024-05-18T15:59:25","modified_gmt":"2024-05-18T13:59:25","slug":"presentation-du-trail-de-la-mandallaz-les-pronostics-10-04-22","status":"publish","type":"post","link":"https:\/\/www.courzyvite.run\/blog\/2022\/04\/09\/presentation-du-trail-de-la-mandallaz-les-pronostics-10-04-22\/","title":{"rendered":"PR\u00c9SENTATION DU TRAIL DE LA MANDALLAZ : LES PRONOSTICS \/ 10-04-22"},"content":{"rendered":"<p><strong>ELISE DELANNOY ET LOUIS PARENT, ATTRACTIONS DE CETTE 5EME EDITION !<\/strong><\/p>\n<p>Depuis sa naissance en 2017, jamais cet \u00e9v\u00e8nement n\u2019avait aimant\u00e9 un tel plateau. A commencer par l\u2019\u00e9preuve reine du 21 km dont le duel s\u2019annonce de toute beaut\u00e9 entre les talentueux trailers Louis Parent, 20 ans, et Robin Juillaguet, 28 ans.<br \/>\nAvantage Louis, devenu une des figures du team \u00e9lite Sidas et Matryx, Robin donnant d\u00e9sormais priorit\u00e9 \u00e0 son coaching dont il a fait sa profession, apr\u00e8s avoir port\u00e9 les couleurs du prestigieux Team Salomon France.<br \/>\nA l\u2019arri\u00e8re, le chevronn\u00e9 <strong>Julien Tapiero<\/strong>, d\u00e9j\u00e0 deux top 5 \u00e0 son actif sur la sentinelle balm\u00e9enne, mais aussi les masters <strong>Thierry Belzuz<\/strong> et <strong>Olivier Morin<\/strong>, toujours bon pied, bon oeil, se tireront la bourre pour grimper sur la troisi\u00e8me marche. Une marche qu\u2019ambitionnera \u00e9galement le Clermontois <strong>Maxime Mauvais<\/strong>, 3\u00e8me il y a deux semaines sur le 22 bornes de la Michaille.<\/p>\n<p>En toute logique, l\u2019odyss\u00e9e f\u00e9minine devrait revenir \u00e0 cette Ch\u2019ti pur jus, \u00e9tablie aujourd\u2019hui \u00e0 Thorens Gli\u00e8res, qu\u2019est <strong>Elise Delannoy<\/strong>, une des stars de l\u2019ultra trail pour sa 7\u00e8me place en 2019 sur l\u2019UTMB puis son record du monde de d\u00e9nivel\u00e9 en 24 h en 2020.<br \/>\nPourtant, elle n\u2019aura pas la partie facile avec une autre ultra-traileuse, certes \u00e0 la notori\u00e9t\u00e9 beaucoup plus modeste mais qui, sans bruit, progresse \u00e0 la vitesse de la lumi\u00e8re : <strong>Laure De Jacquelot<\/strong>, de souche parisienne, install\u00e9e dans les Aravis apr\u00e8s avoir us\u00e9 ses baskets en terre bugiste.<br \/>\nMais attention \u00e0 ne pas oublier\u00a0<strong>Marine Vautrot<\/strong>, fer de lance de Sill\u2019N Run. En effet, cette enfant de la Bourgogne devrait tirer profit de cette distance qu\u2019elle affectionne tout particuli\u00e8rement.<\/p>\n<p>Quant au 10 kil, au moins deux hommes ont le potentiel pour mener un combat de haute lutte : le triathl\u00e8te <strong>Paul Chauvetet<\/strong> et la jeune pousse<strong> Oscar Crassous<\/strong>. Co\u00e9quipier de ce dernier \u00e0 Annecy Trail Running, junior comme lui, <strong>Cl\u00e9ment Demichelis<\/strong> pourrait bien se m\u00ealer \u00e0 cette bagarre \u00e9pique comme l\u2019atteste sa place de dauphin l\u2019an pass\u00e9. Idem pour le Chamoniard <strong>Nasser Tahani<\/strong>, arriv\u00e9 3\u00e8me en 2021 \u00e0 18\u2019\u2019 de Demichelis, sans parler de l\u2019exp\u00e9riment\u00e9 Sillingien <strong>Pierre Desrousseaux<\/strong>. Ca promet ! Fort de son record personnel sur 10 bornes en 33\u201958, engrang\u00e9 en novembre dernier \u00e0 V\u00e9nissieux, Paul Chauvetet aura, mais de peu, la faveur des pronostics.<\/p>\n<p>En dehors d\u2019Oscar Crassous et Cl\u00e9ment Demichelis, une autre figure d\u2019Annecy Trail Running partira en pole, mais cette fois-ci pour la gent f\u00e9minine : la junior <strong>Faustine Heslouis <\/strong>qui fait un tabac sur les trails d\u00e9couverte. Licenci\u00e9e jadis \u00e0 Ain-Est Athl\u00e9tisme, l\u2019Ann\u00e9cienne <strong>Tha\u00efs Pibouleau<\/strong>, qui exc\u00e8de rarement la vingtaine de km, tentera de d\u00e9mentir les observateurs.<br \/>\nQuant \u00e0 la Poisillienne <strong>Sonia Dusanter-Levaxelaire<\/strong>, on peut compter sur elle pour ne pas jouer les faire-valoir.<\/p>\n<p><strong>F.V.\u00a0<\/strong> <span style=\"color: #ffffff;\">.<\/span><br \/>\n<span style=\"color: #000000;\"><span style=\"color: #ffffff;\">.<\/span><br \/>\n<span style=\"color: #ffffff;\">.<\/span><br \/>\n<strong>TR<\/strong><\/span><strong>AIL A DEUX TETES (21,4 KM POUR 1070 M DE DENIVELE) :<\/strong><\/p>\n<p><strong>Favori n\u00b0 1 :<br \/>\n\u2013 Louis Parent <\/strong>(Team Sidas et Matryx \/ ASPTT Annecy Athl\u00e9tisme), n\u00e9 le 31 juillet 2001 et demeurant \u00e0 Dingy-Saint-Clair.<br \/>\n* 2021 : 3\u00e8me sur la Marathon-Race du Lac d\u2019Annecy ; 1er sur le 24 km du Trail du Moulin ; 59\u00e8me (66\u00e8me avec l\u2019Open) sur les Championnats de France de Course en Montagne Hommes ; 3\u00e8me sur le 23 km du Trail des Hauts Forts ; 9\u00e8me sur le KMV de Manigod ; 46\u00e8me sur le 22 km de la Dolomyths Run ; 6\u00e8me sur le Cross du Mont-Blanc.<br \/>\n* 2020 :\u00a0 1er sur les Championnats de France de Course en Montagne Juniors Hommes ; 3\u00e8me sur le 11 km du XTrail Courchevel.<strong><br \/>\n<\/strong><\/p>\n<p><strong>Favori n\u00b02 :<br \/>\n\u2013 Robin Juillaguet<\/strong>, n\u00e9 le 1er mars 1994 et demeurant \u00e0 Annecy.<br \/>\n* Meilleurs r\u00e9sultats :<br \/>\nChampion de France espoir de trail court en 2015 et 2016.<br \/>\nChampion de France espoir de course en montagne en 2016.<br \/>\n3\u00e8me sur le Cross du Mont-Blanc en 2016.<br \/>\n1er sur le 36 km de la Transju\u2019Trail en 2017.<br \/>\n* 2020 : 17\u00e8me sur les Championnats de la Zone Ouest d\u2019Occitanie de Cross-Country Elite Hommes ; 1er sur le 30 km de La Romeufontaine ; 3\u00e8me sur les Championnats des Hautes Pyr\u00e9n\u00e9es de Cross-Country Elite Hommes.<strong><br \/>\n<\/strong><\/p>\n<p><strong>Principaux outsiders masculins :<br \/>\n\u2013 Thierry Belzuz <\/strong>\u00a0(ASPTT Annecy Athl\u00e9tisme), n\u00e9 le 26 juin 1969 et demeurant \u00e0 Annecy.<br \/>\n* Trail de la Mandallaz : 6\u00e8me en 1h45\u201939 sur le 20,5 km en 2021.<br \/>\n* 2022 : 10\u00e8me sur le Trail La F\u00e9e Blanche ; 36\u00e8me sur les Championnats des Savoie de Cross-Country Masters Hommes.<br \/>\n* 2021 : 9\u00e8me sur le 27 km du Trail Panoramic de l\u2019Albanais ; 4\u00e8me sur le 50 km du Loz\u00e8re Trail ; 8\u00e8me sur le 18 km du Trail du Fort de Tami\u00e9 ; 6\u00e8me sur le 20,5 km du Trail de la Mandallaz ; 13\u00e8me sur le 42 km du B\u00e9lier ; 2\u00e8me sur le 20 km du Trail du Ch\u00e2teau de Terrides ; 3\u00e8me sur le 23 km du Trail du Lou ; 5\u00e8me sur le 22 km du Trail de la Michaille.<br \/>\n* 2020 : 8\u00e8me sur le 18 km du Trail du Fort de Tami\u00e9 ; 15\u00e8me sur le 15 km de la Maxi Snow ; 16\u00e8me sur le Trail de la F\u00e9e Blanche ; 20\u00e8me sur les Championnats de la Zone Alpes de Cross-Country Masters ; 22\u00e8me sur le Trail Blanc du Semnoz.<br \/>\n<strong>\u2013 Maxime Mauvais<\/strong>, n\u00e9 le 31 juillet 1989 et demeurant \u00e0 Clermont-en-Genevois.<br \/>\n* 2022 : 3\u00e8me sur le 22 km du Trail de la Michaille.<br \/>\n* 2021 : 23\u00e8me sur le 34 km du Grand Trail du Lac ; 4\u00e8me sur le 45 km de l\u2019Ultra 01.<br \/>\n<strong>\u2013 Olivier Morin<\/strong> (Team Trace de Trail \/ Faucigny Athl\u00e9tic Club), n\u00e9 le 26 octobre 1977 et demeurant \u00e0 Saint-Sigismont.<br \/>\n* 2021 : 10\u00e8me sur le 127 km de l\u2019Ultra-Trail du Haut-Giffre ; 16\u00e8me sur le 42 km du B\u00e9lier ; 23\u00e8me sur le 27 km du B\u00e9lier ; 13\u00e8me sur le 15 km du B\u00e9lier ; 13\u00e8me sur le 67 km de la 6000D ; 29\u00e8me par \u00e9quipes avec Yann Nourry sur la Pierra Menta Et\u00e9.<br \/>\n* 2020 : 14\u00e8me sur le 65 km du Tour de la Grande Casse.<br \/>\n<strong>\u2013 Julien Tapiero<\/strong>, n\u00e9 le 30 octobre 1985 et demeurant \u00e0 Gruffy.<strong><br \/>\n* <\/strong>Trail de la Mandallaz : 4\u00e8me en 1h46\u201904 sur le 22 km en 2018 ; 2\u00e8me en 56\u201942 sur le 13 km en 2017.<br \/>\n* 2021 : 5\u00e8me sur le 27 km du Trail Panoramic de l\u2019Albanais ; 5\u00e8me par \u00e9quipes avec Cyril Berger sur le 47 km en duo du Trail des Gli\u00e8res ; 10\u00e8me sur le 56 km du Trail du Lac de Paladru.<br \/>\n* 2020 : 10\u00e8me sur le 80 km des 100 Milles Sud de France ; 7\u00e8me sur le 18 km du Trail du Fort de Tami\u00e9 ; 16\u00e8me sur le 28 km du Trail du Petit Ballon ; 78\u00e8me sur les Championnats Auvergne-Rh\u00f4ne-Alpes de Cross-Country Elite Hommes ; 58\u00e8me sur les Championnats de la Zone Alpes de Cross-Country Elite Hommes ; 31\u00e8me sur les Championnats des Savoie de Cross-Country Elite Hommes.<\/p>\n<p><strong>Outsiders masculins :<\/strong><br \/>\n<strong>\u2013 Marc Alsfasser<\/strong>, n\u00e9 le 28 novembre 1981 et demeurant \u00e0 Gen\u00e8ve.<br \/>\n* Trail de la Mandallaz : 13\u00e8me en 1h55\u201907 sur le 20,5 km en 2021 ; 82\u00e8me en 2h26\u201913 sur le 22 km en 2019.<br \/>\n* 2021 : 22\u00e8me sur le 57 km du Trail des Dents du Midi ; 13\u00e8me sur le 20,5 km du Trail de la Mandallaz ; 31\u00e8me sur le 51 km du Trail des Hauts-Forts.\u00a0<strong><br \/>\n\u2013 Morgan Benedetti <\/strong>(Rumilly Athl\u00e9 74), n\u00e9 le 10 novembre 1988 et demeurant \u00e0 Sales.<br \/>\n* Trail de la Mandallaz : 15\u00e8me en 1h57\u201907 sur le 20,5 km en 2021.<br \/>\n* 2021 : 20\u00e8me sur Lavy Des Cimes ; 14\u00e8me sur le 16 km du Trail Panoramic de l\u2019Albanais ; 19\u00e8me sur le 18 km du St Off en Trail ; 15\u00e8me sur le 20,5 km du Trail de la Mandallaz ; 161\u00e8me sur le 65 km du Trail des Passerelles du Monteynard ; 28\u00e8me sur le 33 km d\u2019Entrelacs Run and Trail.<br \/>\n* 2020 : 63\u00e8me sur le 28 km de la Massingienne ; 82\u00e8me sur le B\u00e9lier Blanc.\u00a0\u00a0<strong><br \/>\n\u2013 J\u00e9r\u00e9my Betemps<\/strong>, n\u00e9 le 10 novembre 1987 et demeurant \u00e0 Poisy.<br \/>\n* Trail de la Mandallaz : 9\u00e8me en 1h53\u201902 sur le 20,5 km en 2021 ; 15\u00e8me en 1h56\u201902 sur le 22 km en 2019 ; 35\u00e8me en 1h08\u201913 sur le 13 km en 2017.<br \/>\n* 2021 : 18\u00e8me sur le 17 km du Trail de l\u2019Arclusaz ; 17\u00e8me sur le 18 km du St Off en Trail ; 9\u00e8me sur le 20,5 km du Trail de la Mandallaz ; 6\u00e8me sur le 17 km du Trail des Cascades de l\u2019Alloix ; 47\u00e8me sur le 25 km de la Comblorane.<br \/>\n* 2020 : 9\u00e8me sur le 12 km du Tignes Trail.<br \/>\n<strong>\u2013 Quentin Clerc-Pithon <\/strong>(Annecy Athl\u00e9tisme), n\u00e9 le 22 octobre 1990 et demeurant \u00e0 Sevrier.<br \/>\nTeam manager d\u2019Annecy Trail Running qui correspond \u00e0 la section trail d\u2019Annecy Athl\u00e9tisme, et en m\u00eame temps \u00e0 la r\u00e9serve espoirs de Scott Running.<br \/>\n* Trail de la Mandallaz : 13\u00e8me en 1h55\u201901 sur le 22 km en 2019.<br \/>\n* 2021 : 168\u00e8me sur l\u2019Ultra Race du Lac d\u2019Annecy ; 34\u00e8me sur le 51 km du Trail des Hauts Forts ; 2\u00e8me sur le 8 km du B\u00e9lier Blanc.<br \/>\n* 2020 : 72\u00e8me sur le 87 km de l\u2019Oisans Trail Tour ; 25\u00e8me sur le Trail de la F\u00e9e Blanche.<br \/>\n<strong>\u2013 Fr\u00e9d\u00e9ric Dusanter <\/strong>(Courir \u00e0 Poisy), n\u00e9 le 11 janvier 1973 et demeurant \u00e0 Poisy.<br \/>\n* Trail de la Mandallaz : 14\u00e8me en 54\u201956 sur le 9,4 km en 2021 ; 8\u00e8me en 1h51\u201954 sur le 22 km en 2018 ; 39\u00e8me en 1h09\u201932 sur le 13 km en 2017.<br \/>\n* 2021 : 30\u00e8me sur Lavy Des Cimes ; 111\u00e8me sur la Marathon-Race du Lac d\u2019Annecy ; 14\u00e8me sur le 9,4 km du Trail de la Mandallaz ; 23\u00e8me sur le 22 km du Trail de l\u2019Etendard.<br \/>\n<strong>\u2013 C\u00e9dric Encrenaz <\/strong>(Sill\u2019N Run), n\u00e9 le 22 avril 1979 et demeurant \u00e0 Sillingy.<br \/>\n* Trail de la Mandallaz : 26\u00e8me en 2h02\u201929 sur le 22 km en 2019 ; 33\u00e8me en 2h11\u201931 sur le 22 km en 2018 ; 39\u00e8me en 1h09\u201932 sur le 13 km en 2017.<br \/>\n* 2022 : 10\u00e8me sur le 12 km du Trail de la Michaille.<br \/>\n* 2021 : 77\u00e8me\u00a0sur le 27 km du Trail Panoramic de l\u2019Albanais ; 78\u00e8me sur le 15 km du B\u00e9lier.<br \/>\n<strong>\u2013 Jason Lecerf<\/strong>, n\u00e9 le 7 octobre 1993 et demeurant \u00e0 Allonzier-la-Caille.<br \/>\n* Trail de la Mandallaz : 6\u00e8me en 1h02\u201938 sur le 13 km en 2019.<br \/>\n* 2021 : 54\u00e8me sur la SaintExpress ; 5\u00e8me sur le 12 km du Trail du Moulin.<br \/>\n* 2020 : 31\u00e8me sur le 42 km du Trail de Faverges-Seythenex ; 20\u00e8me sur le 28 km de la Massingienne ; 46\u00e8me sur le B\u00e9lier Blanc.<br \/>\n<strong>\u2013 Gr\u00e9gory Raphoz<\/strong> (42km195 Annecy), n\u00e9 le 11 novembre 1971 et demeurant \u00e0 Lovagny.<br \/>\n* 2021 : 10\u00e8me sur le 16 km du Trail Panoramic de l\u2019Albanais ; 14\u00e8me sur le 13 km du Trail du Laudon ; 59\u00e8me sur le 27 km du B\u00e9lier ; 18\u00e8me sur le 17 km du Trail de l\u2019Epine.<br \/>\n<strong>\u2013 Killyan Zarrella<\/strong> (Courir \u00e0 Poisy), n\u00e9 le 19 avril 1997 et demeurant \u00e0 Marcellaz-Albanais.<br \/>\n* 2021 : 8\u00e8me sur le 16 km du Trail Panoramic de l\u2019Albanais ; 35\u00e8me sur la Marathon-Exp\u00e9rience du Lac d\u2019Annecy.<br \/>\n* 2020 : 28\u00e8me sur le 28 km de la Massingienne.<\/p>\n<p><strong>Favorite :<br \/>\n\u2013 Elise Delannoy <\/strong>(Salomon Running), n\u00e9e le 30 juin 1984 et demeurant \u00e0 Thorens-Gli\u00e8res (commune de Filli\u00e8re).<br \/>\n* Meilleurs r\u00e9sultats :<br \/>\n7\u00e8me femme et 1\u00e8re Fran\u00e7aise (67\u00e8me au scratch) en 27h48\u201932 sur l\u2019UTMB en 2019.<br \/>\nPremier record du monde f\u00e9minin connu de d\u00e9nivel\u00e9 en 24 heures, avec 16 572 m aval\u00e9s les 19 et 20 septembre 2020, soit la 4\u00e8me meilleure performance mondiale de tous les temps derri\u00e8re trois hommes. A titre de comparaison, le record masculin est d\u00e9tenu par Aur\u00e9lien Dunand-Pallaz, avec 17 218 m de d\u00e9nivel\u00e9 ingurgit\u00e9s les 5 et 6 septembre 2020.<br \/>\n* 2021 : 8\u00e8me femme sur le 72 km du Porte di Pietra Trail.<br \/>\n* 2020 : 2\u00e8me femme sur le 65 km du Tour de la Grande Casse.<\/p>\n<p><strong>Principaux outsiders f\u00e9minins :<\/strong><br \/>\n<strong>\u2013 Laure De Jacquelot<\/strong>, n\u00e9e le 22 octobre 1988 et demeurant \u00e0 Th\u00f4nes.<br \/>\n* 2022 : 1\u00e8re femme sur le 14 km du B\u00e9lier Blanc.<br \/>\n* 2021 : 2\u00e8me femme sur Lavy Des Cimes ; 4\u00e8me femme sur la Maxi-Race du Lac d\u2019Annecy ; 1\u00e8re par \u00e9quipes mixtes avec Nicolas Schumacher sur le 47 km en duo du Trail des Gli\u00e8res ; 5\u00e8me femme sur le Trail La Frison Roche ; 1\u00e8re femme sur l\u2019Ultra Tour du Beaufortain.<br \/>\n* 2020 : 3\u00e8me femme sur le 42 km du Trail de Faverges-Seythenex ; 2\u00e8me femme sur La Gy J\u2019y Monte ; 2\u00e8me femme sur le 60 km de l\u2019Ultra 01 ; 2\u00e8me femme sur le 30 km du Meg\u00e8ve Nature Trail ; 1\u00e8re femme sur le Trail Blanc des Confins ; 4\u00e8me femme sur le B\u00e9lier Blanc.<br \/>\n<strong>\u2013 Marine Vautrot\u00a0<\/strong>(Sill\u2019N Run), n\u00e9e le 14 d\u00e9cembre 1994 et demeurant \u00e0 Sillingy.<br \/>\n* 2022 : 1\u00e8re femme sur le 19 km du Trail de la C\u00f4te Chatillonnaise.<br \/>\n* 2021 : 1\u00e8re femme sur le 16 km du Trail Panoramic de l\u2019Albanais ; 1\u00e8re femme sur la F\u00e9mina-Race du Lac d\u2019Annecy ; 31\u00e8me femme sur le 51 km du Trail des Aiguilles Rouges ; 6\u00e8me femme sur le 44 km du SwissPeak Trail ; 1\u00e8re femme sur le 19 km du Trail de la C\u00f4te Chatillonnaise ; 10\u00e8me femme sur le 27 km de La Montagn\u2019Hard.<\/p>\n<p><strong>Outsiders f\u00e9minins :<br \/>\n<\/strong><strong>\u2013 Sylvie Chatenoud<\/strong>, n\u00e9e le 8 janvier 1974 et demeurant \u00e0 Frangy.<br \/>\n* Trail de la Mandallaz : 2\u00e8me femme en 2h19\u201912 sur le 20,5 km en 2021 ; 2\u00e8me femme en 2h16\u201959 sur le 22 km en 2019 ; 4\u00e8me femme en 1h18\u201931 sur le 22 km en 2018 ; 4\u00e8me femme en 1h16\u201941 sur le 13 km en 2017.<br \/>\n* 2021 : 2\u00e8me femme sur le 20,5 km du Trail de la Mandallaz ; 17\u00e8me femme sur le 27 km du B\u00e9lier.<br \/>\n<strong>\u2013 Ang\u00e9lique Sautier<\/strong>, n\u00e9e le 18 d\u00e9cembre 1995 et demeurant \u00e0 Neydens.<br \/>\n* 2021 : 3\u00e8me femme sur le 31 km du Trail du Tour des Fiz ; 17\u00e8me femme sur le Cross du Mont-Blanc.<br \/>\n* 2020 : 1\u00e8re femme sur le 14 km de l\u2019Argentrail ; 6\u00e8me femme sur le 28 km du Trail des Forts de Besan\u00e7on.<br \/>\n<span style=\"color: #ffffff;\">.<\/span><br \/>\n<span style=\"color: #ffffff;\">.<\/span><strong style=\"font-size: 0.95em;\"><br \/>\n<\/strong><strong>TRAIL A UNE TETE (10,1 KM POUR 500 M DE DENIVELE) :<\/strong><\/p>\n<p><strong>Favori :<br \/>\n\u2013 Paul Chauvetet <\/strong>(Team Rrunning Seynod \/ Les Alligators Annecy Triathlon), n\u00e9 le 9 novembre 1994 et demeurant \u00e0 Annecy.<br \/>\n* 2021 : 150\u00e8me en 33\u201958 (IR4) sur le 10 km de V\u00e9nissieux (record personnel sur 10 km) ; 1er sur le 10,4 km du Cross du Laudon.<br \/>\n* 2020 : 5\u00e8me sur le 8 km du Meg\u00e8ve Nature Trail ; 56\u00e8me en 34\u201915 (IR4) sur le 10 km de Bourg-en-Bresse ; 7\u00e8me sur le Trail de la F\u00e9e Blanche ; 8\u00e8me sur le Trail Blanc du Semnoz.<br \/>\n<strong>\u2013 Oscar Crassous<\/strong>\u00a0(Annecy Trail Running, section trail d\u2019Annecy Athl\u00e9tisme), n\u00e9 le 31 janvier 2003 et demeurant \u00e0 Lovagny.<br \/>\n* 2022 : 235\u00e8me sur les Championnats de France de Cross-Country Juniors Hommes ; 56\u00e8me sur les Championnats Auvergne-Rh\u00f4ne-Alpes de Cross-Country Juniors Hommes ; 24\u00e8me sur les Championnats de la Zone Alpes de Cross-Country Juniors Hommes ; 9\u00e8me sur les Championnats des Savoie de Cross-Country Juniors Hommes.<br \/>\n* 2021 : 45\u00e8me sur le 24 km du Menestrail ; 14\u00e8me sur la Short-Race du Lac d\u2019Annecy ; 25\u00e8me sur les Championnats de France de Course en Montagne Juniors Hommes ; 42\u00e8me sur la Young Race Marathon ; 3\u00e8me sur Sierre-Zinal Juniors ; 47\u00e8me sur le 8,5 km de La Fort du Mont.<br \/>\n* 2020 : 18\u00e8me sur les Championnats de France de Course en Montagne Cadets ; 6\u00e8me sur le 10 km de la Savoyarde Trail ; 11\u00e8me sur le 10 km du M\u00e9ribel Trail.<\/p>\n<p><strong>Principaux outsiders masculins :<\/strong><strong><br \/>\n\u2013 Cl\u00e9ment Demichelis<\/strong>\u00a0(Annecy Trail Running, section trail d\u2019Annecy Athl\u00e9tisme), n\u00e9 le 12 ao\u00fbt 2003 et demeurant \u00e0 Seynod.<br \/>\n* Trail de la Mandallaz : 2\u00e8me en 50\u201923 sur le 9,4 km en 2021.<br \/>\n* 2022 : 48\u00e8me sur les Championnats de la Zone Alpes de Cross-Country Juniors Hommes ; 14\u00e8me sur les Championnats des Savoie de Cross-Country Juniors Hommes.<br \/>\n* 2021 : 13\u00e8me sur le 13 km de l\u2019Urban Race Seynod ; 4\u00e8me sur le 12 km du Trail du Moulin ; 2\u00e8me sur le 9 km de l\u2019Ultra-Trail du Haut-Giffre ; 2\u00e8me sur le 9,4 km du Trail de la Mandallaz.<br \/>\n<strong>\u2013 Pierre Desrousseaux<\/strong>, n\u00e9 le 9 mai 1983 et demeurant \u00e0 Sillingy.<br \/>\n* Trail de la Mandallaz : 5\u00e8me en 1h52\u201949 sur le 22 km en 2019 ; 6\u00e8me en 1h03\u201937 sur le 13 km en 2018 ; 16\u00e8me en 1h02\u201923 sur le 13 km en 2017.<br \/>\n* 2021 : 15\u00e8me sur le 27 km du Trail Panoramic de l\u2019Albanais ; 5\u00e8me sur le 24 km du Trail du Moulin ; 58\u00e8me sur le 23,4 km du Trail du Sal\u00e8ve.<br \/>\n<strong>\u2013 Nasser Tahani<\/strong>, n\u00e9 le 20 d\u00e9cembre 1991 et demeurant \u00e0 Chamonix-Mont-Blanc.<br \/>\n* Trail de la Mandallaz : 3\u00e8me en 50\u201941 sur le 10 km en 2021.<br \/>\n* 2021 : 3\u00e8me sur le 9 km du Trail Panoramic de l\u2019Albanais ; 113\u00e8me sur le 130 km des Grands Trails d\u2019Auvergne ; 111\u00e8me sur le 51 km du Trail des Aiguilles Rouges ; 3\u00e8me sur le 10 km du Trail de la Mandallaz ; 85\u00e8me sur De Martigny-Combe \u00e0 Chamonix ; 11\u00e8me sur le 14 km de l\u2019Argentrail ; 81\u00e8me sur le 109 km de la Montagn\u2019Hard.<\/p>\n<p><strong>Favorite :<\/strong><br \/>\n<strong>\u2013<\/strong> <strong>Faustine Heslouis<\/strong> (Annecy Trail Running), n\u00e9e le 26 mars 2004 et demeurant \u00e0 Annecy.<br \/>\n* 2022 : 10\u00e8me sur les Championnats de la Zone Alpes de Cross-Country Juniors Femmes.<br \/>\n* 2021 : 1\u00e8re femme sur le Trail des Troubadours ; 2\u00e8me femme sur le 8 km du Trail des Aiguilles Rouges ; 23\u00e8me sur les Championnats de France de Course en Montagne Juniors Femmes et Cadettes ; 1\u00e8re femme sur la Youth Chamonix Courmayeur.<br \/>\n* 2020 : 1\u00e8re femme sur le 9 km du Trail des Aiguilles Rouges ; 3\u00e8me femme sur le 10 km de la Transju\u2019Trail.<\/p>\n<p><strong>Principaux outsiders f\u00e9minins :<br \/>\n<\/strong><strong>\u2013 Sonia Dusanter-Levaxelaire <\/strong>(Courir \u00e0 Poisy), n\u00e9e le 23 octobre 1974 et demeurant \u00e0 Poisy.<br \/>\n<strong>\u2013 Tha\u00efs Pibouleau<\/strong>, n\u00e9e le 25 octobre 1994 et demeurant \u00e0 Annecy.<br \/>\n* 2022 : 1\u00e8re femme sur le 14 km du Trail d\u2019Avenas.<br \/>\n* 2021 : 7\u00e8me femme sur le 11 km de la Sange\u2019Run ; 4\u00e8me femme sur le 8 km du Trail de la Madone.<br \/>\n* 2020 : 2\u00e8me femme sur le 12 km du Trail d\u2019Avenas.<span style=\"color: #ffffff;\">.<\/span><br \/>\n<strong><span style=\"color: #ffffff;\"><span style=\"color: #ffffff;\">.<br \/>\n<\/span>.<\/span><br \/>\n<span style=\"color: #ffffff;\">.<\/span><br \/>\nPALMARES DU TRAIL DE LA MANDALLAZ DEPUIS 2017 :<\/strong><strong><br \/>\n<\/strong><span style=\"color: #ffffff;\">.<\/span><br \/>\n<span style=\"color: #ffffff;\">.<\/span><strong style=\"font-size: 0.95em;\"><br \/>\n<\/strong><strong>1\u00e8re \u00e9dition, 8 avril 2017.<\/strong><\/p>\n<p><strong>13 km.<\/strong><\/p>\n<p><strong>Scratch<\/strong> (204 class\u00e9s) :<br \/>\n\u2013 1er (1er senior) :\u00a0<strong>Guillaume Cretinon <\/strong>(Team Endurance Shop Annecy\/OSS \/ Annecy-le-Vieux Of Course) en 53\u201947.<br \/>\n\u2013 2\u00e8me (2\u00e8me senior) : <strong>Julien Tapiero<\/strong> (La Ronde De Chavanod) en 56\u201942.<br \/>\n\u2013 3\u00e8me (3\u00e8me senior) : <strong>Cyril Berger<\/strong> (Vaulx) en 43\u201901.<br \/>\n<strong>Femmes<\/strong> (64 class\u00e9es) :<br \/>\n\u2013 1\u00e8re (1\u00e8re senior, 30\u00e8me au scratch) : <strong>Karine Dix Grana<\/strong> (D\u00e9veloppement du Sport Nature 74) en 1h07\u201912.<br \/>\n\u2013 2\u00e8me (1\u00e8re M1, 60\u00e8me au scratch) : <strong>Caroline Couturier<\/strong> (Marlioz) en 1h14\u201931.<br \/>\n\u2013 3\u00e8me (2\u00e8me senior, 63\u00e8me au scratch) : <strong>Am\u00e9lie Dubois<\/strong>\u00a0(Courir \u00e0 Poisy) en 1h15\u201920.<br \/>\n<strong>R\u00e9sultats complets :<\/strong><br \/>\nIls figurent sur l\u2019application Chrono-Sport :<span style=\"font-size: 0.95em;\"><br \/>\n<\/span><a href=\"https:\/\/courzyvite.run\/17Resultats\/TraildelaMandallaz2017.pdf\">https:\/\/courzyvite.run\/17Resultats\/TraildelaMandallaz2017.pdf<\/a>.<br \/>\n<span style=\"color: #ffffff;\">.<\/span><br \/>\n<strong><span style=\"color: #ffffff;\">.<\/span><\/strong><br \/>\n<strong>2\u00e8me \u00e9dition, 8 avril 2018 :<\/strong><\/p>\n<p><strong>Trail \u00e0 Deux T\u00eates (22 km) :<br \/>\n<\/strong><strong style=\"font-size: 0.95em;\">Scratch<\/strong><span style=\"font-size: 0.95em;\"> (150 inscrits, 139 partants, 137 class\u00e9s, 2 abandons) :<br \/>\n<\/span>\u2013 1er (1er senior) : <strong>Guillaume Cretinon<\/strong> (Team Endurance Shop Annecy \/ Annecy-le-Vieux Of Course) en 1h40\u201910.<br \/>\n\u2013 2\u00e8me (1er junior) : <strong>Lucas Mottet<\/strong> (Club Alpin Fran\u00e7ais Annecy) en 1h43\u201916.<br \/>\n\u2013 3\u00e8me (2\u00e8me senior) : <strong>Cyril Berger<\/strong> (Vaulx) en 1h44\u201949.<br \/>\n<strong>Femmes<\/strong> (19 class\u00e9es) :<br \/>\n\u2013 1\u00e8re (1\u00e8re M1, 43\u00e8me au scratch) : <strong>St\u00e9phanie Gross<\/strong> (Annecy-le-Vieux Of Course) en 2h15\u201949.<br \/>\n\u2013 2\u00e8me (2\u00e8me M1, 50\u00e8me au scratch) : <strong>C\u00e9line Maillard<\/strong> (La Ronde De Chavanod) en 2h18\u201930.<br \/>\n\u2013 3\u00e8me (1\u00e8re senior, 67\u00e8me au scratch) :<strong> Gabrielle Cros<\/strong> (Club Artistique et Sportif du 27\u00e8me Bataillon de Chasseurs-Alpins de Cran-Gevrier) en 2h25\u201942.<br \/>\n<strong>R\u00e9sultats complets :<\/strong><br \/>\nIls figurent sur le site Web L-Chrono :<br \/>\n<a href=\"https:\/\/www.l-chrono.com\/resultats2018\/trail_de_la_mandallaz_22.pdf\">https:\/\/www.l-chrono.com\/resultats2018\/trail_de_la_mandallaz_22.pdf<\/a><\/p>\n<p><strong>Trail \u00e0 Une T\u00eate (13 km) :<br \/>\n<\/strong><strong style=\"font-size: 0.95em;\">Scratch<\/strong><span style=\"font-size: 0.95em;\"> (200 inscrits, 193 class\u00e9s) :<br \/>\n<\/span>\u2013 1er (1er junior) : <strong>Mathieu Vuillermoz<\/strong> (Echallon) en 57\u201959.<br \/>\n\u2013 2\u00e8me (1er senior) : <strong>Kevin Munier\u00a0<\/strong>en 59\u201914.<br \/>\n\u2013 3\u00e8me (1er M2) : <strong>Philippe Gonthier<\/strong> (St\u00e4ubli Sports) en 1h00\u201910.<br \/>\n<strong>Femmes<\/strong> (71 class\u00e9es) :<br \/>\n\u2013 1\u00e8re (1\u00e8re senior, 7\u00e8me au scratch) : <strong>Ines Van Der Linden<\/strong> (Evreux Athletic Club Triathlon) 1h03\u201949.<br \/>\n\u2013 2\u00e8me (2\u00e8me senior, 16\u00e8me au scratch) : <strong>Alice Vilquin<\/strong> (Annecy-le-Vieux Of Course) en 1h11\u201915.<br \/>\n\u2013 3\u00e8me (3\u00e8me senior, 38\u00e8me au scratch) : <strong>Ys\u00e9 Bertin<\/strong> en 1h17\u201930.<br \/>\n<strong>R\u00e9sultats complets :<\/strong><br \/>\nIls figurent sur le site Web L-Chrono :<br \/>\n<a href=\"https:\/\/www.l-chrono.com\/resultats2018\/trail_de_la_mandallaz_13.pdf\">https:\/\/www.l-chrono.com\/resultats2018\/trail_de_la_mandallaz_13.pdf<\/a><br \/>\n<span style=\"color: #ffffff;\">.<\/span><br \/>\n<span style=\"color: #ffffff;\">.<\/span><br \/>\n<strong>3\u00e8me \u00e9dition, 14 avril 2019 :<\/strong><\/p>\n<p><strong>Trail \u00e0 Deux T\u00eates (22 km) :<br \/>\n<\/strong><strong style=\"font-size: 0.95em;\">Scratch<\/strong><span style=\"font-size: 0.95em;\"> (171 inscrits, 154 class\u00e9s) :<br \/>\n<\/span>\u2013 1er (1er senior) : <strong>Maxime Estrabaut <\/strong>(Epagny) en 1h50\u201905.<br \/>\n\u2013 2\u00e8me (1er junior) : <strong>Mathieu Debroas<\/strong> en 1h50\u201939.<br \/>\n\u2013 3\u00e8me (2\u00e8me senior) : <strong>Lo\u00efc Fuentes<\/strong> (La Ronde De Chavanod) en 1h52\u201911.<br \/>\n<strong>Femmes<\/strong> (33 class\u00e9es) :<br \/>\n\u2013 1\u00e8re (1\u00e8re senior, 43\u00e8me au scratch) : <strong>Laurie Charbonnier <\/strong>en 2h11\u201907.<br \/>\n\u2013 2\u00e8me (1\u00e8re M1, 59\u00e8me au scratch) : <strong>Sylvie Chatenoud<\/strong> (Frangy) en 2h16\u201959.<br \/>\n\u2013 3\u00e8me (2\u00e8me senior, 68\u00e8me au scratch) : <strong>Charlotte Poncet<\/strong> (Sill\u2019N Run) en 2h20\u201939.<br \/>\n<strong>R\u00e9sultats complets :<\/strong><br \/>\nIls figurent sur le site Web L-Chrono :<br \/>\n<a href=\"https:\/\/www.l-chrono.com\/resultats2019\/trail_de_la_mandallaz_22.pdf\">https:\/\/www.l-chrono.com\/resultats2019\/trail_de_la_mandallaz_22.pdf<\/a><\/p>\n<p><strong>Trail \u00e0 Une T\u00eate (13 km) :<br \/>\n<\/strong><strong style=\"font-size: 0.95em;\">Scratch<\/strong><span style=\"font-size: 0.95em;\"> (232 inscrits, 211 class\u00e9s) :<br \/>\n<\/span>\u2013 1er (1er senior) : <strong>Bertrand Moreau<\/strong> (Team Terre de Running Anthy-sur-L\u00e9man \/ Team Five) en 59\u201924.<br \/>\n\u2013 2\u00e8me (2\u00e8me senior ) : <strong>Guillaume Martin <\/strong>en 1h00\u201923.<br \/>\n\u2013 3\u00e8me (3\u00e8me senior) : <strong>C\u00e9dric Pernet<\/strong> (Sill\u2019N Run) en 1h00\u201937.<br \/>\n<strong>Femmes<\/strong> (74 class\u00e9es) :<br \/>\n\u2013 1\u00e8re (1\u00e8re M1, 20\u00e8me au scratch) : <strong>Nad\u00e8ge Vignand<\/strong> (ASPTT Annecy Athl\u00e9tisme) en 1h10\u201923.<strong>\u00a0<\/strong><br \/>\n\u2013 2\u00e8me (1\u00e8re senior, 52\u00e8me au scratch) : <strong>Emilie Raimbault<\/strong> (Sill\u2019N Run) en 1h16\u201919.<br \/>\n\u2013 3\u00e8me (2\u00e8me M1, 57\u00e8me au scratch) : <strong>Lucile Couturier<\/strong> (SEPas Impossible) en 1h17\u201910.<br \/>\n<strong>R\u00e9sultats complets :<\/strong><br \/>\nIls figurent sur le site Web L-Chrono :<br \/>\n<a href=\"https:\/\/www.l-chrono.com\/resultats2019\/trail_de_la_mandallaz_13.pdf\">https:\/\/www.l-chrono.com\/resultats2019\/trail_de_la_mandallaz_13.pdf<\/a><br \/>\n<span style=\"color: #ffffff;\">.<\/span><br \/>\n<span style=\"color: #ffffff;\">.<\/span><br \/>\n<strong>4\u00e8me \u00e9dition, 19 avril 2020.<\/strong><\/p>\n<p><strong>Trail \u00e0 Deux T\u00eates (22 km) et Trail \u00e0 Une T\u00eate (13 km) :<\/strong><\/p>\n<p>Annulation de la manifestation par l\u2019\u00e9quipe d\u2019<strong>Aventure en Mandallaz<\/strong> en raison du premier confinement, suite au Covid.<br \/>\n<span style=\"color: #ffffff;\">.<\/span><br \/>\n<span style=\"color: #ffffff;\">.<\/span><strong style=\"font-size: 0.95em;\"><br \/>\n<\/strong><strong>4\u00e8me \u00e9dition, 5 septembre 2021 :<\/strong><\/p>\n<p><strong>Trail \u00e0 Deux T\u00eates (20,5 km) :<br \/>\nScratch <\/strong>(100 inscrits, 93 partants, 88 class\u00e9s, 5 abandons) :<span style=\"font-size: 0.95em;\"><br \/>\n<\/span>\u2013 1er (1er senior) : <strong>Bertrand Coffy<\/strong> (Abondance) en 1h38\u201908.<br \/>\n\u2013 2\u00e8me (2\u00e8me senior) : <strong>Aubin Perret<\/strong> (Rrun Seynod \/ ASPTT Annecy Athl\u00e9tisme) en 1h40\u201936.<br \/>\n\u2013 3\u00e8me (3\u00e8me senior) : <strong>Cyrille Gardet<\/strong> (Annecy) en 1h41\u201915.<br \/>\n<strong>Femmes<\/strong> (10 inscrites, 9 partantes, 9 class\u00e9es) :<br \/>\n\u2013 1\u00e8re (1\u00e8re senior, 43\u00e8me au scratch) : <strong>H\u00e9l\u00e8ne Rahon <\/strong>(Lac Blanc Ski Nordique) en 2h14\u201923.<br \/>\n\u2013 2\u00e8me (1\u00e8re M2, 49\u00e8me au scratch) : <strong>Sylvie Chatenoud<\/strong> (Frangy) en 2h19\u201912.<br \/>\n\u2013 3\u00e8me (1\u00e8re M1, 66\u00e8me au scratch) : <strong>Magali Le Gall<\/strong> (Courir \u00e0 Poisy) en 2h31\u201903.<br \/>\n<strong>R\u00e9sultats complets :<\/strong><br \/>\nIls figurent sur le site Web L-Chrono :<br \/>\n<a href=\"https:\/\/www.l-chrono.com\/resultats2021\/trail_de_la_mandallaz_20.pdf\">https:\/\/www.l-chrono.com\/resultats2021\/trail_de_la_mandallaz_20.pdf<\/a><\/p>\n<p><strong>Trail \u00e0 Une T\u00eate (10 km) :<br \/>\n<\/strong><strong style=\"font-size: 0.95em;\">Scratch<\/strong><span style=\"font-size: 0.95em;\"> (101 inscrits, 97 partants, 94 class\u00e9s, 3 abandons)<br \/>\n<\/span>\u2013 1er (1er senior) : <strong>S\u00e9bastien Rey<\/strong> (Saint-Jeoire-Prieur\u00e9) en 46\u201913.<br \/>\n\u2013 2\u00e8me (1er junior) : <strong>Cl\u00e9ment Demichelis<\/strong> (Seynod) en 50\u201923.<br \/>\n\u2013 3\u00e8me (2\u00e8me senior) :<strong> Nasser Tahani<\/strong> (Chamonix-Mont-Blanc) en 50\u201941.<br \/>\n<strong>Femmes<\/strong> (33 inscrites, 31 partantes, 29 class\u00e9es, 2 abandons) :<br \/>\n\u2013 1\u00e8re (1\u00e8re M2, 18\u00e8me au scratch) : <strong>Nad\u00e8ge Vignand<\/strong> (ASPTT Annecy Athl\u00e9tisme) en 56\u201924.<strong>\u00a0<\/strong><br \/>\n\u2013 2\u00e8me (1\u00e8re senior, 29\u00e8me au scratch) : <strong>Camille Martins<\/strong> (Annecy Athl\u00e9tisme) en 1h00\u201938.<br \/>\n\u2013 3\u00e8me (1\u00e8re espoir, 38\u00e8me au scratch) : <strong>Chlo\u00e9 Renoncourt<\/strong> (Sillingy) en 1h05\u201936.<br \/>\n<strong>R\u00e9sultats complets :<\/strong><br \/>\nIls figurent sur le site Web L-Chrono :<br \/>\n<a href=\"https:\/\/www.l-chrono.com\/resultats2021\/trail_de_la_mandallaz_10.pdf\">https:\/\/www.l-chrono.com\/resultats2021\/trail_de_la_mandallaz_10.pdf<\/a><br \/>\n<span style=\"color: #ffffff;\">.<\/span><br \/>\n<span style=\"font-size: 0.95em;\"><span style=\"color: #ffffff;\">.<\/span><br \/>\n<\/span><strong><br \/>\nPHOTOS :<\/strong><\/p>\n<p>Soulignons que les clich\u00e9s des favoris, des outsiders et des anonymes seront ajout\u00e9s progressivement jusqu\u2019au jour J.<\/p>\n<p><strong><img data-recalc-dims=\"1\" loading=\"lazy\" decoding=\"async\" class=\"size-full wp-image-57380 aligncenter\" src=\"https:\/\/i0.wp.com\/www.courzyvite.run\/blog\/wp-content\/uploads\/2022\/04\/51564768848_e7d7b741aa_c.jpg?resize=800%2C600&#038;ssl=1\" alt=\"\" width=\"800\" height=\"600\" srcset=\"https:\/\/i0.wp.com\/www.courzyvite.run\/blog\/wp-content\/uploads\/2022\/04\/51564768848_e7d7b741aa_c.jpg?w=800&amp;ssl=1 800w, https:\/\/i0.wp.com\/www.courzyvite.run\/blog\/wp-content\/uploads\/2022\/04\/51564768848_e7d7b741aa_c.jpg?resize=300%2C225&amp;ssl=1 300w, https:\/\/i0.wp.com\/www.courzyvite.run\/blog\/wp-content\/uploads\/2022\/04\/51564768848_e7d7b741aa_c.jpg?resize=150%2C113&amp;ssl=1 150w, https:\/\/i0.wp.com\/www.courzyvite.run\/blog\/wp-content\/uploads\/2022\/04\/51564768848_e7d7b741aa_c.jpg?resize=768%2C576&amp;ssl=1 768w\" sizes=\"auto, (max-width: 800px) 100vw, 800px\" \/><\/strong><strong>Louis Parent (Team Sidas et Matryx \/ ASPTT Annecy Athl\u00e9tisme),<\/strong> <strong>favori n\u00b01 sur le 4\u00e8me Trail \u00e0 Deux T\u00eates (21 km)<\/strong>, disput\u00e9 le dimanche 10 avril 2022 \u00e0 La Balme-de-Sillingy dans le cadre de la <strong>5\u00e8me \u00e9dition du Trail de la Mandallaz<\/strong>.<\/p>\n<p>Clich\u00e9 pris le 2 ao\u00fbt 2021 \u00e0 l\u2019occasion du 2\u00e8me Trail du Moulin, concouru \u00e0 Thusy, o\u00f9 Louis s\u2019appropriera, sur le 1er Trail du Tilleul (24 km), la victoire (1er espoir) en 1h46\u201939.<\/p>\n<p><strong>Cr\u00e9dit photo :<\/strong><br \/>\n<strong>Thusy en Trail.<br \/>\n<img data-recalc-dims=\"1\" loading=\"lazy\" decoding=\"async\" class=\"size-full wp-image-57424 aligncenter\" src=\"https:\/\/i0.wp.com\/www.courzyvite.run\/blog\/wp-content\/uploads\/2022\/04\/20622134_849350905229544_7506524856660810218_n.jpg?resize=860%2C572&#038;ssl=1\" alt=\"\" width=\"860\" height=\"572\" srcset=\"https:\/\/i0.wp.com\/www.courzyvite.run\/blog\/wp-content\/uploads\/2022\/04\/20622134_849350905229544_7506524856660810218_n.jpg?w=960&amp;ssl=1 960w, https:\/\/i0.wp.com\/www.courzyvite.run\/blog\/wp-content\/uploads\/2022\/04\/20622134_849350905229544_7506524856660810218_n.jpg?resize=300%2C199&amp;ssl=1 300w, https:\/\/i0.wp.com\/www.courzyvite.run\/blog\/wp-content\/uploads\/2022\/04\/20622134_849350905229544_7506524856660810218_n.jpg?resize=150%2C100&amp;ssl=1 150w, https:\/\/i0.wp.com\/www.courzyvite.run\/blog\/wp-content\/uploads\/2022\/04\/20622134_849350905229544_7506524856660810218_n.jpg?resize=768%2C510&amp;ssl=1 768w\" sizes=\"auto, (max-width: 860px) 100vw, 860px\" \/><\/strong><strong>Robin Juillaguet<\/strong>\u00a0<strong>(Annecy),<\/strong> <strong>favori n\u00b02 sur le 4\u00e8me Trail \u00e0 Deux T\u00eates (21 km)<\/strong>, disput\u00e9 le dimanche 10 avril 2022 \u00e0 La Balme-de-Sillingy dans le cadre de la <strong>5\u00e8me \u00e9dition du Trail de la Mandallaz<\/strong>.<\/p>\n<p>Clich\u00e9 pris le 6 ao\u00fbt 2017 \u00e0 l\u2019occasion du 13\u00e8me Ubaye Trail, concouru \u00e0 Barcelonnette, o\u00f9 Robin s\u2019appropriera, sur le 42 km, la 10\u00e8me place (10\u00e8me senior) en 4h10\u201931.<\/p>\n<p><strong>Cr\u00e9dit photo :<\/strong><br \/>\n<strong>R\u00e9mi Morel.<\/strong><\/p>\n<p><strong><img data-recalc-dims=\"1\" loading=\"lazy\" decoding=\"async\" class=\"size-full wp-image-57384 aligncenter\" src=\"https:\/\/i0.wp.com\/www.courzyvite.run\/blog\/wp-content\/uploads\/2022\/04\/241657114_4380683578691903_3732903029815811294_n.jpg?resize=860%2C564&#038;ssl=1\" alt=\"\" width=\"860\" height=\"564\" srcset=\"https:\/\/i0.wp.com\/www.courzyvite.run\/blog\/wp-content\/uploads\/2022\/04\/241657114_4380683578691903_3732903029815811294_n.jpg?w=900&amp;ssl=1 900w, https:\/\/i0.wp.com\/www.courzyvite.run\/blog\/wp-content\/uploads\/2022\/04\/241657114_4380683578691903_3732903029815811294_n.jpg?resize=300%2C197&amp;ssl=1 300w, https:\/\/i0.wp.com\/www.courzyvite.run\/blog\/wp-content\/uploads\/2022\/04\/241657114_4380683578691903_3732903029815811294_n.jpg?resize=150%2C98&amp;ssl=1 150w, https:\/\/i0.wp.com\/www.courzyvite.run\/blog\/wp-content\/uploads\/2022\/04\/241657114_4380683578691903_3732903029815811294_n.jpg?resize=768%2C503&amp;ssl=1 768w\" sizes=\"auto, (max-width: 860px) 100vw, 860px\" \/><\/strong><strong>Dossard 122 : Thierry Belzuz (ASPTT Annecy Athl\u00e9tisme),<\/strong> <strong>un des principaux outsiders masculins du 4\u00e8me Trail \u00e0 Deux T\u00eates (21 km)<\/strong>, disput\u00e9 le dimanche 10 avril 2022 \u00e0 La Balme-de-Sillingy dans le cadre de la\u00a0<strong>5\u00e8me \u00e9dition du Trail de la Mandallaz<\/strong>.<\/p>\n<p>Clich\u00e9 pris le 5 septembre 2021 \u00e0 l\u2019occasion du 4\u00e8me Trail de la Mandallaz o\u00f9 Thierry s\u2019appropriera la 6\u00e8me place (1er M3) en 1h45\u201939.<br \/>\nImage r\u00e9alis\u00e9e peu apr\u00e8s le d\u00e9part, \u00e0 hauteur du cimeti\u00e8re.<\/p>\n<p><strong>Cr\u00e9dit photo :<\/strong><br \/>\n<b>Pascal Petrod (Villy-Bouveret).<br \/>\n<img data-recalc-dims=\"1\" loading=\"lazy\" decoding=\"async\" class=\"size-full wp-image-57417 aligncenter\" src=\"https:\/\/i0.wp.com\/www.courzyvite.run\/blog\/wp-content\/uploads\/2022\/04\/IMG_1383.jpg?resize=860%2C573&#038;ssl=1\" alt=\"\" width=\"860\" height=\"573\" srcset=\"https:\/\/i0.wp.com\/www.courzyvite.run\/blog\/wp-content\/uploads\/2022\/04\/IMG_1383.jpg?w=938&amp;ssl=1 938w, https:\/\/i0.wp.com\/www.courzyvite.run\/blog\/wp-content\/uploads\/2022\/04\/IMG_1383.jpg?resize=300%2C200&amp;ssl=1 300w, https:\/\/i0.wp.com\/www.courzyvite.run\/blog\/wp-content\/uploads\/2022\/04\/IMG_1383.jpg?resize=150%2C100&amp;ssl=1 150w, https:\/\/i0.wp.com\/www.courzyvite.run\/blog\/wp-content\/uploads\/2022\/04\/IMG_1383.jpg?resize=768%2C512&amp;ssl=1 768w\" sizes=\"auto, (max-width: 860px) 100vw, 860px\" \/><\/b><strong>Au premier plan : Julien Tapiero (Gruffy), un des principaux outsiders masculins du 4\u00e8me Trail \u00e0 Deux T\u00eates (21 km)<\/strong>, disput\u00e9 le dimanche 10 avril 2022 \u00e0 La Balme-de-Sillingy dans le cadre de la <strong>5\u00e8me \u00e9dition du Trail de la Mandallaz.<\/strong><\/p>\n<p>Clich\u00e9 pris le 8 avril 2017 \u00e0 l\u2019occasion du 1er Trail de la Mandallaz (13 km) o\u00f9 Julien s\u2019appropriera la 2\u00e8me place (2\u00e8me senior) en 56\u201942.<br \/>\nImage r\u00e9alis\u00e9e au pied du ressaut qui pr\u00e9c\u00e8de la t\u00eate de la Mandallaz, point culminant du parcours \u00e0 889 m d\u2019altitude (km 6,4).<strong><img data-recalc-dims=\"1\" loading=\"lazy\" decoding=\"async\" class=\"size-full wp-image-57381 aligncenter\" src=\"https:\/\/i0.wp.com\/www.courzyvite.run\/blog\/wp-content\/uploads\/2022\/04\/48884325792_4e71b220e1_c.jpg?resize=533%2C799&#038;ssl=1\" alt=\"\" width=\"533\" height=\"799\" srcset=\"https:\/\/i0.wp.com\/www.courzyvite.run\/blog\/wp-content\/uploads\/2022\/04\/48884325792_4e71b220e1_c.jpg?w=533&amp;ssl=1 533w, https:\/\/i0.wp.com\/www.courzyvite.run\/blog\/wp-content\/uploads\/2022\/04\/48884325792_4e71b220e1_c.jpg?resize=200%2C300&amp;ssl=1 200w, https:\/\/i0.wp.com\/www.courzyvite.run\/blog\/wp-content\/uploads\/2022\/04\/48884325792_4e71b220e1_c.jpg?resize=100%2C150&amp;ssl=1 100w\" sizes=\"auto, (max-width: 533px) 100vw, 533px\" \/><\/strong><strong>A droite : Quentin Clerc-Pithon (Annecy Athl\u00e9tisme), un des outsiders masculins du 4\u00e8me Trail \u00e0 Deux T\u00eates (21 km)<\/strong>, disput\u00e9 le dimanche 10 avril 2022 \u00e0 La Balme-de-Sillingy dans le cadre de la <strong>5\u00e8me \u00e9dition du Trail de la Mandallaz<\/strong>.<br \/>\nQuentin est connu pour \u00eatre le team manager d\u2019Annecy Trail Running.<\/p>\n<p>Clich\u00e9 pris le 6 octobre 2019 \u00e0 l\u2019occasion du 1er Trail du Moulin, concouru \u00e0 Thusy, o\u00f9 Quentin s\u2019appropriera la 9\u00e8me place (8\u00e8me senior) en 46\u201948.<br \/>\nImage r\u00e9alis\u00e9e sur le chemin du Moulin (vers le km 6).<\/p>\n<p><strong>Cr\u00e9dit photo :<\/strong><br \/>\n<strong>Thusy en Trail.<br \/>\n<img data-recalc-dims=\"1\" loading=\"lazy\" decoding=\"async\" class=\"size-full wp-image-57416 aligncenter\" src=\"https:\/\/i0.wp.com\/www.courzyvite.run\/blog\/wp-content\/uploads\/2022\/04\/DSC_0375.jpg?resize=852%2C568&#038;ssl=1\" alt=\"\" width=\"852\" height=\"568\" srcset=\"https:\/\/i0.wp.com\/www.courzyvite.run\/blog\/wp-content\/uploads\/2022\/04\/DSC_0375.jpg?w=852&amp;ssl=1 852w, https:\/\/i0.wp.com\/www.courzyvite.run\/blog\/wp-content\/uploads\/2022\/04\/DSC_0375.jpg?resize=300%2C200&amp;ssl=1 300w, https:\/\/i0.wp.com\/www.courzyvite.run\/blog\/wp-content\/uploads\/2022\/04\/DSC_0375.jpg?resize=150%2C100&amp;ssl=1 150w, https:\/\/i0.wp.com\/www.courzyvite.run\/blog\/wp-content\/uploads\/2022\/04\/DSC_0375.jpg?resize=768%2C512&amp;ssl=1 768w\" sizes=\"auto, (max-width: 852px) 100vw, 852px\" \/>C\u00e9dric Encrenaz (Sill\u2019N Run), un des outsiders masculins du 4\u00e8me Trail \u00e0 Deux T\u00eates (21 km)<\/strong>, disput\u00e9 le dimanche 10 avril 2022 \u00e0 La Balme-de-Sillingy dans le cadre de la <strong>5\u00e8me \u00e9dition du Trail de la Mandallaz.<\/strong><\/p>\n<p>Clich\u00e9 pris le 8 avril 2017 \u00e0 l\u2019occasion du 1er Trail de la Mandallaz (13 km) o\u00f9 C\u00e9dric s\u2019appropriera la 39\u00e8me place (25\u00e8me senior) en 1h09\u201932.<br \/>\nImage r\u00e9alis\u00e9e \u00e0 l\u2019unique ravitaillement, install\u00e9 sur le chemin de la Mandallaz (km 8,9).<strong><br \/>\n<img data-recalc-dims=\"1\" loading=\"lazy\" decoding=\"async\" class=\"size-full wp-image-57407 aligncenter\" src=\"https:\/\/i0.wp.com\/www.courzyvite.run\/blog\/wp-content\/uploads\/2022\/04\/TMTP2022_Podium_25.jpg?resize=860%2C387&#038;ssl=1\" alt=\"\" width=\"860\" height=\"387\" srcset=\"https:\/\/i0.wp.com\/www.courzyvite.run\/blog\/wp-content\/uploads\/2022\/04\/TMTP2022_Podium_25.jpg?w=900&amp;ssl=1 900w, https:\/\/i0.wp.com\/www.courzyvite.run\/blog\/wp-content\/uploads\/2022\/04\/TMTP2022_Podium_25.jpg?resize=300%2C135&amp;ssl=1 300w, https:\/\/i0.wp.com\/www.courzyvite.run\/blog\/wp-content\/uploads\/2022\/04\/TMTP2022_Podium_25.jpg?resize=150%2C68&amp;ssl=1 150w, https:\/\/i0.wp.com\/www.courzyvite.run\/blog\/wp-content\/uploads\/2022\/04\/TMTP2022_Podium_25.jpg?resize=768%2C346&amp;ssl=1 768w\" sizes=\"auto, (max-width: 860px) 100vw, 860px\" \/>Avec un maillot orange : Maxime Mauvais<\/strong> <strong>(Clermont-en-Genevois), un des outsiders masculins du 4\u00e8me Trail \u00e0 Deux T\u00eates (21 km)<\/strong>, disput\u00e9 le dimanche 10 avril 2022 \u00e0 La Balme-de-Sillingy dans le cadre de la <strong>5\u00e8me \u00e9dition du Trail de la Mandallaz<\/strong>.<\/p>\n<p>Clich\u00e9 pris le 27 mars 2022 \u00e0 l\u2019occasion du 7\u00e8me Trail de la Michaille, concouru \u00e0 Ch\u00e2tillon-en-Michaille (commune de Valserh\u00f4ne), o\u00f9 Maxime s\u2019appropriera, sur le 22 km, la 3\u00e8me place (3\u00e8me senior) en 1h36\u201937.<br \/>\nImage r\u00e9alis\u00e9e \u00e0 la remise des prix du podium senior masculin, se confondant avec le podium scratch masculin.<\/p>\n<p><strong>Cr\u00e9dit photo :<br \/>\nRun Valserine.<br \/>\n<\/strong><\/p>\n<p><img data-recalc-dims=\"1\" loading=\"lazy\" decoding=\"async\" class=\"size-full wp-image-57387 aligncenter\" src=\"https:\/\/i0.wp.com\/www.courzyvite.run\/blog\/wp-content\/uploads\/2022\/04\/EDhuMGyWkAAWKQ2.jpg?resize=700%2C700&#038;ssl=1\" alt=\"\" width=\"700\" height=\"700\" srcset=\"https:\/\/i0.wp.com\/www.courzyvite.run\/blog\/wp-content\/uploads\/2022\/04\/EDhuMGyWkAAWKQ2.jpg?w=700&amp;ssl=1 700w, https:\/\/i0.wp.com\/www.courzyvite.run\/blog\/wp-content\/uploads\/2022\/04\/EDhuMGyWkAAWKQ2.jpg?resize=300%2C300&amp;ssl=1 300w, https:\/\/i0.wp.com\/www.courzyvite.run\/blog\/wp-content\/uploads\/2022\/04\/EDhuMGyWkAAWKQ2.jpg?resize=150%2C150&amp;ssl=1 150w, https:\/\/i0.wp.com\/www.courzyvite.run\/blog\/wp-content\/uploads\/2022\/04\/EDhuMGyWkAAWKQ2.jpg?resize=90%2C90&amp;ssl=1 90w, https:\/\/i0.wp.com\/www.courzyvite.run\/blog\/wp-content\/uploads\/2022\/04\/EDhuMGyWkAAWKQ2.jpg?resize=75%2C75&amp;ssl=1 75w\" sizes=\"auto, (max-width: 700px) 100vw, 700px\" \/><strong>Elise Delannoy<\/strong> <strong>(Salomon Running), favorite du 4\u00e8me Trail \u00e0 Deux T\u00eates (21 km)<\/strong>, disput\u00e9 le dimanche 10 avril 2022 \u00e0 La Balme-de-Sillingy dans le cadre de la<strong> 5\u00e8me \u00e9dition du Trail de la Mandallaz<\/strong>.<strong><br \/>\n<\/strong><\/p>\n<p>Clich\u00e9 pris le 6 octobre 2019 \u00e0 l\u2019occasion du 17\u00e8me Ultra-Trail du Mont-Blanc, concouru \u00e0 Chamonix-Mont-Blanc, o\u00f9 Elise s\u2019appropriera la 7\u00e8me place f\u00e9minine (1\u00e8re Fran\u00e7aise, 7\u00e8me senior, 67\u00e8me au scratch) en 27h48\u201932.<br \/>\nImage r\u00e9alis\u00e9e \u00e0 l\u2019arriv\u00e9e sur la fameuse place du Triangle de l\u2019Amiti\u00e9.<br \/>\n<strong><img data-recalc-dims=\"1\" loading=\"lazy\" decoding=\"async\" class=\"size-full wp-image-57390 aligncenter\" src=\"https:\/\/i0.wp.com\/www.courzyvite.run\/blog\/wp-content\/uploads\/2022\/04\/34159548606_ea75d46a07_z.jpg?resize=425%2C640&#038;ssl=1\" alt=\"\" width=\"425\" height=\"640\" srcset=\"https:\/\/i0.wp.com\/www.courzyvite.run\/blog\/wp-content\/uploads\/2022\/04\/34159548606_ea75d46a07_z.jpg?w=425&amp;ssl=1 425w, https:\/\/i0.wp.com\/www.courzyvite.run\/blog\/wp-content\/uploads\/2022\/04\/34159548606_ea75d46a07_z.jpg?resize=199%2C300&amp;ssl=1 199w, https:\/\/i0.wp.com\/www.courzyvite.run\/blog\/wp-content\/uploads\/2022\/04\/34159548606_ea75d46a07_z.jpg?resize=100%2C150&amp;ssl=1 100w\" sizes=\"auto, (max-width: 425px) 100vw, 425px\" \/><\/strong><strong>Laure De Jacquelot (Th\u00f4nes), un des principaux outsiders f\u00e9minins du 4\u00e8me Trail \u00e0 Deux T\u00eates (21 km)<\/strong>, disput\u00e9 le dimanche 10 avril 2022 \u00e0 La Balme-de-Sillingy dans le cadre de la<strong> 5\u00e8me \u00e9dition du Trail de la Mandallaz<\/strong>.<\/p>\n<p>Clich\u00e9 pris le 6 octobre 2019 \u00e0 l\u2019occasion du 3\u00e8me Trail de la Michaille, concouru \u00e0 Ch\u00e2tillon-en-Michaille, o\u00f9 Laure s\u2019appropriera, sur le 22 km, la 4\u00e8me place f\u00e9minine (3\u00e8me senior, 70\u00e8me au scratch) en 2h07\u201947.<br \/>\nImage r\u00e9alis\u00e9e sur le plateau de Retord, peu avant le deuxi\u00e8me ravitaillement, install\u00e9 \u00e0 l\u2019intersection entre la piste acc\u00e9dant \u00e0 Le Chaix et la d\u00e9partementale 101 (km12,2).<\/p>\n<p><strong>Cr\u00e9dit photo :<\/strong><br \/>\n<strong>Claude Duchene (Villes).<br \/>\n<img data-recalc-dims=\"1\" loading=\"lazy\" decoding=\"async\" class=\"size-full wp-image-57391 aligncenter\" src=\"https:\/\/i0.wp.com\/www.courzyvite.run\/blog\/wp-content\/uploads\/2022\/04\/16km-IMG_8369BD.jpg?resize=466%2C700&#038;ssl=1\" alt=\"\" width=\"466\" height=\"700\" srcset=\"https:\/\/i0.wp.com\/www.courzyvite.run\/blog\/wp-content\/uploads\/2022\/04\/16km-IMG_8369BD.jpg?w=466&amp;ssl=1 466w, https:\/\/i0.wp.com\/www.courzyvite.run\/blog\/wp-content\/uploads\/2022\/04\/16km-IMG_8369BD.jpg?resize=200%2C300&amp;ssl=1 200w, https:\/\/i0.wp.com\/www.courzyvite.run\/blog\/wp-content\/uploads\/2022\/04\/16km-IMG_8369BD.jpg?resize=100%2C150&amp;ssl=1 100w\" sizes=\"auto, (max-width: 466px) 100vw, 466px\" \/><\/strong><strong>Dossard 320 : Marine Vautrot (Sill\u2019N Run), un des principaux outsiders f\u00e9minins du 4\u00e8me Trail \u00e0 Deux T\u00eates (21 km)<\/strong>, disput\u00e9 le dimanche 10 avril 2022 \u00e0 La Balme-de-Sillingy dans le cadre de la<strong> 5\u00e8me \u00e9dition du Trail de la Mandallaz<\/strong>.<\/p>\n<p>Clich\u00e9 pris le 7 novembre 2021 \u00e0 l\u2019occasion du 1er Trail Panoramic de l\u2019Albanais, concouru \u00e0 Saint-Eus\u00e8be, o\u00f9 Marine s\u2019appropriera, sur le Trail du Four \u00e0 Pain (16 km), la victoire f\u00e9minine (1\u00e8re senior, 36\u00e8me au scratch) en 1h18\u201939.<br \/>\nImage r\u00e9alis\u00e9e sur le chemin et le plateau des Bettes (km 4,3).<\/p>\n<p><strong>Cr\u00e9dit photo :<\/strong><br \/>\n<strong>Caroline Duhamel <\/strong>(Les Foul\u00e9es de Gruffy).<\/p>\n<p><img data-recalc-dims=\"1\" loading=\"lazy\" decoding=\"async\" class=\"size-full wp-image-57389 aligncenter\" src=\"https:\/\/i0.wp.com\/www.courzyvite.run\/blog\/wp-content\/uploads\/2022\/04\/241656043_4380685418691719_2233902793767736898_n.jpg?resize=860%2C641&#038;ssl=1\" alt=\"\" width=\"860\" height=\"641\" srcset=\"https:\/\/i0.wp.com\/www.courzyvite.run\/blog\/wp-content\/uploads\/2022\/04\/241656043_4380685418691719_2233902793767736898_n.jpg?w=900&amp;ssl=1 900w, https:\/\/i0.wp.com\/www.courzyvite.run\/blog\/wp-content\/uploads\/2022\/04\/241656043_4380685418691719_2233902793767736898_n.jpg?resize=300%2C224&amp;ssl=1 300w, https:\/\/i0.wp.com\/www.courzyvite.run\/blog\/wp-content\/uploads\/2022\/04\/241656043_4380685418691719_2233902793767736898_n.jpg?resize=150%2C112&amp;ssl=1 150w, https:\/\/i0.wp.com\/www.courzyvite.run\/blog\/wp-content\/uploads\/2022\/04\/241656043_4380685418691719_2233902793767736898_n.jpg?resize=768%2C573&amp;ssl=1 768w\" sizes=\"auto, (max-width: 860px) 100vw, 860px\" \/><strong>Dossard 140 : Sylvie Chatenoud (Frangy),<\/strong> <strong>un des outsiders f\u00e9minins du 4\u00e8me Trail \u00e0 Deux T\u00eates (21 km)<\/strong>, disput\u00e9 le dimanche 10 avril 2022 \u00e0 La Balme-de-Sillingy dans le cadre de la\u00a0<strong>5\u00e8me \u00e9dition du Trail de la Mandallaz<\/strong>.<\/p>\n<p>Clich\u00e9 pris le 5 septembre 2021 \u00e0 l\u2019occasion du 4\u00e8me Trail de la Mandallaz o\u00f9 Sylvie s\u2019appropriera, sur le Trail \u00e0 Deux T\u00eates (21,5 km), la 2\u00e8me place f\u00e9minine (1\u00e8re M2, 49\u00e8me au scratch) en 2h19\u201912.<br \/>\nImage r\u00e9alis\u00e9e peu apr\u00e8s le d\u00e9part, \u00e0 hauteur du cimeti\u00e8re.<\/p>\n<p><strong>Cr\u00e9dit photo :<\/strong><br \/>\n<b>Pascal Petrod (Villy-Bouveret).<br \/>\n<strong><img data-recalc-dims=\"1\" loading=\"lazy\" decoding=\"async\" class=\"size-full wp-image-57411 aligncenter\" src=\"https:\/\/i0.wp.com\/www.courzyvite.run\/blog\/wp-content\/uploads\/2022\/04\/71273387_913259165710037_6103041724664250368_o.jpg?resize=860%2C572&#038;ssl=1\" alt=\"\" width=\"860\" height=\"572\" srcset=\"https:\/\/i0.wp.com\/www.courzyvite.run\/blog\/wp-content\/uploads\/2022\/04\/71273387_913259165710037_6103041724664250368_o.jpg?w=900&amp;ssl=1 900w, https:\/\/i0.wp.com\/www.courzyvite.run\/blog\/wp-content\/uploads\/2022\/04\/71273387_913259165710037_6103041724664250368_o.jpg?resize=300%2C200&amp;ssl=1 300w, https:\/\/i0.wp.com\/www.courzyvite.run\/blog\/wp-content\/uploads\/2022\/04\/71273387_913259165710037_6103041724664250368_o.jpg?resize=150%2C100&amp;ssl=1 150w, https:\/\/i0.wp.com\/www.courzyvite.run\/blog\/wp-content\/uploads\/2022\/04\/71273387_913259165710037_6103041724664250368_o.jpg?resize=768%2C511&amp;ssl=1 768w\" sizes=\"auto, (max-width: 860px) 100vw, 860px\" \/>Paul Chauvetet (Team Rrunning Seynod \/ Les Alligators Annecy Triathlon)<\/strong><\/b><strong>, un des favoris du Trail \u00e0 Une T\u00eate (10 km)<\/strong>, disput\u00e9 le dimanche 10 avril 2022 \u00e0 La Balme-de-Sillingy dans le cadre de la <strong>5\u00e8me \u00e9dition du Trail de la Mandallaz<\/strong>.<b><br \/>\n<\/b><\/p>\n<p>Clich\u00e9 pris le 6 octobre 2019 \u00e0 l\u2019occasion du 1er Trail du Moulin, concouru \u00e0 Thusy, o\u00f9 Paul s\u2019appropriera la 2\u00e8me place (2\u00e8me senior) en 43\u201930.<br \/>\nImage r\u00e9alis\u00e9e \u00e0 l\u2019arriv\u00e9e.<\/p>\n<p><strong>Cr\u00e9dit photo :\u00a0<\/strong><br \/>\n<strong>Plan\u00e8te Thusy<\/strong>.<b><\/b><\/p>\n<p><strong><img data-recalc-dims=\"1\" loading=\"lazy\" decoding=\"async\" class=\"size-full wp-image-57386 aligncenter\" src=\"https:\/\/i0.wp.com\/www.courzyvite.run\/blog\/wp-content\/uploads\/2022\/04\/124814701_162050412257787_7532313387646993144_n.jpg?resize=860%2C549&#038;ssl=1\" alt=\"\" width=\"860\" height=\"549\" srcset=\"https:\/\/i0.wp.com\/www.courzyvite.run\/blog\/wp-content\/uploads\/2022\/04\/124814701_162050412257787_7532313387646993144_n.jpg?w=900&amp;ssl=1 900w, https:\/\/i0.wp.com\/www.courzyvite.run\/blog\/wp-content\/uploads\/2022\/04\/124814701_162050412257787_7532313387646993144_n.jpg?resize=300%2C192&amp;ssl=1 300w, https:\/\/i0.wp.com\/www.courzyvite.run\/blog\/wp-content\/uploads\/2022\/04\/124814701_162050412257787_7532313387646993144_n.jpg?resize=150%2C96&amp;ssl=1 150w, https:\/\/i0.wp.com\/www.courzyvite.run\/blog\/wp-content\/uploads\/2022\/04\/124814701_162050412257787_7532313387646993144_n.jpg?resize=768%2C491&amp;ssl=1 768w\" sizes=\"auto, (max-width: 860px) 100vw, 860px\" \/>Oscar Crassous (Annecy Trail Running), un des favoris du Trail \u00e0 Une T\u00eate (10 km)<\/strong>, disput\u00e9 le dimanche 10 avril 2022 \u00e0 La Balme-de-Sillingy dans le cadre de la <strong>5\u00e8me \u00e9dition du Trail de la Mandallaz<\/strong>.<\/p>\n<p>Clich\u00e9 pris le 8 ao\u00fbt 2020 \u00e0 l\u2019occasion du 5\u00e8me M\u00e9ribel Trail o\u00f9 Oscar s\u2019appropriera, sur le 10 km, la 11\u00e8me place (2\u00e8me cadet) en 1h06\u201905.<br \/>\n<img data-recalc-dims=\"1\" loading=\"lazy\" decoding=\"async\" class=\"size-full wp-image-57388 aligncenter\" src=\"https:\/\/i0.wp.com\/www.courzyvite.run\/blog\/wp-content\/uploads\/2022\/04\/241653857_4380654405361487_6609039924165668123_n.jpg?resize=860%2C572&#038;ssl=1\" alt=\"\" width=\"860\" height=\"572\" srcset=\"https:\/\/i0.wp.com\/www.courzyvite.run\/blog\/wp-content\/uploads\/2022\/04\/241653857_4380654405361487_6609039924165668123_n.jpg?w=900&amp;ssl=1 900w, https:\/\/i0.wp.com\/www.courzyvite.run\/blog\/wp-content\/uploads\/2022\/04\/241653857_4380654405361487_6609039924165668123_n.jpg?resize=300%2C200&amp;ssl=1 300w, https:\/\/i0.wp.com\/www.courzyvite.run\/blog\/wp-content\/uploads\/2022\/04\/241653857_4380654405361487_6609039924165668123_n.jpg?resize=150%2C100&amp;ssl=1 150w, https:\/\/i0.wp.com\/www.courzyvite.run\/blog\/wp-content\/uploads\/2022\/04\/241653857_4380654405361487_6609039924165668123_n.jpg?resize=768%2C511&amp;ssl=1 768w\" sizes=\"auto, (max-width: 860px) 100vw, 860px\" \/><strong>Cl\u00e9ment Demichelis (Annecy Trail Running),<\/strong> <strong>un des principaux outsiders masculins du Trail \u00e0 Une T\u00eate (10 km)<\/strong>, disput\u00e9 le dimanche 10 avril 2022 \u00e0 La Balme-de-Sillingy dans le cadre de la <strong>5\u00e8me \u00e9dition du Trail de la Mandallaz<\/strong>.<\/p>\n<p>Clich\u00e9 pris le 5 septembre 2021 \u00e0 l\u2019occasion du 4\u00e8me Trail de la Mandallaz o\u00f9 Cl\u00e9ment s\u2019appropriera, sur le Trail \u00e0 Une T\u00eate (10 km), la 2\u00e8me place (1er junior) en 50\u201923.<br \/>\nImage r\u00e9alis\u00e9e \u00e0 l\u2019arriv\u00e9e, \u00e0 hauteur du cimeti\u00e8re.<\/p>\n<p><strong>Cr\u00e9dit photo :<\/strong><br \/>\n<b>Pascal Petrod (Villy-Bouveret).<br \/>\n<img data-recalc-dims=\"1\" loading=\"lazy\" decoding=\"async\" class=\"size-full wp-image-57414 aligncenter\" src=\"https:\/\/i0.wp.com\/www.courzyvite.run\/blog\/wp-content\/uploads\/2022\/04\/17634443_1399651416759843_649252447552221543_n.jpg?resize=860%2C645&#038;ssl=1\" alt=\"\" width=\"860\" height=\"645\" srcset=\"https:\/\/i0.wp.com\/www.courzyvite.run\/blog\/wp-content\/uploads\/2022\/04\/17634443_1399651416759843_649252447552221543_n.jpg?w=960&amp;ssl=1 960w, https:\/\/i0.wp.com\/www.courzyvite.run\/blog\/wp-content\/uploads\/2022\/04\/17634443_1399651416759843_649252447552221543_n.jpg?resize=300%2C225&amp;ssl=1 300w, https:\/\/i0.wp.com\/www.courzyvite.run\/blog\/wp-content\/uploads\/2022\/04\/17634443_1399651416759843_649252447552221543_n.jpg?resize=150%2C113&amp;ssl=1 150w, https:\/\/i0.wp.com\/www.courzyvite.run\/blog\/wp-content\/uploads\/2022\/04\/17634443_1399651416759843_649252447552221543_n.jpg?resize=768%2C576&amp;ssl=1 768w\" sizes=\"auto, (max-width: 860px) 100vw, 860px\" \/><\/b><strong>Dossard 84 : Pierre Desrousseaux (Sillingy),<\/strong> <strong>un des principaux outsiders masculins du Trail \u00e0 Une T\u00eate (10 km)<\/strong>, disput\u00e9 le dimanche 10 avril 2022 \u00e0 La Balme-de-Sillingy dans le cadre de la <strong>5\u00e8me \u00e9dition du Trail de la Mandallaz<\/strong>.<\/p>\n<p>Clich\u00e9 pris le 8 avril 2017 \u00e0 l\u2019occasion du 1er Trail de la Mandallaz (13 km) o\u00f9 Pierre s\u2019appropriera la 16\u00e8me place (13\u00e8me senior) en 1h02\u201923.<br \/>\nImage r\u00e9alis\u00e9e au d\u00e9part, donn\u00e9 \u00e0 la halle des sports et de la culture, sur le domaine du Tornet, au bord du lac.<br \/>\n<img data-recalc-dims=\"1\" loading=\"lazy\" decoding=\"async\" class=\"size-full wp-image-57419 aligncenter\" src=\"https:\/\/i0.wp.com\/www.courzyvite.run\/blog\/wp-content\/uploads\/2022\/04\/241641657_4380654768694784_265973018503077657_n.jpg?resize=860%2C692&#038;ssl=1\" alt=\"\" width=\"860\" height=\"692\" srcset=\"https:\/\/i0.wp.com\/www.courzyvite.run\/blog\/wp-content\/uploads\/2022\/04\/241641657_4380654768694784_265973018503077657_n.jpg?w=900&amp;ssl=1 900w, https:\/\/i0.wp.com\/www.courzyvite.run\/blog\/wp-content\/uploads\/2022\/04\/241641657_4380654768694784_265973018503077657_n.jpg?resize=300%2C241&amp;ssl=1 300w, https:\/\/i0.wp.com\/www.courzyvite.run\/blog\/wp-content\/uploads\/2022\/04\/241641657_4380654768694784_265973018503077657_n.jpg?resize=150%2C121&amp;ssl=1 150w, https:\/\/i0.wp.com\/www.courzyvite.run\/blog\/wp-content\/uploads\/2022\/04\/241641657_4380654768694784_265973018503077657_n.jpg?resize=768%2C618&amp;ssl=1 768w\" sizes=\"auto, (max-width: 860px) 100vw, 860px\" \/><strong>Nasser Tahani (Chamonix-Mont-Blanc),<\/strong> <strong>un des principaux outsiders masculins du Trail \u00e0 Une T\u00eate (10 km)<\/strong>, disput\u00e9 le dimanche 10 avril 2022 \u00e0 La Balme-de-Sillingy dans le cadre de la <strong>5\u00e8me \u00e9dition du Trail de la Mandallaz<\/strong>.<\/p>\n<p>Clich\u00e9 pris le 5 septembre 2021 \u00e0 l\u2019occasion du 4\u00e8me Trail de la Mandallaz o\u00f9 Nasser s\u2019appropriera, sur le Trail \u00e0 Une T\u00eate (10 km), la 3\u00e8me place (2\u00e8me senior) en 50\u201941.<br \/>\nImage r\u00e9alis\u00e9e \u00e0 l\u2019arriv\u00e9e, \u00e0 hauteur du cimeti\u00e8re.<\/p>\n<p><strong>Cr\u00e9dit photo :<\/strong><br \/>\n<b>Pascal Petrod (Villy-Bouveret).<\/b><\/p>\n<p><b><\/b><b><img data-recalc-dims=\"1\" loading=\"lazy\" decoding=\"async\" class=\"size-full wp-image-57409 aligncenter\" src=\"https:\/\/i0.wp.com\/www.courzyvite.run\/blog\/wp-content\/uploads\/2022\/04\/IMG_2428-Small.jpg?resize=720%2C480&#038;ssl=1\" alt=\"\" width=\"720\" height=\"480\" srcset=\"https:\/\/i0.wp.com\/www.courzyvite.run\/blog\/wp-content\/uploads\/2022\/04\/IMG_2428-Small.jpg?w=720&amp;ssl=1 720w, https:\/\/i0.wp.com\/www.courzyvite.run\/blog\/wp-content\/uploads\/2022\/04\/IMG_2428-Small.jpg?resize=300%2C200&amp;ssl=1 300w, https:\/\/i0.wp.com\/www.courzyvite.run\/blog\/wp-content\/uploads\/2022\/04\/IMG_2428-Small.jpg?resize=150%2C100&amp;ssl=1 150w\" sizes=\"auto, (max-width: 720px) 100vw, 720px\" \/><\/b><b><strong>Tha\u00efs Pibouleau<\/strong><\/b>\u00a0<strong>(Annecy), un des outsiders f\u00e9minins du Trail \u00e0 Une T\u00eate (10 km)<\/strong>, disput\u00e9 le dimanche 10 avril 2022 \u00e0 La Balme-de-Sillingy dans le cadre de la <strong>5\u00e8me \u00e9dition du Trail de la Mandallaz<\/strong>.<\/p>\n<p>Clich\u00e9 pris le 25 mars 2018 \u00e0 l\u2019occasion du 4\u00e8me Trail de la Michaille, concouru \u00e0 Ch\u00e2tillon-en-Michaille, o\u00f9 Tha\u00efs s\u2019appropriera, sur le Tour des Pr\u00e9s (12 km), la 3\u00e8me place f\u00e9minine (3\u00e8me senior, 35\u00e8me au scratch) en 1h01\u201902.<br \/>\nImage r\u00e9alis\u00e9e au km 6.<\/p>\n<p><strong>Cr\u00e9dit photo :<br \/>\nRun Valserine.<\/strong><b><\/b><\/p>\n<p><strong><img data-recalc-dims=\"1\" loading=\"lazy\" decoding=\"async\" class=\"size-full wp-image-57379 aligncenter\" src=\"https:\/\/i0.wp.com\/www.courzyvite.run\/blog\/wp-content\/uploads\/2022\/04\/DSC_3199.jpg?resize=860%2C573&#038;ssl=1\" alt=\"\" width=\"860\" height=\"573\" srcset=\"https:\/\/i0.wp.com\/www.courzyvite.run\/blog\/wp-content\/uploads\/2022\/04\/DSC_3199.jpg?w=900&amp;ssl=1 900w, https:\/\/i0.wp.com\/www.courzyvite.run\/blog\/wp-content\/uploads\/2022\/04\/DSC_3199.jpg?resize=300%2C200&amp;ssl=1 300w, https:\/\/i0.wp.com\/www.courzyvite.run\/blog\/wp-content\/uploads\/2022\/04\/DSC_3199.jpg?resize=150%2C100&amp;ssl=1 150w, https:\/\/i0.wp.com\/www.courzyvite.run\/blog\/wp-content\/uploads\/2022\/04\/DSC_3199.jpg?resize=768%2C512&amp;ssl=1 768w\" sizes=\"auto, (max-width: 860px) 100vw, 860px\" \/><\/strong>Le Portugais <strong>Francisco Bogalho<\/strong>, <strong>inscrit sur le 4\u00e8me<\/strong> <strong>Trail \u00e0 Deux T\u00eates (21 km)<\/strong>, disput\u00e9 le dimanche <strong>10 avril 2022<\/strong> \u00e0 La Balme-de-Sillingy, dans le cadre de la 5\u00e8me \u00e9dition du <strong>Trail de la Mandallaz<\/strong>.<br \/>\nIl n\u2019est autre que le leader de <b>Rumilly Running<\/b>, un groupe informel qu\u2019il a cr\u00e9\u00e9 le 28 octobre 2018, avant de le baptiser <strong>Rumilly Trail Running <\/strong>le 9 mai 2021.<\/p>\n<p>Clich\u00e9 pris le 20 juin 2021 \u00e0 l\u2019occasion du 3\u00e8me Entrelacs Run and Trail, concouru \u00e0 Albens (commun<span style=\"color: #000000;\">e d\u2019Entrelacs),<\/span> o\u00f9 Francisco s\u2019appropriera, sur le Trail des Hauts du Lac (43 km), la 71\u00e8me place (9\u00e8me M2) en 6h16\u201958.<br \/>\nImage r\u00e9alis\u00e9e sur les hauteurs du lac du Bourget.<\/p>\n<p><strong>Cr\u00e9dit photo :<\/strong><strong style=\"font-size: 0.95em;\"><br \/>\n<\/strong><strong>Albens Club P\u00e9destre.<\/strong><strong><img data-recalc-dims=\"1\" loading=\"lazy\" decoding=\"async\" class=\"size-full wp-image-57375 aligncenter\" src=\"https:\/\/i0.wp.com\/www.courzyvite.run\/blog\/wp-content\/uploads\/2022\/04\/P1210676-1.jpg?resize=393%2C700&#038;ssl=1\" alt=\"\" width=\"393\" height=\"700\" srcset=\"https:\/\/i0.wp.com\/www.courzyvite.run\/blog\/wp-content\/uploads\/2022\/04\/P1210676-1.jpg?w=393&amp;ssl=1 393w, https:\/\/i0.wp.com\/www.courzyvite.run\/blog\/wp-content\/uploads\/2022\/04\/P1210676-1.jpg?resize=168%2C300&amp;ssl=1 168w, https:\/\/i0.wp.com\/www.courzyvite.run\/blog\/wp-content\/uploads\/2022\/04\/P1210676-1.jpg?resize=84%2C150&amp;ssl=1 84w\" sizes=\"auto, (max-width: 393px) 100vw, 393px\" \/>Genevi\u00e8ve Couapel Leb\u00e9e (Rumilly Trail Running),<\/strong> <strong>inscrite sur le<\/strong> <strong>Trail \u00e0 Une T\u00eate (10 km)<\/strong>, disput\u00e9 le dimanche <strong>10 avril 2022<\/strong> \u00e0 La Balme-de-Sillingy, dans le cadre de la 5\u00e8me \u00e9dition du<strong> Trail de la Mandallaz<\/strong>.<\/p>\n<p>Clich\u00e9 pris le 20 juin 2021 \u00e0 l\u2019occasion du 3\u00e8me Entrelacs Run and Trail, concouru \u00e0 Albens (commun<span style=\"color: #000000;\">e d\u2019Entrelacs),<\/span> o\u00f9 Genevi\u00e8ve s\u2019appropriera, sur le Trail Perch\u00e9 (16 km), la 30\u00e8me place f\u00e9minine (2\u00e8me M3, 130\u00e8me au scratch) en 1h52\u201945.<\/p>\n<p><strong>Cr\u00e9dit photo :<\/strong><br \/>\n<strong>Albens Club P\u00e9destre.<br \/>\n<img data-recalc-dims=\"1\" loading=\"lazy\" decoding=\"async\" class=\"size-full wp-image-57378 aligncenter\" src=\"https:\/\/i0.wp.com\/www.courzyvite.run\/blog\/wp-content\/uploads\/2022\/04\/16km-IMG_8498BD-Copie.jpg?resize=466%2C700&#038;ssl=1\" alt=\"\" width=\"466\" height=\"700\" srcset=\"https:\/\/i0.wp.com\/www.courzyvite.run\/blog\/wp-content\/uploads\/2022\/04\/16km-IMG_8498BD-Copie.jpg?w=466&amp;ssl=1 466w, https:\/\/i0.wp.com\/www.courzyvite.run\/blog\/wp-content\/uploads\/2022\/04\/16km-IMG_8498BD-Copie.jpg?resize=200%2C300&amp;ssl=1 200w, https:\/\/i0.wp.com\/www.courzyvite.run\/blog\/wp-content\/uploads\/2022\/04\/16km-IMG_8498BD-Copie.jpg?resize=100%2C150&amp;ssl=1 100w\" sizes=\"auto, (max-width: 466px) 100vw, 466px\" \/><\/strong><strong>Aur\u00e9lie Dolez (Rumilly Trail Running),<\/strong> <strong>inscrite sur le<\/strong> <strong>Trail \u00e0 Une T\u00eate (10 km)<\/strong>, disput\u00e9 le dimanche <strong>10 avril 2022<\/strong> \u00e0 La Balme-de-Sillingy dans le cadre de la 5\u00e8me \u00e9dition du<strong> Trail de la Mandallaz<\/strong>.<\/p>\n<p>Clich\u00e9 pris le 7 novembre 2021 \u00e0 l\u2019occasion du 1er Trail Panoramic de l\u2019Albanais, concouru \u00e0 Saint-Eus\u00e8be, o\u00f9 Aur\u00e9lie s\u2019appropriera, sur le Trail du Four \u00e0 Pain (16 km), la 22\u00e8me place f\u00e9minine (3\u00e8me M0, 121\u00e8me au scratch) en 1h38\u201949.<br \/>\nImage r\u00e9alis\u00e9e sur le chemin et le plateau des Bettes (km 4,3).<\/p>\n<p><strong>Cr\u00e9dit photo :<\/strong><br \/>\n<strong>Caroline Duhamel <\/strong>(Les Foul\u00e9es de Gruffy).<strong><img data-recalc-dims=\"1\" loading=\"lazy\" decoding=\"async\" class=\"size-full wp-image-57377 aligncenter\" src=\"https:\/\/i0.wp.com\/www.courzyvite.run\/blog\/wp-content\/uploads\/2022\/04\/IMG_4250.jpg?resize=860%2C573&#038;ssl=1\" alt=\"\" width=\"860\" height=\"573\" srcset=\"https:\/\/i0.wp.com\/www.courzyvite.run\/blog\/wp-content\/uploads\/2022\/04\/IMG_4250.jpg?w=900&amp;ssl=1 900w, https:\/\/i0.wp.com\/www.courzyvite.run\/blog\/wp-content\/uploads\/2022\/04\/IMG_4250.jpg?resize=300%2C200&amp;ssl=1 300w, https:\/\/i0.wp.com\/www.courzyvite.run\/blog\/wp-content\/uploads\/2022\/04\/IMG_4250.jpg?resize=150%2C100&amp;ssl=1 150w, https:\/\/i0.wp.com\/www.courzyvite.run\/blog\/wp-content\/uploads\/2022\/04\/IMG_4250.jpg?resize=768%2C512&amp;ssl=1 768w\" sizes=\"auto, (max-width: 860px) 100vw, 860px\" \/>Au premier plan :<\/strong> <strong>Sabrina Grosdidier (Rumilly Trail Running),<\/strong> <strong>inscrite sur le<\/strong><strong>\u00a0Trail \u00e0 Une T\u00eate (10 km)<\/strong>, disput\u00e9 le dimanche <strong>10 avril 2022<\/strong> \u00e0 La Balme-de-Sillingy, dans le cadre de la 5\u00e8me \u00e9dition du<strong> Trail de la Mandallaz<\/strong>.<\/p>\n<p>Clich\u00e9 pris le 20 juin 2021 \u00e0 l\u2019occasion du 3\u00e8me Entrelacs Run and Trail, concouru \u00e0 Albens (commun<span style=\"color: #000000;\">e d\u2019Entrelacs)<\/span>, o\u00f9 Sabrina s\u2019appropriera, sur les Foul\u00e9es (9 km), la 32\u00e8me place f\u00e9minine (3\u00e8me M2, 86\u00e8me au scratch) en 1h09\u201955.<\/p>\n<p><strong>Cr\u00e9dit photo :<\/strong><br \/>\n<strong>Albens Club P\u00e9destre.<\/strong><\/p>\n<p><strong><img data-recalc-dims=\"1\" loading=\"lazy\" decoding=\"async\" class=\"size-full wp-image-57376 aligncenter\" src=\"https:\/\/i0.wp.com\/www.courzyvite.run\/blog\/wp-content\/uploads\/2022\/04\/P1210677.jpg?resize=393%2C700&#038;ssl=1\" alt=\"\" width=\"393\" height=\"700\" srcset=\"https:\/\/i0.wp.com\/www.courzyvite.run\/blog\/wp-content\/uploads\/2022\/04\/P1210677.jpg?w=393&amp;ssl=1 393w, https:\/\/i0.wp.com\/www.courzyvite.run\/blog\/wp-content\/uploads\/2022\/04\/P1210677.jpg?resize=168%2C300&amp;ssl=1 168w, https:\/\/i0.wp.com\/www.courzyvite.run\/blog\/wp-content\/uploads\/2022\/04\/P1210677.jpg?resize=84%2C150&amp;ssl=1 84w\" sizes=\"auto, (max-width: 393px) 100vw, 393px\" \/><\/strong><strong>Christophe Petitot (Rumilly Trail Running),<\/strong> <strong>inscrit sur le<\/strong> <strong>Trail \u00e0 Une T\u00eate (10 km)<\/strong>, disput\u00e9 le dimanche <strong>10 avril 2022<\/strong> \u00e0 La Balme-de-Sillingy dans le cadre de la 5\u00e8me \u00e9dition du<strong> Trail de la Mandallaz<\/strong>.<\/p>\n<p>Clich\u00e9 pris le 20 juin 2021 \u00e0 l\u2019occasion du 3\u00e8me Entrelacs Run and Trail, concouru \u00e0 Albens (commun<span style=\"color: #000000;\">e d\u2019Entrelacs), <\/span>o\u00f9 Christophe s\u2019appropriera, sur le Trail Perch\u00e9 (16 km), la 127\u00e8me place (11\u00e8me M2) en 1h52\u201919.<\/p>\n<p><strong>Cr\u00e9dit photo :<\/strong><br \/>\n<strong>Albens Club P\u00e9destre.<br \/>\n<img data-recalc-dims=\"1\" loading=\"lazy\" decoding=\"async\" class=\"size-full wp-image-57422 aligncenter\" src=\"https:\/\/i0.wp.com\/www.courzyvite.run\/blog\/wp-content\/uploads\/2022\/04\/241653270_4380648825362045_6302128540059155876_n.jpg?resize=596%2C700&#038;ssl=1\" alt=\"\" width=\"596\" height=\"700\" srcset=\"https:\/\/i0.wp.com\/www.courzyvite.run\/blog\/wp-content\/uploads\/2022\/04\/241653270_4380648825362045_6302128540059155876_n.jpg?w=596&amp;ssl=1 596w, https:\/\/i0.wp.com\/www.courzyvite.run\/blog\/wp-content\/uploads\/2022\/04\/241653270_4380648825362045_6302128540059155876_n.jpg?resize=255%2C300&amp;ssl=1 255w, https:\/\/i0.wp.com\/www.courzyvite.run\/blog\/wp-content\/uploads\/2022\/04\/241653270_4380648825362045_6302128540059155876_n.jpg?resize=128%2C150&amp;ssl=1 128w\" sizes=\"auto, (max-width: 596px) 100vw, 596px\" \/>Dossard 31 : Pascale Beno\u00eet (Arvi\u2019Cyclette), inscrite sur le Trail \u00e0 Une T\u00eate (10 km)<\/strong>, disput\u00e9 le dimanche <strong>10 avril 2022<\/strong> \u00e0 La Balme-de-Sillingy dans le cadre de la 5\u00e8me \u00e9dition du <strong>Trail de la Mandallaz<\/strong>.<\/p>\n<p>Clich\u00e9 pris le 5 septembre 2021 \u00e0 l\u2019occasion du 4\u00e8me Trail de la Mandallaz o\u00f9 Pascale s\u2019appropriera la 17\u00e8me place f\u00e9minine (4\u00e8me M0, 76\u00e8me au scratch) en 1h24\u201930.<br \/>\nImage r\u00e9alis\u00e9e peu apr\u00e8s le d\u00e9part, \u00e0 hauteur du cimeti\u00e8re.<\/p>\n<p><strong>Cr\u00e9dit photo :<\/strong><br \/>\n<b>Pascal Petrod (Villy-Bouveret).<\/b><strong><img data-recalc-dims=\"1\" loading=\"lazy\" decoding=\"async\" class=\"size-full wp-image-57405 aligncenter\" src=\"https:\/\/i0.wp.com\/www.courzyvite.run\/blog\/wp-content\/uploads\/2022\/04\/TP2022_km7_69.jpg?resize=525%2C700&#038;ssl=1\" alt=\"\" width=\"525\" height=\"700\" srcset=\"https:\/\/i0.wp.com\/www.courzyvite.run\/blog\/wp-content\/uploads\/2022\/04\/TP2022_km7_69.jpg?w=525&amp;ssl=1 525w, https:\/\/i0.wp.com\/www.courzyvite.run\/blog\/wp-content\/uploads\/2022\/04\/TP2022_km7_69.jpg?resize=225%2C300&amp;ssl=1 225w, https:\/\/i0.wp.com\/www.courzyvite.run\/blog\/wp-content\/uploads\/2022\/04\/TP2022_km7_69.jpg?resize=113%2C150&amp;ssl=1 113w\" sizes=\"auto, (max-width: 525px) 100vw, 525px\" \/>Robert Pillard (Club Athl\u00e9tique du Bassin Bellegardien), inscrit sur le Trail \u00e0 Une T\u00eate (10 km)<\/strong>, disput\u00e9 le dimanche 10 <strong>avril 2022<\/strong> \u00e0 La Balme-de-Sillingy dans le cadre de la 5\u00e8me \u00e9dition du <strong>Trail de la Mandallaz<\/strong>.<\/p>\n<p>Clich\u00e9 pris le 27 mars 2022 \u00e0 l\u2019occasion du 7\u00e8me Trail de la Michaille, concouru \u00e0 Ch\u00e2tillon-en-Michaille (commune de Valserh\u00f4ne), o\u00f9 Robert s\u2019appropriera, sur le Tour des Pr\u00e9s (12 km), la 64\u00e8me place (20\u00e8me senior) en 1h10\u201934.<br \/>\nImage r\u00e9alis\u00e9e au km 7.<\/p>\n<p><strong>Cr\u00e9dit photo :<br \/>\nRun Valserine.<br \/>\n<\/strong><\/p>\n<p><strong>\u00a0<\/strong><\/p>\n<p>&nbsp;<\/p>\n","protected":false},"excerpt":{"rendered":"<p>ELISE DELANNOY ET LOUIS PARENT, ATTRACTIONS DE CETTE 5EME EDITION ! Depuis sa naissance en 2017, jamais cet \u00e9v\u00e8nement n\u2019avait aimant\u00e9 un tel plateau. A commencer par l\u2019\u00e9preuve reine du 21 km dont le duel s\u2019annonce de toute beaut\u00e9 entre les talentueux trailers Louis Parent, 20 ans, et Robin Juillaguet, 28 ans. Avantage Louis, devenu une des figures du team \u00e9lite Sidas et Matryx, Robin donnant d\u00e9sormais priorit\u00e9 \u00e0 son [&#8230;]<\/p>\n","protected":false},"author":2,"featured_media":57389,"comment_status":"closed","ping_status":"closed","sticky":false,"template":"","format":"standard","meta":{"advanced_seo_description":"","jetpack_seo_html_title":"","jetpack_seo_noindex":false,"_jetpack_memberships_contains_paid_content":false,"footnotes":"","jetpack_publicize_message":"PRESENTATION DU TRAIL DE LA MANDALLAZ \/ 10-04-22","jetpack_publicize_feature_enabled":true,"jetpack_social_post_already_shared":true,"jetpack_social_options":{"image_generator_settings":{"template":"highway","default_image_id":0,"font":"","enabled":false},"version":2}},"categories":[16,13],"tags":[11],"class_list":["post-57288","post","type-post","status-publish","format-standard","has-post-thumbnail","hentry","category-haute-savoie","category-presentations-des-courses","tag-news"],"views":1683,"jetpack_publicize_connections":[],"jetpack_featured_media_url":"https:\/\/i0.wp.com\/www.courzyvite.run\/blog\/wp-content\/uploads\/2022\/04\/241656043_4380685418691719_2233902793767736898_n.jpg?fit=900%2C671&ssl=1","jetpack_shortlink":"https:\/\/wp.me\/p7PZ3h-eU0","jetpack_sharing_enabled":true,"_links":{"self":[{"href":"https:\/\/www.courzyvite.run\/blog\/wp-json\/wp\/v2\/posts\/57288","targetHints":{"allow":["GET"]}}],"collection":[{"href":"https:\/\/www.courzyvite.run\/blog\/wp-json\/wp\/v2\/posts"}],"about":[{"href":"https:\/\/www.courzyvite.run\/blog\/wp-json\/wp\/v2\/types\/post"}],"author":[{"embeddable":true,"href":"https:\/\/www.courzyvite.run\/blog\/wp-json\/wp\/v2\/users\/2"}],"replies":[{"embeddable":true,"href":"https:\/\/www.courzyvite.run\/blog\/wp-json\/wp\/v2\/comments?post=57288"}],"version-history":[{"count":3,"href":"https:\/\/www.courzyvite.run\/blog\/wp-json\/wp\/v2\/posts\/57288\/revisions"}],"predecessor-version":[{"id":69327,"href":"https:\/\/www.courzyvite.run\/blog\/wp-json\/wp\/v2\/posts\/57288\/revisions\/69327"}],"wp:featuredmedia":[{"embeddable":true,"href":"https:\/\/www.courzyvite.run\/blog\/wp-json\/wp\/v2\/media\/57389"}],"wp:attachment":[{"href":"https:\/\/www.courzyvite.run\/blog\/wp-json\/wp\/v2\/media?parent=57288"}],"wp:term":[{"taxonomy":"category","embeddable":true,"href":"https:\/\/www.courzyvite.run\/blog\/wp-json\/wp\/v2\/categories?post=57288"},{"taxonomy":"post_tag","embeddable":true,"href":"https:\/\/www.courzyvite.run\/blog\/wp-json\/wp\/v2\/tags?post=57288"}],"curies":[{"name":"wp","href":"https:\/\/api.w.org\/{rel}","templated":true}]}}