{"id":57098,"date":"2022-03-25T00:34:52","date_gmt":"2022-03-24T23:34:52","guid":{"rendered":"https:\/\/www.courzyvite.run\/blog\/?p=57098"},"modified":"2024-05-18T16:04:58","modified_gmt":"2024-05-18T14:04:58","slug":"presentation-de-ledition-2022-du-challenge-des-trails-du-haut-rhone-ain-et-haute-savoie","status":"publish","type":"post","link":"https:\/\/www.courzyvite.run\/blog\/2022\/03\/25\/presentation-de-ledition-2022-du-challenge-des-trails-du-haut-rhone-ain-et-haute-savoie\/","title":{"rendered":"PR\u00c9SENTATION DE L\u2019\u00c9DITION 2022 DU CHALLENGE DES TRAILS DU HAUT-RH\u00d4NE (AIN ET HAUTE-SAVOIE)"},"content":{"rendered":"<p><strong><img data-recalc-dims=\"1\" loading=\"lazy\" decoding=\"async\" class=\"size-full wp-image-21155 aligncenter\" src=\"https:\/\/i0.wp.com\/www.courzyvite.run\/blog\/wp-content\/uploads\/2019\/01\/annemasse.png?resize=606%2C115\" alt=\"\" width=\"606\" height=\"115\" srcset=\"https:\/\/i0.wp.com\/www.courzyvite.run\/blog\/wp-content\/uploads\/2019\/01\/annemasse.png?w=606&amp;ssl=1 606w, https:\/\/i0.wp.com\/www.courzyvite.run\/blog\/wp-content\/uploads\/2019\/01\/annemasse.png?resize=420%2C80&amp;ssl=1 420w\" sizes=\"auto, (max-width: 606px) 100vw, 606px\" \/><\/strong><\/p>\n<p><strong>NOSTALGIE, QUAND TU NOUS TIENS !<\/strong><\/p>\n<p>C\u2019est avec un plaisir non dissimul\u00e9 que je r\u00e9active le <strong>Challenge des Trails du Haut-Rh\u00f4ne, <\/strong>6\u00e8me du nom, qu\u2019int\u00e8grent sept organisations de course dont quatre dans l\u2019Ain et trois en Haute-Savoie. Un challenge dont j\u2019ai eu l\u2019id\u00e9e avant de le lancer officiellement il y a un peu plus de sept ans d\u00e9j\u00e0, pr\u00e9cis\u00e9ment le 4 mars 2015.<\/p>\n<p>Avaient pris place en d\u00e9but de soir\u00e9e, dans l\u2019enceinte de la MJC du Vuache \u00e0 Vulbens, quatre directeurs de course, moi-m\u00eame repr\u00e9sentant le cinqui\u00e8me, absent :<br \/>\n<strong>&#8211; Josefa Dekens<\/strong>, pr\u00e9sidente de <strong>Seyssel Court Pour Offrir<\/strong>, pour les <strong>Princes en Foul\u00e9es<\/strong>.<br \/>\n<strong>&#8211; Christian Baron<\/strong>, mandataire du <strong>Comit\u00e9 des F\u00eates de Saint-Germain-sur-Rh\u00f4ne<\/strong>, pour le <strong>Cross de la Semine<\/strong>.<br \/>\n<strong>&#8211; Dan Andric<\/strong>, pr\u00e9sident de <strong>Musi\u00e8ges Animations<\/strong>, pour le <strong>Trail de Musi\u00e8ges<\/strong>.<br \/>\n<strong>&#8211; Bernard Evreux<\/strong>, mandataire de la <strong>MJC du Vuache<\/strong>, pour le <strong>Trail du Vuache<\/strong>.<br \/>\n&#8211; Enfin l\u2019auteur de ces lignes qui rempla\u00e7ait, pour le <strong>Trail de la Michaille<\/strong>, feu <strong>Didier Traor\u00e9<\/strong>, alors pr\u00e9sident du <strong>Club Athl\u00e9tique du Bassin Bellegardien (CABB)<\/strong>.<\/p>\n<p>Tous, y compris les accompagnants, ont d\u2019embl\u00e9e avalis\u00e9 ce projet, les deux objectifs \u00e9tant de booster l\u2019affluence sur ces \u00e9v\u00e8nements, et concomitamment, de mettre en valeur les territoires qui les accueillent.<\/p>\n<p>Depuis, cinq autres manifestations les ont rejoints :<br \/>\n&#8211; La <strong>Course des Fougueurs<\/strong> \u00e0 compter de 2016, orchestr\u00e9e par <strong>Les Fougueurs de Serri\u00e8res<\/strong>, avant de dispara\u00eetre en 2020. Elle demeure aujourd\u2019hui l\u2019unique course du challenge concourue en Savoie.<br \/>\n&#8211; La <strong>Voie du Tram<\/strong> \u00e0 compter de 2016, orchestr\u00e9e par le <strong>CABB<\/strong>, avant de s\u2019\u00e9teindre la m\u00eame ann\u00e9e.<br \/>\n&#8211; La <strong>Croz\u2019et Raide<\/strong> \u00e0 compter de 2017, orchestr\u00e9e par <strong>Trail The World<\/strong>, avant de rendre l\u2019\u00e2me la m\u00eame ann\u00e9e.<br \/>\n&#8211; Le <strong>Trail de la Valserine<\/strong>, ex-Voie du Tram, et le <strong>D\u00e9fi de Fort-l\u2019Ecluse<\/strong> \u00e0 compter de 2017, aujourd\u2019hui orchestr\u00e9s par le <strong>CABB<\/strong>.<\/p>\n<p>En toute modestie, force est de reconna\u00eetre que les cinq pionniers ont eu le nez creux, la participation ne cessant de monter en fl\u00e8che. En t\u00e9moigne la cuv\u00e9e 2019, la derni\u00e8re \u00e0 avoir eu lieu, o\u00f9 pas moins de 36 trailers dont neuf femmes ont boucl\u00e9 les cinq courses n\u00e9cessaires, sur les sept au menu, pour \u00eatre class\u00e9.<\/p>\n<p>Avec regret, on soulignera n\u00e9anmoins :<\/p>\n<p><span style=\"color: #ff0000;\"><strong>&#8211; Le retrait au sein du challenge du Trail du Vuache, 6\u00e8me du nom, programm\u00e9 le 2 octobre prochain \u00e0 Vulbens.<br \/>\n<\/strong><\/span>Cette d\u00e9cision a \u00e9t\u00e9 prise par la MJC du Vuache qui a refondu son organisation, en place depuis l\u2019\u00e9dition princeps de 2014.<\/p>\n<p><span style=\"color: #ff0000;\"><strong>&#8211; L\u2019annulation du 9\u00e8me Trail de Musi\u00e8ges, qui devait avoir lieu le 25 septembre prochain.<br \/>\n<\/strong><\/span>Malgr\u00e9 ce coup dur, le premier de cord\u00e9e <strong>R\u00e9mi Becque<\/strong>, vice-pr\u00e9sident de <strong>Musi\u00e8ges Animations<\/strong>, est bien d\u00e9cid\u00e9 \u00e0 maintenir en vie cette manifestation, avec le soutien in\u00e9dit des <strong>pompiers de Frangy<\/strong> dont il est membre. Il va notamment tout faire pour d\u00e9nicher un gros sponsor running dans l\u2019optique du cru 2023.<br \/>\nEn attendant, il a la ferme attention d\u2019orchestrer la remise des prix du challenge 2022, pr\u00e9vu le <strong>vendredi 27 janvier 2023<\/strong> dans la <strong>salle des f\u00eates de Musi\u00e8ges<\/strong>.<\/p>\n<p><span style=\"color: #ff0000;\"><strong>&#8211; L\u2019annulation, le 5 septembre 2022, des 9\u00e8mes Princes en Foul\u00e9es, qui devaient avoir lieu 12 jours plus tard, soit le 17 septembre.<br \/>\n<\/strong><span style=\"color: #000000;\">Directrice de course en tant que pr\u00e9sidente de <strong>Seyssel Court Pour Offrir<\/strong>, <strong>Josefa Dekens<\/strong> invoque <em>\u00ab un manque de b\u00e9n\u00e9voles et des inscriptions peu nombreuses \u00bb<\/em>. En cons\u00e9quence, elle a annonc\u00e9 que les Princes se tiendraient l\u2019an prochain le 22 avril, renouant ainsi avec leur date habituelle.<br \/>\nPour davantage de d\u00e9tails, lire ses propos sur la page d\u2019accueil du site Web ad hoc :<br \/>\n<a href=\"https:\/\/lesprincesenfoulees.com\/\">https:\/\/lesprincesenfoulees.com\/<\/a><\/span><\/span><\/p>\n<p>Ci-dessous, vous trouverez une pr\u00e9sentation d\u00e9taill\u00e9e du 6\u00e8me mill\u00e9sime de ce challenge multi-d\u00e9partemental, disput\u00e9 en cette ann\u00e9e 2022.<\/p>\n<p><strong>F.V. \u00a0\u00a0<\/strong><br \/>\n<span style=\"color: #ffffff;\">.<\/span><br \/>\n<span style=\"color: #ffffff;\">.<\/span><br \/>\n<span style=\"color: #ffffff;\">.<\/span><br \/>\n<strong><span style=\"color: #ffffff;\">.<\/span><br \/>\nZOOM SUR QUATRE COURSES :<\/strong><span style=\"color: #ffffff;\">.<\/span><br \/>\n<span style=\"color: #ffffff;\">.<\/span><strong style=\"font-size: 0.95em;\"><br \/>\n<\/strong><span style=\"color: #ffffff;\">.<\/span><strong><br \/>\n<\/strong><span style=\"color: #ffffff;\">.<\/span><strong><br \/>\nDOUBLE RESSURECTION :<\/strong><\/p>\n<p>On soulignera le retour inesp\u00e9r\u00e9 des deux \u00e9v\u00e8nements les plus populaires du challenge, qui ont bien failli passer de vie \u00e0 tr\u00e9pas.<br \/>\n<span style=\"color: #ffffff;\">.<\/span><br \/>\n<span style=\"color: #ffffff;\">.<\/span><strong style=\"font-size: 0.95em;\"><br \/>\n<\/strong><strong>LES PRINCES EN FOULEES :<br \/>\n<span style=\"color: #ff0000;\">Ev\u00e8nement annul\u00e9 !<\/span><br \/>\n<\/strong><\/p>\n<p>D\u00e9missionnaire avec son \u00e9quipe en 2020, <strong>Ambroise Penna<\/strong>, pr\u00e9sident depuis novembre 2018 de <strong>Seyssel Court Pour Offrir<\/strong> et, donc directeur de course, a c\u00e9d\u00e9 sa place le 29 octobre 2021 \u00e0 <strong>Josefa Dekens<\/strong>. Le d\u00e9sir de changer d\u2019air et un projet personnel ont engendr\u00e9 son renoncement.<\/p>\n<p>Etablie \u00e0 Annecy depuis son d\u00e9part de Seyssel survenu apr\u00e8s le cru 2018, la coqueluche du pays seysselan n\u2019a pu se r\u00e9soudre \u00e0 voir dispara\u00eetre l\u2019association qu\u2019elle avait personnellement fond\u00e9e en juillet 2011. En ni une ni deux, elle s\u2019est de nouveau install\u00e9e \u00e0 Seyssel pour doter Seyssel Court Pour Offrir d\u2019une nouvelle escouade dont les pi\u00e8ces ma\u00eetresses, outre Josefa, sont :<br \/>\n<strong>&#8211; C\u00e9cile Monod<\/strong>, vice-pr\u00e9sidente, connue pour \u00eatre la dynamique pr\u00e9sidente de l\u2019association <strong>SEPas Impossible<\/strong>, tourn\u00e9e vers les personnes atteintes de scl\u00e9rose en plaques.<br \/>\n<strong>&#8211;<\/strong> <strong>G\u00e9rard Pascal<\/strong>, tr\u00e9sorier, pr\u00e9sent d\u00e8s la premi\u00e8re heure avec Josefa.<br \/>\n<strong>&#8211; C\u00e9cile Fauconnet<\/strong>, secr\u00e9taire.<br \/>\n<strong>&#8211; Justin Pernoud<\/strong>, responsable des parcours.<\/p>\n<p>La premi\u00e8re mesure, prise par le nouveau bureau, a \u00e9t\u00e9 de programmer les <strong>Princes<\/strong> le 17 septembre, \u00e0 la place du traditionnel mois d\u2019avril, et ce pour b\u00e9n\u00e9ficier de plus de temps au sein de l\u2019organisation.<\/p>\n<p><strong>F.V.<\/strong><br \/>\n<span style=\"color: #ffffff;\">.<\/span><br \/>\n<span style=\"color: #ffffff;\">.<\/span><strong style=\"font-size: 0.95em;\"><br \/>\n<\/strong><strong>LE DEFI DE FORT-L\u2019ECLUSE :<\/strong><\/p>\n<p>Tr\u00e8s \u00e0 cheval sur la sant\u00e9, la s\u00e9curit\u00e9, mais plus encore sur l\u2019environnement, <strong>Christine Blanc <\/strong>a \u00e9t\u00e9 \u00e9lue maire de L\u00e9az le 18 mai 2020 \u00e0 partir d\u2019un programme ax\u00e9 sur la transition \u00e9cologique. Depuis, elle n\u2019a pas h\u00e9sit\u00e9 \u00e0 contraindre le <strong>Club Athl\u00e9tique du Bassin Bellegardien<\/strong> <strong>(CABB)<\/strong> \u00e0 annuler cette course mythique en 2020 puis en 2021.<\/p>\n<p>Pr\u00e9sident du CABB \u00e0 compter du 25 septembre 2020, <strong>Guillaume le Grand <\/strong>n\u2019a pourtant rien l\u00e2ch\u00e9. Au bout du compte, son opini\u00e2tret\u00e9 aura pay\u00e9, le directeur de course parvenant \u00e0 convaincre la premi\u00e8re magistrate du bien-fond\u00e9 de cette comp\u00e8te, ce qui n\u2019est pas un mince exploit ! Comme tout sp\u00e9cialiste du 110 m haies qu\u2019il a \u00e9t\u00e9 en rev\u00eatant le maillot de l\u2019\u00e9quipe de France, il aura surmont\u00e9 un \u00e0 un les multiples obstacles qui emp\u00eachaient le D\u00e9fi de rena\u00eetre.<\/p>\n<p><strong>F.V.<\/strong><br \/>\n<span style=\"color: #ffffff;\">.<br \/>\n.<\/span><br \/>\n<span style=\"color: #ffffff;\">.<\/span><strong><br \/>\nNOUVEAUX DEPARTS :<\/strong><\/p>\n<p>A l\u2019issue des deux ann\u00e9es de Covid, les trailers pourront enfin d\u00e9couvrir deux manifestations du challenge totalement relook\u00e9es.<span style=\"font-size: 0.95em;\"><br \/>\n<\/span><span style=\"color: #ffffff;\">.<\/span><br \/>\n<span style=\"color: #ffffff;\">.<\/span><strong style=\"font-size: 0.95em;\"><br \/>\n<\/strong><strong>VIRAGE A 180\u00b0 POUR LE TRAIL DE LA VALSERINE :<\/strong><\/p>\n<p>D\u00e9cid\u00e9ment, le Cabbiste (2) <strong>Guillaume le Grand<\/strong> fait feu de tout bois ! Apr\u00e8s avoir ressuscit\u00e9 le <strong>D\u00e9fi de Fort-l\u2019Ecluse<\/strong>, le voil\u00e0 qui porte \u00e0 bout de bras cet ultra-trail et son concept r\u00e9volutionnaire dont les b\u00e9n\u00e9fices, \u00e0 l\u2019instar du D\u00e9fi, reviendront \u00e0 l\u2019\u00e9cole d\u2019athl\u00e9tisme.<\/p>\n<p>Succ\u00e9dant \u00e0 deux ann\u00e9es blanches, ce 3\u00e8me \u00e9pisode fait effectivement table rase du pass\u00e9 au profit d\u2019une partition jamais jou\u00e9e en France, hormis le <strong>Taranis Arga Trail<\/strong>. Surgi le 5 septembre 2015 \u00e0 Joannas, dans le massif du Tanargue, au coeur du sud ard\u00e9chois, cet ultra consiste \u00e0 ingurgiter en 24 heures dix boucles diff\u00e9rentes, totalisant une centaine de km (1). Cet atypisme n\u2019a pas \u00e9chapp\u00e9 pas au Cabbiste <strong>Alain Tiffon\u00a0<\/strong>qui prend part, les 29 et 30 ao\u00fbt 2020, au 6\u00e8me opus, en compagnie de ses co\u00e9quipiers <strong>Cindy Lamouille<\/strong>,\u00a0<strong>Florian Mauvais<\/strong>\u00a0et\u00a0<strong>Robert Pillard<\/strong>, tous trois ayant d\u00e9j\u00e0 honor\u00e9 la pr\u00e9c\u00e9dente cuv\u00e9e. Enchant\u00e9s par la formule, le quatuor r\u00e9ussira, en deux temps trois mouvements, \u00e0 convaincre leur formation FFA de l\u2019adopter pour leur \u00e9v\u00e8nement.<\/p>\n<p>Outre la cr\u00e9ation d\u2019un attrayant site Web en compagnie de <strong>Anne<\/strong>, sa dulcin\u00e9e, et la retentissante animation de la page Facebook, Guillaume le Grand parvient, avec l\u2019aide pr\u00e9cieuse d\u2019Alain Tiffon, \u00e0 concocter huit boucles, longues de 8,3 \u00e0 18,7 km. Attention, seules les trois premi\u00e8res, soit 45,1 km, marqueront des points pour le <strong>Challenge des Trails du Haut-Rh\u00f4ne<\/strong>. Au final, ces huit circuits totalisent 102,2 km pour un d\u00e9nivel\u00e9 de 4420 m.<br \/>\nAutre action de la part de Guillaume le Grand, et c\u2019est une grande premi\u00e8re pour le CABB, il aura su \u00e9toffer son escouade, forte aujourd\u2019hui de 11 chevilles ouvri\u00e8res (2).<\/p>\n<p><strong>F.V.<\/strong><\/p>\n<p>(1) Le Cabbiste est le pensionnaire du <strong>Club Athl\u00e9tique du Bassin Bellegardien<\/strong> <strong>(CABB)<\/strong>.<br \/>\n(2) Charg\u00e9e du 3\u00e8me <strong>Trail de la Valserine<\/strong>, l\u2019\u00e9quipe du <strong>Club Athl\u00e9tique du Bassin Bellegardien (CABB) <\/strong>comprend les 11 personnalit\u00e9s suivantes :<br \/>\n<strong>\u2013 Guillaume le Grand<\/strong>\u00a0: le pr\u00e9sident du CABB intervient dans tous les domaines en tant que directeur de course. On mettra en exergue son r\u00f4le dans la conception des huit boucles mais aussi dans la m\u00e9diatisation, \u00e0 travers l\u2019animation de la page Facebook et du site Web qu\u2019il a mis en place.<br \/>\n<strong>\u2013 Alain Tiffon\u00a0:<\/strong> porteur du projet en 2020, g\u00e9niteur des huit boucles en compagnie de Guillaume, en charge aussi du balisage, ce qui ne sera pas une sin\u00e9cure, vu l\u2019ampleur de la t\u00e2che !<br \/>\n<strong>\u2013 Anne le Grand<\/strong>\u00a0: artisane du site Web avec son \u00e9poux Guillaume.<br \/>\n<strong>&#8211; Anne-Sophie Lancia-Gibernon<\/strong>.<br \/>\n<strong>&#8211; Yann Manet<\/strong>.<strong><br \/>\n&#8211; Elodie Michaud<\/strong>.<strong><br \/>\n&#8211; S\u00e9bastien Michaud<\/strong>.<br \/>\n<strong>&#8211; Elodie Morand<\/strong>.<br \/>\n<strong>&#8211; Robert Pillard<\/strong>.<strong><br \/>\n&#8211; Micha\u00ebl Roubaud<\/strong>.<br \/>\n<strong>&#8211; Fran\u00e7ois Vanlaton<\/strong>, responsable des inscriptions en ligne, \u00e9galement auteur d\u2019articles sur le <strong>blog<\/strong> <strong>Courzyvite<\/strong> et son <strong>compte<\/strong> <strong>Facebook<\/strong>.<br \/>\n<span style=\"color: #ffffff;\">.<\/span><br \/>\n<span style=\"color: #ffffff;\">.<\/span><br \/>\n<strong>DU CROSS AU TRAIL POUR GIRON ET SA BICHE :\u00a0<\/strong><\/p>\n<p>Orchestr\u00e9e par les fondeurs de l\u2019<strong>Union Sportive Gironnaise (USG)<\/strong>, cette comp\u00e8te, connue pour \u00eatre l\u2019anc\u00eatre de la course nature dans l\u2019Ain, a perdur\u00e9 de 1982 \u00e0 2012, sous l\u2019appellation \u00ab <strong>Cross de la Biche<\/strong> \u00bb jusqu\u2019en 2008, puis \u00ab\u00a0<strong>Cross-Trail de la Biche<\/strong> \u00bb les quatre derni\u00e8res ann\u00e9es. Avec comme \u00e9picentre, la commune de Giron dont le chef-lieu, perch\u00e9 \u00e0 1000 m d\u2019altitude au milieu des p\u00e2turages, est le plus \u00e9lev\u00e9 du d\u00e9partement.<\/p>\n<p><b>Nouveau cap<\/b><br \/>\nSoucieux de faire bouger les lignes, les deux jeunes pousses de l\u2019USG que sont <strong>Quentin Blanc<\/strong>\u00a0et\u00a0<strong>Corentin\u00a0Daubard<\/strong> ont d\u00e9cid\u00e9, en 2019, de relancer cet \u00e9v\u00e8nement. Fort \u00e0 propos, le mot cross, en v\u00e9rit\u00e9 impropre, a disparu au profit exclusif du mot trail.<br \/>\nUn trail qui se d\u00e9cline en deux comp\u00e8tes aux ratios distance \/ d\u00e9nivellation particuli\u00e8rement raisonnables : un 24 km pour 800 m et un 14 km pour 400 m. Auparavant, le menu n\u2019\u00e9tait piment\u00e9 que par une unique \u00e9preuve : un 17 jusqu\u2019en 2008, un 19,5 en 2009, enfin un 21 en 2010 et 2011. On mettra de c\u00f4t\u00e9 la cuv\u00e9e 2012, finalement mort-n\u00e9e, qui \u00e9tait la seule \u00e0 programmer deux \u00e9preuves, en l\u2019occurrence 21 et 12 bornes.<\/p>\n<p><strong>D\u00e9licate entame<\/strong><br \/>\nH\u00e9las, les d\u00e9buts ont \u00e9t\u00e9 bien laborieux. Si le mill\u00e9sime du 12 juillet 2020 n\u2019a pu se tenir \u00e0 cause du Covid, celui pr\u00e9vu le 15 ao\u00fbt 2021 qui co\u00efncidait avec la f\u00eate patronale sera sabord\u00e9 par le bin\u00f4me organisateur, aucune association agr\u00e9\u00e9e de s\u00e9curit\u00e9 civile contact\u00e9e ne voulant se d\u00e9placer \u00e0 cette date f\u00e9ri\u00e9e.<br \/>\nEn outre, le tandem n\u2019a pu finaliser le parcours du 24 km, celui-ci s\u2019introduisant dans les zones d\u2019habitat du grand t\u00e9tras (1), via des chemins non balis\u00e9s, ce qui est contraire \u00e0 la philosophie des autorit\u00e9s du <strong>parc naturel r\u00e9gional (PNR) du Haut-Jura<\/strong> (2).<\/p>\n<p><strong>Chamboulement<\/strong><br \/>\nD\u00e9sormais aux commandes en compagnie de <strong>Mathieu Vuillermoz<\/strong>, domicili\u00e9 \u00e0 Echallon, Quentin Blanc a pris le taureau par les cornes en cette ann\u00e9e 2022. Pour \u00e9viter une nouvelle annulation, il anticipe le rendez-vous au 10 juillet.<br \/>\nParall\u00e8lement, il s\u2019engage \u00e0 chambouler l\u2019\u00e9preuve reine, s\u2019inclinant devant les exigences environnementales du PNR. Initialement pr\u00e9vu dans le sens des aiguilles d\u2019une montre, le trac\u00e9 est du coup invers\u00e9, ce qui accro\u00eet les difficult\u00e9s en fin de parcours. Apr\u00e8s avoir d\u00e9val\u00e9, 2,5 km durant, le c\u00f4teau m\u00e9ridional des fameuses roches d\u2019Orvaz, les trailers devront en effet rallier l\u2019arriv\u00e9e par une rude ascension de 2 km, le d\u00e9nivel\u00e9 s\u2019\u00e9levant \u00e0 284 m. Un juge de paix qui pourrait bien leur donner le tournis, et en m\u00eame temps faire la diff\u00e9rence pour les tierc\u00e9s de t\u00eate masculin et f\u00e9minin.<br \/>\nIn fine, les deux itin\u00e9raires voient leurs dimensions modifi\u00e9es : 26 bornes et 1000 m de d\u00e9nivel\u00e9 pour le <strong>Trail de la\u00a0Biche<\/strong>, 12 bornes et 300 m de d\u00e9nivel\u00e9 pour le <strong>Trail du\u00a0Faon<\/strong>. D\u2019autre part, le talentueux autochtone <strong>Damien Humbert <\/strong>aura le bonheur de parrainer ce trail, totalement refondu, que tout un village attend depuis 11 ans.<\/p>\n<p><strong>Joyaux\u00a0<\/strong><br \/>\nPar ailleurs, on soulignera la chance dont b\u00e9n\u00e9ficieront les convives de sillonner cette perle qu\u2019est le <strong>parc naturel r\u00e9gional du Haut-Jura<\/strong> (2), principale carte ma\u00eetresse de ce trail. Plusieurs temps forts devraient ainsi rythmer les deux comp\u00e8tes propos\u00e9es. Les concurrents tutoieront notamment deux belv\u00e9d\u00e8res, \u00e0 la fois a\u00e9riens et grandioses, sur leurs cirques respectifs, qu\u2019il s\u2019agit de la roche Fauconni\u00e8re, pour les deux trails, ou les roches d\u2019Orvaz, pour le trail court.<br \/>\nAutre curiosit\u00e9, sur le 26 km, avec la combe d\u2019\u00c9vuaz qui permet d\u2019admirer les paysages les plus d\u00e9chirants de la haute vall\u00e9e de la Semine. Et que dire, toujours sur le 26, du minuscule hameau d\u2019Orvaz, perdu au pied de l\u2019abrupte pente qui d\u00e9gringole depuis les roches du m\u00eame nom. In fine, deux secteurs in\u00e9dits qui risquent de faire chavirer moult trailers, et ce pour le plus grand bonheur de Quentin Blanc, l\u2019homme fort pour ne pas dire providentiel du Trail de la Biche !<\/p>\n<p><strong>F.V.<\/strong><\/p>\n<p>(1) Demeurant en montagne dans les for\u00eats de r\u00e9sineux, ce gros gallinac\u00e9 qu\u2019est le grand t\u00e9tras est encore appel\u00e9 \u00ab le grand coq de bruy\u00e8re \u00bb. Malgr\u00e9 son d\u00e9clin, cette esp\u00e8ce n\u2019est toujours pas prot\u00e9g\u00e9e sur le plan national.<br \/>\n(2) Fond\u00e9 le 10 f\u00e9vrier 1986, le <strong>parc naturel r\u00e9gional (PNR) du Haut-Jura<\/strong> regroupe pas moins de 106 communes qui adh\u00e8rent \u00e0 une charte, valid\u00e9e en 2010. Il s\u2019\u00e9tend sur pr\u00e8s de 178 000 ha \u00e0 travers :<br \/>\n&#8211; Deux r\u00e9gions : Auvergne-Rh\u00f4ne-Alpes et la Bourgogne-Franche-Comt\u00e9.<br \/>\n&#8211; Trois d\u00e9partements : l\u2019Ain, le Doubs et le Jura.<br \/>\n<span style=\"color: #ffffff;\">.<\/span><strong><br \/>\n<\/strong><span style=\"color: #ffffff;\">.<\/span><br \/>\n<span style=\"color: #ffffff;\">.<\/span><br \/>\n<span style=\"color: #ffffff;\">.<\/span><strong><br \/>\nLE CALENDRIER : 5 MANIFESTATIONS ET 8 EPREUVES<br \/>\n<\/strong><span style=\"color: #ffffff;\">.<\/span><br \/>\n<span style=\"color: #ffffff;\">.<\/span><strong style=\"font-size: 0.95em;\"><br \/>\n<\/strong><strong>DIMANCHE 27 MARS : LE 7EME TRAIL DE LA MICHAILLE (AIN)<\/strong><\/p>\n<p><strong>\u2013 Lieu de d\u00e9part et d\u2019arriv\u00e9e\u00a0:<\/strong><br \/>\nCommune de Valserh\u00f4ne, Ch\u00e2tillon-en-Michaille, salle des f\u00eates.<br \/>\n<strong>\u2013 2 parcours classants\u00a0:<\/strong><br \/>\n* Le Trail de la Michaille : 22 km pour 750 m de d\u00e9nivel\u00e9 (pr\u00e9cis\u00e9ment 21,363 km pour 750 m de d\u00e9nivel\u00e9 positif et 746 m de d\u00e9nivel\u00e9 n\u00e9gatif). Horaire de d\u00e9part : 9 h 00.<br \/>\n* Le Tour des Pr\u00e9s : 12 km pour 370 m de d\u00e9nivel\u00e9 (pr\u00e9cis\u00e9ment 11,424 km pour 365 m de d\u00e9nivel\u00e9 positif et 364 m de d\u00e9nivel\u00e9 n\u00e9gatif). Horaire de d\u00e9part : 9 h 30.<br \/>\n<strong>\u2013 Organisation :<\/strong><br \/>\nRun Valserine, pr\u00e9sid\u00e9 par\u00a0Philippe Henry.<br \/>\n<strong>\u2013 Directeur de course :<br \/>\n<\/strong>Philippe Henry.<strong><br \/>\n\u2013 Page Facebook du Trail de la Michaille :<br \/>\n<\/strong><a href=\"https:\/\/www.facebook.com\/traildelamichaille\/\">https:\/\/www.facebook.com\/traildelamichaille\/<\/a><br \/>\n<strong>\u2013 Site Web du Trail de la Michaille :<\/strong><br \/>\n<a href=\"http:\/\/traildelamichaille.fr\/\">http:\/\/traildelamichaille.fr\/<\/a><br \/>\n<strong>\u2013 E-mail de Run Valserine :<br \/>\n<\/strong><a href=\"mailto:contact@runvalserine.fr\">contact@runvalserine.fr<\/a><br \/>\n<strong>\u2013 T\u00e9l\u00e9phone de Philippe Henry\u00a0:<\/strong><br \/>\n06-52-15-65-41.<br \/>\n<strong>\u2013 Participation maximale autoris\u00e9e :<br \/>\n<\/strong>Illimit\u00e9e.<br \/>\n<strong>\u2013 Participation sur la derni\u00e8re \u00e9dition en 2021 :<br \/>\n<\/strong>206 inscrits.<br \/>\n<strong>\u2013 Record de participation :<br \/>\n<\/strong>386 inscrits en 2019.<br \/>\n<strong>\u2013 Inscriptions en ligne sur le site Web du Trail de la Michaille :<br \/>\n<\/strong><a href=\"http:\/\/courses.free.fr\/div\/inscr1.php?a=trailmichaille\">http:\/\/courses.free.fr\/div\/inscr1.php?a=trailmichaille<\/a><br \/>\n<span style=\"color: #ffffff;\">.<\/span><br \/>\n<span style=\"color: #ffffff;\">.<\/span><br \/>\n<strong>SAMEDI 4 ET DIMANCHE 5 JUIN : LE 3EME TRAIL DE LA VALSERINE (AIN)<\/strong><\/p>\n<p><strong>\u2013 Lieu de d\u00e9part et d\u2019arriv\u00e9e :<br \/>\n<\/strong>Commune de Champfromier, camping des G\u00e9orennes.<br \/>\n<strong>\u2013 3 boucles classantes :<\/strong><br \/>\nSeules les 3 premi\u00e8res boucles, sur un total de 8, comptent pour le challenge :<br \/>\n* Boucle 1, La Trouillette, 12 km pour 520 m de d\u00e9nivel\u00e9.<br \/>\n* Boucle 2, Au Fil de la Valserine : 14,4 km pour 620 m de d\u00e9nivel\u00e9.<br \/>\n* Boucle 3, Les Avalanches : 18,7 km pour 800 m de d\u00e9nivel\u00e9.<br \/>\nSoit au final : 45,1 km pour 1940 m de d\u00e9nivel\u00e9.<br \/>\nEn revanche, les 5 derni\u00e8res boucles, sur un total de 8, ne comptent pas pour le challenge :<br \/>\n* Boucle 4, Le Pont du Dragon : 8,3 km pour 420 m de d\u00e9nivel\u00e9.<br \/>\n* Boucle 5, La Namph\u00e9e-Montanges : 13,3 km pour 510 m de d\u00e9nivel\u00e9.<br \/>\n* Boucle 6, Petit Tour \u00e0 Fay : 13,8 km pour 580 m de d\u00e9nivel\u00e9.<br \/>\n* Boucle 7, Autour du Cruchon : 10,3 km pour 420 m de d\u00e9nivel\u00e9.<br \/>\n* Boucle 8, Autour du Cruchon : 11,4 km pour 550 m de d\u00e9nivel\u00e9.<br \/>\nSoit au final : 102,2 km pour 4420 m de d\u00e9nivel\u00e9.<br \/>\nHoraire de d\u00e9part : 8 h 00 le samedi 4 juin.<br \/>\n<strong>\u2013 Organisation :<\/strong><br \/>\nClub Athl\u00e9tique du Bassin Bellegardien, pr\u00e9sid\u00e9 par Guillaume le Grand.<br \/>\n<strong>\u2013 Directeur de course :<\/strong><br \/>\nGuillaume le Grand.<br \/>\n<strong>\u2013 Page Facebook du Trail de la Valserine :<\/strong><strong style=\"font-size: 0.95em;\"><br \/>\n<\/strong><a href=\"https:\/\/www.facebook.com\/traildelavalserine\/\">https:\/\/www.facebook.com\/traildelavalserine\/<\/a><br \/>\n<strong>\u2013 Site Web du Trail de la Valserine :<br \/>\n<\/strong><a href=\"https:\/\/www.letraildelavalserine.com\/\">https:\/\/www.letraildelavalserine.com\/<\/a><strong><br \/>\n\u2013 E-mail du Club Athl\u00e9tique du Bassin Bellegardien :<br \/>\n<\/strong><a href=\"mailto:cabb.01200@gmail.com\">cabb.01200@gmail.com<\/a><br \/>\n<strong>\u2013 E-mail du site Web du Trail de la Valserine :<\/strong><br \/>\n<a href=\"https:\/\/www.letraildelavalserine.com\/contact\">https:\/\/www.letraildelavalserine.com\/contact<\/a><br \/>\n<strong>\u2013 Participation maximale autoris\u00e9e :<br \/>\n<\/strong>500 inscrits.<br \/>\n<strong>\u2013 Participation sur la derni\u00e8re \u00e9dition en 2018 :<br \/>\n<\/strong>463 inscrits.<br \/>\n<strong>\u2013 Record de participation :<br \/>\n<\/strong>463\u00a0inscrits en 2018.<br \/>\n<strong>\u2013 Inscriptions en ligne sur le site Web L-Chrono :<br \/>\n<\/strong><a href=\"https:\/\/inscriptions-l-chrono.com\/traildelavalserine2022\/select_competition\">https:\/\/inscriptions-l-chrono.com\/traildelavalserine2022\/select_competition<\/a><br \/>\n<span style=\"color: #ffffff;\">.<\/span><br \/>\n<span style=\"color: #ffffff;\">.<\/span><br \/>\n<strong>DIMANCHE 10 JUILLET : LE 1ER TRAIL DE LA BICHE (AIN)<\/strong><\/p>\n<p><strong>\u2013 Lieu de d\u00e9part et d\u2019arriv\u00e9e :<\/strong><br \/>\nCommune de Giron.<br \/>\n<strong>\u2013 2 parcours classants :<\/strong><br \/>\n* Trail de la Biche : 26 km pour 1000 m de d\u00e9nivel\u00e9. Horaire de d\u00e9part : 9 h 00.<br \/>\n* Trail du Faon : 12 km pour 300 m de d\u00e9nivel\u00e9. Horaire de d\u00e9part : 9 h 30.<br \/>\n<strong>\u2013 Organisation :<\/strong><br \/>\nUnion Sportive Gironnaise, pr\u00e9sid\u00e9e par Denis Albano.<br \/>\n<strong>\u2013 Directeur de course :<br \/>\n<\/strong>Quentin Blanc.<strong><br \/>\n\u2013 Page Facebook Ev\u00e8nement du Trail de la Biche :<br \/>\n<\/strong><a href=\"https:\/\/www.facebook.com\/events\/715111432867836\">https:\/\/www.facebook.com\/events\/715111432867836<\/a><br \/>\n<strong>\u2013 Site Web du Trail de la Biche :<br \/>\n<\/strong><a href=\"http:\/\/www.trail-de-la-biche.fr\/\">http:\/\/www.trail-de-la-biche.fr\/<\/a><br \/>\n<strong>\u2013 E-mail de l\u2019Union Sportive Gironnaise :<br \/>\n<\/strong><a href=\"mailto:cfsgsr74@gmail.com\">usgiron@gmail.com<\/a><br \/>\n<strong>\u2013 T\u00e9l\u00e9phone de Quentin Blanc :<\/strong><br \/>\n06-43-06-25-44.<br \/>\n<strong>\u2013 Participation maximale autoris\u00e9e :<br \/>\n<\/strong>Illimit\u00e9e.<br \/>\n<strong>\u2013 Participation sur la derni\u00e8re \u00e9dition en 2011 :<br \/>\n<\/strong>58 inscrits sur le Cross-Trail de la Biche.<br \/>\n<strong>\u2013 Record de participation :<br \/>\n<\/strong>104 partants en 2005 sur le Cross de la Biche.<br \/>\n<strong>\u2013 Inscriptions en ligne sur le site Web L-Chrono :<\/strong><br \/>\n<a href=\"https:\/\/inscriptions-l-chrono.com\/traildelabiche2022\/select_competition\">https:\/\/inscriptions-l-chrono.com\/traildelabiche2022\/select_competition<\/a><br \/>\n<span style=\"color: #ffffff;\">.<\/span><br \/>\n<span style=\"color: #ffffff;\">.<\/span><br \/>\n<strong>SAMEDI 17 SEPTEMBRE : LES 9EMES PRINCES EN FOULEES (HAUTE-SAVOIE)<br \/>\n<span style=\"color: #ff0000;\">Ev\u00e8nement annul\u00e9 !<\/span><br \/>\n<\/strong><\/p>\n<p><strong>\u2013 Lieu de d\u00e9part et d\u2019arriv\u00e9e :<\/strong><br \/>\nCommune de Seyssel (Haute-Savoie), maison de pays.<br \/>\n<strong>3 parcours classants<\/strong>\u00a0<strong>:<\/strong><br \/>\n* Le Trail Les Princes : 27 km pour 1700 m de d\u00e9nivel\u00e9 (pr\u00e9cis\u00e9ment 27,5 km pour 1700 m de d\u00e9nivel\u00e9). Horaire de d\u00e9part : 8 h 30.<br \/>\n* Le Trail La Traboule : 17 km pour 930 m de d\u00e9nivel\u00e9 (pr\u00e9cis\u00e9ment 16,9 km pour 921 m de d\u00e9nivel\u00e9). Horaire de d\u00e9part : 9 h 45.<br \/>\n* Le Trail La Seysselande : 11 km pour 490 m de d\u00e9nivel\u00e9 (pr\u00e9cis\u00e9ment 11,4 km pour 485 m de d\u00e9nivel\u00e9). Horaire de d\u00e9part : 10 h 30.<br \/>\n<strong>\u2013 Organisation :<\/strong><br \/>\nSeyssel Court pour Offrir, pr\u00e9sid\u00e9 par Josefa Dekens.<br \/>\n<strong>\u2013 Directrice de course :<br \/>\nJosefa Dekens<\/strong>.<strong><br \/>\n\u2013 Page Facebook des Princes en Foul\u00e9es \u2013 Seyssel Court Pour Offrir :<\/strong><br \/>\n<a href=\"https:\/\/www.facebook.com\/Les-Princes-en-Foul%C3%A9es-Seyssel-Court-pour-Offrir-147444978762395\/\">https:\/\/www.facebook.com\/Les-Princes-en-Foul%C3%A9es-Seyssel-Court-pour-Offrir-147444978762395\/<\/a><br \/>\n<strong>\u2013 Site Web des Princes en Foul\u00e9es \u2013 Seyssel Court Pour Offrir :<br \/>\n<\/strong><a href=\"https:\/\/lesprincesenfoulees.com\/\">https:\/\/lesprincesenfoulees.com\/<\/a><br \/>\n<strong>\u2013 E-mail des Princes en Foul\u00e9es :<\/strong><br \/>\n<a href=\"https:\/\/www.seysselcourtpouroffrir.fr\/nous-contacter\/\">princesenfoulees@gmail.com<\/a><br \/>\n<strong>\u2013 Participation maximale autoris\u00e9e :<br \/>\n<\/strong>900 inscrits, \u00e0 raison de 300 inscrits sur chacun des trois parcours.<strong><br \/>\n\u2013 Participation sur la derni\u00e8re \u00e9dition en 2019 :<br \/>\n<\/strong>465\u00a0inscrits.<br \/>\n<strong>\u2013 Record de participation :<br \/>\n<\/strong>584 inscrits en 2018.<br \/>\n<strong>\u2013 Inscriptions en ligne sur le site Web L-Chrono :<\/strong><br \/>\n<a href=\"https:\/\/inscriptions-l-chrono.com\/lesprincesenfoulees2022\/select_competition\">https:\/\/inscriptions-l-chrono.com\/lesprincesenfoulees2022\/select_competition<\/a><br \/>\n<span style=\"color: #ffffff;\">.<\/span><br \/>\n<span style=\"color: #ffffff;\">.<\/span><strong style=\"font-size: 0.95em;\"><br \/>\n<\/strong><strong>DIMANCHE 25 SEPTEMBRE : LE 9EME TRAIL DE MUSIEGES (HAUTE-SAVOIE)<br \/>\n<span style=\"color: #ff0000;\">Ev\u00e8nement annul\u00e9 !<\/span><\/strong><\/p>\n<p><strong>\u2013 Lieu de d\u00e9part et d\u2019arriv\u00e9e\u00a0:<br \/>\n<\/strong>Commune de Musi\u00e8ges, place de l\u2019Eglise.<br \/>\n<strong>\u2013 2 parcours classants\u00a0:<\/strong><br \/>\n* Le Trail Court du Val des Usses : 24,4 km pour 1268 m de d\u00e9nivel\u00e9. Horaire de d\u00e9part : 9 h 00.<br \/>\n* Le Trail D\u00e9couverte du Mont de Musi\u00e8ges : 11,2 km pour 587 m de d\u00e9nivel\u00e9. Horaire de d\u00e9part : 9 h 15.<br \/>\n<strong>\u2013 Organisation :<\/strong><br \/>\nMusi\u00e8ges Animations, pr\u00e9sid\u00e9 par\u00a0Dan Andric.<br \/>\n<strong>\u2013 Directeur de course :<br \/>\n<\/strong>R\u00e9mi Becque, vice-pr\u00e9sident de Musi\u00e8ges Animations.<br \/>\n<strong>\u2013 Page Facebook de Musi\u00e8ges Animations :<\/strong><br \/>\n<a href=\"https:\/\/www.facebook.com\/musiegesanimations\/\">https:\/\/www.facebook.com\/musiegesanimations\/<\/a><br \/>\n<strong>\u2013 Site Web de Musi\u00e8ges Animations :<\/strong><br \/>\n<a href=\"http:\/\/www.musiegesanimations.fr\/\">http:\/\/www.musiegesanimations.fr\/<\/a><strong><br \/>\n\u2013 E-mail de Musi\u00e8ges Animations :<\/strong><br \/>\n<a href=\"mailto:musiegesanimations@gmail.com\">musiegesanimations@gmail.com<\/a><br \/>\n<strong>\u2013 T\u00e9l\u00e9phone\u00a0de Dan Andric :<\/strong><br \/>\n06-86-24-88-57.<br \/>\n<strong>\u2013 T\u00e9l\u00e9phone\u00a0de R\u00e9mi Becque\u00a0:<\/strong><br \/>\n06-77-69-92-24.<br \/>\n<strong>\u2013 Participation maximale autoris\u00e9e :<br \/>\n<\/strong>300 inscrits.<br \/>\n<strong>\u2013 Participation sur la derni\u00e8re \u00e9dition en 2019 :<br \/>\n<\/strong>301 inscrits.<br \/>\n<strong>\u2013 Record de participation :<br \/>\n<\/strong>309 inscrits en 2018.<br \/>\n<strong>\u2013 Inscriptions en ligne sur le site Web L-Chrono :<\/strong><br \/>\nPas encore ouvertes.<br \/>\n<span style=\"color: #ffffff;\"><strong>.<\/strong><\/span><br \/>\n<span style=\"color: #ffffff;\">.<\/span><br \/>\n<strong>DIMANCHE 16 OCTOBRE : LE 14EME DEFI DE FORT-L\u2019ECLUSE (AIN)<\/strong><\/p>\n<p><strong>\u2013 Lieu de d\u00e9part et d\u2019arriv\u00e9e\u00a0:<\/strong><br \/>\nCommune de L\u00e9az, entre la mairie et l\u2019\u00e9glise Saint-Amand, rue du Jura.<br \/>\n<strong>\u2013 1 parcours classant :<\/strong><br \/>\n19 km pour 930 m de d\u00e9nivel\u00e9 (pr\u00e9cis\u00e9ment 19,1 km pour 925 m de d\u00e9nivel\u00e9 positif et 927 m de d\u00e9nivel\u00e9 n\u00e9gatif). Horaire de d\u00e9part : 10 h 00.<br \/>\n<strong>\u2013 Organisation :<\/strong><br \/>\nClub Athl\u00e9tique du Bassin Bellegardien, pr\u00e9sid\u00e9 par Guillaume le Grand.<br \/>\n<strong>\u2013 Directeur de course :<br \/>\n<\/strong>Guillaume le Grand.<br \/>\n<strong>\u2013 Page Facebook du D\u00e9fi de Fort-l\u2019Ecluse :<\/strong><br \/>\n<a href=\"https:\/\/www.facebook.com\/defifortlecluse\/\">https:\/\/www.facebook.com\/defifortlecluse\/<\/a><br \/>\n<strong>\u2013 Site Web du D\u00e9fi de Fort-l\u2019Ecluse :<br \/>\n<\/strong><a href=\"https:\/\/www.defidefortlecluse.com\/\">https:\/\/www.defidefortlecluse.com\/<\/a><br \/>\n<strong>\u2013 E-mail du Club Athl\u00e9tique du Bassin Bellegardien :<br \/>\n<\/strong><a href=\"mailto:cabb.01200@gmail.com\">cabb.01200@gmail.com<\/a><strong><br \/>\n<\/strong><strong>\u2013 E-mail du site Web du D\u00e9fi de Fort-l\u2019Ecluse :<br \/>\n<\/strong><a href=\"https:\/\/www.defidefortlecluse.com\/contact\">https:\/\/www.defidefortlecluse.com\/contact<\/a><br \/>\n<strong>\u2013 Participation maximale autoris\u00e9e :<br \/>\n<\/strong>500 inscrits.<br \/>\n<strong>\u2013 Participation sur la derni\u00e8re \u00e9dition en 2019 :<br \/>\n<\/strong>414 inscrits.<br \/>\n<strong>\u2013 Record de participation :<br \/>\n<\/strong>495 inscrits en 2017, 32 trailers restant par ailleurs sur le carreau pour avoir exc\u00e9d\u00e9 le quota de participation, fix\u00e9 \u00e0 500 engag\u00e9s.<br \/>\n<strong>\u2013 Inscriptions en ligne sur le site Web L-Chrono :<\/strong><br \/>\n<a href=\"https:\/\/inscriptions-l-chrono.com\/defidefortlecluse2022\/select_competition\">https:\/\/inscriptions-l-chrono.com\/defidefortlecluse2022\/select_competition<\/a><br \/>\n<span style=\"color: #ffffff;\">.<\/span><br \/>\n<span style=\"color: #ffffff;\">.<\/span><strong style=\"font-size: 0.95em;\"><br \/>\n<\/strong><strong>DIMANCHE 30 OCTOBRE : LE 34EME TRAIL DE LA SEMINE (HAUTE-SAVOIE)<\/strong><\/p>\n<p><strong>Lieu de d\u00e9part et d\u2019arriv\u00e9e\u00a0:<br \/>\n<\/strong>Commune de Saint-Germain-sur-Rh\u00f4ne, Beaumont, salle des f\u00eates.<br \/>\n<strong>\u2013 2 parcours classants :<\/strong><br \/>\n* Le Trail de la Semine : 19,6 km pour 586 m de d\u00e9nivel\u00e9 (pr\u00e9cis\u00e9ment 19,476 km pour 586 m de d\u00e9nivel\u00e9). Horaire de d\u00e9part : 9 h 15.<br \/>\n* Le Cross de la Semine : 12,3 km pour 309 m de d\u00e9nivel\u00e9 (pr\u00e9cis\u00e9ment 12,012 km pour 309 m de d\u00e9nivel\u00e9). Horaire de d\u00e9part : 9 h 25.<br \/>\n<strong>\u2013 Organisation :<br \/>\n<\/strong>Comit\u00e9 des F\u00eates de Saint-Germain-sur-Rh\u00f4ne, pr\u00e9sid\u00e9 par Charlotte Demir.<br \/>\n<strong>\u2013 Directeur de course :<br \/>\n<\/strong>Philippe Guichard.<strong><br \/>\n\u2013 Page Facebook du Trail de la Semine :<br \/>\n<\/strong><a href=\"https:\/\/www.facebook.com\/crosssemine\/?fref=ts\" target=\"_blank\" rel=\"noopener noreferrer\">https:\/\/www.facebook.com\/crosssemine\/?fref=ts<\/a><br \/>\n<strong>\u2013 Site Web du Trail de la Semine :<\/strong><br \/>\n<a href=\"http:\/\/st-germain-sur-rhone-comite.e-monsite.com\/\" target=\"_blank\" rel=\"noopener noreferrer\">http:\/\/st-germain-sur-rhone-comite.e-monsite.com\/<\/a><br \/>\n<strong>\u2013 E-mail du Comit\u00e9 des F\u00eates de Saint-Germain-sur-Rh\u00f4ne :<\/strong><br \/>\n<a href=\"mailto:comitedesfetes74910@gmail.com\">comitedesfetes74910@gmail.com<\/a><br \/>\n<strong>\u2013 T\u00e9l\u00e9phone\u00a0de Philippe Guichard\u00a0:<\/strong><br \/>\n06-75-17-23-60.<br \/>\n<strong>\u2013 T\u00e9l\u00e9phone\u00a0de Jean-Fran\u00e7ois Cattin :<br \/>\n<\/strong>06-85-74-37-61.<br \/>\n<strong>\u2013 Participation maximale autoris\u00e9e :<br \/>\n<\/strong>400 inscrits.<br \/>\n<strong>\u2013 Participation sur la derni\u00e8re \u00e9dition en 2019 :<br \/>\n<\/strong>252\u00a0inscrits.<br \/>\n<strong>\u2013 Record de participation :<br \/>\n<\/strong>252\u00a0inscrits en 2019.<br \/>\n<strong>\u2013 Inscriptions en ligne sur le site Web L-Chrono :<\/strong><br \/>\n<a href=\"https:\/\/inscriptions-l-chrono.com\/traildelasemine2022\/select_competition\">https:\/\/inscriptions-l-chrono.com\/traildelasemine2022\/select_competition<\/a><br \/>\n<span style=\"color: #ffffff;\">.<\/span><br \/>\n<span style=\"color: #ffffff;\">.<\/span><br \/>\n<span style=\"color: #ffffff;\">.<\/span><br \/>\n<span style=\"color: #ffffff;\">.<\/span><strong><br \/>\nLE REGLEMENT :<br \/>\n<\/strong><span style=\"color: #ffffff;\">.<\/span><br \/>\n<span style=\"color: #ffffff;\">.<\/span><strong style=\"font-size: 0.95em;\"><br \/>\n<\/strong><strong>\u2013 2 classements scratch :<\/strong><\/p>\n<p>1 classement scratch hommes.<br \/>\n1 classement scratch femmes.<br \/>\n<span style=\"color: #ffffff;\">.<\/span><br \/>\n<span style=\"color: #ffffff;\">.<\/span><strong><br \/>\n<\/strong><strong>\u2013 2 coefficients :<\/strong><\/p>\n<p><strong>Trail de la Michaille, dimanche 27 mars :<\/strong><br \/>\n* 22 km : coefficient 1,2.<br \/>\n* 12 km : coefficient 1.<\/p>\n<p><strong>Trail de la Valserine, samedi 4 et dimanche 5 juin :<\/strong><br \/>\n* 45 km, co\u00efncidant avec les trois premi\u00e8res boucles : coefficient 1,2.<\/p>\n<p><strong>Trail de la Biche, dimanche 10 juillet :<\/strong><br \/>\n* 26 km : coefficient 1,2.<br \/>\n* 12 km : coefficient 1.<\/p>\n<p><strong>Princes en Foul\u00e9es, samedi 17 septembre :<br \/>\n<span style=\"color: #ff0000;\">Ev\u00e8nement annul\u00e9 !<\/span><\/strong><br \/>\n* 27 km : coefficient 1,2.<br \/>\n* 17 km : coefficient 1.<br \/>\n* 12 km : coefficient 0,8.<\/p>\n<p><strong>Trail de Musi\u00e8ges, dimanche 25 septembre :<br \/>\n<span style=\"color: #ff0000;\">Ev\u00e8nement annul\u00e9 !<\/span><\/strong><br \/>\n* 24,4 km : coefficient 1,2.<br \/>\n* 11,2 km : coefficient 1.<\/p>\n<p><strong>D\u00e9fi de Fort-l\u2019Ecluse, dimanche 16 octobre :<\/strong><br \/>\n* 19 km : coefficient 1,2.<\/p>\n<p><strong>Trail de la Semine, dimanche 30 octobre :<\/strong><br \/>\n* 19,6 km : coefficient 1,2.<br \/>\n* 12,3 km : coefficient 1.<br \/>\n<span style=\"color: #ffffff;\">.<\/span><br \/>\n<span style=\"color: #ffffff;\">.<\/span><strong><br \/>\n<\/strong><strong>\u2013 R\u00e9partition des points :<\/strong><\/p>\n<p>1er : 400 points.<br \/>\n2\u00e8me : 380 points :<br \/>\n3\u00e8me : 360 points .<br \/>\n4\u00e8me : 340 points.<br \/>\n5\u00e8me : 335 points.<br \/>\n6\u00e8me : 330 points.<br \/>\n7\u00e8me : 325 points.<br \/>\n8\u00e8me : 320 points.<br \/>\n9\u00e8me : 315 points.<br \/>\n10\u00e8me : 310 points.<br \/>\n11\u00e8me : 300 points.<br \/>\nDu 12\u00e8me au dernier class\u00e9 : on retranche 1 point par place.<\/p>\n<p>La r\u00e9partition des points s\u2019effectue de la m\u00eame fa\u00e7on :<br \/>\n\u2013 Pour les hommes et pour les femmes.<br \/>\n\u2013 Pour chacune des 5 courses.<br \/>\nEn cas d\u2019\u00e9galit\u00e9 finale, les athl\u00e8tes sont d\u00e9partag\u00e9s selon 3 crit\u00e8res :<br \/>\n\u2013 1er crit\u00e8re : la meilleure place sur une course.<br \/>\n\u2013 2\u00e8me crit\u00e8re : la meilleure 2\u00e8me place sur une course.<br \/>\n\u2013 3\u00e8me crit\u00e8re : la meilleure 3\u00e8me place sur une course.<br \/>\n<span style=\"color: #ffffff;\">.<\/span><br \/>\n<span style=\"color: #ffffff;\">.<\/span><strong><br \/>\n<\/strong><strong>\u2013 Nombre de courses retenues :\u00a0<\/strong><\/p>\n<p>Les<strong> 8 \u00e9preuves qui \u00e9manent des 5 \u00e9v\u00e8nements au menu<\/strong>\u00a0sont comptabilis\u00e9es dans les classements finaux hommes et femmes.<\/p>\n<p>Sont class\u00e9s tous les hommes et toutes les femmes ayant boucl\u00e9 <strong>au moins 4 \u00e9preuves sur les 5 programm\u00e9es<\/strong>.<br \/>\n<span style=\"color: #ffffff;\">.<\/span><br \/>\n<span style=\"color: #ffffff;\">.<\/span><br \/>\n<span style=\"color: #ffffff;\">.<\/span><br \/>\n<span style=\"color: #ffffff;\">.<\/span><strong><br \/>\nLES RECOMPENSES :<\/strong><\/p>\n<p>Sous la houlette de<strong> Musi\u00e8ges Animations<\/strong>, la remise des prix aura lieu le <strong><span style=\"color: #ff0000;\">vendredi 3 f\u00e9vrier 2023<\/span> <span style=\"color: #ff0000;\">\u00e0 19 h 00<\/span><\/strong> dans la <strong><span style=\"color: #ff0000;\">salle des f\u00eates de Musi\u00e8ges<\/span><\/strong>.<\/p>\n<p>Les r\u00e9compenses seront attribu\u00e9es aux coureurs suivants :<\/p>\n<p><strong>\u2013 Les 5 premiers hommes au scratch :<\/strong>\u00a02 lots, une coupe et une m\u00e9daille.<br \/>\n<strong>\u2013 Les 5 premi\u00e8res femmes au scratch :<\/strong>\u00a02 lots, une coupe, une m\u00e9daille et 1 bouquet de fleurs.<\/p>\n<p><strong>\u2013 Le 1er homme de chaque cat\u00e9gorie d\u2019\u00e2ge<\/strong>, \u00e0 condition qu\u2019il ne co\u00efncide pas avec les 5 premiers hommes au scratch : 2 lots et une m\u00e9daille.<br \/>\n<strong>\u2013 La 1\u00e8re femme de chaque cat\u00e9gorie d\u2019\u00e2ge<\/strong>, \u00e0 condition qu\u2019elle ne co\u00efncide pas avec les 5 premi\u00e8res femmes au scratch : 2 lots, une m\u00e9daille et 1 bouquet de fleurs.<\/p>\n<p><strong>\u2013 Les hommes class\u00e9s \u00e0 partir de la 6\u00e8me place au scratch :<\/strong>\u00a01 lot et une m\u00e9daille.<br \/>\n<strong>\u2013 Les femmes class\u00e9es \u00e0 partir de la 6\u00e8me place au scratch :<\/strong> 1 lot, une m\u00e9daille et 1 bouquet de fleurs.<br \/>\n<span style=\"color: #ffffff;\">.<\/span><br \/>\n<span style=\"color: #ffffff;\">.<\/span><br \/>\n<span style=\"color: #ffffff;\">.<\/span><br \/>\n<span style=\"color: #ffffff;\">.<\/span><strong><br \/>\nPALMARES DEPUIS 2015 :<br \/>\n<\/strong><span style=\"color: #ffffff;\">.<\/span><br \/>\n<span style=\"color: #ffffff;\">.<\/span><strong style=\"font-size: 0.95em;\"><br \/>\n<\/strong><strong>1\u00e8re \u00e9dition, 2015 :<\/strong><\/p>\n<p><strong>Nombre de class\u00e9s hommes et femmes :<br \/>\n<\/strong>\u2013 Sur au moins 3 des 5 manches propos\u00e9es : 16, soit 12 hommes et 4 femmes.<br \/>\n\u2013 Sur les 5 manches propos\u00e9es : 2 hommes.<br \/>\n\u2013 Sur 4 des 5 manches propos\u00e9es : 3, soit 2 hommes et une femme.<br \/>\n\u2013 Sur 3 des 5 manches propos\u00e9es : 11, soit 8 hommes et 3 femmes.<\/p>\n<p><strong>Hommes<\/strong>\u00a0(12 class\u00e9s) :<br \/>\n\u2013 1er (1er senior) :\u00a0<strong>S\u00e9bastien Buet<\/strong>\u00a0(Athl\u00e9 Saint-Julien 74 \/ Brasserie La Gabelle \/ Terres d\u2019Horizons), 1466 points pour 4 manches disput\u00e9es.<br \/>\n\u2013 2\u00e8me (2\u00e8me senior) :\u00a0<strong>Quentin Michaud<\/strong>\u00a0(Saint-Genis-Pouilly), 1184 points pour 5 manches disput\u00e9es.<br \/>\n\u2013 3\u00e8me (1er V1) :\u00a0<strong>Eric Dumonteil<\/strong>\u00a0(Ski Club de Bellegarde), 1049 points pour 3 manches disput\u00e9es.<br \/>\n\u2013 R\u00e9sultats complets sur le site Web\u00a0<strong>L-Chrono<\/strong>\u00a0:<br \/>\n<a href=\"http:\/\/www.l-chrono.com\/resultats2015\/challenge_haut_rhone_m.pdf\">http:\/\/www.l-chrono.com\/resultats2015\/challenge_haut_rhone_m.pdf<\/a><\/p>\n<p><strong>Femmes\u00a0<\/strong>(4 class\u00e9es) :<strong><br \/>\n<\/strong>\u2013 1\u00e8re (1\u00e8re V1) :\u00a0<strong>Nad\u00e8ge Vignand<\/strong>\u00a0(ASPTT Annecy Athl\u00e9tisme), 1360 points pour 3 manches disput\u00e9es.<br \/>\n\u2013 2\u00e8me (2\u00e8me V1) :\u00a0<strong>Sylvie Chatenoud<\/strong>\u00a0(Frangy), 1236 points pour 3 manches disput\u00e9es.<br \/>\n\u2013 3\u00e8me (1\u00e8re senior) :<strong>\u00a0Lucie Bricourt\u00a0<\/strong>(Seyssel (Ain)), 1158 points pour 4 manches disput\u00e9es.<br \/>\n\u2013 R\u00e9sultats complets sur le site Web\u00a0<strong>L-Chrono<\/strong>\u00a0:<br \/>\n<a href=\"http:\/\/www.l-chrono.com\/resultats2015\/challenge_haut_rhone_f.pdf\">http:\/\/www.l-chrono.com\/resultats2015\/challenge_haut_rhone_f.pdf<\/a><br \/>\n<span style=\"color: #ffffff;\">.<\/span><br \/>\n<span style=\"color: #ffffff;\">.<\/span><strong><br \/>\n2\u00e8me \u00e9dition, 2016 :<\/strong><\/p>\n<p><strong>Nombre de class\u00e9s hommes et femmes :<br \/>\n<\/strong>\u2013 Sur au moins 4 des 6 manches propos\u00e9es : 18, soit 13 hommes et 5 femmes.<br \/>\n\u2013 Sur les 6 manches propos\u00e9es : 5, soit 3 hommes et 2 femmes.<br \/>\n\u2013 Sur 5 des 6 manches propos\u00e9es : 3, soit 1 homme et 2 femmes.<br \/>\n\u2013 Sur 4 des 6 manches propos\u00e9es : 10, soit 9 hommes et une femme.<\/p>\n<p><strong>Hommes<\/strong>\u00a0(13 class\u00e9s) :<br \/>\n\u2013 1er (1er senior) :\u00a0<strong>Marc Clermidy<\/strong>\u00a0(WGTN The Crew \/ Jogg\u2019Attitude), 1466 points pour 6 manches disput\u00e9es.<br \/>\n\u2013 2\u00e8me (2\u00e8me senior) :\u00a0<strong>Mathias Girel<\/strong>\u00a0(Montanges), 1184 points pour 6 manches disput\u00e9es.<br \/>\n\u2013 3\u00e8me (3\u00e8me senior) :\u00a0<strong>Damien Rollot<\/strong>\u00a0(Les Princes en Foul\u00e9es), 1049 points pour 6 manches disput\u00e9es.<br \/>\n\u2013 R\u00e9sultats complets sur le site Web\u00a0<strong>L-Chrono<\/strong>\u00a0:<br \/>\n<a href=\"https:\/\/www.l-chrono.com\/resultats2016\/challenge_du_haut_rhone_m.pdf\">https:\/\/www.l-chrono.com\/resultats2016\/challenge_du_haut_rhone_m.pdf<\/a><\/p>\n<p><strong>Femmes\u00a0<\/strong>(5 class\u00e9es) :<strong><br \/>\n<\/strong>\u2013 1\u00e8re (1\u00e8re senior) :\u00a0<strong>Ang\u00e9line Girel<\/strong>\u00a0(Montanges), 1360 points pour 6 manches disput\u00e9es.<br \/>\n\u2013 2\u00e8me (2\u00e8me senior) : la Canadienne<strong>\u00a0Lyne Rodriguez<\/strong>\u00a0(Athl\u00e9tique Sport Aixois Culoz), 1236 points pour 6 manches disput\u00e9es.<br \/>\n\u2013 3\u00e8me (1\u00e8re M1) :<strong>\u00a0Lucie Massard\u00a0<\/strong>(Ain-Est Athl\u00e9tisme Saint-Genis), 1158 points pour 5 manches disput\u00e9es.<br \/>\n\u2013 R\u00e9sultats complets sur le site Web\u00a0<strong>L-Chrono<\/strong>\u00a0:<br \/>\n<a href=\"http:\/\/www.l-chrono.com\/resultats2016\/challenge_du_haut_rhone_f\">http:\/\/www.l-chrono.com\/resultats2016\/challenge_du_haut_rhone_f<\/a><br \/>\n<span style=\"color: #ffffff;\">.<\/span><br \/>\n<span style=\"color: #ffffff;\">.<\/span><strong><br \/>\n<\/strong><strong>3\u00e8me \u00e9dition, 2017 :<\/strong><\/p>\n<p><strong>Nombre de class\u00e9s hommes et femmes :<br \/>\n<\/strong>\u2013 Sur au moins 4 des 8 manches propos\u00e9es : 32 dont 28 hommes et 4 femmes.<br \/>\n\u2013 Sur les 8 manches propos\u00e9es : 2 hommes.<br \/>\n\u2013 Sur 7 des 8 manches propos\u00e9es : 4 dont 3 hommes et une femme.<br \/>\n\u2013 Sur 6 des 8 manches propos\u00e9es : 3 hommes.<br \/>\n\u2013 Sur 5 des 8 manches propos\u00e9es : 8 hommes.<br \/>\n\u2013 Sur 4 des 8 manches propos\u00e9es : 15 dont 12 hommes et 3 femmes.<\/p>\n<p><strong>Hommes<\/strong>\u00a0(28 class\u00e9s) :<br \/>\n\u2013 1er (1er senior) : le Suisse\u00a0<strong>Simon Senn<\/strong>\u00a0(Club Athl\u00e9tique du Bassin Bellegardien), 3160 points pour 7 manches disput\u00e9es.<br \/>\n\u2013 2\u00e8me (2\u00e8me senior) :\u00a0<strong>C\u00e9dric Delachenal\u00a0<\/strong>(Club Athl\u00e9tique du Bassin Bellegardien), 2724,4 points pour 8 manches disput\u00e9es.<br \/>\n\u2013 3\u00e8me (3\u00e8me senior) :\u00a0<strong>Adrien Thuill\u00e9<\/strong>\u00a0(Ain-Est Athl\u00e9tisme), 2596,8 points pour 7 manches disput\u00e9es.<br \/>\n\u2013 R\u00e9sultats complets sur le site Web\u00a0<strong>L-Chrono<\/strong>\u00a0:<br \/>\n<a href=\"https:\/\/www.l-chrono.com\/resultats2017\/challenge_du_haut_rhone_hommes.pdf\">https:\/\/www.l-chrono.com\/resultats2017\/challenge_du_haut_rhone_hommes.pdf<\/a><\/p>\n<p><strong>Femmes\u00a0<\/strong>(4 class\u00e9es) :<strong><br \/>\n<\/strong>\u2013 1\u00e8re (1\u00e8re M1) :\u00a0<strong>Nad\u00e8ge Vignand<\/strong>\u00a0(ASPTT Annecy Athl\u00e9tisme), 3116 points pour 7 manches disput\u00e9es.<br \/>\n\u2013 2\u00e8me (2\u00e8me M1) :<strong>\u00a0Sylvie Chatenoud<\/strong>\u00a0(Frangy), 1501,2 points pour 4 manches disput\u00e9es.<br \/>\n\u2013 3\u00e8me (1\u00e8re senior) :<strong>\u00a0Alice Chaboud\u00a0<\/strong>(Trispiridon Oyonnax), 1480,8 points pour 4 manches disput\u00e9es.<br \/>\n\u2013 R\u00e9sultats complets sur le site Web\u00a0<strong>L-Chrono<\/strong>\u00a0:<br \/>\n<a href=\"https:\/\/www.l-chrono.com\/resultats2017\/challenge_du_haut_rhone_femmes.pdf\">https:\/\/www.l-chrono.com\/resultats2017\/challenge_du_haut_rhone_femmes.pdf<\/a><br \/>\n<span style=\"color: #ffffff;\">.<\/span><br \/>\n<span style=\"color: #ffffff;\">.<\/span><br \/>\n<strong>4\u00e8me \u00e9dition, 2018 :<\/strong><\/p>\n<p><strong>Nombre de class\u00e9s hommes et femmes :<br \/>\n<\/strong>\u2013 Sur au moins 5 des 8 manches propos\u00e9es :\u00a026 dont 22 hommes et 4 femmes.<br \/>\n\u2013 Sur les 8 manches propos\u00e9es : 1 homme.<br \/>\n\u2013 Sur 7 des 8 manches propos\u00e9es : 7 dont 5 hommes et 2 femmes.<br \/>\n\u2013 Sur 6 des 8 manches propos\u00e9es : 9 hommes.<br \/>\n\u2013 Sur 5 des 8 manches propos\u00e9es : 9 dont 8 hommes et une femme.<\/p>\n<p><strong>Hommes<\/strong>\u00a0(22 class\u00e9s) :<br \/>\n\u2013 1er (1er senior) : le Suisse\u00a0<strong>Simon Senn<\/strong>\u00a0(Club Athl\u00e9tique du Bassin Bellegardien), 2696 points pour 6 manches disput\u00e9es.<br \/>\n\u2013 2\u00e8me (1er M1) :\u00a0<strong>Emmanuel Maison\u00a0<\/strong>(Albanais Athl\u00e9), 2578,2 points pour 7 manches disput\u00e9es.<br \/>\n\u2013 3\u00e8me (2\u00e8me senior) :\u00a0<strong>Florian Zuccalli\u00a0<\/strong>(Les Princes en Foul\u00e9es), 2503 points pour 7 manches disput\u00e9es.<br \/>\n\u2013 R\u00e9sultats complets sur le site Web<strong>\u00a0L-Chrono<\/strong>\u00a0:<br \/>\n<a href=\"https:\/\/www.l-chrono.com\/resultats2018\/challenge_des_trails_du_haut_rhone_hommes_final.pdf\">https:\/\/www.l-chrono.com\/resultats2018\/challenge_des_trails_du_haut_rhone_hommes_final.pdf<\/a><\/p>\n<p><strong>Femmes\u00a0<\/strong>(4 class\u00e9es) :<strong><br \/>\n<\/strong>\u2013 1\u00e8re (1\u00e8re M1) :\u00a0<strong>Nad\u00e8ge Vignand<\/strong>\u00a0(ASPTT Annecy Athl\u00e9tisme), 3266 points pour 7 manches disput\u00e9es.<br \/>\n\u2013 2\u00e8me (2\u00e8me M1) :<strong>\u00a0C\u00e9line Roche<\/strong>\u00a0(Athl\u00e9 Saint-Julien 74), 2328,2 points pour 7 manches disput\u00e9es.<br \/>\n\u2013 3\u00e8me (1\u00e8re M2) :<strong>\u00a0Fabienne Duchene\u00a0<\/strong>(Villes), 1519,5 points pour 5 manches disput\u00e9es.<br \/>\n\u2013 R\u00e9sultats complets sur le site Web\u00a0<strong>L-Chrono<\/strong>\u00a0:<br \/>\n<a href=\"https:\/\/www.l-chrono.com\/resultats2018\/challenge_des_trails_du_haut_rhone_femmes_final.pdf\">https:\/\/www.l-chrono.com\/resultats2018\/challenge_des_trails_du_haut_rhone_femmes_final.pdf<\/a><\/p>\n<p><strong>Challenge de la Fid\u00e9lit\u00e9\u00a0<\/strong>(1 class\u00e9) :<strong><br \/>\n<\/strong>\u2013 Hommes : le Belge\u00a0<strong>R\u00e9my Husquinet<\/strong>\u00a0(Injoux-G\u00e9nissiat), 5\u00e8me (4\u00e8me senior), 2189,6 points pour 8 manches disput\u00e9es.<br \/>\n\u2013 Femmes : aucune.<br \/>\n<span style=\"color: #ffffff;\">.<\/span><br \/>\n<span style=\"color: #ffffff;\">.<\/span><br \/>\n<strong>5\u00e8me \u00e9dition, 2019 :<\/strong><\/p>\n<p><strong>Nombre de class\u00e9s hommes et femmes :<br \/>\n<\/strong>\u2013 Sur au moins 5 des 7 manches propos\u00e9es : 36 dont 27 hommes et 9 femmes.<br \/>\n\u2013 Sur les 7 manches propos\u00e9es : 12 dont 11 hommes et une femme.<br \/>\n\u2013 Sur 6 des 7 manches propos\u00e9es : 10 dont 6 hommes et 4 femmes.<br \/>\n\u2013 Sur 5 des 7 manches propos\u00e9es : 15 dont 11 hommes et 4 femmes.<\/p>\n<p><strong>Hommes<\/strong>\u00a0(27 class\u00e9s) :<br \/>\n\u2013 1er (1er senior) :\u00a0<strong>Johan Primaut<\/strong>\u00a0(Triathlon Bassin Bellegardien), 2068 points pour 7 manches disput\u00e9es.<br \/>\n\u2013 2\u00e8me (2\u00e8me senior) :\u00a0<strong>Jean-Patrick Fuss\u00a0<\/strong>(ASPTT Annecy Athl\u00e9tisme), 2009,2 points pour 7 manches disput\u00e9es.<br \/>\n\u2013 3\u00e8me (3\u00e8me senior) :\u00a0<strong>Fabien Rioche\u00a0<\/strong>(Cressin-Rochefort), 1964 points pour 6 manches disput\u00e9es.<br \/>\n\u2013 R\u00e9sultats complets sur le site Web<strong>\u00a0L-Chrono<\/strong>\u00a0:<br \/>\n<a href=\"https:\/\/www.l-chrono.com\/resultats2019\/challenge_des_trails_du_haut_rhone_hommes.pdf\">https:\/\/www.l-chrono.com\/resultats2019\/challenge_des_trails_du_haut_rhone_hommes.pdf<\/a><\/p>\n<p><strong>Femmes\u00a0<\/strong>(9 class\u00e9es) :<strong><br \/>\n<\/strong>\u2013 1\u00e8re (1\u00e8re M1) :\u00a0<strong>Nad\u00e8ge Vignand<\/strong>\u00a0(ASPTT Annecy Athl\u00e9tisme), 2354 points pour 6 manches disput\u00e9es.<br \/>\n\u2013 2\u00e8me (1\u00e8re senior) :<strong>\u00a0M\u00e9lanie Devynck\u00a0<\/strong>(Triathlon Bassin Bellegardien), 1987,2 points pour 5 manches disput\u00e9es.<br \/>\n\u2013 3\u00e8me (2\u00e8me M1) :<strong>\u00a0C\u00e9line Roche<\/strong>\u00a0(Athl\u00e9 Saint-Julien 74), 1841,6 points pour 6 manches disput\u00e9es.<br \/>\n\u2013 R\u00e9sultats complets sur le site Web<strong>\u00a0L-Chrono<\/strong>\u00a0:<br \/>\n<a href=\"https:\/\/www.l-chrono.com\/resultats2019\/challenge_des_trails_du_haut_rhone_femmes.pdf\">https:\/\/www.l-chrono.com\/resultats2019\/challenge_des_trails_du_haut_rhone_femmes.pdf<\/a><\/p>\n<p><strong>Challenge de la Fid\u00e9lit\u00e9\u00a0<\/strong>(2 class\u00e9s) :<strong><br \/>\n<\/strong>\u2013 Hommes :\u00a0<strong>Eric Fontaine<\/strong>\u00a0(Sillingy), 10\u00e8me (5\u00e8me senior), 1649,8 points pour 7 manches disput\u00e9es.<br \/>\n\u2013 Femmes :\u00a0<strong>Magalie<\/strong>\u00a0<strong>Chamot\u00a0<\/strong>(Les Fougueurs de Serri\u00e8res), 8\u00e8me (4\u00e8me M1), 1630,8 points pour 7 manches disput\u00e9es.<br \/>\n<span style=\"color: #ffffff;\">.<\/span><br \/>\n<span style=\"color: #000000;\"><span style=\"color: #ffffff;\">.<\/span><br \/>\n<\/span><strong>Edition annul\u00e9e en raison du Covid-19, 2020.<br \/>\n<\/strong><span style=\"color: #ffffff;\">.<\/span><br \/>\n<span style=\"color: #ffffff;\">.<\/span><strong><br \/>\nEdition annul\u00e9e en raison du Covid-19, 2021.<br \/>\n<\/strong><span style=\"color: #ffffff;\">.<\/span><br \/>\n<span style=\"color: #ffffff;\">.<\/span><br \/>\n<span style=\"color: #ffffff;\">.<\/span><strong style=\"font-size: 0.95em;\"><br \/>\n<\/strong><span style=\"color: #ffffff;\">.<\/span><strong><br \/>\nLE CHALLENGE DES TRAILS DU HAUT-RHONE SUR LES SITES WEB TPS INFOS (2015-2016) ET COURZYVITE (2015-2021) :<\/strong><\/p>\n<p><strong>\u2013 Naissance en 2015 :<br \/>\n<\/strong><a href=\"http:\/\/www.trail-running-savoie.fr\/naissance-du-challenge-des-trails-du-haut-rhone-04-03-15\/\">http:\/\/www.trail-running-savoie.fr\/naissance-du-challenge-des-trails-du-haut-rhone-04-03-15\/<\/a><strong><br \/>\n<\/strong><\/p>\n<p><strong>\u2013 Classements apr\u00e8s les 2 premi\u00e8res manches de l\u2019\u00e9dition 2015 :<br \/>\n<\/strong><a href=\"http:\/\/www.trail-running-savoie.fr\/le-point-sur-le-challenge-des-trails-du-haut-rhone-ain-et-haute-savoie-apres-les-deux-premieres-manches-et-avant-musieges-prevu-le-samedi-26-septembre-2015\/\">http:\/\/www.trail-running-savoie.fr\/le-point-sur-le-challenge-des-trails-du-haut-rhone-ain-et-haute-savoie-apres-les-deux-premieres-manches-et-avant-musieges-prevu-le-samedi-26-septembre-2015\/<\/a><\/p>\n<p><strong>\u2013 Classements apr\u00e8s les 3 premi\u00e8res manches de l\u2019\u00e9dition 2015 :<br \/>\n<\/strong><a href=\"http:\/\/www.trail-running-savoie.fr\/le-challenge-des-trails-du-haut-rhone-en-pleine-dynamique-apres-les-trois-premieres-manches-et-avant-le-vuache-prevu-ce-18-octobre-2015-a-vulbens\/\">http:\/\/www.trail-running-savoie.fr\/le-challenge-des-trails-du-haut-rhone-en-pleine-dynamique-apres-les-trois-premieres-manches-et-avant-le-vuache-prevu-ce-18-octobre-2015-a-vulbens\/<\/a><strong><br \/>\n<\/strong><\/p>\n<p><strong>\u2013 Classements apr\u00e8s les 4 premi\u00e8res manches de l\u2019\u00e9dition 2015 :<br \/>\n<\/strong><a href=\"http:\/\/www.trail-running-savoie.fr\/sebastien-buet-et-nadege-vignand-bien-places-pour-decrocher-le-challenge-des-trails-du-haut-rhone-a-lissue-du-cross-de-la-semine-25-10-15\/\">http:\/\/www.trail-running-savoie.fr\/sebastien-buet-et-nadege-vignand-bien-places-pour-decrocher-le-challenge-des-trails-du-haut-rhone-a-lissue-du-cross-de-la-semine-25-10-15\/<\/a><strong><br \/>\n<\/strong><\/p>\n<p><strong>\u2013 Classements finaux et photos des 2 vainqueurs de l\u2019\u00e9dition 2015 :<br \/>\n<\/strong><a href=\"https:\/\/www.courzyvite.run\/blog\/2015\/10\/26\/classements-finaux-du-challenge-des-trails-du-haut-rhone-2015\/\">https:\/\/www.courzyvite.run\/blog\/2015\/10\/26\/classements-finaux-du-challenge-des-trails-du-haut-rhone-2015\/<\/a><\/p>\n<p><strong>\u2013 Bilan 2015 et perspectives 2016 :<br \/>\n<\/strong><a href=\"http:\/\/www.trail-running-savoie.fr\/bilan-2015-et-perspectives-2016-du-challenge-des-trails-du-haut-rhone-ain-et-haute-savoie\/\">http:\/\/www.trail-running-savoie.fr\/bilan-2015-et-perspectives-2016-du-challenge-des-trails-du-haut-rhone-ain-et-haute-savoie\/<\/a><\/p>\n<p><strong>\u2013 Classements finaux et photos des 18 laur\u00e9ats de l\u2019\u00e9dition 2016 :<br \/>\n<\/strong><a href=\"https:\/\/www.courzyvite.run\/blog\/2017\/01\/12\/classement-provisoire-du-challenge-des-trails-du-haut-rhone-2016\/\">https:\/\/www.courzyvite.run\/blog\/2017\/01\/12\/classement-provisoire-du-challenge-des-trails-du-haut-rhone-2016\/<\/a><\/p>\n<p><strong>\u2013 Classements apr\u00e8s les 4 premi\u00e8res manches de l\u2019\u00e9dition 2017 :<\/strong><br \/>\n<a href=\"https:\/\/www.courzyvite.run\/blog\/2017\/08\/07\/classements-du-challenge-des-trails-du-haut-rhone-2017-apres-les-4-premieres-manches\/\">https:\/\/www.courzyvite.run\/blog\/2017\/08\/07\/classements-du-challenge-des-trails-du-haut-rhone-2017-apres-les-4-premieres-manches\/<\/a><\/p>\n<p><strong>\u2013\u00a0Classements\u00a0finaux et photos des 2 vainqueurs de l\u2019\u00e9dition 2017 :<br \/>\n<\/strong><a href=\"https:\/\/www.courzyvite.run\/blog\/2017\/12\/01\/classements-finaux-du-challenge-des-trails-du-haut-rhone-2017\/\">https:\/\/www.courzyvite.run\/blog\/2017\/12\/01\/classements-finaux-du-challenge-des-trails-du-haut-rhone-2017\/<\/a><\/p>\n<p><strong>\u2013 Classements finaux et photos des 26 laur\u00e9ats de l\u2019\u00e9dition 2018 :<br \/>\n<\/strong><a href=\"https:\/\/www.courzyvite.run\/blog\/2019\/01\/06\/classements-finaux-et-photos-des-26-laureats-du-challenge-des-trails-du-haut-rhone-2018\/\">https:\/\/www.courzyvite.run\/blog\/2019\/01\/06\/classements-finaux-et-photos-des-26-laureats-du-challenge-des-trails-du-haut-rhone-2018\/<\/a><\/p>\n<p><strong>\u2013 Classements finaux et photos des 36 laur\u00e9ats de l\u2019\u00e9dition 2019 :<br \/>\n<\/strong><a href=\"https:\/\/www.courzyvite.run\/blog\/2020\/01\/09\/classements-finaux-et-photos-des-36-laureats-du-challenge-des-trails-du-haut-rhone-2019\/\">https:\/\/www.courzyvite.run\/blog\/2020\/01\/09\/classements-finaux-et-photos-des-36-laureats-du-challenge-des-trails-du-haut-rhone-2019\/<\/a><\/p>\n<p><strong>\u2013 Pr\u00e9sentation de l\u2019\u00e9dition 2021 :<br \/>\n<\/strong><a href=\"https:\/\/www.courzyvite.run\/blog\/2021\/04\/03\/presentation-de-ledition-2021-du-challenge-des-trails-du-haut-rhone-ain-et-haute-savoie\/\">https:\/\/www.courzyvite.run\/blog\/2021\/04\/03\/presentation-de-ledition-2021-du-challenge-des-trails-du-haut-rhone-ain-et-haute-savoie\/<\/a><br \/>\n<span style=\"color: #ffffff;\">.<\/span><br \/>\n<span style=\"color: #ffffff;\">.<\/span><br \/>\n<span style=\"color: #ffffff;\">.<\/span><strong style=\"font-size: 0.95em;\"><br \/>\n<\/strong><span style=\"color: #ffffff;\">.<\/span><strong><br \/>\nPHOTOS :<\/strong><\/p>\n<p><img data-recalc-dims=\"1\" loading=\"lazy\" decoding=\"async\" class=\"size-medium wp-image-57022 aligncenter\" src=\"https:\/\/i0.wp.com\/www.courzyvite.run\/blog\/wp-content\/uploads\/2022\/03\/CHALLENGE_HAUT_RHONE-8_logo-400-X-400.jpg?resize=300%2C300&#038;ssl=1\" alt=\"\" width=\"300\" height=\"300\" srcset=\"https:\/\/i0.wp.com\/www.courzyvite.run\/blog\/wp-content\/uploads\/2022\/03\/CHALLENGE_HAUT_RHONE-8_logo-400-X-400.jpg?resize=300%2C300&amp;ssl=1 300w, https:\/\/i0.wp.com\/www.courzyvite.run\/blog\/wp-content\/uploads\/2022\/03\/CHALLENGE_HAUT_RHONE-8_logo-400-X-400.jpg?resize=150%2C150&amp;ssl=1 150w, https:\/\/i0.wp.com\/www.courzyvite.run\/blog\/wp-content\/uploads\/2022\/03\/CHALLENGE_HAUT_RHONE-8_logo-400-X-400.jpg?resize=90%2C90&amp;ssl=1 90w, https:\/\/i0.wp.com\/www.courzyvite.run\/blog\/wp-content\/uploads\/2022\/03\/CHALLENGE_HAUT_RHONE-8_logo-400-X-400.jpg?resize=75%2C75&amp;ssl=1 75w, https:\/\/i0.wp.com\/www.courzyvite.run\/blog\/wp-content\/uploads\/2022\/03\/CHALLENGE_HAUT_RHONE-8_logo-400-X-400.jpg?w=400&amp;ssl=1 400w\" sizes=\"auto, (max-width: 300px) 100vw, 300px\" \/><\/p>\n<p>6\u00e8me \u00e9dition du Challenge des Trails du Haut-Rh\u00f4ne, 2022.<br \/>\n<strong>Le logo.<\/strong><\/p>\n<hr \/>\n<p><img data-recalc-dims=\"1\" loading=\"lazy\" decoding=\"async\" class=\"size-full wp-image-21155 aligncenter\" src=\"https:\/\/i0.wp.com\/www.courzyvite.run\/blog\/wp-content\/uploads\/2019\/01\/annemasse.png?resize=606%2C115\" alt=\"\" width=\"606\" height=\"115\" srcset=\"https:\/\/i0.wp.com\/www.courzyvite.run\/blog\/wp-content\/uploads\/2019\/01\/annemasse.png?w=606&amp;ssl=1 606w, https:\/\/i0.wp.com\/www.courzyvite.run\/blog\/wp-content\/uploads\/2019\/01\/annemasse.png?resize=420%2C80&amp;ssl=1 420w\" sizes=\"auto, (max-width: 606px) 100vw, 606px\" \/>6\u00e8me \u00e9dition du Challenge des Trails du Haut-Rh\u00f4ne, 2022.<br \/>\n<strong>Le magasin<\/strong> <strong>Running Conseil Annemasse<\/strong>.<br \/>\nApr\u00e8s avoir financ\u00e9 d\u00e8s le 1er opus, remontant \u00e0 2015, la m\u00e9daille remise \u00e0 chacun des r\u00e9cipiendaires, Running Conseil Annemasse est devenu en 2019 le principal partenaire du challenge. A l\u2019exception des fleurs offertes aux laur\u00e9ates, il prend en charge pour la deuxi\u00e8me fois la totalit\u00e9 de la remise des prix, comme il s\u2019y \u00e9tait engag\u00e9 en 2019.<br \/>\nLe 25 mai 2021,<strong> Pierre-Louis Villette<\/strong> est devenu le nouveau g\u00e9rant de cette enseigne, se substituant \u00e0 <strong>Jean-Marc Bozon <\/strong>qui l\u2019aura manag\u00e9e de main de ma\u00eetre d\u00e8s 1988.<\/p>\n<p><img data-recalc-dims=\"1\" loading=\"lazy\" decoding=\"async\" class=\"aligncenter wp-image-21022 size-full\" src=\"https:\/\/i0.wp.com\/www.courzyvite.run\/blog\/wp-content\/uploads\/2019\/01\/l-chrono-e1569428064303.jpg?resize=350%2C314&#038;ssl=1\" alt=\"\" width=\"350\" height=\"314\" \/>6\u00e8me \u00e9dition du Challenge des Trails du Haut-Rh\u00f4ne, 2022.<br \/>\n<strong>La soci\u00e9t\u00e9 de chronom\u00e9trage<\/strong> <strong>L-Chrono<\/strong>.<br \/>\nSon pr\u00e9sident-fondateur qui n\u2019est autre que<strong> Ludovic Galland<\/strong> g\u00e8re tout au long de l\u2019ann\u00e9e le classement. Une t\u00e2che qu\u2019il assume de main de ma\u00eetre depuis 2015.<\/p>\n<p><strong><img data-recalc-dims=\"1\" loading=\"lazy\" decoding=\"async\" class=\"aligncenter wp-image-57102 size-full\" src=\"https:\/\/i0.wp.com\/www.courzyvite.run\/blog\/wp-content\/uploads\/2022\/03\/210351951_1202011350233048_7380247263649700622_n.jpg?resize=576%2C720&#038;ssl=1\" alt=\"\" width=\"576\" height=\"720\" srcset=\"https:\/\/i0.wp.com\/www.courzyvite.run\/blog\/wp-content\/uploads\/2022\/03\/210351951_1202011350233048_7380247263649700622_n.jpg?w=576&amp;ssl=1 576w, https:\/\/i0.wp.com\/www.courzyvite.run\/blog\/wp-content\/uploads\/2022\/03\/210351951_1202011350233048_7380247263649700622_n.jpg?resize=240%2C300&amp;ssl=1 240w, https:\/\/i0.wp.com\/www.courzyvite.run\/blog\/wp-content\/uploads\/2022\/03\/210351951_1202011350233048_7380247263649700622_n.jpg?resize=120%2C150&amp;ssl=1 120w\" sizes=\"auto, (max-width: 576px) 100vw, 576px\" \/>1\u00e8re manche de la 6\u00e8me \u00e9dition du Challenge des Trails du Haut-Rh\u00f4ne :<br \/>\nle 7\u00e8me Trail de la Michaille, programm\u00e9 le dimanche 27 mars 2022 \u00e0 Ch\u00e2tillon-en-Michaille (commune de Valserh\u00f4ne).<br \/>\n<\/strong><strong><br \/>\nAlexis Poullot<\/strong> (Wellington The Crew \/ Association Amicale des Athl\u00e8tes de Lyon).<\/p>\n<p>Clich\u00e9 pris le 4 juillet 2021 \u00e0 l\u2019occasion du 6\u00e8me opus o\u00f9 Alexis s\u2019appropriera, sur le 22 km, la 1\u00e8re place (1er senior) en 1h32\u201947.<br \/>\nSoit \u00e0 2\u201913 du record engrang\u00e9 en 2017 par le Marocain <strong>El Yazid El Madi<\/strong>. Un record qui au passage ne concerne que les quatre derniers mill\u00e9simes sur les six concourus.<\/p>\n<p><strong>Cr\u00e9dit photo :\u00a0<\/strong><br \/>\n<strong>Run Valserine<\/strong>.<\/p>\n<p><strong><img data-recalc-dims=\"1\" loading=\"lazy\" decoding=\"async\" class=\"wp-image-57104 size-full aligncenter\" src=\"https:\/\/i0.wp.com\/www.courzyvite.run\/blog\/wp-content\/uploads\/2022\/03\/44484108_723201711372499_714920043976065024_o.jpg?resize=860%2C573&#038;ssl=1\" alt=\"\" width=\"860\" height=\"573\" srcset=\"https:\/\/i0.wp.com\/www.courzyvite.run\/blog\/wp-content\/uploads\/2022\/03\/44484108_723201711372499_714920043976065024_o.jpg?w=960&amp;ssl=1 960w, https:\/\/i0.wp.com\/www.courzyvite.run\/blog\/wp-content\/uploads\/2022\/03\/44484108_723201711372499_714920043976065024_o.jpg?resize=300%2C200&amp;ssl=1 300w, https:\/\/i0.wp.com\/www.courzyvite.run\/blog\/wp-content\/uploads\/2022\/03\/44484108_723201711372499_714920043976065024_o.jpg?resize=150%2C100&amp;ssl=1 150w, https:\/\/i0.wp.com\/www.courzyvite.run\/blog\/wp-content\/uploads\/2022\/03\/44484108_723201711372499_714920043976065024_o.jpg?resize=768%2C512&amp;ssl=1 768w\" sizes=\"auto, (max-width: 860px) 100vw, 860px\" \/>2\u00e8me manche de la 6\u00e8me \u00e9dition du Challenge des Trails du Haut-Rh\u00f4ne :<br \/>\nle 3\u00e8me Trail de la Valserine, programm\u00e9 les samedi 4 et dimanche 5 juin 2022 \u00e0 Champfromier.<br \/>\n<\/strong><\/p>\n<p><strong>Ana\u00efs Boucansaud<\/strong>\u00a0(Evian Off Course).<\/p>\n<p>Clich\u00e9 pris le 21 octobre 2018 \u00e0 l\u2019occasion du 2\u00e8me opus, et dernier \u00e0 avoir eu lieu, disput\u00e9 \u00e0 Bellegarde-sur-Valserine, o\u00f9 Ana\u00efs s\u2019appropriera sur la M\u00eal\u00e9e des Eaux (16 km) la 1\u00e8re place f\u00e9minine (1\u00e8re senior, 16\u00e8me au scratch) en 1h15\u201905.<br \/>\nImage r\u00e9alis\u00e9e au retour, peu avant le terme du sentier des Pertes de la Valserine, c\u00f4t\u00e9 Bellegarde.<\/p>\n<p><strong>Cr\u00e9dit photo :\u00a0<\/strong><br \/>\n<strong>Jonathan Laurenti\u00a0(pr\u00e9sident de Trail The World).<\/strong><\/p>\n<p><strong><img data-recalc-dims=\"1\" loading=\"lazy\" decoding=\"async\" class=\"aligncenter wp-image-57105 size-full\" src=\"https:\/\/i0.wp.com\/www.courzyvite.run\/blog\/wp-content\/uploads\/2022\/03\/44046.jpg?resize=860%2C378&#038;ssl=1\" alt=\"\" width=\"860\" height=\"378\" srcset=\"https:\/\/i0.wp.com\/www.courzyvite.run\/blog\/wp-content\/uploads\/2022\/03\/44046.jpg?w=1250&amp;ssl=1 1250w, https:\/\/i0.wp.com\/www.courzyvite.run\/blog\/wp-content\/uploads\/2022\/03\/44046.jpg?resize=300%2C132&amp;ssl=1 300w, https:\/\/i0.wp.com\/www.courzyvite.run\/blog\/wp-content\/uploads\/2022\/03\/44046.jpg?resize=1024%2C451&amp;ssl=1 1024w, https:\/\/i0.wp.com\/www.courzyvite.run\/blog\/wp-content\/uploads\/2022\/03\/44046.jpg?resize=150%2C66&amp;ssl=1 150w, https:\/\/i0.wp.com\/www.courzyvite.run\/blog\/wp-content\/uploads\/2022\/03\/44046.jpg?resize=768%2C338&amp;ssl=1 768w\" sizes=\"auto, (max-width: 860px) 100vw, 860px\" \/>3\u00e8me manche de la 6\u00e8me \u00e9dition du Challenge des Trails du Haut-Rh\u00f4ne :<br \/>\nle 1er Trail de la Biche, programm\u00e9 le dimanche 10 juillet 2022 \u00e0 Giron.<\/strong><\/p>\n<p>Clich\u00e9 pris le 3 juillet 2011 \u00e0 l\u2019occasion du 30\u00e8me opus, et dernier \u00e0 avoir eu lieu.<\/p>\n<p>\u2013 Second \u00e0 partir de la droite : <strong><span class=\"text\">Xavier Foessel<\/span> <\/strong>(Thoiry), 1er junior en 1h44\u201906.<strong><br \/>\n<\/strong>\u2013 Second \u00e0 partir de la gauche :<strong> Damien Humbert <\/strong>(Union Sportive Gironnaise), 2\u00e8me junior en 1h44\u201947.<br \/>\nImage r\u00e9alis\u00e9e \u00e0 la remise des prix du podium junior masculin.<\/p>\n<p>On reconna\u00eet \u00e9galement :<br \/>\n\u2013\u00a01er \u00e0 partir de la gauche : <strong>Fran\u00e7ois Albano<\/strong>, surnomm\u00e9 \u00ab\u00a0<strong>Fouez des Neiges<\/strong> \u00bb, pr\u00e9sident de l\u2019Union Sportive Gironnaise, aux manettes de cette manifestation.<br \/>\n\u2013 Au centre : <strong>Irmtraut Pagnier<\/strong>, maire de Giron de 2008 \u00e0 2014.<br \/>\n\u2013 1er \u00e0 partir de la droite : <strong>Guy Larmanjat<\/strong>, conseiller d\u00e9partemental du canton de Bellegarde-sur-Valserine depuis 2002.<\/p>\n<p><strong>Cr\u00e9dit photo :\u00a0<\/strong><br \/>\n<span class=\"text\"><strong>Ursula Rhyner<\/strong>\u00a0<strong>(hebdomadaire\u00a0<em>Voix de l\u2019Ain<\/em>).<\/strong><\/span><\/p>\n<p><img data-recalc-dims=\"1\" loading=\"lazy\" decoding=\"async\" class=\"aligncenter wp-image-57110 size-full\" src=\"https:\/\/i0.wp.com\/www.courzyvite.run\/blog\/wp-content\/uploads\/2022\/03\/60001463_1174352062738343_4700542930367021056_o.jpg?resize=860%2C572&#038;ssl=1\" alt=\"\" width=\"860\" height=\"572\" srcset=\"https:\/\/i0.wp.com\/www.courzyvite.run\/blog\/wp-content\/uploads\/2022\/03\/60001463_1174352062738343_4700542930367021056_o.jpg?w=960&amp;ssl=1 960w, https:\/\/i0.wp.com\/www.courzyvite.run\/blog\/wp-content\/uploads\/2022\/03\/60001463_1174352062738343_4700542930367021056_o.jpg?resize=300%2C200&amp;ssl=1 300w, https:\/\/i0.wp.com\/www.courzyvite.run\/blog\/wp-content\/uploads\/2022\/03\/60001463_1174352062738343_4700542930367021056_o.jpg?resize=150%2C100&amp;ssl=1 150w, https:\/\/i0.wp.com\/www.courzyvite.run\/blog\/wp-content\/uploads\/2022\/03\/60001463_1174352062738343_4700542930367021056_o.jpg?resize=768%2C511&amp;ssl=1 768w\" sizes=\"auto, (max-width: 860px) 100vw, 860px\" \/><\/p>\n<p><strong>4\u00e8me manche de la 6\u00e8me \u00e9dition du Challenge des Trails du Haut-Rh\u00f4ne :<br \/>\nles 9\u00e8mes Princes en Foul\u00e9es, programm\u00e9s le samedi 17 septembre 2022 \u00e0 Seyssel (Haute-Savoie).<\/strong><\/p>\n<p>La regrett\u00e9e Polonaise<strong> Natalia Kowalska-Chmiel<\/strong> (Mac Sport Team Running \/ Club Athl\u00e9tique du Bassin Bellegardien).<\/p>\n<p>Clich\u00e9 pris le 20 avril 2019 \u00e0 l\u2019occasion du 8\u00e8me opus, et dernier \u00e0 avoir eu lieu, o\u00f9 Natalia s\u2019appropriera, sur le Trail D\u00e9couverte des Princes (15 km), la 2\u00e8me place f\u00e9minine (1\u00e8re senior, 27\u00e8me au scratch) en 1h34\u201921.<br \/>\nImage r\u00e9alis\u00e9e sur le chemin de la Chapeli\u00e8re (km 13,5).<\/p>\n<p><strong>Cr\u00e9dit photo :<\/strong><br \/>\n<strong>Seyssel Court Pour Offrir<\/strong>.<\/p>\n<p><img data-recalc-dims=\"1\" loading=\"lazy\" decoding=\"async\" class=\"aligncenter wp-image-57111 size-full\" src=\"https:\/\/i0.wp.com\/www.courzyvite.run\/blog\/wp-content\/uploads\/2022\/03\/IMG_1014.jpg?resize=860%2C563&#038;ssl=1\" alt=\"\" width=\"860\" height=\"563\" srcset=\"https:\/\/i0.wp.com\/www.courzyvite.run\/blog\/wp-content\/uploads\/2022\/03\/IMG_1014.jpg?w=1500&amp;ssl=1 1500w, https:\/\/i0.wp.com\/www.courzyvite.run\/blog\/wp-content\/uploads\/2022\/03\/IMG_1014.jpg?resize=300%2C196&amp;ssl=1 300w, https:\/\/i0.wp.com\/www.courzyvite.run\/blog\/wp-content\/uploads\/2022\/03\/IMG_1014.jpg?resize=1024%2C670&amp;ssl=1 1024w, https:\/\/i0.wp.com\/www.courzyvite.run\/blog\/wp-content\/uploads\/2022\/03\/IMG_1014.jpg?resize=150%2C98&amp;ssl=1 150w, https:\/\/i0.wp.com\/www.courzyvite.run\/blog\/wp-content\/uploads\/2022\/03\/IMG_1014.jpg?resize=768%2C503&amp;ssl=1 768w\" sizes=\"auto, (max-width: 860px) 100vw, 860px\" \/><\/p>\n<p><strong>5\u00e8me manche de la 6\u00e8me \u00e9dition du Challenge des Trails du Haut-Rh\u00f4ne :<br \/>\nle 9\u00e8me Trail de Musi\u00e8ges, programm\u00e9 le dimanche 25 septembre 2022 \u00e0 Musi\u00e8ges.\u00a0<\/strong><\/p>\n<p><strong>Valentin Rivalan<\/strong>\u00a0(Sallen\u00f4ves).<\/p>\n<p>Clich\u00e9 pris le 22 septembre 2018 \u00e0 l\u2019occasion du 7\u00e8me opus, et dernier \u00e0 avoir eu lieu, o\u00f9 Valentin s\u2019appropriera, sur le 5\u00e8me Trail Court du Val des Usses (22,2 km), la 7\u00e8me place (5\u00e8me senior) en 1h55\u201902.<br \/>\nImage r\u00e9alis\u00e9e peu avant l\u2019arriv\u00e9e.<br \/>\nEn toile de fond : le Vuache, et en contrebas \u00e0 droite, le village de Chaumont.<\/p>\n<p><strong>Cr\u00e9dit photo :<\/strong><br \/>\n<strong>Jean-Luc Caron<\/strong> <strong>(Partenaire-Image \/ Musi\u00e8ges Animations).<\/strong><\/p>\n<p><strong><img data-recalc-dims=\"1\" loading=\"lazy\" decoding=\"async\" class=\"aligncenter wp-image-57113 size-full\" src=\"https:\/\/i0.wp.com\/www.courzyvite.run\/blog\/wp-content\/uploads\/2022\/03\/DSC_0855.jpg?resize=860%2C571&#038;ssl=1\" alt=\"\" width=\"860\" height=\"571\" \/>6\u00e8me manche de la 6\u00e8me \u00e9dition du Challenge des Trails du Haut-Rh\u00f4ne :<br \/>\nle 14\u00e8me D\u00e9fi de Fort-l\u2019Ecluse, programm\u00e9 le dimanche 16 octobre 2022 \u00e0 L\u00e9az.<\/strong><\/p>\n<p><strong>Simon Paccard<\/strong> (ASPTT Annecy Athl\u00e9tisme).<\/p>\n<p>Clich\u00e9 pris le 21 novembre 2017 \u00e0 l\u2019occasion du 11\u00e8me opus o\u00f9 Simon s\u2019appropriera la 2\u00e8me place (1er junior) en 1h12\u201950.<br \/>\nImage r\u00e9alis\u00e9e \u00e0 l\u2019arriv\u00e9e, jug\u00e9e sur la place forte du fort inf\u00e9rieur de Fort-l\u2019Ecluse.<\/p>\n<p><strong>Cr\u00e9dit photo :<\/strong><br \/>\n<strong>Jean-Claude Delachenal<\/strong> <strong>(Saint-Julien-en-Genevois).<\/strong><\/p>\n<p><img data-recalc-dims=\"1\" loading=\"lazy\" decoding=\"async\" class=\"aligncenter wp-image-57114 size-full\" src=\"https:\/\/i0.wp.com\/www.courzyvite.run\/blog\/wp-content\/uploads\/2022\/03\/Gregoire-Berthon-SEmine.jpg?resize=566%2C700&#038;ssl=1\" alt=\"\" width=\"566\" height=\"700\" srcset=\"https:\/\/i0.wp.com\/www.courzyvite.run\/blog\/wp-content\/uploads\/2022\/03\/Gregoire-Berthon-SEmine.jpg?w=566&amp;ssl=1 566w, https:\/\/i0.wp.com\/www.courzyvite.run\/blog\/wp-content\/uploads\/2022\/03\/Gregoire-Berthon-SEmine.jpg?resize=243%2C300&amp;ssl=1 243w, https:\/\/i0.wp.com\/www.courzyvite.run\/blog\/wp-content\/uploads\/2022\/03\/Gregoire-Berthon-SEmine.jpg?resize=121%2C150&amp;ssl=1 121w\" sizes=\"auto, (max-width: 566px) 100vw, 566px\" \/><strong>7\u00e8me manche de la 6\u00e8me \u00e9dition du Challenge des Trails du Haut-Rh\u00f4ne :<br \/>\nle 34\u00e8me Trail de la Semine, programm\u00e9 le dimanche 30 octobre 2022 \u00e0 Saint-Germain-sur-Rh\u00f4ne.<\/strong><\/p>\n<p><strong>Gr\u00e9goire Berthon <\/strong>(Berthies Sport).<\/p>\n<p>Clich\u00e9 pris le 27 octobre 2019 \u00e0 l\u2019occasion du 33\u00e8me opus o\u00f9 Gr\u00e9goire s\u2019appropriera, sur le 2\u00e8me Trail de la Semine, la 1\u00e8re place (1er senior) en 1h25\u201944.<br \/>\nIl franchira la ligne en compagnie de<strong> R\u00e9mi Viollet<\/strong> (Al\u00e8s Agglom\u00e9ration Terre d\u2019Athl\u00e9tisme des C\u00e9vennes).<br \/>\nTous deux effaceront le record scratch du parcours emprunt\u00e9 depuis 2018, d\u00e9tenu par <strong>S\u00e9bastien Chatelain<\/strong> (Franclens) en 1h29\u201933.<br \/>\nImage r\u00e9alis\u00e9e \u00e0 150 m de l\u2019arriv\u00e9e, jug\u00e9e \u00e0 la salle de f\u00eates de Beaumont.<\/p>\n<p><strong>Cr\u00e9dit photo :<\/strong><br \/>\n<strong>Georges Ongaro<\/strong> <strong>(quotidien <em>Le Dauphine lib\u00e9r\u00e9<\/em>).<\/strong><br \/>\n<img data-recalc-dims=\"1\" loading=\"lazy\" decoding=\"async\" class=\"wp-image-57118 size-full aligncenter\" src=\"https:\/\/i0.wp.com\/www.courzyvite.run\/blog\/wp-content\/uploads\/2022\/03\/IMG_4254.jpg?resize=860%2C573&#038;ssl=1\" alt=\"\" width=\"860\" height=\"573\" srcset=\"https:\/\/i0.wp.com\/www.courzyvite.run\/blog\/wp-content\/uploads\/2022\/03\/IMG_4254.jpg?w=900&amp;ssl=1 900w, https:\/\/i0.wp.com\/www.courzyvite.run\/blog\/wp-content\/uploads\/2022\/03\/IMG_4254.jpg?resize=300%2C200&amp;ssl=1 300w, https:\/\/i0.wp.com\/www.courzyvite.run\/blog\/wp-content\/uploads\/2022\/03\/IMG_4254.jpg?resize=150%2C100&amp;ssl=1 150w, https:\/\/i0.wp.com\/www.courzyvite.run\/blog\/wp-content\/uploads\/2022\/03\/IMG_4254.jpg?resize=768%2C512&amp;ssl=1 768w\" sizes=\"auto, (max-width: 860px) 100vw, 860px\" \/><strong>5\u00e8me \u00e9dition du Challenge des Trails du Haut-Rh\u00f4ne, 2019.<\/strong><br \/>\nRemise des prix orchestr\u00e9e par\u00a0<strong>Run Valserine<\/strong> dans la salle des Etournelles, \u00e0 Ch\u00e2tillon-en-Michaille (commune de Valserh\u00f4ne), le 10 janvier 2020.<\/p>\n<p>Podium des 9 laur\u00e9ates.<br \/>\nDe gauche \u00e0 droite :<br \/>\n\u2013 <strong>Marie-Sabine Dallemagne\u00a0<\/strong>(Run Valserine), 6\u00e8me (3\u00e8me M1), totalisant 1739,8 points pour 6 manches disput\u00e9es.<br \/>\n\u2013 <strong>Maude Mugnier\u00a0<\/strong>(Little Brother and Big Sister), 9\u00e8me (3\u00e8me senior), totalisant 1522,2 points pour 5 manches disput\u00e9es.<br \/>\n\u2013 <strong>Fabienne Duchene\u00a0<\/strong>(Villes), 7\u00e8me (1\u00e8re M2), totalisant 1647 points pour 5 manches disput\u00e9es.<br \/>\n\u2013 <strong>Carine Chaum\u00e9\u00a0<\/strong>(Belley), 4\u00e8me (2\u00e8me senior), totalisant 1808,6 points pour 5 manches disput\u00e9es.<br \/>\n\u2013 <strong>C\u00e9line Roche<\/strong> (Athl\u00e9 Saint-Julien 74), 3\u00e8me (2\u00e8me M1), totalisant 1841,6 points pour 6 manches disput\u00e9es.<br \/>\n\u2013 <strong>Magalie Chamot\u00a0<\/strong>(Les Fougueurs de Serri\u00e8res), 8\u00e8me (4\u00e8me M1), totalisant 1630,8 points pour 7 manches disput\u00e9es.<br \/>\n\u2013 <strong>Nad\u00e8ge Vignand<\/strong> (ASPTT Annecy Athl\u00e9tisme), 1\u00e8re (1\u00e8re M1), totalisant 2354 points pour 6 manches disput\u00e9es.<br \/>\n\u2013 <strong>M\u00e9lanie Devynck\u00a0<\/strong>(Triathlon Bassin Bellegardien), 2\u00e8me (1\u00e8re senior), totalisant 1987,2 points pour 5 manches disput\u00e9es.<br \/>\n\u2013 <strong>Tiphaine Lenoble\u00a0<\/strong>(Les Princes en Foul\u00e9es), 5\u00e8me (1\u00e8re junior), totalisant 1748 points pour 6 manches disput\u00e9es.<\/p>\n<p><strong>Cr\u00e9dit photo :\u00a0<\/strong><br \/>\n<strong>Jacques Bosson<\/strong>\u00a0<strong>(quotidien\u00a0<em>Le Dauphin\u00e9 lib\u00e9r\u00e9<\/em>).<\/strong><br \/>\n<strong><img data-recalc-dims=\"1\" loading=\"lazy\" decoding=\"async\" class=\"aligncenter wp-image-57116 size-full\" src=\"https:\/\/i0.wp.com\/www.courzyvite.run\/blog\/wp-content\/uploads\/2022\/03\/2020.01.10-322-Copie.jpg?resize=800%2C450&#038;ssl=1\" alt=\"\" width=\"800\" height=\"450\" srcset=\"https:\/\/i0.wp.com\/www.courzyvite.run\/blog\/wp-content\/uploads\/2022\/03\/2020.01.10-322-Copie.jpg?w=800&amp;ssl=1 800w, https:\/\/i0.wp.com\/www.courzyvite.run\/blog\/wp-content\/uploads\/2022\/03\/2020.01.10-322-Copie.jpg?resize=300%2C169&amp;ssl=1 300w, https:\/\/i0.wp.com\/www.courzyvite.run\/blog\/wp-content\/uploads\/2022\/03\/2020.01.10-322-Copie.jpg?resize=150%2C84&amp;ssl=1 150w, https:\/\/i0.wp.com\/www.courzyvite.run\/blog\/wp-content\/uploads\/2022\/03\/2020.01.10-322-Copie.jpg?resize=768%2C432&amp;ssl=1 768w\" sizes=\"auto, (max-width: 800px) 100vw, 800px\" \/>5\u00e8me \u00e9dition du Challenge des Trails du Haut-Rh\u00f4ne, 2019.<\/strong><br \/>\nRemise des prix orchestr\u00e9e par\u00a0<strong>Run Valserine<\/strong>\u00a0dans la salle des Etournelles, \u00e0 Ch\u00e2tillon-en-Michaille (commune de Valserh\u00f4ne), le 10 janvier 2020.<\/p>\n<p>Podium des trois premi\u00e8res laur\u00e9ates et des trois premiers laur\u00e9ats.<br \/>\nDe gauche \u00e0 droite :<br \/>\n\u2013 <strong>Fabien Rioche\u00a0<\/strong>(Cressin-Rochefort), 3\u00e8me homme (3\u00e8me senior), totalisant 1964 points pour 6 manches disput\u00e9es.<br \/>\n\u2013 <strong>M\u00e9lanie Devynck\u00a0<\/strong>(Triathlon Bassin Bellegardien), 2\u00e8me femme (1\u00e8re senior), totalisant 1987,2 points pour 5 manches disput\u00e9es.<br \/>\n\u2013 <strong>Nad\u00e8ge Vignand<\/strong> (ASPTT Annecy Athl\u00e9tisme), 1\u00e8re femme (1\u00e8re M1), totalisant 2354 points pour 6 manches disput\u00e9es.<br \/>\n\u2013 <strong>Johan Primaut<\/strong>\u00a0(Triathlon Bassin Bellegardien), 1er homme (1er senior), totalisant 2068 points pour 7 manches disput\u00e9es.<br \/>\n\u2013 <strong>C\u00e9line Roche<\/strong>\u00a0(Athl\u00e9 Saint-Julien 74), 3\u00e8me femme (2\u00e8me M1), totalisant 1841,6 points pour 6 manches disput\u00e9es.<br \/>\n\u2013 <strong>Jean-Patrick Fuss\u00a0<\/strong>(ASPTT Annecy Athl\u00e9tisme), 2\u00e8me homme (2\u00e8me senior), totalisant 2009,2 points pour 7 manches disput\u00e9es.<\/p>\n<p><strong>Cr\u00e9dit photo :\u00a0<\/strong><br \/>\n<strong>Thomas Gourragne<\/strong>\u00a0<strong>(Run Valserine).<\/strong><\/p>\n<p>&nbsp;<\/p>\n","protected":false},"excerpt":{"rendered":"<p>NOSTALGIE, QUAND TU NOUS TIENS ! C\u2019est avec un plaisir non dissimul\u00e9 que je r\u00e9active le Challenge des Trails du Haut-Rh\u00f4ne, 6\u00e8me du nom, qu\u2019int\u00e8grent sept organisations de course dont quatre dans l\u2019Ain et trois en Haute-Savoie. Un challenge dont j\u2019ai eu l\u2019id\u00e9e avant de le lancer officiellement il y a un peu plus de sept ans d\u00e9j\u00e0, pr\u00e9cis\u00e9ment le 4 mars 2015. Avaient pris place en d\u00e9but de soir\u00e9e, [&#8230;]<\/p>\n","protected":false},"author":2,"featured_media":57113,"comment_status":"closed","ping_status":"closed","sticky":false,"template":"","format":"standard","meta":{"advanced_seo_description":"","jetpack_seo_html_title":"","jetpack_seo_noindex":false,"_jetpack_memberships_contains_paid_content":false,"footnotes":"","jetpack_publicize_message":"","jetpack_publicize_feature_enabled":true,"jetpack_social_post_already_shared":true,"jetpack_social_options":{"image_generator_settings":{"template":"highway","default_image_id":0,"font":"","enabled":false},"version":2}},"categories":[14,30,16,33,6,13],"tags":[11],"class_list":["post-57098","post","type-post","status-publish","format-standard","has-post-thumbnail","hentry","category-ain","category-articles-globaux","category-haute-savoie","category-infos-pratiques","category-articles","category-presentations-des-courses","tag-news"],"views":1563,"jetpack_publicize_connections":[],"jetpack_featured_media_url":"https:\/\/i0.wp.com\/www.courzyvite.run\/blog\/wp-content\/uploads\/2022\/03\/DSC_0855-e1648574093926.jpg?fit=886%2C347&ssl=1","jetpack_shortlink":"https:\/\/wp.me\/p7PZ3h-eQW","jetpack_sharing_enabled":true,"_links":{"self":[{"href":"https:\/\/www.courzyvite.run\/blog\/wp-json\/wp\/v2\/posts\/57098","targetHints":{"allow":["GET"]}}],"collection":[{"href":"https:\/\/www.courzyvite.run\/blog\/wp-json\/wp\/v2\/posts"}],"about":[{"href":"https:\/\/www.courzyvite.run\/blog\/wp-json\/wp\/v2\/types\/post"}],"author":[{"embeddable":true,"href":"https:\/\/www.courzyvite.run\/blog\/wp-json\/wp\/v2\/users\/2"}],"replies":[{"embeddable":true,"href":"https:\/\/www.courzyvite.run\/blog\/wp-json\/wp\/v2\/comments?post=57098"}],"version-history":[{"count":4,"href":"https:\/\/www.courzyvite.run\/blog\/wp-json\/wp\/v2\/posts\/57098\/revisions"}],"predecessor-version":[{"id":69331,"href":"https:\/\/www.courzyvite.run\/blog\/wp-json\/wp\/v2\/posts\/57098\/revisions\/69331"}],"wp:featuredmedia":[{"embeddable":true,"href":"https:\/\/www.courzyvite.run\/blog\/wp-json\/wp\/v2\/media\/57113"}],"wp:attachment":[{"href":"https:\/\/www.courzyvite.run\/blog\/wp-json\/wp\/v2\/media?parent=57098"}],"wp:term":[{"taxonomy":"category","embeddable":true,"href":"https:\/\/www.courzyvite.run\/blog\/wp-json\/wp\/v2\/categories?post=57098"},{"taxonomy":"post_tag","embeddable":true,"href":"https:\/\/www.courzyvite.run\/blog\/wp-json\/wp\/v2\/tags?post=57098"}],"curies":[{"name":"wp","href":"https:\/\/api.w.org\/{rel}","templated":true}]}}