{"id":439,"date":"2016-07-23T06:21:25","date_gmt":"2016-07-23T04:21:25","guid":{"rendered":"https:\/\/www.courzyvite.run\/blog\/?p=439"},"modified":"2020-10-06T22:00:33","modified_gmt":"2020-10-06T20:00:33","slug":"presentation-de-la-crozet-raide-24-07-16","status":"publish","type":"post","link":"https:\/\/www.courzyvite.run\/blog\/2016\/07\/23\/presentation-de-la-crozet-raide-24-07-16\/","title":{"rendered":"PRESENTATION DE LA CROZ\u2019ET RAIDE \/ 24-07-16"},"content":{"rendered":"<p><strong>RETOUR SUR LES TROIS GLORIEUSES\u00a0!<\/strong><\/p>\n<p>Rarement, une comp\u00e9tition de course \u00e0 pied n\u2019aura acquis aussi rapidement ses lettres de noblesse. Pour l\u2019essentiel, on le doit au Feig\u00e8rois <strong>Jacques Cusin<\/strong> qui en a \u00e9mis l\u2019id\u00e9e en 2011 avant de la soumettre, l\u2019ann\u00e9e suivante et avec succ\u00e8s, aux Gessiens <strong>Jonathan Laurenti<\/strong> et\u00a0<strong>Olivier Cheneval<\/strong>, rencontr\u00e9s fortuitement.<\/p>\n<p>Ce trio de choc aura ensuite d\u00e9ploy\u00e9 des tr\u00e9sors d\u2019\u00e9nergie pour parfaire et promouvoir ce km vertical, d\u00e9nomm\u00e9 fort \u00e0 propos la \u00ab Croz\u2019et Raide \u00bb, le seul concouru jusqu\u2019\u00e0 pr\u00e9sent dans le d\u00e9partement de l\u2019Ain et le massif du Jura. T\u00e9moignant de leur grand professionnalisme, nos trois chevilles ouvri\u00e8res entreprirent ainsi de concocter en 2013 une \u00e9dition off, d\u00e9sireuses de d\u00e9nicher les \u00e9ventuels travers afin de rendre, l\u2019ann\u00e9e suivante, une \u00e9clatante copie lors de la mise en orbite officielle.<\/p>\n<p>L\u2019engouement populaire ne se fit pas attendre, le galop d\u2019essai drainant pas moins de 89 athl\u00e8tes malgr\u00e9 le silence m\u00e9diatique souhait\u00e9 par Jacques et ses deux lieutenants pour ne pas emballer inconsid\u00e9r\u00e9ment la machine (1). Orchestr\u00e9s sous l\u2019\u00e9gide de l\u2019association franco-suisse TraiL\u00e9man que pr\u00e9side <strong>Jo\u00eblle Etinger<\/strong>, en lien avec le trio fondateur, les deux \u00e9pisodes ult\u00e9rieurs atteindront quasiment les 250 engag\u00e9s (237 en 2014, 230 en 2015). Soit l\u2019affluence maximale que les organisateurs s\u2019\u00e9taient fix\u00e9s (2). Des chiffres d\u2019autant plus remarquables qu\u2019il n\u2019y avait pas d\u2019inscriptions sur place.<\/p>\n<p>Cerise sur le g\u00e2teau, une kyrielle d\u2019\u00e9litaires n\u2019aura pas h\u00e9sit\u00e9 \u00e0 d\u00e9fier la terrible rampe crozetie, acc\u00e9dant au sommet de Montoiseau apr\u00e8s 3,4km et 960m de d\u00e9nivel\u00e9 de transpiration, de larmes et de souffrance, mettant ainsi \u00e0 rude \u00e9preuve leurs muscles et leurs\u2026 nerfs. Mettons notamment en exergue la pr\u00e9sence exceptionnelle de ces deux internationaux que sont l\u2019orienteur <strong>Fran\u00e7ois Gonon<\/strong> et la montagnarde <strong>Christel Dewalle<\/strong>, d\u00e9tenteurs des records, respectivement en 31\u201913 en 2015 et 39\u201900 en 2014. Pareillement, soulignons la venue de <strong>Jean-Fran\u00e7ois Philipot<\/strong>, des fr\u00e8res <strong>Pierre<\/strong> et <strong>Beno\u00eet Chauvet<\/strong>, de\u00a0<strong>Nicolas Pianet<\/strong>, de <strong>Ludovic Pommeret<\/strong>, de <strong>J\u00e9r\u00f4me Bosch<\/strong>, de <strong>Caroline Chaverot<\/strong> ou encore de l\u2019illustre famille <strong>Juillaguet<\/strong>.<\/p>\n<p>Mais quelles que soient leurs vertus athl\u00e9tiques, les convives auront \u00e9t\u00e9 enchant\u00e9s par l\u2019extr\u00eame convivialit\u00e9 enveloppant la manifestation, culminant \u00e0 l\u2019occasion de l\u2019adorable remise des prix c\u00e9l\u00e9br\u00e9e en altitude sur la terrasse du restaurant Le Y\u00e9ti. Et que dire du somptueux panorama embrassant la plaine l\u00e9manique et son lac, cern\u00e9s par les Pr\u00e9alpes chablaisiennes et la Haute Cha\u00eene du Jura. Panorama qui prenait toute sa part dans l\u2019atmosph\u00e8re envo\u00fbtante des lieux.<\/p>\n<p>Devant un tel triomphe, quelle ne fut pas alors la surprise d\u2019apprendre, \u00e0 l\u2019automne 2015, le retrait de Jacques Cusin. Demeurant \u00e0 une trentaine de km du th\u00e9\u00e2tre d\u2019op\u00e9ration, le pr\u00e9curseur n\u2019a pas cach\u00e9 sa lassitude apr\u00e8s s\u2019\u00eatre investi corps et \u00e2me durant quatre bonnes ann\u00e9es en multipliant les allers-retours, sans compter les d\u00e9placements pour d\u00e9marcher les indispensables sponsors.<br \/>\nAvant de tirer sa r\u00e9v\u00e9rence, il \u00e9mettait le voeu de voir Jonathan Laurenti et Olivier Cheneval prendre en mains cet \u00e9v\u00e9nement en fondant leur propre structure dans le pays de Gex, soit au c\u0153ur de l\u2019action. Ce que fera Jonathan,\u00a0en compagnie du Haut-Savoyard\u00a0<strong>Fr\u00e9d\u00e9ric Morand<\/strong>, en donnant naissance, le 1er octobre 2015, \u00e0 Trail The World dont le si\u00e8ge figure \u00e0 son domicile de Pr\u00e9vessin-Mo\u00ebns. Outre la Croz\u2019et Raide, l\u2019autre objectif assign\u00e9 par cette nouvelle association est la prise en charge des trailers qui souhaitent assouvir leur passion \u00e0 l\u2019occasion de voyages \u00e0 l\u2019\u00e9tranger.<\/p>\n<p><strong>F.V.<\/strong><\/p>\n<p>(1) Survenue en 2013, l\u2019\u00e9dition off ne sera planifi\u00e9e que trois mois avant l\u2019\u00e9ch\u00e9ance, et \u00e9bruit\u00e9e sur les r\u00e9seaux sociaux qu\u2019\u00e0 J \u2013 15.<br \/>\n(2) Aussi bien en 2014 qu\u2019en 2015, l\u2019organisation avait \u00e9tabli \u00e0 250 coureurs le quota de participation en raison du repas, compris dans l\u2019inscription, pris sur la terrasse du restaurant Le Y\u00e9ti ou \u00e0 l\u2019int\u00e9rieur si la m\u00e9t\u00e9o avait \u00e9t\u00e9 mauvaise, qui ne pouvaient, l\u2019une comme l\u2019autre, accueillir davantage de monde.<br \/>\n<strong style=\"font-size: 0.95em;\"><span style=\"color: #ffffff;\">.<\/span><br \/>\n<span style=\"color: #ffffff;\">.<\/span><br \/>\n<span style=\"color: #ffffff;\">.<\/span><br \/>\n<\/strong><strong>POUR TOUS LES GOUTS !<\/strong><\/p>\n<p>En reprenant le flambeau \u00e0 l\u2019automne 2015, l\u2019\u00e9quipe de Trail The World a aussit\u00f4t imprim\u00e9 sa marque en faisant du neuf avec du vieux.<br \/>\nElle a d\u2019abord fait de la Croz\u2019et Raide un authentique km vertical, passant de 960m \u00e0 1040m de d\u00e9nivel\u00e9. Ensuite, elle a imagin\u00e9, une fois le km vertical aval\u00e9, faire redescendre les grimpeurs au point de d\u00e9part en empruntant un tout autre parcours, escarp\u00e9 et rapide en diable, au demeurant technique sur les 600 premiers m\u00e8tres par le biais d\u2019une micro trace.<br \/>\nManag\u00e9e par le pr\u00e9sident <strong>Fr\u00e9d\u00e9ric Morand<\/strong>, 30 ans, demeurant \u00e0 Hab\u00e8re-Poche, et le tr\u00e9sorier <strong>Jonathan Laurenti<\/strong>, 33 ans, r\u00e9sidant \u00e0 Pr\u00e9vessin-Mo\u00ebns, l\u2019\u00e9quipe de Trail The World n\u2019aurait pu mener \u00e0 bien sa mission s\u2019il n\u2019y avait eu l\u2019apport d\u00e9cisif de <strong>Didier Ratajczak<\/strong>. Employ\u00e9 municipal \u00e0 Crozet, sapeur-pompier volontaire dans le pays de Gex, celui-ci officiera dimanche en tant que secouriste. En amont, il a servi d\u2019interm\u00e9diaire entre Jonathan et la mairie de Crozet qui a d\u00e9bloqu\u00e9 quelques 300 euros pour la manifestation. Il a ainsi pris en charge la logistique et d\u00e9got\u00e9 aupr\u00e8s des sponsors la coquette somme de 700 euros.<br \/>\nDe m\u00eame, mettons en avant le gros travail de d\u00e9broussaillage du parcours de la part de la communaut\u00e9 de communes du Pays de Gex et de la station Monts Jura. La premi\u00e8re se chargera de la partie basse (jusqu\u2019au restaurant Le Y\u00e9ti et le d\u00e9part du t\u00e9l\u00e9ski de la Ramas), la seconde de la partie haute. Autre pi\u00e8ce ma\u00eetresse en la personne de <strong>Bruno Ladet<\/strong>, technicien au service Randonn\u00e9es du p\u00f4le Culture et Tourisme \u00e0 la communaut\u00e9 de communes du Pays de Gex, sans oublier la pr\u00e9sence, le jour J, d\u2019une trentaine de b\u00e9n\u00e9voles.<\/p>\n<p><strong>F.V.<br \/>\n<\/strong><span style=\"color: #ffffff;\">.<\/span><br \/>\n<span style=\"color: #ffffff;\">.<\/span><br \/>\n<span style=\"color: #ffffff;\">.<\/span><strong style=\"font-size: 0.95em;\"><br \/>\n<\/strong><strong>FAVORIS ET OUTSIDERS SUR LE KM VERTICAL :<\/strong><\/p>\n<p>Les coureurs pouvant d\u00e9cider \u00e0 l\u2019ultime instant, \u00e0 savoir \u00e0 l\u2019arriv\u00e9e du Km Vertical, s\u2019ils entreprennent ou non la descente, nous ne pouvons du m\u00eame coup traiter l\u2019Up and Down.<br \/>\nPar ailleurs, les nouvelles dimensions du Km Vertical (4km pour 1040m de d\u00e9nivel\u00e9 au lieu de 3,4km pour 960m de d\u00e9nivel\u00e9) rendent caduc tout record.<br \/>\n<span style=\"color: #ffffff;\">.<\/span><br \/>\n<span style=\"color: #ffffff;\">.<\/span><strong style=\"font-size: 0.95em;\"><br \/>\n<\/strong><strong>Hommes :<\/strong><\/p>\n<p><strong>Favori\u00a0: <\/strong><br \/>\n\u2013<strong> Swann Juillaguet<\/strong> (Team La Sportiva et Club Athl\u00e9tique du Bassin Bellegardien), n\u00e9 le 6 f\u00e9vrier 1995 (21 ans) et demeurant \u00e0 Septmoncel.<br \/>\nCroz\u2019et Raide\u00a0: 14\u00e8me (10\u00e8me senior) en 46\u201921 en 2013 ; 4\u00e8me (1er jeune) en 35\u201910 en 2015.<br \/>\n2016\u00a0: 3\u00e8me (1er espoir) sur le 23km de la Transju\u2019Trail\u00a0; 6\u00e8me (2\u00e8me espoir) sur la Verticale du Criou\u00a0; 8\u00e8me (2\u00e8me espoir) sur les Championnats Nationaux de Km Vertical, disput\u00e9s dans le cadre\u00a0de\u00a0la 2\u00e8me manche du Manigod Km Vertical Challenge.<br \/>\nMeilleure perf sur km vertical : 34\u201945 au Grand Serre le 5 septembre 2015.<\/p>\n<p><strong>Outsiders :<br \/>\n<\/strong>\u2013<strong> Daniel Juillaguet<\/strong> (V03 Max), n\u00e9 le 21 juin 1967 (49 ans) et demeurant \u00e0 Septmoncel.<br \/>\nCroz\u2019et Raide\u00a0: 10\u00e8me (2\u00e8me v\u00e9t\u00e9ran) en 44\u201915 en 2013 ; 32\u00e8me (9\u00e8me v\u00e9t\u00e9ran) en 45\u201945 en 2014 ; 17\u00e8me (3\u00e8me v\u00e9t\u00e9ran) en 40\u201953 en 2015.<br \/>\n2016\u00a0: 20\u00e8me (2\u00e8me V1) sur l\u2019open des Championnats Nationaux de Km Vertical, disput\u00e9s dans le cadre de la 2\u00e8me manche du Manigod Km Vertical Challenge.<br \/>\n\u2013<strong> Will Juillaguet<\/strong> (Saint-Claude Athl\u00e9tisme), n\u00e9 le 6 janvier 1996 (20 ans) et demeurant \u00e0 Septmoncel.<br \/>\nMeilleure perf sur km vertical\u00a0: 36\u201935 au Grand Serre le 5 septembre 2015.<br \/>\nCroz\u2019et Raide\u00a0: 12\u00e8me (1er jeune) en 42\u201914 en 2014\u00a0; 12\u00e8me (2\u00e8me jeune) en 38\u201952 en 2015.<br \/>\n2016\u00a0: 11\u00e8me (5\u00e8me espoir) sur la Verticale du Criou\u00a0; 12\u00e8me (2\u00e8me espoir) sur l\u2019open des Championnats Nationaux de Km Vertical, disput\u00e9s\u00a0dans le cadre de\u00a0la 2\u00e8me manche du Manigod Km Vertical Challenge.<br \/>\n\u2013<strong> J\u00e9r\u00e9my Lenormand<\/strong> (WGTN The Crew), n\u00e9 le 14 juin 1994 (22 ans) et demeurant \u00e0 Saint-Denis-l\u00e8s-Bourg.<br \/>\n2016 : actuel leader du Challenge de l\u2019Ain de Course en Montagne ; 3\u00e8me (1er espoir) sur le 23km de la Mont\u00e9e des Jonquilles ; 6\u00e8me (1er espoir) sur le 23km du Trail de la Michaille ; 2\u00e8me (1er espoir) sur le 18,5km de l\u2019Escrapade de la Source ; 3\u00e8me (2\u00e8me espoir) sur le 21km de la Vauxoise ; 1er (1er espoir) sur le 21km du Trail de Douvres ; 1er (1er espoir) sur le 42km de la Promenade du B\u00fbcheron ; 11\u00e8me (1er espoir) sur la Mont\u00e9e du Cr\u00eat d\u2019Eau ; 2\u00e8me (1er espoir) sur le 22,5km du Trail Val et Revermont.<br \/>\n\u2013 Le Suisse<strong> Jasper Mcdowell<\/strong> (Berthies Sport), n\u00e9 le 27 avril 1997 (19 ans) et demeurant \u00e0 Gen\u00e8ve.<br \/>\n\u2013<strong> Guillaume Panisset<\/strong> (V\u00e9l\u2019Haut-Jura Saint-Claude), n\u00e9 le 27 janvier 1995 (21 ans).<br \/>\nCroz\u2019et Raide\u00a0: 3\u00e8me en 39\u201953 en 2013.<br \/>\n2016 : 13\u00e8me (2\u00e8me espoir) sur le 23km de la Transju\u2019Trail ; 8\u00e8me (2\u00e8me jeune) sur la 1\u00e8re manche du Manigod Km Vertical Challenge.<br \/>\n<span style=\"color: #ffffff;\">.<\/span><br \/>\n<span style=\"color: #ffffff;\">.<\/span><strong style=\"font-size: 0.95em;\"><br \/>\n<\/strong><strong>Femmes :<\/strong><\/p>\n<p><strong>Favorite :<\/strong><br \/>\n<strong>\u2013 Catherine Juillaguet<\/strong> (Club Athl\u00e9tique du Bassin Bellegardien), n\u00e9e le 4 mai 1962 (53 ans) et demeurant \u00e0 Septmoncel.<br \/>\nCroz\u2019et Raide\u00a0: 1\u00e8re (1\u00e8re v\u00e9t\u00e9rane) en 47\u201940 en 2013 ; 3\u00e8me (1\u00e8re v\u00e9t\u00e9rane) en 47\u201939 en 2014 ; 3\u00e8me (1\u00e8re v\u00e9t\u00e9rane) en 45\u201922 en 2015.<br \/>\n2016\u00a0: 64\u00e8me (24\u00e8me v\u00e9t\u00e9rane) sur le 23km de la Transju\u2019Trail\u00a0; 6\u00e8me (1\u00e8re V2) sur la Verticale du Criou\u00a0; 6\u00e8me (3\u00e8me v\u00e9t\u00e9rane) sur la 1\u00e8re manche du Manigod Km Vertical Challenge ; 10\u00e8me (2\u00e8me V2) sur les Championnats Nationaux de Km Vertical, disput\u00e9s dans le cadre de\u00a0la 2\u00e8me manche du Manigod Km Vertical Challenge.<br \/>\nMeilleure perf sur km vertical\u00a0: 41\u201956 \u00e0 Fully le 25 octobre 2014.<\/p>\n<p><strong>Outsiders :<\/strong><br \/>\n<strong>\u2013 Laetitia Matlet<\/strong> (Club Rh\u00f4ne-Alpin de Potes Atteints du Syndrome du Trail),\u00a0n\u00e9e le 17 novembre 1986 (29 ans), demeurant \u00e0 Gex.<br \/>\n2016 : 2\u00e8me (2\u00e8me senior) sur le 23km du Trail de la Michaille ; 8\u00e8me (6\u00e8me senior) sur le 24km des Foul\u00e9es de Gruffy ; 5\u00e8me (2\u00e8me senior) sur le 15km de la Course des Etangs ; 1\u00e8re (1\u00e8re senior) sur le Cross des Jonquilles de Cuv\u00e9ry-Retord ; 4\u00e8me (3\u00e8me senior) sur le 23km du Trail du Sal\u00e8ve ; 2\u00e8me (1\u00e8re senior) sur la Mont\u00e9e du Grand Colombier ; 50\u00e8me (34\u00e8me senior) sur le 42km du Marathon du Mont-Blanc.<br \/>\n<strong>\u2013 Leticia Khartchenko <\/strong>(Sport Nat 01), n\u00e9e le 27 ao\u00fbt 1980 (35 ans), demeurant \u00e0 Poncin.<br \/>\n2016 : 74\u00e8me (26\u00e8me senior) en 1h52\u201935 (D4) sur le Semi-Marathon de Bourg-en-Bresse ; 5\u00e8me (3\u00e8me senior) sur le 23km du Trail de la Michaille ; 1\u00e8re (1\u00e8re senior) sur le 18,5km de l\u2019Escrapade de la Source ; 4\u00e8me (4\u00e8me senior) sur le 36km de l<a href=\"http:\/\/www.trail-running-savoie.fr\/wp-content\/uploads\/2013\/05\/classement-scratch-Crozet-raide-2013.pdf\">\u2019<\/a>Ard\u00e9chois ; 2\u00e8me (2\u00e8me senior) sur le 42km du Trail SO Bugey ; 1\u00e8re (1\u00e8re senior) sur le 19km du D\u00e9fi des Manants.<br \/>\n<span style=\"color: #ffffff;\">.<\/span><br \/>\n<span style=\"color: #ffffff;\">.<\/span><br \/>\n<span style=\"color: #ffffff;\">.<\/span><strong style=\"font-size: 0.95em;\"><br \/>\n<\/strong><strong>PALMARES DEPUIS 2013 :<\/strong><\/p>\n<p><strong>5 mai 2013<\/strong>\u00a0(3,250km pour 950md+\u00a0; 89 inscrits, 88 class\u00e9s dont 14 femmes).<br \/>\n\u2013 1er (1er v\u00e9t\u00e9ran) :\u00a0<strong>Bruno Saulet<\/strong>\u00a0(Ornex) en 38\u201930.<br \/>\n\u2013 1\u00e8re (1\u00e8re v\u00e9t\u00e9rane, 16\u00e8me au scratch) :\u00a0<strong>Catherine Juillaguet<\/strong>\u00a0(Les Trailers des 7 Monts) en 47\u201940.<br \/>\n\u2013 R\u00e9sultats complets\u00a0sur le lien suivant :<br \/>\n<a href=\"http:\/\/www.trail-running-savoie.fr\/wp-content\/uploads\/2013\/05\/classement-scratch-Crozet-raide-2013.pdf\">classement scratch Croz\u2019et raide 2013<\/a><\/p>\n<p><strong>22 juin 2014<\/strong>\u00a0(3,4km pour 960md+\u00a0; <strong>237 inscrits, 217 class\u00e9s dont 37 femmes, record de participation<\/strong>).<br \/>\n\u2013 1er (1er senior) :\u00a0<strong>Pierre Chauvet<\/strong>\u00a0(Team Socquet Sports ; La Foul\u00e9e d\u2019Annemasse, section de l\u2019Entente Athl\u00e9tique de l\u2019Arve) en 34\u201924.<br \/>\n\u2013 1\u00e8re (1\u00e8re senior, 6\u00e8me au scratch) :\u00a0<strong>Christel Dewalle<\/strong> (Team Trail Adidas et Athl\u00e9 Saint-Julien 74) en <strong>39\u201900, record f\u00e9minin du parcours depuis 2014<\/strong>.<br \/>\n\u2013 R\u00e9sultats complets\u00a0sur le site Web L-Chrono :<br \/>\n<a href=\"http:\/\/www.l-chrono.com\/resultats2014\/crozet.pdf\">http:\/\/www.l-chrono.com\/resultats2014\/crozet.pdf<\/a><\/p>\n<p><strong>21 juin 2015<\/strong>\u00a0(3,4km pour 960md+\u00a0; 230 inscrits, 208 class\u00e9s dont 39 femmes).<br \/>\n\u2013 1er (1er senior) :\u00a0<strong>Fran\u00e7ois Gonon<\/strong>\u00a0(Team Scott) en <strong>31\u201913, record scratch du parcours depuis 2014. <\/strong><br \/>\n\u2013 1\u00e8re (1\u00e8re senior, 29\u00e8me au scratch) :<strong>\u00a0Natacha Liver<\/strong>\u00a0(Suisse, Stade Gen\u00e8ve Athl\u00e9tisme) en 44\u201903.<br \/>\n\u2013 R\u00e9sultats complets\u00a0sur le site Web L-Chrono :<br \/>\n<a href=\"http:\/\/www.l-chrono.com\/resultats2015\/crozet_raide.pdf\">http:\/\/www.l-chrono.com\/resultats2015\/crozet_raide.pdf<\/a><br \/>\n<span style=\"color: #ffffff;\"><strong><span style=\"color: #ffffff;\">L<br \/>\n<\/span><\/strong><\/span><strong><span style=\"color: #000000;\"><span style=\"color: #ffffff;\">.<\/span><br \/>\n<span style=\"color: #ffffff;\">.<\/span><br \/>\nLA CROZ\u2019ET RAIDE SUR LES SITES WEB TPS INFOS (2013-2014) ET COURZYVITE<\/span> (2015) :<\/strong><\/p>\n<p><strong>\u2013 R\u00e9sultats de l\u2019\u00e9dition 2013 :<br \/>\n<\/strong><a style=\"font-size: 0.95em;\" href=\"http:\/\/www.trail-running-savoie.fr\/resultats-et-photos-de-la-croz-et-raide-2013\/\">http:\/\/www.trail-running-savoie.fr\/resultats-et-photos-de-la-croz-et-raide-2013\/<\/a><\/p>\n<p><strong>\u2013 <\/strong><strong>Compte rendu et photos de l\u2019\u00e9dition 2013 :<\/strong><br \/>\n<a href=\"http:\/\/www.trail-running-savoie.fr\/compte-rendu-et-photos-de-la-crozet-raide-05-05-13\/\">http:\/\/www.trail-running-savoie.fr\/compte-rendu-et-photos-de-la-crozet-raide-05-05-13\/<\/a><\/p>\n<p><strong>\u2013 <\/strong><strong>Vid\u00e9o de l\u2019\u00e9dition 2013 :<\/strong><br \/>\n<a href=\"http:\/\/www.trail-running-savoie.fr\/video-de-la-croz-et-raide-05-05-13\/\">http:\/\/www.trail-running-savoie.fr\/video-de-la-croz-et-raide-05-05-13\/<\/a><\/p>\n<p><strong>\u2013 <\/strong><strong>R\u00e9sultats, compte rendu, photos et vid\u00e9o de l\u2019\u00e9dition 2014 :<\/strong><br \/>\n<a href=\"http:\/\/www.trail-running-savoie.fr\/resultats-compte-rendu-video-et-photos-de-la-crozet-raide-premier-km-vertical-dans-lain-et-le-massif-du-jura-22-06-14\/\">http:\/\/www.trail-running-savoie.fr\/resultats-compte-rendu-video-et-photos-de-la-crozet-raide-premier-km-vertical-dans-lain-et-le-massif-du-jura-22-06-14\/<\/a><\/p>\n<p><strong>\u2013 <\/strong><strong>R\u00e9sultats, compte rendu et photos de l\u2019\u00e9dition 2015 :<\/strong><br \/>\n<a href=\"https:\/\/www.courzyvite.run\/blog\/2015\/06\/22\/resultats-compte-rendu-et-photos-de-la-crozraide-21-06-15\/\">https:\/\/www.courzyvite.run\/blog\/2015\/06\/22\/resultats-compte-rendu-et-photos-de-la-crozraide-21-06-15\/<\/a><br \/>\n<span style=\"color: #ffffff;\">.<\/span><br \/>\n<span style=\"color: #ffffff;\">.<\/span><br \/>\n<span style=\"color: #ffffff;\">.<\/span><strong style=\"font-size: 0.95em;\"><br \/>\n<\/strong><strong>INFOS PRATIQUES :<\/strong><\/p>\n<p><strong>Deux courses :<\/strong><br \/>\n<strong>\u2013 Le Km Vertical\u00a0:<\/strong>\u00a04km pour 1040md+, reliant la mairie de Crozet (540m) \u00e0 Montoiseau, l\u2019arriv\u00e9e \u00e9tant jug\u00e9e 20m sous le sommet (1580m).<br \/>\n<strong>\u2013 L\u2019Up and Down\u00a0:<\/strong> 8,3km pour 1040md+ et 1040md-, empruntant dans son int\u00e9gralit\u00e9 le km vertical \u00e0 la mont\u00e9e et redescendant \u00e0 la mairie de Crozet par un autre chemin, long de 4,3km.<br \/>\nLes concurrents d\u00e9cident de leur choix de course \u00e0 l\u2019arriv\u00e9e du km vertical, jug\u00e9e \u00e0 une vingtaine de m\u00e8tres de d\u00e9nivel\u00e9 du sommet du Montoiseau.<\/p>\n<p><strong>Deux challenges :<\/strong><br \/>\n<strong>\u2013 Le Challenge D\u00e9partemental des Courses Hors Stade.<\/strong><br \/>\n<strong>\u2013 Le Challenge de l\u2019Ain de Course en Montagne<\/strong> (21 manches) dont l\u2019Up and Down de la Croz\u2019et Raide constitue la 14\u00e8me \u00e9tape.<br \/>\nSite Web :\u00a0<a href=\"http:\/\/courses.free.fr\/challenge\/challenge.php\">http:\/\/courses.free.fr\/challenge\/challenge.php<\/a><\/p>\n<p><strong>Inscriptions et remise des dossards :<\/strong><br \/>\n<strong>\u2013 Jour J :<\/strong>\u00a0rue du Jura, devant la mairie de Crozet.<\/p>\n<p><strong>Montants\u00a0:<\/strong><br \/>\n\u2013 Km Vertical\u00a0: 13 euros en ligne.<br \/>\n\u2013 Up and Down\u00a0:\u00a013 euros en ligne.<br \/>\n\u2013 Jour J\u00a0:<br \/>\n\u2013 Km Vertical\u00a0: majoration de 2 euros.<br \/>\n\u2013 Up and Down\u00a0:\u00a0majoration de 2 euros.<\/p>\n<p><strong>D\u00e9part\u00a0:<\/strong><br \/>\n<strong>Lieu\u00a0:<\/strong>\u00a0rue du Jura, devant la mairie de Crozet.<br \/>\n<strong>Horaires :<\/strong><br \/>\n\u2013 Km Vertical\u00a0:\u00a009h30.<br \/>\n\u2013 Up and Down\u00a0: 09h30.<\/p>\n<p><strong>Ravitaillements\u00a0:<\/strong><br \/>\n\u2013 Restaurant Le Yeti, apr\u00e8s 700m de d\u00e9nivel\u00e9 positif.<br \/>\n\u2013 D\u00e9part du t\u00e9l\u00e9ski de la Ramas apr\u00e8s 340m de d\u00e9nivel\u00e9 n\u00e9gatif.<\/p>\n<p><strong>Remise des prix :<\/strong><br \/>\n<strong>\u2013 Lieu :<\/strong>\u00a0arriv\u00e9e, rue du Jura, devant la mairie de Crozet.<br \/>\n<strong>\u2013 Km Vertical\u00a0:<\/strong><br \/>\nPodiums scratchs masculin et f\u00e9minin : les 3 premiers et les 3 premi\u00e8res.<br \/>\nPodium jeunes (cadets, juniors et espoirs) masculin et f\u00e9minin : le premier et la premi\u00e8re.<br \/>\nPodium v\u00e9t\u00e9rans masculin et f\u00e9minin :\u00a0le premier et la premi\u00e8re.<br \/>\nPas de cumul entre les podiums scratch et par cat\u00e9gories d\u2019\u00e2ge.<br \/>\n<strong>\u2013 Up and Down\u00a0:<\/strong><br \/>\nPodiums scratchs masculin et f\u00e9minin : les 3 premiers et les 3 premi\u00e8res.<br \/>\nPodium jeunes (cadets, juniors et espoirs) masculin et f\u00e9minin :\u00a0le premier et la premi\u00e8re.<br \/>\nPodium v\u00e9t\u00e9rans masculin et f\u00e9minin :\u00a0le premier et la premi\u00e8re.<br \/>\nPas de cumul entre les podiums scratch et par cat\u00e9gories d\u2019\u00e2ge.<\/p>\n<p><strong>Renseignements compl\u00e9mentaires\u00a0:<\/strong><br \/>\n<strong>\u2013 E-mail de Jonathan Laurenti,\u00a0fondateur et tr\u00e9sorier de Trail The World\u00a0:\u00a0<\/strong><a href=\"mailto:jonathan.laurenti@gmail.com\">jonathan.laurenti@gmail.com<br \/>\n<\/a><strong>\u2013 Page Facebook :<\/strong>\u00a0<a href=\"https:\/\/www.facebook.com\/CrozEtRaide\/?fref=ts\">https:\/\/www.facebook.com\/CrozEtRaide\/?fref=ts<\/a><br \/>\n<strong>\u2013 Site Web de Trail The World :\u00a0<\/strong><a href=\"https:\/\/trailzeworld.com\/la-crozet-raide\/\">https:\/\/trailzeworld.com\/la-crozet-raide\/<\/a><br \/>\n<strong>\u2013 T\u00e9l\u00e9phones de Jonathan Laurenti, fondateur et tr\u00e9sorier de Trail The World\u00a0:<\/strong> 04-56-82-99-69 ou 06-78-59-94-95.<br \/>\n<span style=\"color: #ffffff;\">.<\/span><br \/>\n<span style=\"color: #ffffff;\">.<\/span><br \/>\n<span style=\"color: #ffffff;\">.<\/span><strong style=\"font-size: 0.95em;\"><br \/>\n<\/strong><strong>PHOTOS :<\/strong><\/p>\n<p><img data-recalc-dims=\"1\" loading=\"lazy\" decoding=\"async\" class=\"size-full wp-image-47802 aligncenter\" src=\"https:\/\/i0.wp.com\/www.courzyvite.run\/blog\/wp-content\/uploads\/2016\/07\/J24F5422.jpg?resize=829%2C553&#038;ssl=1\" alt=\"\" width=\"829\" height=\"553\" srcset=\"https:\/\/i0.wp.com\/www.courzyvite.run\/blog\/wp-content\/uploads\/2016\/07\/J24F5422.jpg?w=829&amp;ssl=1 829w, https:\/\/i0.wp.com\/www.courzyvite.run\/blog\/wp-content\/uploads\/2016\/07\/J24F5422.jpg?resize=820%2C547&amp;ssl=1 820w, https:\/\/i0.wp.com\/www.courzyvite.run\/blog\/wp-content\/uploads\/2016\/07\/J24F5422.jpg?resize=150%2C100&amp;ssl=1 150w, https:\/\/i0.wp.com\/www.courzyvite.run\/blog\/wp-content\/uploads\/2016\/07\/J24F5422.jpg?resize=768%2C512&amp;ssl=1 768w\" sizes=\"auto, (max-width: 829px) 100vw, 829px\" \/><strong>Swann Juillaguet<\/strong> (Team La Sportiva et Club Athl\u00e9tique du Bassin Bellegardien), grandissime favori du Km Vertical et du 1er Up and Down, disput\u00e9 le dimanche 24 juillet 2016 \u00e0 Crozet, dans le cadre de la 4\u00e8me \u00e9dition de la Croz\u2019et Raide.<br \/>\nVice-champion de France espoir de km vertical le 16 juillet dernier \u00e0 Manigod, le Jurassien sera la grande attraction de cette double comp\u00e8te.<\/p>\n<p>Clich\u00e9 pris le 21 juin 2015 par <strong>RonRonRazzi<\/strong> \u00e0 l\u2019occasion de la 3\u00e8me Croz\u2019et Raide, o\u00f9 Swann s\u2019appropriera la 4\u00e8me place (1er jeune) en 35\u201910.<br \/>\nImage r\u00e9alis\u00e9e apr\u00e8s 700m de d\u00e9nivel\u00e9.<\/p>\n<p><img data-recalc-dims=\"1\" loading=\"lazy\" decoding=\"async\" class=\"aligncenter wp-image-47685\" src=\"https:\/\/i0.wp.com\/www.trail-running-savoie.fr\/wp-content\/uploads\/2016\/07\/IMG_5843.jpg?resize=800%2C533\" sizes=\"auto, (max-width: 800px) 100vw, 800px\" srcset=\"http:\/\/www.trail-running-savoie.fr\/wp-content\/uploads\/2016\/07\/IMG_5843.jpg 720w, http:\/\/www.trail-running-savoie.fr\/wp-content\/uploads\/2016\/07\/IMG_5843-300x200.jpg 300w, http:\/\/www.trail-running-savoie.fr\/wp-content\/uploads\/2016\/07\/IMG_5843-500x333.jpg 500w, http:\/\/www.trail-running-savoie.fr\/wp-content\/uploads\/2016\/07\/IMG_5843-600x400.jpg 600w\" alt=\"IMG_5843\" width=\"800\" height=\"533\" \/><strong>Laetitia Matlet<\/strong> (Club Rh\u00f4ne-Alpin de Potes Atteints du Syndrome du Trail), favorite du 1er Up and Down, disput\u00e9 le dimanche 24 juillet 2016 \u00e0 Crozet, dans le cadre de la 4\u00e8me \u00e9dition de la Croz\u2019et Raide.<br \/>\nAuteur d\u2019une excellente saison, la Gessienne d\u2019origine belge (dossard 630), pourrait bien enlever l\u2019Up and Down. En revanche, sa victoire sur le Km Vertical est beaucoup plus hypoth\u00e9tique. Elle devra en effet se hisser devan<strong>t Catherine Juillaguet<\/strong>, maman de <strong>Swann<\/strong>, qui, il y a huit jours, est devenue championne de France master 2 de km vertical \u00e0 Manigod. La t\u00e2che s\u2019annonce d\u2019autant plus difficile qu\u2019elle \u00e9trennera cette discipline si particuli\u00e8re.<\/p>\n<p>Clich\u00e9 pris le 12 juin 2016 par <strong>Jean-Claude Delachenal <\/strong>\u00e0 l\u2019occasion de la 2\u00e8me Mont\u00e9e du Grand Colombier, concourue \u00e0 Culoz, o\u00f9 Laetitia s\u2019appropriera la 2\u00e8me place f\u00e9minine (1\u00e8re senior, 70\u00e8me au scratch) en 1h57\u201955.<br \/>\nAu premier plan, on distingue son co\u00e9quipier du Club Rh\u00f4ne-Alpin de Potes Atteints du Syndrome du Trail,<strong>\u00a0Philippe Milliroux<\/strong>, qui finira ex aequo avec elle, s\u2019adjugeant le 70\u00e8me rang (22\u00e8me senior). Notons que Philippe s\u2019alignera \u00e9galement sur la Croz\u2019et Raide ce dimanche.<br \/>\nImage r\u00e9alis\u00e9e peu avant l\u2019arriv\u00e9e.<strong>\u00a0<\/strong><\/p>\n","protected":false},"excerpt":{"rendered":"<p>RETOUR SUR LES TROIS GLORIEUSES\u00a0! Rarement, une comp\u00e9tition de course \u00e0 pied n\u2019aura acquis aussi rapidement ses lettres de noblesse. Pour l\u2019essentiel, on le doit au Feig\u00e8rois Jacques Cusin qui en a \u00e9mis l\u2019id\u00e9e en 2011 avant de la soumettre, l\u2019ann\u00e9e suivante et avec succ\u00e8s, aux Gessiens Jonathan Laurenti et\u00a0Olivier Cheneval, rencontr\u00e9s fortuitement. Ce trio de choc aura ensuite d\u00e9ploy\u00e9 des tr\u00e9sors d\u2019\u00e9nergie pour parfaire et promouvoir ce km vertical, [&#8230;]<\/p>\n","protected":false},"author":2,"featured_media":47802,"comment_status":"closed","ping_status":"open","sticky":false,"template":"","format":"standard","meta":{"advanced_seo_description":"","jetpack_seo_html_title":"","jetpack_seo_noindex":false,"_jetpack_memberships_contains_paid_content":false,"footnotes":"","jetpack_publicize_message":"","jetpack_publicize_feature_enabled":true,"jetpack_social_post_already_shared":true,"jetpack_social_options":{"image_generator_settings":{"template":"highway","default_image_id":0,"font":"","enabled":false},"version":2}},"categories":[14,32,21,6,13],"tags":[],"class_list":["post-439","post","type-post","status-publish","format-standard","has-post-thumbnail","hentry","category-ain","category-articles-sur-les-courses","category-la-crozet-raide","category-articles","category-presentations-des-courses"],"views":2199,"jetpack_publicize_connections":[],"jetpack_featured_media_url":"https:\/\/i0.wp.com\/www.courzyvite.run\/blog\/wp-content\/uploads\/2016\/07\/J24F5422.jpg?fit=829%2C553&ssl=1","jetpack_shortlink":"https:\/\/wp.me\/p7PZ3h-75","jetpack_sharing_enabled":true,"_links":{"self":[{"href":"https:\/\/www.courzyvite.run\/blog\/wp-json\/wp\/v2\/posts\/439","targetHints":{"allow":["GET"]}}],"collection":[{"href":"https:\/\/www.courzyvite.run\/blog\/wp-json\/wp\/v2\/posts"}],"about":[{"href":"https:\/\/www.courzyvite.run\/blog\/wp-json\/wp\/v2\/types\/post"}],"author":[{"embeddable":true,"href":"https:\/\/www.courzyvite.run\/blog\/wp-json\/wp\/v2\/users\/2"}],"replies":[{"embeddable":true,"href":"https:\/\/www.courzyvite.run\/blog\/wp-json\/wp\/v2\/comments?post=439"}],"version-history":[{"count":0,"href":"https:\/\/www.courzyvite.run\/blog\/wp-json\/wp\/v2\/posts\/439\/revisions"}],"wp:featuredmedia":[{"embeddable":true,"href":"https:\/\/www.courzyvite.run\/blog\/wp-json\/wp\/v2\/media\/47802"}],"wp:attachment":[{"href":"https:\/\/www.courzyvite.run\/blog\/wp-json\/wp\/v2\/media?parent=439"}],"wp:term":[{"taxonomy":"category","embeddable":true,"href":"https:\/\/www.courzyvite.run\/blog\/wp-json\/wp\/v2\/categories?post=439"},{"taxonomy":"post_tag","embeddable":true,"href":"https:\/\/www.courzyvite.run\/blog\/wp-json\/wp\/v2\/tags?post=439"}],"curies":[{"name":"wp","href":"https:\/\/api.w.org\/{rel}","templated":true}]}}