{"id":3822,"date":"2016-12-17T12:05:51","date_gmt":"2016-12-17T11:05:51","guid":{"rendered":"https:\/\/www.courzyvite.run\/blog\/?p=3822"},"modified":"2021-08-03T08:57:41","modified_gmt":"2021-08-03T06:57:41","slug":"presentation-de-la-corrida-de-bellegarde-17-12-16","status":"publish","type":"post","link":"https:\/\/www.courzyvite.run\/blog\/2016\/12\/17\/presentation-de-la-corrida-de-bellegarde-17-12-16\/","title":{"rendered":"PRESENTATION DE LA CORRIDA DE BELLEGARDE \/ 17-12-16"},"content":{"rendered":"<p><b>QUAND BELLEGARDE REND HOMMAGE A SON FLEUVE&#8230;<\/b><\/p>\n<p>Qu\u2019on se le tienne pour dit ! La 2\u00e8me cuv\u00e9e de la Corrida de Bellegarde, orchestr\u00e9e par le Club Athl\u00e9tique du Bassin Bellegardien (CABB), se tiendra ce samedi apr\u00e8s-midi au c\u0153ur de la quatri\u00e8me ville de l\u2019Ain.<br \/>\nDisput\u00e9e \u00e0 l\u2019occasion des Lumi-Rh\u00f4ne, l\u2019un des \u00e9v\u00e9nements des Hiver\u2019Vals, animations de fin d\u2019ann\u00e9e concoct\u00e9es par la mairie, cette manifestation avait connu son bapt\u00eame du feu en 2015 sous l\u2019appellation des Foul\u00e9es Bellegardiennes. Quatre hommes auront jou\u00e9 un r\u00f4le clef dans l\u2019aboutissement de cette course : <strong>Didier Traor\u00e9<\/strong>, pr\u00e9sident du CABB, qui en est le p\u00e8re fondateur\u00a0; <strong>Philippe Camp<\/strong>, directeur des services \u00e0 la population et \u00e0 la citoyennet\u00e9 \u00e0 la Ville, qui a con\u00e7u le parcours en compagnie de\u00a0<strong>Laurent Grappin<\/strong>, responsable du service des sports \u00e0 la Ville, avant de le rallonger pour cette 2\u00e8me \u00e9dition ; enfin, <strong>Jacques Decorme<\/strong>, conseiller municipal d\u00e9l\u00e9gu\u00e9 aux associations, aux sports et \u00e0 l\u2019\u00e9v\u00e9nementiel.<\/p>\n<p><strong>Le Rh\u00f4ne remis au go\u00fbt du jour<\/strong><br \/>\nJudicieusement, l\u2019itin\u00e9raire emprunte pour partie le cheminement pi\u00e9tonnier bordant le Rh\u00f4ne et la Valserine, son espi\u00e8gle et sauvage affluent de la rive droite, les organisateurs mettant \u00e0 profit les remarquables am\u00e9nagements de leurs berges, financ\u00e9s par la mairie et la Compagnie nationale du Rh\u00f4ne. Entam\u00e9e en octobre 2011, cette valorisation du patrimoine naturel bellegardien a permis aux autochtones de se r\u00e9approprier le troisi\u00e8me fleuve fran\u00e7ais \u00e0 qui ils ont trop longtemps tourn\u00e9 le dos, la promotion touristique \u00e9tant l\u2019autre mamelle de cette op\u00e9ration d\u2019envergure.<br \/>\nLes adultes arpenteront \u00e0 cinq reprises une boucle de 1280m (1091m en 2015), soit 6400m auxquels on ajoute 112m, ce qui fait 6512m, la zone de d\u00e9part et d\u2019arriv\u00e9e \u00e9tant en effet d\u00e9cal\u00e9e de 56m du circuit.<br \/>\nDifficile, ce trac\u00e9 est tout en relance, les virages \u00e0 angle droit ou \u00e0 \u00e9pingles \u00e0 cheveu \u00e9tant l\u00e9gion, sans compter quelques marches d\u2019escalier et deux faux plats montants, le premier pimentant la rive gauche de la Valserine, le second s\u2019\u00e9tendant du boulodrome jusqu\u2019au d\u00e9but de la rue Viala. Le clou intervient au moment d\u2019enjamber sur une passerelle l\u2019envo\u00fbtante confluence entre le Rh\u00f4ne et la Valserine.<\/p>\n<p><strong>Kiday, grandissime favori<\/strong><br \/>\nAuteur de sa meilleure ann\u00e9e depuis son irruption en France en 2005, constell\u00e9e de 13 victoires individuelles, le Marocain <strong>Abdesalam alias Abdou Kiday<\/strong> (CABB et Team Running Conseil Annemasse), laur\u00e9at sortant, partira en pole position. Sa nouvelle marque r\u00e9f\u00e9rence sur 10 bornes (29\u201947 dans le cadre du Lausanne Marathon) ne laisse aucun doute \u00e0 ce sujet, d\u2019autant plus que les fus\u00e9es <strong>Guillaume Adam<\/strong> et <strong>Julien Lyon<\/strong>, longtemps pressenties, seront absentes. Sa 21\u00e8me place \u00e0 l\u2019Escalad\u00e9lite en 22\u201905 est bien s\u00fbr \u00e0 l\u2019avenant.<br \/>\n4\u00e8me en 2015, son compatriote et co\u00e9quipier du CABB\u00a0<strong>El Yazid El Madi<\/strong>\u00a0est bien d\u00e9cid\u00e9 \u00e0 devenir son dauphin.\u00a0Le quadra devra cependant prendre garde de ses nouveaux camarades de club, particuli\u00e8rement aff\u00fbt\u00e9s \u00e0 l\u2019heure actuelle, que sont <strong>S\u00e9bastien Giani<\/strong> (31\u201951 sur le 10km du Lausanne Marathon, 1er \u00e0 l\u2019Escalade Hommes 2) et\u00a0<strong>Paul Waroquier<\/strong> (1er \u00e0 l\u2019Escalade Hommes 3).<\/p>\n<p><strong>Une jeune pousse en embuscade<\/strong><br \/>\nUn autre gar\u00e7on, de toute \u00e9vidence, est \u00e0 surveiller comme le lait sur le feu\u00a0: le n\u00e9o-Bellegardien <strong>Alexis Poullot<\/strong>, cadet 2\u00e8me ann\u00e9e pour \u00eatre n\u00e9 le 7 mars 2000. Celui qui int\u00e8gre aussi WGTN The Crew a en effet marqu\u00e9 de son empreinte sa saison, comme le prouvent ses 36\u201951 sur le 10km d\u2019Oyonnax. Raison pour laquelle il d\u00e9laissera l\u2019\u00e9preuve r\u00e9serv\u00e9e \u00e0 sa cat\u00e9gorie afin de rejoindre celle des adultes.<br \/>\nMais n\u2019oublions pas non plus le duathl\u00e8te portugais <strong>Tiago Teixeira<\/strong> (Thonon Athl\u00e9tic Club, section du L\u00e9man Athl\u00e9tic Club), en pleine pr\u00e9paration pour les Mondiaux 2017, 2\u00e8me au Miroir des Eaux puis aux Hermones cet automne. Sans compter ses deux coll\u00e8gues<strong> Vincent Lombardi<\/strong> (12\u00e8me en 2015) et\u00a0<strong>Xavier Decurninge<\/strong>, victorieux en 2016 du 5,9km de la Saint-Bruno ainsi que du 6,6km de la Colline.<br \/>\nDe m\u00eame, le Groisilien <strong>Christophe Girod<\/strong> ainsi que<strong>\u00a0Didier Thiaffey-Rencorel <\/strong>(ASPTT Annecy, Teams Craft-Salming et St\u00e4ubli Sports)<strong>\u00a0<\/strong>n\u2019accourront certainement pas en victimes expiatoires. Ancien fer de lance d\u2019Annecy-le-Vieux Of Course, le premier cavale aujourd\u2019hui, et avant tout, pour le fun, ce qui ne l\u2019emp\u00eache pas de se faire remarquer avantageusement, ses r\u00e9centes perfs l\u2019attestant\u00a0: 1er sur la Machu\u2019Run puis 8\u00e8me sur le 9,7km du Cross du Pays du Laudon. Quant \u00e0 Didier, trailer courte distance par excellence, il aura brill\u00e9 de mille feux cette ann\u00e9e sur l\u2019asphalte, portant son record sur 10km \u00e0 34\u201931 \u00e0 Aix-les-Bains avant de finir 2\u00e8me sur l\u2019Escalade Hommes 2.<br \/>\nOn rel\u00e8vera encore la pr\u00e9sence de ces deux sexag\u00e9naires \u00e0 la notori\u00e9t\u00e9 bien \u00e9tablie\u00a0: le pensionnaire de l\u2019Athl\u00e9 Saint-Julien (ASJ) et du Team 42km195\u00a0<strong>Jean-Claude Gentzik<\/strong> (1er V3 en 2015), entra\u00eeneur, entre autres, de Kiday\u00a0; et l\u2019incontournable speaker aixois <strong>Patrick Dubouchet<\/strong> (3\u00e8me V3 en 2015).<\/p>\n<p><strong>Vers un duel Vignand-Leservoisier<\/strong><br \/>\n2\u00e8me en 2015 derri\u00e8re la fondeuse lyonnaise <strong>Julie Faure<\/strong>, la quadrag\u00e9naire <strong>Nad\u00e8ge Vignand<\/strong> (ASPTT Annecy) devra, pour l\u2019emporter, croiser le fer avec l\u2019embl\u00e9matique quinqua <strong>Michelle Leservoisier<\/strong>\u00a0(Jogg\u2019Attitude) qu\u2019accompagnera son fid\u00e8le \u00e9poux<strong> Patrick<\/strong>.<br \/>\nRespectivement 3\u00e8me et 4\u00e8me du pr\u00e9c\u00e9dent \u00e9pisode,<strong> Carole Fournier<\/strong> et <strong>Clotilde Heberl\u00e9<\/strong> d\u00e9fendront les couleurs de la section loisirs de l\u2019ASJ qu\u2019elles ch\u00e9rissent tant. Assur\u00e9ment, <strong>Anne Michel<\/strong> (TAC) a largement les moyens de rivaliser avec les deux Saint-Juliennoises.<br \/>\nBien \u00e9videmment, ces pronostics sont \u00e0 prendre avec des pincettes, les sempiternels retardataires se faisant un malin plaisir, comme toujours, de les bousculer&#8230;<\/p>\n<p>Franchement, avec un tel parcours, avec de tels athl\u00e8tes, si vous ne savez pas comment meubler votre apr\u00e8s-midi du 17 d\u00e9cembre, il ne vous restera alors plus qu\u2019une seule alternative : chausser vos running \u00e0 Bellegarde !<br \/>\n<strong><br \/>\nF.V.<br \/>\n<\/strong><span style=\"color: #ffffff;\">.<\/span><br \/>\n<span style=\"color: #ffffff;\">.<\/span><strong style=\"font-size: 0.95em;\"><br \/>\n<\/strong><strong>PALMARES DE LA 1ERE EDITION DU 19 DECEMBRE 2015 :<\/strong><\/p>\n<p><strong>Scratch<\/strong>\u00a0(6572m ; 71\u00a0inscrits, 71 partants, 70 class\u00e9s)\u00a0:<br \/>\n\u2013 1er (1er senior)\u00a0:\u00a0<strong>Abdesalam Kiday<\/strong>\u00a0(Maroc, Club Athl\u00e9tique du Bassin Bellegardien et Team Running Conseil Annemasse) en 20\u201937.<br \/>\n\u2013 2\u00e8me (2\u00e8me senior)\u00a0:\u00a0<strong>Otmane Belharbazi\u00a0<\/strong>(Club Athl\u00e9tique du Bassin Bellegardien) en 20\u201949.<br \/>\n\u2013 3\u00e8me (3\u00e8me senior)\u00a0:\u00a0<strong>Sergio Dias\u00a0<\/strong>(Portugal, Club Athl\u00e9tique du Bassin Bellegardien) en 21\u201904.<br \/>\n\u2013 4\u00e8me (1er V1)\u00a0:\u00a0<strong>El Yazid El Madi<\/strong>\u00a0(Maroc, Club Athl\u00e9tique du Bassin Bellegardien) en 21\u201940.<br \/>\n\u2013 5\u00e8me (4\u00e8me senior)\u00a0:\u00a0<strong>Yanis Lecompte<\/strong> (Cornier) en 21\u201942.<\/p>\n<p><strong>Femmes <\/strong>(21 class\u00e9es)\u00a0:<br \/>\n\u2013 1\u00e8re (1\u00e8re senior, 27\u00e8me au scratch)\u00a0:\u00a0<strong>Julie Faure<\/strong>\u00a0(Bessat Sports d\u2019Hiver et Team Fischer) en 27\u201925.<br \/>\n\u2013 2\u00e8me (1\u00e8re V1, 30\u00e8me au scratch)\u00a0:\u00a0<strong>Nad\u00e8ge Vignand<\/strong>\u00a0(ASPTT Annecy Athl\u00e9tisme) en 27\u201956.<br \/>\n\u2013 3\u00e8me (2\u00e8me senior, 33\u00e8me au scratch)\u00a0:\u00a0<strong>Carole Fournier<\/strong> (Athl\u00e9 Saint-Julien 74) en 28\u201915.<br \/>\n\u2013 4\u00e8me (2\u00e8me V1, 38\u00e8me au scratch)\u00a0:<strong>\u00a0Clotilde Heberl\u00e9<\/strong>\u00a0(Athl\u00e9 Saint-Julien 74) en 29\u201920.<br \/>\n\u2013 5\u00e8me (3\u00e8me senior, 39\u00e8me au scratch)\u00a0:\u00a0<strong>Sandrine Favre-Victoire\u00a0<\/strong>(Annecy Haute-Savoie Athl\u00e9tisme) en 29\u201922.<\/p>\n<p><strong>R\u00e9sultats complets :<\/strong><br \/>\nIls figurent sur le site Web Courzyvite :<br \/>\n<a href=\"http:\/\/www.courzyvite.run\/15Resultats\/FouleeBellegardienne2015.pdf\">http:\/\/www.courzyvite.run\/15Resultats\/FouleeBellegardienne2015.pdf<\/a><br \/>\n<span style=\"color: #ffffff;\">.<\/span><br \/>\n<span style=\"color: #ffffff;\">.<\/span><strong><br \/>\nINFOS PRATIQUES :<\/strong><\/p>\n<p><strong>Six courses :<\/strong><br \/>\n<strong> 4 courses enfants :<\/strong><br \/>\n&#8211; Course n\u00b01 r\u00e9serv\u00e9e aux baby athl\u00e9 gar\u00e7ons-filles (2012-2011) : 500m environ.<br \/>\n&#8211; Course n\u00b02 r\u00e9serv\u00e9e aux \u00e9veils athl\u00e9 gar\u00e7ons-filles (2010-2009-2008) : 900m environ.<br \/>\n&#8211; Course n\u00b03 r\u00e9serv\u00e9e aux poussins-poussines (2007-2006) : 1392m (une boucle).<br \/>\n&#8211; Course n\u00b04 r\u00e9serv\u00e9e aux benjamins-benjamines (2005-2004), aux minimes gar\u00e7ons-filles (2003-2002) et aux cadets-cadettes (2001-2000).<br \/>\nLes benjamins-benjamines et les minimes gar\u00e7ons-filles parcourront 2672m (2 boucles), les cadets-cadettes 3972m (3 boucles).<br \/>\n<strong>Une course famille :<\/strong><br \/>\n&#8211; Course n\u00b05 r\u00e9serv\u00e9e au relais famille (3 relayeurs dont au moins 1 enfant) : 1392m (une boucle).<br \/>\n<strong>Une course adulte :<\/strong><br \/>\n&#8211; Course n\u00b06 ou Challenge Ren\u00e9 Mugnier r\u00e9serv\u00e9e aux juniors, espoirs, seniors et v\u00e9t\u00e9rans hommes-femmes : 6512m (5 boucles).<\/p>\n<p><strong>Un challenge\u00a0:<\/strong><br \/>\n<strong> Le Challenge D\u00e9partemental des Courses Hors Stade de l\u2019Ain.<\/strong><\/p>\n<p><strong>D\u00e9parts :<\/strong><br \/>\n<strong> Horaires :<\/strong><br \/>\n&#8211; Course n\u00b01 r\u00e9serv\u00e9e aux baby athl\u00e9 gar\u00e7ons-filles (2012-2011) : 15h00.<br \/>\n&#8211; Course n\u00b02 r\u00e9serv\u00e9e aux \u00e9veils athl\u00e9 gar\u00e7ons-filles (2010-2009-2008) : 15h15.<br \/>\n&#8211; Course n\u00b03 r\u00e9serv\u00e9e aux poussins-poussines (2007-2006) : 15h30.<br \/>\n&#8211; Course n\u00b04 r\u00e9serv\u00e9e aux benjamins-benjamines (2005-2004), aux minimes gar\u00e7ons-filles (2003-2002) et aux cadets-cadettes (2001-2000) : 15h50.<br \/>\n&#8211; Course n\u00b05 r\u00e9serv\u00e9e au relais famille (3 relayeurs dont au moins 1 enfant) : 16h20.<br \/>\n&#8211; Course n\u00b06 ou Challenge Ren\u00e9 Mugnier r\u00e9serv\u00e9e aux juniors, espoirs, seniors et v\u00e9t\u00e9rans hommes-femmes : 16h50.<\/p>\n<p><strong>Renseignements compl\u00e9mentaires :<br \/>\n<\/strong><strong>Site Web de la manifestation :<\/strong><br \/>\n<a href=\"http:\/\/l.facebook.com\/l.php?u=http%3A%2F%2Fwww.courses.cabb01.club%2Fcorridadebellegarde%2F&amp;h=KAQHGNw0OAQGy9KmKIEtTpsR6WRq07gyWb1R3ROxSjL39Gw&amp;enc=AZPvMdJEabeckARhMyONcpZKXXNcxHmf4QNF3lrT4R7gD8oz1MKL8e7UKlAvM9rDWYeT4QdY_3iyStlQnBstf_tFrHCJ0ELaNRrzhVCnaSQumi5RP_hnHx_oLlLAWBAW8vhC0-kk1GmOyWbjVGLTZ4S_1cDv7pZ70Nv9B6JCorzO2sioeGMGajVj89YA4LBNzpRcJGt2ZUrp-FenM6AMR0co&amp;s=1\">http:\/\/www.courses.cabb01.club\/corridadebellegarde\/<\/a><br \/>\n<span style=\"color: #ffffff;\">.<\/span><strong><br \/>\n<\/strong><span style=\"color: #ffffff;\">.<\/span><strong><br \/>\n<\/strong><strong>PHOTOS :<br \/>\n<\/strong><\/p>\n<p><img data-recalc-dims=\"1\" loading=\"lazy\" decoding=\"async\" class=\"aligncenter wp-image-3824\" src=\"https:\/\/i0.wp.com\/www.courzyvite.run\/blog\/wp-content\/uploads\/2016\/12\/CORRIDA1.jpg?resize=463%2C700\" width=\"463\" height=\"700\" srcset=\"https:\/\/i0.wp.com\/www.courzyvite.run\/blog\/wp-content\/uploads\/2016\/12\/CORRIDA1.jpg?w=529&amp;ssl=1 529w, https:\/\/i0.wp.com\/www.courzyvite.run\/blog\/wp-content\/uploads\/2016\/12\/CORRIDA1.jpg?resize=93%2C140&amp;ssl=1 93w, https:\/\/i0.wp.com\/www.courzyvite.run\/blog\/wp-content\/uploads\/2016\/12\/CORRIDA1.jpg?resize=397%2C600&amp;ssl=1 397w\" sizes=\"auto, (max-width: 463px) 100vw, 463px\" \/>Le clou du parcours de la 2\u00e8me \u00e9dition de la Corrida de Bellegarde sera incontestablement la spectaculaire passerelle surplombant le confluent entre la Valserine (au premier plan) et le Rh\u00f4ne (au fond).<br \/>\nLes adultes la fouleront \u00e0 cinq reprises.<br \/>\nClich\u00e9 de <strong>Sylvain Lancia<\/strong> (Club Athl\u00e9tique du Bassin Bellegardien).<br \/>\n<img data-recalc-dims=\"1\" loading=\"lazy\" decoding=\"async\" class=\"aligncenter wp-image-3825\" src=\"https:\/\/i0.wp.com\/www.courzyvite.run\/blog\/wp-content\/uploads\/2016\/12\/10330357_971089762963130_5799035670498835226_n.jpg?resize=860%2C572\" width=\"860\" height=\"572\" srcset=\"https:\/\/i0.wp.com\/www.courzyvite.run\/blog\/wp-content\/uploads\/2016\/12\/10330357_971089762963130_5799035670498835226_n.jpg?w=800&amp;ssl=1 800w, https:\/\/i0.wp.com\/www.courzyvite.run\/blog\/wp-content\/uploads\/2016\/12\/10330357_971089762963130_5799035670498835226_n.jpg?resize=211%2C140&amp;ssl=1 211w, https:\/\/i0.wp.com\/www.courzyvite.run\/blog\/wp-content\/uploads\/2016\/12\/10330357_971089762963130_5799035670498835226_n.jpg?resize=768%2C511&amp;ssl=1 768w\" sizes=\"auto, (max-width: 860px) 100vw, 860px\" \/>En toute logique,<strong> Abdesalam alias Abdou Kiday <\/strong>(Club Athl\u00e9tique du Bassin Bellegardien et Team Running Conseil Annemasse), \u00e0 droite sur l\u2019image, devrait enlever pour la deuxi\u00e8me ann\u00e9e cons\u00e9cutive la seconde\u00a0\u00e9dition de la Corrida de Bellegarde.<br \/>\nClich\u00e9 de <strong>Jean-Claude Delachenal<\/strong>,\u00a0pris le 19 d\u00e9cembre 2015 \u00e0 l\u2019occasion de la 1\u00e8re Corrida de Bellegarde, o\u00f9 Abdou s\u2019appropriera la 1\u00e8re place (1er senior) en 20\u201937.<br \/>\nDans ses talons, on reconna\u00eet son ancien \u00e9quipier bellegardien, le Portugais <strong>Sergio Dias<\/strong>, qui terminera en 3\u00e8me position (3\u00e8me senior) en 21\u201904.<\/p>\n<p>&nbsp;<\/p>\n","protected":false},"excerpt":{"rendered":"<p>QUAND BELLEGARDE REND HOMMAGE A SON FLEUVE&#8230; Qu\u2019on se le tienne pour dit ! La 2\u00e8me cuv\u00e9e de la Corrida de Bellegarde, orchestr\u00e9e par le Club Athl\u00e9tique du Bassin Bellegardien (CABB), se tiendra ce samedi apr\u00e8s-midi au c\u0153ur de la quatri\u00e8me ville de l\u2019Ain. Disput\u00e9e \u00e0 l\u2019occasion des Lumi-Rh\u00f4ne, l\u2019un des \u00e9v\u00e9nements des Hiver\u2019Vals, animations de fin d\u2019ann\u00e9e concoct\u00e9es par la mairie, cette manifestation avait connu son bapt\u00eame du feu [&#8230;]<\/p>\n","protected":false},"author":2,"featured_media":3825,"comment_status":"closed","ping_status":"open","sticky":false,"template":"","format":"standard","meta":{"advanced_seo_description":"","jetpack_seo_html_title":"","jetpack_seo_noindex":false,"_jetpack_memberships_contains_paid_content":false,"footnotes":"","jetpack_publicize_message":"PRESENTATION DE LA CORRIDA DE BELLEGARDE \/ 17-12-16","jetpack_publicize_feature_enabled":true,"jetpack_social_post_already_shared":true,"jetpack_social_options":{"image_generator_settings":{"template":"highway","default_image_id":0,"font":"","enabled":false},"version":2}},"categories":[14,13],"tags":[11],"class_list":["post-3822","post","type-post","status-publish","format-standard","has-post-thumbnail","hentry","category-ain","category-presentations-des-courses","tag-news"],"views":2682,"jetpack_publicize_connections":[],"jetpack_featured_media_url":"https:\/\/i0.wp.com\/www.courzyvite.run\/blog\/wp-content\/uploads\/2016\/12\/10330357_971089762963130_5799035670498835226_n.jpg?fit=800%2C532&ssl=1","jetpack_shortlink":"https:\/\/wp.me\/p7PZ3h-ZE","jetpack_sharing_enabled":true,"_links":{"self":[{"href":"https:\/\/www.courzyvite.run\/blog\/wp-json\/wp\/v2\/posts\/3822","targetHints":{"allow":["GET"]}}],"collection":[{"href":"https:\/\/www.courzyvite.run\/blog\/wp-json\/wp\/v2\/posts"}],"about":[{"href":"https:\/\/www.courzyvite.run\/blog\/wp-json\/wp\/v2\/types\/post"}],"author":[{"embeddable":true,"href":"https:\/\/www.courzyvite.run\/blog\/wp-json\/wp\/v2\/users\/2"}],"replies":[{"embeddable":true,"href":"https:\/\/www.courzyvite.run\/blog\/wp-json\/wp\/v2\/comments?post=3822"}],"version-history":[{"count":0,"href":"https:\/\/www.courzyvite.run\/blog\/wp-json\/wp\/v2\/posts\/3822\/revisions"}],"wp:featuredmedia":[{"embeddable":true,"href":"https:\/\/www.courzyvite.run\/blog\/wp-json\/wp\/v2\/media\/3825"}],"wp:attachment":[{"href":"https:\/\/www.courzyvite.run\/blog\/wp-json\/wp\/v2\/media?parent=3822"}],"wp:term":[{"taxonomy":"category","embeddable":true,"href":"https:\/\/www.courzyvite.run\/blog\/wp-json\/wp\/v2\/categories?post=3822"},{"taxonomy":"post_tag","embeddable":true,"href":"https:\/\/www.courzyvite.run\/blog\/wp-json\/wp\/v2\/tags?post=3822"}],"curies":[{"name":"wp","href":"https:\/\/api.w.org\/{rel}","templated":true}]}}