{"id":301,"date":"2013-09-30T10:46:21","date_gmt":"2013-09-30T08:46:21","guid":{"rendered":"https:\/\/www.courzyvite.run\/blog\/?p=301"},"modified":"2017-09-11T12:04:04","modified_gmt":"2017-09-11T10:04:04","slug":"resultats-commentaires-et-photos-de-la-ventre-a-terre-29-09-13","status":"publish","type":"post","link":"https:\/\/www.courzyvite.run\/blog\/2013\/09\/30\/resultats-commentaires-et-photos-de-la-ventre-a-terre-29-09-13\/","title":{"rendered":"RESULTATS, COMMENTAIRES ET PHOTOS DE LA VENTRE A TERRE \/ 29-09-13"},"content":{"rendered":"<p><strong>UNE BELLE PREMIERE\u00a0!<\/strong><\/p>\n<p>Soleil et couleurs d\u2019automne \u00e9taient au rendez-vous de cette \u00e9dition princeps de la Ventre \u00e0 Terre, concourue \u00e0 Bellevaux.\u00a0Au total, 102 d\u00e9voreurs de pente sur 111 inscrits se sont \u00e9lanc\u00e9s sur les pentes soutenues de la pointe de Chalune, culminant \u00e0 2116m d\u2019altitude.<\/p>\n<p>Au menu de l\u2019\u00e9preuve reine disput\u00e9e par 74 comp\u00e9titeurs, 13,5km pour 1100m de d\u00e9nivel\u00e9 \u00e0 travers un\u00a0parcours typiquement montagne, parfois\u00a0technique, avec de multiples sentiers monotrace.<\/p>\n<p><strong>Guillaume Fantin<\/strong> (ASPTT Annecy Athl\u00e9tisme), particuli\u00e8rement \u00e0 l\u2019aise sur ce type de terrain, rafle la mise en 1h26\u201926 devant l\u2019espoir\u00a0<strong>Robin Mottiez<\/strong>\u00a0(Vacheresse) puis <strong>Philippe\u00a0De Besses<\/strong> (La Foul\u00e9e d\u2019Annemasse).<strong><br \/>\n<\/strong>Chez les dames, c\u2019est\u00a0<strong>Lauriane Foulet-Moreau<\/strong> (Team Trail Quechua) qui\u00a0s\u2019impose avec de la marge\u00a0en 1h52\u201930 devant les quadras\u00a0<strong>Martine Meynet-Cordonnier<\/strong>\u00a0(Bellevaux) et\u00a0<strong>Isabelle Velarde<\/strong> (Les Trailers du M\u00f4le).<\/p>\n<p>La Casse-Pieds, o\u00f9 6km et 400m de d\u00e9nivel\u00e9 attendaient les 28 concurrents, a vu deux cadets triompher : l\u2019autochtone\u00a0<strong>Corentin Bernaz<\/strong> (Lou Tavan) et la fondeuse\u00a0<strong>Julie Bron <\/strong>(Les Gets Ski Comp\u00e9tition),<strong>\u00a0<\/strong>qui franchissent respectivement la ligne en 40\u201921 et 47\u201915.<\/p>\n<p><strong>F.V.<\/strong><\/p>\n<p><span style=\"color: #ffffff;\">.<\/span><br \/>\n<strong>RESULTATS\u00a0:<\/strong><\/p>\n<p>Ils figurent sur le site Web Courzyvite\u00a0:<br \/>\n<a href=\"http:\/\/www.courzyvite.run\/13Resultats\/VentreATerre2013.pdf\">http:\/\/www.courzyvite.run\/13Resultats\/VentreATerre2013.pdf<\/a><\/p>\n<p><span style=\"color: #ffffff;\">.<\/span><br \/>\n<strong>PHOTOS :<br \/>\n<\/strong><\/p>\n<p><img data-recalc-dims=\"1\" loading=\"lazy\" decoding=\"async\" class=\"wp-image-1079 aligncenter\" src=\"https:\/\/i0.wp.com\/www.courzyvite.run\/blog\/wp-content\/uploads\/2013\/09\/1273509_10200679693457878_275968138_o-685x1024.jpg?resize=468%2C700\" alt=\"1273509_10200679693457878_275968138_o-685x1024\" width=\"468\" height=\"700\" srcset=\"https:\/\/i0.wp.com\/www.courzyvite.run\/blog\/wp-content\/uploads\/2013\/09\/1273509_10200679693457878_275968138_o-685x1024.jpg?resize=685%2C1024&amp;ssl=1 685w, https:\/\/i0.wp.com\/www.courzyvite.run\/blog\/wp-content\/uploads\/2013\/09\/1273509_10200679693457878_275968138_o-685x1024.jpg?resize=201%2C300&amp;ssl=1 201w\" sizes=\"auto, (max-width: 468px) 100vw, 468px\" \/>1\u00e8re \u00e9dition de la Ventre \u00e0 Terre, 29 septembre 2013.<br \/>\n13,5km.<br \/>\nPeu apr\u00e8s le d\u00e9part.<br \/>\n\u2013 Dossard\u00a039 : <strong>J\u00e9r\u00f4me Meynet-Cordonnier<\/strong> (Lou Tavan), 9\u00e8me (3\u00e8me junior) en 1h40\u201937.<br \/>\n\u2013 Dossard 42\u00a0: <strong>Robin Mottiez<\/strong> (Vacheresse), 2\u00e8me (1er junior) en 1h27\u201919.<br \/>\n\u2013 Dossard terminant par 0\u00a0: <strong>Hugo Calame<\/strong> (Les Vorosses Running du CAF du L\u00e9man), 5\u00e8me (4\u00e8me senior) en 1h31\u201939.<br \/>\n\u2013 Dossard 14\u00a0: <strong>Philippe De Besses<\/strong> (La Foul\u00e9e d\u2019Annemasse), 3\u00e8me (2\u00e8me senior) en 1h28\u201920.<br \/>\n\u2013 Dossard 59\u00a0: <strong>Olivier Meynet<\/strong> (Lou Tavan), 4\u00e8me (3\u00e8me senior) en 1h31\u201937.<br \/>\nClich\u00e9 de <strong>Jean-Michel Colombet<\/strong>.<br \/>\n<img data-recalc-dims=\"1\" loading=\"lazy\" decoding=\"async\" class=\"wp-image-1080 aligncenter\" src=\"https:\/\/i0.wp.com\/www.courzyvite.run\/blog\/wp-content\/uploads\/2013\/09\/904340_10200679696177946_2121745267_o-685x1024.jpg?resize=468%2C700\" alt=\"904340_10200679696177946_2121745267_o-685x1024\" width=\"468\" height=\"700\" srcset=\"https:\/\/i0.wp.com\/www.courzyvite.run\/blog\/wp-content\/uploads\/2013\/09\/904340_10200679696177946_2121745267_o-685x1024.jpg?resize=685%2C1024&amp;ssl=1 685w, https:\/\/i0.wp.com\/www.courzyvite.run\/blog\/wp-content\/uploads\/2013\/09\/904340_10200679696177946_2121745267_o-685x1024.jpg?resize=201%2C300&amp;ssl=1 201w\" sizes=\"auto, (max-width: 468px) 100vw, 468px\" \/>1\u00e8re \u00e9dition de la Ventre \u00e0 Terre, 29 septembre 2013.<br \/>\n13,5km.<br \/>\nPeu apr\u00e8s le d\u00e9part.<br \/>\n\u2013 Dossard 19\u00a0: <strong>Pierre Dubreuil<\/strong>, 10\u00e8me (4\u00e8me junior) en 1h41\u201943.<br \/>\n\u2013 Dossard terminant par 8\u00a0: <strong>Anthony Meynet<\/strong>, 12\u00e8me (6\u00e8me junior) en 1h45\u201938.<br \/>\n\u2013 Dossard 53\u00a0: <strong>Daniel Teypaz<\/strong> (Les Trailers du M\u00f4le), 41\u00e8me (6\u00e8me V1) en 2h02\u201941.<br \/>\nClich\u00e9 de <strong>Jean-Michel Colombet<\/strong>.<\/p>\n<p><a href=\"https:\/\/i0.wp.com\/www.trail-running-savoie.fr\/wp-content\/uploads\/2014\/09\/1265405_10200679703618132_1748095595_o-685x1024.jpg\"><img data-recalc-dims=\"1\" loading=\"lazy\" decoding=\"async\" class=\"aligncenter wp-image-1081\" src=\"https:\/\/i0.wp.com\/www.courzyvite.run\/blog\/wp-content\/uploads\/2013\/09\/1265405_10200679703618132_1748095595_o-685x1024.jpg?resize=468%2C700\" alt=\"1265405_10200679703618132_1748095595_o-685x1024\" width=\"468\" height=\"700\" srcset=\"https:\/\/i0.wp.com\/www.courzyvite.run\/blog\/wp-content\/uploads\/2013\/09\/1265405_10200679703618132_1748095595_o-685x1024.jpg?resize=685%2C1024&amp;ssl=1 685w, https:\/\/i0.wp.com\/www.courzyvite.run\/blog\/wp-content\/uploads\/2013\/09\/1265405_10200679703618132_1748095595_o-685x1024.jpg?resize=201%2C300&amp;ssl=1 201w\" sizes=\"auto, (max-width: 468px) 100vw, 468px\" \/><\/a>1\u00e8re \u00e9dition de la Ventre \u00e0 Terre, 29 septembre 2013.<br \/>\n13,5km.<br \/>\nPeu apr\u00e8s le d\u00e9part.<br \/>\n\u2013 Dossard 33\u00a0:\u00a0<strong>Anthony Meynet<\/strong>, 59\u00e8me (13\u00e8me junior) en 2h23\u201904.<br \/>\n\u2013 Dossard 56\u00a0:\u00a0<strong>Cl\u00e9ment Vautey<\/strong>, 37\u00e8me (11\u00e8me junior) en 2h01\u201936.<br \/>\n\u2013 Dossard commen\u00e7ant par 6\u00a0:\u00a0<strong>Jacques Pasquier<\/strong>\u00a0(Les Tra\u00eenes la Grolle), 60\u00e8me (7\u00e8me V2) en 2h23\u201957.<br \/>\nClich\u00e9 de <strong>Jean-Michel Colombet<\/strong>.<a href=\"http:\/\/www.trail-running-savoie.fr\/wp-content\/uploads\/2014\/09\/1244430_10200679705018167_1627570854_o-685x1024.jpg\"><br \/>\n<\/a><img data-recalc-dims=\"1\" loading=\"lazy\" decoding=\"async\" class=\"aligncenter wp-image-1082\" src=\"https:\/\/i0.wp.com\/www.courzyvite.run\/blog\/wp-content\/uploads\/2013\/09\/1244430_10200679705018167_1627570854_o-685x1024.jpg?resize=468%2C700\" alt=\"1244430_10200679705018167_1627570854_o-685x1024\" width=\"468\" height=\"700\" srcset=\"https:\/\/i0.wp.com\/www.courzyvite.run\/blog\/wp-content\/uploads\/2013\/09\/1244430_10200679705018167_1627570854_o-685x1024.jpg?resize=685%2C1024&amp;ssl=1 685w, https:\/\/i0.wp.com\/www.courzyvite.run\/blog\/wp-content\/uploads\/2013\/09\/1244430_10200679705018167_1627570854_o-685x1024.jpg?resize=201%2C300&amp;ssl=1 201w\" sizes=\"auto, (max-width: 468px) 100vw, 468px\" \/>1\u00e8re \u00e9dition de la Ventre \u00e0 Terre, 29 septembre 2013.<br \/>\n13,5km.<br \/>\nPeu apr\u00e8s le d\u00e9part.<br \/>\n\u2013 Dossard 66\u00a0: <strong>Denis Pinaud<\/strong> (Draillant), 45\u00e8me (6\u00e8me V2) en 2h05\u201925.<br \/>\n\u2013 Dossard 44\u00a0: <strong>Ludovic Petit<\/strong> (Douvaine), 53\u00e8me (18\u00e8me senior) en 2h10\u201959.<br \/>\n\u2013 Dossard 43\u00a0:<strong> Erick Perillat-Am\u00e9d\u00e9e<\/strong>, 54\u00e8me (10\u00e8me V1) en 2h12\u201916.<br \/>\n\u2013 Dossard 4 :\u00a0<strong>Laurent Besombef<\/strong>, 63\u00e8me (21\u00e8me senior) en 2h25\u201955.<br \/>\nClich\u00e9 de <strong>Jean-Michel Colombet<\/strong>.<a href=\"http:\/\/www.trail-running-savoie.fr\/wp-content\/uploads\/2014\/09\/%C2%A9SophieDu..-1024x679.jpg\"><br \/>\n<\/a><img data-recalc-dims=\"1\" loading=\"lazy\" decoding=\"async\" class=\"aligncenter wp-image-1086\" src=\"https:\/\/i0.wp.com\/www.courzyvite.run\/blog\/wp-content\/uploads\/2013\/09\/%C2%A9SophieDu..-1024x679.jpg?resize=860%2C570\" alt=\"sophiedu-1024x679\" width=\"860\" height=\"570\" srcset=\"https:\/\/i0.wp.com\/www.courzyvite.run\/blog\/wp-content\/uploads\/2013\/09\/%C2%A9SophieDu..-1024x679.jpg?resize=1024%2C679&amp;ssl=1 1024w, https:\/\/i0.wp.com\/www.courzyvite.run\/blog\/wp-content\/uploads\/2013\/09\/%C2%A9SophieDu..-1024x679.jpg?resize=300%2C199&amp;ssl=1 300w, https:\/\/i0.wp.com\/www.courzyvite.run\/blog\/wp-content\/uploads\/2013\/09\/%C2%A9SophieDu..-1024x679.jpg?resize=768%2C509&amp;ssl=1 768w\" sizes=\"auto, (max-width: 860px) 100vw, 860px\" \/>1\u00e8re \u00e9dition de la Ventre \u00e0 Terre, 29 septembre 2013.<br \/>\n13,5km.<br \/>\nLe Biollan\u00a0<strong>Guillaume Fantin<\/strong>\u00a0(ASPTT Annecy Athl\u00e9tisme), 1er (1er senior) en 1h26\u201926.<br \/>\nClich\u00e9 de\u00a0<strong>Sophie Dunajev<\/strong>.<\/p>\n<p><img data-recalc-dims=\"1\" loading=\"lazy\" decoding=\"async\" class=\"aligncenter wp-image-1088\" src=\"https:\/\/i0.wp.com\/www.courzyvite.run\/blog\/wp-content\/uploads\/2013\/09\/%C2%A9Sophie_Dunajev_Ventre%C3%A0Terre2013_2-1600x1200-1024x677.jpg?resize=860%2C569\" alt=\"sophie_dunajev_ventreaterre2013_2-1600x1200-1024x677\" width=\"860\" height=\"569\" srcset=\"https:\/\/i0.wp.com\/www.courzyvite.run\/blog\/wp-content\/uploads\/2013\/09\/%C2%A9Sophie_Dunajev_Ventre%C3%A0Terre2013_2-1600x1200-1024x677.jpg?resize=1024%2C677&amp;ssl=1 1024w, https:\/\/i0.wp.com\/www.courzyvite.run\/blog\/wp-content\/uploads\/2013\/09\/%C2%A9Sophie_Dunajev_Ventre%C3%A0Terre2013_2-1600x1200-1024x677.jpg?resize=300%2C198&amp;ssl=1 300w, https:\/\/i0.wp.com\/www.courzyvite.run\/blog\/wp-content\/uploads\/2013\/09\/%C2%A9Sophie_Dunajev_Ventre%C3%A0Terre2013_2-1600x1200-1024x677.jpg?resize=768%2C508&amp;ssl=1 768w\" sizes=\"auto, (max-width: 860px) 100vw, 860px\" \/>1\u00e8re \u00e9dition de la Ventre \u00e0 Terre, 29 septembre 2013.<br \/>\n13,5km.<br \/>\nDans le mur final situ\u00e9 entre le col de V\u00e9sinaz (1802m) et la pointe de Chalune (2116m), principale difficult\u00e9.<br \/>\nOn reconna\u00eet en 1\u00e8re position le Mieusserand\u00a0<strong>Olivier Meynet<\/strong>\u00a0(Lou Tavan), 4\u00e8me (3\u00e8me senior) en 1h31\u201937, talonn\u00e9 par le Saint-Paulain\u00a0<strong>Hugo Calame<\/strong>\u00a0(Les Vorosses Running du CAF du L\u00e9man), 5\u00e8me (4\u00e8me senior) en 1h31\u201939.<br \/>\nClich\u00e9 de\u00a0<strong>Sophie Dunajev<\/strong>.<br \/>\n<img data-recalc-dims=\"1\" loading=\"lazy\" decoding=\"async\" class=\"wp-image-1077 aligncenter\" src=\"https:\/\/i0.wp.com\/www.courzyvite.run\/blog\/wp-content\/uploads\/2013\/09\/1275750_235930439887460_615687019_o.jpg?resize=860%2C570\" alt=\"1275750_235930439887460_615687019_o\" width=\"860\" height=\"570\" srcset=\"https:\/\/i0.wp.com\/www.courzyvite.run\/blog\/wp-content\/uploads\/2013\/09\/1275750_235930439887460_615687019_o.jpg?w=2048&amp;ssl=1 2048w, https:\/\/i0.wp.com\/www.courzyvite.run\/blog\/wp-content\/uploads\/2013\/09\/1275750_235930439887460_615687019_o.jpg?resize=300%2C199&amp;ssl=1 300w, https:\/\/i0.wp.com\/www.courzyvite.run\/blog\/wp-content\/uploads\/2013\/09\/1275750_235930439887460_615687019_o.jpg?resize=768%2C509&amp;ssl=1 768w, https:\/\/i0.wp.com\/www.courzyvite.run\/blog\/wp-content\/uploads\/2013\/09\/1275750_235930439887460_615687019_o.jpg?resize=1024%2C678&amp;ssl=1 1024w, https:\/\/i0.wp.com\/www.courzyvite.run\/blog\/wp-content\/uploads\/2013\/09\/1275750_235930439887460_615687019_o.jpg?w=1720&amp;ssl=1 1720w\" sizes=\"auto, (max-width: 860px) 100vw, 860px\" \/>1\u00e8re \u00e9dition de la Ventre \u00e0 Terre, 29 septembre 2013.<br \/>\n13,5km.<br \/>\nDans le mur final situ\u00e9 entre le col de V\u00e9sinaz (1802m) et la pointe de Chalune (2116m), principale difficult\u00e9.<br \/>\n<strong>J\u00e9r\u00f4me Meynet-Cordonnier<\/strong>\u00a0(Lou Tavan), 9\u00e8me (3\u00e8me junior) en 1h40\u201937.<br \/>\nClich\u00e9 de\u00a0<strong>Sophie Dunajev<\/strong>.<a href=\"http:\/\/www.trail-running-savoie.fr\/wp-content\/uploads\/2014\/09\/%C2%A9Sophie_Dunajev_Ventre%C3%A0Terre2013_6-1600x1200-678x1024.jpg\"><br \/>\n<\/a><img data-recalc-dims=\"1\" loading=\"lazy\" decoding=\"async\" class=\"wp-image-1083 aligncenter\" src=\"https:\/\/i0.wp.com\/www.courzyvite.run\/blog\/wp-content\/uploads\/2013\/09\/%C2%A9Sophie_Dunajev_Ventre%C3%A0Terre2013_6-1600x1200-678x1024.jpg?resize=463%2C700\" alt=\"sophie_dunajev_ventreaterre2013_6-1600x1200-678x1024\" width=\"463\" height=\"700\" srcset=\"https:\/\/i0.wp.com\/www.courzyvite.run\/blog\/wp-content\/uploads\/2013\/09\/%C2%A9Sophie_Dunajev_Ventre%C3%A0Terre2013_6-1600x1200-678x1024.jpg?resize=678%2C1024&amp;ssl=1 678w, https:\/\/i0.wp.com\/www.courzyvite.run\/blog\/wp-content\/uploads\/2013\/09\/%C2%A9Sophie_Dunajev_Ventre%C3%A0Terre2013_6-1600x1200-678x1024.jpg?resize=199%2C300&amp;ssl=1 199w\" sizes=\"auto, (max-width: 463px) 100vw, 463px\" \/>1\u00e8re \u00e9dition de la Ventre \u00e0 Terre, 29 septembre 2013.<br \/>\n13,5km.<br \/>\nDans le mur final situ\u00e9 entre le col de V\u00e9sinaz (1802m) et la pointe de Chalune (2116m), principale difficult\u00e9.<br \/>\nClich\u00e9 de\u00a0<strong>Sophie Dunajev<\/strong>.<a href=\"http:\/\/www.trail-running-savoie.fr\/wp-content\/uploads\/2014\/09\/DSCN1471-1024x768.jpg\"><br \/>\n<\/a><img data-recalc-dims=\"1\" loading=\"lazy\" decoding=\"async\" class=\"aligncenter wp-image-1087\" src=\"https:\/\/i0.wp.com\/www.courzyvite.run\/blog\/wp-content\/uploads\/2013\/09\/DSCN1471-1024x768-1.jpg?resize=860%2C645\" alt=\"dscn1471-1024x768-1\" width=\"860\" height=\"645\" srcset=\"https:\/\/i0.wp.com\/www.courzyvite.run\/blog\/wp-content\/uploads\/2013\/09\/DSCN1471-1024x768-1.jpg?w=1024&amp;ssl=1 1024w, https:\/\/i0.wp.com\/www.courzyvite.run\/blog\/wp-content\/uploads\/2013\/09\/DSCN1471-1024x768-1.jpg?resize=300%2C225&amp;ssl=1 300w, https:\/\/i0.wp.com\/www.courzyvite.run\/blog\/wp-content\/uploads\/2013\/09\/DSCN1471-1024x768-1.jpg?resize=768%2C576&amp;ssl=1 768w\" sizes=\"auto, (max-width: 860px) 100vw, 860px\" \/>1\u00e8re \u00e9dition de la Ventre \u00e0 Terre, 29 septembre 2013.<br \/>\n13,5km.<br \/>\nLa Passerande<strong>\u00a0Lauriane Foulet-Moreau<\/strong>\u00a0(Team Trail Quechua), 1\u00e8re femme (1\u00e8re senior, 22\u00e8me au scratch) en 1h52\u201930.<a href=\"http:\/\/www.trail-running-savoie.fr\/wp-content\/uploads\/2014\/09\/1268187_10200679712378351_1192527107_o-685x1024.jpg\"><br \/>\n<\/a><img data-recalc-dims=\"1\" loading=\"lazy\" decoding=\"async\" class=\"aligncenter wp-image-1084\" src=\"https:\/\/i0.wp.com\/www.courzyvite.run\/blog\/wp-content\/uploads\/2013\/09\/1268187_10200679712378351_1192527107_o-685x1024.jpg?resize=468%2C700\" alt=\"1268187_10200679712378351_1192527107_o-685x1024\" width=\"468\" height=\"700\" srcset=\"https:\/\/i0.wp.com\/www.courzyvite.run\/blog\/wp-content\/uploads\/2013\/09\/1268187_10200679712378351_1192527107_o-685x1024.jpg?resize=685%2C1024&amp;ssl=1 685w, https:\/\/i0.wp.com\/www.courzyvite.run\/blog\/wp-content\/uploads\/2013\/09\/1268187_10200679712378351_1192527107_o-685x1024.jpg?resize=201%2C300&amp;ssl=1 201w\" sizes=\"auto, (max-width: 468px) 100vw, 468px\" \/>1\u00e8re \u00e9dition de la Ventre \u00e0 Terre, 29 septembre 2013.<br \/>\n6km.<br \/>\nPeu apr\u00e8s le d\u00e9part.<br \/>\n\u2013 Dossard 211 : <strong>Fanny<\/strong><strong>\u00a0Meynet-Cordonnier<\/strong>\u00a0(Lou Tavan), 2\u00e8me femme (2\u00e8me cadette, 7\u00e8me au scratch)\u00a0en 47\u201917.<br \/>\n\u2013 Dossard 223 :\u00a0<strong>Ana\u00efs Boucansaud<\/strong>\u00a0(Athl\u00e9tic Club Evian, section du L\u00e9man\u00a0Athl\u00e9tic Club), 3\u00e8me femme (1\u00e8re junior, 8\u00e8me au scratch) en 52\u201907.<br \/>\nClich\u00e9 de <strong>Jean-Michel Colombet<\/strong>.<\/p>\n<p><strong>\u00a0<\/strong><\/p>\n","protected":false},"excerpt":{"rendered":"<p>UNE BELLE PREMIERE\u00a0! Soleil et couleurs d\u2019automne \u00e9taient au rendez-vous de cette \u00e9dition princeps de la Ventre \u00e0 Terre, concourue \u00e0 Bellevaux.\u00a0Au total, 102 d\u00e9voreurs de pente sur 111 inscrits se sont \u00e9lanc\u00e9s sur les pentes soutenues de la pointe de Chalune, culminant \u00e0 2116m d\u2019altitude. Au menu de l\u2019\u00e9preuve reine disput\u00e9e par 74 comp\u00e9titeurs, 13,5km pour 1100m de d\u00e9nivel\u00e9 \u00e0 travers un\u00a0parcours typiquement montagne, parfois\u00a0technique, avec de multiples sentiers [&#8230;]<\/p>\n","protected":false},"author":2,"featured_media":302,"comment_status":"closed","ping_status":"open","sticky":false,"template":"","format":"standard","meta":{"advanced_seo_description":"","jetpack_seo_html_title":"","jetpack_seo_noindex":false,"_jetpack_memberships_contains_paid_content":false,"footnotes":"","jetpack_publicize_message":"RESULTATS, COMMENTAIRES ET PHOTOS DE LA VENTRE A TERRE \/ 29-09-13","jetpack_publicize_feature_enabled":true,"jetpack_social_post_already_shared":true,"jetpack_social_options":{"image_generator_settings":{"template":"highway","default_image_id":0,"font":"","enabled":false},"version":2}},"categories":[19,36,5],"tags":[],"class_list":["post-301","post","type-post","status-publish","format-standard","has-post-thumbnail","hentry","category-comptes-rendus","category-cr-haute-savoie","category-resultats"],"views":2361,"jetpack_publicize_connections":[],"jetpack_featured_media_url":"https:\/\/i0.wp.com\/www.courzyvite.run\/blog\/wp-content\/uploads\/2016\/09\/1268187_10200679712378351_1192527107_o-685x1024.jpg?fit=685%2C1024&ssl=1","jetpack_shortlink":"https:\/\/wp.me\/p7PZ3h-4R","jetpack_sharing_enabled":true,"_links":{"self":[{"href":"https:\/\/www.courzyvite.run\/blog\/wp-json\/wp\/v2\/posts\/301","targetHints":{"allow":["GET"]}}],"collection":[{"href":"https:\/\/www.courzyvite.run\/blog\/wp-json\/wp\/v2\/posts"}],"about":[{"href":"https:\/\/www.courzyvite.run\/blog\/wp-json\/wp\/v2\/types\/post"}],"author":[{"embeddable":true,"href":"https:\/\/www.courzyvite.run\/blog\/wp-json\/wp\/v2\/users\/2"}],"replies":[{"embeddable":true,"href":"https:\/\/www.courzyvite.run\/blog\/wp-json\/wp\/v2\/comments?post=301"}],"version-history":[{"count":0,"href":"https:\/\/www.courzyvite.run\/blog\/wp-json\/wp\/v2\/posts\/301\/revisions"}],"wp:featuredmedia":[{"embeddable":true,"href":"https:\/\/www.courzyvite.run\/blog\/wp-json\/wp\/v2\/media\/302"}],"wp:attachment":[{"href":"https:\/\/www.courzyvite.run\/blog\/wp-json\/wp\/v2\/media?parent=301"}],"wp:term":[{"taxonomy":"category","embeddable":true,"href":"https:\/\/www.courzyvite.run\/blog\/wp-json\/wp\/v2\/categories?post=301"},{"taxonomy":"post_tag","embeddable":true,"href":"https:\/\/www.courzyvite.run\/blog\/wp-json\/wp\/v2\/tags?post=301"}],"curies":[{"name":"wp","href":"https:\/\/api.w.org\/{rel}","templated":true}]}}