{"id":2199,"date":"2015-10-26T17:47:04","date_gmt":"2015-10-26T16:47:04","guid":{"rendered":"https:\/\/www.courzyvite.run\/blog\/?p=2199"},"modified":"2021-05-15T21:05:42","modified_gmt":"2021-05-15T19:05:42","slug":"retour-a-ledition-du-31-octobre-2015-par-le-texte-et-limage","status":"publish","type":"post","link":"https:\/\/www.courzyvite.run\/blog\/2015\/10\/26\/retour-a-ledition-du-31-octobre-2015-par-le-texte-et-limage\/","title":{"rendered":"RESULTATS, COMPTES RENDUS ET PHOTOS DU CROSS DE LA SEMINE \/ 25-10-15"},"content":{"rendered":"<p><strong>EL YAZID EL MADI ET NADEGE VIGNAND FONT LEURS SHOWS !<\/strong><\/p>\n<p>Le 29\u00e8me opus du Cross de la Semine a d\u2019abord \u00e9t\u00e9 marqu\u00e9 par la plus importante participation de son histoire : pas moins de 182 athl\u00e8tes, 57 jeunes, et 185 randonneurs ont en effet accouru \u00e0 Saint-Germain-sur-Rh\u00f4ne, au coeur de l\u2019Avant-Pays haut-savoyard.<br \/>\nA l\u2019avenant de cette impressionnante mar\u00e9e humaine, on soulignera la qualit\u00e9 des forces en pr\u00e9sence. Laur\u00e9at pour la troisi\u00e8me fois d\u2019affil\u00e9e, le talentueux Marocain\u00a0<strong>El Yazid El Madi\u00a0<\/strong>(Club Athl\u00e9tique du Bassin Bellegardien), 40 ans, a tent\u00e9 l\u2019impossible pour faire tomber le record de l\u2019\u00e9preuve, port\u00e9 en 2011 \u00e0 44\u201928 par son compatriote et \u00e9quipier <strong>Abdesalam Kiday <\/strong>(1).\u00a0In fine, 26\u2019\u2019 lui ont manqu\u00e9 sur un trac\u00e9 de 12,3km pour 309m de d\u00e9nivel\u00e9, en tout point identique depuis 2010, except\u00e9 toutefois l\u2019\u00e9dition 2013 (2).<br \/>\nLa pr\u00e9paration de l\u2019Escalade, mais surtout de la saison de cross-country (3), pour lesquelles il s\u2019adonne \u00e0 de grosses charges d\u2019entra\u00eenement, l\u2019a sans doute emp\u00each\u00e9 de satisfaire son objectif. De m\u00eame, le nombre impressionnant de comp\u00e9titions qu\u2019il dispute n\u2019a pas jou\u00e9 en la faveur d\u2019un chrono stratosph\u00e9rique. Ainsi, apr\u00e8s avoir doubl\u00e9 le week-end pr\u00e9c\u00e9dent (4), il a r\u00e9cidiv\u00e9 dimanche en faisant tomber dans son escarcelle, non seulement la Semine mais aussi le Tour des Comm\u00e8res qui l\u2019a contraint \u00e0 se d\u00e9placer l\u2019apr\u00e8s-midi \u00e0 Sirod, au coeur du d\u00e9partement du Jura. A vrai dire, une posture analogue \u00e0 l\u2019an pass\u00e9.<\/p>\n<p><strong>Course f\u00e9tiche<\/strong><br \/>\nChez les filles,<strong> Nad\u00e8ge Vignand<\/strong> (ASPTT Annecy Athl\u00e9tisme), 42 ans, ne s\u2019est pas laiss\u00e9e prier pour d\u00e9crocher pour la deuxi\u00e8me fois cons\u00e9cutive la timbale. Cerise sur le g\u00e2teau, elle en a profit\u00e9 pour devenir la nouvelle recordwoman, franchissant la ligne en 57\u201906. Soit exactement 1\u2019 de moins que l\u2019ancienne marque r\u00e9f\u00e9rence, propri\u00e9t\u00e9, \u00e9galement depuis 2011, de la Tch\u00e9co-Suissesse <strong>Yvona Jenc<\/strong> (La Foul\u00e9e d\u2019Annemasse, section de l\u2019Entente Athl\u00e9tique de l\u2019Arve), 3\u00e8me ce dimanche en 1h00\u201914.<br \/>\nEn v\u00e9rit\u00e9, Nad\u00e8ge ne fait que confirmer son irr\u00e9sistible ascension (5), entam\u00e9e d\u00e8s ses d\u00e9buts en course \u00e0 pied, survenus le 31 octobre 2010 \u00e0 la\u2026 Semine qu\u2019elle boucla alors en 2\u00e8me position en 1h03\u201922. Un rendez-vous qu\u2019elle a toujours honor\u00e9, la\u00a0\u00ab posti\u00e8re \u00bb ayant \u00e9lu domicile dans le village de Desingy, distant de seulement 18 bornes.<\/p>\n<p><strong>Jeunes loups<\/strong><br \/>\nEn dehors de ces deux valeurs s\u00fbres, on mettra en exergue les prestations des trois jeunots que sont <strong>Emeric Arnaud<\/strong>,<strong> Richard Clavel<\/strong> et <strong>Lise Kempf<\/strong>.<br \/>\nN\u00e9 le 18 avril 1997 et licenci\u00e9 aux Alligators Seynod Triathlon, Emeric s\u2019approprie \u00e0 la surprise g\u00e9n\u00e9rale la 3\u00e8me place, \u00e9cartant \u00e0 l\u2019issue d\u2019un m\u00e9morable sprint le redoutable fondeur <strong>Beno\u00eet Chauvet<\/strong> (Team Scott). Pas culott\u00e9 pour deux sous, le junior 1\u00e8re ann\u00e9e a pris d\u2019embl\u00e9e les commandes avant de se faire devancer d\u00e9finitivement par El Madi entre le 3\u00e8me et le 4\u00e8me km, \u00e0 travers l\u2019effroyable rampe \u00e0 trente pour cent, longue de 300m. Payant son entame \u00e9clair, il n\u2019a oppos\u00e9, peu apr\u00e8s, aucune r\u00e9sistance \u00e0 Chauvet et \u00e0 l\u2019une des r\u00e9v\u00e9lations de la saison en la personne de <strong>S\u00e9bastien Buet<\/strong> (Athl\u00e9 Saint-Julien 74), futur 2\u00e8me, quand ceux-ci l\u2019ont d\u00e9pass\u00e9 \u00e0 leur tour. Reprenant ensuite des couleurs, il les a rattrap\u00e9s vers le km6 avant d\u2019en d\u00e9coudre avec eux dans les derniers arpents.<br \/>\nEn v\u00e9rit\u00e9, Emeric s\u2019adonne \u00e0 la course \u00e0 pied dans le cadre de sa pr\u00e9paration pour le triathlon, son sport favori, \u00e0 l\u2019image de sa camarade de club Lise Kempf. Cadette 1\u00e8re ann\u00e9e pour avoir vu le jour le 8 novembre 1999, celle-ci a r\u00e9ussi l\u2019exploit de s\u2019intercaler sur le podium entre Vignand \u00e0 qui elle n\u2019a conc\u00e9d\u00e9 qu\u20191\u201944 et l\u2019exp\u00e9riment\u00e9e<strong> Yvona Jenc<\/strong> qu\u2019elle a rel\u00e9gu\u00e9e \u00e0 1\u201924.<br \/>\nEnfin, comment ne pas rendre hommage \u00e0 Richard Clavel qui est parvenu \u00e0 se classer 6\u00e8me malgr\u00e9 ses&#8230; 15 printemps, ayant vu en effet le jour le 8 novembre 1999 ! Pensionnaire d\u2019Annecy Haute-Savoie Athl\u00e9tisme, Richard se sp\u00e9cialise \u00e0 l\u2019heure actuelle dans le demi-fond long. Ses marques r\u00e9f\u00e9rence sur 1500m et 2000m steeple, accomplies cette ann\u00e9e, s\u2019\u00e9l\u00e8vent respectivement \u00e0 4\u201925\u2019\u201918 (R3, 26 juin \u00e0 Ambilly) et \u00e0 6\u201954\u2019\u201904 (R3, 6 juin \u00e0 Tassin-la Demi-Lune). En outre, il a fait un tabac le 20 septembre dernier lors du 10km du Lac d\u2019Annecy qu\u2019il bouclait en 35\u201900 (R1).<\/p>\n<p><strong>F.V.<\/strong><\/p>\n<p>(1) <strong>Abdesalam Kiday<\/strong> rev\u00eatait les couleurs de La Foul\u00e9e d\u2019Annemasse lorsqu\u2019il a \u00e9tabli en 2011 le temps \u00e9talon du Cross de la Semine.<br \/>\n(2) Il y a deux ans, le trac\u00e9 avait \u00e9t\u00e9 r\u00e9duit \u00e0 11,2km et 170m de d\u00e9nivel\u00e9 en raison de portions rendues impraticables par les pluies diluviennes, tomb\u00e9es la nuit et le matin pr\u00e9c\u00e9dant l\u2019heure H.<br \/>\n(3) <strong>El Yazid El Madi<\/strong> visera la 3\u00e8me place lors des Championnats de France v\u00e9t\u00e9rans de cross-country 2016 qui auront lieu le 6 mars au Mans. Rappelons qu\u2019il s\u2019est class\u00e9 \u00e0 ces m\u00eames France, le 1er mars dernier aux Mureaux, 4\u00e8me individuel et 3\u00e8me par \u00e9quipe avec le Club Athl\u00e9tique du Bassin Bellegardien.<br \/>\n(4) A l\u2019occasion du week-end des 17 et 18 octobre,\u00a0<strong>El Yazid El Madi<\/strong>\u00a0s\u2019\u00e9tait align\u00e9 :<br \/>\n\u2013 Le samedi, sur l\u2019Oyonnaxienne, o\u00f9 il annihilait son record personnel en 46\u201916, ne s\u2019inclinant, et pour seulement 3\u2019\u2019, que devant l\u2019Ougandais<strong> Emmanuel Sasia<\/strong>\u00a0qui signait le nouveau temps \u00e9talon de l\u2019\u00e9preuve, l\u2019ancien appartenant depuis 2013 \u00e0 El Madi en 46\u201923.<br \/>\n\u2013 Le dimanche, sur le 10km du Pays Rochois qu\u2019il bouclait au 3\u00e8me rang en 32\u201903 (IR2) \u00e0 travers un parcours peu propice \u00e0 la performance.<br \/>\n(5) La progression de\u00a0<strong>Nad\u00e8ge Vignand<\/strong> atteindra son point d\u2019orgue le 28 septembre 2014 \u00e0 Buis-les-Baronnies, lorsqu\u2019elle s\u2019appropriera le titre de championne de France de trail court chez les V1.<br \/>\n<span style=\"color: #ffffff;\">.<\/span><br \/>\n<span style=\"color: #ffffff;\">.<\/span><br \/>\n<span style=\"color: #ffffff;\">.<\/span><strong><br \/>\nARTICLE DU QUOTIDIEN <em>LE DAUPHINE LIBERE<\/em> :<\/strong><\/p>\n<p>Ci-dessous, vous trouverez le compte rendu figurant en page sports des \u00e9ditions de la Haute-Savoie, en date du lundi 26 octobre 2015. Son auteur est l\u2019excellent correspondant\u00a0<strong>Georges Ongaro<\/strong>.<br \/>\n<img data-recalc-dims=\"1\" loading=\"lazy\" decoding=\"async\" class=\"size-full wp-image-2191 aligncenter\" src=\"https:\/\/i0.wp.com\/www.courzyvite.run\/blog\/wp-content\/uploads\/2016\/10\/0001-1.jpg?resize=860%2C833\" alt=\"0001-1\" width=\"860\" height=\"833\" srcset=\"https:\/\/i0.wp.com\/www.courzyvite.run\/blog\/wp-content\/uploads\/2016\/10\/0001-1.jpg?w=2696&amp;ssl=1 2696w, https:\/\/i0.wp.com\/www.courzyvite.run\/blog\/wp-content\/uploads\/2016\/10\/0001-1.jpg?resize=300%2C291&amp;ssl=1 300w, https:\/\/i0.wp.com\/www.courzyvite.run\/blog\/wp-content\/uploads\/2016\/10\/0001-1.jpg?resize=768%2C744&amp;ssl=1 768w, https:\/\/i0.wp.com\/www.courzyvite.run\/blog\/wp-content\/uploads\/2016\/10\/0001-1.jpg?resize=1024%2C992&amp;ssl=1 1024w, https:\/\/i0.wp.com\/www.courzyvite.run\/blog\/wp-content\/uploads\/2016\/10\/0001-1.jpg?w=1720&amp;ssl=1 1720w, https:\/\/i0.wp.com\/www.courzyvite.run\/blog\/wp-content\/uploads\/2016\/10\/0001-1.jpg?w=2580&amp;ssl=1 2580w\" sizes=\"auto, (max-width: 860px) 100vw, 860px\" \/><span style=\"color: #ffffff;\">.<\/span><br \/>\n<span style=\"color: #ffffff;\">.<\/span><br \/>\n<strong>TOPS 5 :<\/strong><\/p>\n<p><strong>Scratch<\/strong> (182 inscrits, 179 partants, 175 class\u00e9s) :<br \/>\n\u2013 1er (1er V1) : <b>El Yazid El Madi<\/b>\u00a0(Maroc, Club Athl\u00e9tique du Bassin Bellegardien) en 44\u201954\u2019\u20194.<br \/>\n\u2013 2\u00e8me (1er espoir-senior) :<strong> S\u00e9bastien Buet<\/strong><b>\u00a0<\/b>(Brasserie La Gabelle, Athl\u00e9 Saint-Julien 74 et Terres d\u2019Horizons) en 46\u201908\u2019\u20194.<br \/>\n\u2013 3\u00e8me (1er cadet-junior) : <strong>Emeric Arnaud<\/strong>\u00a0(Les Alligators Seynod Triathlon) en\u00a046\u201910\u2019\u20193.<br \/>\n\u2013 4\u00e8me (2\u00e8me espoir-senior) :<strong> Beno\u00eet Chauvet\u00a0<\/strong>(Team Scott) en 46\u201912\u2019\u20194.<br \/>\n\u2013 5\u00e8me (3\u00e8me espoir-senior) : <strong>Guillaume Michet<\/strong> (Running Club du CERN) en 47\u201940\u2019\u20197 .<br \/>\n<strong><br \/>\nFemmes<\/strong> (45 partantes, 43 class\u00e9es) :<br \/>\n\u2013 1\u00e8re (1\u00e8re V1, 36\u00e8me au scratch) : <b>Nad\u00e8ge Vignand<\/b>\u00a0(ASPTT Annecy Athl\u00e9tisme) en <strong>57\u201906\u2019\u20194, record du parcours emprunt\u00e9 depuis 2010 (except\u00e9 en 2013)<\/strong>.<br \/>\n\u2013 2\u00e8me (1\u00e8re cadette-junior, 56\u00e8me au scratch) :<strong>\u00a0Lise Kempf\u00a0<\/strong>(Les Alligators Seynod Triathlon) en 58\u201950\u2019\u201994.<br \/>\n\u2013 3\u00e8me (2\u00e8me V1, 64\u00e8me au scratch) : <strong>Yvona Jenc<\/strong> (Suisse et Tch\u00e9quie ; La Foul\u00e9e d\u2019Annemasse, section de l\u2019Entente Athl\u00e9tique de l\u2019Arve) en 1h00\u201914\u2019\u20193.<br \/>\n\u2013 4\u00e8me (1\u00e8re espoir-senior, 81\u00e8me au scratch) : <strong>Emilie Auger<\/strong> (Bellegarde-sur-Valserine) en 1h03\u201928\u2019\u20194.<br \/>\n\u2013 5\u00e8me (1\u00e8re V2, 87\u00e8me au scratch) :\u00a0<strong>Mireille Ujma<\/strong> (La Roche-sur-Foron) en 1h04\u201951\u2019\u20195.<br \/>\n<span style=\"color: #ffffff;\">.<\/span><br \/>\n<span style=\"color: #ffffff;\">.<\/span><br \/>\n<span style=\"color: #ffffff;\">.<\/span><strong style=\"font-size: 0.95em;\"><br \/>\n<\/strong><strong>RESULTATS COMPLETS :<\/strong><\/p>\n<p>Ils figurent sur le site Web de la manifestation\u00a0:<br \/>\n<a href=\"http:\/\/st-germain-sur-rhone-comite.e-monsite.com\/medias\/files\/classement-scratch-12-km.pdf\">http:\/\/st-germain-sur-rhone-comite.e-monsite.com\/medias\/files\/classement-scratch-12-km.pdf<\/a><br \/>\n<span style=\"color: #ffffff;\">.<\/span><br \/>\n<span style=\"color: #ffffff;\">.<\/span><br \/>\n<span style=\"color: #ffffff;\">.<\/span><strong style=\"font-size: 0.95em;\"><br \/>\n<\/strong><strong>PALMARES EN 1991 ET DEPUIS 1995 :<br \/>\n<\/strong><span style=\"font-size: 0.95em;\"><span style=\"color: #ffffff;\">.<\/span><br \/>\n<span style=\"color: #ffffff;\">.<\/span><br \/>\n<\/span>Cr\u00e9\u00e9 en <strong>1987<\/strong>, le Cross de la Semine a connu depuis 1996 trois types de parcours :<br \/>\n<strong>&#8211; De 1996 \u00e0 2006 : <\/strong>12km (d\u00e9nivel\u00e9 inconnu).<br \/>\n<strong>&#8211; De 2007 \u00e0 2009 :<\/strong> 12km (d\u00e9nivel\u00e9 inconnu).<br \/>\n<strong>&#8211; A partir de 2010 :<\/strong> 12,3km pour 309m de d\u00e9nivel\u00e9, except\u00e9 en 2013 o\u00f9 le mauvais temps a contraint les organisateurs \u00e0 r\u00e9duire le trac\u00e9, long alors de 11,2km pour 170m de d\u00e9nivel\u00e9.<span style=\"font-size: 0.95em;\"><br \/>\n<\/span><span style=\"color: #ffffff;\">.<\/span><br \/>\n<span style=\"color: #ffffff;\">.<\/span><strong style=\"font-size: 0.95em;\"><br \/>\n<\/strong><strong>27 octobre 1991 :<\/strong><\/p>\n<p><strong>12 km<\/strong> (51 class\u00e9s) :<br \/>\n\u2013 1er (1er senior) :\u00a0<strong>Dominique Delbe<\/strong>\u00a0(Coquelicot Saint-Etienne) en 42\u201948.<span style=\"font-size: 0.95em;\"><br \/>\n<\/span><span style=\"color: #ffffff;\">.<\/span><br \/>\n<span style=\"color: #ffffff;\">.<\/span><strong style=\"font-size: 0.95em;\"><br \/>\n<\/strong><strong>29 octobre 1995 :<\/strong><\/p>\n<p><strong>12km<\/strong> (64 class\u00e9s) :<br \/>\n\u2013 1er (1er senior) : <strong>J\u00e9r\u00f4me Bosch<\/strong>\u00a0(Athl\u00e9tic Club Evian) en 42\u201917.<br \/>\n\u2013 1\u00e8re (1\u00e8re V1) : <strong>Monique Renaud<\/strong>\u00a0(Ski Club de Bellegarde) en 56\u201949\u2019\u20190.<br \/>\n<span style=\"color: #ffffff;\">.<\/span><br \/>\n<span style=\"color: #ffffff;\">.<\/span><br \/>\n<strong>27 octobre 1996 :<\/strong><\/p>\n<p><strong>12km, nouveau parcours :<\/strong><br \/>\n\u2013 1er (1er senior) : <strong>Antonio Campos<\/strong>\u00a0(Portugal, Pays Rochois Athl\u00e9tic) en\u00a0<strong>39\u201932\u2019\u20190, record scratch du parcours emprunt\u00e9 entre 1996 et 2006<\/strong>.<br \/>\n\u2013 1\u00e8re (1\u00e8re senior) : <strong>Rosine Tournier<\/strong>\u00a0(La Foul\u00e9e d\u2019Annemasse) en 56\u201923\u2019\u20190.<br \/>\n<span style=\"color: #ffffff;\">.<\/span><br \/>\n<span style=\"color: #ffffff;\">.<\/span><br \/>\n<strong>26 octobre 1997 :<\/strong><\/p>\n<p><strong>12km :<\/strong><br \/>\n\u2013 1er (1er senior) : <strong>Antonio Campos<\/strong>\u00a0(Portugal, Pays Rochois Athl\u00e9tic) en 39\u201948\u2019\u201901.<br \/>\n\u2013 1\u00e8re (1\u00e8re senior) : <strong>Fatima Dos Santos<\/strong>\u00a0(Portugal, Team Oxyg\u00e8ne) en 48\u201937\u2019\u20198.<br \/>\n<span style=\"color: #ffffff;\">.<\/span><br \/>\n<span style=\"color: #ffffff;\">.<\/span><strong style=\"font-size: 0.95em;\"><br \/>\n<\/strong><strong>25 octobre 1998 :<\/strong><\/p>\n<p><strong>12km :<\/strong><br \/>\n\u2013 1er (1er senior) : <strong>Antonio Campos<\/strong>\u00a0(Portugal, Pays Rochois Athl\u00e9tic) en 42\u201901\u2019\u20190.<br \/>\n\u2013 1\u00e8re (1\u00e8re V1) : <strong>Marie-Laure Duchene<\/strong>\u00a0(Annecy) en 1h00\u201915.<span style=\"font-size: 0.95em;\"><br \/>\n<\/span><span style=\"color: #ffffff;\">.<\/span><br \/>\n<span style=\"color: #ffffff;\">.<\/span><strong style=\"font-size: 0.95em;\"><br \/>\n<\/strong><strong>31 octobre 1999 :<\/strong><\/p>\n<p><strong>12km :<\/strong><br \/>\n\u2013 1er (1er senior) : <strong>Eric Vasmer<\/strong>\u00a0(Union Sportive Oyonnax) en 40\u201944\u2019\u20190.<br \/>\n\u2013 1\u00e8re (1\u00e8re V1) : <strong>Yvona Jenc<\/strong>\u00a0(Suisse et Tch\u00e9quie, Uriana Sports Gen\u00e8ve) en 56\u201937\u2019\u20190.<br \/>\n<span style=\"color: #ffffff;\">.<\/span><br \/>\n<strong><span style=\"color: #ffffff;\">.<\/span><br \/>\n29 octobre 2000 :<\/strong><\/p>\n<p><strong>12km<\/strong> (71 class\u00e9s) :<br \/>\n\u2013 1er (1er senior) : <strong>Eric Vasmer<\/strong>\u00a0(Union Sportive Oyonnax) en 41\u201903\u2019\u20190.<br \/>\n\u2013 1\u00e8re (1\u00e8re senior) :<strong>\u00a0Yvona Jenc<\/strong> (Suisse et Tch\u00e9quie, Foul\u00e9es Athl\u00e9tiques Saconn\u00e9siennes) en 50\u201933\u2019\u20190.<br \/>\n<span style=\"color: #ffffff;\">.<\/span><br \/>\n<span style=\"color: #ffffff;\">.<\/span><br \/>\n<strong>28 octobre 2001 :<\/strong><\/p>\n<p><strong>12km<\/strong> (69 class\u00e9s) :<br \/>\n\u2013 1er (1er senior) : <strong>Eric Vasmer<\/strong>\u00a0(Union Sportive Oyonnax) en 40\u201930\u2019\u201902.<br \/>\n\u2013 1\u00e8re (1\u00e8re V1) : <strong>Fatima Dos Santos<\/strong>\u00a0(Portugal, Team Oxyg\u00e8ne) en 50\u201956\u2019\u20196.<br \/>\n<span style=\"color: #ffffff;\">.<\/span><br \/>\n<span style=\"color: #ffffff;\">.<\/span><br \/>\n<strong>27 octobre 2002 :<\/strong><\/p>\n<p><strong>12km<\/strong> (72 class\u00e9s) :<br \/>\n\u2013 1er (1er V1) : <strong>Antonio Campos<\/strong>\u00a0(Portugal, Pays Rochois Athl\u00e9tic) en 41\u201941\u2019\u20190.<br \/>\n\u2013 1\u00e8re (1\u00e8re V1) :<strong>\u00a0Fatima Dos Santos\u00a0<\/strong>(Portugal, Team Oxyg\u00e8ne) en 53\u201931\u2019\u20190.<br \/>\n<span style=\"color: #ffffff;\">.<\/span><br \/>\n<span style=\"color: #ffffff;\">.<\/span><br \/>\n<strong>26 octobre 2003 :<\/strong><\/p>\n<p><strong>12km<\/strong> (87 class\u00e9s) :<br \/>\n\u2013 1er (1er senior) : <strong>Eric Vasmer\u00a0<\/strong>(Union Sportive Oyonnax) en 41\u201946\u2019\u20190.<br \/>\n\u2013 1\u00e8re (1\u00e8re V1) :<strong>\u00a0Yvona Jenc<\/strong>\u00a0(Suisse et Tch\u00e9quie, Gen\u00e8ve) en 51\u201952\u2019\u20190.<br \/>\n<span style=\"color: #ffffff;\">.<\/span><br \/>\n<span style=\"color: #ffffff;\">.<\/span><br \/>\n<strong>31 octobre 2004 :<\/strong><\/p>\n<p><strong>12km<\/strong> (102 class\u00e9s) :<br \/>\n\u2013 1er (1er senior) : <strong>Eric Vasmer<\/strong>\u00a0(Athl\u00e9 Saint-Julien 74) en 42\u201905\u2019\u20190.<br \/>\n\u2013 1\u00e8re (1\u00e8re V1) :<strong>\u00a0Nina Belikova\u00a0<\/strong>(Russie, Patronage La\u00efque de Pierre-B\u00e9nite, section de l\u2019Entente Sud Lyonnais) en 49\u201943\u2019\u20190.<br \/>\n<span style=\"color: #ffffff;\">.<\/span><br \/>\n<span style=\"color: #ffffff;\">.<\/span><br \/>\n<strong>30 octobre 2005 : <\/strong><\/p>\n<p><strong>12km<\/strong> (91 class\u00e9s) :<br \/>\n\u2013 1er (1er senior) : <strong>Eric Vasmer<\/strong>\u00a0(Athl\u00e9 Saint-Julien 74) en 41\u201916\u2019\u20190.<br \/>\n\u2013 1\u00e8re (1\u00e8re senior) : <strong>Yvona Jenc<\/strong>\u00a0(Suisse et Tch\u00e9quie, La Foul\u00e9e d\u2019Annemasse) en 52\u201934\u2019\u20190.<br \/>\n<span style=\"color: #ffffff;\">.<\/span><br \/>\n<span style=\"color: #ffffff;\">.<\/span><br \/>\n<strong>29 octobre 2006 :<\/strong><\/p>\n<p><strong>12km<\/strong> (97 class\u00e9s) :<br \/>\n\u2013 1er (1er senior) : <strong>Sergue\u00ef Kaledine<\/strong>\u00a0(Russie ; Patronage La\u00efque de Pierre-B\u00e9nite, section de l\u2019Entente Sud Lyonnais) en 41\u201936\u2019\u20190.<br \/>\n\u2013 1\u00e8re (1\u00e8re V1) : <strong>Sevtlana Netchaeva<\/strong>\u00a0(Russie ; Patronage La\u00efque de Pierre-B\u00e9nite, section de l\u2019Entente Sud Lyonnais) en\u00a0<strong>48\u201923\u2019\u20190, record f\u00e9minin du parcours emprunt\u00e9 entre 1996 et 2006<\/strong>.<br \/>\n<span style=\"color: #ffffff;\">.<\/span><br \/>\n<span style=\"color: #ffffff;\">.<\/span><strong style=\"font-size: 0.95em;\"><br \/>\n<\/strong><strong>28 octobre 2007 :<\/strong><\/p>\n<p><strong>12km, nouveau parcours<\/strong>\u00a0(54 class\u00e9s dont 7 femmes) :<br \/>\n\u2013 1er (1er V1)\u00a0:\u00a0<strong>Antonio Campos<\/strong>\u00a0(Portugal, Arve Athl\u00e9tisme Bonneville Pays Rochois) en 43\u201936\u2019\u20197.<br \/>\n\u2013 1\u00e8re (1\u00e8re espoir-senior, 26\u00e8me au scratch)\u00a0:\u00a0<strong>Audrey Begey Paccard<\/strong>\u00a0(La Foul\u00e9e d\u2019Annemasse) en 1h00\u201901\u2019\u20190.<br \/>\n\u2013 R\u00e9sultats complets sur le site Web de la manifestation :<br \/>\n<a href=\"http:\/\/st-germain-sur-rhone-comite.e-monsite.com\/medias\/files\/scratch-2007-pdf.pdf\">http:\/\/st-germain-sur-rhone-comite.e-monsite.com\/medias\/files\/scratch-2007-pdf.pdf<\/a><br \/>\n<span style=\"color: #ffffff;\">.<\/span><br \/>\n<span style=\"color: #ffffff;\">.<\/span><br \/>\n<strong>26 octobre 2008 :<\/strong><\/p>\n<p><strong>12km<\/strong>\u00a0(74 class\u00e9s dont 17 femmes) :<br \/>\n\u2013\u00a01er (1er V1)\u00a0:\u00a0<strong>Antonio Campos\u00a0<\/strong>(Portugal, Arve Athl\u00e9tisme Bonneville Pays Rochois) en 43\u201936\u2019\u20197.<br \/>\n\u2013 1\u00e8re (1\u00e8re V1, 17\u00e8me au scratch)\u00a0:\u00a0<strong>Yvona Jenc\u00a0<\/strong>(Suisse et Tch\u00e9quie, La Foul\u00e9e d\u2019Annemasse) en\u00a0<strong>52\u201925\u2019\u20193, record f\u00e9minin du parcours emprunt\u00e9 entre 2007 et 2009<\/strong>.<br \/>\n\u2013 R\u00e9sultats complets sur le site Web de la manifestation :<br \/>\n<a href=\"http:\/\/st-germain-sur-rhone-comite.e-monsite.com\/medias\/files\/scratch-2008-pdf.pdf\">http:\/\/st-germain-sur-rhone-comite.e-monsite.com\/medias\/files\/scratch-2008-pdf.pdf<\/a><br \/>\n<span style=\"color: #ffffff;\">.<\/span><br \/>\n<span style=\"color: #ffffff;\">.<\/span><br \/>\n<strong>25 octobre 2009 :<\/strong><\/p>\n<p><strong>12km<\/strong>\u00a0(90 inscrits, 89 partants dont 16 femmes, 87 class\u00e9s dont 15 femmes) :<br \/>\n\u2013 1er (1er V1)\u00a0:\u00a0<strong>Antonio Campos<\/strong>\u00a0(Portugal, Arve Athl\u00e9tisme Bonneville Pays Rochois) en\u00a0<strong>42\u201950\u2019\u20195, record scratch du parcours emprunt\u00e9 entre 2007 et 2009<\/strong>.<br \/>\n\u2013 1\u00e8re (1\u00e8re V1, 28\u00e8me au scratch)\u00a0:<strong>\u00a0Yvona Jenc<\/strong>\u00a0(Suisse et Tch\u00e9quie, La Foul\u00e9e d\u2019Annemasse) en 53\u201927\u2019\u20199.<br \/>\n\u2013 R\u00e9sultats complets sur le site Web de la manifestation :<br \/>\n<a href=\"http:\/\/st-germain-sur-rhone-comite.e-monsite.com\/medias\/files\/scratch-2009pdf.pdf\">http:\/\/st-germain-sur-rhone-comite.e-monsite.com\/medias\/files\/scratch-2009pdf.pdf<\/a><br \/>\n<span style=\"color: #ffffff;\">.<\/span><br \/>\n<span style=\"color: #ffffff;\">.<\/span><br \/>\n<strong>31 octobre 2010 :<\/strong><\/p>\n<p><strong>12,3km, nouveau parcours<\/strong>\u00a0(143 partants dont 21 femmes, 142 class\u00e9s dont 20 femmes) :<br \/>\n\u2013 1er ex aequo (1er espoir-senior ex aequo)\u00a0:\u00a0<strong>Philippe Robin\u00a0<\/strong>(Entente Athl\u00e9tique Bressane) en 47\u201934\u2019\u20195.<br \/>\n\u2013 1er ex aequo (1er espoir-senior ex aequo)\u00a0:\u00a0<strong>S\u00e9bastien Bernardo<\/strong> (Annecy-le-Vieux Of Course) en 47\u201934\u2019\u20198.<br \/>\n\u2013 1\u00e8re (1\u00e8re espoir-senior, 58\u00e8me au scratch)\u00a0:<strong>\u00a0Daciana Vulliet<\/strong>\u00a0(Clermont-en-Genevois) en 48\u201914.<br \/>\n\u2013 R\u00e9sultats complets sur le site Web de la manifestation :<br \/>\n<a href=\"http:\/\/st-germain-sur-rhone-comite.e-monsite.com\/medias\/files\/ffsski-resultats-officieux.pdf\">http:\/\/st-germain-sur-rhone-comite.e-monsite.com\/medias\/files\/ffsski-resultats-officieux.pdf<\/a><br \/>\n<span style=\"color: #ffffff;\">.<\/span><br \/>\n<span style=\"color: #ffffff;\">.<\/span><br \/>\n<strong>30 octobre 2011 :<\/strong><\/p>\n<p><strong>12,3km<\/strong>\u00a0(152 inscrits dont 32 femmes, 138 partants dont 31 femmes, 133 class\u00e9s dont 30 femmes) :<br \/>\n\u2013 1er (1er espoir-senior)\u00a0:\u00a0<strong>Abdesalam Kiday<\/strong>\u00a0(Maroc,\u00a0La Foul\u00e9e d\u2019Annemasse) en\u00a0<strong>44\u201928\u2019\u20195, record scratch du parcours emprunt\u00e9 depuis 2010 (except\u00e9 en 2013)<\/strong>.<br \/>\n\u2013 1\u00e8re (1\u00e8re V1, 32\u00e8me au scratch)\u00a0:<strong>\u00a0Yvona Jenc\u00a0<\/strong>(Suisse et Tch\u00e9quie, La Foul\u00e9e d\u2019Annemasse) en 58\u201906\u2019\u20191.<br \/>\n\u2013 R\u00e9sultats complets sur le site Web de la manifestation :<br \/>\n<a href=\"http:\/\/st-germain-sur-rhone-comite.e-monsite.com\/medias\/files\/nor-resultat-course.pdf\">http:\/\/st-germain-sur-rhone-comite.e-monsite.com\/medias\/files\/nor-resultat-course.pdf<\/a><br \/>\n<span style=\"color: #ffffff;\">.<\/span><br \/>\n<span style=\"color: #ffffff;\">.<\/span><br \/>\n<strong>28 octobre 2012 :<\/strong><\/p>\n<p><strong>12,3km<\/strong>\u00a0(137 inscrits dont 25 femmes, 109 partants dont 21 femmes, 107 partants dont 21 femmes) :<br \/>\n\u2013 1er (1er espoir-senior)\u00a0:\u00a0<strong>Abdesalam Kiday<\/strong>\u00a0(Maroc,\u00a0La Foul\u00e9e d\u2019Annemasse) en 44\u201957\u2019\u20197.<br \/>\n\u2013 1\u00e8re (1\u00e8re V1, 36\u00e8me au scratch)\u00a0:\u00a0<strong>Yvona Jenc\u00a0<\/strong>(Suisse et Tch\u00e9quie, La Foul\u00e9e d\u2019Annemasse) en 58\u201934\u2019\u20195.<br \/>\n\u2013 R\u00e9sultats complets sur le site Web de la manifestation :<br \/>\n<a href=\"http:\/\/st-germain-sur-rhone-comite.e-monsite.com\/medias\/files\/scratch-12-km-2012.pdf\">http:\/\/st-germain-sur-rhone-comite.e-monsite.com\/medias\/files\/scratch-12-km-2012.pdf<\/a><br \/>\n<span style=\"color: #ffffff;\">.<\/span><br \/>\n<span style=\"color: #ffffff;\">.<\/span><br \/>\n<strong>27 octobre 2013 :<\/strong><\/p>\n<p><strong>12,3 r\u00e9duit \u00e0 11,2km<\/strong>\u00a0(107 inscrits dont 28 femmes, 101 class\u00e9s dont 26 femmes) :<br \/>\n\u2013 1er (1er espoir-senior)\u00a0:\u00a0<strong>El Yazid El Madi<\/strong>\u00a0(Maroc, Team Technicien du Sport Seynod et Club Athl\u00e9tique du Bassin Bellegardien) en 40\u201943\u2019\u20190.<br \/>\n\u2013 1\u00e8re (1\u00e8re espoir-senior, 24\u00e8me au scratch)\u00a0:<strong>\u00a0Anne-Lise Chamiot-Poncet<\/strong>\u00a0(Club Athl\u00e9tique du Bassin Bellegardien) en 50\u201942\u2019\u20198.<br \/>\n\u2013 R\u00e9sultats complets sur le site Web de la manifestation :<br \/>\n<a href=\"http:\/\/st-germain-sur-rhone-comite.e-monsite.com\/medias\/files\/11-2-km-resultats-cad-a-v4.pdf\">http:\/\/st-germain-sur-rhone-comite.e-monsite.com\/medias\/files\/11-2-km-resultats-cad-a-v4.pdf<\/a><br \/>\n<span style=\"color: #ffffff;\">.<\/span><br \/>\n<span style=\"color: #ffffff;\">.<\/span><br \/>\n<strong>26 octobre 2014 :<\/strong><\/p>\n<p><strong>12,3km<\/strong>\u00a0(115 partants dont 19 femmes ; 114 class\u00e9s dont 19 femmes) :<br \/>\n\u2013 1er (1er espoir-senior)\u00a0:\u00a0<strong>El Yazid El Madi<\/strong>\u00a0(Maroc, Team Technicien du Sport Seynod et Club Athl\u00e9tique du Bassin Bellegardien) en 47\u201940\u2019\u20194.<br \/>\n\u2013 1\u00e8re (1\u00e8re V1, 20\u00e8me au scratch)\u00a0:<strong>\u00a0Nad\u00e8ge Vignand\u00a0<\/strong>(ASPTT Annecy Athl\u00e9tisme) en 58\u201949\u2019\u20193.<br \/>\n\u2013 R\u00e9sultats complets sur le site Web de la manifestation :<br \/>\n<a href=\"http:\/\/st-germain-sur-rhone-comite.e-monsite.com\/medias\/files\/2014-sa.pdf\">http:\/\/st-germain-sur-rhone-comite.e-monsite.com\/medias\/files\/2014-sa.pdf<\/a><br \/>\n<span style=\"color: #ffffff;\">.<\/span><br \/>\n<span style=\"color: #ffffff;\">.<\/span><br \/>\n<strong>25 octobre 2015 :<\/strong><\/p>\n<p><strong>12,3km<\/strong> <strong>(182 inscrits, 179 partants dont 45 femmes, 175 class\u00e9s dont 43 femmes, record de participation) :<\/strong><br \/>\n\u2013\u00a01er (1er V1) :<strong>\u00a0El Yazid El Madi<\/strong>\u00a0(Maroc, Club Athl\u00e9tique du Bassin Bellegardien) en 44\u201954\u2019\u20197.<br \/>\n\u2013 1\u00e8re (1\u00e8re V1, 36\u00e8me au scratch) :<strong>\u00a0Nad\u00e8ge Vignand<\/strong> (ASPTT Annecy Athl\u00e9tisme) en <strong>57\u201906\u2019\u20194, record f\u00e9minin du parcours emprunt\u00e9 depuis 2010 (except\u00e9 en 2013)<\/strong>.<br \/>\n\u2013 R\u00e9sultats complets sur le site Web de la manifestation :<br \/>\n<a href=\"http:\/\/st-germain-sur-rhone-comite.e-monsite.com\/medias\/files\/classement-scratch-12-km.pdf\">http:\/\/st-germain-sur-rhone-comite.e-monsite.com\/medias\/files\/classement-scratch-12-km.pdf<\/a><br \/>\n<span style=\"color: #ffffff;\">.<\/span><br \/>\n<span style=\"color: #ffffff;\">.<\/span><br \/>\n<span style=\"color: #ffffff;\">.<\/span><strong style=\"font-size: 0.95em;\"><br \/>\n<\/strong><strong>PHOTOS :<br \/>\n<\/strong><span style=\"font-size: 0.95em;\"><span style=\"color: #ffffff;\">.<\/span><br \/>\n<span style=\"color: #ffffff;\">.<\/span><br \/>\n<\/span>Plusieurs photographes n\u2019ont pas manqu\u00e9 d\u2019immortaliser la manifestation par de superbes reportages :<br \/>\n<span style=\"font-size: 0.95em;\"><span style=\"color: #ffffff;\">.<\/span><br \/>\n<span style=\"color: #ffffff;\">.<\/span><br \/>\n<\/span>&#8211; Le Saint-Juliennois <strong>Jean-Claude Delachenal<\/strong>, auteur de 147 clich\u00e9s, pris \u00e0 quelques encablures de l\u2019arriv\u00e9e.<br \/>\nLa totalit\u00e9 des images enrichit son compte Google :<br \/>\n<a href=\"https:\/\/goo.gl\/photos\/oDs6FmuWCL57difK6\">https:\/\/goo.gl\/photos\/oDs6FmuWCL57difK6<\/a><\/p>\n<p>Ci-dessous, vous trouverez 43 de ses photos, plac\u00e9es dans l\u2019ordre de passage des athl\u00e8tes et assortis de l\u00e9gendes.<br \/>\n<span style=\"font-size: 0.95em;\"><span style=\"color: #ffffff;\">.<\/span><br \/>\n<span style=\"color: #ffffff;\">.<\/span><br \/>\n<\/span>&#8211; <strong>Les b\u00e9n\u00e9voles du Comit\u00e9 des F\u00eates de Saint-Germain-sur-Rh\u00f4ne<\/strong>, auteurs de 672 clich\u00e9s, pris au d\u00e9part, dans les bois, \u00e0 l\u2019arriv\u00e9e et \u00e0 la remise des prix.<br \/>\nLa totalit\u00e9 des images enrichit le site Web de la manifestation :<br \/>\n<a href=\"http:\/\/st-germain-sur-rhone-comite.e-monsite.com\/pages\/photos-2013\/photos-2015.html\">http:\/\/st-germain-sur-rhone-comite.e-monsite.com\/pages\/photos-2013\/photos-2015.html<\/a><\/p>\n<p>Ci-dessous, vous trouverez 10 de leurs photos, plac\u00e9es dans l\u2019ordre de passage des athl\u00e8tes et assortis de l\u00e9gendes.<br \/>\n<span style=\"font-size: 0.95em;\"><span style=\"color: #ffffff;\">.<\/span><br \/>\n<span style=\"color: #ffffff;\">.<\/span><br \/>\n<\/span>Que tous en soient bien s\u00fbr chaleureusement remerci\u00e9s !<\/p>\n<p><img data-recalc-dims=\"1\" loading=\"lazy\" decoding=\"async\" class=\"size-full wp-image-52269 aligncenter\" src=\"https:\/\/i0.wp.com\/www.courzyvite.run\/blog\/wp-content\/uploads\/2015\/10\/Cross_2015_049-1.jpg?resize=860%2C574&#038;ssl=1\" alt=\"\" width=\"860\" height=\"574\" srcset=\"https:\/\/i0.wp.com\/www.courzyvite.run\/blog\/wp-content\/uploads\/2015\/10\/Cross_2015_049-1.jpg?w=1024&amp;ssl=1 1024w, https:\/\/i0.wp.com\/www.courzyvite.run\/blog\/wp-content\/uploads\/2015\/10\/Cross_2015_049-1.jpg?resize=820%2C547&amp;ssl=1 820w, https:\/\/i0.wp.com\/www.courzyvite.run\/blog\/wp-content\/uploads\/2015\/10\/Cross_2015_049-1.jpg?resize=150%2C100&amp;ssl=1 150w, https:\/\/i0.wp.com\/www.courzyvite.run\/blog\/wp-content\/uploads\/2015\/10\/Cross_2015_049-1.jpg?resize=768%2C512&amp;ssl=1 768w\" sizes=\"auto, (max-width: 860px) 100vw, 860px\" \/>29\u00e8me \u00e9dition du Cross de la Semine, 25 octobre 2015.<br \/>\nLa foule des grands jours, \u00e0 quelques secondes du d\u00e9part.<br \/>\n\u2013 A gauche, devant les athl\u00e8tes : <strong>Christian Baron<\/strong>, un des deux pionniers de la manifestation en 1987 avec <strong>Albert<\/strong> <strong>Duchene <\/strong>alias<strong> B\u00e9bert<\/strong>.<br \/>\n\u2013 Dossard 126\u00a0: <strong>St\u00e9phane Mouille<\/strong> (Bonneville), 18\u00e8me (5\u00e8me V1) en 52\u201948\u2019\u20191.<br \/>\n\u2013 Dossard terminant par 2\u00a0: <strong>Fabien Tanguy<\/strong> (Team Terre de Running et Oullins Triathlon), 7\u00e8me (4\u00e8me espoir-senior) en 49\u201905\u2019\u20191.<br \/>\nDerri\u00e8re et \u00e0 droite de Fabien, avec un maillot vert\u00a0: <strong>Nathan Triquet<\/strong> (Seyssel (Haute-Savoie)), 67\u00e8me (6\u00e8me cadet-junior) en 1h01\u201904\u2019\u20199.<br \/>\n\u2013 Dossard 66\u00a0: <strong>Pierre-Antoine Vatinel<\/strong> (La Roche-sur-Foron), 13\u00e8me (3\u00e8me V1) en 51\u201953\u2019\u20195.<br \/>\n\u2013 A droite de\u00a0Pierre-Antoine : <strong>Lamaalam El Mokhtar<\/strong>, 68\u00e8me (31\u00e8me espoir-senior) en 1h01\u201914.<br \/>\n\u2013 Dossard 107\u00a0: <strong>Serge Fuentes<\/strong> (Team Technicien du Sport Seynod), 35\u00e8me (2\u00e8me V2) en 57\u201903\u2019\u20196.<br \/>\n\u2013 Dossard 33\u00a0: <strong>David Larrieu<\/strong> (ASPTT Annecy Athl\u00e9tisme), 8\u00e8me (5\u00e8me espoir-senior) en 51\u201915\u2019\u20193.<br \/>\n\u2013 Dossard 115\u00a0: <strong>Ludovic Rouchouse<\/strong> (Association Sportive Versonnex-Grilly-Sauverny), 26\u00e8me (7\u00e8me V1) en 55\u201933\u2019\u20195.<br \/>\n\u2013 Dossard 83\u00a0: <strong>Beno\u00eet Chauvet<\/strong> (Team Scott), 4\u00e8me (2\u00e8me espoir-senior) en 46\u201912\u2019\u20194.<br \/>\n\u2013 Dossard 108\u00a0: <strong>Nad\u00e8ge Vignand<\/strong> (ASPTT Annecy Athl\u00e9tisme), 1\u00e8re femme (1\u00e8re V1, 36\u00e8me au scratch) en\u00a0<strong>57\u201906\u2019\u20194, record<\/strong>\u00a0<strong>f\u00e9minin<\/strong>\u00a0<strong>du parcours emprunt\u00e9 depuis 2010 (except\u00e9 en 2013)<\/strong>.<br \/>\n\u2013 Devant et \u00e0 droite de Nad\u00e8ge, avec un d\u00e9bardeur jaune : le Marocain\u00a0<strong>El Yazid El Madi<\/strong> (Club Athl\u00e9tique du Bassin Bellegardien), 1er (1er V1) en\u00a044\u201954\u2019\u20197.<br \/>\n\u2013 Dossard 55\u00a0: <strong>Emeric Arnaud<\/strong> (Les Alligators Seynod Triathlon), 3\u00e8me (1er cadet-junior) en 46\u201910\u2019\u20193.<br \/>\n\u2013 Dossard 49\u00a0: <strong>Guillaume Michet<\/strong> (Running Club du CERN), 5\u00e8me (3\u00e8me espoir-senior) en 47\u201940\u2019\u20197.<br \/>\n\u2013 Derri\u00e8re et \u00e0 droite de Guillaume,\u00a0avec un maillot \u00e0 dominante noire : <strong>C\u00e9dric Delachenal\u00a0<\/strong>(Team Les Panards Migros Gen\u00e8ve et V\u00e9lo-Club Mont-Blanc), fils de notre photographe\u00a0<strong>Jean-Claude<\/strong>, 15\u00e8me (10\u00e8me espoir-senior) en 52\u201907\u2019\u20199.<br \/>\n\u2013 Dossard 25\u00a0: <strong>S\u00e9bastien Buet<\/strong> (Brasserie La Gabelle, Athl\u00e9 Saint-Julien 74 et Terres d\u2019Horizons), 2\u00e8me (2\u00e8me espoir-senior) en 46\u201908\u2019\u20194.<br \/>\n\u2013 Dossard 75\u00a0: <strong>Richard Clavel<\/strong> (Annecy Haute-Savoie Athl\u00e9tisme), 6\u00e8me (2\u00e8me cadet-junior) en 47\u201948\u2019\u20194.<br \/>\n\u2013 Dossard 88\u00a0: <strong>Sacha Piccon<\/strong> (Annecy Haute-Savoie Athl\u00e9tisme), 16\u00e8me (11\u00e8me espoir-senior) en 52\u201923\u2019\u20194.<br \/>\n\u2013 A droite de\u00a0Sacha : <strong>Hakim Sahraoui<\/strong> (La Foul\u00e9e d\u2019Annemasse, section de l\u2019Entente Athl\u00e9tique de l\u2019Arve), 25\u00e8me (17\u00e8me espoir-senior) en 55\u201928\u2019\u20197.<br \/>\nClich\u00e9 du <strong>Comit\u00e9 des F\u00eates de Saint-Germain-sur-Rh\u00f4ne<\/strong>.<img data-recalc-dims=\"1\" loading=\"lazy\" decoding=\"async\" class=\"size-full wp-image-52267 aligncenter\" src=\"https:\/\/i0.wp.com\/www.courzyvite.run\/blog\/wp-content\/uploads\/2015\/10\/Cross_2015_160.jpg?resize=860%2C574&#038;ssl=1\" alt=\"\" width=\"860\" height=\"574\" srcset=\"https:\/\/i0.wp.com\/www.courzyvite.run\/blog\/wp-content\/uploads\/2015\/10\/Cross_2015_160.jpg?w=1024&amp;ssl=1 1024w, https:\/\/i0.wp.com\/www.courzyvite.run\/blog\/wp-content\/uploads\/2015\/10\/Cross_2015_160.jpg?resize=820%2C547&amp;ssl=1 820w, https:\/\/i0.wp.com\/www.courzyvite.run\/blog\/wp-content\/uploads\/2015\/10\/Cross_2015_160.jpg?resize=150%2C100&amp;ssl=1 150w, https:\/\/i0.wp.com\/www.courzyvite.run\/blog\/wp-content\/uploads\/2015\/10\/Cross_2015_160.jpg?resize=768%2C512&amp;ssl=1 768w\" sizes=\"auto, (max-width: 860px) 100vw, 860px\" \/>29\u00e8me \u00e9dition du Cross de la Semine, 25 octobre 2015.<br \/>\nBois de la Rouge, km8,6 (\u00e0\u00a03,7km de l\u2019arriv\u00e9e).<br \/>\n\u2013 Dossard terminant par 9 : <strong>Guillaume Michet<\/strong> (Running Club du CERN), 5\u00e8me (3\u00e8me espoir-senior) en 47\u201940\u2019\u20197.<br \/>\n\u2013 Dossard 75\u00a0: <strong>Richard Clavel<\/strong> (Annecy Haute-Savoie Athl\u00e9tisme), 6\u00e8me (2\u00e8me cadet-junior) en 47\u201948\u2019\u20194.<br \/>\nClich\u00e9 du <strong>Comit\u00e9 des F\u00eates de Saint-Germain-sur-Rh\u00f4ne<\/strong>.<br \/>\n<img data-recalc-dims=\"1\" loading=\"lazy\" decoding=\"async\" class=\"aligncenter wp-image-2277\" src=\"https:\/\/i0.wp.com\/www.courzyvite.run\/blog\/wp-content\/uploads\/2016\/10\/Cross_2015_169.jpg?resize=860%2C573\" alt=\"cross_2015_169\" width=\"860\" height=\"573\" srcset=\"https:\/\/i0.wp.com\/www.courzyvite.run\/blog\/wp-content\/uploads\/2016\/10\/Cross_2015_169.jpg?w=957&amp;ssl=1 957w, https:\/\/i0.wp.com\/www.courzyvite.run\/blog\/wp-content\/uploads\/2016\/10\/Cross_2015_169.jpg?resize=300%2C200&amp;ssl=1 300w, https:\/\/i0.wp.com\/www.courzyvite.run\/blog\/wp-content\/uploads\/2016\/10\/Cross_2015_169.jpg?resize=768%2C512&amp;ssl=1 768w\" sizes=\"auto, (max-width: 860px) 100vw, 860px\" \/>29\u00e8me \u00e9dition du Cross de la Semine, 25 octobre 2015.<br \/>\nBois de la Rouge, km8,6 (\u00e0\u00a03,7km de l\u2019arriv\u00e9e).<br \/>\n&#8211; Dossard 28 :<b> Yvan Massonnet<\/b> (Cercier), 17\u00e8me (4\u00e8me V1) en 52\u201938\u2019\u20190.<br \/>\n&#8211; A l\u2019arri\u00e8re plan : <strong>Sacha Piccon<\/strong> (Annecy Haute-Savoie Athl\u00e9tisme), 16\u00e8me (11\u00e8me espoir-senior) en 52\u201923\u2019\u20194.<br \/>\nClich\u00e9 du <strong>Comit\u00e9 des F\u00eates de Saint-Germain-sur-Rh\u00f4ne<\/strong>.<br \/>\n<img data-recalc-dims=\"1\" loading=\"lazy\" decoding=\"async\" class=\"wp-image-2278 aligncenter\" src=\"https:\/\/i0.wp.com\/www.courzyvite.run\/blog\/wp-content\/uploads\/2016\/10\/Cross_2015_173.jpg?resize=860%2C573\" alt=\"cross_2015_173\" width=\"860\" height=\"573\" srcset=\"https:\/\/i0.wp.com\/www.courzyvite.run\/blog\/wp-content\/uploads\/2016\/10\/Cross_2015_173.jpg?w=957&amp;ssl=1 957w, https:\/\/i0.wp.com\/www.courzyvite.run\/blog\/wp-content\/uploads\/2016\/10\/Cross_2015_173.jpg?resize=300%2C200&amp;ssl=1 300w, https:\/\/i0.wp.com\/www.courzyvite.run\/blog\/wp-content\/uploads\/2016\/10\/Cross_2015_173.jpg?resize=768%2C512&amp;ssl=1 768w\" sizes=\"auto, (max-width: 860px) 100vw, 860px\" \/>29\u00e8me \u00e9dition du Cross de la Semine, 25 octobre 2015.<br \/>\nBois de la Rouge, km8,6 (\u00e0\u00a03,7km de l\u2019arriv\u00e9e).<br \/>\n&#8211; Dossard 6 :<b>\u00a0C\u00e9dric Arnaud<\/b>\u00a0(Les Alligators Seynod Triathlon), coach d\u2019<strong>Emeric Arnaud<\/strong>, 20\u00e8me (13\u00e8me espoir-senior) en 53\u201920\u2019\u20194.<br \/>\n&#8211; A gauche : <strong>Romain Di Ciocco<\/strong> (Poisy), 19\u00e8me (12\u00e8me espoir-senior) en\u00a052\u201950\u2019\u20193.<br \/>\nClich\u00e9 du <strong>Comit\u00e9 des F\u00eates de Saint-Germain-sur-Rh\u00f4ne<\/strong>.<br \/>\n<img data-recalc-dims=\"1\" loading=\"lazy\" decoding=\"async\" class=\"aligncenter wp-image-2280\" src=\"https:\/\/i0.wp.com\/www.courzyvite.run\/blog\/wp-content\/uploads\/2016\/10\/Cross_2015_186.jpg?resize=860%2C573\" alt=\"cross_2015_186\" width=\"860\" height=\"573\" srcset=\"https:\/\/i0.wp.com\/www.courzyvite.run\/blog\/wp-content\/uploads\/2016\/10\/Cross_2015_186.jpg?w=1024&amp;ssl=1 1024w, https:\/\/i0.wp.com\/www.courzyvite.run\/blog\/wp-content\/uploads\/2016\/10\/Cross_2015_186.jpg?resize=300%2C200&amp;ssl=1 300w, https:\/\/i0.wp.com\/www.courzyvite.run\/blog\/wp-content\/uploads\/2016\/10\/Cross_2015_186.jpg?resize=768%2C512&amp;ssl=1 768w\" sizes=\"auto, (max-width: 860px) 100vw, 860px\" \/>29\u00e8me \u00e9dition du Cross de la Semine, 25 octobre 2015.<br \/>\nBois de la Rouge, km8,6 (\u00e0\u00a03,7km de l\u2019arriv\u00e9e).<br \/>\n&#8211; Dossard 45 : <strong>Thierry Chenavard<\/strong> (Reignier-Esery), 40\u00e8me (12\u00e8me V1) en 57\u201936\u2019\u20199.<br \/>\n&#8211; Dossard 108 :<strong> Nad\u00e8ge Vignand<\/strong> (ASPTT Annecy Athl\u00e9tisme), 1\u00e8re femme (1\u00e8re V1, 36\u00e8me au scratch) en <strong>57\u201906\u2019\u20194, record<\/strong>\u00a0<strong>f\u00e9minin<\/strong>\u00a0<strong>du parcours emprunt\u00e9 depuis 2010 (except\u00e9 en 2013)<\/strong>.<br \/>\n&#8211; Dossard 34 :\u00a0<strong>Quentin Michaud<\/strong> (Saint-Genis-Pouilly), 33\u00e8me (20\u00e8me espoir-senior) en 57\u201900\u2019\u20199.<br \/>\n&#8211; Dossard 123 : <strong>Nicolas Ducruet<\/strong> (Les Dragons d\u2019Annecy), 30\u00e8me (19\u00e8me espoir-senior) en\u00a056\u201943\u2019\u20195.<br \/>\n&#8211; Dossard terminant par 69 :<b> Fr\u00e9d\u00e9ric Sobocan <\/b>(Team FMR et organisation de la Course des Fougueurs), 32\u00e8me (9\u00e8me V1) en 56\u201949\u2019\u20198.<br \/>\n&#8211; Avec un maillot vert :\u00a0<strong>Fran\u00e7ois Duclos<\/strong> (Desingy), 58\u00e8me (5\u00e8me cadet-junior) en\u00a059\u201906\u2019\u20198.<br \/>\nClich\u00e9 du <strong>Comit\u00e9 des F\u00eates de Saint-Germain-sur-Rh\u00f4ne<\/strong>.<img data-recalc-dims=\"1\" loading=\"lazy\" decoding=\"async\" class=\"size-full wp-image-52266 aligncenter\" src=\"https:\/\/i0.wp.com\/www.courzyvite.run\/blog\/wp-content\/uploads\/2015\/10\/Cross_2015_204.jpg?resize=860%2C574&#038;ssl=1\" alt=\"\" width=\"860\" height=\"574\" srcset=\"https:\/\/i0.wp.com\/www.courzyvite.run\/blog\/wp-content\/uploads\/2015\/10\/Cross_2015_204.jpg?w=1024&amp;ssl=1 1024w, https:\/\/i0.wp.com\/www.courzyvite.run\/blog\/wp-content\/uploads\/2015\/10\/Cross_2015_204.jpg?resize=820%2C547&amp;ssl=1 820w, https:\/\/i0.wp.com\/www.courzyvite.run\/blog\/wp-content\/uploads\/2015\/10\/Cross_2015_204.jpg?resize=150%2C100&amp;ssl=1 150w, https:\/\/i0.wp.com\/www.courzyvite.run\/blog\/wp-content\/uploads\/2015\/10\/Cross_2015_204.jpg?resize=768%2C512&amp;ssl=1 768w\" sizes=\"auto, (max-width: 860px) 100vw, 860px\" \/>29\u00e8me \u00e9dition du Cross de la Semine, 25 octobre 2015.<br \/>\nBois de la Rouge, km8,6 (\u00e0\u00a03,7km de l\u2019arriv\u00e9e).<br \/>\n\u2013 Dossard 87\u00a0: <strong>Lise Kempf<\/strong> (Les Alligators Seynod Triathlon), 2\u00e8me femme (1\u00e8re cadette-junior, 56\u00e8me au scratch) en 58\u201950\u2019\u20199.<br \/>\n\u2013 Dossard 48\u00a0:<strong> Christophe Buet<\/strong> (Brasserie La Gabelle), fr\u00e8re de <strong>S\u00e9bastien<\/strong>, 49\u00e8me (27\u00e8me espoir-senior) en 59\u201949\u2019\u20193.<br \/>\n\u2013 Dossard 2\u00a0: <strong>Nathan Triquet<\/strong> (Seyssel (Haute-Savoie)), 67\u00e8me (6\u00e8me cadet-junior) en 1h01\u201904\u2019\u20199.<br \/>\n\u2013 Dossard terminant par 0\u00a0: <strong>Jean-Marie Andrieu<\/strong> (Echallon), 60\u00e8me (17\u00e8me V1) en 59\u201949\u2019\u20193.<br \/>\nClich\u00e9 du <strong>Comit\u00e9 des F\u00eates de Saint-Germain-sur-Rh\u00f4ne<\/strong>.<a href=\"http:\/\/www.trail-running-savoie.fr\/wp-content\/uploads\/2015\/10\/Cross_2015_205.jpg\"><br \/>\n<\/a><img data-recalc-dims=\"1\" loading=\"lazy\" decoding=\"async\" class=\"aligncenter wp-image-2233\" src=\"https:\/\/i0.wp.com\/www.courzyvite.run\/blog\/wp-content\/uploads\/2016\/10\/Cross_2015_205.jpg?resize=860%2C573\" alt=\"cross_2015_205\" width=\"860\" height=\"573\" srcset=\"https:\/\/i0.wp.com\/www.courzyvite.run\/blog\/wp-content\/uploads\/2016\/10\/Cross_2015_205.jpg?w=1024&amp;ssl=1 1024w, https:\/\/i0.wp.com\/www.courzyvite.run\/blog\/wp-content\/uploads\/2016\/10\/Cross_2015_205.jpg?resize=300%2C200&amp;ssl=1 300w, https:\/\/i0.wp.com\/www.courzyvite.run\/blog\/wp-content\/uploads\/2016\/10\/Cross_2015_205.jpg?resize=768%2C512&amp;ssl=1 768w\" sizes=\"auto, (max-width: 860px) 100vw, 860px\" \/>29\u00e8me \u00e9dition du Cross de la Semine, 25 octobre 2015.<br \/>\nBois de la Rouge, km8,6 (\u00e0\u00a03,7km de l\u2019arriv\u00e9e).<br \/>\nLa Tch\u00e9co-Suissesse<strong> Yvona Jenc<\/strong> (La Foul\u00e9e d\u2019Annemasse, section de l\u2019Entente Athl\u00e9tique de l\u2019Arve), 3\u00e8me femme (2\u00e8me V1, 64\u00e8me au scratch) en 1h00\u201914\u2019\u20193.<br \/>\nClich\u00e9 du <strong>Comit\u00e9 des F\u00eates de Saint-Germain-sur-Rh\u00f4ne<\/strong>.<br \/>\n<img data-recalc-dims=\"1\" loading=\"lazy\" decoding=\"async\" class=\"aligncenter wp-image-2281\" src=\"https:\/\/i0.wp.com\/www.courzyvite.run\/blog\/wp-content\/uploads\/2016\/10\/IMG_1131.jpg?resize=860%2C573\" alt=\"img_1131\" width=\"860\" height=\"573\" srcset=\"https:\/\/i0.wp.com\/www.courzyvite.run\/blog\/wp-content\/uploads\/2016\/10\/IMG_1131.jpg?w=1999&amp;ssl=1 1999w, https:\/\/i0.wp.com\/www.courzyvite.run\/blog\/wp-content\/uploads\/2016\/10\/IMG_1131.jpg?resize=300%2C200&amp;ssl=1 300w, https:\/\/i0.wp.com\/www.courzyvite.run\/blog\/wp-content\/uploads\/2016\/10\/IMG_1131.jpg?resize=768%2C512&amp;ssl=1 768w, https:\/\/i0.wp.com\/www.courzyvite.run\/blog\/wp-content\/uploads\/2016\/10\/IMG_1131.jpg?resize=1024%2C683&amp;ssl=1 1024w, https:\/\/i0.wp.com\/www.courzyvite.run\/blog\/wp-content\/uploads\/2016\/10\/IMG_1131.jpg?w=1720&amp;ssl=1 1720w\" sizes=\"auto, (max-width: 860px) 100vw, 860px\" \/>29\u00e8me \u00e9dition du Cross de la Semine, 25 octobre 2015.<br \/>\nPeu avant l\u2019arriv\u00e9e.<br \/>\n<strong>Richard Clavel <\/strong>(Annecy Haute-Savoie Athl\u00e9tisme), 6\u00e8me (2\u00e8me cadet-junior) en 47\u201948\u2019\u20194.<br \/>\nClich\u00e9 de <strong>Jean-Claude Delachenal<\/strong>.<br \/>\n<img data-recalc-dims=\"1\" loading=\"lazy\" decoding=\"async\" class=\"aligncenter wp-image-2282\" src=\"https:\/\/i0.wp.com\/www.courzyvite.run\/blog\/wp-content\/uploads\/2016\/10\/IMG_1132.jpg?resize=860%2C573\" alt=\"img_1132\" width=\"860\" height=\"573\" srcset=\"https:\/\/i0.wp.com\/www.courzyvite.run\/blog\/wp-content\/uploads\/2016\/10\/IMG_1132.jpg?w=1999&amp;ssl=1 1999w, https:\/\/i0.wp.com\/www.courzyvite.run\/blog\/wp-content\/uploads\/2016\/10\/IMG_1132.jpg?resize=300%2C200&amp;ssl=1 300w, https:\/\/i0.wp.com\/www.courzyvite.run\/blog\/wp-content\/uploads\/2016\/10\/IMG_1132.jpg?resize=768%2C512&amp;ssl=1 768w, https:\/\/i0.wp.com\/www.courzyvite.run\/blog\/wp-content\/uploads\/2016\/10\/IMG_1132.jpg?resize=1024%2C683&amp;ssl=1 1024w, https:\/\/i0.wp.com\/www.courzyvite.run\/blog\/wp-content\/uploads\/2016\/10\/IMG_1132.jpg?w=1720&amp;ssl=1 1720w\" sizes=\"auto, (max-width: 860px) 100vw, 860px\" \/>29\u00e8me \u00e9dition du Cross de la Semine, 25 octobre 2015.<br \/>\nPeu avant l\u2019arriv\u00e9e.<br \/>\n<strong>Fabien Tanguy<\/strong> (Team Terre de Running et Oullins Triathlon), 7\u00e8me (4\u00e8me espoir-senior) en 49\u201905\u2019\u20191.<br \/>\nClich\u00e9 de <strong>Jean-Claude Delachenal<\/strong>.<br \/>\n<img data-recalc-dims=\"1\" loading=\"lazy\" decoding=\"async\" class=\"aligncenter wp-image-2274\" src=\"https:\/\/i0.wp.com\/www.courzyvite.run\/blog\/wp-content\/uploads\/2016\/10\/IMG_1133.jpg?resize=860%2C573\" alt=\"img_1133\" width=\"860\" height=\"573\" srcset=\"https:\/\/i0.wp.com\/www.courzyvite.run\/blog\/wp-content\/uploads\/2016\/10\/IMG_1133.jpg?w=1999&amp;ssl=1 1999w, https:\/\/i0.wp.com\/www.courzyvite.run\/blog\/wp-content\/uploads\/2016\/10\/IMG_1133.jpg?resize=300%2C200&amp;ssl=1 300w, https:\/\/i0.wp.com\/www.courzyvite.run\/blog\/wp-content\/uploads\/2016\/10\/IMG_1133.jpg?resize=768%2C512&amp;ssl=1 768w, https:\/\/i0.wp.com\/www.courzyvite.run\/blog\/wp-content\/uploads\/2016\/10\/IMG_1133.jpg?resize=1024%2C683&amp;ssl=1 1024w, https:\/\/i0.wp.com\/www.courzyvite.run\/blog\/wp-content\/uploads\/2016\/10\/IMG_1133.jpg?w=1720&amp;ssl=1 1720w\" sizes=\"auto, (max-width: 860px) 100vw, 860px\" \/>29\u00e8me \u00e9dition du Cross de la Semine, 25 octobre 2015.<br \/>\nPeu avant l\u2019arriv\u00e9e.<br \/>\n<strong>David Larrieu<\/strong> (ASPTT Annecy Athl\u00e9tisme), 8\u00e8me (5\u00e8me espoir-senior) en 51\u201915\u2019\u20193.<br \/>\nClich\u00e9 de <strong>Jean-Claude Delachenal<\/strong>.<br \/>\n<img data-recalc-dims=\"1\" loading=\"lazy\" decoding=\"async\" class=\"aligncenter wp-image-2283\" src=\"https:\/\/i0.wp.com\/www.courzyvite.run\/blog\/wp-content\/uploads\/2016\/10\/IMG_1136.jpg?resize=860%2C573\" alt=\"img_1136\" width=\"860\" height=\"573\" srcset=\"https:\/\/i0.wp.com\/www.courzyvite.run\/blog\/wp-content\/uploads\/2016\/10\/IMG_1136.jpg?w=1999&amp;ssl=1 1999w, https:\/\/i0.wp.com\/www.courzyvite.run\/blog\/wp-content\/uploads\/2016\/10\/IMG_1136.jpg?resize=300%2C200&amp;ssl=1 300w, https:\/\/i0.wp.com\/www.courzyvite.run\/blog\/wp-content\/uploads\/2016\/10\/IMG_1136.jpg?resize=768%2C512&amp;ssl=1 768w, https:\/\/i0.wp.com\/www.courzyvite.run\/blog\/wp-content\/uploads\/2016\/10\/IMG_1136.jpg?resize=1024%2C683&amp;ssl=1 1024w, https:\/\/i0.wp.com\/www.courzyvite.run\/blog\/wp-content\/uploads\/2016\/10\/IMG_1136.jpg?w=1720&amp;ssl=1 1720w\" sizes=\"auto, (max-width: 860px) 100vw, 860px\" \/>29\u00e8me \u00e9dition du Cross de la Semine, 25 octobre 2015.<br \/>\nPeu avant l\u2019arriv\u00e9e.<br \/>\n<b>Alexis Michel<\/b> (V\u00e9lo Club de Bellegarde), 11\u00e8me (7\u00e8me espoir-senior) en 51\u201938\u2019\u20199.<br \/>\nClich\u00e9 de <strong>Jean-Claude Delachenal<\/strong>.<br \/>\n<img data-recalc-dims=\"1\" loading=\"lazy\" decoding=\"async\" class=\"aligncenter wp-image-2284\" src=\"https:\/\/i0.wp.com\/www.courzyvite.run\/blog\/wp-content\/uploads\/2016\/10\/IMG_1138.jpg?resize=860%2C573\" alt=\"img_1138\" width=\"860\" height=\"573\" srcset=\"https:\/\/i0.wp.com\/www.courzyvite.run\/blog\/wp-content\/uploads\/2016\/10\/IMG_1138.jpg?w=1999&amp;ssl=1 1999w, https:\/\/i0.wp.com\/www.courzyvite.run\/blog\/wp-content\/uploads\/2016\/10\/IMG_1138.jpg?resize=300%2C200&amp;ssl=1 300w, https:\/\/i0.wp.com\/www.courzyvite.run\/blog\/wp-content\/uploads\/2016\/10\/IMG_1138.jpg?resize=768%2C512&amp;ssl=1 768w, https:\/\/i0.wp.com\/www.courzyvite.run\/blog\/wp-content\/uploads\/2016\/10\/IMG_1138.jpg?resize=1024%2C683&amp;ssl=1 1024w, https:\/\/i0.wp.com\/www.courzyvite.run\/blog\/wp-content\/uploads\/2016\/10\/IMG_1138.jpg?w=1720&amp;ssl=1 1720w\" sizes=\"auto, (max-width: 860px) 100vw, 860px\" \/>29\u00e8me \u00e9dition du Cross de la Semine, 25 octobre 2015.<br \/>\nPeu avant l\u2019arriv\u00e9e.<br \/>\n<strong>Pierre-Antoine Vatinel<\/strong> (La Roche-sur-Foron), 13\u00e8me (3\u00e8me V1) en 51\u201953\u2019\u20195.<br \/>\nClich\u00e9 de <strong>Jean-Claude Delachenal<\/strong>.<br \/>\n<img data-recalc-dims=\"1\" loading=\"lazy\" decoding=\"async\" class=\"aligncenter wp-image-2285\" src=\"https:\/\/i0.wp.com\/www.courzyvite.run\/blog\/wp-content\/uploads\/2016\/10\/IMG_1139.jpg?resize=860%2C573\" alt=\"img_1139\" width=\"860\" height=\"573\" srcset=\"https:\/\/i0.wp.com\/www.courzyvite.run\/blog\/wp-content\/uploads\/2016\/10\/IMG_1139.jpg?w=1999&amp;ssl=1 1999w, https:\/\/i0.wp.com\/www.courzyvite.run\/blog\/wp-content\/uploads\/2016\/10\/IMG_1139.jpg?resize=300%2C200&amp;ssl=1 300w, https:\/\/i0.wp.com\/www.courzyvite.run\/blog\/wp-content\/uploads\/2016\/10\/IMG_1139.jpg?resize=768%2C512&amp;ssl=1 768w, https:\/\/i0.wp.com\/www.courzyvite.run\/blog\/wp-content\/uploads\/2016\/10\/IMG_1139.jpg?resize=1024%2C683&amp;ssl=1 1024w, https:\/\/i0.wp.com\/www.courzyvite.run\/blog\/wp-content\/uploads\/2016\/10\/IMG_1139.jpg?w=1720&amp;ssl=1 1720w\" sizes=\"auto, (max-width: 860px) 100vw, 860px\" \/>29\u00e8me \u00e9dition du Cross de la Semine, 25 octobre 2015.<br \/>\nPeu avant l\u2019arriv\u00e9e.<br \/>\n<strong>Jean-Patrick Fuss<\/strong> (Les Alligators Seynod Triathlon), 14\u00e8me (9\u00e8me senior) en 51\u201959\u2019\u20191.<br \/>\nClich\u00e9 de <strong>Jean-Claude Delachenal<\/strong>.<br \/>\n<img data-recalc-dims=\"1\" loading=\"lazy\" decoding=\"async\" class=\"aligncenter wp-image-2275\" src=\"https:\/\/i0.wp.com\/www.courzyvite.run\/blog\/wp-content\/uploads\/2016\/10\/IMG_1140.jpg?resize=860%2C578\" alt=\"img_1140\" width=\"860\" height=\"578\" srcset=\"https:\/\/i0.wp.com\/www.courzyvite.run\/blog\/wp-content\/uploads\/2016\/10\/IMG_1140.jpg?w=1872&amp;ssl=1 1872w, https:\/\/i0.wp.com\/www.courzyvite.run\/blog\/wp-content\/uploads\/2016\/10\/IMG_1140.jpg?resize=300%2C202&amp;ssl=1 300w, https:\/\/i0.wp.com\/www.courzyvite.run\/blog\/wp-content\/uploads\/2016\/10\/IMG_1140.jpg?resize=768%2C517&amp;ssl=1 768w, https:\/\/i0.wp.com\/www.courzyvite.run\/blog\/wp-content\/uploads\/2016\/10\/IMG_1140.jpg?resize=1024%2C689&amp;ssl=1 1024w, https:\/\/i0.wp.com\/www.courzyvite.run\/blog\/wp-content\/uploads\/2016\/10\/IMG_1140.jpg?w=1720&amp;ssl=1 1720w\" sizes=\"auto, (max-width: 860px) 100vw, 860px\" \/>29\u00e8me \u00e9dition du Cross de la Semine, 25 octobre 2015.<br \/>\nPeu avant l\u2019arriv\u00e9e.<br \/>\n<strong>C\u00e9dric Delachenal\u00a0<\/strong>(Team Les Panards Migros Gen\u00e8ve et V\u00e9lo-Club Mont-Blanc), fils de notre photographe\u00a0<strong>Jean-Claude<\/strong>, 15\u00e8me (10\u00e8me espoir-senior) en 52\u201907\u2019\u20199.<br \/>\nClich\u00e9 de <strong>Jean-Claude Delachenal<\/strong>.<br \/>\n<img data-recalc-dims=\"1\" loading=\"lazy\" decoding=\"async\" class=\"aligncenter wp-image-2286\" src=\"https:\/\/i0.wp.com\/www.courzyvite.run\/blog\/wp-content\/uploads\/2016\/10\/IMG_1141.jpg?resize=860%2C572\" alt=\"img_1141\" width=\"860\" height=\"572\" srcset=\"https:\/\/i0.wp.com\/www.courzyvite.run\/blog\/wp-content\/uploads\/2016\/10\/IMG_1141.jpg?w=1761&amp;ssl=1 1761w, https:\/\/i0.wp.com\/www.courzyvite.run\/blog\/wp-content\/uploads\/2016\/10\/IMG_1141.jpg?resize=300%2C200&amp;ssl=1 300w, https:\/\/i0.wp.com\/www.courzyvite.run\/blog\/wp-content\/uploads\/2016\/10\/IMG_1141.jpg?resize=768%2C512&amp;ssl=1 768w, https:\/\/i0.wp.com\/www.courzyvite.run\/blog\/wp-content\/uploads\/2016\/10\/IMG_1141.jpg?resize=1024%2C682&amp;ssl=1 1024w\" sizes=\"auto, (max-width: 860px) 100vw, 860px\" \/>29\u00e8me \u00e9dition du Cross de la Semine, 25 octobre 2015.<br \/>\nPeu avant l\u2019arriv\u00e9e.<br \/>\n<strong>Sacha Piccon<\/strong> (Annecy Haute-Savoie Athl\u00e9tisme), 16\u00e8me (11\u00e8me espoir-senior) en 52\u201923\u2019\u20194.<br \/>\nClich\u00e9 de <strong>Jean-Claude Delachenal<\/strong>.<br \/>\n<img data-recalc-dims=\"1\" loading=\"lazy\" decoding=\"async\" class=\"aligncenter wp-image-2287\" src=\"https:\/\/i0.wp.com\/www.courzyvite.run\/blog\/wp-content\/uploads\/2016\/10\/IMG_1143.jpg?resize=860%2C573\" alt=\"img_1143\" width=\"860\" height=\"573\" srcset=\"https:\/\/i0.wp.com\/www.courzyvite.run\/blog\/wp-content\/uploads\/2016\/10\/IMG_1143.jpg?w=1999&amp;ssl=1 1999w, https:\/\/i0.wp.com\/www.courzyvite.run\/blog\/wp-content\/uploads\/2016\/10\/IMG_1143.jpg?resize=300%2C200&amp;ssl=1 300w, https:\/\/i0.wp.com\/www.courzyvite.run\/blog\/wp-content\/uploads\/2016\/10\/IMG_1143.jpg?resize=768%2C512&amp;ssl=1 768w, https:\/\/i0.wp.com\/www.courzyvite.run\/blog\/wp-content\/uploads\/2016\/10\/IMG_1143.jpg?resize=1024%2C683&amp;ssl=1 1024w, https:\/\/i0.wp.com\/www.courzyvite.run\/blog\/wp-content\/uploads\/2016\/10\/IMG_1143.jpg?w=1720&amp;ssl=1 1720w\" sizes=\"auto, (max-width: 860px) 100vw, 860px\" \/>29\u00e8me \u00e9dition du Cross de la Semine, 25 octobre 2015.<br \/>\nPeu avant l\u2019arriv\u00e9e.<br \/>\n&#8211; Dossard 126 : <strong>St\u00e9phane Mouille<\/strong> (Bonneville), 18\u00e8me (5\u00e8me V1) en 52\u201948\u2019\u20191.<br \/>\n&#8211; Dossard 90 :\u00a0<strong>Romain Di Ciocco<\/strong> (Poisy), 19\u00e8me (12\u00e8me espoir-senior) en\u00a052\u201950\u2019\u20193.<br \/>\nClich\u00e9 de <strong>Jean-Claude Delachenal<\/strong>.<br \/>\n<img data-recalc-dims=\"1\" loading=\"lazy\" decoding=\"async\" class=\"aligncenter wp-image-2276\" src=\"https:\/\/i0.wp.com\/www.courzyvite.run\/blog\/wp-content\/uploads\/2016\/10\/IMG_1145.jpg?resize=860%2C573\" alt=\"img_1145\" width=\"860\" height=\"573\" srcset=\"https:\/\/i0.wp.com\/www.courzyvite.run\/blog\/wp-content\/uploads\/2016\/10\/IMG_1145.jpg?w=1999&amp;ssl=1 1999w, https:\/\/i0.wp.com\/www.courzyvite.run\/blog\/wp-content\/uploads\/2016\/10\/IMG_1145.jpg?resize=300%2C200&amp;ssl=1 300w, https:\/\/i0.wp.com\/www.courzyvite.run\/blog\/wp-content\/uploads\/2016\/10\/IMG_1145.jpg?resize=768%2C512&amp;ssl=1 768w, https:\/\/i0.wp.com\/www.courzyvite.run\/blog\/wp-content\/uploads\/2016\/10\/IMG_1145.jpg?resize=1024%2C683&amp;ssl=1 1024w, https:\/\/i0.wp.com\/www.courzyvite.run\/blog\/wp-content\/uploads\/2016\/10\/IMG_1145.jpg?w=1720&amp;ssl=1 1720w\" sizes=\"auto, (max-width: 860px) 100vw, 860px\" \/>29\u00e8me \u00e9dition du Cross de la Semine, 25 octobre 2015.<br \/>\nPeu avant l\u2019arriv\u00e9e.<br \/>\n&#8211; Dossard 20 : <strong>Ludovic Josserand<\/strong>\u00a0(Sal\u00e8ve Trail), 21\u00e8me (14\u00e8me espoir-senior) en 54\u201958\u2019\u20190.<br \/>\n&#8211; Dossard 50 :<b>\u00a0Eric Dumonteil<\/b> (Ski Club de Bellegarde et Trail du Vuache), 23\u00e8me (6\u00e8me V1) en 55\u201907\u2019\u20194.<br \/>\n&#8211; Dossard 159 : <strong>Valentin Gaidon<\/strong> (Seyssel (Haute-Savoie)), 22\u00e8me (15\u00e8me espoir-senior) en 55\u201900\u2019\u20198.<br \/>\nClich\u00e9 de <strong>Jean-Claude Delachenal<\/strong>.<\/p>\n<p><img data-recalc-dims=\"1\" loading=\"lazy\" decoding=\"async\" class=\"alignnone size-full wp-image-2272\" src=\"https:\/\/i0.wp.com\/www.courzyvite.run\/blog\/wp-content\/uploads\/2016\/10\/IMG_1150.jpg?resize=860%2C571\" alt=\"img_1150\" width=\"860\" height=\"571\" srcset=\"https:\/\/i0.wp.com\/www.courzyvite.run\/blog\/wp-content\/uploads\/2016\/10\/IMG_1150.jpg?w=1521&amp;ssl=1 1521w, https:\/\/i0.wp.com\/www.courzyvite.run\/blog\/wp-content\/uploads\/2016\/10\/IMG_1150.jpg?resize=300%2C199&amp;ssl=1 300w, https:\/\/i0.wp.com\/www.courzyvite.run\/blog\/wp-content\/uploads\/2016\/10\/IMG_1150.jpg?resize=768%2C510&amp;ssl=1 768w, https:\/\/i0.wp.com\/www.courzyvite.run\/blog\/wp-content\/uploads\/2016\/10\/IMG_1150.jpg?resize=1024%2C680&amp;ssl=1 1024w\" sizes=\"auto, (max-width: 860px) 100vw, 860px\" \/><br \/>\n29\u00e8me \u00e9dition du Cross de la Semine, 25 octobre 2015.<br \/>\nPeu avant l\u2019arriv\u00e9e.<br \/>\n&#8211; Dossard 135 : <strong>Lazhar Sahraoui<\/strong> (La Foul\u00e9e d\u2019Annemasse, section de l\u2019Entente Athl\u00e9tique de l\u2019Arve), 27\u00e8me (18\u00e8me espoir-senior) en 56\u201917\u2019\u20199.<br \/>\n&#8211; Dossard terminant par 6 :<b> David Drost<\/b> (Pers-Jussy), 28\u00e8me (8\u00e8me V1) en 56\u201918\u2019\u20196.<br \/>\nClich\u00e9 de <strong>Jean-Claude Delachenal<\/strong>.<br \/>\n<img data-recalc-dims=\"1\" loading=\"lazy\" decoding=\"async\" class=\"aligncenter wp-image-2271\" src=\"https:\/\/i0.wp.com\/www.courzyvite.run\/blog\/wp-content\/uploads\/2016\/10\/IMG_1151.jpg?resize=860%2C573\" alt=\"img_1151\" width=\"860\" height=\"573\" srcset=\"https:\/\/i0.wp.com\/www.courzyvite.run\/blog\/wp-content\/uploads\/2016\/10\/IMG_1151.jpg?w=1999&amp;ssl=1 1999w, https:\/\/i0.wp.com\/www.courzyvite.run\/blog\/wp-content\/uploads\/2016\/10\/IMG_1151.jpg?resize=300%2C200&amp;ssl=1 300w, https:\/\/i0.wp.com\/www.courzyvite.run\/blog\/wp-content\/uploads\/2016\/10\/IMG_1151.jpg?resize=768%2C512&amp;ssl=1 768w, https:\/\/i0.wp.com\/www.courzyvite.run\/blog\/wp-content\/uploads\/2016\/10\/IMG_1151.jpg?resize=1024%2C683&amp;ssl=1 1024w, https:\/\/i0.wp.com\/www.courzyvite.run\/blog\/wp-content\/uploads\/2016\/10\/IMG_1151.jpg?w=1720&amp;ssl=1 1720w\" sizes=\"auto, (max-width: 860px) 100vw, 860px\" \/>29\u00e8me \u00e9dition du Cross de la Semine, 25 octobre 2015.<br \/>\nPeu avant l\u2019arriv\u00e9e.<br \/>\n<b>David Drost<\/b> (Pers-Jussy), 28\u00e8me (8\u00e8me V1) en 56\u201918\u2019\u20196.<br \/>\nClich\u00e9 de <strong>Jean-Claude Delachenal<\/strong>.<br \/>\n<img data-recalc-dims=\"1\" loading=\"lazy\" decoding=\"async\" class=\"aligncenter wp-image-2236\" src=\"https:\/\/i0.wp.com\/www.courzyvite.run\/blog\/wp-content\/uploads\/2016\/10\/IMG_1152.jpg?resize=860%2C581\" alt=\"img_1152\" width=\"860\" height=\"581\" srcset=\"https:\/\/i0.wp.com\/www.courzyvite.run\/blog\/wp-content\/uploads\/2016\/10\/IMG_1152.jpg?w=1703&amp;ssl=1 1703w, https:\/\/i0.wp.com\/www.courzyvite.run\/blog\/wp-content\/uploads\/2016\/10\/IMG_1152.jpg?resize=300%2C203&amp;ssl=1 300w, https:\/\/i0.wp.com\/www.courzyvite.run\/blog\/wp-content\/uploads\/2016\/10\/IMG_1152.jpg?resize=768%2C519&amp;ssl=1 768w, https:\/\/i0.wp.com\/www.courzyvite.run\/blog\/wp-content\/uploads\/2016\/10\/IMG_1152.jpg?resize=1024%2C692&amp;ssl=1 1024w\" sizes=\"auto, (max-width: 860px) 100vw, 860px\" \/>29\u00e8me \u00e9dition du Cross de la Semine, 25 octobre 2015.<br \/>\nPeu avant l\u2019arriv\u00e9e.<br \/>\n<b>Roger Lenourry<\/b> (Chessenaz), 29\u00e8me (1er V2) en 56\u201927\u2019\u20195.<br \/>\nClich\u00e9 de <strong>Jean-Claude Delachenal<\/strong>.<br \/>\n<img data-recalc-dims=\"1\" loading=\"lazy\" decoding=\"async\" class=\"aligncenter wp-image-2237\" src=\"https:\/\/i0.wp.com\/www.courzyvite.run\/blog\/wp-content\/uploads\/2016\/10\/IMG_1155-2.jpg?resize=860%2C573\" alt=\"img_1155-2\" width=\"860\" height=\"573\" srcset=\"https:\/\/i0.wp.com\/www.courzyvite.run\/blog\/wp-content\/uploads\/2016\/10\/IMG_1155-2.jpg?w=1999&amp;ssl=1 1999w, https:\/\/i0.wp.com\/www.courzyvite.run\/blog\/wp-content\/uploads\/2016\/10\/IMG_1155-2.jpg?resize=300%2C200&amp;ssl=1 300w, https:\/\/i0.wp.com\/www.courzyvite.run\/blog\/wp-content\/uploads\/2016\/10\/IMG_1155-2.jpg?resize=768%2C512&amp;ssl=1 768w, https:\/\/i0.wp.com\/www.courzyvite.run\/blog\/wp-content\/uploads\/2016\/10\/IMG_1155-2.jpg?resize=1024%2C683&amp;ssl=1 1024w, https:\/\/i0.wp.com\/www.courzyvite.run\/blog\/wp-content\/uploads\/2016\/10\/IMG_1155-2.jpg?w=1720&amp;ssl=1 1720w\" sizes=\"auto, (max-width: 860px) 100vw, 860px\" \/>29\u00e8me \u00e9dition du Cross de la Semine, 25 octobre 2015.<br \/>\nPeu avant l\u2019arriv\u00e9e.<br \/>\n<b>Fr\u00e9d\u00e9ric Sobocan <\/b>(Team FMR et Course des Fougueurs), 32\u00e8me (9\u00e8me V1) en 56\u201949\u2019\u20198.<br \/>\nClich\u00e9 de <strong>Jean-Claude Delachenal<\/strong>.<br \/>\n<img data-recalc-dims=\"1\" loading=\"lazy\" decoding=\"async\" class=\"aligncenter wp-image-2238\" src=\"https:\/\/i0.wp.com\/www.courzyvite.run\/blog\/wp-content\/uploads\/2016\/10\/IMG_1156.jpg?resize=860%2C568\" alt=\"img_1156\" width=\"860\" height=\"568\" srcset=\"https:\/\/i0.wp.com\/www.courzyvite.run\/blog\/wp-content\/uploads\/2016\/10\/IMG_1156.jpg?w=1763&amp;ssl=1 1763w, https:\/\/i0.wp.com\/www.courzyvite.run\/blog\/wp-content\/uploads\/2016\/10\/IMG_1156.jpg?resize=300%2C198&amp;ssl=1 300w, https:\/\/i0.wp.com\/www.courzyvite.run\/blog\/wp-content\/uploads\/2016\/10\/IMG_1156.jpg?resize=768%2C507&amp;ssl=1 768w, https:\/\/i0.wp.com\/www.courzyvite.run\/blog\/wp-content\/uploads\/2016\/10\/IMG_1156.jpg?resize=1024%2C676&amp;ssl=1 1024w\" sizes=\"auto, (max-width: 860px) 100vw, 860px\" \/>29\u00e8me \u00e9dition du Cross de la Semine, 25 octobre 2015.<br \/>\nPeu avant l\u2019arriv\u00e9e.<br \/>\n&#8211; Dossard 107 : <strong>Serge Fuentes<\/strong> (La Ronde De Chavanod), 35\u00e8me (2\u00e8me V2) en\u00a057\u201903\u2019\u20196.<br \/>\n&#8211; Dossard 34 :<strong> Quentin Michaud<\/strong> (Saint-Genis-Pouilly), 33\u00e8me (20\u00e8me espoir-senior) en 57\u201900\u2019\u20199.<br \/>\n&#8211; Dossard 108 :<strong> Nad\u00e8ge Vignand<\/strong> (ASPTT Annecy Athl\u00e9tisme), 1\u00e8re femme (1\u00e8re V1, 36\u00e8me au scratch) en <strong>57\u201906\u2019\u20194,<\/strong> <strong>record<\/strong>\u00a0<strong>f\u00e9minin<\/strong>\u00a0<strong>du parcours emprunt\u00e9 depuis 2010 (except\u00e9 en 2013)<\/strong>.<br \/>\nClich\u00e9 de <strong>Jean-Claude Delachenal<\/strong>.<br \/>\n<img data-recalc-dims=\"1\" loading=\"lazy\" decoding=\"async\" class=\"aligncenter wp-image-2234\" src=\"https:\/\/i0.wp.com\/www.courzyvite.run\/blog\/wp-content\/uploads\/2016\/10\/IMG_1159.jpg?resize=860%2C574\" alt=\"img_1159\" width=\"860\" height=\"574\" srcset=\"https:\/\/i0.wp.com\/www.courzyvite.run\/blog\/wp-content\/uploads\/2016\/10\/IMG_1159.jpg?w=800&amp;ssl=1 800w, https:\/\/i0.wp.com\/www.courzyvite.run\/blog\/wp-content\/uploads\/2016\/10\/IMG_1159.jpg?resize=300%2C200&amp;ssl=1 300w, https:\/\/i0.wp.com\/www.courzyvite.run\/blog\/wp-content\/uploads\/2016\/10\/IMG_1159.jpg?resize=768%2C513&amp;ssl=1 768w\" sizes=\"auto, (max-width: 860px) 100vw, 860px\" \/>29\u00e8me \u00e9dition du Cross de la Semine, 25 octobre 2015.<br \/>\nPeu avant l\u2019arriv\u00e9e.<br \/>\n<strong>Nad\u00e8ge Vignand<\/strong> (ASPTT Annecy Athl\u00e9tisme), 1\u00e8re femme (1\u00e8re V1, 36\u00e8me au scratch) en <strong>57\u201906\u2019\u20194, record<\/strong>\u00a0<strong>f\u00e9minin<\/strong>\u00a0<strong>du parcours emprunt\u00e9 depuis 2010 (except\u00e9 en 2013)<\/strong>.<br \/>\nClich\u00e9 de <strong>Jean-Claude Delachenal<\/strong>.<br \/>\n<img data-recalc-dims=\"1\" loading=\"lazy\" decoding=\"async\" class=\"aligncenter wp-image-2240\" src=\"https:\/\/i0.wp.com\/www.courzyvite.run\/blog\/wp-content\/uploads\/2016\/10\/IMG_1163-2.jpg?resize=860%2C574\" alt=\"img_1163-2\" width=\"860\" height=\"574\" srcset=\"https:\/\/i0.wp.com\/www.courzyvite.run\/blog\/wp-content\/uploads\/2016\/10\/IMG_1163-2.jpg?w=1774&amp;ssl=1 1774w, https:\/\/i0.wp.com\/www.courzyvite.run\/blog\/wp-content\/uploads\/2016\/10\/IMG_1163-2.jpg?resize=300%2C200&amp;ssl=1 300w, https:\/\/i0.wp.com\/www.courzyvite.run\/blog\/wp-content\/uploads\/2016\/10\/IMG_1163-2.jpg?resize=768%2C513&amp;ssl=1 768w, https:\/\/i0.wp.com\/www.courzyvite.run\/blog\/wp-content\/uploads\/2016\/10\/IMG_1163-2.jpg?resize=1024%2C684&amp;ssl=1 1024w, https:\/\/i0.wp.com\/www.courzyvite.run\/blog\/wp-content\/uploads\/2016\/10\/IMG_1163-2.jpg?w=1720&amp;ssl=1 1720w\" sizes=\"auto, (max-width: 860px) 100vw, 860px\" \/>29\u00e8me \u00e9dition du Cross de la Semine, 25 octobre 2015.<br \/>\nPeu avant l\u2019arriv\u00e9e.<br \/>\n&#8211; Dossard 36 : <b>Eric Galamand<\/b>\u00a0(La Foul\u00e9e d\u2019Annemasse, section de l\u2019Entente Athl\u00e9tique de l\u2019Arve), 38\u00e8me (11\u00e8me V1) en\u00a057\u201930\u2019\u20190.<br \/>\n&#8211; Avec un d\u00e9bardeur blanc : <strong>Morgan Dumas<\/strong>\u00a0(Bonneville), 39\u00e8me (22\u00e8me espoir-senior) en\u00a057\u201934\u2019\u20190.<br \/>\nClich\u00e9 de <strong>Jean-Claude Delachenal<\/strong>.<br \/>\n<img data-recalc-dims=\"1\" loading=\"lazy\" decoding=\"async\" class=\"size-full wp-image-17946 aligncenter\" src=\"https:\/\/i0.wp.com\/www.courzyvite.run\/blog\/wp-content\/uploads\/2015\/10\/IMG_1165.jpg?resize=860%2C574\" alt=\"\" width=\"860\" height=\"574\" srcset=\"https:\/\/i0.wp.com\/www.courzyvite.run\/blog\/wp-content\/uploads\/2015\/10\/IMG_1165.jpg?w=946&amp;ssl=1 946w, https:\/\/i0.wp.com\/www.courzyvite.run\/blog\/wp-content\/uploads\/2015\/10\/IMG_1165.jpg?resize=420%2C280&amp;ssl=1 420w, https:\/\/i0.wp.com\/www.courzyvite.run\/blog\/wp-content\/uploads\/2015\/10\/IMG_1165.jpg?resize=768%2C512&amp;ssl=1 768w\" sizes=\"auto, (max-width: 860px) 100vw, 860px\" \/>29\u00e8me \u00e9dition du Cross de la Semine, 25 octobre 2015.<br \/>\nPeu avant l\u2019arriv\u00e9e.<br \/>\n<strong>Marc Vincent<\/strong>\u00a0(Les Princes en Foul\u00e9es), 41\u00e8me (13\u00e8me V1) en\u00a057\u201946\u2019\u20195.<br \/>\nClich\u00e9 de <strong>Jean-Claude Delachenal<\/strong>.<br \/>\n<img data-recalc-dims=\"1\" loading=\"lazy\" decoding=\"async\" class=\"aligncenter wp-image-2242\" src=\"https:\/\/i0.wp.com\/www.courzyvite.run\/blog\/wp-content\/uploads\/2016\/10\/IMG_1166.jpg?resize=860%2C573\" alt=\"img_1166\" width=\"860\" height=\"573\" srcset=\"https:\/\/i0.wp.com\/www.courzyvite.run\/blog\/wp-content\/uploads\/2016\/10\/IMG_1166.jpg?w=1999&amp;ssl=1 1999w, https:\/\/i0.wp.com\/www.courzyvite.run\/blog\/wp-content\/uploads\/2016\/10\/IMG_1166.jpg?resize=300%2C200&amp;ssl=1 300w, https:\/\/i0.wp.com\/www.courzyvite.run\/blog\/wp-content\/uploads\/2016\/10\/IMG_1166.jpg?resize=768%2C512&amp;ssl=1 768w, https:\/\/i0.wp.com\/www.courzyvite.run\/blog\/wp-content\/uploads\/2016\/10\/IMG_1166.jpg?resize=1024%2C683&amp;ssl=1 1024w, https:\/\/i0.wp.com\/www.courzyvite.run\/blog\/wp-content\/uploads\/2016\/10\/IMG_1166.jpg?w=1720&amp;ssl=1 1720w\" sizes=\"auto, (max-width: 860px) 100vw, 860px\" \/>29\u00e8me \u00e9dition du Cross de la Semine, 25 octobre 2015.<br \/>\nPeu avant l\u2019arriv\u00e9e.<br \/>\n&#8211; Dossard 122 : <b>Laurent Tuccinardi<\/b>\u00a0(ASPTT Annecy Athl\u00e9tisme), 43\u00e8me (14\u00e8me V1) en\u00a058\u201900\u2019\u20194.<br \/>\n&#8211; Dossard 63 :<strong> Quentin Blanc<\/strong> (Ski Club de Bellegarde), 42\u00e8me (23\u00e8me espoir-senior) en\u00a057\u201958\u2019\u20191.<br \/>\nClich\u00e9 de <strong>Jean-Claude Delachenal<\/strong>.<br \/>\n<img data-recalc-dims=\"1\" loading=\"lazy\" decoding=\"async\" class=\"aligncenter wp-image-2243\" src=\"https:\/\/i0.wp.com\/www.courzyvite.run\/blog\/wp-content\/uploads\/2016\/10\/IMG_1168.jpg?resize=860%2C573\" alt=\"img_1168\" width=\"860\" height=\"573\" srcset=\"https:\/\/i0.wp.com\/www.courzyvite.run\/blog\/wp-content\/uploads\/2016\/10\/IMG_1168.jpg?w=1999&amp;ssl=1 1999w, https:\/\/i0.wp.com\/www.courzyvite.run\/blog\/wp-content\/uploads\/2016\/10\/IMG_1168.jpg?resize=300%2C200&amp;ssl=1 300w, https:\/\/i0.wp.com\/www.courzyvite.run\/blog\/wp-content\/uploads\/2016\/10\/IMG_1168.jpg?resize=768%2C512&amp;ssl=1 768w, https:\/\/i0.wp.com\/www.courzyvite.run\/blog\/wp-content\/uploads\/2016\/10\/IMG_1168.jpg?resize=1024%2C683&amp;ssl=1 1024w, https:\/\/i0.wp.com\/www.courzyvite.run\/blog\/wp-content\/uploads\/2016\/10\/IMG_1168.jpg?w=1720&amp;ssl=1 1720w\" sizes=\"auto, (max-width: 860px) 100vw, 860px\" \/>29\u00e8me \u00e9dition du Cross de la Semine, 25 octobre 2015.<br \/>\nPeu avant l\u2019arriv\u00e9e.<br \/>\n&#8211; Dossard 10 : <b>Fran\u00e7ois Driot<\/b>\u00a0(Bonneville), 45\u00e8me (25\u00e8me espoir-senior) en\u00a058\u201910\u2019\u20197.<br \/>\n&#8211; Dossard 47 :<strong>\u00a0Alexandre Thiboud<\/strong>\u00a0(Club Rh\u00f4ne-Alpin de Potes Atteints du Syndrome du Trail), 44\u00e8me (23\u00e8me espoir-senior) en\u00a058\u201910\u2019\u20192.<br \/>\nClich\u00e9 de <strong>Jean-Claude Delachenal<\/strong>.<br \/>\n<img data-recalc-dims=\"1\" loading=\"lazy\" decoding=\"async\" class=\"aligncenter wp-image-2244\" src=\"https:\/\/i0.wp.com\/www.courzyvite.run\/blog\/wp-content\/uploads\/2016\/10\/IMG_1171.jpg?resize=860%2C573\" alt=\"img_1171\" width=\"860\" height=\"573\" srcset=\"https:\/\/i0.wp.com\/www.courzyvite.run\/blog\/wp-content\/uploads\/2016\/10\/IMG_1171.jpg?w=1999&amp;ssl=1 1999w, https:\/\/i0.wp.com\/www.courzyvite.run\/blog\/wp-content\/uploads\/2016\/10\/IMG_1171.jpg?resize=300%2C200&amp;ssl=1 300w, https:\/\/i0.wp.com\/www.courzyvite.run\/blog\/wp-content\/uploads\/2016\/10\/IMG_1171.jpg?resize=768%2C512&amp;ssl=1 768w, https:\/\/i0.wp.com\/www.courzyvite.run\/blog\/wp-content\/uploads\/2016\/10\/IMG_1171.jpg?resize=1024%2C683&amp;ssl=1 1024w, https:\/\/i0.wp.com\/www.courzyvite.run\/blog\/wp-content\/uploads\/2016\/10\/IMG_1171.jpg?w=1720&amp;ssl=1 1720w\" sizes=\"auto, (max-width: 860px) 100vw, 860px\" \/>29\u00e8me \u00e9dition du Cross de la Semine, 25 octobre 2015.<br \/>\nPeu avant l\u2019arriv\u00e9e.<br \/>\n<b>St\u00e9phane Sclavo<\/b> (ASPTT Annecy Athl\u00e9tisme et Trails Endurance Mag), 48\u00e8me (16\u00e8me V1) en 58\u201923\u2019\u20197.<br \/>\nClich\u00e9 de <strong>Jean-Claude Delachenal<\/strong>.<br \/>\n<img data-recalc-dims=\"1\" loading=\"lazy\" decoding=\"async\" class=\"aligncenter wp-image-2245\" src=\"https:\/\/i0.wp.com\/www.courzyvite.run\/blog\/wp-content\/uploads\/2016\/10\/IMG_1172.jpg?resize=860%2C574\" alt=\"img_1172\" width=\"860\" height=\"574\" srcset=\"https:\/\/i0.wp.com\/www.courzyvite.run\/blog\/wp-content\/uploads\/2016\/10\/IMG_1172.jpg?w=1807&amp;ssl=1 1807w, https:\/\/i0.wp.com\/www.courzyvite.run\/blog\/wp-content\/uploads\/2016\/10\/IMG_1172.jpg?resize=300%2C200&amp;ssl=1 300w, https:\/\/i0.wp.com\/www.courzyvite.run\/blog\/wp-content\/uploads\/2016\/10\/IMG_1172.jpg?resize=768%2C513&amp;ssl=1 768w, https:\/\/i0.wp.com\/www.courzyvite.run\/blog\/wp-content\/uploads\/2016\/10\/IMG_1172.jpg?resize=1024%2C683&amp;ssl=1 1024w, https:\/\/i0.wp.com\/www.courzyvite.run\/blog\/wp-content\/uploads\/2016\/10\/IMG_1172.jpg?w=1720&amp;ssl=1 1720w\" sizes=\"auto, (max-width: 860px) 100vw, 860px\" \/>29\u00e8me \u00e9dition du Cross de la Semine, 25 octobre 2015.<br \/>\nPeu avant l\u2019arriv\u00e9e.<br \/>\n&#8211; Dossard 142 : <b>Patrice Ravel<\/b>\u00a0(Les Princes en Foul\u00e9es), 50\u00e8me (3\u00e8me V2) en\u00a058\u201940\u2019\u20190.<br \/>\n&#8211; Avec un d\u00e9bardeur \u00e0 dominante blanche :<strong>\u00a0Yves Premat<\/strong>\u00a0(Morzine), 53\u00e8me (1er V3) en\u00a058\u201943\u2019\u20195.<br \/>\n&#8211; Avec un maillot \u00e0 dominante noire : <strong>Xavier De Sa Correia<\/strong> (Plagne), 51\u00e8me (28\u00e8me espoir-senior) en 58\u201940\u2019\u20194.<br \/>\n&#8211; Avec un maillot vert : <strong>Fran\u00e7ois Duclos<\/strong> (Desingy), 58\u00e8me (5\u00e8me cadet-junior) en\u00a059\u201906\u2019\u20198.<br \/>\nClich\u00e9 de <strong>Jean-Claude Delachenal<\/strong>.<br \/>\n<img data-recalc-dims=\"1\" loading=\"lazy\" decoding=\"async\" class=\"aligncenter wp-image-2247\" src=\"https:\/\/i0.wp.com\/www.courzyvite.run\/blog\/wp-content\/uploads\/2016\/10\/IMG_1175.jpg?resize=860%2C573\" alt=\"img_1175\" width=\"860\" height=\"573\" srcset=\"https:\/\/i0.wp.com\/www.courzyvite.run\/blog\/wp-content\/uploads\/2016\/10\/IMG_1175.jpg?w=1999&amp;ssl=1 1999w, https:\/\/i0.wp.com\/www.courzyvite.run\/blog\/wp-content\/uploads\/2016\/10\/IMG_1175.jpg?resize=300%2C200&amp;ssl=1 300w, https:\/\/i0.wp.com\/www.courzyvite.run\/blog\/wp-content\/uploads\/2016\/10\/IMG_1175.jpg?resize=768%2C512&amp;ssl=1 768w, https:\/\/i0.wp.com\/www.courzyvite.run\/blog\/wp-content\/uploads\/2016\/10\/IMG_1175.jpg?resize=1024%2C683&amp;ssl=1 1024w, https:\/\/i0.wp.com\/www.courzyvite.run\/blog\/wp-content\/uploads\/2016\/10\/IMG_1175.jpg?w=1720&amp;ssl=1 1720w\" sizes=\"auto, (max-width: 860px) 100vw, 860px\" \/>29\u00e8me \u00e9dition du Cross de la Semine, 25 octobre 2015.<br \/>\nPeu avant l\u2019arriv\u00e9e.<br \/>\n&#8211; Dossard 54 : <b>Pierre Verney<\/b>\u00a0(Vaulx), 52\u00e8me (4\u00e8me V2) en\u00a058\u201941\u2019\u20193.<br \/>\n&#8211; Dossard 46 :<strong> Florian Zuccalli<\/strong> (Les Princes en Foul\u00e9es), 55\u00e8me (29\u00e8me espoir-senior) en 58\u201946\u2019\u20190.<br \/>\n&#8211; Dossard 48 : <b>Christophe Buet<\/b>\u00a0(Brasserie La Gabelle), 49\u00e8me (27\u00e8me espoir-senior) en 58\u201936\u2019\u20197.<br \/>\nClich\u00e9 de <strong>Jean-Claude Delachenal<\/strong>.<br \/>\n<img data-recalc-dims=\"1\" loading=\"lazy\" decoding=\"async\" class=\"wp-image-2248 aligncenter\" src=\"https:\/\/i0.wp.com\/www.courzyvite.run\/blog\/wp-content\/uploads\/2016\/10\/IMG_1177.jpg?resize=860%2C573\" alt=\"img_1177\" width=\"860\" height=\"573\" srcset=\"https:\/\/i0.wp.com\/www.courzyvite.run\/blog\/wp-content\/uploads\/2016\/10\/IMG_1177.jpg?w=1999&amp;ssl=1 1999w, https:\/\/i0.wp.com\/www.courzyvite.run\/blog\/wp-content\/uploads\/2016\/10\/IMG_1177.jpg?resize=300%2C200&amp;ssl=1 300w, https:\/\/i0.wp.com\/www.courzyvite.run\/blog\/wp-content\/uploads\/2016\/10\/IMG_1177.jpg?resize=768%2C512&amp;ssl=1 768w, https:\/\/i0.wp.com\/www.courzyvite.run\/blog\/wp-content\/uploads\/2016\/10\/IMG_1177.jpg?resize=1024%2C683&amp;ssl=1 1024w, https:\/\/i0.wp.com\/www.courzyvite.run\/blog\/wp-content\/uploads\/2016\/10\/IMG_1177.jpg?w=1720&amp;ssl=1 1720w\" sizes=\"auto, (max-width: 860px) 100vw, 860px\" \/>29\u00e8me \u00e9dition du Cross de la Semine, 25 octobre 2015.<br \/>\nPeu avant l\u2019arriv\u00e9e.<br \/>\n&#8211; Au premier plan : <b>Philippe Rouiller<\/b>\u00a0(Annemasse), 57\u00e8me (2\u00e8me V3) en\u00a058\u201954\u2019\u20193.<br \/>\n&#8211; Dans les talons de Philippe :<strong>\u00a0Lise Kempf<\/strong>\u00a0(Les Alligators Seynod Triathlon), 2\u00e8me femme (1\u00e8re cadette-junior) en 58\u201950\u2019\u20199.<br \/>\nClich\u00e9 de <strong>Jean-Claude Delachenal<\/strong>.<br \/>\n<img data-recalc-dims=\"1\" loading=\"lazy\" decoding=\"async\" class=\"size-full wp-image-2270 aligncenter\" src=\"https:\/\/i0.wp.com\/www.courzyvite.run\/blog\/wp-content\/uploads\/2016\/10\/IMG_1183.jpg?resize=860%2C573\" alt=\"img_1183\" width=\"860\" height=\"573\" srcset=\"https:\/\/i0.wp.com\/www.courzyvite.run\/blog\/wp-content\/uploads\/2016\/10\/IMG_1183.jpg?w=1999&amp;ssl=1 1999w, https:\/\/i0.wp.com\/www.courzyvite.run\/blog\/wp-content\/uploads\/2016\/10\/IMG_1183.jpg?resize=300%2C200&amp;ssl=1 300w, https:\/\/i0.wp.com\/www.courzyvite.run\/blog\/wp-content\/uploads\/2016\/10\/IMG_1183.jpg?resize=768%2C512&amp;ssl=1 768w, https:\/\/i0.wp.com\/www.courzyvite.run\/blog\/wp-content\/uploads\/2016\/10\/IMG_1183.jpg?resize=1024%2C683&amp;ssl=1 1024w, https:\/\/i0.wp.com\/www.courzyvite.run\/blog\/wp-content\/uploads\/2016\/10\/IMG_1183.jpg?w=1720&amp;ssl=1 1720w\" sizes=\"auto, (max-width: 860px) 100vw, 860px\" \/>29\u00e8me \u00e9dition du Cross de la Semine, 25 octobre 2015.<br \/>\nPeu avant l\u2019arriv\u00e9e.<br \/>\nLe Portugais<b> Pedro Manuel Ventura<\/b> (Club Athl\u00e9tique du Bassin Bellegardien), 62\u00e8me (19\u00e8me V1) en 1h00\u201905\u2019\u20195.<br \/>\nClich\u00e9 de <strong>Jean-Claude Delachenal<\/strong>.<br \/>\n<img data-recalc-dims=\"1\" loading=\"lazy\" decoding=\"async\" class=\"aligncenter wp-image-2249\" src=\"https:\/\/i0.wp.com\/www.courzyvite.run\/blog\/wp-content\/uploads\/2016\/10\/IMG_1184.jpg?resize=860%2C571\" alt=\"img_1184\" width=\"860\" height=\"571\" srcset=\"https:\/\/i0.wp.com\/www.courzyvite.run\/blog\/wp-content\/uploads\/2016\/10\/IMG_1184.jpg?w=1807&amp;ssl=1 1807w, https:\/\/i0.wp.com\/www.courzyvite.run\/blog\/wp-content\/uploads\/2016\/10\/IMG_1184.jpg?resize=300%2C199&amp;ssl=1 300w, https:\/\/i0.wp.com\/www.courzyvite.run\/blog\/wp-content\/uploads\/2016\/10\/IMG_1184.jpg?resize=768%2C510&amp;ssl=1 768w, https:\/\/i0.wp.com\/www.courzyvite.run\/blog\/wp-content\/uploads\/2016\/10\/IMG_1184.jpg?resize=1024%2C681&amp;ssl=1 1024w, https:\/\/i0.wp.com\/www.courzyvite.run\/blog\/wp-content\/uploads\/2016\/10\/IMG_1184.jpg?w=1720&amp;ssl=1 1720w\" sizes=\"auto, (max-width: 860px) 100vw, 860px\" \/>29\u00e8me \u00e9dition du Cross de la Semine, 25 octobre 2015.<br \/>\nPeu avant l\u2019arriv\u00e9e.<br \/>\nLa Tch\u00e9co-Suissesse\u00a0<strong>Yvona Jenc<\/strong> (La Foul\u00e9e d\u2019Annemasse, section de l\u2019Entente Athl\u00e9tique de l\u2019Arve), 3\u00e8me femme (2\u00e8me V1, 64\u00e8me au scratch) en 1h00\u201914\u2019\u20193.<br \/>\nClich\u00e9 de <strong>Jean-Claude Delachenal<\/strong>.<br \/>\n<img data-recalc-dims=\"1\" loading=\"lazy\" decoding=\"async\" class=\"aligncenter wp-image-2250\" src=\"https:\/\/i0.wp.com\/www.courzyvite.run\/blog\/wp-content\/uploads\/2016\/10\/IMG_1186.jpg?resize=860%2C573\" alt=\"img_1186\" width=\"860\" height=\"573\" srcset=\"https:\/\/i0.wp.com\/www.courzyvite.run\/blog\/wp-content\/uploads\/2016\/10\/IMG_1186.jpg?w=1999&amp;ssl=1 1999w, https:\/\/i0.wp.com\/www.courzyvite.run\/blog\/wp-content\/uploads\/2016\/10\/IMG_1186.jpg?resize=300%2C200&amp;ssl=1 300w, https:\/\/i0.wp.com\/www.courzyvite.run\/blog\/wp-content\/uploads\/2016\/10\/IMG_1186.jpg?resize=768%2C512&amp;ssl=1 768w, https:\/\/i0.wp.com\/www.courzyvite.run\/blog\/wp-content\/uploads\/2016\/10\/IMG_1186.jpg?resize=1024%2C683&amp;ssl=1 1024w, https:\/\/i0.wp.com\/www.courzyvite.run\/blog\/wp-content\/uploads\/2016\/10\/IMG_1186.jpg?w=1720&amp;ssl=1 1720w\" sizes=\"auto, (max-width: 860px) 100vw, 860px\" \/>29\u00e8me \u00e9dition du Cross de la Semine, 25 octobre 2015.<br \/>\nPeu avant l\u2019arriv\u00e9e.<br \/>\n<b>Thierry Vignand<\/b>\u00a0(ASPTT Annecy Athl\u00e9tisme), \u00e9poux de <strong>Nad\u00e8ge<\/strong>, 63\u00e8me (20\u00e8me V1, 63\u00e8me au scratch) en 1h00\u201912\u2019\u20198.<br \/>\nClich\u00e9 de <strong>Jean-Claude Delachenal<\/strong>.<br \/>\n<img data-recalc-dims=\"1\" loading=\"lazy\" decoding=\"async\" class=\"wp-image-2251 aligncenter\" src=\"https:\/\/i0.wp.com\/www.courzyvite.run\/blog\/wp-content\/uploads\/2016\/10\/IMG_1193-1.jpg?resize=860%2C573\" alt=\"img_1193-1\" width=\"860\" height=\"573\" srcset=\"https:\/\/i0.wp.com\/www.courzyvite.run\/blog\/wp-content\/uploads\/2016\/10\/IMG_1193-1.jpg?w=1999&amp;ssl=1 1999w, https:\/\/i0.wp.com\/www.courzyvite.run\/blog\/wp-content\/uploads\/2016\/10\/IMG_1193-1.jpg?resize=300%2C200&amp;ssl=1 300w, https:\/\/i0.wp.com\/www.courzyvite.run\/blog\/wp-content\/uploads\/2016\/10\/IMG_1193-1.jpg?resize=768%2C512&amp;ssl=1 768w, https:\/\/i0.wp.com\/www.courzyvite.run\/blog\/wp-content\/uploads\/2016\/10\/IMG_1193-1.jpg?resize=1024%2C683&amp;ssl=1 1024w, https:\/\/i0.wp.com\/www.courzyvite.run\/blog\/wp-content\/uploads\/2016\/10\/IMG_1193-1.jpg?w=1720&amp;ssl=1 1720w\" sizes=\"auto, (max-width: 860px) 100vw, 860px\" \/>29\u00e8me \u00e9dition du Cross de la Semine, 25 octobre 2015.<br \/>\nPeu avant l\u2019arriv\u00e9e.<br \/>\n<b>Pascal Beau<\/b>\u00a0(Ville-la-Grand), 70\u00e8me (6\u00e8me V2) en 1h01\u201936\u2019\u20195.<br \/>\nClich\u00e9 de <strong>Jean-Claude Delachenal<\/strong>.<br \/>\n<img data-recalc-dims=\"1\" loading=\"lazy\" decoding=\"async\" class=\"aligncenter wp-image-2252\" src=\"https:\/\/i0.wp.com\/www.courzyvite.run\/blog\/wp-content\/uploads\/2016\/10\/IMG_1200.jpg?resize=860%2C573\" alt=\"img_1200\" width=\"860\" height=\"573\" srcset=\"https:\/\/i0.wp.com\/www.courzyvite.run\/blog\/wp-content\/uploads\/2016\/10\/IMG_1200.jpg?w=1999&amp;ssl=1 1999w, https:\/\/i0.wp.com\/www.courzyvite.run\/blog\/wp-content\/uploads\/2016\/10\/IMG_1200.jpg?resize=300%2C200&amp;ssl=1 300w, https:\/\/i0.wp.com\/www.courzyvite.run\/blog\/wp-content\/uploads\/2016\/10\/IMG_1200.jpg?resize=768%2C512&amp;ssl=1 768w, https:\/\/i0.wp.com\/www.courzyvite.run\/blog\/wp-content\/uploads\/2016\/10\/IMG_1200.jpg?resize=1024%2C683&amp;ssl=1 1024w, https:\/\/i0.wp.com\/www.courzyvite.run\/blog\/wp-content\/uploads\/2016\/10\/IMG_1200.jpg?w=1720&amp;ssl=1 1720w\" sizes=\"auto, (max-width: 860px) 100vw, 860px\" \/>29\u00e8me \u00e9dition du Cross de la Semine, 25 octobre 2015.<br \/>\nPeu avant l\u2019arriv\u00e9e.<br \/>\n<b>Bernard Evreux<\/b> (Trail du Vuache), 79\u00e8me (8\u00e8me V2) en 1h03\u201912\u2019\u20190.<br \/>\nClich\u00e9 de <strong>Jean-Claude Delachenal<\/strong>.<\/p>\n<p><a href=\"https:\/\/i0.wp.com\/www.trail-running-savoie.fr\/wp-content\/uploads\/2015\/10\/IMG_1204.jpg\"><img data-recalc-dims=\"1\" loading=\"lazy\" decoding=\"async\" class=\"size-full wp-image-40509 aligncenter\" src=\"https:\/\/i0.wp.com\/www.trail-running-savoie.fr\/wp-content\/uploads\/2015\/10\/IMG_1204.jpg?resize=800%2C534\" sizes=\"auto, (max-width: 800px) 100vw, 800px\" srcset=\"http:\/\/www.trail-running-savoie.fr\/wp-content\/uploads\/2015\/10\/IMG_1204.jpg 800w, http:\/\/www.trail-running-savoie.fr\/wp-content\/uploads\/2015\/10\/IMG_1204-300x200.jpg 300w\" alt=\"IMG_1204\" width=\"800\" height=\"534\" \/><\/a>29\u00e8me \u00e9dition du Cross de la Semine, 25 octobre 2015.<br \/>\nPeu avant l\u2019arriv\u00e9e.<br \/>\n<strong>Emilie Auger<\/strong> (Bellegarde-sur-Valserine), 4\u00e8me femme (1\u00e8re espoir-senior, 81\u00e8me au scratch) en 1h03\u201928\u2019\u20194.<br \/>\nClich\u00e9 de <strong>Jean-Claude Delachenal<\/strong>.<\/p>\n<p><a href=\"https:\/\/i0.wp.com\/www.trail-running-savoie.fr\/wp-content\/uploads\/2015\/10\/IMG_1213.jpg\"><img data-recalc-dims=\"1\" loading=\"lazy\" decoding=\"async\" class=\"size-full wp-image-40511 aligncenter\" src=\"https:\/\/i0.wp.com\/www.trail-running-savoie.fr\/wp-content\/uploads\/2015\/10\/IMG_1213.jpg?resize=800%2C534\" sizes=\"auto, (max-width: 800px) 100vw, 800px\" srcset=\"http:\/\/www.trail-running-savoie.fr\/wp-content\/uploads\/2015\/10\/IMG_1213.jpg 800w, http:\/\/www.trail-running-savoie.fr\/wp-content\/uploads\/2015\/10\/IMG_1213-300x200.jpg 300w\" alt=\"IMG_1213\" width=\"800\" height=\"534\" \/><\/a>29\u00e8me \u00e9dition du Cross de la Semine, 25 octobre 2015.<br \/>\nPeu avant l\u2019arriv\u00e9e.<br \/>\n<strong>Sylvie Chatenoud<\/strong> (Frangy), 6\u00e8me femme (3\u00e8me V1, 92\u00e8me au scratch) en 1h05\u201938\u2019\u20199.<br \/>\nClich\u00e9 de <strong>Jean-Claude Delachenal<\/strong>.<br \/>\n<img data-recalc-dims=\"1\" loading=\"lazy\" decoding=\"async\" class=\"aligncenter wp-image-2253\" src=\"https:\/\/i0.wp.com\/www.courzyvite.run\/blog\/wp-content\/uploads\/2016\/10\/IMG_1216.jpg?resize=860%2C572\" alt=\"img_1216\" width=\"860\" height=\"572\" srcset=\"https:\/\/i0.wp.com\/www.courzyvite.run\/blog\/wp-content\/uploads\/2016\/10\/IMG_1216.jpg?w=1753&amp;ssl=1 1753w, https:\/\/i0.wp.com\/www.courzyvite.run\/blog\/wp-content\/uploads\/2016\/10\/IMG_1216.jpg?resize=300%2C200&amp;ssl=1 300w, https:\/\/i0.wp.com\/www.courzyvite.run\/blog\/wp-content\/uploads\/2016\/10\/IMG_1216.jpg?resize=768%2C511&amp;ssl=1 768w, https:\/\/i0.wp.com\/www.courzyvite.run\/blog\/wp-content\/uploads\/2016\/10\/IMG_1216.jpg?resize=1024%2C682&amp;ssl=1 1024w\" sizes=\"auto, (max-width: 860px) 100vw, 860px\" \/>29\u00e8me \u00e9dition du Cross de la Semine, 25 octobre 2015.<br \/>\nPeu avant l\u2019arriv\u00e9e.<br \/>\nLe couple <strong>Jacquet<\/strong> (Le Lyaud) :<br \/>\n&#8211; <strong>Philippe <\/strong>(organisation de la Course des Hermones dont le mill\u00e9sime 2015 aura lieu le 8 novembre), 95\u00e8me (3\u00e8me V3) en 1h05\u201959\u2019\u20194.<br \/>\n&#8211;<strong>Janine<\/strong>, 7\u00e8me femme (2\u00e8me V2, 94\u00e8me au scratch) en 1h05\u201958\u2019\u20198.<br \/>\nClich\u00e9 de <strong>Jean-Claude Delachenal<\/strong>.<br \/>\n<img data-recalc-dims=\"1\" loading=\"lazy\" decoding=\"async\" class=\"aligncenter wp-image-2254\" src=\"https:\/\/i0.wp.com\/www.courzyvite.run\/blog\/wp-content\/uploads\/2016\/10\/IMG_1218.jpg?resize=860%2C573\" alt=\"img_1218\" width=\"860\" height=\"573\" srcset=\"https:\/\/i0.wp.com\/www.courzyvite.run\/blog\/wp-content\/uploads\/2016\/10\/IMG_1218.jpg?w=1999&amp;ssl=1 1999w, https:\/\/i0.wp.com\/www.courzyvite.run\/blog\/wp-content\/uploads\/2016\/10\/IMG_1218.jpg?resize=300%2C200&amp;ssl=1 300w, https:\/\/i0.wp.com\/www.courzyvite.run\/blog\/wp-content\/uploads\/2016\/10\/IMG_1218.jpg?resize=768%2C512&amp;ssl=1 768w, https:\/\/i0.wp.com\/www.courzyvite.run\/blog\/wp-content\/uploads\/2016\/10\/IMG_1218.jpg?resize=1024%2C683&amp;ssl=1 1024w, https:\/\/i0.wp.com\/www.courzyvite.run\/blog\/wp-content\/uploads\/2016\/10\/IMG_1218.jpg?w=1720&amp;ssl=1 1720w\" sizes=\"auto, (max-width: 860px) 100vw, 860px\" \/>29\u00e8me \u00e9dition du Cross de la Semine, 25 octobre 2015.<br \/>\nPeu avant l\u2019arriv\u00e9e.<br \/>\n<strong>Christelle Celle<\/strong> (Club Athl\u00e9tique du Bassin Bellegardien), 8\u00e8me femme (4\u00e8me V1, 96\u00e8me au scratch) en 1h06\u201921\u2019\u20199.<br \/>\nClich\u00e9 de <strong>Jean-Claude Delachenal<\/strong>.<br \/>\n<img data-recalc-dims=\"1\" loading=\"lazy\" decoding=\"async\" class=\"aligncenter wp-image-2255\" src=\"https:\/\/i0.wp.com\/www.courzyvite.run\/blog\/wp-content\/uploads\/2016\/10\/IMG_1220.jpg?resize=860%2C577\" alt=\"img_1220\" width=\"860\" height=\"577\" srcset=\"https:\/\/i0.wp.com\/www.courzyvite.run\/blog\/wp-content\/uploads\/2016\/10\/IMG_1220.jpg?w=1799&amp;ssl=1 1799w, https:\/\/i0.wp.com\/www.courzyvite.run\/blog\/wp-content\/uploads\/2016\/10\/IMG_1220.jpg?resize=300%2C201&amp;ssl=1 300w, https:\/\/i0.wp.com\/www.courzyvite.run\/blog\/wp-content\/uploads\/2016\/10\/IMG_1220.jpg?resize=768%2C516&amp;ssl=1 768w, https:\/\/i0.wp.com\/www.courzyvite.run\/blog\/wp-content\/uploads\/2016\/10\/IMG_1220.jpg?resize=1024%2C688&amp;ssl=1 1024w, https:\/\/i0.wp.com\/www.courzyvite.run\/blog\/wp-content\/uploads\/2016\/10\/IMG_1220.jpg?w=1720&amp;ssl=1 1720w\" sizes=\"auto, (max-width: 860px) 100vw, 860px\" \/>29\u00e8me \u00e9dition du Cross de la Semine, 25 octobre 2015.<br \/>\nPeu avant l\u2019arriv\u00e9e.<br \/>\n<b>Guillemette Cottin<\/b> (Geneva Triathlon), 9\u00e8me femme (2\u00e8me espoir-senior, 98\u00e8me au scratch) en 1h07\u201904\u2019\u20197.<br \/>\nClich\u00e9 de <strong>Jean-Claude Delachenal<\/strong>.<br \/>\n<img data-recalc-dims=\"1\" loading=\"lazy\" decoding=\"async\" class=\"aligncenter wp-image-2256\" src=\"https:\/\/i0.wp.com\/www.courzyvite.run\/blog\/wp-content\/uploads\/2016\/10\/IMG_1222.jpg?resize=860%2C573\" alt=\"img_1222\" width=\"860\" height=\"573\" srcset=\"https:\/\/i0.wp.com\/www.courzyvite.run\/blog\/wp-content\/uploads\/2016\/10\/IMG_1222.jpg?w=1999&amp;ssl=1 1999w, https:\/\/i0.wp.com\/www.courzyvite.run\/blog\/wp-content\/uploads\/2016\/10\/IMG_1222.jpg?resize=300%2C200&amp;ssl=1 300w, https:\/\/i0.wp.com\/www.courzyvite.run\/blog\/wp-content\/uploads\/2016\/10\/IMG_1222.jpg?resize=768%2C512&amp;ssl=1 768w, https:\/\/i0.wp.com\/www.courzyvite.run\/blog\/wp-content\/uploads\/2016\/10\/IMG_1222.jpg?resize=1024%2C683&amp;ssl=1 1024w, https:\/\/i0.wp.com\/www.courzyvite.run\/blog\/wp-content\/uploads\/2016\/10\/IMG_1222.jpg?w=1720&amp;ssl=1 1720w\" sizes=\"auto, (max-width: 860px) 100vw, 860px\" \/>29\u00e8me \u00e9dition du Cross de la Semine, 25 octobre 2015.<br \/>\nPeu avant l\u2019arriv\u00e9e.<br \/>\n<b>Elodie Pernoud<\/b> (Frangy), 10\u00e8me femme (3\u00e8me espoir-senior, 100\u00e8me au scratch) en 1h07\u201923\u2019\u20190.<br \/>\nClich\u00e9 de <strong>Jean-Claude Delachenal<\/strong>.<br \/>\n<img data-recalc-dims=\"1\" loading=\"lazy\" decoding=\"async\" class=\"aligncenter wp-image-2257\" src=\"https:\/\/i0.wp.com\/www.courzyvite.run\/blog\/wp-content\/uploads\/2016\/10\/IMG_1224.jpg?resize=860%2C575\" alt=\"img_1224\" width=\"860\" height=\"575\" srcset=\"https:\/\/i0.wp.com\/www.courzyvite.run\/blog\/wp-content\/uploads\/2016\/10\/IMG_1224.jpg?w=1855&amp;ssl=1 1855w, https:\/\/i0.wp.com\/www.courzyvite.run\/blog\/wp-content\/uploads\/2016\/10\/IMG_1224.jpg?resize=300%2C201&amp;ssl=1 300w, https:\/\/i0.wp.com\/www.courzyvite.run\/blog\/wp-content\/uploads\/2016\/10\/IMG_1224.jpg?resize=768%2C513&amp;ssl=1 768w, https:\/\/i0.wp.com\/www.courzyvite.run\/blog\/wp-content\/uploads\/2016\/10\/IMG_1224.jpg?resize=1024%2C685&amp;ssl=1 1024w, https:\/\/i0.wp.com\/www.courzyvite.run\/blog\/wp-content\/uploads\/2016\/10\/IMG_1224.jpg?w=1720&amp;ssl=1 1720w\" sizes=\"auto, (max-width: 860px) 100vw, 860px\" \/>29\u00e8me \u00e9dition du Cross de la Semine, 25 octobre 2015.<br \/>\nPeu avant l\u2019arriv\u00e9e.<br \/>\n<b>Eric Ravel<\/b> (Les Princes en Foul\u00e9es), 103\u00e8me (11\u00e8me V2) en 1h08\u201907\u2019\u20193.<br \/>\nClich\u00e9 de <strong>Jean-Claude Delachenal<\/strong>.<\/p>\n<p><img data-recalc-dims=\"1\" loading=\"lazy\" decoding=\"async\" class=\"alignnone size-full wp-image-2258\" src=\"https:\/\/i0.wp.com\/www.courzyvite.run\/blog\/wp-content\/uploads\/2016\/10\/IMG_1226.jpg?resize=860%2C571\" alt=\"img_1226\" width=\"860\" height=\"571\" srcset=\"https:\/\/i0.wp.com\/www.courzyvite.run\/blog\/wp-content\/uploads\/2016\/10\/IMG_1226.jpg?w=1864&amp;ssl=1 1864w, https:\/\/i0.wp.com\/www.courzyvite.run\/blog\/wp-content\/uploads\/2016\/10\/IMG_1226.jpg?resize=300%2C199&amp;ssl=1 300w, https:\/\/i0.wp.com\/www.courzyvite.run\/blog\/wp-content\/uploads\/2016\/10\/IMG_1226.jpg?resize=768%2C510&amp;ssl=1 768w, https:\/\/i0.wp.com\/www.courzyvite.run\/blog\/wp-content\/uploads\/2016\/10\/IMG_1226.jpg?resize=1024%2C680&amp;ssl=1 1024w, https:\/\/i0.wp.com\/www.courzyvite.run\/blog\/wp-content\/uploads\/2016\/10\/IMG_1226.jpg?w=1720&amp;ssl=1 1720w\" sizes=\"auto, (max-width: 860px) 100vw, 860px\" \/><br \/>\n29\u00e8me \u00e9dition du Cross de la Semine, 25 octobre 2015.<br \/>\nPeu avant l\u2019arriv\u00e9e.<br \/>\n&#8211; Dossard 17 :<b> Marilyn Chambrion<\/b> (Team Des 6 Ifs), 11\u00e8me femme (5\u00e8me V1, 104\u00e8me au scratch) en 1h08\u201915\u2019\u20198.<br \/>\n&#8211; Avec un maillot \u00e0 dominante jaune : <strong>Philippe Henry<\/strong> (Club Athl\u00e9tique du Bassin Bellegardien),\u00a0105\u00e8me (12\u00e8me V2) en 1h08\u201919\u2019\u20194.<br \/>\nClich\u00e9 de <strong>Jean-Claude Delachenal<\/strong>.<\/p>\n<p><img data-recalc-dims=\"1\" loading=\"lazy\" decoding=\"async\" class=\"size-full wp-image-2269 aligncenter\" src=\"https:\/\/i0.wp.com\/www.courzyvite.run\/blog\/wp-content\/uploads\/2016\/10\/IMG_1227-1.jpg?resize=860%2C573\" alt=\"img_1227-1\" width=\"860\" height=\"573\" srcset=\"https:\/\/i0.wp.com\/www.courzyvite.run\/blog\/wp-content\/uploads\/2016\/10\/IMG_1227-1.jpg?w=1999&amp;ssl=1 1999w, https:\/\/i0.wp.com\/www.courzyvite.run\/blog\/wp-content\/uploads\/2016\/10\/IMG_1227-1.jpg?resize=300%2C200&amp;ssl=1 300w, https:\/\/i0.wp.com\/www.courzyvite.run\/blog\/wp-content\/uploads\/2016\/10\/IMG_1227-1.jpg?resize=768%2C512&amp;ssl=1 768w, https:\/\/i0.wp.com\/www.courzyvite.run\/blog\/wp-content\/uploads\/2016\/10\/IMG_1227-1.jpg?resize=1024%2C683&amp;ssl=1 1024w, https:\/\/i0.wp.com\/www.courzyvite.run\/blog\/wp-content\/uploads\/2016\/10\/IMG_1227-1.jpg?w=1720&amp;ssl=1 1720w\" sizes=\"auto, (max-width: 860px) 100vw, 860px\" \/>29\u00e8me \u00e9dition du Cross de la Semine, 25 octobre 2015.<br \/>\nPeu avant l\u2019arriv\u00e9e.<br \/>\n<strong>Philippe Henry<\/strong> (Club Athl\u00e9tique du Bassin Bellegardien),\u00a0105\u00e8me (12\u00e8me V2) en 1h08\u201919\u2019\u20194.<br \/>\nClich\u00e9 de <strong>Jean-Claude Delachenal<\/strong>.<br \/>\n<img data-recalc-dims=\"1\" loading=\"lazy\" decoding=\"async\" class=\"aligncenter wp-image-2262\" src=\"https:\/\/i0.wp.com\/www.courzyvite.run\/blog\/wp-content\/uploads\/2016\/10\/IMG_1231.jpg?resize=860%2C573\" alt=\"img_1231\" width=\"860\" height=\"573\" srcset=\"https:\/\/i0.wp.com\/www.courzyvite.run\/blog\/wp-content\/uploads\/2016\/10\/IMG_1231.jpg?w=1999&amp;ssl=1 1999w, https:\/\/i0.wp.com\/www.courzyvite.run\/blog\/wp-content\/uploads\/2016\/10\/IMG_1231.jpg?resize=300%2C200&amp;ssl=1 300w, https:\/\/i0.wp.com\/www.courzyvite.run\/blog\/wp-content\/uploads\/2016\/10\/IMG_1231.jpg?resize=768%2C512&amp;ssl=1 768w, https:\/\/i0.wp.com\/www.courzyvite.run\/blog\/wp-content\/uploads\/2016\/10\/IMG_1231.jpg?resize=1024%2C683&amp;ssl=1 1024w, https:\/\/i0.wp.com\/www.courzyvite.run\/blog\/wp-content\/uploads\/2016\/10\/IMG_1231.jpg?w=1720&amp;ssl=1 1720w\" sizes=\"auto, (max-width: 860px) 100vw, 860px\" \/>29\u00e8me \u00e9dition du Cross de la Semine, 25 octobre 2015.<br \/>\nPeu avant l\u2019arriv\u00e9e.<br \/>\n&#8211; Dossard 19 :<b> Clarisse Kieffer<\/b> (Chilly), 13\u00e8me femme (7\u00e8me V1, 108\u00e8me au scratch) en 1h08\u201951\u2019\u20193.<br \/>\n&#8211; Dans les basques de Clarisse : <b>Marie Grenu-Gosteli<\/b>\u00a0(Saint-Genis-Pouilly), 14\u00e8me femme (4\u00e8me espoir-senior, 109\u00e8me au scratch) en 1h08\u201953\u2019\u20197.<br \/>\nClich\u00e9 de <strong>Jean-Claude Delachenal<\/strong>.<br \/>\n<img data-recalc-dims=\"1\" loading=\"lazy\" decoding=\"async\" class=\"aligncenter wp-image-2263\" src=\"https:\/\/i0.wp.com\/www.courzyvite.run\/blog\/wp-content\/uploads\/2016\/10\/IMG_1232.jpg?resize=860%2C573\" alt=\"img_1232\" width=\"860\" height=\"573\" srcset=\"https:\/\/i0.wp.com\/www.courzyvite.run\/blog\/wp-content\/uploads\/2016\/10\/IMG_1232.jpg?w=1999&amp;ssl=1 1999w, https:\/\/i0.wp.com\/www.courzyvite.run\/blog\/wp-content\/uploads\/2016\/10\/IMG_1232.jpg?resize=300%2C200&amp;ssl=1 300w, https:\/\/i0.wp.com\/www.courzyvite.run\/blog\/wp-content\/uploads\/2016\/10\/IMG_1232.jpg?resize=768%2C512&amp;ssl=1 768w, https:\/\/i0.wp.com\/www.courzyvite.run\/blog\/wp-content\/uploads\/2016\/10\/IMG_1232.jpg?resize=1024%2C683&amp;ssl=1 1024w, https:\/\/i0.wp.com\/www.courzyvite.run\/blog\/wp-content\/uploads\/2016\/10\/IMG_1232.jpg?w=1720&amp;ssl=1 1720w\" sizes=\"auto, (max-width: 860px) 100vw, 860px\" \/>29\u00e8me \u00e9dition du Cross de la Semine, 25 octobre 2015.<br \/>\nPeu avant l\u2019arriv\u00e9e.<br \/>\n<b>Marie Grenu-Gosteli\u00a0<\/b>(Saint-Genis-Pouilly), 14\u00e8me femme (4\u00e8me espoir-senior, 109\u00e8me au scratch) en 1h08\u201953\u2019\u20197.<br \/>\nClich\u00e9 de <strong>Jean-Claude Delachenal<\/strong>.<br \/>\n<img data-recalc-dims=\"1\" loading=\"lazy\" decoding=\"async\" class=\"aligncenter wp-image-2264\" src=\"https:\/\/i0.wp.com\/www.courzyvite.run\/blog\/wp-content\/uploads\/2016\/10\/IMG_1235.jpg?resize=860%2C573\" alt=\"img_1235\" width=\"860\" height=\"573\" srcset=\"https:\/\/i0.wp.com\/www.courzyvite.run\/blog\/wp-content\/uploads\/2016\/10\/IMG_1235.jpg?w=1999&amp;ssl=1 1999w, https:\/\/i0.wp.com\/www.courzyvite.run\/blog\/wp-content\/uploads\/2016\/10\/IMG_1235.jpg?resize=300%2C200&amp;ssl=1 300w, https:\/\/i0.wp.com\/www.courzyvite.run\/blog\/wp-content\/uploads\/2016\/10\/IMG_1235.jpg?resize=768%2C512&amp;ssl=1 768w, https:\/\/i0.wp.com\/www.courzyvite.run\/blog\/wp-content\/uploads\/2016\/10\/IMG_1235.jpg?resize=1024%2C683&amp;ssl=1 1024w, https:\/\/i0.wp.com\/www.courzyvite.run\/blog\/wp-content\/uploads\/2016\/10\/IMG_1235.jpg?w=1720&amp;ssl=1 1720w\" sizes=\"auto, (max-width: 860px) 100vw, 860px\" \/>29\u00e8me \u00e9dition du Cross de la Semine, 25 octobre 2015.<br \/>\nPeu avant l\u2019arriv\u00e9e.<br \/>\n<b>Jacques Boissi\u00e8re<\/b> (Frangy), 111\u00e8me (1er V4) en 1h09\u201919\u2019\u20195.<br \/>\nClich\u00e9 de <strong>Jean-Claude Delachenal<\/strong>.<br \/>\n<img data-recalc-dims=\"1\" loading=\"lazy\" decoding=\"async\" class=\"aligncenter wp-image-2265\" src=\"https:\/\/i0.wp.com\/www.courzyvite.run\/blog\/wp-content\/uploads\/2016\/10\/IMG_1243.jpg?resize=860%2C573\" alt=\"img_1243\" width=\"860\" height=\"573\" srcset=\"https:\/\/i0.wp.com\/www.courzyvite.run\/blog\/wp-content\/uploads\/2016\/10\/IMG_1243.jpg?w=1999&amp;ssl=1 1999w, https:\/\/i0.wp.com\/www.courzyvite.run\/blog\/wp-content\/uploads\/2016\/10\/IMG_1243.jpg?resize=300%2C200&amp;ssl=1 300w, https:\/\/i0.wp.com\/www.courzyvite.run\/blog\/wp-content\/uploads\/2016\/10\/IMG_1243.jpg?resize=768%2C512&amp;ssl=1 768w, https:\/\/i0.wp.com\/www.courzyvite.run\/blog\/wp-content\/uploads\/2016\/10\/IMG_1243.jpg?resize=1024%2C683&amp;ssl=1 1024w, https:\/\/i0.wp.com\/www.courzyvite.run\/blog\/wp-content\/uploads\/2016\/10\/IMG_1243.jpg?w=1720&amp;ssl=1 1720w\" sizes=\"auto, (max-width: 860px) 100vw, 860px\" \/>29\u00e8me \u00e9dition du Cross de la Semine, 25 octobre 2015.<br \/>\nPeu avant l\u2019arriv\u00e9e.<br \/>\nLes soeurs <strong>Bricourt<\/strong> :<br \/>\n&#8211; Dossard 27 :<b>\u00a0Emilie<\/b>\u00a0(Bagnols Marcoule Athl\u00e9tisme), 16\u00e8me femme (6\u00e8me espoir-senior, 120\u00e8me au scratch) en 1h11\u201918\u2019\u20194.<br \/>\n&#8211; Dossard 26 :<strong> Lucie<\/strong>\u00a0(Seyssel (Ain)), 15\u00e8me femme (5\u00e8me espoir-senior, 119\u00e8me au scratch) en 1h11\u201917\u2019\u20199.<br \/>\nClich\u00e9 de <strong>Jean-Claude Delachenal<\/strong>.<br \/>\n<img data-recalc-dims=\"1\" loading=\"lazy\" decoding=\"async\" class=\"aligncenter wp-image-2267\" src=\"https:\/\/i0.wp.com\/www.courzyvite.run\/blog\/wp-content\/uploads\/2016\/10\/IMG_1249.jpg?resize=860%2C573\" alt=\"img_1249\" width=\"860\" height=\"573\" srcset=\"https:\/\/i0.wp.com\/www.courzyvite.run\/blog\/wp-content\/uploads\/2016\/10\/IMG_1249.jpg?w=1999&amp;ssl=1 1999w, https:\/\/i0.wp.com\/www.courzyvite.run\/blog\/wp-content\/uploads\/2016\/10\/IMG_1249.jpg?resize=300%2C200&amp;ssl=1 300w, https:\/\/i0.wp.com\/www.courzyvite.run\/blog\/wp-content\/uploads\/2016\/10\/IMG_1249.jpg?resize=768%2C512&amp;ssl=1 768w, https:\/\/i0.wp.com\/www.courzyvite.run\/blog\/wp-content\/uploads\/2016\/10\/IMG_1249.jpg?resize=1024%2C683&amp;ssl=1 1024w, https:\/\/i0.wp.com\/www.courzyvite.run\/blog\/wp-content\/uploads\/2016\/10\/IMG_1249.jpg?w=1720&amp;ssl=1 1720w\" sizes=\"auto, (max-width: 860px) 100vw, 860px\" \/>29\u00e8me \u00e9dition du Cross de la Semine, 25 octobre 2015.<br \/>\nPeu avant l\u2019arriv\u00e9e.<br \/>\n&#8211; Dossard 106 : l\u2019Italien<b> Alessandro Privitelli<\/b>\u00a0(Annecy-le-Vieux Of Course), 127\u00e8me (2\u00e8me V4) en 1h12\u201949\u2019\u20196.<br \/>\n&#8211; Dossard 103 :<strong>\u00a0Robert Hoffmann<\/strong>\u00a0(V\u00e9traz-Monthoux), 128\u00e8me (3\u00e8me V4) en 1h12\u201954\u2019\u20198.<br \/>\nClich\u00e9 de <strong>Jean-Claude Delachenal<\/strong>.<br \/>\n<img data-recalc-dims=\"1\" loading=\"lazy\" decoding=\"async\" class=\"aligncenter wp-image-2230\" src=\"https:\/\/i0.wp.com\/www.courzyvite.run\/blog\/wp-content\/uploads\/2016\/10\/Cross_2015_328.jpg?resize=860%2C573\" alt=\"cross_2015_328\" width=\"860\" height=\"573\" srcset=\"https:\/\/i0.wp.com\/www.courzyvite.run\/blog\/wp-content\/uploads\/2016\/10\/Cross_2015_328.jpg?w=1024&amp;ssl=1 1024w, https:\/\/i0.wp.com\/www.courzyvite.run\/blog\/wp-content\/uploads\/2016\/10\/Cross_2015_328.jpg?resize=300%2C200&amp;ssl=1 300w, https:\/\/i0.wp.com\/www.courzyvite.run\/blog\/wp-content\/uploads\/2016\/10\/Cross_2015_328.jpg?resize=768%2C512&amp;ssl=1 768w\" sizes=\"auto, (max-width: 860px) 100vw, 860px\" \/>29\u00e8me \u00e9dition du Cross de la Semine, 25 octobre 2015.<br \/>\nArriv\u00e9e.<br \/>\nLe quadra marocain\u00a0<strong>El Yazid El Madi<\/strong> (Club Athl\u00e9tique du Bassin Bellegardien), sur le point de d\u00e9crocher pour la troisi\u00e8me ann\u00e9e cons\u00e9cutive l\u2019\u00e9preuve, et ce en 44\u201954\u2019\u20197.<br \/>\nClich\u00e9 du <strong>Comit\u00e9 des F\u00eates de Saint-Germain-sur-Rh\u00f4ne<\/strong>.<br \/>\n<img data-recalc-dims=\"1\" loading=\"lazy\" decoding=\"async\" class=\"aligncenter wp-image-2231\" src=\"https:\/\/i0.wp.com\/www.courzyvite.run\/blog\/wp-content\/uploads\/2016\/10\/Cross_2015_332.jpg?resize=860%2C573\" alt=\"cross_2015_332\" width=\"860\" height=\"573\" srcset=\"https:\/\/i0.wp.com\/www.courzyvite.run\/blog\/wp-content\/uploads\/2016\/10\/Cross_2015_332.jpg?w=1024&amp;ssl=1 1024w, https:\/\/i0.wp.com\/www.courzyvite.run\/blog\/wp-content\/uploads\/2016\/10\/Cross_2015_332.jpg?resize=300%2C200&amp;ssl=1 300w, https:\/\/i0.wp.com\/www.courzyvite.run\/blog\/wp-content\/uploads\/2016\/10\/Cross_2015_332.jpg?resize=768%2C512&amp;ssl=1 768w\" sizes=\"auto, (max-width: 860px) 100vw, 860px\" \/>29\u00e8me \u00e9dition du Cross de la Semine, 25 octobre 2015.<br \/>\nArriv\u00e9e.<br \/>\nBelle bagarre \u00e0 trois pour les deux marches restantes du podium, avec\u00a0:<br \/>\n\u2013 Dossard 25\u00a0:<strong> S\u00e9bastien Buet<\/strong> (Brasserie La Gabelle, Athl\u00e9 Saint-Julien 74 et Terres d\u2019Horizons), 2\u00e8me (1er espoir-senior) en 46\u201908\u2019\u20194.<br \/>\n\u2013 Dossard 55\u00a0: <strong>Emeric Arnaud<\/strong> (Les Alligators Seynod Triathlon), 3\u00e8me (1er cadet-junior) en 46\u201910\u2019\u20193.<br \/>\n\u2013 Dans le dos d\u2019Emeric\u00a0: <strong>Beno\u00eet Chauvet<\/strong> (Team Scott), 4\u00e8me (2\u00e8me espoir-senior) en 46\u201912\u2019\u20194.<br \/>\nClich\u00e9 du <strong>Comit\u00e9 des F\u00eates de Saint-Germain-sur-Rh\u00f4ne<\/strong>.<br \/>\n<img data-recalc-dims=\"1\" loading=\"lazy\" decoding=\"async\" class=\"aligncenter wp-image-2232\" src=\"https:\/\/i0.wp.com\/www.courzyvite.run\/blog\/wp-content\/uploads\/2016\/10\/Cross_2015_437.jpg?resize=860%2C573\" alt=\"cross_2015_437\" width=\"860\" height=\"573\" srcset=\"https:\/\/i0.wp.com\/www.courzyvite.run\/blog\/wp-content\/uploads\/2016\/10\/Cross_2015_437.jpg?w=1024&amp;ssl=1 1024w, https:\/\/i0.wp.com\/www.courzyvite.run\/blog\/wp-content\/uploads\/2016\/10\/Cross_2015_437.jpg?resize=300%2C200&amp;ssl=1 300w, https:\/\/i0.wp.com\/www.courzyvite.run\/blog\/wp-content\/uploads\/2016\/10\/Cross_2015_437.jpg?resize=768%2C512&amp;ssl=1 768w\" sizes=\"auto, (max-width: 860px) 100vw, 860px\" \/>29\u00e8me \u00e9dition du Cross de la Semine, 25 octobre 2015.<br \/>\nArriv\u00e9e.<strong><br \/>\nMireille Ujma<\/strong> (La Roche-sur-Foron), 5\u00e8me femme (1\u00e8re V2, 87\u00e8me au scratch) en 1h04\u201951\u2019\u20195.<br \/>\nClich\u00e9 du<strong>\u00a0Comit\u00e9 des F\u00eates de Saint-Germain-sur-Rh\u00f4ne<\/strong>.<\/p>\n","protected":false},"excerpt":{"rendered":"<p>EL YAZID EL MADI ET NADEGE VIGNAND FONT LEURS SHOWS ! Le 29\u00e8me opus du Cross de la Semine a d\u2019abord \u00e9t\u00e9 marqu\u00e9 par la plus importante participation de son histoire : pas moins de 182 athl\u00e8tes, 57 jeunes, et 185 randonneurs ont en effet accouru \u00e0 Saint-Germain-sur-Rh\u00f4ne, au coeur de l\u2019Avant-Pays haut-savoyard. A l\u2019avenant de cette impressionnante mar\u00e9e humaine, on soulignera la qualit\u00e9 des forces en pr\u00e9sence. Laur\u00e9at pour [&#8230;]<\/p>\n","protected":false},"author":2,"featured_media":2292,"comment_status":"closed","ping_status":"open","sticky":false,"template":"","format":"standard","meta":{"advanced_seo_description":"","jetpack_seo_html_title":"","jetpack_seo_noindex":false,"_jetpack_memberships_contains_paid_content":false,"footnotes":"","jetpack_publicize_message":"","jetpack_publicize_feature_enabled":true,"jetpack_social_post_already_shared":true,"jetpack_social_options":{"image_generator_settings":{"template":"highway","default_image_id":0,"font":"","enabled":false},"version":2}},"categories":[32,19,36,6,24,5],"tags":[11],"class_list":["post-2199","post","type-post","status-publish","format-standard","has-post-thumbnail","hentry","category-articles-sur-les-courses","category-comptes-rendus","category-cr-haute-savoie","category-articles","category-le-cross-de-la-semine","category-resultats","tag-news"],"views":3968,"jetpack_publicize_connections":[],"jetpack_featured_media_url":"https:\/\/i0.wp.com\/www.courzyvite.run\/blog\/wp-content\/uploads\/2016\/10\/IMG_1213-1-e1477854725725.jpg?fit=800%2C320&ssl=1","jetpack_shortlink":"https:\/\/wp.me\/p7PZ3h-zt","jetpack_sharing_enabled":true,"_links":{"self":[{"href":"https:\/\/www.courzyvite.run\/blog\/wp-json\/wp\/v2\/posts\/2199","targetHints":{"allow":["GET"]}}],"collection":[{"href":"https:\/\/www.courzyvite.run\/blog\/wp-json\/wp\/v2\/posts"}],"about":[{"href":"https:\/\/www.courzyvite.run\/blog\/wp-json\/wp\/v2\/types\/post"}],"author":[{"embeddable":true,"href":"https:\/\/www.courzyvite.run\/blog\/wp-json\/wp\/v2\/users\/2"}],"replies":[{"embeddable":true,"href":"https:\/\/www.courzyvite.run\/blog\/wp-json\/wp\/v2\/comments?post=2199"}],"version-history":[{"count":0,"href":"https:\/\/www.courzyvite.run\/blog\/wp-json\/wp\/v2\/posts\/2199\/revisions"}],"wp:featuredmedia":[{"embeddable":true,"href":"https:\/\/www.courzyvite.run\/blog\/wp-json\/wp\/v2\/media\/2292"}],"wp:attachment":[{"href":"https:\/\/www.courzyvite.run\/blog\/wp-json\/wp\/v2\/media?parent=2199"}],"wp:term":[{"taxonomy":"category","embeddable":true,"href":"https:\/\/www.courzyvite.run\/blog\/wp-json\/wp\/v2\/categories?post=2199"},{"taxonomy":"post_tag","embeddable":true,"href":"https:\/\/www.courzyvite.run\/blog\/wp-json\/wp\/v2\/tags?post=2199"}],"curies":[{"name":"wp","href":"https:\/\/api.w.org\/{rel}","templated":true}]}}