{"id":19777,"date":"2018-11-11T05:28:35","date_gmt":"2018-11-11T04:28:35","guid":{"rendered":"https:\/\/www.courzyvite.run\/blog\/?p=19777"},"modified":"2021-08-02T07:14:49","modified_gmt":"2021-08-02T05:14:49","slug":"larbarine-respire-de-nouveau-a-pleins-poumons-09-11-18","status":"publish","type":"post","link":"https:\/\/www.courzyvite.run\/blog\/2018\/11\/11\/larbarine-respire-de-nouveau-a-pleins-poumons-09-11-18\/","title":{"rendered":"L\u2019ARBARINE RESPIRE DE NOUVEAU A PLEINS POUMONS\u00a0! \/ 09-11-18"},"content":{"rendered":"<p>Apr\u00e8s dix ans de mariage avec le trail de l\u2019Arbarine, et malgr\u00e9 la menace encourue sur leur idylle, l\u2019aventure continue, et plus que jamais, pour tous les b\u00e9n\u00e9voles du <strong>Comit\u00e9 des F\u00eates de Saint-Alban-d\u2019Hurti\u00e8res<\/strong>.<br \/>\nUne excellente nouvelle qui, de toute \u00e9vidence, ravira ces hommes et ces femmes qui n\u2019ont jamais m\u00e9nag\u00e9 leurs efforts pour orchestrer une manifestation parfaitement rod\u00e9e. En sera \u00e9galement enchant\u00e9e la communaut\u00e9 des trailers, en particulier les Mauriennais, tr\u00e8s attach\u00e9s \u00e0 ce type d\u2019\u00e9preuve qui met en valeur leur territoire, pour partie m\u00e9connu. Enfin, les forces vives de la Basse Maurienne (1) ne pourront qu\u2019\u00eatre satisfaites, elles qui craignaient la disparition d\u2019une deuxi\u00e8me course nature apr\u00e8s l\u2019extinction, \u00e0 partir de 2013, de l\u2019embl\u00e9matique Transmontjoie qui sillonnait la Lauzi\u00e8re entre Epierre et Saint-Fran\u00e7ois-Longchamp.<\/p>\n<p><strong>Adieux<\/strong><br \/>\nSur le pont depuis l\u2019\u00e9dition princeps de 2009, hormis un bref int\u00e9rim en 2013 (2), <strong>Dominique Vins<\/strong>, en sa qualit\u00e9 de pr\u00e9sident du comit\u00e9 des f\u00eates, et ce depuis 1996, avait annonc\u00e9 \u00e0 l\u2019occasion de la 10\u00e8me cuv\u00e9e, disput\u00e9e le 3 juin dernier, qu\u2019il tirait d\u00e9finitivement sa r\u00e9v\u00e9rence. Une d\u00e9cision redout\u00e9e mais qui pourtant coulait de source, ce Nordiste de souche, \u00e2g\u00e9 de 68 ans, d\u00e9sirant depuis deux-trois ans passer la main afin d\u2019apporter du sang neuf.<br \/>\nUnique probl\u00e8me mais de taille, aucun repreneur ne s\u2019\u00e9tait manifest\u00e9 pour s\u2019emparer des r\u00eanes du comit\u00e9 des f\u00eates, et par ricochet celles de son \u00e9v\u00e9nement phare qui s\u2019invite dans l\u2019envo\u00fbtante intimit\u00e9 des Hurti\u00e8res. Cette terre qui doit son nom aux orties qui y poussent et dont la cr\u00eate fa\u00eeti\u00e8re, merveilleux promontoire s\u2019il en est, est perch\u00e9e \u00e0 la crois\u00e9e des chemins de la Maurienne, de la vall\u00e9e des Huiles et du Sillon alpin, elle-m\u00eame prise en tenaille par ses glorieuses a\u00een\u00e9es que sont les cha\u00eenes cristallines de Belledonne et de la Lauzi\u00e8re.<\/p>\n<p><strong>Renaissance<br \/>\n<\/strong>Du coup, on pouvait craindre le pis quant \u00e0 la p\u00e9rennit\u00e9 du trail. C\u2019\u00e9tait d\u2019autant plus rageant que toutes leurs chevilles ouvri\u00e8res \u00e9taient partantes pour reprendre du service, \u00e0 condition bien s\u00fbr de d\u00e9goter l\u2019oiseau rare. Un appel \u00e9tait alors lanc\u00e9 dans l\u2019optique de l\u2019assembl\u00e9e g\u00e9n\u00e9rale du comit\u00e9 des f\u00eates, tenue ce vendredi 9 novembre. Un appel qui allait porter ses fruits, <strong>Arnaud Hoenen<\/strong> devenant, apr\u00e8s s\u2019\u00eatre d\u00e9clar\u00e9 volontaire, pr\u00e9sident du comit\u00e9, et de facto directeur de l\u2019Arbarine.<br \/>\n39 ans au compteur, Arnaud a grandi dans la commune de Brumath, \u00e0 17 km au nord de Strasbourg. C\u2019est en septembre 2015 qu\u2019il s\u2019est install\u00e9 en Savoie, pr\u00e9cis\u00e9ment \u00e0 Chamb\u00e9ry, avant de se fixer en ao\u00fbt 2017 \u00e0 Saint-Alban-d\u2019Hurti\u00e8res o\u00f9 il a pu suivre en spectateur le mill\u00e9sime 2018 du trail. Il est d\u2019abord connu pour \u00eatre l\u2019entra\u00eeneur-joueur de la section Volley du foyer rural d\u2019Aiguebelle.<br \/>\nDeux raisons l\u2019ont pouss\u00e9 \u00e0 franchir le Rubicon : son exp\u00e9rience associative en tant qu\u2019ancien pr\u00e9sident d\u2019Alsace Poker ; la solide \u00e9quipe qu\u2019il dispose d\u00e9j\u00e0, o\u00f9 il pourra compter sur les conseils prodigu\u00e9s par un certain&#8230; Dominique Vins qui a finalement choisi de ne pas couper le cordon ! Quand la passion est sans limite&#8230;<\/p>\n<p><strong>Menu identique<\/strong><br \/>\nPour ne pas g\u00eaner Arnaud dans ses nouvelles fonctions en lui donnant du travail suppl\u00e9mentaire, les deux parcours propos\u00e9s, d\u2019un c\u00f4t\u00e9 le 30 km et ses 2085 m de d\u00e9nivel\u00e9 (en place depuis 2009), de l\u2019autre le 20 km et ses 1518 m de d\u00e9nivel\u00e9 (en place depuis 2010), demeureront inchang\u00e9s. Le projet d\u2019un 15 bornes accessible aux profanes, qui devait se substituer au 20 km sans grimper sur la cr\u00eate sommitale des Hurti\u00e8res, est en cons\u00e9quence abandonn\u00e9, du moins pour le moment.<br \/>\nRendez-vous donc le dimanche 2 juin 2019 pour le 11\u00e8me opus de l\u2019Arbarine. Avec peut-\u00eatre une invit\u00e9e de marque : <strong>Emilie Bonnivard<\/strong>, d\u00e9put\u00e9e de la 3\u00e8me circonscription de la Savoie qui int\u00e8gre la vall\u00e9e de l\u2019Arc et Montaimont, le village de son enfance o\u00f9 elle est conseill\u00e8re municipale. Pr\u00e9venue l\u2019an pass\u00e9 mais, h\u00e9las, apr\u00e8s coup, elle n\u2019avait pu honorer le trail alors qu\u2019elle se trouvait dans les&#8230; Hurti\u00e8res ! Un malheureux concours de circonstance qui, esp\u00e9rons-le, ne devrait plus se reproduire.<\/p>\n<p><strong>F.V.<\/strong><\/p>\n<p>(1) La Basse Maurienne englobe les anciens cantons d\u2019Aiguebelle et de La Chambre. Estimant cette expression quelque peu p\u00e9jorative, les \u00e9lus de l\u2019ex-canton d\u2019Aiguebelle l\u2019ont remplac\u00e9e par la Porte de Maurienne.<br \/>\n(2) En 2013, la pr\u00e9sidence du <strong>Comit\u00e9 des F\u00eates de Saint-Alban-d\u2019Hurti\u00e8res<\/strong>, et par ricochet la direction de l\u2019Arbarine, \u00e9taient assur\u00e9es par <strong>Steve Tiaffey<\/strong>.<br \/>\n<span style=\"color: #ffffff;\"><span style=\"color: #ffffff;\">.<br \/>\n<\/span>.<\/span><br \/>\n<span style=\"color: #ffffff;\">.<\/span><strong style=\"font-size: 0.95em;\"><br \/>\n<\/strong><strong>PALMARES DEPUIS 2009 :<br \/>\n<\/strong><span style=\"font-size: 0.95em;\"><span style=\"color: #ffffff;\">.<\/span><br \/>\n<span style=\"color: #ffffff;\">.<\/span><br \/>\n<\/span>Le trail court \u00e9tait \u00e9valu\u00e9 \u00e0 30 km en 2009 puis \u00e0 28 km entre 2010 et 2013. Quant au trail d\u00e9couverte, il \u00e9tait estim\u00e9 \u00e0 19 km entre 2010 et 2013.<br \/>\nLes deux parcours ont \u00e9t\u00e9 remesur\u00e9s pour l\u2019\u00e9dition 2014. En r\u00e9alit\u00e9, ils font respectivement 30,7 km et 20,3 km. Raison pour laquelle les organisateurs retiennent depuis quatre ans les chiffres de 30 et de 20 km.<\/p>\n<p>Concernant le 30 km, l\u2019itin\u00e9raire 2009 a \u00e9t\u00e9 le plus long. A l\u2019oppos\u00e9, celui de 2013 fut le plus court, 1,5 km ayant \u00e9t\u00e9 retranch\u00e9. 3 km avaient alors \u00e9t\u00e9 supprim\u00e9s entre le lac des Grenouilles (km 14,6) et le refuge d\u2019Arbar\u00e9tan (km 17,6), la quantit\u00e9 importante de neige rendant probl\u00e9matique le passage des trailers sur cette portion. Un all\u00e8gement att\u00e9nu\u00e9 par une augmentation d\u20191,5 km dans la descente finale \u00e0 cause d\u2019un d\u00e9bardage.<br \/>\nLes trac\u00e9s 2010, 2011, 2012, 2014, 2015, 2016, 2017 et 2018 \u00e9tant identiques, ils peuvent donc compter pour l\u2019\u00e9tablissement des records masculin et f\u00e9minin de cette \u00e9preuve.<\/p>\n<p>Quant au 20 km, apparu en 2010, il n\u2019a jamais \u00e9t\u00e9 modifi\u00e9, except\u00e9 en 2013 o\u00f9 la descente finale, commune avec le 30 bornes entre la baraque de la Jasse (km 13) et l\u2019arriv\u00e9e, avait \u00e9t\u00e9 rallong\u00e9e d\u20191,5 km, le d\u00e9bardage en \u00e9tant le motif.<br \/>\nHuit des neuf mill\u00e9simes peuvent donc \u00eatre comptabilis\u00e9s pour l\u2019officialisation des records masculin et f\u00e9minin de cette comp\u00e8te, en l\u2019occurrence 2010, 2011, 2012, 2014, 2015, 2016, 2017 et 2018.<\/p>\n<p><strong>F.V.<\/strong><br \/>\n<span style=\"color: #ffffff;\">.<\/span><br \/>\n<span style=\"color: #ffffff;\">.<\/span><strong><br \/>\n14 juin 2009 :<\/strong><\/p>\n<p><strong>30 km<\/strong>\u00a0(39 inscrits, 38 class\u00e9s dont 4 femmes) :<br \/>\n\u2013 1er (1er senior) :<strong>\u00a0Laurent Vidal\u00a0<\/strong>(Chamb\u00e9ry Triathlon) en 3h25\u201904.<br \/>\n\u2013 1\u00e8re (1\u00e8re V1, 18\u00e8me au scratch) :<strong>\u00a0Nad\u00e8ge Cavagna\u00a0<\/strong>(Team Activasport \/ Entente Athl\u00e9tique de Chamb\u00e9ry) en 4h24\u201909.<br \/>\n\u2013 R\u00e9sultats complets sur le site Web de l\u2019Arbarine :<br \/>\n<a href=\"https:\/\/www.courzyvite.run\/09Resultats\/Arbarine2009.pdf\">https:\/\/www.courzyvite.run\/09Resultats\/Arbarine2009.pdf<\/a><br \/>\n<a href=\"http:\/\/arbarine.org\/images\/edition2009_resultats.pdf\"><br \/>\n<\/a><span style=\"color: #ffffff;\">.<\/span><br \/>\n<strong>6 juin 2010 :<\/strong><\/p>\n<p><strong>30 km<\/strong>\u00a0(35 inscrits, 33 class\u00e9s dont 3 femmes) :<br \/>\n\u2013 1er (1er senior) :<strong>\u00a0Jean-S\u00e9bastien Daviet\u00a0<\/strong>(Thorigny-sur-Marne) en 3h09\u201932.<br \/>\n\u2013 1\u00e8re (1\u00e8re V1, 16\u00e8me au scratch) :<strong>\u00a0Laure Pion<\/strong>\u00a0(Association Sportive des Cheminots Mauriennais Endurance) en 4h24\u201950.<br \/>\n\u2013 R\u00e9sultats complets sur le site Web de l\u2019Arbarine :<br \/>\n<a href=\"https:\/\/www.courzyvite.run\/10Resultats\/Arbarine2010.pdf\">https:\/\/www.courzyvite.run\/10Resultats\/Arbarine2010.pdf<\/a><\/p>\n<p><strong>20 km<\/strong>\u00a0(27 class\u00e9s dont 5 femmes) :<br \/>\n\u2013 1er (1er senior) :<strong>\u00a0Yoann Balmain<\/strong>\u00a0(Saint-Alban-d\u2019Hurti\u00e8res) en 2h37\u201916.<br \/>\n\u2013 1\u00e8re (1\u00e8re V1, 12\u00e8me au scratch) :<strong>\u00a0Agn\u00e8s Moreau<\/strong>\u00a0(Saint-Jean-de-Maurienne) en 3h20\u201935.<br \/>\n\u2013 R\u00e9sultats complets sur le site Web de l\u2019Arbarine :<br \/>\n<a href=\"https:\/\/www.courzyvite.run\/10Resultats\/Arbarine2010.pdf\">https:\/\/www.courzyvite.run\/10Resultats\/Arbarine2010.pdf<\/a><a href=\"http:\/\/arbarine.org\/images\/edition2010_resultats19km.pdf\"><br \/>\n<\/a><span style=\"color: #ffffff;\">.<\/span><br \/>\n<span style=\"color: #ffffff;\">.<\/span><strong><br \/>\n5 juin 2011\u00a0:<\/strong><\/p>\n<p><strong>30 km\u00a0<\/strong>(48 class\u00e9s dont 5 femmes)\u00a0:<br \/>\n\u2013 1er (1er V1) :<strong>\u00a0Lionel Bonnel<\/strong> (Team Tecnica \/ Team Sybelles \u2013 CAF Maurienne) en 3h03\u201900.<br \/>\n\u2013 1\u00e8re (1\u00e8re V1, 14\u00e8me au scratch) :<strong>\u00a0Patricia Serda\u00a0<\/strong>(Union Olympique Albertville Tarentaise) en<strong>\u00a0<\/strong>3h55\u201953.<br \/>\n\u2013 R\u00e9sultats complets sur le site Web de l\u2019Arbarine :<br \/>\n<a href=\"https:\/\/www.courzyvite.run\/11Resultats\/Albarine2011.pdf\">https:\/\/www.courzyvite.run\/11Resultats\/Albarine2011.pdf<\/a><\/p>\n<p><strong>20 km<\/strong>\u00a0(49 class\u00e9s dont 8 femmes)\u00a0:<br \/>\n\u2013 1er (1er senior) :<strong>\u00a0St\u00e9phane Duc<\/strong>\u00a0(Saint-Martin-de-la-Porte) en\u00a02h11\u201900.<br \/>\n\u2013 1\u00e8re (1\u00e8re V1, 33\u00e8me au scratch) :<strong>\u00a0Nathalie Favre-Bont\u00e9\u00a0<\/strong>(Saint-Alban-des-Villards) en 3h08\u201959.<br \/>\n\u2013 R\u00e9sultats complets sur le site Web de l\u2019Arbarine :<br \/>\n<a href=\"https:\/\/www.courzyvite.run\/11Resultats\/Albarine2011.pdf.\">https:\/\/www.courzyvite.run\/11Resultats\/Albarine2011.pdf<span style=\"color: #ffffff;\">.<\/span><\/a><br \/>\n<span style=\"color: #ffffff;\">.<\/span><br \/>\n<span style=\"color: #ffffff;\">.<\/span><strong><br \/>\n3 juin 2012\u00a0:<\/strong><\/p>\n<p><strong>30 km<\/strong>\u00a0(30 inscrits, 29 class\u00e9s dont 6 femmes, 1 abandon)\u00a0:<br \/>\n\u2013 1er (1er senior) :<strong>\u00a0Fabien Pichol<\/strong>\u00a0(Queige) en 3h32\u201947.<br \/>\n\u2013 1\u00e8re (1\u00e8re V1, 14\u00e8me au scratch) :<strong>\u00a0Sylvie Negro<\/strong> (Team Activasport \/ Entente Athl\u00e9tique de Chamb\u00e9ry) en 4h17\u201915.<br \/>\n\u2013 R\u00e9sultats complets sur le site Web de l\u2019Arbarine :<br \/>\n<a href=\"https:\/\/www.courzyvite.run\/12Resultats\/Albarine2012.pdf\">https:\/\/www.courzyvite.run\/12Resultats\/Albarine2012.pdf<\/a><\/p>\n<p><strong>20 km\u00a0<\/strong>(39 class\u00e9s dont 9 femmes)\u00a0:<br \/>\n\u2013 1er (1er senior) :<strong>\u00a0Nicolas Daru\u00a0<\/strong>(Bourg-Saint-Maurice) en 2h16\u201940.<br \/>\n\u2013 1\u00e8re (1\u00e8re V1, 13\u00e8me au scratch) :<strong>\u00a0Nathalie Favre-Bont\u00e9<\/strong>\u00a0(Association Sportive des Cheminots Mauriennais Endurance) en\u00a02h54\u201925.<br \/>\n\u2013 R\u00e9sultats complets sur le site Web de l\u2019Arbarine :<br \/>\n<a href=\"http:\/\/arbarine.org\/images\/edition2012_resultats19km.pdf\">https:\/\/www.courzyvite.run\/12Resultats\/Albarine2012.pdf<br \/>\n<\/a><span style=\"color: #ffffff;\">.<\/span><br \/>\n<span style=\"color: #ffffff;\">.<\/span><strong><br \/>\n2 juin 2013\u00a0:<\/strong><\/p>\n<p><strong>30 km\u00a0<\/strong>(58 inscrits, 53 class\u00e9s dont 5 femmes)\u00a0:<br \/>\n\u2013 1er (1er senior) :<strong>\u00a0Ludovic Pommeret\u00a0<\/strong>(Team Hoka \/ Team Altecsport \/ Team Sybelles \u2013 CAF Maurienne) en 2h47\u201955.<br \/>\n\u2013 1\u00e8re (1\u00e8re V1, 28\u00e8me au scratch) :<strong>\u00a0Laure Pion<\/strong>\u00a0(Association Sportive des Cheminots Mauriennais Endurance) en 3h56\u201929.<br \/>\n\u2013 R\u00e9sultats complets sur le site Web de l\u2019Arbarine :<br \/>\n<a href=\"https:\/\/www.courzyvite.run\/13Resultats\/Albarine2013.pdf\">https:\/\/www.courzyvite.run\/13Resultats\/Albarine2013.pdf<\/a><\/p>\n<p><strong>20 km<\/strong>\u00a0(64 inscrits, 62 class\u00e9s dont 16 femmes)\u00a0:<br \/>\n\u2013 1er (1er senior) :<strong>\u00a0Thibault Pollet-Villard<\/strong>\u00a0(La Clusaz) en 2h16\u201908.<br \/>\n\u2013 1\u00e8re (1\u00e8re junior, 20\u00e8me au scratch) :<strong>\u00a0Candice Bonnel<\/strong> (Team Sybelles \u2013 CAF Maurienne \/ Union Athl\u00e9tique de Maurienne) en 2h57\u201915.<br \/>\n\u2013 R\u00e9sultats complets sur le site Web de l\u2019Arbarine :<br \/>\n<a href=\"http:\/\/arbarine.org\/images\/edition2013_resultats19km.pdf\">https:\/\/www.courzyvite.run\/13Resultats\/Albarine2013.pdf<br \/>\n<\/a><span style=\"color: #ffffff;\">.<\/span><br \/>\n<span style=\"color: #ffffff;\">.<\/span><strong><br \/>\n1er juin 2014\u00a0:<\/strong><\/p>\n<p><strong>30 km\u00a0<\/strong>(52 inscrits dont 8 femmes, 52 class\u00e9s dont 8 femmes)\u00a0:<br \/>\n\u2013 1er (1er senior) :<strong>\u00a0Ludovic Pommeret\u00a0<\/strong>(Team Hoka \/ Team Altecsport \/ Team Sybelles \u2013 CAF Maurienne \/ Club Athl\u00e9tique du Bassin Bellegardien) en 3h03\u201935.<br \/>\n\u2013 1\u00e8re (1\u00e8re V1, 16\u00e8me au scratch) :<strong>\u00a0Nad\u00e8ge Cavagna\u00a0<\/strong>(Team Activasport \/ Entente Athl\u00e9tique de Chamb\u00e9ry) en 3h53\u201932.<br \/>\n\u2013 R\u00e9sultats complets sur le site Web de l\u2019Arbarine :<br \/>\n<a href=\"https:\/\/www.courzyvite.run\/14Resultats\/Albarine2014.pdf\">https:\/\/www.courzyvite.run\/14Resultats\/Albarine2014.pdf<\/a><\/p>\n<p><strong>20 km\u00a0<\/strong>(60 inscrits, 54 class\u00e9s dont 8 femmes, deux disqualifi\u00e9es)\u00a0:<br \/>\n\u2013 1er (1er senior) :<strong>\u00a0Nicolas Pianet<\/strong> (Team Terre de Running Mizuno \/ Association Volodalen) en <strong>2h01\u201947, record du parcours emprunt\u00e9 depuis 2010 (except\u00e9 en 2013)<\/strong>.<br \/>\n\u2013 1\u00e8re (1\u00e8re espoir, 17\u00e8me au scratch) :<strong>\u00a0Candice Bonnel<\/strong> (Team Sybelles \u2013 CAF Maurienne \/ Union Athl\u00e9tique de Maurienne) en 2h50\u201903.<br \/>\nR\u00e9sultats complets sur le site Web de l\u2019Arbarine :<br \/>\n<a href=\"http:\/\/arbarine.org\/images\/edition2014_resultats20km.pdf\">https:\/\/www.courzyvite.run\/14Resultats\/Albarine2014.pdf<br \/>\n<\/a><span style=\"color: #ffffff;\">.<\/span><br \/>\n<span style=\"color: #ffffff;\">.<\/span><strong><br \/>\n7 juin 2015 :<\/strong><\/p>\n<p><strong>30 km\u00a0<\/strong>(66 inscrits dont 14 femmes, 64 class\u00e9s dont 13 femmes)\u00a0:<strong><br \/>\n<\/strong>\u2013 1er (1er senior) :<strong>\u00a0Joris Milleret<\/strong>\u00a0(Club Athl\u00e9tique du Bassin Bellegardien) en\u00a0<strong>2h59\u201912,<\/strong>\u00a0<strong>record du parcours emprunt\u00e9 depuis 2010 (except\u00e9 en 2013)<\/strong>.<br \/>\n\u2013 1\u00e8re (1\u00e8re senior, 10\u00e8me au scratch) :<strong>\u00a0Marie Dohin<\/strong> (Caen Athl\u00e9tic Club \/ Courchevel Sport Alpinisme) en <strong>3h40\u201958, record du parcours emprunt\u00e9 depuis 2010 (except\u00e9 en 2013)<\/strong>.<br \/>\n\u2013 R\u00e9sultats complets sur le site Web de l\u2019Arbarine :<br \/>\n<a href=\"https:\/\/www.courzyvite.run\/15Resultats\/Albarine2015.pdf\">https:\/\/www.courzyvite.run\/15Resultats\/Albarine2015.pdf<\/a><\/p>\n<p><strong>20 km\u00a0<\/strong>(78 inscrits dont 21 femmes, 75 class\u00e9s dont 19 class\u00e9es)\u00a0:<br \/>\n\u2013 1er (1er V1) :<strong>\u00a0St\u00e9phane Avrillon<\/strong> (Team Technicien du Sport Seynod \/ Esp\u00e9rance Favergienne) en 2h14\u201900.<br \/>\n\u2013 1\u00e8re (1\u00e8re senior, 25\u00e8me au scratch) :<strong>\u00a0Natacha Bois<\/strong>\u00a0(Avrieux) en 3h00\u201949.<br \/>\n\u2013 R\u00e9sultats complets sur le site Web de l\u2019Arbarine :<br \/>\n<a href=\"https:\/\/www.courzyvite.run\/15Resultats\/Albarine2015.pdf\">https:\/\/www.courzyvite.run\/15Resultats\/Albarine2015.pdf<\/a><br \/>\n<span style=\"color: #ffffff;\"><a style=\"color: #ffffff;\" href=\"http:\/\/arbarine.org\/%C3%A9dition-2015.html\"><br \/>\n<\/a>.<\/span><br \/>\n<strong>5 juin 2016 :<\/strong><\/p>\n<p><strong>30 km\u00a0<\/strong>(<strong>69<\/strong>\u00a0<strong>inscrits<\/strong>\u00a0<strong>dont 6 femmes, 66 class\u00e9s dont 6 femmes, record de participation)\u00a0:<br \/>\n<\/strong>\u2013 1er (1er M1) :<strong>\u00a0Christophe Abry<\/strong>\u00a0(Ruffieux) en 3h10\u201919.<br \/>\n\u2013 1\u00e8re (1\u00e8re M2, 27\u00e8me au scratch) :<strong>\u00a0Sylvie Negro<\/strong>\u00a0(Entente Athl\u00e9tique de Chamb\u00e9ry) en 4h10\u201910.<br \/>\n\u2013 R\u00e9sultats complets sur le site Web de l\u2019Arbarine :<br \/>\n<a href=\"https:\/\/www.courzyvite.run\/16Resultats\/Albarine2016.pdf\">https:\/\/www.courzyvite.run\/16Resultats\/Albarine2016.pdf<\/a><\/p>\n<p><strong>20 km\u00a0<\/strong>(<b>91<\/b>\u00a0<strong>inscrits dont 29 femmes, 89 class\u00e9s dont 28 femmes,<\/strong>\u00a0<strong>record de participation)\u00a0:<\/strong><br \/>\n\u2013 1er (1er M1) :<strong>\u00a0Eric Caruso<\/strong>\u00a0(Athl\u00e9tique Sport Mo\u00fbtiers) en 2h05\u201901.<br \/>\n\u2013 1\u00e8re (1\u00e8re M1, 16\u00e8me au scratch) :<strong>\u00a0Nad\u00e8ge Vignand<\/strong>\u00a0(ASPTT Annecy Athl\u00e9tisme) en\u00a0<strong>2h38\u201916, record du parcours emprunt\u00e9 depuis 2010 (except\u00e9 en 2013)<\/strong>.<br \/>\n\u2013 R\u00e9sultats complets sur le site Web de l\u2019Arbarine :<br \/>\n<a href=\"https:\/\/www.courzyvite.run\/16Resultats\/Albarine2016.pdf\">https:\/\/www.courzyvite.run\/16Resultats\/Albarine2016.pdf<\/a><br \/>\n<span style=\"color: #ffffff;\">.<\/span><br \/>\n<span style=\"color: #ffffff;\">.<\/span><strong><br \/>\n4 juin 2017 :<\/strong><\/p>\n<p><strong>30 km\u00a0<\/strong>(67 inscrits dont 16 femmes, 62 class\u00e9s dont 16 femmes)\u00a0:<strong><br \/>\n<\/strong>\u2013 1er (1er senior) :<strong>\u00a0Anthony Fraissard<\/strong>\u00a0(Camping Marie France) en 3h06\u201931.<br \/>\n\u2013 1\u00e8re (1\u00e8re senior, 18\u00e8me au scratch) :<strong>\u00a0Manon Benoit<\/strong>\u00a0(Gi\u00e8res) en 3h51\u201937.<br \/>\n\u2013 R\u00e9sultats complets sur le site Web de l\u2019Arbarine :<br \/>\n<a href=\"https:\/\/www.courzyvite.run\/17Resultats\/Albarine2017.pdf\">https:\/\/www.courzyvite.run\/17Resultats\/Albarine2017.pdf<\/a><\/p>\n<p><strong>20 km\u00a0<\/strong>(79 inscrits dont 18 femmes, 77 class\u00e9s dont 16 femmes)\u00a0:<br \/>\n\u2013 1er (1er senior) :<strong>\u00a0S\u00e9bastien Masbous<\/strong>\u00a0(Entente Athl\u00e9tique de Chamb\u00e9ry) en 2h10\u201901.<br \/>\n\u2013 1\u00e8re (1\u00e8re senior, 14\u00e8me au scratch) :<strong>\u00a0Fiona Porte<\/strong>\u00a0(Team Terre de Running Albertville) en 2h39\u201944.<br \/>\n\u2013 R\u00e9sultats complets sur le site Web de l\u2019Arbarine :<br \/>\n<a href=\"https:\/\/www.courzyvite.run\/17Resultats\/Albarine2017.pdf\">https:\/\/www.courzyvite.run\/17Resultats\/Albarine2017.pdf<\/a><br \/>\n<span style=\"color: #ffffff;\">.<\/span><br \/>\n<span style=\"color: #ffffff;\">.<\/span><strong><br \/>\n<\/strong><strong>3 juin 2018 :<\/strong><\/p>\n<p><strong>30 km\u00a0<\/strong>(66 inscrits dont 12 femmes, 64 class\u00e9s dont 12 femmes)\u00a0:<strong><br \/>\n<\/strong>\u2013 1er (1er senior) :<strong>\u00a0Arnaud Chartrain<\/strong>\u00a0(M\u00e9ribel Sport Montagne) en 3h13\u201958.<br \/>\n\u2013 1\u00e8re (1\u00e8re senior, 11\u00e8me au scratch) :<strong>\u00a0No\u00e9mie Grandjean<\/strong>\u00a0(CAF La Roche \u2013 Bonneville) en 3h55\u201918.<br \/>\n\u2013 R\u00e9sultats complets sur le site Web de l\u2019Arbarine :<br \/>\n<a href=\"https:\/\/www.courzyvite.run\/18Resultats\/Arbarine2018.pdf\">https:\/\/www.courzyvite.run\/18Resultats\/Arbarine2018.pdf<\/a><\/p>\n<p><strong>20 km\u00a0<\/strong>(65 inscrits dont 15 femmes, 61 class\u00e9s dont 15 femmes)\u00a0:<br \/>\n\u2013 1er (1er senior) :<strong>\u00a0Matis Leray<\/strong>\u00a0(Team Terre de Running Albertville) en 2h13\u201958.<br \/>\n\u2013 1\u00e8re (1\u00e8re senior, 25\u00e8me au scratch) :<strong>\u00a0Estelle Munnia<\/strong>\u00a0(Union Athl\u00e9tique de Maurienne) en 3h00\u201958.<br \/>\n\u2013 R\u00e9sultats complets sur le site Web de l\u2019Arbarine :<br \/>\n<a href=\"https:\/\/www.courzyvite.run\/18Resultats\/Arbarine2018.pdf\">https:\/\/www.courzyvite.run\/18Resultats\/Arbarine2018.pdf<\/a><br \/>\n<span style=\"color: #ffffff;\">.<\/span><br \/>\n<span style=\"color: #ffffff;\">.<\/span><br \/>\n<span style=\"color: #ffffff;\">.<\/span><strong style=\"font-size: 0.95em;\"><br \/>\n<\/strong><strong>L\u2019ARBARINE SUR LE SITE WEB COURZYVITE :<\/strong><\/p>\n<p><strong>\u2013 Pr\u00e9sentation de l\u2019\u00e9dition 2013 :<br \/>\n<\/strong><a href=\"https:\/\/www.courzyvite.run\/blog\/2013\/06\/01\/presentation-de-larbarine-02-06-13\/\">https:\/\/www.courzyvite.run\/blog\/2013\/06\/01\/presentation-de-larbarine-02-06-13\/<\/a><\/p>\n<p><strong>\u2013 R\u00e9sultats, compte rendu et photos de l\u2019\u00e9dition 2013 :<br \/>\n<\/strong><a href=\"https:\/\/www.courzyvite.run\/blog\/2013\/06\/03\/resultats-compte-rendu-et-photos-de-larbarine-02-06-13\/\">https:\/\/www.courzyvite.run\/blog\/2013\/06\/03\/resultats-compte-rendu-et-photos-de-larbarine-02-06-13\/<\/a><\/p>\n<p><strong>\u2013 Vid\u00e9os\u00a0de l\u2019\u00e9dition 2013 :<br \/>\n<\/strong><a href=\"https:\/\/www.courzyvite.run\/blog\/2013\/06\/04\/videos-de-larbarine-les-deux-trails-et-les-interviews-02-06-13\/\">https:\/\/www.courzyvite.run\/blog\/2013\/06\/04\/videos-de-larbarine-les-deux-trails-et-les-interviews-02-06-13\/<\/a><\/p>\n<p><strong>\u2013 R\u00e9sultats, compte rendu et photos de\u00a0l\u2019\u00e9dition 2014 :<br \/>\n<\/strong><a href=\"https:\/\/www.courzyvite.run\/blog\/2014\/06\/02\/resultats-compte-rendu-et-photos-de-larbarine-01-06-14\/\">https:\/\/www.courzyvite.run\/blog\/2014\/06\/02\/resultats-compte-rendu-et-photos-de-larbarine-01-06-14\/<\/a><\/p>\n<p><strong>\u2013 Pr\u00e9sentation de l\u2019\u00e9dition 2015 :<br \/>\n<\/strong><a href=\"https:\/\/www.courzyvite.run\/blog\/2015\/06\/06\/presentation-de-larbarine-07-06-15\/\">https:\/\/www.courzyvite.run\/blog\/2015\/06\/06\/presentation-de-larbarine-07-06-15\/<\/a><\/p>\n<p><strong>\u2013 R\u00e9sultats, compte rendu et photos de\u00a0l\u2019\u00e9dition 2015 :<br \/>\n<\/strong><a href=\"https:\/\/www.courzyvite.run\/blog\/2015\/06\/08\/resultats-compte-rendu-et-photos-de-larbarine-07-06-15\/\">https:\/\/www.courzyvite.run\/blog\/2015\/06\/08\/resultats-compte-rendu-et-photos-de-larbarine-07-06-15\/<\/a><\/p>\n<p><strong>\u2013 Pr\u00e9sentation de l\u2019\u00e9dition 2016 :<\/strong><br \/>\n<a href=\"https:\/\/www.courzyvite.run\/blog\/2016\/06\/04\/presentation-de-larbarine-05-06-16\/\">https:\/\/www.courzyvite.run\/blog\/2016\/06\/04\/presentation-de-larbarine-05-06-16\/<\/a><\/p>\n<p><strong>\u2013 R\u00e9sultats, compte rendu et photos de\u00a0l\u2019\u00e9dition 2016 :<\/strong><br \/>\n<a href=\"https:\/\/www.courzyvite.run\/blog\/2016\/06\/06\/a-la-veille-de-la-9eme-arbarine-coup-de-projecteur-sur-ledition-du-5-juin-2016-avec-36-photos-inedites\/\">https:\/\/www.courzyvite.run\/blog\/2016\/06\/06\/a-la-veille-de-la-9eme-arbarine-coup-de-projecteur-sur-ledition-du-5-juin-2016-avec-36-photos-inedites\/<\/a><\/p>\n<p><strong>\u2013 Pr\u00e9sentation de l\u2019\u00e9dition 2017 :<br \/>\n<\/strong><a href=\"https:\/\/www.courzyvite.run\/blog\/2017\/06\/04\/presentation-de-larbarine-04-06-17\/\">https:\/\/www.courzyvite.run\/blog\/2017\/06\/04\/presentation-de-larbarine-04-06-17\/<\/a><\/p>\n<p><strong>\u2013 R\u00e9sultats, compte rendu et photos de\u00a0l\u2019\u00e9dition 2017 :<\/strong><br \/>\n<a href=\"https:\/\/www.courzyvite.run\/blog\/2018\/05\/31\/en-attendant-la-10eme-edition-de-larbarine-prevue-le-3-juin-2018-retour-par-le-texte-et-limage-sur-le-millesime-2017\/\">https:\/\/www.courzyvite.run\/blog\/2018\/05\/31\/en-attendant-la-10eme-edition-de-larbarine-prevue-le-3-juin-2018-retour-par-le-texte-et-limage-sur-le-millesime-2017\/<\/a><\/p>\n<p><strong>\u2013 Pr\u00e9sentation de l\u2019\u00e9dition 2018 :<br \/>\n<\/strong><a href=\"https:\/\/www.courzyvite.run\/blog\/2018\/06\/03\/presentation-de-larbarine-03-06-18\/\">https:\/\/www.courzyvite.run\/blog\/2018\/06\/03\/presentation-de-larbarine-03-06-18\/<\/a><\/p>\n<p><strong>\u2013 R\u00e9sultats et premi\u00e8res photos de\u00a0l\u2019\u00e9dition 2018 :<br \/>\n<\/strong><a href=\"https:\/\/www.courzyvite.run\/blog\/2018\/06\/08\/resultats-et-premieres-photos-de-larbarine-03-06-18\/\">https:\/\/www.courzyvite.run\/blog\/2018\/06\/08\/resultats-et-premieres-photos-de-larbarine-03-06-18\/<\/a><\/p>\n<p><strong>\u2013 Deuxi\u00e8me s\u00e9rie de photos de\u00a0l\u2019\u00e9dition 2018 :<\/strong><br \/>\n<a href=\"https:\/\/www.courzyvite.run\/blog\/2018\/11\/19\/deuxieme-serie-de-photos-de-larbarine-18-inedites-03-06-18\/\">https:\/\/www.courzyvite.run\/blog\/2018\/11\/19\/deuxieme-serie-de-photos-de-larbarine-18-inedites-03-06-18\/<\/a><br \/>\n<span style=\"color: #ffffff;\">.<\/span><br \/>\n<span style=\"color: #ffffff;\">.<\/span><br \/>\n<span style=\"color: #ffffff;\">.<\/span><strong><br \/>\n<\/strong><strong>PHOTOS :<br \/>\n<img data-recalc-dims=\"1\" loading=\"lazy\" decoding=\"async\" class=\"size-full wp-image-20331 aligncenter\" src=\"https:\/\/i0.wp.com\/www.courzyvite.run\/blog\/wp-content\/uploads\/2018\/11\/46444586_768429973500858_6174771453783703552_n.jpg?resize=860%2C645\" alt=\"\" width=\"860\" height=\"645\" srcset=\"https:\/\/i0.wp.com\/www.courzyvite.run\/blog\/wp-content\/uploads\/2018\/11\/46444586_768429973500858_6174771453783703552_n.jpg?w=960&amp;ssl=1 960w, https:\/\/i0.wp.com\/www.courzyvite.run\/blog\/wp-content\/uploads\/2018\/11\/46444586_768429973500858_6174771453783703552_n.jpg?resize=420%2C315&amp;ssl=1 420w, https:\/\/i0.wp.com\/www.courzyvite.run\/blog\/wp-content\/uploads\/2018\/11\/46444586_768429973500858_6174771453783703552_n.jpg?resize=768%2C576&amp;ssl=1 768w\" sizes=\"auto, (max-width: 860px) 100vw, 860px\" \/><\/strong>Deux des hommes forts de l\u2019Arbarine :<br \/>\n&#8211; A gauche : <strong>Arnaud Hoenen<\/strong>, pr\u00e9sident depuis le 9 novembre 2018 du Comit\u00e9 des F\u00eates de Saint-Alban-d\u2019Hurti\u00e8res, et de facto directeur de l\u2019Arbarine.<br \/>\n&#8211; A droite : <strong>Pierre Berger<\/strong>,\u00a0responsable du site Web et de la page Facebook de l\u2019Arbarine.\u00a0<strong><br \/>\n<img data-recalc-dims=\"1\" loading=\"lazy\" decoding=\"async\" class=\"size-full wp-image-19790 aligncenter\" src=\"https:\/\/i0.wp.com\/www.courzyvite.run\/blog\/wp-content\/uploads\/2018\/11\/34463913_645002795843577_7653938180273471488_n.jpg?resize=860%2C573\" alt=\"\" width=\"860\" height=\"573\" srcset=\"https:\/\/i0.wp.com\/www.courzyvite.run\/blog\/wp-content\/uploads\/2018\/11\/34463913_645002795843577_7653938180273471488_n.jpg?w=960&amp;ssl=1 960w, https:\/\/i0.wp.com\/www.courzyvite.run\/blog\/wp-content\/uploads\/2018\/11\/34463913_645002795843577_7653938180273471488_n.jpg?resize=420%2C280&amp;ssl=1 420w, https:\/\/i0.wp.com\/www.courzyvite.run\/blog\/wp-content\/uploads\/2018\/11\/34463913_645002795843577_7653938180273471488_n.jpg?resize=768%2C512&amp;ssl=1 768w\" sizes=\"auto, (max-width: 860px) 100vw, 860px\" \/><\/strong>10\u00e8me \u00e9dition de l\u2019Arbarine, 3 juin 2018.<br \/>\n30 km.<br \/>\nUn km au-dessus du col du Grand Cucheron, sur la cr\u00eate sommitale des Hurti\u00e8res (km 7).<br \/>\n\u2013 Dossard 348 :\u00a0<strong>Didier Lore<\/strong> (Saint-Martin-sur-la-Chambre), 58\u00e8me ex aequo (20\u00e8me M1) en 5h49\u201913.<br \/>\n\u2013 Dossard 347 :\u00a0<strong>Sylvie\u00a0Lore<\/strong> (Union Athl\u00e9tique de Maurienne), 12\u00e8me femme (2\u00e8me M2, 58\u00e8me ex aequo au scratch) en 5h49\u201913.<br \/>\nClich\u00e9 du\u00a0<strong>Comit\u00e9 des F\u00eates de Saint-Alban-d\u2019Hurti\u00e8res<\/strong>.<a href=\"https:\/\/i0.wp.com\/www.courzyvite.run\/blog\/wp-content\/uploads\/2018\/11\/34585037_644632029213987_4101823583066521600_n-e1541968716835.jpg?ssl=1\"><img data-recalc-dims=\"1\" loading=\"lazy\" decoding=\"async\" class=\"aligncenter wp-image-19793 size-full\" src=\"https:\/\/i0.wp.com\/www.courzyvite.run\/blog\/wp-content\/uploads\/2018\/11\/34585037_644632029213987_4101823583066521600_n-e1541968716835.jpg?resize=860%2C489&#038;ssl=1\" alt=\"\" width=\"860\" height=\"489\" \/><\/a>10\u00e8me \u00e9dition de l\u2019Arbarine, 3 juin 2018.<br \/>\n20 km.<br \/>\nUn km au-dessus du col du Grand Cucheron, sur la cr\u00eate sommitale des Hurti\u00e8res (km 7).<br \/>\n&#8211; Dossard 31 : <strong>Beno\u00eet Amiot<\/strong>\u00a0(Grenoble), 4\u00e8me (2\u00e8me senior) en 2h22\u201938.<br \/>\n&#8211; Dossard 17 : <strong>Matis Leray<\/strong>\u00a0(Team Terre de Running Albertville), vainqueur (1er junior) en 2h13\u201958.<br \/>\nClich\u00e9 du\u00a0<strong>Comit\u00e9 des F\u00eates de Saint-Alban-d\u2019Hurti\u00e8res<\/strong>.<\/p>\n","protected":false},"excerpt":{"rendered":"<p>Apr\u00e8s dix ans de mariage avec le trail de l\u2019Arbarine, et malgr\u00e9 la menace encourue sur leur idylle, l\u2019aventure continue, et plus que jamais, pour tous les b\u00e9n\u00e9voles du Comit\u00e9 des F\u00eates de Saint-Alban-d\u2019Hurti\u00e8res. Une excellente nouvelle qui, de toute \u00e9vidence, ravira ces hommes et ces femmes qui n\u2019ont jamais m\u00e9nag\u00e9 leurs efforts pour orchestrer une manifestation parfaitement rod\u00e9e. En sera \u00e9galement enchant\u00e9e la communaut\u00e9 des trailers, en particulier les [&#8230;]<\/p>\n","protected":false},"author":2,"featured_media":19793,"comment_status":"closed","ping_status":"closed","sticky":false,"template":"","format":"standard","meta":{"advanced_seo_description":"","jetpack_seo_html_title":"","jetpack_seo_noindex":false,"_jetpack_memberships_contains_paid_content":false,"footnotes":"","jetpack_publicize_message":"L\u2019ARBARINE RESPIRE DE NOUVEAU A PLEINS POUMONS\u00a0! \/ 09-11-","jetpack_publicize_feature_enabled":true,"jetpack_social_post_already_shared":true,"jetpack_social_options":{"image_generator_settings":{"template":"highway","default_image_id":0,"font":"","enabled":false},"version":2}},"categories":[13,15],"tags":[11],"class_list":["post-19777","post","type-post","status-publish","format-standard","has-post-thumbnail","hentry","category-presentations-des-courses","category-savoie","tag-news"],"views":4582,"jetpack_publicize_connections":[],"jetpack_featured_media_url":"https:\/\/i0.wp.com\/www.courzyvite.run\/blog\/wp-content\/uploads\/2018\/11\/34585037_644632029213987_4101823583066521600_n-e1541968716835.jpg?fit=957%2C544&ssl=1","jetpack_shortlink":"https:\/\/wp.me\/p7PZ3h-58Z","jetpack_sharing_enabled":true,"_links":{"self":[{"href":"https:\/\/www.courzyvite.run\/blog\/wp-json\/wp\/v2\/posts\/19777","targetHints":{"allow":["GET"]}}],"collection":[{"href":"https:\/\/www.courzyvite.run\/blog\/wp-json\/wp\/v2\/posts"}],"about":[{"href":"https:\/\/www.courzyvite.run\/blog\/wp-json\/wp\/v2\/types\/post"}],"author":[{"embeddable":true,"href":"https:\/\/www.courzyvite.run\/blog\/wp-json\/wp\/v2\/users\/2"}],"replies":[{"embeddable":true,"href":"https:\/\/www.courzyvite.run\/blog\/wp-json\/wp\/v2\/comments?post=19777"}],"version-history":[{"count":0,"href":"https:\/\/www.courzyvite.run\/blog\/wp-json\/wp\/v2\/posts\/19777\/revisions"}],"wp:featuredmedia":[{"embeddable":true,"href":"https:\/\/www.courzyvite.run\/blog\/wp-json\/wp\/v2\/media\/19793"}],"wp:attachment":[{"href":"https:\/\/www.courzyvite.run\/blog\/wp-json\/wp\/v2\/media?parent=19777"}],"wp:term":[{"taxonomy":"category","embeddable":true,"href":"https:\/\/www.courzyvite.run\/blog\/wp-json\/wp\/v2\/categories?post=19777"},{"taxonomy":"post_tag","embeddable":true,"href":"https:\/\/www.courzyvite.run\/blog\/wp-json\/wp\/v2\/tags?post=19777"}],"curies":[{"name":"wp","href":"https:\/\/api.w.org\/{rel}","templated":true}]}}