{"id":1350,"date":"2014-10-18T20:55:30","date_gmt":"2014-10-18T18:55:30","guid":{"rendered":"https:\/\/www.courzyvite.run\/blog\/?p=1350"},"modified":"2020-04-04T12:59:37","modified_gmt":"2020-04-04T10:59:37","slug":"resultats-commentaires-et-photos-du-trail-du-vuache-19-10-14","status":"publish","type":"post","link":"https:\/\/www.courzyvite.run\/blog\/2014\/10\/18\/resultats-commentaires-et-photos-du-trail-du-vuache-19-10-14\/","title":{"rendered":"RESULTATS, COMMENTAIRES ET PHOTOS DU TRAIL DU VUACHE \/ 19-10-14"},"content":{"rendered":"<p><strong>PREMIERES COURONNES POUR JEFFREY FLEURY ET MICHELLE LESERVOISIER !<\/strong><\/p>\n<p>Ce dimanche 19 octobre, avait lieu \u00e0 Vulbens, au c\u0153ur du Genevois haut-savoyard, le 1er Trail du Vuache, concoct\u00e9 par la MJC du Vuache. N\u2019exc\u00e9dant pas les 26,2km et les 700m de d\u00e9nivel\u00e9, le parcours bouclait le tour de la montagne du Vuache. Long de 14km pour 1,5 \u00e0 3km de large et culminant \u00e0 1105m d\u2019altitude, ce cha\u00eenon jurassien est s\u00e9par\u00e9 de la Haute Cha\u00eene du Jura par le spectaculaire d\u00e9fil\u00e9 de l\u2019Ecluse o\u00f9 zigzague le Rh\u00f4ne.<\/p>\n<p>Incontestablement, l\u2019engouement populaire a \u00e9t\u00e9 au rendez-vous, pas moins de 189 trailers paraphant leur engagement, ce qui n\u2019est pas rien pour une \u00e9dition princeps. La victoire est revenue en 1h51\u201930 au triathl\u00e8te <strong>Jeffrey Fleury<\/strong>, licenci\u00e9 \u00e0 Dijon Singletrack et qui soufflera le 28 octobre ses 28 bougies. Cet habitant du territoire bellegardien l\u2019emporte assez facilement, rel\u00e9guant \u00e0 5\u201923 <strong>S\u00e9bastien Buet<\/strong>, 29 ans, pensionnaire de l\u2019association cruseilloise Terres d\u2019Horizons et domicili\u00e9 \u00e0 Neydens. Preuve de leur h\u00e9g\u00e9monie, les deux hommes seront les seuls, sur les 163 finishers, \u00e0 descendre sous les 2h.<\/p>\n<p>Succ\u00e8s tout aussi ais\u00e9 pour la Saint-Juliennoise <strong>Michelle Leservoisier<\/strong> (La Foul\u00e9e d\u2019Annemasse et Jogg\u2019Attitude), qui totalise pourtant 49 printemps. Concluant en 42\u00e8me position au scratch en 2h24\u201927, elle pr\u00e9c\u00e8de de 5\u201919\u00a0<strong>Kimberly Strom<\/strong>,<strong>\u00a0<\/strong>une Am\u00e9ricaine de 33 ans install\u00e9e \u00e0 Challex. In fine, aucune autre dame ne terminera sous les 2h30.<\/p>\n<p>Nouvelle \u00e9tape dans son extraordinaire parcours, l\u2019ancienne gloire de la course de montagne (cinq s\u00e9lections en \u00e9quipe de France) et du marathon (une s\u00e9lection nationale, record en 2h38\u201911 en 2001 \u00e0 Paris) rejoindra l\u2019an prochain son \u00e9poux <strong>Patrick<\/strong> dans la cat\u00e9gorie V2 que lui-m\u00eame \u00e9trenne cette saison. Pr\u00e9sident-fondateur de<strong>\u00a0<\/strong>Jogg\u2019Attitude, celui-ci garde quant \u00e0 lui bon pied bon oeil en se classant 15\u00e8me au g\u00e9n\u00e9ral et 1er quinqua en 2h10\u201922. D\u2019ores et d\u00e9j\u00e0, on peut parier que la native d\u2019Avranches (pr\u00e8s du Mont-Saint-Michel) et son compagnon s\u2019emploieront \u00e0 repousser aux calendes grecques leurs retraites sportives !<\/p>\n<p><strong>F.V.<br \/>\n<\/strong><span style=\"color: #ffffff;\">.<\/span><br \/>\n<span style=\"color: #ffffff;\">.<\/span><strong style=\"font-size: 0.95em;\"><br \/>\n<\/strong><span style=\"color: #ffffff;\">.<\/span><strong><br \/>\nTOPS 5 :<\/strong><\/p>\n<p><strong>Scratch<\/strong>\u00a0(189 inscrits, 163 class\u00e9s)\u00a0:<br \/>\n\u2013 1er (1er senior)\u00a0:\u00a0<strong>Jeffrey Fleury<\/strong>\u00a0(Dijon Singletrack) en 1h51\u201930.<br \/>\n\u2013 2\u00e8me (2\u00e8me senior)\u00a0:\u00a0<strong>S\u00e9bastien Buet<\/strong>\u00a0(Terres d\u2019Horizons) en 1h56\u201953.<br \/>\n\u2013 3\u00e8me (3\u00e8me senior)\u00a0:\u00a0<strong>Pierre Catry<\/strong>\u00a0(Beaumont) en 2h02\u201939.<br \/>\n\u2013 4\u00e8me (4\u00e8me senior)\u00a0: <strong>Marc Clermidy<\/strong>\u00a0(Saint-Julien-en-Genevois) en 2h04\u201909.<br \/>\n\u2013 5\u00e8me (5\u00e8me senior)\u00a0: <strong>C\u00e9dric Delachenal\u00a0<\/strong>(Team Les Panards Migros Gen\u00e8ve et V\u00e9lo-Club Saint-Julien) en 2h04\u201910.<\/p>\n<p><strong>Femmes<\/strong>\u00a0(27 class\u00e9es)\u00a0:<br \/>\n\u2013 1\u00e8re (1\u00e8re V1, 42\u00e8me ex aequo au scratch)\u00a0:\u00a0<strong>Michelle Leservoisier<\/strong>\u00a0(La Foul\u00e9e d\u2019Annemasse, section de l\u2019Entente Athl\u00e9tique de l\u2019Arve ; Jogg\u2019Attitude) en 2h24\u201927.<br \/>\n\u2013 2\u00e8me (1\u00e8re senior, 48\u00e8me au scratch)\u00a0:\u00a0<strong>Kimberly Strom<\/strong>\u00a0(Etats-Unis, Challex) en 2h29\u201946.<br \/>\n\u2013 3\u00e8me (2\u00e8me senior, 52\u00e8me au scratch)\u00a0:\u00a0<strong>Cyrielle Baroni<\/strong>\u00a0(Les Lacets du Lizon) en 2h31\u201911.<br \/>\n\u2013 4\u00e8me (3\u00e8me senior, 61\u00e8me au scratch)\u00a0: <strong>Lucie Massard<\/strong> (Ain-Est Athl\u00e9tisme Saint-Genis) en 2h34\u201948.<br \/>\n\u2013 5\u00e8me (4\u00e8me senior, 74\u00e8me au scratch)\u00a0:<strong> Adrienne Charpiot\u00a0<\/strong>(TraiL\u00e9man) en 2h39\u201953.<br \/>\n<span style=\"color: #ffffff;\">.<\/span><br \/>\n<span style=\"color: #ffffff;\">.<\/span><strong style=\"font-size: 0.95em;\"><br \/>\n<\/strong><span style=\"color: #ffffff;\">.<\/span><strong><br \/>\nRESULTATS COMPLETS :<\/strong><\/p>\n<p>Ils figurent sur le site Web Courir.free.fr :<br \/>\n<a href=\"http:\/\/courses.free.fr\/div\/resu.php?id=27&amp;annee=2014&amp;n=0\">http:\/\/courses.free.fr\/div\/resu.php?id=27&amp;annee=2014&amp;n=0<\/a><br \/>\n<span style=\"color: #ffffff;\">.<\/span><br \/>\n<span style=\"color: #ffffff;\">.<\/span><strong style=\"font-size: 0.95em;\"><br \/>\n<\/strong><span style=\"color: #ffffff;\">.<\/span><strong><br \/>\nPHOTOS :<br \/>\n<\/strong><span style=\"font-size: 0.95em;\"><span style=\"color: #ffffff;\">.<\/span><br \/>\n<span style=\"color: #ffffff;\">.<\/span><br \/>\n<\/span>Le Feig\u00e8rois\u00a0<strong>Jacques\u00a0Cusin\u00a0alias\u00a0Ti\u2019Jacques<\/strong>\u00a0a ramen\u00e9 de Vulbens un\u00a0tr\u00e8s joli\u00a0reportage. Il a \u00e9t\u00e9 efficacement \u00e9paul\u00e9 par son fr\u00e8re\u00a0<strong>Gabriel\u00a0dit\u00a0Gaby<\/strong>.<br \/>\nLa totalit\u00e9 des images, au nombre de 91, enrichit le compte Google de Ti\u2019Jacques\u00a0:<span style=\"font-size: 0.95em;\"><br \/>\n<\/span><a href=\"https:\/\/plus.google.com\/photos\/102601354486586649709\/albums\/6071899996916752609\">https:\/\/plus.google.com\/photos\/102601354486586649709\/albums\/6071899996916752609<\/a><\/p>\n<p>Ci-dessous, vous trouverez 5 de leurs clich\u00e9s, plac\u00e9es dans l\u2019ordre chronologique et assortis de l\u00e9gendes.<br \/>\n<span style=\"font-size: 0.95em;\"><span style=\"color: #ffffff;\">.<\/span><br \/>\n<span style=\"color: #ffffff;\">.<\/span><br \/>\n<\/span>Le Saint-Juliennois <strong>Jean-Claude Delachenal\u00a0<\/strong>n\u2019a pas \u00e9t\u00e9 en reste. Infra, vous pourrez admirer 12 de ses images, prises au d\u00e9part et \u00e0 l\u2019arriv\u00e9e. Elles sont plac\u00e9es dans l\u2019ordre de passage des coureurs et assortis de l\u00e9gendes.<br \/>\n<span style=\"font-size: 0.95em;\"><span style=\"color: #ffffff;\">.<\/span><br \/>\n<span style=\"color: #ffffff;\">.<\/span><br \/>\nQue tous les trois en soient bien s\u00fbr remerci\u00e9s !<\/span><\/p>\n<p><a href=\"https:\/\/i0.wp.com\/www.trail-running-savoie.fr\/wp-content\/uploads\/2014\/10\/20141019_085616.jpg\"><img data-recalc-dims=\"1\" loading=\"lazy\" decoding=\"async\" class=\"wp-image-1365 aligncenter\" src=\"https:\/\/i0.wp.com\/www.courzyvite.run\/blog\/wp-content\/uploads\/2016\/10\/20141019_085616.jpg?resize=860%2C645\" alt=\"20141019_085616\" width=\"860\" height=\"645\" srcset=\"https:\/\/i0.wp.com\/www.courzyvite.run\/blog\/wp-content\/uploads\/2016\/10\/20141019_085616.jpg?w=913&amp;ssl=1 913w, https:\/\/i0.wp.com\/www.courzyvite.run\/blog\/wp-content\/uploads\/2016\/10\/20141019_085616.jpg?resize=300%2C225&amp;ssl=1 300w, https:\/\/i0.wp.com\/www.courzyvite.run\/blog\/wp-content\/uploads\/2016\/10\/20141019_085616.jpg?resize=768%2C576&amp;ssl=1 768w\" sizes=\"auto, (max-width: 860px) 100vw, 860px\" \/><\/a>1\u00e8re \u00e9dition du Trail du Vuache,\u00a019 octobre 2014.<br \/>\nAvant le d\u00e9part.<br \/>\n\u2013 1er \u00e0 partir de la gauche, avec un mailot blanc : <strong>Antoine Menez<\/strong> (Sallanches), 68\u00e8me (28\u00e8me senior) en 2h37\u201949.<br \/>\n\u2013 2\u00e8me \u00e0 partir de la gauche, avec un maillot bleu : <strong>Olivier Cochet<\/strong> (Athl\u00e9 Saint-Julien 74), 17\u00e8me (2\u00e8me V2) en 2h12\u201942.<br \/>\n\u2013 Dossard 530, en grande partie masqu\u00e9 : <strong>C\u00e9dric Delachenal<\/strong> (Team Les Panards Migros Gen\u00e8ve et V\u00e9lo-Club Saint-Julien),\u00a0fils de notre photographe\u00a0<strong>Jean-Claude<\/strong>, 5\u00e8me (5\u00e8me senior) en 2h04\u201910.<br \/>\n\u2013 Dossard 685 :<strong>\u00a0Philippe Humbert <\/strong>(Antilopes des Sons),\u00a071\u00e8me (23\u00e8me V1) en 2h39\u201928.<br \/>\n\u2013 Dossard 680 :<strong> Denis Bossonney <\/strong>(Athl\u00e9 Saint-Julien 74), 29\u00e8me (4\u00e8me V2) en 2h17\u201947.<br \/>\n\u2013 A droite de Denis :<strong> Jacques Cusin<\/strong> (TraiL\u00e9man), accouru en tant que photographe.<br \/>\nClich\u00e9 de <strong>Gabriel Cusin<\/strong>.<a href=\"http:\/\/www.trail-running-savoie.fr\/wp-content\/uploads\/2014\/10\/Depart.jpg\"><br \/>\n<\/a><img data-recalc-dims=\"1\" loading=\"lazy\" decoding=\"async\" class=\"aligncenter wp-image-1364\" src=\"https:\/\/i0.wp.com\/www.courzyvite.run\/blog\/wp-content\/uploads\/2016\/10\/Depart-1024x664.jpg?resize=860%2C558\" alt=\"depart-1024x664\" width=\"860\" height=\"558\" srcset=\"https:\/\/i0.wp.com\/www.courzyvite.run\/blog\/wp-content\/uploads\/2016\/10\/Depart-1024x664.jpg?resize=1024%2C664&amp;ssl=1 1024w, https:\/\/i0.wp.com\/www.courzyvite.run\/blog\/wp-content\/uploads\/2016\/10\/Depart-1024x664.jpg?resize=300%2C195&amp;ssl=1 300w, https:\/\/i0.wp.com\/www.courzyvite.run\/blog\/wp-content\/uploads\/2016\/10\/Depart-1024x664.jpg?resize=768%2C498&amp;ssl=1 768w\" sizes=\"auto, (max-width: 860px) 100vw, 860px\" \/>1\u00e8re \u00e9dition du Trail du Vuache,\u00a019 octobre 2014.<br \/>\nD\u00e9part.<br \/>\n\u2013 Dossard 629\u00a0: <strong>Antoine Menez<\/strong>\u00a0(Sallanches), 68\u00e8me (28\u00e8me senior) en 2h37\u201949.<br \/>\n\u2013 Dossard 530\u00a0: <strong>C\u00e9dric Delachenal<\/strong>\u00a0(Team Les Panards Migros Gen\u00e8ve et V\u00e9lo-Club Saint-Julien),\u00a05\u00e8me (5\u00e8me senior) en 2h04\u201910.<br \/>\n\u2013 Dossard 672\u00a0: <strong>Damien Vidale<\/strong> (Seyssel (Haute-Savoie)), 18\u00e8me (1er espoir) en 2h12\u201945.<br \/>\n\u2013 Dossard 667\u00a0: <strong>Didier Hardy<\/strong> (Cran-Gevrier), 121\u00e8me (21\u00e8me V2) en 2h57\u201922.<br \/>\n\u2013 A droite de Didier, avec des lunettes de soleil\u00a0: <strong>Jeffrey Fleury<\/strong>\u00a0(Dijon Singletrack), 1er (1er senior) en 1h51\u201930.<br \/>\n\u2013 Derri\u00e8re Jeffrey, avec un maillot bleu\u00a0: <strong>Denis Bossonney<\/strong><strong>\u00a0<\/strong>(Athl\u00e9 Saint-Julien 74), 29\u00e8me (4\u00e8me V2) en 2h17\u201947.<br \/>\n\u2013 Derri\u00e8re et \u00e0 gauche de Denis, avec un maillot bleu :\u00a0<strong>Patrick Rod<\/strong> (Athl\u00e9 Saint-Julien 74), 9\u00e8me (2\u00e8me V1) en 2h06\u201905.<br \/>\n\u2013 Dossard 670\u00a0: <strong>Marc Clermidy<\/strong> (Saint-Julien-en-Genevois), 4\u00e8me (4\u00e8me senior) en 2h04\u201909.<br \/>\n\u2013 Dossard 671\u00a0: <strong>Lionel Paroisse<\/strong> (Franclens), 64\u00e8me (26\u00e8me senior) en 2h36\u201950.<br \/>\n\u2013 Dossard 521\u00a0:<strong> Fabien Louvion<\/strong> (Arve Athl\u00e9tisme Bonneville Pays Rochois, section de l\u2019Entente Athl\u00e9tique de l\u2019Arve), 7\u00e8me (6\u00e8me senior) en 2h05\u201922.<br \/>\n\u2013 Dossard commen\u00e7ant par 51\u00a0: le Suisse <strong>Fabien Wolf<\/strong> (Capax Everest Crew), 8\u00e8me (7\u00e8me senior) en 2h05\u201957.<br \/>\nClich\u00e9 de <strong>Jean-Claude Delachenal<\/strong>.<a href=\"http:\/\/www.trail-running-savoie.fr\/wp-content\/uploads\/2014\/10\/20141019_100441.jpg\"><br \/>\n<\/a><img data-recalc-dims=\"1\" loading=\"lazy\" decoding=\"async\" class=\"aligncenter wp-image-1366\" src=\"https:\/\/i0.wp.com\/www.courzyvite.run\/blog\/wp-content\/uploads\/2016\/10\/20141019_100441.jpg?resize=860%2C645\" alt=\"20141019_100441\" width=\"860\" height=\"645\" srcset=\"https:\/\/i0.wp.com\/www.courzyvite.run\/blog\/wp-content\/uploads\/2016\/10\/20141019_100441.jpg?w=913&amp;ssl=1 913w, https:\/\/i0.wp.com\/www.courzyvite.run\/blog\/wp-content\/uploads\/2016\/10\/20141019_100441.jpg?resize=300%2C225&amp;ssl=1 300w, https:\/\/i0.wp.com\/www.courzyvite.run\/blog\/wp-content\/uploads\/2016\/10\/20141019_100441.jpg?resize=768%2C576&amp;ssl=1 768w\" sizes=\"auto, (max-width: 860px) 100vw, 860px\" \/>1\u00e8re \u00e9dition du Trail du Vuache,\u00a019 octobre 2014.<br \/>\nL\u2019Andillien<strong> Philippe Humbert<\/strong> (Antilopes des Sons) en galante compagnie, en l\u2019occurrence celle de la Haut-Jurassienne <strong>Cyrielle Baroni<\/strong> (Les Lacets du Lizon).<br \/>\nCyrielle se classera au 3\u00e8me rang f\u00e9minin (2\u00e8me senior, 52\u00e8me au scratch) en 2h31\u201911. De son c\u00f4t\u00e9, Philippe finira 71\u00e8me (23\u00e8me V1) en 2h39\u201928.<br \/>\nClich\u00e9 des fr\u00e8res <strong>Gabriel<\/strong> et <strong>Jacques\u00a0Cusin<\/strong>.<a href=\"http:\/\/www.trail-running-savoie.fr\/wp-content\/uploads\/2014\/10\/20141019_100955.jpg\"><br \/>\n<\/a><img data-recalc-dims=\"1\" loading=\"lazy\" decoding=\"async\" class=\"aligncenter wp-image-1367\" src=\"https:\/\/i0.wp.com\/www.courzyvite.run\/blog\/wp-content\/uploads\/2016\/10\/20141019_100955.jpg?resize=860%2C645\" alt=\"20141019_100955\" width=\"860\" height=\"645\" srcset=\"https:\/\/i0.wp.com\/www.courzyvite.run\/blog\/wp-content\/uploads\/2016\/10\/20141019_100955.jpg?w=913&amp;ssl=1 913w, https:\/\/i0.wp.com\/www.courzyvite.run\/blog\/wp-content\/uploads\/2016\/10\/20141019_100955.jpg?resize=300%2C225&amp;ssl=1 300w, https:\/\/i0.wp.com\/www.courzyvite.run\/blog\/wp-content\/uploads\/2016\/10\/20141019_100955.jpg?resize=768%2C576&amp;ssl=1 768w\" sizes=\"auto, (max-width: 860px) 100vw, 860px\" \/>1\u00e8re \u00e9dition du Trail du Vuache,\u00a019 octobre 2014.<strong><br \/>\nChristine P\u00e9c\u00e9<\/strong>\u00a0(Amicourse), 7\u00e8me femme (2\u00e8me V1, 88\u00e8me au scratch) en 2h43\u201916.<br \/>\nClich\u00e9 des fr\u00e8res <strong>Gabriel<\/strong> et <strong>Jacques\u00a0Cusin<\/strong>.<a href=\"http:\/\/www.trail-running-savoie.fr\/wp-content\/uploads\/2014\/10\/1er.jpg\"><br \/>\n<\/a><a href=\"https:\/\/i0.wp.com\/www.trail-running-savoie.fr\/wp-content\/uploads\/2014\/10\/1er.jpg\"><img data-recalc-dims=\"1\" loading=\"lazy\" decoding=\"async\" class=\"wp-image-1351 aligncenter\" src=\"https:\/\/i0.wp.com\/www.courzyvite.run\/blog\/wp-content\/uploads\/2016\/10\/1er.jpg?resize=465%2C700\" alt=\"1er\" width=\"465\" height=\"700\" srcset=\"https:\/\/i0.wp.com\/www.courzyvite.run\/blog\/wp-content\/uploads\/2016\/10\/1er.jpg?w=1440&amp;ssl=1 1440w, https:\/\/i0.wp.com\/www.courzyvite.run\/blog\/wp-content\/uploads\/2016\/10\/1er.jpg?resize=199%2C300&amp;ssl=1 199w, https:\/\/i0.wp.com\/www.courzyvite.run\/blog\/wp-content\/uploads\/2016\/10\/1er.jpg?resize=768%2C1156&amp;ssl=1 768w, https:\/\/i0.wp.com\/www.courzyvite.run\/blog\/wp-content\/uploads\/2016\/10\/1er.jpg?resize=680%2C1024&amp;ssl=1 680w\" sizes=\"auto, (max-width: 465px) 100vw, 465px\" \/><\/a><span style=\"color: #000000;\">1\u00e8re \u00e9dition du Trail du Vuache, 19 octobre 2014.<br \/>\nArriv\u00e9e.<\/span><strong><br \/>\n<\/strong><strong>Jeffrey Fleury<\/strong>\u00a0(Dijon Singletrack), 1er (1er senior) en 1h51\u201930.<br \/>\nClich\u00e9 de <strong>Jean-Claude Delachenal<\/strong>.<a href=\"http:\/\/www.trail-running-savoie.fr\/wp-content\/uploads\/2014\/10\/2eme.jpg\"><br \/>\n<\/a><img data-recalc-dims=\"1\" loading=\"lazy\" decoding=\"async\" class=\"wp-image-1352 aligncenter\" src=\"https:\/\/i0.wp.com\/www.courzyvite.run\/blog\/wp-content\/uploads\/2016\/10\/2eme.jpg?resize=465%2C700\" alt=\"2eme\" width=\"465\" height=\"700\" srcset=\"https:\/\/i0.wp.com\/www.courzyvite.run\/blog\/wp-content\/uploads\/2016\/10\/2eme.jpg?w=1440&amp;ssl=1 1440w, https:\/\/i0.wp.com\/www.courzyvite.run\/blog\/wp-content\/uploads\/2016\/10\/2eme.jpg?resize=199%2C300&amp;ssl=1 199w, https:\/\/i0.wp.com\/www.courzyvite.run\/blog\/wp-content\/uploads\/2016\/10\/2eme.jpg?resize=768%2C1156&amp;ssl=1 768w, https:\/\/i0.wp.com\/www.courzyvite.run\/blog\/wp-content\/uploads\/2016\/10\/2eme.jpg?resize=680%2C1024&amp;ssl=1 680w\" sizes=\"auto, (max-width: 465px) 100vw, 465px\" \/>1\u00e8re \u00e9dition du Trail du Vuache,\u00a019 octobre 2014.<br \/>\nArriv\u00e9e.<br \/>\n<strong>S\u00e9bastien Buet<\/strong>\u00a0(Terres d\u2019Horizons), 2\u00e8me (2\u00e8me senior) en 1h56\u201953.<br \/>\nClich\u00e9 de <strong>Jean-Claude Delachenal<\/strong>.<a href=\"http:\/\/www.trail-running-savoie.fr\/wp-content\/uploads\/2014\/10\/3eme.jpg\"><br \/>\n<\/a><img data-recalc-dims=\"1\" loading=\"lazy\" decoding=\"async\" class=\"wp-image-1353 aligncenter\" src=\"https:\/\/i0.wp.com\/www.courzyvite.run\/blog\/wp-content\/uploads\/2016\/10\/3eme.jpg?resize=465%2C700\" alt=\"3eme\" width=\"465\" height=\"700\" srcset=\"https:\/\/i0.wp.com\/www.courzyvite.run\/blog\/wp-content\/uploads\/2016\/10\/3eme.jpg?w=1440&amp;ssl=1 1440w, https:\/\/i0.wp.com\/www.courzyvite.run\/blog\/wp-content\/uploads\/2016\/10\/3eme.jpg?resize=199%2C300&amp;ssl=1 199w, https:\/\/i0.wp.com\/www.courzyvite.run\/blog\/wp-content\/uploads\/2016\/10\/3eme.jpg?resize=768%2C1156&amp;ssl=1 768w, https:\/\/i0.wp.com\/www.courzyvite.run\/blog\/wp-content\/uploads\/2016\/10\/3eme.jpg?resize=680%2C1024&amp;ssl=1 680w\" sizes=\"auto, (max-width: 465px) 100vw, 465px\" \/>1\u00e8re \u00e9dition du Trail du Vuache,\u00a019 octobre 2014.<br \/>\nArriv\u00e9e.<br \/>\n<strong>Pierre Catry<\/strong>\u00a0(Beaumont), 3\u00e8me (3\u00e8me senior) en 2h02\u201939.<br \/>\nClich\u00e9 de <strong>Jean-Claude Delachenal<\/strong>.<a href=\"http:\/\/www.trail-running-savoie.fr\/wp-content\/uploads\/2014\/10\/4eme-et-5eme.jpg\"><br \/>\n<\/a><img data-recalc-dims=\"1\" loading=\"lazy\" decoding=\"async\" class=\"wp-image-1354 aligncenter\" src=\"https:\/\/i0.wp.com\/www.courzyvite.run\/blog\/wp-content\/uploads\/2016\/10\/4eme-et-5eme.jpg?resize=465%2C700\" alt=\"4eme-et-5eme\" width=\"465\" height=\"700\" srcset=\"https:\/\/i0.wp.com\/www.courzyvite.run\/blog\/wp-content\/uploads\/2016\/10\/4eme-et-5eme.jpg?w=1680&amp;ssl=1 1680w, https:\/\/i0.wp.com\/www.courzyvite.run\/blog\/wp-content\/uploads\/2016\/10\/4eme-et-5eme.jpg?resize=199%2C300&amp;ssl=1 199w, https:\/\/i0.wp.com\/www.courzyvite.run\/blog\/wp-content\/uploads\/2016\/10\/4eme-et-5eme.jpg?resize=768%2C1156&amp;ssl=1 768w, https:\/\/i0.wp.com\/www.courzyvite.run\/blog\/wp-content\/uploads\/2016\/10\/4eme-et-5eme.jpg?resize=680%2C1024&amp;ssl=1 680w\" sizes=\"auto, (max-width: 465px) 100vw, 465px\" \/>1\u00e8re \u00e9dition du Trail du Vuache,\u00a019 octobre 2014.<br \/>\nArriv\u00e9e.<br \/>\n\u2013 Dossard\u00a0670 : <strong>Marc Clermidy<\/strong> (Saint-Julien-en-Genevois), 4\u00e8me (4\u00e8me senior) en 2h04\u201909.<br \/>\n\u2013 Dossard\u00a0530 :<strong> C\u00e9dric Delachenal<\/strong>\u00a0(Team Les Panards Migros Gen\u00e8ve et V\u00e9lo-Club de Saint-Julien),\u00a05\u00e8me (5\u00e8me senior) en 2h04\u201910.<br \/>\nClich\u00e9 de <strong>Jean-Claude Delachenal<\/strong>.<br \/>\n<img data-recalc-dims=\"1\" loading=\"lazy\" decoding=\"async\" class=\"wp-image-1355 aligncenter\" src=\"https:\/\/i0.wp.com\/www.courzyvite.run\/blog\/wp-content\/uploads\/2016\/10\/6eme.jpg?resize=465%2C700\" alt=\"6eme\" width=\"465\" height=\"700\" srcset=\"https:\/\/i0.wp.com\/www.courzyvite.run\/blog\/wp-content\/uploads\/2016\/10\/6eme.jpg?w=1440&amp;ssl=1 1440w, https:\/\/i0.wp.com\/www.courzyvite.run\/blog\/wp-content\/uploads\/2016\/10\/6eme.jpg?resize=199%2C300&amp;ssl=1 199w, https:\/\/i0.wp.com\/www.courzyvite.run\/blog\/wp-content\/uploads\/2016\/10\/6eme.jpg?resize=768%2C1156&amp;ssl=1 768w, https:\/\/i0.wp.com\/www.courzyvite.run\/blog\/wp-content\/uploads\/2016\/10\/6eme.jpg?resize=680%2C1024&amp;ssl=1 680w\" sizes=\"auto, (max-width: 465px) 100vw, 465px\" \/>1\u00e8re \u00e9dition du Trail du Vuache,\u00a019 octobre 2014.<br \/>\nArriv\u00e9e.<br \/>\n<strong>C\u00e9dric Musti\u00e8re<\/strong> (Club Nautique Pontarlier Triathlon), 6\u00e8me (1er V1) en 2h04\u201954.<br \/>\nClich\u00e9 de <strong>Jean-Claude Delachenal<\/strong>.<a href=\"http:\/\/www.trail-running-savoie.fr\/wp-content\/uploads\/2014\/10\/7eme.jpg\"><br \/>\n<\/a><a href=\"https:\/\/i0.wp.com\/www.trail-running-savoie.fr\/wp-content\/uploads\/2014\/10\/7eme.jpg\"><img data-recalc-dims=\"1\" loading=\"lazy\" decoding=\"async\" class=\"aligncenter wp-image-1356\" src=\"https:\/\/i0.wp.com\/www.courzyvite.run\/blog\/wp-content\/uploads\/2016\/10\/7eme-1.jpg?resize=465%2C700\" alt=\"7eme-1\" width=\"465\" height=\"700\" srcset=\"https:\/\/i0.wp.com\/www.courzyvite.run\/blog\/wp-content\/uploads\/2016\/10\/7eme-1.jpg?w=1440&amp;ssl=1 1440w, https:\/\/i0.wp.com\/www.courzyvite.run\/blog\/wp-content\/uploads\/2016\/10\/7eme-1.jpg?resize=199%2C300&amp;ssl=1 199w, https:\/\/i0.wp.com\/www.courzyvite.run\/blog\/wp-content\/uploads\/2016\/10\/7eme-1.jpg?resize=768%2C1156&amp;ssl=1 768w, https:\/\/i0.wp.com\/www.courzyvite.run\/blog\/wp-content\/uploads\/2016\/10\/7eme-1.jpg?resize=680%2C1024&amp;ssl=1 680w\" sizes=\"auto, (max-width: 465px) 100vw, 465px\" \/><\/a>1\u00e8re \u00e9dition du Trail du Vuache,\u00a019 octobre 2014.<br \/>\nA l\u2019arriv\u00e9e.<br \/>\n<strong>Fabien Louvion<\/strong> (Arve Athl\u00e9tisme Bonneville Pays Rochois, section de l\u2019Entente Athl\u00e9tique de l\u2019Arve), 7\u00e8me (6\u00e8me senior) en 2h05\u201922.<br \/>\nClich\u00e9 de <strong>Jean-Claude Delachenal<\/strong>.<br \/>\n<img data-recalc-dims=\"1\" loading=\"lazy\" decoding=\"async\" class=\"wp-image-1357 aligncenter\" src=\"https:\/\/i0.wp.com\/www.courzyvite.run\/blog\/wp-content\/uploads\/2016\/10\/8eme.jpg?resize=465%2C700\" alt=\"8eme\" width=\"465\" height=\"700\" srcset=\"https:\/\/i0.wp.com\/www.courzyvite.run\/blog\/wp-content\/uploads\/2016\/10\/8eme.jpg?w=1440&amp;ssl=1 1440w, https:\/\/i0.wp.com\/www.courzyvite.run\/blog\/wp-content\/uploads\/2016\/10\/8eme.jpg?resize=199%2C300&amp;ssl=1 199w, https:\/\/i0.wp.com\/www.courzyvite.run\/blog\/wp-content\/uploads\/2016\/10\/8eme.jpg?resize=768%2C1156&amp;ssl=1 768w, https:\/\/i0.wp.com\/www.courzyvite.run\/blog\/wp-content\/uploads\/2016\/10\/8eme.jpg?resize=680%2C1024&amp;ssl=1 680w\" sizes=\"auto, (max-width: 465px) 100vw, 465px\" \/>1\u00e8re \u00e9dition du Trail du Vuache,\u00a019 octobre 2014.<br \/>\nArriv\u00e9e.<br \/>\nLe Suisse <strong>Fabien Wolf<\/strong> (Capax Everest Crew), 8\u00e8me (7\u00e8me senior) en 2h05\u201957.<br \/>\nClich\u00e9 de <strong>Jean-Claude Delachenal<\/strong>.<a href=\"http:\/\/www.trail-running-savoie.fr\/wp-content\/uploads\/2014\/10\/9eme.jpg\"><br \/>\n<\/a><img data-recalc-dims=\"1\" loading=\"lazy\" decoding=\"async\" class=\"wp-image-1358 aligncenter\" src=\"https:\/\/i0.wp.com\/www.courzyvite.run\/blog\/wp-content\/uploads\/2016\/10\/9eme.jpg?resize=465%2C700\" alt=\"9eme\" width=\"465\" height=\"700\" srcset=\"https:\/\/i0.wp.com\/www.courzyvite.run\/blog\/wp-content\/uploads\/2016\/10\/9eme.jpg?w=1440&amp;ssl=1 1440w, https:\/\/i0.wp.com\/www.courzyvite.run\/blog\/wp-content\/uploads\/2016\/10\/9eme.jpg?resize=199%2C300&amp;ssl=1 199w, https:\/\/i0.wp.com\/www.courzyvite.run\/blog\/wp-content\/uploads\/2016\/10\/9eme.jpg?resize=768%2C1156&amp;ssl=1 768w, https:\/\/i0.wp.com\/www.courzyvite.run\/blog\/wp-content\/uploads\/2016\/10\/9eme.jpg?resize=680%2C1024&amp;ssl=1 680w\" sizes=\"auto, (max-width: 465px) 100vw, 465px\" \/>1\u00e8re \u00e9dition du Trail du Vuache,\u00a019 octobre 2014.<br \/>\nArriv\u00e9e.<br \/>\n<strong>Patrick Rod<\/strong> (Athl\u00e9 Saint-Julien 74), 9\u00e8me (2\u00e8me V1) en 2h06\u201905.<br \/>\nClich\u00e9 de <strong>Jean-Claude Delachenal<\/strong>.<br \/>\n<img data-recalc-dims=\"1\" loading=\"lazy\" decoding=\"async\" class=\"aligncenter wp-image-1359\" src=\"https:\/\/i0.wp.com\/www.courzyvite.run\/blog\/wp-content\/uploads\/2016\/10\/10eme.jpg?resize=465%2C700\" alt=\"10eme\" width=\"465\" height=\"700\" srcset=\"https:\/\/i0.wp.com\/www.courzyvite.run\/blog\/wp-content\/uploads\/2016\/10\/10eme.jpg?w=1440&amp;ssl=1 1440w, https:\/\/i0.wp.com\/www.courzyvite.run\/blog\/wp-content\/uploads\/2016\/10\/10eme.jpg?resize=199%2C300&amp;ssl=1 199w, https:\/\/i0.wp.com\/www.courzyvite.run\/blog\/wp-content\/uploads\/2016\/10\/10eme.jpg?resize=768%2C1156&amp;ssl=1 768w, https:\/\/i0.wp.com\/www.courzyvite.run\/blog\/wp-content\/uploads\/2016\/10\/10eme.jpg?resize=680%2C1024&amp;ssl=1 680w\" sizes=\"auto, (max-width: 465px) 100vw, 465px\" \/>1\u00e8re \u00e9dition du Trail du Vuache,\u00a019 octobre 2014.<br \/>\nArriv\u00e9e.<br \/>\n<strong>St\u00e9phane Agnoli <\/strong>(directeur de la Maxi-Race du Lac d\u2019Annecy), 10\u00e8me (8\u00e8me senior) en 2h06\u201951.<br \/>\nClich\u00e9 de <strong>Jean-Claude Delachenal<\/strong>.<a href=\"http:\/\/www.trail-running-savoie.fr\/wp-content\/uploads\/2014\/10\/15eme.jpg\"><br \/>\n<\/a><img data-recalc-dims=\"1\" loading=\"lazy\" decoding=\"async\" class=\"wp-image-1360 aligncenter\" src=\"https:\/\/i0.wp.com\/www.courzyvite.run\/blog\/wp-content\/uploads\/2016\/10\/15eme.jpg?resize=465%2C700\" alt=\"15eme\" width=\"465\" height=\"700\" srcset=\"https:\/\/i0.wp.com\/www.courzyvite.run\/blog\/wp-content\/uploads\/2016\/10\/15eme.jpg?w=1440&amp;ssl=1 1440w, https:\/\/i0.wp.com\/www.courzyvite.run\/blog\/wp-content\/uploads\/2016\/10\/15eme.jpg?resize=199%2C300&amp;ssl=1 199w, https:\/\/i0.wp.com\/www.courzyvite.run\/blog\/wp-content\/uploads\/2016\/10\/15eme.jpg?resize=768%2C1156&amp;ssl=1 768w, https:\/\/i0.wp.com\/www.courzyvite.run\/blog\/wp-content\/uploads\/2016\/10\/15eme.jpg?resize=680%2C1024&amp;ssl=1 680w\" sizes=\"auto, (max-width: 465px) 100vw, 465px\" \/>1\u00e8re \u00e9dition du Trail du Vuache,\u00a019 octobre 2014.<br \/>\nArriv\u00e9e.<br \/>\n<strong>Patrick<\/strong>\u00a0<strong>Leservoisier<\/strong> (Jogg\u2019Attitude), 15\u00e8me (1er V2) en 2h10\u201922.<br \/>\nClich\u00e9 de <strong>Jean-Claude Delachenal<\/strong>.<a href=\"http:\/\/www.trail-running-savoie.fr\/wp-content\/uploads\/2014\/10\/40eme.jpg\"><br \/>\n<\/a><img data-recalc-dims=\"1\" loading=\"lazy\" decoding=\"async\" class=\"aligncenter wp-image-1361\" src=\"https:\/\/i0.wp.com\/www.courzyvite.run\/blog\/wp-content\/uploads\/2016\/10\/40eme.jpg?resize=465%2C700\" alt=\"40eme\" width=\"465\" height=\"700\" srcset=\"https:\/\/i0.wp.com\/www.courzyvite.run\/blog\/wp-content\/uploads\/2016\/10\/40eme.jpg?w=1440&amp;ssl=1 1440w, https:\/\/i0.wp.com\/www.courzyvite.run\/blog\/wp-content\/uploads\/2016\/10\/40eme.jpg?resize=199%2C300&amp;ssl=1 199w, https:\/\/i0.wp.com\/www.courzyvite.run\/blog\/wp-content\/uploads\/2016\/10\/40eme.jpg?resize=768%2C1156&amp;ssl=1 768w, https:\/\/i0.wp.com\/www.courzyvite.run\/blog\/wp-content\/uploads\/2016\/10\/40eme.jpg?resize=680%2C1024&amp;ssl=1 680w\" sizes=\"auto, (max-width: 465px) 100vw, 465px\" \/>1\u00e8re \u00e9dition du Trail du Vuache,\u00a019 octobre 2014.<br \/>\nArriv\u00e9e.<br \/>\n<strong>Roger Lenourry<\/strong> (Chessenaz), 40\u00e8me (8\u00e8me V2) en 2h21\u201955.<br \/>\nClich\u00e9 de <strong>Jean-Claude Delachenal<\/strong>.<a href=\"http:\/\/www.trail-running-savoie.fr\/wp-content\/uploads\/2014\/10\/42eme.jpg\"><br \/>\n<\/a><img data-recalc-dims=\"1\" loading=\"lazy\" decoding=\"async\" class=\"aligncenter wp-image-1362\" src=\"https:\/\/i0.wp.com\/www.courzyvite.run\/blog\/wp-content\/uploads\/2016\/10\/42eme.jpg?resize=465%2C700\" alt=\"42eme\" width=\"465\" height=\"700\" srcset=\"https:\/\/i0.wp.com\/www.courzyvite.run\/blog\/wp-content\/uploads\/2016\/10\/42eme.jpg?w=1440&amp;ssl=1 1440w, https:\/\/i0.wp.com\/www.courzyvite.run\/blog\/wp-content\/uploads\/2016\/10\/42eme.jpg?resize=199%2C300&amp;ssl=1 199w, https:\/\/i0.wp.com\/www.courzyvite.run\/blog\/wp-content\/uploads\/2016\/10\/42eme.jpg?resize=768%2C1156&amp;ssl=1 768w, https:\/\/i0.wp.com\/www.courzyvite.run\/blog\/wp-content\/uploads\/2016\/10\/42eme.jpg?resize=680%2C1024&amp;ssl=1 680w\" sizes=\"auto, (max-width: 465px) 100vw, 465px\" \/>1\u00e8re \u00e9dition du Trail du Vuache,\u00a019 octobre 2014.<br \/>\nArriv\u00e9e.<br \/>\n\u2013 Dossard 645\u00a0:<strong> Jean Feireisen<\/strong> (conseiller municipal de Valleiry), 42\u00e8me ex aequo (21\u00e8me senior) en 2h24\u201927.<br \/>\n\u2013 A gauche\u00a0: <strong>Michelle Leservoisier<\/strong> (La Foul\u00e9e d\u2019Annemasse, section de l\u2019Entente Athl\u00e9tique de l\u2019Arve ; Jogg\u2019Attitude), \u00e9pouse de <strong>Patrick<\/strong>, 1\u00e8re femme (1\u00e8re V1, 42\u00e8me ex aequo au scratch) en 2h24\u201927.<br \/>\nClich\u00e9 de <strong>Jean-Claude Delachenal<\/strong>.<br \/>\n<img data-recalc-dims=\"1\" loading=\"lazy\" decoding=\"async\" class=\"size-full wp-image-44139 aligncenter\" src=\"https:\/\/i0.wp.com\/www.courzyvite.run\/blog\/wp-content\/uploads\/2014\/10\/P1100979.jpg?resize=860%2C645&#038;ssl=1\" alt=\"\" width=\"860\" height=\"645\" srcset=\"https:\/\/i0.wp.com\/www.courzyvite.run\/blog\/wp-content\/uploads\/2014\/10\/P1100979.jpg?w=913&amp;ssl=1 913w, https:\/\/i0.wp.com\/www.courzyvite.run\/blog\/wp-content\/uploads\/2014\/10\/P1100979.jpg?resize=420%2C315&amp;ssl=1 420w, https:\/\/i0.wp.com\/www.courzyvite.run\/blog\/wp-content\/uploads\/2014\/10\/P1100979.jpg?resize=768%2C576&amp;ssl=1 768w\" sizes=\"auto, (max-width: 860px) 100vw, 860px\" \/>1\u00e8re \u00e9dition du Trail du Vuache, 19 octobre 2014.<br \/>\nPodium scratch.<br \/>\n\u2013 A gauche :\u00a0<strong>S\u00e9bastien Buet<\/strong>\u00a0(Terres d\u2019Horizons), 2\u00e8me en 1h56\u201953.<br \/>\n\u2013 Au centre :\u00a0<strong>Jeffrey Fleury<\/strong>\u00a0(Dijon Singletrack), 1er en 1h51\u201930.<br \/>\n\u2013\u00a0A droite :<strong> Pierre Catry<\/strong>\u00a0(Beaumont), 3\u00e8me en 2h02\u201939.<br \/>\nClich\u00e9 des fr\u00e8res\u00a0<strong>Gabriel<\/strong>\u00a0et\u00a0<strong>Jacques\u00a0Cusin<\/strong>.<a href=\"http:\/\/www.trail-running-savoie.fr\/wp-content\/uploads\/2014\/10\/P1100975.jpg\"><br \/>\n<\/a><img data-recalc-dims=\"1\" loading=\"lazy\" decoding=\"async\" class=\"wp-image-1363 aligncenter\" src=\"https:\/\/i0.wp.com\/www.courzyvite.run\/blog\/wp-content\/uploads\/2016\/10\/P1100975.jpg?resize=525%2C700\" alt=\"p1100975\" width=\"525\" height=\"700\" srcset=\"https:\/\/i0.wp.com\/www.courzyvite.run\/blog\/wp-content\/uploads\/2016\/10\/P1100975.jpg?w=514&amp;ssl=1 514w, https:\/\/i0.wp.com\/www.courzyvite.run\/blog\/wp-content\/uploads\/2016\/10\/P1100975.jpg?resize=225%2C300&amp;ssl=1 225w\" sizes=\"auto, (max-width: 525px) 100vw, 525px\" \/>1\u00e8re \u00e9dition du Trail du Vuache, 19 octobre 2014.<br \/>\nPodium senior f\u00e9minin.<br \/>\n&#8211; A gauche :\u00a0<strong>Cyrielle Baroni<\/strong> (Les Lacets du Lizon), 2\u00e8me en 2h31\u201911.<br \/>\n&#8211; Au centre : l\u2019Am\u00e9ricaine <strong>Kimberly Strom<\/strong>\u00a0(Challex), 1\u00e8re en 2h29\u201946.<br \/>\n&#8211; A droite : <strong>Lucie Massard\u00a0<\/strong>(Ain-Est Athl\u00e9tisme Saint-Genis), 3\u00e8me en 2h34\u201948.<br \/>\nClich\u00e9 des fr\u00e8res <strong>Gabriel<\/strong> et <strong>Jacques\u00a0Cusin<\/strong>.<\/p>\n","protected":false},"excerpt":{"rendered":"<p>PREMIERES COURONNES POUR JEFFREY FLEURY ET MICHELLE LESERVOISIER ! Ce dimanche 19 octobre, avait lieu \u00e0 Vulbens, au c\u0153ur du Genevois haut-savoyard, le 1er Trail du Vuache, concoct\u00e9 par la MJC du Vuache. N\u2019exc\u00e9dant pas les 26,2km et les 700m de d\u00e9nivel\u00e9, le parcours bouclait le tour de la montagne du Vuache. Long de 14km pour 1,5 \u00e0 3km de large et culminant \u00e0 1105m d\u2019altitude, ce cha\u00eenon jurassien est [&#8230;]<\/p>\n","protected":false},"author":2,"featured_media":1364,"comment_status":"closed","ping_status":"open","sticky":false,"template":"","format":"standard","meta":{"advanced_seo_description":"","jetpack_seo_html_title":"","jetpack_seo_noindex":false,"_jetpack_memberships_contains_paid_content":false,"footnotes":"","jetpack_publicize_message":"RESULTATS, COMMENTAIRES ET PHOTOS DU TRAIL DU VUACHE \/ 19-10-14","jetpack_publicize_feature_enabled":true,"jetpack_social_post_already_shared":true,"jetpack_social_options":{"image_generator_settings":{"template":"highway","default_image_id":0,"font":"","enabled":false},"version":2}},"categories":[32,16,6,23,13],"tags":[],"class_list":["post-1350","post","type-post","status-publish","format-standard","has-post-thumbnail","hentry","category-articles-sur-les-courses","category-haute-savoie","category-articles","category-le-trail-du-vuache","category-presentations-des-courses"],"views":2865,"jetpack_publicize_connections":[],"jetpack_featured_media_url":"https:\/\/i0.wp.com\/www.courzyvite.run\/blog\/wp-content\/uploads\/2016\/10\/Depart-1024x664.jpg?fit=1024%2C664&ssl=1","jetpack_shortlink":"https:\/\/wp.me\/p7PZ3h-lM","jetpack_sharing_enabled":true,"_links":{"self":[{"href":"https:\/\/www.courzyvite.run\/blog\/wp-json\/wp\/v2\/posts\/1350","targetHints":{"allow":["GET"]}}],"collection":[{"href":"https:\/\/www.courzyvite.run\/blog\/wp-json\/wp\/v2\/posts"}],"about":[{"href":"https:\/\/www.courzyvite.run\/blog\/wp-json\/wp\/v2\/types\/post"}],"author":[{"embeddable":true,"href":"https:\/\/www.courzyvite.run\/blog\/wp-json\/wp\/v2\/users\/2"}],"replies":[{"embeddable":true,"href":"https:\/\/www.courzyvite.run\/blog\/wp-json\/wp\/v2\/comments?post=1350"}],"version-history":[{"count":0,"href":"https:\/\/www.courzyvite.run\/blog\/wp-json\/wp\/v2\/posts\/1350\/revisions"}],"wp:featuredmedia":[{"embeddable":true,"href":"https:\/\/www.courzyvite.run\/blog\/wp-json\/wp\/v2\/media\/1364"}],"wp:attachment":[{"href":"https:\/\/www.courzyvite.run\/blog\/wp-json\/wp\/v2\/media?parent=1350"}],"wp:term":[{"taxonomy":"category","embeddable":true,"href":"https:\/\/www.courzyvite.run\/blog\/wp-json\/wp\/v2\/categories?post=1350"},{"taxonomy":"post_tag","embeddable":true,"href":"https:\/\/www.courzyvite.run\/blog\/wp-json\/wp\/v2\/tags?post=1350"}],"curies":[{"name":"wp","href":"https:\/\/api.w.org\/{rel}","templated":true}]}}