{"id":12065,"date":"2017-11-19T04:33:54","date_gmt":"2017-11-19T03:33:54","guid":{"rendered":"https:\/\/www.courzyvite.run\/blog\/?p=12065"},"modified":"2022-10-12T11:05:46","modified_gmt":"2022-10-12T09:05:46","slug":"presentation-du-defi-de-fort-lecluse-pronostics-19-11-17","status":"publish","type":"post","link":"https:\/\/www.courzyvite.run\/blog\/2017\/11\/19\/presentation-du-defi-de-fort-lecluse-pronostics-19-11-17\/","title":{"rendered":"PRESENTATION DU DEFI DE FORT-L\u2019ECLUSE : LES PRONOSTICS (2EME VOLET) \/ 19-11-17"},"content":{"rendered":"<p><strong>INEDITE MAREE HUMAINE POUR UNE COURSE NATURE DANS LE PAYS DE GEX !<\/strong><\/p>\n<p>Pari amplement r\u00e9ussi pour le <strong>Club Athl\u00e9tique du Bassin Bellegardien<\/strong>\u00a0<strong>(CABB)<\/strong> et l\u2019association gessienne <strong>Trail The World<\/strong> qui ont relanc\u00e9 le <strong>D\u00e9fi de Fort-l\u2019Ecluse<\/strong> apr\u00e8s trois malheureuses ann\u00e9es d\u2019interruption. In fine, pas moins de 495 comp\u00e9titeurs ont paraph\u00e9 leur venue, soit la plus importante affluence jamais enregistr\u00e9e dans une course nature disput\u00e9e dans le pays de Gex.<br \/>\nFace \u00e0 cette d\u00e9ferlante, les organisateurs ont d\u00fb parer au plus press\u00e9. Ils ont ainsi cr\u00e9\u00e9 une liste d\u2019attente avant de porter, le 11 novembre, la participation maximale \u00e0 500 concurrents au lieu de 400. 100 places suppl\u00e9mentaires qui partaient comme des petits pains, \u00e0 tel point que 32 trailers restaient sur le carreau \u00e0 la cl\u00f4ture d\u00e9finitive des inscriptions, survenue le 14 novembre. Mais pour les responsables du D\u00e9fi, il n\u2019\u00e9tait pas question d\u2019enfreindre une deuxi\u00e8me fois le quota qu\u2019ils avaient\u00a0eux-m\u00eame fix\u00e9, en lien avec la s\u00e9curit\u00e9 du peloton. Ils craignaient en effet des bousculades, engendr\u00e9es par des bouchons dans la s\u00e9rie d\u2019escaliers et ses fameuses 917 marches, reliant le fort inf\u00e9rieur au fort sup\u00e9rieur.<\/p>\n<p><strong>Un \u00e9v\u00e9nement qui fait peau neuve<\/strong><br \/>\nToujours est-il que ce tsunami ne peut que conforter les trois t\u00eates pensantes de ce 11\u00e8me D\u00e9fi, <strong>Chrystelle<\/strong> et <strong>Fran\u00e7ois<\/strong> pour le CABB, <strong>Jonathan<\/strong> pour Trail The World, dans leur choix d\u2019un nouveau parcours. Plus long, plus cors\u00e9 (15,9 km pour 830 m de d\u00e9nivel\u00e9), celui-ci n\u2019en aimante pas moins une majorit\u00e9 \u00e9crasante de coureurs populaires. En outre, il permet cette fois-ci de d\u00e9couvrir les multiples facettes de la commune de L\u00e9az, dont les p\u00e2turages des Marais au panorama \u00e9tendu, le chef-lieu, enfin l\u2019envo\u00fbtante rive droite du Rh\u00f4ne. Quant au <strong>Fort-l\u2019Ecluse<\/strong>, il en est devenu l\u2019\u00e9picentre. En dehors du d\u00e9part et de la galerie souterraine, il se laisse d\u00e9sormais approcher par la porte de Gen\u00e8ve (km 12,5) avant d\u2019accueillir l\u2019arriv\u00e9e sur la place d\u2019armes\u00a0via la porte de France.<br \/>\nCet itin\u00e9raire a donc peu de choses \u00e0 voir avec l\u2019ancienne mouture (2004-2013) dont la bri\u00e8vet\u00e9 (5,4 km pour 330 m de d\u00e9nivel\u00e9 positif) ne pouvait que rebuter tous ceux qui \u00e9taient \u00e9loign\u00e9s du th\u00e9\u00e2tre d\u2019op\u00e9ration. D\u2019ailleurs, les pelotons align\u00e9s sur ce format de poche resteront relativement modestes, l\u2019\u00e9dition 2013, la derni\u00e8re en l\u2019occurrence, \u00e9tant la seule \u00e0 atteindre les 200 engag\u00e9s.<\/p>\n<p><strong>F.V.<\/strong><br \/>\n<span style=\"color: #ffffff;\">.<\/span><br \/>\n<span style=\"color: #ffffff;\">.<\/span><br \/>\n<span style=\"color: #ffffff;\">.<\/span><strong style=\"font-size: 0.95em;\"><br \/>\n<\/strong><strong>ARTICLE DE L\u2019HEBDOMADAIRE <em>LA TRIBUNE REPUBLICAINE<\/em> :<\/strong><\/p>\n<p>Ci-dessous, vous trouverez l\u2019annonce, sign\u00e9e par <strong>Am\u00e9lie Vuargnoz<\/strong>.<\/p>\n<p><img data-recalc-dims=\"1\" loading=\"lazy\" decoding=\"async\" class=\"alignnone size-full wp-image-12075\" src=\"https:\/\/i0.wp.com\/www.courzyvite.run\/blog\/wp-content\/uploads\/2017\/11\/23634575_1953671921314731_1068727544_n.jpg?resize=778%2C720\" alt=\"\" width=\"778\" height=\"720\" srcset=\"https:\/\/i0.wp.com\/www.courzyvite.run\/blog\/wp-content\/uploads\/2017\/11\/23634575_1953671921314731_1068727544_n.jpg?w=778&amp;ssl=1 778w, https:\/\/i0.wp.com\/www.courzyvite.run\/blog\/wp-content\/uploads\/2017\/11\/23634575_1953671921314731_1068727544_n.jpg?resize=420%2C389&amp;ssl=1 420w, https:\/\/i0.wp.com\/www.courzyvite.run\/blog\/wp-content\/uploads\/2017\/11\/23634575_1953671921314731_1068727544_n.jpg?resize=768%2C711&amp;ssl=1 768w\" sizes=\"auto, (max-width: 778px) 100vw, 778px\" \/><br \/>\n<span style=\"color: #ffffff;\">.<\/span><br \/>\n<span style=\"color: #ffffff;\">.<\/span><br \/>\n<strong>ARTICLE DU QUOTIDIEN <em>LE DAUPHINE LIBERE<\/em> :<\/strong><\/p>\n<p>Ci-dessous, vous trouverez l\u2019annonce figurant en page sports de l\u2019\u00e9dition de Bellegarde et Pays de Gex, en date du samedi 18 d\u00e9cembre 2017. Son auteur est le correspondant\u00a0 <strong>Vincent Malaguti<\/strong>.<br \/>\nJuste un rectificatif : l\u2019heure de d\u00e9part du D\u00e9fi de Fort-l\u2019Ecluse est fix\u00e9, non pas \u00e0 8h30, mais \u00e0 9h30.<\/p>\n<p>\n<div class=\"gde-error\">GDE Erreur: Erreur lors de la r\u00e9cup\u00e9ration du fichier - si n\u00e9cessaire, arr\u00eatez la v\u00e9rification d'erreurs (404:Not Found)<\/div>\n<br \/>\n<span style=\"font-size: 0.95em;\"><span style=\"color: #ffffff;\"><span style=\"color: #ffffff;\">.<\/span><br \/>\n<\/span><\/span><strong>FAVORIS ET OUTSIDERS :<\/strong><\/p>\n<p>Deux athl\u00e8tes, \u00e9trangers, se d\u00e9tachent comme favoris :<br \/>\n&#8211; Le Suisse <strong>Simon Senn<\/strong> (Club Athl\u00e9tique du Bassin Bellegardien), 30 ans, actuel leader du Challenge des Trails du Haut-Rh\u00f4ne dont le D\u00e9fi constituera l\u2019ultime manche. Inconnu encore l\u2019an pass\u00e9, il a connu une fulgurante ascension en 2017, tant en course de montagne (6\u00e8me sur la c\u00e9l\u00e8bre \u00e9preuve Montreux &#8211; Rochers-de-Naye) que sur route (marque r\u00e9f\u00e9rence sur 10 bornes en 32\u201945 \u00e0 Gen\u00e8ve).<br \/>\n&#8211; L\u2019Anglaise <strong>Sarah Tunstall<\/strong>\u00a0(Kendal Amateur Athletic Club), 31 ans, authentique fleuron de la course de montagne comme en t\u00e9moignent ses deux prouesses accomplies en juillet dernier : un titre de vice-championne d\u2019Europe, le 8 \u00e0 Kamnik, en Slov\u00e9nie, puis une 3\u00e8me place, le 30, aux mondiaux de Premana, en Italie.<\/p>\n<p><strong>F.V.<br \/>\n<\/strong><span style=\"color: #ffffff;\">.<\/span><br \/>\n<span style=\"color: #ffffff;\">.<\/span><strong><br \/>\nFavori :<br \/>\n&#8211; Simon Senn\u00a0<\/strong>(Suisse, Club Athl\u00e9tique du Bassin Bellegardien), n\u00e9 le 13 d\u00e9cembre 1986 et demeurant \u00e0 Petit-Lancy (Suisse).<br \/>\n<span style=\"color: #ffffff;\">.<\/span><br \/>\n<span style=\"color: #ffffff;\">.<\/span><strong><br \/>\nPrincipaux outsiders masculins :<br \/>\n&#8211; <\/strong><strong>Gr\u00e9goire Berthon<\/strong> (Berthies Sport), n\u00e9 le 28 juin 1991 et demeurant \u00e0 S\u00e9gny (01).<br \/>\n<strong>&#8211; Simon Paccard<\/strong> (ASPTT Annecy Athl\u00e9tisme), n\u00e9 le 25 juillet 2000 et demeurant \u00e0 Gruffy (74).\u00a0\u00a0<strong><br \/>\n&#8211;\u00a0Fr\u00e9d\u00e9ric Th\u00e9risod\u00a0<\/strong>(Club Athl\u00e9tique du Bassin Bellegardien), n\u00e9 le 17 septembre 1967 et demeurant \u00e0 Bozel (73).<br \/>\n<strong>&#8211;\u00a0J\u00e9r\u00f4me Tissier\u00a0<\/strong>(Team Rrun Seynod), n\u00e9 le 27 mars 1983 et demeurant \u00e0 Annecy-le-Vieux (74).<br \/>\n<span style=\"color: #ffffff;\">.<\/span><br \/>\n<span style=\"color: #ffffff;\">.<\/span><br \/>\n<strong>Outsiders masculins de second plan :<br \/>\n&#8211; Guillaume Abry<\/strong>, n\u00e9 le 23 d\u00e9cembre 1990 et demeurant \u00e0 Allonzier-la-Caille (74).<br \/>\n<strong>&#8211; Geoffroy Bonnet<\/strong>, n\u00e9 le 6 mars 1987 et demeurant \u00e0 V\u00e9traz-Monthoux (74).<br \/>\n<strong>&#8211; Nicolas Chardon<\/strong>, n\u00e9 le 14 janvier 1988 et demeurant \u00e0 Viuz-en-Sallaz (74).<br \/>\n<strong>&#8211; Loan Cheneval\u00a0<\/strong>(Berthies Sport et Team VTT VCA &#8211; Anjos), n\u00e9 le 21 d\u00e9cembre 2000 et demeurant \u00e0 Echenevex (01).<br \/>\n<strong>&#8211; Olivier Dubreuil <\/strong>(Praz-de-Lys-Sommand Ski Alpinisme), n\u00e9 le 4 mai 1966 et demeurant \u00e0 Mieussy (74).<br \/>\n<strong>&#8211; Emmanuel Ranchin<\/strong> (Chamonix-Mont-Blanc Marathon), n\u00e9 le 2 juillet 1975 et demeurant \u00e0 Chamonix-Mont-Blanc (74).<br \/>\n<strong>&#8211; Marc Tamanini<\/strong> (Thonon Athl\u00e9tic Club, section du L\u00e9man Athl\u00e9tic Club), n\u00e9 le 30 d\u00e9cembre 1986 et demeurant \u00e0 Perrignier (74).<br \/>\n<span style=\"color: #ffffff;\">.<\/span><br \/>\n<span style=\"color: #ffffff;\">.<\/span><strong style=\"font-size: 0.95em;\"><br \/>\n<\/strong><strong>Autres outsiders masculins :<br \/>\n&#8211; Yvan Baltassat<\/strong> (Val d\u2019Arve Ski Alpinisme, section du CAF de Cluses), n\u00e9 le 23 octobre 1982 et demeurant \u00e0 Bonne (74).<br \/>\n<strong>&#8211; Nicolas Chaboud<\/strong>, n\u00e9 le 15 f\u00e9vrier 1981 et demeurant \u00e0\u00a0Champdor (commune de Champdor-Corcelles) (01).<br \/>\n<strong>&#8211; C\u00e9dric Delachenal<\/strong> (Club Athl\u00e9tique du Bassin Bellegardien), n\u00e9 le 1er novembre 1984 et demeurant \u00e0 Saint-Julien-en-Genevois (74).<br \/>\n<strong>&#8211; Gilles Farina<\/strong> (Faucigny Athl\u00e9tic Club), n\u00e9 le 4 mars 1959 et demeurant \u00e0 Thyez (74).<br \/>\n<strong>&#8211; Damien Guichard<\/strong>\u00a0(Club Alpin de Bourg-en-Bresse), n\u00e9 le 29 juin 1985 et demeurant \u00e0 Treffort-Cuisiat (01).<br \/>\n<strong>&#8211; Ga\u00ebtan Olivier<\/strong> (Team Trail The World), n\u00e9 le 10 juillet 1981 et demeurant \u00e0 Allonzier-la-Caille (74).<br \/>\n<strong>&#8211; Marco Minoggio<\/strong> (Berthies Sport),<strong>\u00a0<\/strong>n\u00e9 le 22 janvier 1982 et demeurant \u00e0 Sergy (01).<br \/>\n<strong>&#8211; Julien Planaz<\/strong> (Summitraining), n\u00e9 le 6 juin 1992 et demeurant \u00e0 La Roche-sur-Foron (74).<br \/>\n<strong>&#8211; David Rouffiange <\/strong>(CRAPAST), n\u00e9 le 30 juin 1987 et demeurant \u00e0 Saint-Genis-Pouilly (01).<br \/>\n<strong>&#8211; Adrien Thuill\u00e9 <\/strong>(Ain-Est Athl\u00e9tisme), n\u00e9 le 5 f\u00e9vrier 1992 et demeurant \u00e0 Pougny (01).\u00a0<span style=\"font-size: 0.95em;\"><br \/>\n<\/span><span style=\"color: #ffffff;\">.<\/span><br \/>\n<span style=\"color: #ffffff;\">.<\/span><strong style=\"font-size: 0.95em;\"><br \/>\n<\/strong><strong>Favorite :<br \/>\n&#8211; Sarah Tunstall<\/strong> (Angleterre, Kendal Amateur Athletic Club), n\u00e9e le 19 avril 1986 et demeurant \u00e0 Chamonix-Mont-Blanc (74).<br \/>\n<span style=\"color: #ffffff;\">.<\/span><br \/>\n<span style=\"color: #ffffff;\">.<\/span><strong style=\"font-size: 0.95em;\"><br \/>\n<\/strong><strong>Outsiders f\u00e9minins de premier plan :<\/strong><br \/>\n<strong>&#8211; Anne-Lise Chamiot-Poncet<\/strong>, n\u00e9e le 3 janvier 1983 et demeurant \u00e0 Bozel (73).<br \/>\n<strong>&#8211; Lou G\u00f6tz<\/strong>, n\u00e9e le 30 novembre 1990 et demeurant \u00e0 Thonon-les-Bains (74).<br \/>\n<strong>&#8211; Nad\u00e8ge Vignand <\/strong>(ASPTT Annecy Athl\u00e9tisme),\u00a0n\u00e9e le 19 d\u00e9cembre 1972 et demeurant \u00e0 Desingy (74).<br \/>\n<span style=\"color: #ffffff;\">.<\/span><br \/>\n<span style=\"color: #ffffff;\">.<\/span><strong style=\"font-size: 0.95em;\"><br \/>\n<\/strong><strong>Autres outsiders f\u00e9minins :<\/strong><strong style=\"font-size: 0.95em;\"><br \/>\n<\/strong><strong>&#8211; Cyrielle Baroni<\/strong> (Les Lacets du Lizon), n\u00e9e le 29 juin 1982 et demeurant \u00e0 Cranves-Sales (74).<br \/>\n<strong>&#8211; Sylvie Cottet-Puinel<\/strong> (Courir Nature Saint-Jean-de-Niost),\u00a0n\u00e9e le 5 novembre 1975 et demeurant \u00e0 Saint-Jean-de-Niost (01).<span style=\"font-size: 0.95em;\"><br \/>\n<\/span><strong>&#8211; B\u00e9atrice Leroy Berrod<\/strong> (Athl\u00e9tisme Saint-Genis, section d\u2019Ain-Est Athl\u00e9tisme), n\u00e9e le 26 ao\u00fbt 1968 et demeurant \u00e0 Cessy (01).<br \/>\n<span style=\"color: #ffffff;\"><span style=\"color: #ffffff;\">.<br \/>\n<\/span>.<\/span><br \/>\n<span style=\"color: #ffffff;\">.<\/span><strong style=\"font-size: 0.95em;\"><br \/>\n<\/strong><strong>PALMARES DEPUIS 2004 :<\/strong><\/p>\n<p><strong>23 mai 2004<\/strong>\u00a0(5,4 km pour 330 md+\u00a0; 97 class\u00e9s) :<br \/>\n\u2013 1er (1er senior) :<strong>\u00a0Alexandre Aubert<\/strong>\u00a0(Passy) en 23\u201905.<br \/>\n\u2013 1\u00e8re (1\u00e8re senior, 54\u00e8me au scratch) :<strong>\u00a0Isabelle Thevenet<\/strong>\u00a0(Saint-Just) en 32\u201953.<br \/>\n\u2013 R\u00e9sultats des 40 premiers sur le site Web Aincourir :<br \/>\n<a href=\"http:\/\/aincourir.free.fr\/longeray04.htm\">http:\/\/aincourir.free.fr\/longeray04.htm<\/a><\/p>\n<p><strong>22 mai 2005\u00a0<\/strong>(5,4 km pour 330 md+\u00a0; 65 class\u00e9s dont 6 femmes) :<br \/>\n\u2013 1er (1er senior) :\u00a0<strong>Alain Gillet<\/strong>\u00a0(Evian Off Course) en 23\u201924.<br \/>\n\u2013 1\u00e8re (1\u00e8re V1, 13\u00e8me au scratch) :\u00a0<strong>Michelle Leservoisier<\/strong>\u00a0(Club Athl\u00e9tique d\u2019Ambilly)\u00a0en 28\u201918.<br \/>\n\u2013 R\u00e9sultats complets sur le site Web Aincourir :<br \/>\n<a href=\"http:\/\/aincourir.free.fr\/Longeray05.htm\">http:\/\/aincourir.free.fr\/Longeray05.htm<\/a><\/p>\n<p><strong>30 avril 2006<\/strong>\u00a0(5,4 km pour 330 md+\u00a0; 82 class\u00e9s dont 14 femmes) :<br \/>\n\u2013 1er (1er senior) :<strong>\u00a0Mathieu Gachet<\/strong>\u00a0(Club des Sports de Meg\u00e8ve) en 23\u201942.<br \/>\n\u2013 1\u00e8re (1\u00e8re V1, 16\u00e8me au scratch) :<strong>\u00a0Michelle Leservoisier<\/strong>\u00a0(Club Athl\u00e9tique d\u2019Ambilly) en\u00a0<strong>26\u201940, record f\u00e9minin du parcours emprunt\u00e9 depuis 2004<\/strong>.<br \/>\n\u2013 R\u00e9sultats complets sur le site Web Aincourir :<br \/>\n<a href=\"http:\/\/aincourir.free.fr\/Leaz06.htm\">http:\/\/aincourir.free.fr\/Leaz06.htm<\/a><\/p>\n<p><strong>29 avril 2007<\/strong>\u00a0(5,4 km pour 330 md+\u00a0; 85 class\u00e9s dont 11 femmes) :<br \/>\n\u2013 1er (1er senior) :<strong>\u00a0Jean-Christophe Dupont\u00a0<\/strong>(Arve Athl\u00e9tisme Bonneville Pays Rochois) en\u00a0<strong>22\u201945, record scratch du parcours emprunt\u00e9 depuis 2004<\/strong>.<br \/>\n\u2013 1\u00e8re (1\u00e8re cadette, 32\u00e8me au scratch) :\u00a0<strong>Ma\u00eblle Mugnier<\/strong>\u00a0(Athl\u00e9tique Sport Aixois) en 30\u201954.<br \/>\n\u2013 R\u00e9sultats complets sur le site Web Aincourir :<br \/>\n<a href=\"http:\/\/aincourir.free.fr\/Leaz07.htm\">http:\/\/aincourir.free.fr\/Leaz07.htm<\/a><\/p>\n<div class=\"gmipx5b260ecc59b3f\">\n<div id=\"text-42\" class=\"widget_box widget_text amr_widget\">\n<div class=\"textwidget\">\n<div id=\"trknanaid1529220814443s4572b546f95142902587\">\n<div id=\"adResizeContainer-trknanaid1529220814443s4572b546f95142902587\"><strong>27 avril 2008<\/strong>\u00a0(5,4 km pour 330 md+\u00a0; 123 class\u00e9s dont 21 femmes) :<br \/>\n\u2013 1er (1er senior) :\u00a0<strong>Olivier Morin<\/strong>\u00a0(Faucigny Athl\u00e9tic Club) en 23\u201955.<br \/>\n\u2013 1\u00e8re (1\u00e8re espoir, 20\u00e8me au scratch) :<strong>\u00a0Aur\u00e9lie Jacquier<\/strong>\u00a0(La Foul\u00e9e d\u2019Annemasse) en 26\u201959.<br \/>\n\u2013 R\u00e9sultats complets sur le site Web Aincourir :<br \/>\n<a href=\"http:\/\/aincourir.free.fr\/Leaz08.htm\">http:\/\/aincourir.free.fr\/Leaz08.htm<\/a><\/div>\n<\/div>\n<\/div>\n<\/div>\n<\/div>\n<p><strong>26 avril 2009<\/strong>\u00a0(5,4 km pour 330 md+\u00a0; 144 inscrits dont 22 femmes, 141 class\u00e9s dont 21 femmes) :<br \/>\n\u2013 1er (1er senior) :<strong>\u00a0Florian Sch\u00e4fer<\/strong>\u00a0(Triath\u2019Spiridon Oyonnax) en 24\u201901.<br \/>\n\u2013 1\u00e8re (1\u00e8re senior, 24\u00e8me au scratch) :<strong>\u00a0Maryline Rossi<\/strong>\u00a0(Athl\u00e9 Saint-Julien 74) en 27\u201958.<br \/>\n\u2013 R\u00e9sultats complets sur le site Web Aincourir :<br \/>\n<a href=\"http:\/\/aincourir.free.fr\/defifortlecluse09.htm\">http:\/\/aincourir.free.fr\/defifortlecluse09.htm<\/a><\/p>\n<p><strong>25 avril 2010<\/strong>\u00a0(5,4 km pour 330 md+\u00a0; 146 class\u00e9s dont 24 femmes) :<br \/>\n\u2013 1er (1er senior) :<strong>\u00a0Paskal Thebault<\/strong>\u00a0(Team Vuki et La Foul\u00e9e d\u2019Annemasse) en 23\u201921.<br \/>\n\u2013 1\u00e8re (1\u00e8re senior, 26\u00e8me au scratch) :<strong>\u00a0Maryline Rossi<\/strong>\u00a0(Athl\u00e9 Saint-Julien 74) en 28\u201936.<br \/>\n\u2013 R\u00e9sultats complets sur le site Web Aincourir :<br \/>\n<a href=\"http:\/\/aincourir.free.fr\/defifortlecluse10.htm\">http:\/\/aincourir.free.fr\/defifortlecluse10.htm<\/a><\/p>\n<p><strong>24 avril 2011<\/strong>\u00a0(5,4 km pour 330 md+\u00a0; 147 inscrits dont 28 femmes, 143 class\u00e9s dont 27 femmes) :<br \/>\n\u2013 1er (1er senior) :\u00a0<strong>Vincent Faillard<\/strong>\u00a0(Team Asics) en 23\u201947.<br \/>\n\u2013 1\u00e8re (1\u00e8re V1, 37\u00e8me au scratch) :\u00a0<strong>Michelle Leservoisier<\/strong>\u00a0(Team Technicien du Sport Seynod, La Foul\u00e9e d\u2019Annemasse et Jogg\u2019Attitude) en 29\u201932.<br \/>\n\u2013 R\u00e9sultats complets sur le site Web Aincourir :<br \/>\n<a href=\"http:\/\/aincourir.free.fr\/defifortlecluse11.htm\">http:\/\/aincourir.free.fr\/defifortlecluse11.htm<\/a><\/p>\n<p><strong>29 avril 2012<\/strong>\u00a0(5,4 km pour 330 md+\u00a0; 175 inscrits dont 32 femmes, 162 class\u00e9s dont 29 femmes) :<br \/>\n\u2013 1er (1er senior) :\u00a0<strong>Gilles Schenevey<\/strong>\u00a0(Suisse, Cranves-Sales) en 24\u201920.<br \/>\n\u2013 1\u00e8re (1\u00e8re V1, 38\u00e8me au scratch) :\u00a0<strong>Christine Catin<\/strong>\u00a0(Courir Nature Saint-Jean-de-Niost) en 30\u201947.<br \/>\n\u2013 R\u00e9sultats complets sur le site Web Aincourir :<br \/>\n<a href=\"http:\/\/aincourir.free.fr\/defifortlecluse12.htm\">http:\/\/aincourir.free.fr\/defifortlecluse12.htm<\/a><\/p>\n<p><strong>28 avril 2013<\/strong>\u00a0(5,4 km pour 330 md+\u00a0;\u00a0<strong>200 inscrits, 189 class\u00e9s dont 51 femmes, record de participation depuis 2004<\/strong>) :<br \/>\n\u2013 1er (1er senior) :\u00a0<strong>Florian Sch\u00e4fer<\/strong>\u00a0(Team Sch\u00e4fer Coaching, Team Run Alp Bourg-en-Bresse, Union Sportive Oyonnax Athl\u00e9tisme Plastics Vall\u00e9e et Triath\u2019Spiridon Oyonnax) en 23\u201927.<br \/>\n\u2013 1\u00e8re (1\u00e8re senior, 23\u00e8me au scratch) :\u00a0<strong>Armelle Magat Saunier<\/strong>\u00a0(Athl\u00e9 Saint-Julien 74) en 28\u201911.<br \/>\n\u2013 R\u00e9sultats complets sur le site Web Aincourir :<br \/>\n<a href=\"http:\/\/aincourir.free.fr\/defidufortlecluse13.htm\">http:\/\/aincourir.free.fr\/defidufortlecluse13.htm<\/a><br \/>\n<span style=\"color: #ffffff;\">.<\/span><br \/>\n<span style=\"color: #ffffff;\">.<\/span><strong style=\"font-size: 0.95em;\"><br \/>\n<\/strong><span style=\"color: #ffffff;\">.<\/span><strong><br \/>\nLE DEFI DE FORT-L\u2019ECLUSE SUR LE SITE WEB COURZYVITE :<\/strong><\/p>\n<p><strong>\u2013\u00a0R\u00e9sultats, compte rendu et photos de l\u2019\u00e9dition 2010 :<br \/>\n<\/strong><a href=\"https:\/\/www.courzyvite.run\/blog\/2010\/04\/26\/resultats-compte-rendu-et-photos-du-defi-de-fort-lecluse-25-04-10\/\">https:\/\/www.courzyvite.run\/blog\/2010\/04\/26\/resultats-compte-rendu-et-photos-du-defi-de-fort-lecluse-25-04-10\/<\/a><\/p>\n<p><strong>\u2013\u00a0R\u00e9sultats, compte rendu et photos de l\u2019\u00e9dition 2011 :<br \/>\n<\/strong><a href=\"https:\/\/www.courzyvite.run\/blog\/2011\/04\/25\/resultats-compte-rendu-et-photos-du-defi-de-fort-lecluse-24-04-11\/\">https:\/\/www.courzyvite.run\/blog\/2011\/04\/25\/resultats-compte-rendu-et-photos-du-defi-de-fort-lecluse-24-04-11\/<\/a><\/p>\n<p><strong>\u2013\u00a0Pr\u00e9sentation de l\u2019\u00e9dition 2012 (1er volet) :<br \/>\n<\/strong><a href=\"https:\/\/www.courzyvite.run\/blog\/2012\/04\/28\/presentation-du-defi-de-fort-lecluse-29-04-12\/\">https:\/\/www.courzyvite.run\/blog\/2012\/04\/28\/presentation-du-defi-de-fort-lecluse-29-04-12\/<\/a><\/p>\n<p><strong>\u2013 Pr\u00e9sentation de l\u2019\u00e9dition 2012 : entretien avec l\u2019outsider Baptiste Choutkoff (2\u00e8me volet) :<br \/>\n<\/strong><a href=\"https:\/\/www.courzyvite.run\/blog\/2012\/04\/28\/entretien-avec-baptiste-choutkoff-en-premiere-ligne-sur-le-defi-de-fort-lecluse-29-04-12\/\">https:\/\/www.courzyvite.run\/blog\/2012\/04\/28\/entretien-avec-baptiste-choutkoff-en-premiere-ligne-sur-le-defi-de-fort-lecluse-29-04-12\/<\/a><\/p>\n<p><strong>\u2013 R\u00e9sultats et compte rendu de l\u2019\u00e9dition 2012 :<br \/>\n<\/strong><a href=\"https:\/\/www.courzyvite.run\/blog\/2012\/04\/30\/resultats-et-compte-rendu-du-defi-de-fort-lecluse-29-04-12\/\">https:\/\/www.courzyvite.run\/blog\/2012\/04\/30\/resultats-et-compte-rendu-du-defi-de-fort-lecluse-29-04-12\/<\/a><strong><br \/>\n<\/strong><\/p>\n<p><strong>\u2013\u00a0R\u00e9sultats, compte rendu et photos de l\u2019\u00e9dition 2013 :<br \/>\n<\/strong><a href=\"https:\/\/www.courzyvite.run\/blog\/2013\/04\/29\/resultats-compte-rendu-et-photos-du-defi-de-fort-lecluse-28-04-13\/\">https:\/\/www.courzyvite.run\/blog\/2013\/04\/29\/resultats-compte-rendu-et-photos-du-defi-de-fort-lecluse-28-04-13\/<\/a><\/p>\n<p><strong>\u2013 Pr\u00e9sentation de l\u2019\u00e9dition 2017 : la r\u00e9surrection d\u2019une course unique en son genre, avec le parcours en images (1er volet) :<\/strong><strong style=\"font-size: 0.95em;\"><br \/>\n<\/strong><a href=\"https:\/\/www.courzyvite.run\/blog\/2017\/08\/01\/la-resurrection-dune-course-unique-en-son-genre-le-defi-de-fort-lecluse-19-11-17\/\">https:\/\/www.courzyvite.run\/blog\/2017\/08\/01\/la-resurrection-dune-course-unique-en-son-genre-le-defi-de-fort-lecluse-19-11-17\/ \u00a0 <\/a><strong><br \/>\n<\/strong><span style=\"color: #ffffff;\"><span style=\"color: #ffffff;\">.<br \/>\n<\/span><\/span><strong><span style=\"color: #ffffff;\">.<\/span><br \/>\n<\/strong><span style=\"color: #ffffff;\">.<\/span><strong><br \/>\nPHOTOS :<br \/>\n<span class=\"text_exposed_show\"><a href=\"https:\/\/i0.wp.com\/www.courzyvite.run\/blog\/wp-content\/uploads\/2017\/11\/IMG_6013-e1511060731706.jpg?ssl=1\"><img data-recalc-dims=\"1\" loading=\"lazy\" decoding=\"async\" class=\"aligncenter wp-image-12111 size-full\" src=\"https:\/\/i0.wp.com\/www.courzyvite.run\/blog\/wp-content\/uploads\/2017\/11\/IMG_6013-e1511060731706.jpg?resize=800%2C534&#038;ssl=1\" alt=\"\" width=\"800\" height=\"534\" \/><\/a><\/span><\/strong><span class=\"text_exposed_show\">Le Suisse <strong>Simon Senn <\/strong><\/span><span class=\"text_exposed_show\">(Club Athl\u00e9tique du Bassin Bellegardien), favori de la 11\u00e8me\u00a0\u00e9dition du D\u00e9fi de Fort-l\u2019Ecluse, disput\u00e9e ce dimanche 19 novembre 2017.<br \/>\nClich\u00e9 pris le 23 septembre 2017 par <strong>Jean-Luc Caron<\/strong> (Partenaire-Images),\u00a0\u00e0 l\u2019occasion du 6\u00e8me Trail de Musi\u00e8ges o\u00f9 Simon s\u2019appropriera, sur le 11 km, la 1\u00e8re place (1\u00e8re senior) en 49\u201930.<br \/>\n<\/span>Image r\u00e9alis\u00e9e \u00e0\u00a0<span class=\"text_exposed_show\">l\u2019arriv\u00e9e.<\/span><strong><br \/>\n<a href=\"https:\/\/i0.wp.com\/www.courzyvite.run\/blog\/wp-content\/uploads\/2017\/11\/Cessy-24-e1511056013755.jpg?ssl=1\"><img data-recalc-dims=\"1\" loading=\"lazy\" decoding=\"async\" class=\"aligncenter wp-image-12104 size-full\" src=\"https:\/\/i0.wp.com\/www.courzyvite.run\/blog\/wp-content\/uploads\/2017\/11\/Cessy-24-e1511056013755.jpg?resize=420%2C650&#038;ssl=1\" alt=\"\" width=\"420\" height=\"650\" \/><\/a><\/strong><span class=\"text_exposed_show\"><strong>Gr\u00e9goire Berthon<\/strong>\u00a0(Berthies Sport et CRAPAST), un des principaux outsiders de la 11\u00e8me\u00a0\u00e9dition du D\u00e9fi de Fort-l\u2019Ecluse, disput\u00e9e ce dimanche 19 novembre 2017.<br \/>\nClich\u00e9 pris le 8 octobre 2017 par <strong>Claude Duchene<\/strong>\u00a0\u00e0 l\u2019occasion du 1er Gess\u2019Ain Trail o\u00f9 Gr\u00e9goire s\u2019appropriera la 1\u00e8re place (1\u00e8re senior) en 1h19\u201957.<br \/>\n<\/span>Image r\u00e9alis\u00e9e \u00e0\u00a0<span class=\"text_exposed_show\">l\u2019arriv\u00e9e.<\/span><strong><br \/>\n<\/strong><img data-recalc-dims=\"1\" loading=\"lazy\" decoding=\"async\" class=\"size-full wp-image-12106 aligncenter\" src=\"https:\/\/i0.wp.com\/www.courzyvite.run\/blog\/wp-content\/uploads\/2017\/11\/23032478_1563730237021214_2076263435897903811_n.jpg?resize=860%2C573\" alt=\"\" width=\"860\" height=\"573\" srcset=\"https:\/\/i0.wp.com\/www.courzyvite.run\/blog\/wp-content\/uploads\/2017\/11\/23032478_1563730237021214_2076263435897903811_n.jpg?w=960&amp;ssl=1 960w, https:\/\/i0.wp.com\/www.courzyvite.run\/blog\/wp-content\/uploads\/2017\/11\/23032478_1563730237021214_2076263435897903811_n.jpg?resize=420%2C280&amp;ssl=1 420w, https:\/\/i0.wp.com\/www.courzyvite.run\/blog\/wp-content\/uploads\/2017\/11\/23032478_1563730237021214_2076263435897903811_n.jpg?resize=768%2C512&amp;ssl=1 768w\" sizes=\"auto, (max-width: 860px) 100vw, 860px\" \/><strong>Simon Paccard\u00a0<\/strong>(ASPTT Annecy Athl\u00e9tisme), <span class=\"text_exposed_show\">un des principaux outsiders de la 11\u00e8me\u00a0\u00e9dition du D\u00e9fi de Fort-l\u2019Ecluse, disput\u00e9e ce dimanche 19 novembre 2017.<br \/>\n<\/span><span class=\"text_exposed_show\">Clich\u00e9 pris le 29 octobre 2017 par <strong>Herv\u00e9 Thiery<\/strong>\u00a0(Temps de Pose Photographie), \u00e0 l\u2019occasion du 1er St Off en Trail o\u00f9 Simon s\u2019appropriera, sur le 18 km, la 1\u00e8re place (1\u00e8re junior) en 1h21\u201933.<br \/>\nImage r\u00e9alis\u00e9e \u00e0\u00a0l\u2019arriv\u00e9e.<br \/>\n<a href=\"https:\/\/i0.wp.com\/www.courzyvite.run\/blog\/wp-content\/uploads\/2017\/11\/33818945310_9a113ddb57_z.jpg?ssl=1\"><img data-recalc-dims=\"1\" loading=\"lazy\" decoding=\"async\" class=\"aligncenter wp-image-12117 size-full\" src=\"https:\/\/i0.wp.com\/www.courzyvite.run\/blog\/wp-content\/uploads\/2017\/11\/33818945310_9a113ddb57_z.jpg?resize=413%2C640&#038;ssl=1\" alt=\"\" width=\"413\" height=\"640\" \/><\/a><\/span><span class=\"text_exposed_show\"><strong>Fr\u00e9d\u00e9ric Th\u00e9risod<\/strong>\u00a0(Club Athl\u00e9tique du Bassin Bellegardien), un des principaux outsiders de la 11\u00e8me\u00a0\u00e9dition du D\u00e9fi de Fort-l\u2019Ecluse, disput\u00e9e ce dimanche 19 novembre 2017.<br \/>\nClich\u00e9 pris le 26 mars 2017 par <b>Claude Duchene<\/b>\u00a0\u00e0 l\u2019occasion du 3\u00e8me Trail de la Michaille o\u00f9 Fr\u00e9d\u00e9ric s\u2019appropriera, sur le 22 km, la 5\u00e8me place (1er V2) en 1h34\u201911.<strong><br \/>\n<img data-recalc-dims=\"1\" loading=\"lazy\" decoding=\"async\" class=\"size-full wp-image-12108 aligncenter\" src=\"https:\/\/i0.wp.com\/www.courzyvite.run\/blog\/wp-content\/uploads\/2017\/11\/DSC_0540-1.jpg?resize=860%2C571\" alt=\"\" width=\"860\" height=\"571\" srcset=\"https:\/\/i0.wp.com\/www.courzyvite.run\/blog\/wp-content\/uploads\/2017\/11\/DSC_0540-1.jpg?w=886&amp;ssl=1 886w, https:\/\/i0.wp.com\/www.courzyvite.run\/blog\/wp-content\/uploads\/2017\/11\/DSC_0540-1.jpg?resize=420%2C279&amp;ssl=1 420w, https:\/\/i0.wp.com\/www.courzyvite.run\/blog\/wp-content\/uploads\/2017\/11\/DSC_0540-1.jpg?resize=768%2C510&amp;ssl=1 768w\" sizes=\"auto, (max-width: 860px) 100vw, 860px\" \/><\/strong><b>J\u00e9r\u00f4me Tissier<\/b> (Team Rrun Seynod), un des principaux outsiders de la 11\u00e8me\u00a0\u00e9dition du D\u00e9fi de Fort-l\u2019Ecluse, disput\u00e9e ce dimanche 19 novembre 2017.<br \/>\nClich\u00e9 pris le 12 octobre 2017 par <strong>Jean-Claude Delachenal<\/strong>\u00a0\u00e0 l\u2019occasion du 2\u00e8me Urban Race Seynod o\u00f9 J\u00e9r\u00f4me s\u2019appropriera la 6\u00e8me place (4\u00e8me senior) en 49\u201933.<br \/>\n<\/span>Image r\u00e9alis\u00e9e \u00e0 l<span class=\"text_exposed_show\">\u2019arriv\u00e9e.<\/span><\/p>\n<p><strong><img data-recalc-dims=\"1\" loading=\"lazy\" decoding=\"async\" class=\"size-full wp-image-46579 aligncenter\" src=\"https:\/\/i0.wp.com\/www.courzyvite.run\/blog\/wp-content\/uploads\/2017\/11\/23472936_910465015768889_308281353823705431_n-1.jpg?resize=860%2C593&#038;ssl=1\" alt=\"\" width=\"860\" height=\"593\" srcset=\"https:\/\/i0.wp.com\/www.courzyvite.run\/blog\/wp-content\/uploads\/2017\/11\/23472936_910465015768889_308281353823705431_n-1.jpg?w=960&amp;ssl=1 960w, https:\/\/i0.wp.com\/www.courzyvite.run\/blog\/wp-content\/uploads\/2017\/11\/23472936_910465015768889_308281353823705431_n-1.jpg?resize=820%2C565&amp;ssl=1 820w, https:\/\/i0.wp.com\/www.courzyvite.run\/blog\/wp-content\/uploads\/2017\/11\/23472936_910465015768889_308281353823705431_n-1.jpg?resize=150%2C103&amp;ssl=1 150w, https:\/\/i0.wp.com\/www.courzyvite.run\/blog\/wp-content\/uploads\/2017\/11\/23472936_910465015768889_308281353823705431_n-1.jpg?resize=768%2C530&amp;ssl=1 768w\" sizes=\"auto, (max-width: 860px) 100vw, 860px\" \/>Sarah Tunstall<\/strong>\u00a0(Kendal Amateur Athletic Club), grandissime favorite, et peut-\u00eatre candidate au top 5, de la 11\u00e8me \u00e9dition du D\u00e9fi de Fort-l\u2019Ecluse, disput\u00e9e ce dimanche 19 novembre 2017.<br \/>\nClich\u00e9 pris le 30 juillet 2017 par <strong>Luca Tagliaferri<\/strong> \u00e0 l\u2019occasion des 33\u00e8mes Championnats du Monde de Course en Montagne, concourus \u00e0 Premana (Italie), o\u00f9 Sarah s\u2019appropriera sur le 13 km Femmes la 3\u00e8me place en 1h04\u201916, pointant \u00e0 2\u201950 de la laur\u00e9ate k\u00e9nyane <strong>Lucy-Wambui Murigi<\/strong>.<strong><br \/>\n<\/strong><br \/>\nOriginaire du magnifique comt\u00e9 de Cumbria, dans le nord-ouest de l\u2019Angleterre, et install\u00e9e depuis 2015 \u00e0 Chamonix, <strong>Sarah Tunstall<\/strong> (Kendal Amateur Athletic Club) sera la grande attraction du 11\u00e8me D\u00e9fi de Fort-l\u2019Ecluse. Grandissime favorite, celle qui a f\u00eat\u00e9 ses 31 printemps le 19 avril dernier pourrait bien accrocher le top 5 au scratch<span class=\"text_exposed_show\">.<br \/>\nSarah, c\u2019est \u00e0 l\u2019heure actuelle l\u2019une des plus grandes sp\u00e9cialistes de course en montagne comme en t\u00e9moignent cette ann\u00e9e son titre de vice-championne d\u2019Europe, le 8 juillet, puis sa 3\u00e8me place aux championnats du monde, le 30 juillet. Mettons encore en exergue sa victoire intervenue en 2015 sur la coupe du monde.<br \/>\nParall\u00e8lement, cette physioth\u00e9rapeute a longtemps brill\u00e9 sur les terrains gras du cross-country en devenant vice-championne d\u2019Europe Espoir en 2008 \u00e0 Bruxelles. Sur route, elle a \u00e9tabli son record sur 10 bornes en 34\u201912 en 2009 \u00e0 Dublin. Son ultime exp\u00e9rience sur 10 km remonte au 2 avril dernier \u00e0 Cluses, avec \u00e0 la clef une victoire en 36\u201913.<strong><br \/>\n<img data-recalc-dims=\"1\" loading=\"lazy\" decoding=\"async\" class=\"size-full wp-image-12118 aligncenter\" src=\"https:\/\/i0.wp.com\/www.courzyvite.run\/blog\/wp-content\/uploads\/2017\/11\/IMG_5259.jpg?resize=720%2C480\" alt=\"\" width=\"720\" height=\"480\" srcset=\"https:\/\/i0.wp.com\/www.courzyvite.run\/blog\/wp-content\/uploads\/2017\/11\/IMG_5259.jpg?w=720&amp;ssl=1 720w, https:\/\/i0.wp.com\/www.courzyvite.run\/blog\/wp-content\/uploads\/2017\/11\/IMG_5259.jpg?resize=420%2C280&amp;ssl=1 420w\" sizes=\"auto, (max-width: 720px) 100vw, 720px\" \/>Anne-Lise Chamiot-Poncet<\/strong> (Bozel), un des principaux outsiders f\u00e9minins de la 11\u00e8me\u00a0\u00e9dition du D\u00e9fi de Fort-l\u2019Ecluse, disput\u00e9e ce dimanche 19 novembre 2017.<br \/>\nClich\u00e9 pris le 8 mai 2016 par <strong>Jean-Claude Delachenal<\/strong>\u00a0\u00e0 l\u2019occasion de la 8\u00e8me Chambottine o\u00f9 Anne-Lyse s\u2019appropriera, sur le 13 km, la 1\u00e8re place f\u00e9minine (1\u00e8re senior, 14\u00e8me au scratch) en 1h16\u201956.<br \/>\nImage r\u00e9alis\u00e9e \u00e0 l\u2019arriv\u00e9e.<br \/>\n<img data-recalc-dims=\"1\" loading=\"lazy\" decoding=\"async\" class=\"size-full wp-image-12113 aligncenter\" src=\"https:\/\/i0.wp.com\/www.courzyvite.run\/blog\/wp-content\/uploads\/2017\/11\/IMG_0638.jpg?resize=860%2C573\" alt=\"\" width=\"860\" height=\"573\" srcset=\"https:\/\/i0.wp.com\/www.courzyvite.run\/blog\/wp-content\/uploads\/2017\/11\/IMG_0638.jpg?w=882&amp;ssl=1 882w, https:\/\/i0.wp.com\/www.courzyvite.run\/blog\/wp-content\/uploads\/2017\/11\/IMG_0638.jpg?resize=420%2C280&amp;ssl=1 420w, https:\/\/i0.wp.com\/www.courzyvite.run\/blog\/wp-content\/uploads\/2017\/11\/IMG_0638.jpg?resize=768%2C512&amp;ssl=1 768w\" sizes=\"auto, (max-width: 860px) 100vw, 860px\" \/>Dossard 193 :<b> Lou G\u00f6tz<\/b>\u00a0(Thonon-les-Bains), un des principaux outsiders f\u00e9minins de la 11\u00e8me\u00a0\u00e9dition du D\u00e9fi de Fort-l\u2019Ecluse, disput\u00e9e ce dimanche 19 novembre 2017.<br \/>\nClich\u00e9 pris le 22 octobre 2017 par <strong>Jean-Claude Delachenal<\/strong>,\u00a0\u00e0 l\u2019occasion du 1er Trail de la Valserine o\u00f9 Lou s\u2019appropriera la 5\u00e8me place f\u00e9minine (3\u00e8me senior, 69\u00e8me au scratch) en 2h31\u201939.<br \/>\nImage r\u00e9alis\u00e9e \u00e0 l\u2019arriv\u00e9e.<br \/>\n<img data-recalc-dims=\"1\" loading=\"lazy\" decoding=\"async\" class=\"size-full wp-image-12112 aligncenter\" src=\"https:\/\/i0.wp.com\/www.courzyvite.run\/blog\/wp-content\/uploads\/2017\/11\/IMG_0610.jpg?resize=860%2C574\" alt=\"\" width=\"860\" height=\"574\" srcset=\"https:\/\/i0.wp.com\/www.courzyvite.run\/blog\/wp-content\/uploads\/2017\/11\/IMG_0610.jpg?w=881&amp;ssl=1 881w, https:\/\/i0.wp.com\/www.courzyvite.run\/blog\/wp-content\/uploads\/2017\/11\/IMG_0610.jpg?resize=420%2C280&amp;ssl=1 420w, https:\/\/i0.wp.com\/www.courzyvite.run\/blog\/wp-content\/uploads\/2017\/11\/IMG_0610.jpg?resize=768%2C513&amp;ssl=1 768w\" sizes=\"auto, (max-width: 860px) 100vw, 860px\" \/><b>Nad\u00e8ge Vignand<\/b>\u00a0(ASPTT Annecy Athl\u00e9tisme), un des principaux outsiders f\u00e9minins de la 11\u00e8me\u00a0\u00e9dition du D\u00e9fi de Fort-l\u2019Ecluse, disput\u00e9e ce dimanche 19 novembre 2017.<br \/>\nClich\u00e9 pris le 22 octobre 2017 par <strong>Jean-Claude Delachenal<\/strong>,\u00a0\u00e0 l\u2019occasion du 1er Trail de la Valserine o\u00f9 Nad\u00e8ge s\u2019appropriera la 2\u00e8me place f\u00e9minine (1\u00e8re V1, 40\u00e8me au scratch) en 2h16\u201905.<br \/>\nImage r\u00e9alis\u00e9e \u00e0 l\u2019arriv\u00e9e.<\/span><\/p>\n<p>&nbsp;<\/p>\n<p>&nbsp;<\/p>\n","protected":false},"excerpt":{"rendered":"<p>INEDITE MAREE HUMAINE POUR UNE COURSE NATURE DANS LE PAYS DE GEX ! Pari amplement r\u00e9ussi pour le Club Athl\u00e9tique du Bassin Bellegardien\u00a0(CABB) et l\u2019association gessienne Trail The World qui ont relanc\u00e9 le D\u00e9fi de Fort-l\u2019Ecluse apr\u00e8s trois malheureuses ann\u00e9es d\u2019interruption. In fine, pas moins de 495 comp\u00e9titeurs ont paraph\u00e9 leur venue, soit la plus importante affluence jamais enregistr\u00e9e dans une course nature disput\u00e9e dans le pays de Gex. Face [&#8230;]<\/p>\n","protected":false},"author":2,"featured_media":12090,"comment_status":"closed","ping_status":"closed","sticky":false,"template":"","format":"standard","meta":{"advanced_seo_description":"","jetpack_seo_html_title":"","jetpack_seo_noindex":false,"_jetpack_memberships_contains_paid_content":false,"footnotes":"","jetpack_publicize_message":"PRESENTATION DU DEFI DE FORT-L\u2019ECLUSE : PRONOSTICS \/ 19-11-17","jetpack_publicize_feature_enabled":true,"jetpack_social_post_already_shared":true,"jetpack_social_options":{"image_generator_settings":{"template":"highway","default_image_id":0,"font":"","enabled":false},"version":2}},"categories":[14,32,6,39,13],"tags":[11],"class_list":["post-12065","post","type-post","status-publish","format-standard","has-post-thumbnail","hentry","category-ain","category-articles-sur-les-courses","category-articles","category-defi-de-fort-lecluse","category-presentations-des-courses","tag-news"],"views":2668,"jetpack_publicize_connections":[],"jetpack_featured_media_url":"https:\/\/i0.wp.com\/www.courzyvite.run\/blog\/wp-content\/uploads\/2017\/11\/20597457_10155558187454395_883542162974753909_n-e1511112941384.jpg?fit=960%2C429&ssl=1","jetpack_shortlink":"https:\/\/wp.me\/p7PZ3h-38B","jetpack_sharing_enabled":true,"_links":{"self":[{"href":"https:\/\/www.courzyvite.run\/blog\/wp-json\/wp\/v2\/posts\/12065","targetHints":{"allow":["GET"]}}],"collection":[{"href":"https:\/\/www.courzyvite.run\/blog\/wp-json\/wp\/v2\/posts"}],"about":[{"href":"https:\/\/www.courzyvite.run\/blog\/wp-json\/wp\/v2\/types\/post"}],"author":[{"embeddable":true,"href":"https:\/\/www.courzyvite.run\/blog\/wp-json\/wp\/v2\/users\/2"}],"replies":[{"embeddable":true,"href":"https:\/\/www.courzyvite.run\/blog\/wp-json\/wp\/v2\/comments?post=12065"}],"version-history":[{"count":2,"href":"https:\/\/www.courzyvite.run\/blog\/wp-json\/wp\/v2\/posts\/12065\/revisions"}],"predecessor-version":[{"id":61158,"href":"https:\/\/www.courzyvite.run\/blog\/wp-json\/wp\/v2\/posts\/12065\/revisions\/61158"}],"wp:featuredmedia":[{"embeddable":true,"href":"https:\/\/www.courzyvite.run\/blog\/wp-json\/wp\/v2\/media\/12090"}],"wp:attachment":[{"href":"https:\/\/www.courzyvite.run\/blog\/wp-json\/wp\/v2\/media?parent=12065"}],"wp:term":[{"taxonomy":"category","embeddable":true,"href":"https:\/\/www.courzyvite.run\/blog\/wp-json\/wp\/v2\/categories?post=12065"},{"taxonomy":"post_tag","embeddable":true,"href":"https:\/\/www.courzyvite.run\/blog\/wp-json\/wp\/v2\/tags?post=12065"}],"curies":[{"name":"wp","href":"https:\/\/api.w.org\/{rel}","templated":true}]}}