{"id":11968,"date":"2017-11-17T21:05:34","date_gmt":"2017-11-17T20:05:34","guid":{"rendered":"https:\/\/www.courzyvite.run\/blog\/?p=11968"},"modified":"2022-11-17T17:50:56","modified_gmt":"2022-11-17T16:50:56","slug":"presentation-de-la-run-express-de-poisy-favoris-et-outsiders-18-11-17","status":"publish","type":"post","link":"https:\/\/www.courzyvite.run\/blog\/2017\/11\/17\/presentation-de-la-run-express-de-poisy-favoris-et-outsiders-18-11-17\/","title":{"rendered":"PRESENTATION DE LA RUN EXPRESS DE POISY : HISTORIQUE ET PRONOSTICS \/ 18-11-17"},"content":{"rendered":"<p><strong>LA DEFERLANTE POISILIENNE<\/strong><\/p>\n<p>A Poisy, commune de 7363 \u00e2mes de l\u2019agglom\u00e9ration ann\u00e9cienne adoss\u00e9e \u00e0 la montagne d\u2019Age, via un coteau dominant la cluse d\u2019Annecy, on appr\u00e9cie tout particuli\u00e8rement l\u2019action \u00e9clair.<br \/>\nPetit retour en arri\u00e8re avec la naissance, en septembre 2016, de l\u2019association <strong>Courir \u00e0 Poisy<\/strong>. D\u2019embl\u00e9e, la greffe aura pris, le premier entra\u00eenement \u00e9tant fr\u00e9quent\u00e9 le 6 octobre par plus de&#8230; 65 personnes ! Troisi\u00e8me acte le 4 novembre, avec l\u2019assembl\u00e9e g\u00e9n\u00e9rale qui \u00e9lit au poste de pr\u00e9sident <strong>Arnaud Lambert<\/strong>. Enfin, une semaine plus tard, le nouveau club qui re\u00e7oit le pr\u00e9cieux renfort de <strong>St\u00e9phane Agnoli<\/strong>, homme-orchestre de la Maxi-Race du Lac d\u2019Annecy, lance<strong>\u00a0<\/strong>l\u2019\u00e9dition princeps de la Run Express, avec au menu un parcours de 9,8 km pour un d\u00e9nivel\u00e9 de 240 m.<br \/>\nLe succ\u00e8s est imm\u00e9diat, la manifestation r\u00e9ussissant le tour de force d\u2019aimanter pas moins de 250 bip\u00e8des, sans compter la foultitude d\u2019enfants ! Un chiffre qui co\u00efncide avec l\u2019objectif fix\u00e9 malgr\u00e9 la s\u00e9v\u00e8re concurrence \u00e9manant de la Course de la Colline \u00e0 V\u00e9traz-Monthoux, et plus encore de l\u2019in\u00e9dit Urban Race Seynod qui faisait \u00e9galement le plein avec 310 athl\u00e8tes.<\/p>\n<p><strong>La montagne d\u2019Age sous toutes ses coutures<\/strong><br \/>\nDu coup, pas question pour Courir \u00e0 Poisy de s\u2019arr\u00eater en si bon chemin ! Cet engouement populaire incite en effet Arnaud et St\u00e9phane \u00e0 concocter une deuxi\u00e8me \u00e9preuve, d\u00e9nomm\u00e9e Trail des Grenouilles (1), le 10 bornes demeurant en l\u2019\u00e9tat. Plus long, plus cors\u00e9, soit 16,9 km pour 760 m de d\u00e9nivel\u00e9, le nouveau trac\u00e9, contrairement \u00e0 l\u2019\u00e9dition princeps qui restait cantonn\u00e9 \u00e0 Poisy avec une br\u00e8ve incursion sur Lovagny, s\u2019invite cette fois-ci dans les deux autres communes int\u00e9grant la <strong>montagne d\u2019Age<\/strong>, \u00e0 savoir Nonglard et Sillingy.<br \/>\nLes trailers auront donc le bonheur d\u2019arpenter en long et en large ce micromassif de 250 ha et culminant \u00e0 672 m d\u2019altitude, septi\u00e8me et dernier maillon de la cha\u00eene du Sal\u00e8ve qui s\u2019abaisse inexorablement jusqu\u2019aux gorges du Fier. Tout un programme&#8230;<br \/>\nIn fine, nos deux t\u00eates pensantes et leur vaillante escouade auront eu le nez creux, 601 trailers paraphant leur engagement, 356 sur le 17 km, 245 sur le 10 km. Du grand art, assur\u00e9ment !<\/p>\n<p><strong>F.V.<\/strong><\/p>\n<p>(1) La Grenouille est, avec le Poisilien, l\u2019un des deux noms attribu\u00e9s aux habitants de Poisy en raison des nombreux batraciens qui peuplaient le marais de Poisy.<br \/>\n<span style=\"font-size: 0.95em;\"><span style=\"color: #ffffff;\">.<\/span><br \/>\n<span style=\"color: #ffffff;\">.<\/span><br \/>\n<span style=\"color: #ffffff;\">.<\/span><br \/>\n<\/span><strong>ARTICLE DU QUOTIDIEN <em>LE DAUPHIN\u00c9 LIBER\u00c9<\/em>\u00a0:<\/strong><\/p>\n<p>Ci-dessous, vous trouverez l\u2019annonce figurant en page locale de l\u2019\u00e9dition Annecy &#8211; Rumilly &#8211; Les Aravis, en date du jeudi 16 novembre 2017.<br \/>\nCe texte n\u2019est pas sign\u00e9.<\/p>\n<p>\n\t\t<div class=\"wppdfemb-frame-container-1\" style=\"-webkit-overflow-scrolling:auto;\">\n\t\t\t<iframe class=\"pdfembed-iframe nonfullscreen wppdf-emb-iframe-1\"\n\t\t\t\tsrc=\"https:\/\/www.courzyvite.run\/blog\/?pdfemb-data=eyJ1cmwiOiJodHRwczpcL1wvd3d3LmNvdXJ6eXZpdGUucnVuXC9ibG9nXC93cC1jb250ZW50XC91cGxvYWRzXC8yMDE3XC8xMVwvUERGLVBhZ2UtMTAtZWRpdGlvbi1kLWFubmVjeS1ydW1pbGx5LWxlcy1hcmF2aXMtMjAxNzExMTYtMS5wZGYiLCJ0aXRsZSI6IlBERi1QYWdlLTEwLWVkaXRpb24tZC1hbm5lY3ktcnVtaWxseS1sZXMtYXJhdmlzLTIwMTcxMTE2IiwiaW5kZXgiOjEsInBkZklEIjo1MTUwNH0\"\n\t\t\t\ttitle=\"PDF-Page-10-edition-d-annecy-rumilly-les-aravis-20171116\"\t\t\t\tdata-pdf-id=\"51504\"\n\t\t\t\tdata-pdf-index=\"1\"\n\t\t\t\tstyle=\"border:none;width:100%;max-width:100%;height:100vh;\"\n\t\t\t\tscrolling=\"yes\">\n\t\t\t<\/iframe>\n\t\t<\/div>\n\n\t\t<br \/>\n<span style=\"color: #ffffff;\">.<\/span><br \/>\n<span style=\"color: #ffffff;\">.<\/span><strong><br \/>\nFAVORIS ET OUTSIDERS SUR LE TRAIL DES GRENOUILLES DE POISY (17 KM) :<br \/>\n<\/strong><span style=\"color: #ffffff;\">.<\/span><br \/>\n<span style=\"color: #ffffff;\">.<\/span><strong style=\"font-size: 0.95em;\"><br \/>\n<\/strong><strong>Dimensions :<\/strong><\/p>\n<p>16,9 km pour 750 m de d\u00e9nivel\u00e9 se d\u00e9composant de la fa\u00e7on suivante :<br \/>\n&#8211; 13,3 km en nature dont 10,3 km sur monotrace et 3 km sur piste.<br \/>\n&#8211; 3,6 km de bitume dont 800 m sur route foresti\u00e8re.<br \/>\n<span style=\"color: #ffffff;\">.<\/span><br \/>\n<span style=\"color: #ffffff;\">.<\/span><br \/>\n<strong>Liste des inscrits :<\/strong><\/p>\n<p>Comprenant 356 trailers, elle figure sur le site Web L-Chrono :<br \/>\n<a href=\"https:\/\/inscriptions-l-chrono.com\/runexpresspoisy2017\/registrations-list\">https:\/\/inscriptions-l-chrono.com\/runexpresspoisy2017\/registrations-list<\/a><strong><br \/>\n<\/strong><span style=\"color: #ffffff;\">.<\/span><br \/>\n<span style=\"color: #ffffff;\">.<\/span><strong><br \/>\nAnalyse :<\/strong><\/p>\n<p>Si logique il y a, le vainqueur est \u00e0 rechercher parmi les trois noms suivants : les jeunes pensionnaires de l\u2019ASPTT Annecy Athl\u00e9tisme <strong>Anthony Felber<\/strong>\u00a0et <strong>Simon Paccard<\/strong> (voir texte ci-dessous), ainsi que le gendarme seynodien et quadra<strong> Thierry Belzuz<\/strong>.<\/p>\n<p>Une flop\u00e9e d\u2019outsiders ne s\u2019en laisseront pas compter. A d\u00e9faut de podium, certains viseront le top 5, \u00e0 commencer par<strong>\u00a0Julien Durand<\/strong>\u00a0(Courir \u00e0 Poisy), dauphin de Paccard sur le 18 km du St Off en Trail, le 29 octobre dernier. Six autres athl\u00e8tes auront le m\u00eame objectif :<br \/>\n<strong>&#8211; Cyril Berger<\/strong> (Vaulx).<br \/>\n<strong>&#8211; Xavier Boas<\/strong> (Team Endurance Shop Annecy\/OSS).<br \/>\n<strong>&#8211; Maurice Chatelain-Cadet<\/strong> (Team Mermillod Triathlon).<br \/>\n<strong>&#8211; Yannick Mugnier<\/strong> (La Ronde De Chavanod \/ Courir par Nature), 6\u00e8me (2\u00e8me master 1) sur le 10 km de la Run Express de Poisy en 2016.<br \/>\n<strong>&#8211; Arnaud Remillon<\/strong> (Team Endurance Shop Annecy \/ OSS).<br \/>\n<strong>&#8211; Julien Tapiero<\/strong> (La Ronde De Chavanod), 10\u00e8me sur le 10 km de la Run Express de Poisy en 2016.<\/p>\n<p>Un peu plus loin, on devrait observer :<br \/>\n<strong>&#8211; Romain Di Ciocco<\/strong> (Pringy), 29\u00e8me (15\u00e8me senior) sur le 10 km de la Run Express de Poisy en 2016.<br \/>\n<strong>&#8211; Gael Diz-Grana<\/strong> (D\u00e9veloppement du Sport Nature 74), 13\u00e8me sur le 10 km de la Run Express de Poisy en 2016.<br \/>\n<strong>&#8211; Alain Emonet<\/strong> (Argonay), master 3 depuis le 1er novembre dernier.<br \/>\n<strong>&#8211; Louis Felber<\/strong> (Poisy), p\u00e8re d\u2019Anthony, 16\u00e8me (2\u00e8me master 2) sur le 10 km de la Run Express de Poisy en 2016.<br \/>\n<strong>&#8211; Fabien Fournet <\/strong>(Courir \u00e0 Poisy), 19\u00e8me (6\u00e8me master 1) sur le 10 km de la Run Express de Poisy en 2016.<br \/>\n<strong>&#8211; S\u00e9bastien Gros <\/strong>(Poisy).<br \/>\n<strong>&#8211; David Montmey<\/strong> (Coureurs sur Route de C\u00f4te d\u2019Or).<br \/>\n<strong>&#8211; Nicolas Moreau<\/strong>.<br \/>\n<strong>&#8211; St\u00e9phane Parrot<\/strong> (Annecy-le-Vieux).<br \/>\n<strong>&#8211; Johan Reilly<\/strong>.<br \/>\n<strong>&#8211; Philippe Ruivet<\/strong> (Sillingy), 25\u00e8me (8\u00e8me master 1) sur le 10 km de la Run Express de Poisy en 2016.<br \/>\n<strong>&#8211; Jean-Philippe Zanoni<\/strong> (Menthon-Saint-Bernard).<\/p>\n<p>Ag\u00e9e de 32 ans et demeurant \u00e0 Charvonnex, <strong>Fanny Frechinet <\/strong>aura largement la faveur des pronostics chez les dames. Raideuse par excellence, elle intercale r\u00e9guli\u00e8rement quelques trails dans sa saison. P\u00e9trie de talent, elle cartonne aussi bien sur courte que longue distance. Le 1er avril dernier, elle a ainsi fait tomber dans son escarcelle le 33 km du Trail des Glaisins, avant de r\u00e9cidiver le 26 septembre en compagnie de <strong>Ma\u00eflys Drevon <\/strong>sur le 37 km en duo du Trail des Gli\u00e8res.<br \/>\nOn mettra \u00e9galement en exergue les performances suivantes : en 2012, 3\u00e8me sur le 63 km de la 6000D ; en 2013, 1\u00e8re sur le 22 km de la Sange\u2019Run ; en 2016, 2\u00e8me sur le 26,5 km du Belledonne Gelon Trail, 3\u00e8me sur la Verticale du M\u00f4le, enfin 1\u00e8re sur le 54 km du Courchevel X-Trail.<br \/>\nSa dauphine pourrait bien \u00eatre l\u2019Ann\u00e9cienne <strong>Pauline Charvin<\/strong>, 28 ans, qui trouve son bonheur sur le format light. Cette ann\u00e9e, on l\u2019a ainsi vu \u00e0 son avantage sur le 17 km du Trail des Glaisins (8\u00e8me), sur les 22 km de la Cusy\u2019Hard (5\u00e8me) et du Trail des Gli\u00e8res (9\u00e8me).<\/p>\n<p><strong>F.V.<\/strong><br \/>\n<span style=\"color: #ffffff;\">.<\/span><br \/>\n<span style=\"color: #ffffff;\">.<\/span><strong style=\"font-size: 0.95em;\"><br \/>\n<\/strong><strong>LE PHENOMENE SIMON PACCARD :<\/strong><\/p>\n<div class=\"text_exposed_show\">\n<p>Ancienne figure \u00e0 Alby du Football Club du Ch\u00e9ran jusqu\u2019\u00e0 l\u2019\u00e9t\u00e9 dernier, <strong>Simon Paccard<\/strong> pourrait bien faire parler de lui le week-end prochain, \u00e0 condition n\u00e9anmoins que sa cheville droite le laisse tranquille.<\/p>\n<p>Premier acte le samedi 18 novembre, \u00e0 l\u2019occasion de la 2\u00e8me Run Express de Poisy, qui verra ce junior 1\u00e8re ann\u00e9e, n\u00e9 le 25 juillet 2000, croiser le fer sur l\u2019in\u00e9dit 17 km avec deux trailers qui ont une cote ITRA l\u00e9g\u00e8rement sup\u00e9rieure \u00e0 la sienne (726) : <strong>Anthony Felber<\/strong> (751, ASPTT Annecy Athl\u00e9tisme), 20 ans, 9\u00e8me (1er espoir) sur\u00a0le 10 km de la Run Express de Poisy en 2016 ; et <strong>Thierry Belzuz<\/strong> (730, Gendarmerie Nationale Seynod), 48 ans.<br \/>\nCette bagarre \u00e0 3 au coeur de la montagne d\u2019Age, ultime cha\u00eenon jurassien avant les Pr\u00e9alpes, s\u2019annonce de toute beaut\u00e9 car particuli\u00e8rement ind\u00e9cise. On remarquera que dans les quatre duels opposant en 2017 Simon \u00e0 Anthony, celui-ci qui op\u00e9rera \u00e0 domicile l\u2019a emport\u00e9 \u00e0 trois reprises : Short-Race du Lac d\u2019Annecy, Youth Chamonix Courmayeur et 15 km du Trail des Aiguilles Rouges, son adversaire ne prenant l\u2019avantage que sur la Young Race Marathon. Cependant, la victoire du junior dans les Bauges sur le 18 bornes du St Off en Trail, d\u00e9croch\u00e9e magistralement malgr\u00e9 un contexte assez relev\u00e9, t\u00e9moigne de sa mont\u00e9e en puissance, et in fine lui acquiert tr\u00e8s l\u00e9g\u00e8rement le statut de favori.<\/p>\n<p>Le lendemain, s\u2019il a bien r\u00e9cup\u00e9r\u00e9, ce qui n\u2019est pas garanti, Simon cherchera \u00e0 titiller le Suisse <strong>Simon Senn\u00a0<\/strong>qui partira en pole position lors du 11\u00e8me D\u00e9fi de Fort-l\u2019Ecluse, concouru dans l\u2019Ain. Une \u00e9preuve unique en son genre avec ses 917 marches d\u2019escalier \u00e0 gravir dans une galerie souterraine, domin\u00e9e par la pr\u00e9sence exceptionnelle de l\u2019internationale britannique de course en montagne <strong>Sarah Tunstall<\/strong>, 3\u00e8me le 30 juillet dernier aux mondiaux en Italie.<\/p>\n<p>A vrai dire, cet \u00e9l\u00e8ve de terminale S du lyc\u00e9e de l\u2019Albanais \u00e0 Rumilly avait commenc\u00e9, l\u2019an pass\u00e9, \u00e0 briller dans le trail qu\u2019il a \u00e9trenn\u00e9 en 2012 avant de lui servir d\u2019entra\u00eenement pour ses matchs de foot. Ses prestations ne laiss\u00e8rent en effet aucun doute sur ses qualit\u00e9s athl\u00e9tiques et mentales : 3\u00e8me sur le 13 km de la Cusy\u2019Hard ; 8\u00e8me sur le 14 km du B\u00e9lier ; 14\u00e8me sur la Mont\u00e9e de la Tournette ; enfin, 8\u00e8me sur le 13 km du Trail des Gli\u00e8res.<\/p>\n<p>Indubitablement, celui qui endosse d\u00e9sormais les couleurs de l\u2019ASPTT Annecy Athl\u00e9tisme a franchi cette ann\u00e9e un pallier comme l\u2019illustrent ses multiples prouesses : 3\u00e8me sur le 14 km des Foul\u00e9es de Gruffy o\u00f9 il a grandi \u00e0 compter de 2007 ; 6\u00e8me sur la Short-Race du Lac d\u2019Annecy ; 4\u00e8me sur la Young Race Marathon ; 11\u00e8me sur la Youth Chamonix Courmayeur ; 7\u00e8me sur le 15 km du Trail des Aiguilles Rouges ; et la cerise sur le g\u00e2teau avec son succ\u00e8s inattendu, le premier en l\u2019occurrence, sur le 18 km de St Off en Trail.<\/p>\n<p>Parall\u00e8lement, il s\u2019adonne avec le m\u00eame talent au raid multisports sous l\u2019impulsion de <strong>David Boiron<\/strong>, prof d\u2019EPS au lyc\u00e9e de l\u2019Albanais. Ainsi, pour la deuxi\u00e8me ann\u00e9e cons\u00e9cutive, lui-m\u00eame et ses co\u00e9quipiers <strong>Louise Patard<\/strong>,<strong> Edouard Claude<\/strong> et<strong> Mathieu Boiron<\/strong> (que remplace dor\u00e9navant <strong>Emilien Grillet<\/strong>) se sont appropri\u00e9 une \u00e9logieuse 5\u00e8me place aux Championnats de France UNSS Lyc\u00e9es, disput\u00e9s \u00e0 Hirson, dans l\u2019Aisne. Pour le plus grand bonheur de son bahut !<\/p>\n<p><strong>F.V.<br \/>\n<\/strong><span style=\"color: #ffffff;\">.<\/span><br \/>\n<span style=\"color: #ffffff;\">.<\/span><br \/>\n<span style=\"color: #ffffff;\">.<\/span><strong><br \/>\nFAVORIS ET OUTSIDERS SUR LA RUN EXPRESS DE LA MONTAGNE D\u2019AGE (10 KM) :<br \/>\n<\/strong><span style=\"color: #ffffff;\">.<\/span><br \/>\n<span style=\"color: #ffffff;\">.<\/span><strong style=\"font-size: 0.95em;\"><br \/>\n<\/strong><strong>Dimensions :<\/strong><\/p>\n<p>9,8 km pour 220 m de d\u00e9nivel\u00e9 se d\u00e9composant de la fa\u00e7on suivante :<br \/>\n&#8211; 6,2 km en nature.<br \/>\n&#8211; 3,6 km de bitume.<br \/>\n<span style=\"color: #ffffff;\">.<\/span><br \/>\n<span style=\"color: #ffffff;\">.<\/span><strong style=\"font-size: 0.95em;\"><br \/>\n<\/strong><strong>Liste des inscrits :<\/strong><\/p>\n<p>Comprenant 245 trailers, elle figure sur le site Web L-Chrono :<br \/>\n<a href=\"https:\/\/inscriptions-l-chrono.com\/runexpresspoisy2017\/registrations-list\">https:\/\/inscriptions-l-chrono.com\/runexpresspoisy2017\/registrations-list<\/a><strong><br \/>\n<span style=\"color: #ffffff;\">.<\/span><br \/>\n<span style=\"color: #ffffff;\"> .<\/span><br \/>\nAnalyse :<\/strong><\/p>\n<p>Seront en premi\u00e8re ligne, au scratch <strong>Christophe Cicero<\/strong> (Sonnaz), 40 ans, et chez les filles <strong>Aur\u00e9lie Chaine<\/strong>,<strong> ex-Perret\u00a0<\/strong>(ASPTT Annecy Athl\u00e9tisme), 37 ans le 30 novembre prochain.<\/p>\n<p>Routier \u00e0 la base, Christophe s\u2019est pris il y a trois ans au jeu du trail avec beaucoup de r\u00e9ussite. Preuve en est, ses deux exploits accomplis sur la SaintExpress qui l\u2019a vu terminer 3\u00e8me en 2014 puis 4\u00e8me en 2016. Cette ann\u00e9e, l\u2019ex-soci\u00e9taire de l\u2019Athl\u00e9tique Sport Aixois s\u2019est mis en \u00e9vidence sur le 12,5 km de la Chatvoyarde (2\u00e8me), le 23 km du Trail des Passerelles de Monteynard (5\u00e8me), le 21 km de la Gr\u00e9sylienne (3\u00e8me) et la Nocturne des Teppes (2\u00e8me).<\/p>\n<p>Cadet 2\u00e8me ann\u00e9e pour avoir vu le jour le 31 juillet 2001, <strong>Louis Parent<\/strong> (Annecy Sports Orientation) qui r\u00e9side \u00e0 Dingy-Saint-Clair est en mesure de lui poser des banderilles. Le 14 mai dernier,\u00a0il s\u2019est permis, sur le 8 km de la Course des Etangs, de devancer d\u2019un rang et de 14\u2019\u2019 l\u2019exp\u00e9riment\u00e9 quinqua <strong>Boucha\u00efd Kninech\u00a0<\/strong>qui, un mois et demi auparavant, bouclait le 10km de Grignon en 34\u201930, ce qui en dit long sur le potentiel de cette jeune pousse. Il finira ensuite 5\u00e8me tant sur le 15 km du B\u00e9lier que sur le 13 km du Trail des Gli\u00e8res.<\/p>\n<p>Les autres pr\u00e9tendants au top 5 ont pour nom :<br \/>\n<strong>&#8211; Mebarek Bessaa<\/strong> (Team Mermillod Triathlon).<br \/>\n<strong>&#8211; Eric Crozet<\/strong> (Evian Off Course).<br \/>\n<strong>&#8211; Laurent Gombert<\/strong> (Saint-Martin-Bellevue).<br \/>\n<strong>&#8211; Gr\u00e9gory Mocellin<\/strong> (ASPTT Annecy Athl\u00e9tisme).<\/p>\n<p>Faisant un tabac sur trail d\u00e9couverte, Aur\u00e9lie Chaine devrait de son c\u00f4t\u00e9 embellir son pedigree d\u2019une \u00e9ni\u00e8me victoire. En l\u2019occurrence la 6\u00e8me en 2017 apr\u00e8s la Menthonnaise, le 19 km du Trail du Laudon, le 11 km de la 6000D, le 12 km du Trail Semnoz Tour, enfin le 7,7 km de la Ronde du Bout du Lac.<\/p>\n<p>Grimpera vraisemblablement sur l\u2019une des deux marches restantes, l\u2019Ann\u00e9cienne <strong>Isaline Thibon<\/strong>,<strong>\u00a0<\/strong>dont les comp\u00e8tes<strong>\u00a0<\/strong>n\u2019exc\u00e8dent jamais les 15 bornes<strong>\u00a0<\/strong>comme l\u2019attestent ses r\u00e9sultats engrang\u00e9s cette ann\u00e9e : 3\u00e8me sur le 12 km du Trail des Glaisins, 4\u00e8me sur le 15 km du B\u00e9lier, 3\u00e8me sur le 8 km de la Machu\u2019Run, 7\u00e8me sur le 13 km de l\u2019Urban Race Seynod.<br \/>\nAg\u00e9e de 33 ans, celle qui fut jadis une des figures de la section Elite de l\u2019Athl\u00e9 Saint-Julien 74 avait r\u00e9alis\u00e9 en 2011 ses deux principaux records : 2\u201927\u2019\u201981 sur 800 m (IR4), 38\u201953 sur 10 km (IR2).<\/p>\n<p><strong>F.V.<br \/>\n<\/strong><span style=\"color: #ffffff;\">.<\/span><br \/>\n<span style=\"color: #ffffff;\">.<\/span><br \/>\n<span style=\"color: #ffffff;\">.<\/span><strong><br \/>\nPALMARES DE LA 1ERE EDITION DU 12 NOVEMBRE 2016 (9,8 KM) :<br \/>\n<\/strong><span style=\"color: #ffffff;\">.<\/span><br \/>\n<strong>Scratch<\/strong>\u00a0(250 inscrits, 236 partants, 236 class\u00e9s)\u00a0:<br \/>\n\u2013\u00a01er (1er senior) : <b>Olivier Joubert<\/b>\u00a0(Arve Athl\u00e9tisme Bonneville Pays Rochois, section de l\u2019Entente Athl\u00e9tique de l\u2019Arve) en\u00a037\u201938.<br \/>\n\u2013 2\u00e8me (2\u00e8me senior) :\u00a0<strong>J\u00e9r\u00f4me Tissier<\/strong>\u00a0(Team Technicien du Sport Seynod) en 37\u201938.<br \/>\n\u2013 3\u00e8me (3\u00e8me senior) : <strong>Guillaume Cretinon<\/strong> (Team Endurance Shop Annecy\/OSS \/ Annecy-le-Vieux Of Course) en 37\u201959.<br \/>\n<span style=\"color: #ffffff;\">.<\/span><br \/>\n<strong>Femmes<\/strong>\u00a0(71 class\u00e9es) :<br \/>\n\u2013 1\u00e8re (1\u00e8re V1, 46\u00e8me au scratch) :\u00a0<strong>Sandrine Motto-Ros<\/strong> (Team 42km195 \/ Annecy-le-Vieux Of Course) en 45\u201945.<br \/>\n\u2013 2\u00e8me (1\u00e8re senior, 52\u00e8me au scratch) : <strong>Marine Denis<\/strong> (Entente Athl\u00e9tique Chamb\u00e9ry) en 46\u201928.<br \/>\n\u2013 3\u00e8me (2\u00e8me V1, 54\u00e8me au scratch) : <strong>Nad\u00e8ge Vignand<\/strong>\u00a0(ASPTT Annecy Athl\u00e9tisme)\u00a0en 46\u201952.<br \/>\n<span style=\"color: #ffffff;\">.<\/span><strong style=\"font-size: 0.95em;\"><br \/>\n<\/strong><strong>R\u00e9sultats complets\u00a0<\/strong>sur le site Web L-Chrono :<span style=\"font-size: 0.95em;\"><br \/>\n<\/span><a href=\"http:\/\/www.courzyvite.run\/16Resultats\/PoisyRunExpress2016.pdf\">http:\/\/www.courzyvite.run\/16Resultats\/PoisyRunExpress2016.pdf<\/a><strong><br \/>\n<\/strong><span style=\"color: #ffffff;\">.<\/span><br \/>\n<span style=\"color: #ffffff;\">.<\/span><br \/>\n<span style=\"color: #ffffff;\">.<\/span><strong><br \/>\nPHOTOS :<br \/>\n<img data-recalc-dims=\"1\" loading=\"lazy\" decoding=\"async\" class=\"size-full wp-image-12017 aligncenter\" src=\"https:\/\/i0.wp.com\/www.courzyvite.run\/blog\/wp-content\/uploads\/2017\/11\/10322717_1190201251124573_5528808071683858962_n.jpg?resize=860%2C654\" alt=\"\" width=\"860\" height=\"654\" srcset=\"https:\/\/i0.wp.com\/www.courzyvite.run\/blog\/wp-content\/uploads\/2017\/11\/10322717_1190201251124573_5528808071683858962_n.jpg?w=960&amp;ssl=1 960w, https:\/\/i0.wp.com\/www.courzyvite.run\/blog\/wp-content\/uploads\/2017\/11\/10322717_1190201251124573_5528808071683858962_n.jpg?resize=420%2C319&amp;ssl=1 420w, https:\/\/i0.wp.com\/www.courzyvite.run\/blog\/wp-content\/uploads\/2017\/11\/10322717_1190201251124573_5528808071683858962_n.jpg?resize=768%2C584&amp;ssl=1 768w\" sizes=\"auto, (max-width: 860px) 100vw, 860px\" \/><\/strong>Au premier plan :<strong> Anthony Felber <\/strong>(Courir \u00e0 Poisy \/ ASPTT Annecy Athl\u00e9tisme),<strong> un des favoris de l\u2019in\u00e9dit 17 km, <\/strong>disput\u00e9 ce samedi 18 novembre 2017 dans le cadre de la 2\u00e8me \u00e9dition de la Run Express de Poisy.<\/p>\n<p>Clich\u00e9 pris le 2 juillet 2017 \u00e0 l\u2019occasion du 17\u00e8me Trail de Faverges-Seythenex o\u00f9 Anthony s\u2019appropriera, sur le Trail des Sources du Lac (29 km), la 17\u00e8me place (5\u00e8me espoir) en 2h37\u201927.<\/p>\n<p><strong>Cr\u00e9dit image :<\/strong><br \/>\n<strong>Jean-Louis Bal (site Web Ski and Run).<\/strong><br \/>\n<img data-recalc-dims=\"1\" loading=\"lazy\" decoding=\"async\" class=\"size-full wp-image-12018 aligncenter\" src=\"https:\/\/i0.wp.com\/www.courzyvite.run\/blog\/wp-content\/uploads\/2017\/11\/18010868_1699963930019857_4708737477506732061_n.jpg?resize=479%2C488\" alt=\"\" width=\"479\" height=\"488\" srcset=\"https:\/\/i0.wp.com\/www.courzyvite.run\/blog\/wp-content\/uploads\/2017\/11\/18010868_1699963930019857_4708737477506732061_n.jpg?w=479&amp;ssl=1 479w, https:\/\/i0.wp.com\/www.courzyvite.run\/blog\/wp-content\/uploads\/2017\/11\/18010868_1699963930019857_4708737477506732061_n.jpg?resize=420%2C428&amp;ssl=1 420w, https:\/\/i0.wp.com\/www.courzyvite.run\/blog\/wp-content\/uploads\/2017\/11\/18010868_1699963930019857_4708737477506732061_n.jpg?resize=75%2C75&amp;ssl=1 75w\" sizes=\"auto, (max-width: 479px) 100vw, 479px\" \/><strong><b>Thierry Belzuz<\/b><\/strong>\u00a0(Gendarmerie Nationale Seynod), <strong>un des favoris de l\u2019in\u00e9dit 17 km<\/strong>, disput\u00e9 ce samedi 18 novembre 2017 dans le cadre de la 2\u00e8me \u00e9dition de la Run Express de Poisy.<\/p>\n<p>Clich\u00e9 pris le 16 avril 2017 \u00e0 l\u2019occasion du 8\u00e8me Trail du Mont Saint-Michel o\u00f9 Thierry s\u2019appropriera, sur le Megatrailozor (27 km), la 4\u00e8me place (2\u00e8me V1) en 2h42\u201927.<br \/>\nImage r\u00e9alis\u00e9e \u00e0 la chapelle du Mont Saint-Michel, toit du parcours \u00e0 895 m d\u2019altitude, peu apr\u00e8s le km 18.<\/p>\n<p><img data-recalc-dims=\"1\" loading=\"lazy\" decoding=\"async\" class=\"size-full wp-image-47573 aligncenter\" src=\"https:\/\/i0.wp.com\/www.courzyvite.run\/blog\/wp-content\/uploads\/2017\/11\/23032874_1563731397021098_5522785361710288133_n-1.jpg?resize=860%2C573&#038;ssl=1\" alt=\"\" width=\"860\" height=\"573\" srcset=\"https:\/\/i0.wp.com\/www.courzyvite.run\/blog\/wp-content\/uploads\/2017\/11\/23032874_1563731397021098_5522785361710288133_n-1.jpg?w=960&amp;ssl=1 960w, https:\/\/i0.wp.com\/www.courzyvite.run\/blog\/wp-content\/uploads\/2017\/11\/23032874_1563731397021098_5522785361710288133_n-1.jpg?resize=820%2C547&amp;ssl=1 820w, https:\/\/i0.wp.com\/www.courzyvite.run\/blog\/wp-content\/uploads\/2017\/11\/23032874_1563731397021098_5522785361710288133_n-1.jpg?resize=150%2C100&amp;ssl=1 150w, https:\/\/i0.wp.com\/www.courzyvite.run\/blog\/wp-content\/uploads\/2017\/11\/23032874_1563731397021098_5522785361710288133_n-1.jpg?resize=768%2C512&amp;ssl=1 768w\" sizes=\"auto, (max-width: 860px) 100vw, 860px\" \/><strong>Deux des trailers qui auront la faveur des pronostics sur l\u2019in\u00e9dit 17 km<\/strong>, disput\u00e9 ce samedi 18 novembre 2017 dans le cadre de la 2\u00e8me \u00e9dition de la Run Express de Poisy :<br \/>\n&#8211; A droite :<strong> Simon Paccard <\/strong>(ASPTT Annecy Athl\u00e9tisme),<strong> un des favoris.<\/strong><br \/>\n&#8211; A gauche :<strong> Julien Durand <\/strong>(Courir \u00e0 Poisy), <strong>un des outsiders.<\/strong><\/p>\n<p>Clich\u00e9 pris le 29 octobre 2017 \u00e0 l\u2019occasion du 1er St Off en Trail qui donnera, sur le Trail des Coteaux (18 km), les r\u00e9sultats suivants :<br \/>\n&#8211; Simon : 1er (1er junior) en 1h21\u201933.<br \/>\n&#8211; Julien : 2\u00e8me (1er senior) en\u00a01h24\u201905.<br \/>\nImage r\u00e9alis\u00e9e \u00e0 l\u2019arriv\u00e9e.<\/p>\n<p><b>Cr\u00e9dit image :<br \/>\n<\/b><b>Herv\u00e9 Thiery<\/b><strong> (Temps de Pose Photographie).<\/strong><br \/>\n<img data-recalc-dims=\"1\" loading=\"lazy\" decoding=\"async\" class=\"size-full wp-image-12005 aligncenter\" src=\"https:\/\/i0.wp.com\/www.courzyvite.run\/blog\/wp-content\/uploads\/2017\/11\/IMG_2589-1.jpg?resize=424%2C637\" alt=\"\" width=\"424\" height=\"637\" srcset=\"https:\/\/i0.wp.com\/www.courzyvite.run\/blog\/wp-content\/uploads\/2017\/11\/IMG_2589-1.jpg?w=424&amp;ssl=1 424w, https:\/\/i0.wp.com\/www.courzyvite.run\/blog\/wp-content\/uploads\/2017\/11\/IMG_2589-1.jpg?resize=420%2C631&amp;ssl=1 420w\" sizes=\"auto, (max-width: 424px) 100vw, 424px\" \/><strong>Fanny Frechinet <\/strong>(Charvonnex),<strong> grandissime favorite de l\u2019in\u00e9dit 17 km<\/strong>, disput\u00e9 ce samedi 18 novembre 2017 dans le cadre de la 2\u00e8me \u00e9dition de la Run Express de Poisy.<\/p>\n<p>Clich\u00e9 pris le 12 juin 2016 \u00e0 l\u2019occasion de la 7\u00e8me Verticale du M\u00f4le, o\u00f9 Fanny s\u2019appropriera la 3\u00e8me place f\u00e9minine (3\u00e8me senior, 47\u00e8me au scratch) en 49\u201911.<br \/>\nImage r\u00e9alis\u00e9e aux chalets de l\u2019Ecutieux.<\/p>\n<p><img data-recalc-dims=\"1\" loading=\"lazy\" decoding=\"async\" class=\"size-full wp-image-11996 aligncenter\" src=\"https:\/\/i0.wp.com\/www.courzyvite.run\/blog\/wp-content\/uploads\/2017\/11\/IMG_7843.jpg?resize=860%2C573\" alt=\"\" width=\"860\" height=\"573\" srcset=\"https:\/\/i0.wp.com\/www.courzyvite.run\/blog\/wp-content\/uploads\/2017\/11\/IMG_7843.jpg?w=900&amp;ssl=1 900w, https:\/\/i0.wp.com\/www.courzyvite.run\/blog\/wp-content\/uploads\/2017\/11\/IMG_7843.jpg?resize=420%2C280&amp;ssl=1 420w, https:\/\/i0.wp.com\/www.courzyvite.run\/blog\/wp-content\/uploads\/2017\/11\/IMG_7843.jpg?resize=768%2C512&amp;ssl=1 768w\" sizes=\"auto, (max-width: 860px) 100vw, 860px\" \/>Dossard 617 : <strong>Pauline Charvin <\/strong>(Annecy),<strong> un des outsiders f\u00e9minins de l\u2019in\u00e9dit 17 km<\/strong>, disput\u00e9 ce samedi 18 novembre 2017 dans le cadre de la 2\u00e8me \u00e9dition de la Run Express de Poisy.<\/p>\n<p>Clich\u00e9 pris le 6 avril 2014 \u00e0 l\u2019occasion des 4\u00e8mes Foul\u00e9es de Gruffy o\u00f9 Pauline s\u2019appropriera, sur le 6 km, la 8\u00e8me place f\u00e9minine (3\u00e8me senior, 51\u00e8me au scratch) en 29\u201954.<\/p>\n<p><strong>Cr\u00e9dit image :<br \/>\n<\/strong><b>Caroline Duhamel (Foul\u00e9es de Gruffy).<\/b><br \/>\n<img data-recalc-dims=\"1\" loading=\"lazy\" decoding=\"async\" class=\"size-full wp-image-12057 aligncenter\" src=\"https:\/\/i0.wp.com\/www.courzyvite.run\/blog\/wp-content\/uploads\/2017\/11\/16171.jpg?resize=860%2C571\" alt=\"\" width=\"860\" height=\"571\" srcset=\"https:\/\/i0.wp.com\/www.courzyvite.run\/blog\/wp-content\/uploads\/2017\/11\/16171.jpg?w=1440&amp;ssl=1 1440w, https:\/\/i0.wp.com\/www.courzyvite.run\/blog\/wp-content\/uploads\/2017\/11\/16171.jpg?resize=420%2C279&amp;ssl=1 420w, https:\/\/i0.wp.com\/www.courzyvite.run\/blog\/wp-content\/uploads\/2017\/11\/16171.jpg?resize=768%2C510&amp;ssl=1 768w, https:\/\/i0.wp.com\/www.courzyvite.run\/blog\/wp-content\/uploads\/2017\/11\/16171.jpg?resize=1200%2C797&amp;ssl=1 1200w\" sizes=\"auto, (max-width: 860px) 100vw, 860px\" \/>Dossard 16171 :<strong> Christophe Cicero <\/strong>(Sonnaz),<strong> grandissime favori du 10 km<\/strong>, disput\u00e9 ce samedi 18 novembre 2017 dans le cadre de la 2\u00e8me \u00e9dition de la Run Express de Poisy.<\/p>\n<p>Clich\u00e9 pris le 1er d\u00e9cembre 2012 \u00e0 l\u2019occasion de la 35\u00e8me Course de l\u2019Escalade o\u00f9 Christophe s\u2019appropriera, sur l\u2019\u00e9preuve Hommes Elite, la 49\u00e8me place en 24\u201912\u2019\u20191.<br \/>\nImage r\u00e9alis\u00e9e au d\u00e9but du 1er tour.<\/p>\n<p><strong>Cr\u00e9dit image :<\/strong><br \/>\n<strong>Jean-Claude Delachenal\u00a0(Saint-Julien-en-Genevois).<\/strong><br \/>\n<img data-recalc-dims=\"1\" loading=\"lazy\" decoding=\"async\" class=\"size-full wp-image-12020 aligncenter\" src=\"https:\/\/i0.wp.com\/www.courzyvite.run\/blog\/wp-content\/uploads\/2017\/11\/18740332_1851733531816698_9140392062561377495_n.jpg?resize=860%2C572\" alt=\"\" width=\"860\" height=\"572\" srcset=\"https:\/\/i0.wp.com\/www.courzyvite.run\/blog\/wp-content\/uploads\/2017\/11\/18740332_1851733531816698_9140392062561377495_n.jpg?w=960&amp;ssl=1 960w, https:\/\/i0.wp.com\/www.courzyvite.run\/blog\/wp-content\/uploads\/2017\/11\/18740332_1851733531816698_9140392062561377495_n.jpg?resize=420%2C280&amp;ssl=1 420w, https:\/\/i0.wp.com\/www.courzyvite.run\/blog\/wp-content\/uploads\/2017\/11\/18740332_1851733531816698_9140392062561377495_n.jpg?resize=768%2C511&amp;ssl=1 768w\" sizes=\"auto, (max-width: 860px) 100vw, 860px\" \/>2\u00e8me \u00e0 partir de la gauche :<strong> Louis Parent <\/strong>(Annecy Sports Orientation),<strong> un des outsiders masculins du 10 km<\/strong>, disput\u00e9 ce samedi 18 novembre 2017 dans le cadre de la 2\u00e8me \u00e9dition de la Run Express de Poisy.<\/p>\n<p>Clich\u00e9 pris le 28 mai 2017 \u00e0 l\u2019occasion de la 7\u00e8me Maxi-Race du Lac d\u2019Annecy o\u00f9 Louis s\u2019appropriera, sur la R-Race Relais de 4 avec <strong>Axel Decamp<\/strong>, <strong>Lucas Mottet<\/strong> et <strong>Lenny Vollet<\/strong>, la 17\u00e8me place par \u00e9quipes (12\u00e8me par \u00e9quipes masculines) en 9h50\u201941.<br \/>\n<img data-recalc-dims=\"1\" loading=\"lazy\" decoding=\"async\" class=\"size-full wp-image-12013 aligncenter\" src=\"https:\/\/i0.wp.com\/www.courzyvite.run\/blog\/wp-content\/uploads\/2017\/11\/Capture5-1.png?resize=820%2C546\" alt=\"\" width=\"820\" height=\"546\" srcset=\"https:\/\/i0.wp.com\/www.courzyvite.run\/blog\/wp-content\/uploads\/2017\/11\/Capture5-1.png?w=820&amp;ssl=1 820w, https:\/\/i0.wp.com\/www.courzyvite.run\/blog\/wp-content\/uploads\/2017\/11\/Capture5-1.png?resize=420%2C280&amp;ssl=1 420w, https:\/\/i0.wp.com\/www.courzyvite.run\/blog\/wp-content\/uploads\/2017\/11\/Capture5-1.png?resize=768%2C511&amp;ssl=1 768w\" sizes=\"auto, (max-width: 820px) 100vw, 820px\" \/>Dossard 527 :<strong> Aur\u00e9lie Chaine<\/strong>, <strong>ex-Perret<\/strong> (ASPTT Annecy Athl\u00e9tisme),<strong> grandissime favorite du 10 km<\/strong>, disput\u00e9 ce samedi 18 novembre 2017 dans le cadre de la 2\u00e8me \u00e9dition de la Run Express de Poisy.<\/p>\n<p>Clich\u00e9 pris le 23 avril 2017 \u00e0 l\u2019occasion du 1er Trail du Laudon o\u00f9 Aur\u00e9lie s\u2019appropriera, sur le Trail de la Bauche (19 km), la 1\u00e8re place f\u00e9minine (1\u00e8re senior, 36\u00e8me au scratch) en 1h39\u201945.<br \/>\nImage r\u00e9alis\u00e9e \u00e0 l\u2019arriv\u00e9e.<br \/>\n<img data-recalc-dims=\"1\" loading=\"lazy\" decoding=\"async\" class=\"size-full wp-image-12015 aligncenter\" src=\"https:\/\/i0.wp.com\/www.courzyvite.run\/blog\/wp-content\/uploads\/2017\/11\/DSC_0647-1.jpg?resize=860%2C571\" alt=\"\" width=\"860\" height=\"571\" srcset=\"https:\/\/i0.wp.com\/www.courzyvite.run\/blog\/wp-content\/uploads\/2017\/11\/DSC_0647-1.jpg?w=886&amp;ssl=1 886w, https:\/\/i0.wp.com\/www.courzyvite.run\/blog\/wp-content\/uploads\/2017\/11\/DSC_0647-1.jpg?resize=420%2C279&amp;ssl=1 420w, https:\/\/i0.wp.com\/www.courzyvite.run\/blog\/wp-content\/uploads\/2017\/11\/DSC_0647-1.jpg?resize=768%2C510&amp;ssl=1 768w\" sizes=\"auto, (max-width: 860px) 100vw, 860px\" \/>A droite : <strong>Isaline Thibon <\/strong>(Annecy),<strong> un des outsiders f\u00e9minins du 10 km<\/strong>, disput\u00e9 ce samedi 18 novembre 2017 dans le cadre de la 2\u00e8me \u00e9dition de la Run Express de Poisy.<\/p>\n<p>Clich\u00e9 pris le 12 novembre 2017 \u00e0 l\u2019occasion du 2\u00e8me Urban Race Seynod o\u00f9 Isaline s\u2019appropriera la 7\u00e8me place f\u00e9minine (5\u00e8me senior, 100\u00e8me au scratch) en 1h01\u201929.<br \/>\nImage r\u00e9alis\u00e9e \u00e0 l\u2019arriv\u00e9e.<\/p>\n<p><strong>Cr\u00e9dit image :<\/strong><br \/>\n<strong>Jean-Claude Delachenal (Saint-Julien-en-Genevois).<\/strong><\/p>\n<\/div>\n","protected":false},"excerpt":{"rendered":"<p>LA DEFERLANTE POISILIENNE A Poisy, commune de 7363 \u00e2mes de l\u2019agglom\u00e9ration ann\u00e9cienne adoss\u00e9e \u00e0 la montagne d\u2019Age, via un coteau dominant la cluse d\u2019Annecy, on appr\u00e9cie tout particuli\u00e8rement l\u2019action \u00e9clair. Petit retour en arri\u00e8re avec la naissance, en septembre 2016, de l\u2019association Courir \u00e0 Poisy. D\u2019embl\u00e9e, la greffe aura pris, le premier entra\u00eenement \u00e9tant fr\u00e9quent\u00e9 le 6 octobre par plus de&#8230; 65 personnes ! Troisi\u00e8me acte le 4 novembre, avec [&#8230;]<\/p>\n","protected":false},"author":2,"featured_media":47573,"comment_status":"closed","ping_status":"closed","sticky":false,"template":"","format":"standard","meta":{"advanced_seo_description":"","jetpack_seo_html_title":"","jetpack_seo_noindex":false,"_jetpack_memberships_contains_paid_content":false,"footnotes":"","jetpack_publicize_message":"PRESENTATION DE LA RUN EXPRESS DE POISY \/ 18-11-17","jetpack_publicize_feature_enabled":true,"jetpack_social_post_already_shared":true,"jetpack_social_options":{"image_generator_settings":{"template":"highway","default_image_id":0,"font":"","enabled":false},"version":2}},"categories":[16,13],"tags":[11],"class_list":["post-11968","post","type-post","status-publish","format-standard","has-post-thumbnail","hentry","category-haute-savoie","category-presentations-des-courses","tag-news"],"views":3471,"jetpack_publicize_connections":[],"jetpack_featured_media_url":"https:\/\/i0.wp.com\/www.courzyvite.run\/blog\/wp-content\/uploads\/2017\/11\/23032874_1563731397021098_5522785361710288133_n-1.jpg?fit=960%2C640&ssl=1","jetpack_shortlink":"https:\/\/wp.me\/p7PZ3h-372","jetpack_sharing_enabled":true,"_links":{"self":[{"href":"https:\/\/www.courzyvite.run\/blog\/wp-json\/wp\/v2\/posts\/11968","targetHints":{"allow":["GET"]}}],"collection":[{"href":"https:\/\/www.courzyvite.run\/blog\/wp-json\/wp\/v2\/posts"}],"about":[{"href":"https:\/\/www.courzyvite.run\/blog\/wp-json\/wp\/v2\/types\/post"}],"author":[{"embeddable":true,"href":"https:\/\/www.courzyvite.run\/blog\/wp-json\/wp\/v2\/users\/2"}],"replies":[{"embeddable":true,"href":"https:\/\/www.courzyvite.run\/blog\/wp-json\/wp\/v2\/comments?post=11968"}],"version-history":[{"count":4,"href":"https:\/\/www.courzyvite.run\/blog\/wp-json\/wp\/v2\/posts\/11968\/revisions"}],"predecessor-version":[{"id":61739,"href":"https:\/\/www.courzyvite.run\/blog\/wp-json\/wp\/v2\/posts\/11968\/revisions\/61739"}],"wp:featuredmedia":[{"embeddable":true,"href":"https:\/\/www.courzyvite.run\/blog\/wp-json\/wp\/v2\/media\/47573"}],"wp:attachment":[{"href":"https:\/\/www.courzyvite.run\/blog\/wp-json\/wp\/v2\/media?parent=11968"}],"wp:term":[{"taxonomy":"category","embeddable":true,"href":"https:\/\/www.courzyvite.run\/blog\/wp-json\/wp\/v2\/categories?post=11968"},{"taxonomy":"post_tag","embeddable":true,"href":"https:\/\/www.courzyvite.run\/blog\/wp-json\/wp\/v2\/tags?post=11968"}],"curies":[{"name":"wp","href":"https:\/\/api.w.org\/{rel}","templated":true}]}}