{"id":1157,"date":"2016-10-04T18:20:11","date_gmt":"2016-10-04T16:20:11","guid":{"rendered":"https:\/\/www.courzyvite.run\/blog\/?p=1157"},"modified":"2020-10-03T08:13:49","modified_gmt":"2020-10-03T06:13:49","slug":"resultats-compte-rendu-et-photos-de-la-course-de-la-saint-bruno-02-10-16","status":"publish","type":"post","link":"https:\/\/www.courzyvite.run\/blog\/2016\/10\/04\/resultats-compte-rendu-et-photos-de-la-course-de-la-saint-bruno-02-10-16\/","title":{"rendered":"RESULTATS, COMPTE RENDU ET PHOTOS DE LA COURSE DE LA SAINT-BRUNO \/ 02-10-16"},"content":{"rendered":"<p><strong>ETIENNE MITAUX EN RECIDIVISTE, CORINNE ROY EN SOLITAIRE\u00a0!<\/strong><\/p>\n<p>Malgr\u00e9 l\u2019encombrement du calendrier, la 15\u00e8me Course de la Saint-Bruno, concourue dans le village faucignerand de Contamine-sur-Arve \u00e0 l\u2019occasion de la grande f\u00eate d\u00e9di\u00e9e au saint patron des lieux, a connu une belle affluence. Celle-ci n\u2019en est pas moins en l\u00e9ger reflux, 119 athl\u00e8tes paraphant leur engagement contre 152 l\u2019an pass\u00e9. Pas de quoi d\u00e9contenancer toutefois le ma\u00eetre d\u2019oeuvre<strong>\u00a0Michel Rieux <\/strong>(1), et sa vaillante escouade, qui auront su admirablement orchestr\u00e9 cette manifestation m\u00ealant routes, chemins terreux et monotraces.<\/p>\n<p>A l\u2019issue d\u2019un duel de toute beaut\u00e9 avec son \u00e9quipier <strong>Olivier Joubert<\/strong>, le Villamagnain <strong>Etienne Mitaut<\/strong> (Entente Athl\u00e9tique de l\u2019Arve &#8211; EAA) enl\u00e8ve le 11km (10,7km pour 270m de d\u00e9nivel\u00e9) pour la deuxi\u00e8me ann\u00e9e d\u2019affil\u00e9e. Il est le seul \u00e0 descendre sous les 40\u2019, bonifiant de pr\u00e8s de 3\u2019 son chrono 2015. 15 petites secondes le s\u00e9parent de Joubert qui aura tout donn\u00e9 malgr\u00e9 sa 3\u00e8me place, la veille, \u00e0 la M\u00f4linette. La domination des deux hommes est sans appel, le triathl\u00e8te <strong>Nicolas G\u00e9rard<\/strong> qui compl\u00e8te le podium leur conc\u00e9dant plus de 2\u2019.<br \/>\nAuteur d\u2019une v\u00e9ritable d\u00e9monstration de force, la Scientrienne <strong>Corinne Roy<\/strong>, d\u00e9sormais V2, rel\u00e8gue \u00e0 pr\u00e8s de 6\u2019 <strong>Isabelle Viaud<\/strong> et \u00e0 plus de 8\u2019 la valeureuse quinqua et traileuse du M\u00f4le, <strong>Lucienne Secco<\/strong>. A l\u2019image de leurs alter ego masculins, les deux premi\u00e8res rev\u00eatent la tunique de l\u2019EAA, d\u00e9cid\u00e9ment \u00e0 la f\u00eate ce dimanche.<\/p>\n<p><strong>La sensation Derisoud<\/strong><br \/>\nToujours sur le 11 bornes, on mettra \u00e9galement en exergue la prouesse de l\u2019autochtone\u00a0<b>Julien Derisoud<\/b>, cadet 2\u00e8me ann\u00e9e (il a vu le jour le 25 janvier 1999), qui s\u2019approprie la 12\u00e8me position au scratch apr\u00e8s avoir rendu sa copie en moins de 47\u2019. Licenci\u00e9 \u00e0 La Foul\u00e9e d\u2019Annemasse entre 2008 et 2012, il est depuis d\u00e9pourvu de structure.<\/p>\n<p><strong>Decurminge et Ponseau au top<\/strong><br \/>\nEnfin, le 6km (5,9km pour 220m de d\u00e9nivel\u00e9) tombait dans l\u2019escarcelle du Thononais <strong>Xavier Decurminge<\/strong> (L\u00e9man Athl\u00e9tic Club \u2013 LAC), sp\u00e9cialiste du 1500m (marque r\u00e9f\u00e9rence en 4\u201914\u2019\u201954 le 4 juin dernier \u00e0 V\u00e9nissieux). En grande forme apr\u00e8s avoir \u00e9gal\u00e9 il y a deux semaines son record sur 10 bornes (35\u201919) \u00e0 Annecy, il l\u2019emporte de 14\u2019\u2019 devant le surprenant cadet <strong>Edgar Michelet<\/strong> (Tri Sal\u00e8ve Annemasse), qui ne l\u00e2chera prise qu\u2019au moment de conclure.<br \/>\nChez les filles, 30\u2019\u2019 auront suffi \u00e0 la Dhab\u00e9rante <strong>Marie Ponseau<\/strong>, compagne de G\u00e9rard, pour d\u00e9crocher le troph\u00e9e au d\u00e9pens de la solide quadra <strong>Anne Michel<\/strong> (LAC), victorieuse en 2015. Des vacances en Italie qui pr\u00e9c\u00e8dent le rendez-vous et un surpoids de 2kg expliquent peut-\u00eatre la relative d\u00e9faillance de la Thononaise.<br \/>\n<strong>Mathieu Millot<\/strong> (EAA) et l\u2019espoir <strong>Laure Desbiolles<\/strong> grimpaient quant \u00e0 eux sur la troisi\u00e8me marche.<\/p>\n<p><strong>F.V.<\/strong><\/p>\n<p>(1) Directeur de course, <strong>Michel Rieux<\/strong> a pris cette saison le relais de <strong>Bernard Deplante\u00a0<\/strong>qui, par la m\u00eame occasion, int\u00e9gra le peloton du 11 bornes, finissant 69\u00e8me (2\u00e8me V3) en 1h11\u201941.<br \/>\n<span style=\"color: #ffffff;\">.<\/span><br \/>\n<span style=\"color: #ffffff;\">.<\/span><br \/>\n<span style=\"color: #ffffff;\">.<\/span><strong style=\"font-size: 0.95em;\"><br \/>\n<\/strong><strong>ARTICLE DU QUOTIDIEN \u00ab LE DAUPHINE LIBERE \u00bb :<\/strong><\/p>\n<p>Ci-dessous, vous trouverez le compte rendu figurant en page sports des \u00e9ditions de la Haute-Savoie, en date du lundi 3 octobre 2016. Il est sign\u00e9 par le talentueux correspondant <strong>Georges Ongaro<\/strong>.<br \/>\n<a class=\"link-to-pdf\" title=\"pdf-page_38-edition-d-annecy-et-rumilly_20161003\" href=\"https:\/\/www.courzyvite.run\/blog\/wp-content\/uploads\/2016\/10\/PDF-Page_38-edition-d-annecy-et-rumilly_20161003-1.pdf\" target=\"_blank\" rel=\"attachment noopener wp-att-1799 noreferrer\"><img data-recalc-dims=\"1\" loading=\"lazy\" decoding=\"async\" class=\"alignnone size-full wp-image-1805 thumb-of-pdf\" src=\"https:\/\/i0.wp.com\/www.courzyvite.run\/blog\/wp-content\/uploads\/2016\/10\/PDF-Page_38-edition-d-annecy-et-rumilly_20161003-1-pdf.jpg?resize=673%2C1024\" alt=\"thumbnail of pdf-page_38-edition-d-annecy-et-rumilly_20161003\" width=\"673\" height=\"1024\" srcset=\"https:\/\/i0.wp.com\/www.courzyvite.run\/blog\/wp-content\/uploads\/2016\/10\/PDF-Page_38-edition-d-annecy-et-rumilly_20161003-1-pdf.jpg?w=673&amp;ssl=1 673w, https:\/\/i0.wp.com\/www.courzyvite.run\/blog\/wp-content\/uploads\/2016\/10\/PDF-Page_38-edition-d-annecy-et-rumilly_20161003-1-pdf.jpg?resize=197%2C300&amp;ssl=1 197w\" sizes=\"auto, (max-width: 673px) 100vw, 673px\" \/><\/a><\/p>\n<p><span style=\"color: #ffffff;\">.<\/span><strong><br \/>\n<\/strong><\/p>\n<p><strong>PODIUMS :<br \/>\n<\/strong><span style=\"color: #ffffff;\">.<\/span><br \/>\n<span style=\"color: #ffffff;\">.<\/span><strong><br \/>\n10,7km :<\/strong><\/p>\n<p><strong>Scratch <\/strong>(81 inscrits, 77 class\u00e9s) :<br \/>\n\u2013 1er (1er senior) :\u00a0<strong>Etienne Mitaut<\/strong>\u00a0(La Foul\u00e9e d\u2019Annemasse, section de l\u2019Entente Athl\u00e9tique de l\u2019Arve) en 39\u201959.<br \/>\n\u2013 2\u00e8me (2\u00e8me senior)\u00a0:\u00a0<strong>Olivier Joubert<\/strong>\u00a0(Arve Athl\u00e9tisme Bonneville Pays Rochois, section de l\u2019Entente Athl\u00e9tique de l\u2019Arve) en 40\u201914.<br \/>\n\u2013 3\u00e8me (3\u00e8me senior)\u00a0:\u00a0<strong>Nicolas G\u00e9rard<\/strong> (TriSal\u00e8ve Annemasse Agglo) en 42\u201938.<br \/>\n\u2013 4\u00e8me (4\u00e8me senior)\u00a0:<strong>\u00a0Hakim Sahraoui\u00a0<\/strong>(La Foul\u00e9e d\u2019Annemasse, section de l\u2019Entente Athl\u00e9tique de l\u2019Arve) en 43\u201910.<br \/>\n\u2013 5\u00e8me (5\u00e8me senior)\u00a0:\u00a0<strong>Fabien Luce<\/strong>\u00a0(Ville-en-Sallaz) en 43\u201929.<\/p>\n<p><strong>Femmes<\/strong>\u00a0(17 class\u00e9es)\u00a0:<br \/>\nOn remarquera une erreur dans le classement f\u00e9minin par cat\u00e9gorie, <strong>Corinne Roy<\/strong> apparaissant comme V1. En v\u00e9rit\u00e9, elle est V2, ayant en effet vu le jour le 28 d\u00e9cembre 1966. Du coup, le classement f\u00e9minin des quadras et des quinquas s\u2019en trouve modifi\u00e9.<br \/>\n\u2013\u00a01\u00e8re (1\u00e8re V2, 15\u00e8me au scratch) :<strong>\u00a0Corinne Roy<\/strong>\u00a0(Arve Athl\u00e9tisme Bonneville Pays Rochois, section de l\u2019Entente Athl\u00e9tique de l\u2019Arve) en 47\u201930.<br \/>\n\u2013 2\u00e8me (1\u00e8re senior, 34\u00e8me au scratch)\u00a0:\u00a0<strong>Isabelle Viaud<\/strong> (La Foul\u00e9e d\u2019Annemasse, section de l\u2019Entente Athl\u00e9tique de l\u2019Arve\u00a0; TraiL\u00e9man Running) en 53\u201916.<br \/>\n\u2013 3\u00e8me (2\u00e8me V2, 42\u00e8me au scratch)\u00a0:\u00a0<strong>Lucienne Secco<\/strong>\u00a0(Les Trailers du M\u00f4le) en 55\u201958.<br \/>\n\u2013 4\u00e8me (1\u00e8re V1, 46\u00e8me au scratch)\u00a0:\u00a0<strong>Natacha Wypych<\/strong> en 56\u201955.<br \/>\n&#8211; 5\u00e8me (2\u00e8me V1, 48\u00e8me au scratch) :\u00a0<strong>Nathalie Devaud<\/strong> (Contamine-sur-Arve) en 57\u201931.<br \/>\n<span style=\"color: #ffffff;\">.<\/span><br \/>\n<span style=\"color: #ffffff;\">.<\/span><strong style=\"font-size: 0.95em;\"><br \/>\n<\/strong><strong>5,9km :<\/strong><\/p>\n<p><strong>Scratch<\/strong>\u00a0(38 inscrits, 38 class\u00e9s) :<br \/>\n\u2013 1er (1er senior) :\u00a0<strong>Xavier Decurninge<\/strong> (Thonon Athl\u00e9tic Club, section du L\u00e9man Athl\u00e9tic Club) en 22\u201905.<br \/>\n\u2013 2\u00e8me (1er cadet)\u00a0:\u00a0<strong>Edgar Michelet<\/strong> (TriSal\u00e8ve Annemasse Agglo) en 22\u201919.<br \/>\n\u2013 3\u00e8me (2\u00e8me senior)\u00a0:<strong>\u00a0Mathieu Millot<\/strong> (Arve Athl\u00e9tisme Bonneville Pays Rochois, section de l\u2019Entente Athl\u00e9tique de l\u2019Arve)\u00a0en 23\u201900.<\/p>\n<p><strong>Femmes<\/strong>\u00a0(13 class\u00e9es)\u00a0:<br \/>\n\u2013\u00a01\u00e8re (1\u00e8re senior, 16\u00e8me au scratch) :\u00a0<strong>Marie Ponseau<\/strong> (Hab\u00e8re-Lullin) en 28\u201925.<br \/>\n\u2013 2\u00e8me (1\u00e8re V1, 20\u00e8me au scratch)\u00a0:<strong>\u00a0Anne Michel<\/strong> (Thonon Athl\u00e9tic Club, section du L\u00e9man Athl\u00e9tic Club)\u00a0en 28\u201955.<br \/>\n\u2013 3\u00e8me (1\u00e8re espoir, 23\u00e8me au scratch)\u00a0:\u00a0<strong>Laure Desbiolles<\/strong> en 29\u201933.<br \/>\n<span style=\"color: #ffffff;\">.<\/span><br \/>\n<span style=\"color: #ffffff;\">.<\/span><br \/>\n<span style=\"color: #ffffff;\">.<\/span><strong style=\"font-size: 0.95em;\"><br \/>\n<\/strong><strong>RESULTATS COMPLETS :<\/strong><\/p>\n<p>Ils figurent sur le site Web Courzyvite\u00a0:<br \/>\n<a href=\"http:\/\/www.courzyvite.run\/16Resultats\/StBruno2016.pdf\">http:\/\/www.courzyvite.run\/16Resultats\/StBruno2016.pdf<\/a><br \/>\n<span style=\"color: #ffffff;\">.<\/span><br \/>\n<span style=\"color: #ffffff;\">.<\/span><br \/>\n<span style=\"color: #ffffff;\">.<\/span><strong style=\"font-size: 0.95em;\"><br \/>\n<\/strong><strong>PALMARES EN 2002 ET DEPUIS 2010 :<br \/>\n<\/strong><span style=\"color: #ffffff;\">.<\/span><br \/>\n<span style=\"color: #ffffff;\">.<\/span><strong style=\"font-size: 0.95em;\"><br \/>\n<\/strong><strong>2002 :<\/strong><\/p>\n<p><strong>8,6km pour 180m de d\u00e9nivel\u00e9\u00a0<\/strong>(51 class\u00e9s dont 7 femmes) :<br \/>\n\u2013\u00a01er (1er senior) :\u00a0<strong>Alain Guimet<\/strong>\u00a0(Entente Athl\u00e9tique du Sal\u00e8ve) en 31\u201920.<br \/>\n\u2013\u00a01\u00e8re (1\u00e8re senior, 18\u00e8me au scratch) :\u00a0<strong>Aline Challier<\/strong>\u00a0(La Roche-sur-Foron) en 40\u201933.<br \/>\n\u2013\u00a0R\u00e9sultats complets\u00a0sur le site Web Courir en 74 :<br \/>\n<a href=\"http:\/\/www.courir74.com\/resultats\/2002\/saintbruno.php\">http:\/\/www.courir74.com\/resultats\/2002\/saintbruno.php<\/a><br \/>\n<span style=\"color: #ffffff;\">.<\/span><br \/>\n<span style=\"color: #ffffff;\">.<\/span><strong style=\"font-size: 0.95em;\"><br \/>\n<\/strong><strong>3 octobre 2010 :<\/strong><\/p>\n<p><strong>10,5km <\/strong>(57 inscrits dont 15 femmes, 53 class\u00e9s dont 14 femmes) :<br \/>\n\u2013\u00a01er (1er V2) :\u00a0<strong>Jean-Claude Mathieu<\/strong>\u00a0(Lyon) en 43\u201917.<br \/>\n\u2013\u00a01\u00e8re (1\u00e8re V1, 15\u00e8me au scratch) :\u00a0<strong>Michelle Leservoisier<\/strong>\u00a0(Team Technicien du Sport Seynod et Jogg\u2019Attitude) en 52\u201907.<br \/>\n\u2013\u00a0R\u00e9sultats complets\u00a0sur le site Web Le Sportif.com :<br \/>\n<a href=\"http:\/\/www.le-sportif.com\/exe\/main_resultats_fiche.asp?resma_id=2578\">http:\/\/www.le-sportif.com\/exe\/main_resultats_fiche.asp?resma_id=2578<\/a><\/p>\n<p><strong>5,7km\u00a0<\/strong>(11 inscrits dont 4 femmes, 11 class\u00e9s dont 4 femmes) :<br \/>\n\u2013\u00a01er (1er V1) :\u00a0<strong>Robert Tournier<\/strong>\u00a0(Bonneville) en 23\u201945.<br \/>\n\u2013\u00a01\u00e8re (1\u00e8re senior, 7\u00e8me au scratch) :\u00a0<strong>Claire Paillot<\/strong>\u00a0(Nangy) en 32\u201929.<br \/>\n\u2013\u00a0R\u00e9sultats complets<span style=\"font-size: 0.95em;\">\u00a0sur le site Web Le Sportif.com :<br \/>\n<\/span><a style=\"font-size: 0.95em;\" href=\"http:\/\/www.le-sportif.com\/exe\/main_resultats_fiche.asp?resma_id=2578\">http:\/\/www.le-sportif.com\/exe\/main_resultats_fiche.asp?resma_id=2578<\/a><br \/>\n<span style=\"color: #ffffff;\">.<\/span><br \/>\n<span style=\"color: #ffffff;\">.<\/span><strong style=\"font-size: 0.95em;\"><br \/>\n<\/strong><strong>2 octobre 2011 :<\/strong><\/p>\n<p><strong>10,7km pour 260m de d\u00e9nivel\u00e9 <\/strong>(85 inscrits dont 28 femmes, 81 class\u00e9s dont 26 femmes) :<br \/>\n\u2013\u00a01er (1er senior) :<strong>\u00a0Yanis Lecompte<\/strong>\u00a0(Arve Athl\u00e9tisme Bonneville Pays Rochois) en 39\u201938.<br \/>\n\u2013\u00a01\u00e8re (1\u00e8re senior, 35\u00e8me au scratch) :\u00a0<strong>Corinne Goliard<\/strong>\u00a0(Etaux) en 54\u201943.<br \/>\n\u2013\u00a0R\u00e9sultats complets\u00a0sur le site Web Courzyvite :<br \/>\n<a href=\"http:\/\/www.courzyvite.run\/11Resultats\/CoorseStBrunoContamines2011.pdf\">http:\/\/www.courzyvite.run\/11Resultats\/CoorseStBrunoContamines2011.pdf<\/a><\/p>\n<p><strong>5,9km\u00a0pour 225m de d\u00e9nivel\u00e9 <\/strong>(24 inscrits dont 3 femmes, 23 class\u00e9s dont 3 femmes) :<br \/>\n\u2013\u00a01er (1er senior) :<strong>\u00a0Gilles Farina<\/strong> (Faucigny Athl\u00e9tic Club)\u00a0en 20\u201952.<br \/>\n\u2013\u00a01\u00e8re (1\u00e8re V2, 15\u00e8me au scratch) :<strong>\u00a0Agn\u00e8s Reffet<\/strong>\u00a0(Annemasse) en 31\u201932.<br \/>\n\u2013\u00a0R\u00e9sultats complets\u00a0sur le site Web Courzyvite :<br \/>\n<a href=\"http:\/\/www.courzyvite.run\/11Resultats\/CoorseStBrunoContamines2011.pdf\">http:\/\/www.courzyvite.run\/11Resultats\/CoorseStBrunoContamines2011.pdf<\/a><br \/>\n<span style=\"color: #ffffff;\">.<\/span><br \/>\n<span style=\"color: #ffffff;\">.<\/span><strong style=\"font-size: 0.95em;\"><br \/>\n<\/strong><strong>7 octobre 2012 :<\/strong><\/p>\n<p><strong>10,750km\u00a0pour 260m de d\u00e9nivel\u00e9 <\/strong>(81 inscrits, 77 class\u00e9s dont 26 femmes) :<br \/>\n\u2013\u00a01er (1er senior) :\u00a0<strong>Marc Tamanini<\/strong> (Les Foul\u00e9es Chablaisiennes) en 41\u201957.<br \/>\n\u2013\u00a01\u00e8re (1\u00e8re V1, 15\u00e8me au scratch) :<strong>\u00a0Heidi Beffa<\/strong> (La Foul\u00e9e d\u2019Annemasse) en 47\u201956.<br \/>\n\u2013\u00a0R\u00e9sultats complets<strong>\u00a0<\/strong>sur le site Web Courzyvite :<br \/>\n<a href=\"http:\/\/www.courzyvite.run\/12Resultats\/StBruno2012.pdf\">http:\/\/www.courzyvite.run\/12Resultats\/StBruno2012.pdf<\/a><\/p>\n<p><strong>5,9km\u00a0pour 225m de d\u00e9nivel\u00e9 <\/strong>(14 inscrits, 13 class\u00e9s dont 6 femmes) :<br \/>\n\u2013\u00a01er (1er senior) :\u00a0<strong>Cyril Jacquard<\/strong> (Faucigny Athl\u00e9tic Club)\u00a0en 23\u201907.<br \/>\n\u2013\u00a01\u00e8re (1\u00e8re cadette, 4\u00e8me au scratch) :<strong>\u00a0Alexia Bonnet<\/strong> (Evian Off Course) en 28\u201933.<br \/>\n\u2013\u00a0R\u00e9sultats complets<strong>\u00a0<\/strong>sur le site Web Courzyvite :<br \/>\n<a href=\"http:\/\/www.courzyvite.run\/12Resultats\/StBruno2012.pdf\">http:\/\/www.courzyvite.run\/12Resultats\/StBruno2012.pdf<\/a><br \/>\n<span style=\"color: #ffffff;\">.<\/span><br \/>\n<span style=\"color: #ffffff;\">.<\/span><strong style=\"font-size: 0.95em;\"><br \/>\n<\/strong><strong>6 octobre 2013 :<\/strong><\/p>\n<p><strong>10,750km\u00a0pour 260m de d\u00e9nivel\u00e9 <\/strong>(106 inscrits dont 27 femmes, 104 class\u00e9s dont 27 femmes) :<br \/>\n\u2013\u00a01er (1er senior) :\u00a0<strong>Salah Cinaour<\/strong> (Maroc) en 41\u201902\u2019\u201923.<br \/>\n\u2013\u00a01\u00e8re (1\u00e8re V1, 19\u00e8me au scratch) :\u00a0<strong>Yvona Jenc<\/strong> (Suisse et Tch\u00e9quie, La Foul\u00e9e d\u2019Annemasse) en 51\u201906\u2019\u201944.<br \/>\n\u2013\u00a0R\u00e9sultats complets\u00a0sur le site Web Courzyvite :<br \/>\n<a href=\"http:\/\/www.courzyvite.run\/13Resultats\/St_Bruno2013.pdf\">http:\/\/www.courzyvite.run\/13Resultats\/St_Bruno2013.pdf<\/a><\/p>\n<p><strong>5,9km\u00a0pour 225m de d\u00e9nivel\u00e9 <\/strong>(14 inscrits dont 7 femmes, 13 class\u00e9s dont 7 femmes) :<br \/>\n\u2013\u00a01er (1er cadet) :<strong>\u00a0Victor Pozsgay<\/strong> (La Foul\u00e9e d\u2019Annemasse) en 27\u201908.<br \/>\n\u2013\u00a01\u00e8re (1\u00e8re senior, 5\u00e8me au scratch) :\u00a0<strong>July Casse<\/strong>\u00a0(Annecy) en 30\u201945.<br \/>\n\u2013\u00a0R\u00e9sultats complets\u00a0sur le site Web Courzyvite :<br \/>\n<a href=\"http:\/\/www.courzyvite.run\/13Resultats\/St_Bruno2013.pdf\">http:\/\/www.courzyvite.run\/13Resultats\/St_Bruno2013.pdf<\/a><br \/>\n<span style=\"color: #ffffff;\">.<\/span><br \/>\n<span style=\"color: #ffffff;\">.<\/span><strong style=\"font-size: 0.95em;\"><br \/>\n<\/strong><strong>5 octobre 2014 :<\/strong><\/p>\n<p><strong>10,750km\u00a0pour 260m de d\u00e9nivel\u00e9 <\/strong>(100 inscrits dont 27 femmes, 98 class\u00e9s dont 25 femmes) :<br \/>\n\u2013\u00a01er (1er senior) :\u00a0<strong>Christophe Bontaz<\/strong> (Arve Athl\u00e9tisme Bonneville Pays Rochois, section de l\u2019Entente Athl\u00e9tique de l\u2019Arve) en 40\u201900.<br \/>\n\u2013\u00a01\u00e8re (1\u00e8re V2, 47\u00e8me au scratch) :\u00a0<strong>Grazia Neuraz<\/strong> (La Foul\u00e9e d\u2019Annemasse, section de l\u2019Entente Athl\u00e9tique de l\u2019Arve) en 55\u201943.<br \/>\n\u2013\u00a0R\u00e9sultats complets\u00a0sur le site Web Courzyvite :<br \/>\n<a href=\"http:\/\/www.courzyvite.run\/14Resultats\/StBruno2014.PDF\">http:\/\/www.courzyvite.run\/14Resultats\/StBruno2014.PDF<\/a><\/p>\n<p><strong>5,9km\u00a0pour 225m de d\u00e9nivel\u00e9 <\/strong>(12 inscrits dont 3 femmes, 12 class\u00e9s dont 3 femmes) :<br \/>\n\u2013\u00a01er (1er senior) :<strong>\u00a0Cyril Jacquard<\/strong> (Faucigny Athl\u00e9tic Club) en 22\u201938.<br \/>\n\u2013\u00a01\u00e8re (1\u00e8re senior, 9\u00e8me au scratch) :\u00a0<strong>M\u00e9lanie Arpin<\/strong>\u00a0(Contamine-sur-Arve) en 33\u201958.<br \/>\n\u2013\u00a0R\u00e9sultats complets\u00a0sur le site Web Courzyvite :<br \/>\n<a href=\"http:\/\/www.courzyvite.run\/14Resultats\/StBruno2014.PDF\">http:\/\/www.courzyvite.run\/14Resultats\/StBruno2014.PDF<\/a><br \/>\n<span style=\"color: #ffffff;\">.<\/span><br \/>\n<span style=\"color: #ffffff;\">.<\/span><strong style=\"font-size: 0.95em;\"><br \/>\n<\/strong><strong>4 octobre 2015 :<\/strong><\/p>\n<p><strong>10,750km pour 260m de d\u00e9nivel\u00e9\u00a0<\/strong>(92 inscrits dont 25 femmes, 88 class\u00e9s dont 22 femmes) :<br \/>\n\u2013\u00a01er (1er senior) :\u00a0<strong>Etienne Mitaut<\/strong> (La Foul\u00e9e d\u2019Annemasse, section de l\u2019Entente Athl\u00e9tique de l\u2019Arve) en 42\u201957.<br \/>\n\u2013\u00a01\u00e8re (1\u00e8re senior, 47\u00e8me au scratch) :\u00a0<strong>Sonia David<\/strong>\u00a0(La Tour) en 53\u201905.<br \/>\n\u2013\u00a0R\u00e9sultats complets\u00a0sur le site Web Courzyvite :<br \/>\n<a href=\"http:\/\/www.courzyvite.run\/15Resultats\/StBruno2015.pdf\">http:\/\/www.courzyvite.run\/15Resultats\/StBruno2015.pdf<\/a><\/p>\n<p><strong>5,9km\u00a0pour 225m de d\u00e9nivel\u00e9 <\/strong>(60 inscrits, 56 class\u00e9s dont 15 femmes) :<br \/>\n\u2013\u00a01er (1er senior) :\u00a0<strong>Fabien Bosson<\/strong> (Club Athl\u00e9tique d\u2019Ambilly) en 22\u201901.<br \/>\n\u2013\u00a01\u00e8re (1\u00e8re V1, 17\u00e8me au scratch) :\u00a0<strong>Anne Michel<\/strong> (Thonon-les-Bains) en 28\u201910.<br \/>\n\u2013\u00a0R\u00e9sultats complets\u00a0sur le site Web Courzyvite :<br \/>\n<a href=\"http:\/\/www.courzyvite.run\/15Resultats\/StBruno2015.pdf\">http:\/\/www.courzyvite.run\/15Resultats\/StBruno2015.pdf<\/a><br \/>\n<span style=\"color: #ffffff;\">.<\/span><br \/>\n<span style=\"color: #ffffff;\">.<\/span><strong style=\"font-size: 0.95em;\"><br \/>\n<\/strong><strong>2 octobre 2016 :<\/strong><\/p>\n<p><strong>10,750km pour 260m de d\u00e9nivel\u00e9 <\/strong>(81 inscrits, 77 class\u00e9s dont 17 femmes) :<br \/>\n\u2013\u00a01er (1er senior) :\u00a0<strong>Etienne Mitaut<\/strong> (La Foul\u00e9e d\u2019Annemasse, section de l\u2019Entente Athl\u00e9tique de l\u2019Arve) en 39\u201959.<br \/>\n\u2013\u00a01\u00e8re (1\u00e8re V2, 15\u00e8me au scratch) :\u00a0<strong>Corinne Roy<\/strong> (Arve Athl\u00e9tisme Bonneville Pays Rochois, section de l\u2019Entente Athl\u00e9tique de l\u2019Arve) en 47\u201930.<br \/>\n\u2013\u00a0R\u00e9sultats complets\u00a0sur le site Web Courzyvite :<br \/>\n<a href=\"http:\/\/www.courzyvite.run\/16Resultats\/StBruno2016.pdf\">http:\/\/www.courzyvite.run\/16Resultats\/StBruno2016.pdf<\/a><\/p>\n<p><strong>5,9km\u00a0pour 225m de d\u00e9nivel\u00e9 <\/strong>(38 inscrits, 38 class\u00e9s dont 13 femmes) :<br \/>\n\u2013\u00a01er (1er senior) :\u00a0<strong>Xavier Decurninge<\/strong> (Thonon Athl\u00e9tic Club, section du L\u00e9man Athl\u00e9tic Club) en 22\u201901.<br \/>\n\u2013\u00a01\u00e8re (1\u00e8re senior, 17\u00e8me au scratch) :<strong>\u00a0Marie Ponseau<\/strong> (Hab\u00e8re-Lullin) en 28\u201910.<br \/>\n\u2013\u00a0R\u00e9sultats complets\u00a0sur le site Web Courzyvite :<br \/>\n<a href=\"http:\/\/www.courzyvite.run\/16Resultats\/StBruno2016.pdf\">http:\/\/www.courzyvite.run\/16Resultats\/StBruno2016.pdf<\/a><br \/>\n<span style=\"color: #ffffff;\">.<\/span><br \/>\n<span style=\"color: #ffffff;\">.<\/span><br \/>\n<span style=\"color: #ffffff;\">.<\/span><strong style=\"font-size: 0.95em;\"><br \/>\n<\/strong><strong>PHOTOS :<\/strong><\/p>\n<p>Le Saint-Juliennois <strong>Jean-Claude Delachenal<\/strong>\u00a0n\u2019a pas manqu\u00e9 d\u2019immortaliser la manifestation par un superbe reportage. Comprenant 110 clich\u00e9s du 10,7km, celui-ci a \u00e9t\u00e9 r\u00e9alis\u00e9 peu apr\u00e8s le d\u00e9part mais surtout \u00e0 l\u2019arriv\u00e9e.<br \/>\nLa totalit\u00e9 des images enrichit son compte Google :<br \/>\n<a href=\"https:\/\/goo.gl\/photos\/SQpHrNqWsPYptTaS6\">https:\/\/goo.gl\/photos\/SQpHrNqWsPYptTaS6<\/a><\/p>\n<p>Ci-dessous, vous trouverez 36 de ses photos, plac\u00e9es\u00a0dans l\u2019ordre de passage des athl\u00e8tes et assorties de l\u00e9gendes.<br \/>\nSans oublier 3 autres clich\u00e9s r\u00e9alis\u00e9s par diff\u00e9rents auteurs.<br \/>\nQue tous en soient bien s\u00fbr chaleureusement remerci\u00e9s !<br \/>\n<img data-recalc-dims=\"1\" loading=\"lazy\" decoding=\"async\" class=\"size-full wp-image-47746 aligncenter\" src=\"https:\/\/i0.wp.com\/www.courzyvite.run\/blog\/wp-content\/uploads\/2016\/10\/DSC_2737-1.jpg?resize=860%2C571&#038;ssl=1\" alt=\"\" width=\"860\" height=\"571\" srcset=\"https:\/\/i0.wp.com\/www.courzyvite.run\/blog\/wp-content\/uploads\/2016\/10\/DSC_2737-1.jpg?w=961&amp;ssl=1 961w, https:\/\/i0.wp.com\/www.courzyvite.run\/blog\/wp-content\/uploads\/2016\/10\/DSC_2737-1.jpg?resize=820%2C544&amp;ssl=1 820w, https:\/\/i0.wp.com\/www.courzyvite.run\/blog\/wp-content\/uploads\/2016\/10\/DSC_2737-1.jpg?resize=150%2C100&amp;ssl=1 150w, https:\/\/i0.wp.com\/www.courzyvite.run\/blog\/wp-content\/uploads\/2016\/10\/DSC_2737-1.jpg?resize=768%2C510&amp;ssl=1 768w\" sizes=\"auto, (max-width: 860px) 100vw, 860px\" \/>15\u00e8me \u00e9dition de la Course de la Saint-Bruno, 2 octobre 2016.<br \/>\n11km.<br \/>\nPeu apr\u00e8s le d\u00e9part.<br \/>\n&#8211; Au premier plan :\u00a0<strong>Olivier Joubert<\/strong>\u00a0(Arve Athl\u00e9tisme Bonneville Pays Rochois, section de l\u2019Entente Athl\u00e9tique de l\u2019Arve), 2\u00e8me (2\u00e8me senior) en 40\u201914.<br \/>\n&#8211; Dossard 150 :<strong> Etienne Mitaut<\/strong>\u00a0(La Foul\u00e9e d\u2019Annemasse, section de l\u2019Entente Athl\u00e9tique de l\u2019Arve), 1er (1er senior) en 39\u201959.<br \/>\n&#8211; Dossard 149 :\u00a0<b>Malvin Bracon<\/b> (La Foul\u00e9e d\u2019Annemasse, section de l\u2019Entente Athl\u00e9tique de l\u2019Arve), 6\u00e8me (1er espoir) en 43\u201957.<br \/>\nClich\u00e9 de <strong>Jean-Claude Delachenal<\/strong>.<br \/>\n<img data-recalc-dims=\"1\" loading=\"lazy\" decoding=\"async\" class=\"wp-image-1204 aligncenter\" src=\"https:\/\/i0.wp.com\/www.courzyvite.run\/blog\/wp-content\/uploads\/2016\/10\/DSC_2740.jpg?resize=860%2C570\" alt=\"dsc_2740\" width=\"860\" height=\"570\" srcset=\"https:\/\/i0.wp.com\/www.courzyvite.run\/blog\/wp-content\/uploads\/2016\/10\/DSC_2740.jpg?w=888&amp;ssl=1 888w, https:\/\/i0.wp.com\/www.courzyvite.run\/blog\/wp-content\/uploads\/2016\/10\/DSC_2740.jpg?resize=300%2C199&amp;ssl=1 300w, https:\/\/i0.wp.com\/www.courzyvite.run\/blog\/wp-content\/uploads\/2016\/10\/DSC_2740.jpg?resize=768%2C509&amp;ssl=1 768w\" sizes=\"auto, (max-width: 860px) 100vw, 860px\" \/>15\u00e8me \u00e9dition de la Course de la Saint-Bruno, 2 octobre 2016.<br \/>\n11km.<br \/>\nPeu apr\u00e8s le d\u00e9part.<br \/>\n&#8211; A droite :\u00a0<strong>Hakim Sahraoui\u00a0<\/strong>(La Foul\u00e9e d\u2019Annemasse, section de l\u2019Entente Athl\u00e9tique de l\u2019Arve), 4\u00e8me (4\u00e8me senior) en 43\u201910.<br \/>\n&#8211; Dossard 144 :\u00a0<strong>Nicolas G\u00e9rard<\/strong> (Tri Sal\u00e8ve Annemasse), 3\u00e8me (3\u00e8me senior) en 42\u201938.<br \/>\n&#8211; Dossard 168 :\u00a0<b>J\u00e9r\u00f4me Pavlovic<\/b> (Faucigny Athl\u00e9tic Club), 8\u00e8me (7\u00e8me senior) en 45\u201928.<br \/>\nClich\u00e9 de <strong>Jean-Claude Delachenal<\/strong>.<br \/>\n<img data-recalc-dims=\"1\" loading=\"lazy\" decoding=\"async\" class=\"aligncenter wp-image-1205\" src=\"https:\/\/i0.wp.com\/www.courzyvite.run\/blog\/wp-content\/uploads\/2016\/10\/DSC_2743.jpg?resize=860%2C570\" alt=\"dsc_2743\" width=\"860\" height=\"570\" srcset=\"https:\/\/i0.wp.com\/www.courzyvite.run\/blog\/wp-content\/uploads\/2016\/10\/DSC_2743.jpg?w=888&amp;ssl=1 888w, https:\/\/i0.wp.com\/www.courzyvite.run\/blog\/wp-content\/uploads\/2016\/10\/DSC_2743.jpg?resize=300%2C199&amp;ssl=1 300w, https:\/\/i0.wp.com\/www.courzyvite.run\/blog\/wp-content\/uploads\/2016\/10\/DSC_2743.jpg?resize=768%2C509&amp;ssl=1 768w\" sizes=\"auto, (max-width: 860px) 100vw, 860px\" \/>15\u00e8me \u00e9dition de la Course de la Saint-Bruno, 2 octobre 2016.<br \/>\n11km.<br \/>\nPeu apr\u00e8s le d\u00e9part.<br \/>\n&#8211; Dossard 140 :\u00a0<strong>Fabien Luce<\/strong>\u00a0(Ville-en-Sallaz), 5\u00e8me (5\u00e8me senior) en 43\u201929.<br \/>\n&#8211; Dossard 154 : <b>Mustapha Boucheriha\u00a0<\/b>(Team AAV Contrators SA), 13\u00e8me (2\u00e8me V1) en 47\u201903.<br \/>\n&#8211; Dossard 108 :\u00a0<b>Eric Lamouille\u00a0<\/b>(Thonon Athl\u00e9tic Club, section du L\u00e9man Athl\u00e9tic Club), 21\u00e8me (5\u00e8me V1) en 49\u201901.<br \/>\nClich\u00e9 de <strong>Jean-Claude Delachenal<\/strong>.<br \/>\n<img data-recalc-dims=\"1\" loading=\"lazy\" decoding=\"async\" class=\"size-full wp-image-1206 aligncenter\" src=\"https:\/\/i0.wp.com\/www.courzyvite.run\/blog\/wp-content\/uploads\/2016\/10\/DSC_2749.jpg?resize=860%2C570\" alt=\"dsc_2749\" width=\"860\" height=\"570\" srcset=\"https:\/\/i0.wp.com\/www.courzyvite.run\/blog\/wp-content\/uploads\/2016\/10\/DSC_2749.jpg?w=962&amp;ssl=1 962w, https:\/\/i0.wp.com\/www.courzyvite.run\/blog\/wp-content\/uploads\/2016\/10\/DSC_2749.jpg?resize=300%2C199&amp;ssl=1 300w, https:\/\/i0.wp.com\/www.courzyvite.run\/blog\/wp-content\/uploads\/2016\/10\/DSC_2749.jpg?resize=768%2C509&amp;ssl=1 768w\" sizes=\"auto, (max-width: 860px) 100vw, 860px\" \/>15\u00e8me \u00e9dition de la Course de la Saint-Bruno, 2 octobre 2016.<br \/>\n11km.<br \/>\nPeu apr\u00e8s le d\u00e9part.<br \/>\n&#8211; Dossard 134 :\u00a0<strong>Corinne Roy<\/strong>\u00a0(Arve Athl\u00e9tisme Bonneville Pays Rochois, section de l\u2019Entente Athl\u00e9tique de l\u2019Arve), 1\u00e8re femme (1\u00e8re V2, 15\u00e8me au scratch)\u00a0en 47\u201930.<br \/>\n&#8211; A droite de Corinne : <b>Patrice Borgnano\u00a0<\/b>(Les Trailers du M\u00f4le), 31\u00e8me (1er V3) en 52\u201914.<br \/>\n&#8211; Dossard 135 :\u00a0<strong>Isabelle Viaud<\/strong> (La Foul\u00e9e d\u2019Annemasse, section de l\u2019Entente Athl\u00e9tique de l\u2019Arve\u00a0; TraiL\u00e9man Running),\u00a02\u00e8me femme (1\u00e8re senior, 34\u00e8me au scratch) en 53\u201916.<br \/>\n&#8211; A droite d\u2019Isabelle :<strong> Nicolas Fogola\u00a0<\/strong>(Contamine-sur-Arve), 19\u00e8me (11\u00e8me senior) en 48\u201910.<br \/>\n&#8211; Dossard 133 :\u00a0<b>Julien Derisoud\u00a0<\/b>(Contamine-sur-Arve), 12\u00e8me (1er cadet) en 46\u201958.<br \/>\n&#8211; Dossard 179 : <strong>Benjamin Bourg<\/strong>, 23\u00e8me (7\u00e8me V1) en\u00a049\u201953.<br \/>\n&#8211; Dossard commen\u00e7ant par 11 :\u00a0<strong>Erwann Merdy<\/strong>, 51\u00e8me (23\u00e8me senior) en 57\u201958.<br \/>\nClich\u00e9 de <strong>Jean-Claude Delachenal<\/strong>.<br \/>\n<img data-recalc-dims=\"1\" loading=\"lazy\" decoding=\"async\" class=\"size-full wp-image-1208 aligncenter\" src=\"https:\/\/i0.wp.com\/www.courzyvite.run\/blog\/wp-content\/uploads\/2016\/10\/DSC_2766.jpg?resize=860%2C575\" alt=\"dsc_2766\" width=\"860\" height=\"575\" srcset=\"https:\/\/i0.wp.com\/www.courzyvite.run\/blog\/wp-content\/uploads\/2016\/10\/DSC_2766.jpg?w=881&amp;ssl=1 881w, https:\/\/i0.wp.com\/www.courzyvite.run\/blog\/wp-content\/uploads\/2016\/10\/DSC_2766.jpg?resize=300%2C201&amp;ssl=1 300w, https:\/\/i0.wp.com\/www.courzyvite.run\/blog\/wp-content\/uploads\/2016\/10\/DSC_2766.jpg?resize=768%2C513&amp;ssl=1 768w\" sizes=\"auto, (max-width: 860px) 100vw, 860px\" \/>15\u00e8me \u00e9dition de la Course de la Saint-Bruno, 2 octobre 2016.<br \/>\n11km.<br \/>\nPeu apr\u00e8s le d\u00e9part.<br \/>\n&#8211; Dossard 142 :<strong> Meurier<\/strong>, 28\u00e8me (1er junior) en 50\u201939.<br \/>\n<b>Pr\u00e9nom manquant dans le classement ! Si une \u00e2me g\u00e9n\u00e9reuse pouvait me le divulguer, ce serait sympa pour lui ! D\u2019avance, merci !<br \/>\n<\/b>&#8211; Dossard 148 :\u00a0<b>Yoann Mermoux<\/b>, 11\u00e8me (9\u00e8me senior) en 46\u201953.<br \/>\n&#8211; Dossard terminant par 3 : <strong>Marine Crepet<\/strong>, 9\u00e8me femme (4\u00e8me V1, 65\u00e8me au scratch) en\u00a01h04\u201948.<br \/>\n&#8211; Dossard 131 :\u00a0<strong>Nathalie Devaud<\/strong>\u00a0(Contamine-sur-Arve), 5\u00e8me femme (2\u00e8me V1, 48\u00e8me au scratch)\u00a0en 57\u201931.<br \/>\n&#8211; Derri\u00e8re Nathalie avec un maillot rose : <strong>Genevi\u00e8ve Coisser <\/strong>(Bonne), 11\u00e8me femme (4\u00e8me senior, 67au scratch) en 1h08\u201901.<br \/>\nClich\u00e9 de <strong>Jean-Claude Delachenal<\/strong>.<br \/>\n<img data-recalc-dims=\"1\" loading=\"lazy\" decoding=\"async\" class=\"aligncenter wp-image-1209\" src=\"https:\/\/i0.wp.com\/www.courzyvite.run\/blog\/wp-content\/uploads\/2016\/10\/DSC_2769.jpg?resize=860%2C570\" alt=\"dsc_2769\" width=\"860\" height=\"570\" srcset=\"https:\/\/i0.wp.com\/www.courzyvite.run\/blog\/wp-content\/uploads\/2016\/10\/DSC_2769.jpg?w=888&amp;ssl=1 888w, https:\/\/i0.wp.com\/www.courzyvite.run\/blog\/wp-content\/uploads\/2016\/10\/DSC_2769.jpg?resize=300%2C199&amp;ssl=1 300w, https:\/\/i0.wp.com\/www.courzyvite.run\/blog\/wp-content\/uploads\/2016\/10\/DSC_2769.jpg?resize=768%2C509&amp;ssl=1 768w\" sizes=\"auto, (max-width: 860px) 100vw, 860px\" \/>15\u00e8me \u00e9dition de la Course de la Saint-Bruno, 2 octobre 2016.<br \/>\n11km.<br \/>\nPeu apr\u00e8s le d\u00e9part.<br \/>\n&#8211; Dossard 163 :<strong>\u00a0Genevi\u00e8ve Coisser <\/strong>(Bonne), 11\u00e8me femme (4\u00e8me senior, 67\u00e8me au scratch) en 1h08\u201901.<b><br \/>\n<\/b>&#8211; Dossard 152 : <strong>Ines Borgnano<\/strong> (Les Trailers du M\u00f4le), \u00e9pouse de <strong>Patrice<\/strong>, 13\u00e8me femme (1\u00e8re V3, 70\u00e8me au scratch) en 1h11\u201958.<br \/>\n&#8211; A droite d\u2019Ines : <strong>Fabrice Meynet<\/strong>,\u00a024\u00e8me (2\u00e8me V2) en 49\u201959.<br \/>\n&#8211; Dossard 156 : <strong>Krzysztof Mlynarczyk<\/strong>, 55\u00e8me (25\u00e8me senior) en 58\u201954.<br \/>\nClich\u00e9 de <strong>Jean-Claude Delachenal<\/strong>.<br \/>\n<img data-recalc-dims=\"1\" loading=\"lazy\" decoding=\"async\" class=\"aligncenter wp-image-1210\" src=\"https:\/\/i0.wp.com\/www.courzyvite.run\/blog\/wp-content\/uploads\/2016\/10\/DSC_2770.jpg?resize=860%2C570\" alt=\"dsc_2770\" width=\"860\" height=\"570\" srcset=\"https:\/\/i0.wp.com\/www.courzyvite.run\/blog\/wp-content\/uploads\/2016\/10\/DSC_2770.jpg?w=888&amp;ssl=1 888w, https:\/\/i0.wp.com\/www.courzyvite.run\/blog\/wp-content\/uploads\/2016\/10\/DSC_2770.jpg?resize=300%2C199&amp;ssl=1 300w, https:\/\/i0.wp.com\/www.courzyvite.run\/blog\/wp-content\/uploads\/2016\/10\/DSC_2770.jpg?resize=768%2C509&amp;ssl=1 768w\" sizes=\"auto, (max-width: 860px) 100vw, 860px\" \/>15\u00e8me \u00e9dition de la Course de la Saint-Bruno, 2 octobre 2016.<br \/>\n11km.<br \/>\nPeu apr\u00e8s le d\u00e9part.<br \/>\n&#8211; Dossard 139 :<strong>\u00a0Robert Hoffmann\u00a0<\/strong>(V\u00e9traz-Monthoux), 56\u00e8me (1er V4) en 59\u201953.<b><br \/>\n<\/b>&#8211; Dossard 123 : <strong>Etienne Depres<\/strong> (Annemasse), 37\u00e8me (17\u00e8me senior) en\u00a053\u201946.<br \/>\n&#8211; Derri\u00e8re et \u00e0 droite de Robert : <strong>Agn\u00e8s Depres<\/strong> (Annemasse), 7\u00e8me femme (3\u00e8me senior, 57\u00e8me au scratch) en 1h00\u201900.<br \/>\n&#8211; Dossard 104 : <strong>Mathieu Baguet<\/strong>, 60\u00e8me (27\u00e8me senior) en\u00a01h00\u201949.<br \/>\n&#8211; Dossard commen\u00e7ant par 11 : <strong>Philippe Tournut\u00a0<\/strong>(Sallanches), 54\u00e8me (7\u00e8me V2) en\u00a058\u201946.<br \/>\nClich\u00e9 de <strong>Jean-Claude Delachenal<\/strong>.<br \/>\n<img data-recalc-dims=\"1\" loading=\"lazy\" decoding=\"async\" class=\"aligncenter wp-image-1211\" src=\"https:\/\/i0.wp.com\/www.courzyvite.run\/blog\/wp-content\/uploads\/2016\/10\/DSC_2773-1.jpg?resize=860%2C570\" alt=\"dsc_2773-1\" width=\"860\" height=\"570\" srcset=\"https:\/\/i0.wp.com\/www.courzyvite.run\/blog\/wp-content\/uploads\/2016\/10\/DSC_2773-1.jpg?w=888&amp;ssl=1 888w, https:\/\/i0.wp.com\/www.courzyvite.run\/blog\/wp-content\/uploads\/2016\/10\/DSC_2773-1.jpg?resize=300%2C199&amp;ssl=1 300w, https:\/\/i0.wp.com\/www.courzyvite.run\/blog\/wp-content\/uploads\/2016\/10\/DSC_2773-1.jpg?resize=768%2C509&amp;ssl=1 768w\" sizes=\"auto, (max-width: 860px) 100vw, 860px\" \/>15\u00e8me \u00e9dition de la Course de la Saint-Bruno, 2 octobre 2016.<br \/>\n11km.<br \/>\nPeu apr\u00e8s le d\u00e9part.<br \/>\n&#8211; Dossard 116 :\u00a0<strong>Philippe Tournut<\/strong> (Sallanches),<strong>\u00a0<\/strong>54\u00e8me (7\u00e8me V2) en\u00a058\u201946.<b><br \/>\n<\/b>&#8211; Dossard 105 : <strong>Marc Freddo<\/strong> (Amicourse),\u00a059\u00e8me (26\u00e8me senior) en 1h00\u201939.<br \/>\n&#8211; Dossard 161 : <strong>Christ\u00e8lle Briffod\u00a0<\/strong>(Bonne), 10\u00e8me femme (5\u00e8me V1, 66\u00e8me au scratch) en 1h05\u201902.<br \/>\n&#8211; A droite de Christ\u00e8lle avec un maillot rose :\u00a0<strong>Audrey Montagne<\/strong>, 6\u00e8me femme (2\u00e8me senior, 52\u00e8me au scratch) en\u00a058\u201903.<br \/>\n&#8211; Dossard 166 : <strong>Jean Charlier <\/strong>(Nangy), 58\u00e8me (8\u00e8me V2) en 1h00\u201933.<br \/>\n&#8211; Dossard 175 : <strong>Caroline Bouton <\/strong>(Viuz-en-Sallaz), 12\u00e8me femme (5\u00e8me senior, 68\u00e8me au scratch) en 1h09\u201914.<br \/>\n&#8211; A droite de Caroline avec un bandana :<strong> Sophie Fran\u00e7ois<\/strong>, 8\u00e8me femme (2\u00e8me V2, 62\u00e8me au scratch) en 1h01\u201956.<br \/>\n&#8211; Derri\u00e8re Caroline avec un maillot orange : <strong>Didier Dupraz <\/strong>(Bo\u00ebge), 50\u00e8me (6\u00e8me V2) en 57\u201952.<br \/>\nClich\u00e9 de <strong>Jean-Claude Delachenal<\/strong>.<br \/>\n<img data-recalc-dims=\"1\" loading=\"lazy\" decoding=\"async\" class=\"aligncenter wp-image-1213\" src=\"https:\/\/i0.wp.com\/www.courzyvite.run\/blog\/wp-content\/uploads\/2016\/10\/DSC_2778-1.jpg?resize=860%2C571\" alt=\"dsc_2778-1\" width=\"860\" height=\"571\" srcset=\"https:\/\/i0.wp.com\/www.courzyvite.run\/blog\/wp-content\/uploads\/2016\/10\/DSC_2778-1.jpg?w=960&amp;ssl=1 960w, https:\/\/i0.wp.com\/www.courzyvite.run\/blog\/wp-content\/uploads\/2016\/10\/DSC_2778-1.jpg?resize=300%2C199&amp;ssl=1 300w, https:\/\/i0.wp.com\/www.courzyvite.run\/blog\/wp-content\/uploads\/2016\/10\/DSC_2778-1.jpg?resize=768%2C510&amp;ssl=1 768w\" sizes=\"auto, (max-width: 860px) 100vw, 860px\" \/>15\u00e8me \u00e9dition de la Course de la Saint-Bruno, 2 octobre 2016.<br \/>\n11km.<br \/>\nPeu apr\u00e8s le d\u00e9part.<br \/>\n&#8211; Dossard 113 :<strong>\u00a0Alexandra Comte\u00a0<\/strong>(Arve Athl\u00e9tisme Bonneville Pays Rochois, section de l\u2019Entente Athl\u00e9tique de l\u2019Arve), 16\u00e8me femme (8\u00e8me V1, 73\u00e8me au scratch) en 1h15\u201950.<br \/>\n&#8211; Dossard 112 : <strong>Sandra Faroux<\/strong>, 15\u00e8me femme (7\u00e8me V1, 72\u00e8me au scratch) en 1h15\u201947.<br \/>\n&#8211;<b> <\/b>Dossard terminant par 14 : <strong>Catherine Chemelle\u00a0<\/strong>(Arve Athl\u00e9tisme Bonneville Pays Rochois, section de l\u2019Entente Athl\u00e9tique de l\u2019Arve), 14\u00e8me femme (6\u00e8me V1, 71\u00e8me au scratch) en 1h15\u201933.<br \/>\n&#8211; Entre Catherine et Sandra, avec un maillot bleu : <strong>Bernard Deplante<\/strong> (Contamine-sur-Arve), directeur de course jusqu\u2019en 2015 avant que <strong>Michel Rieux<\/strong> ne prenne cette saison le relais, 69\u00e8me (2\u00e8me V3) en 1h11\u201941.<br \/>\nClich\u00e9 de <strong>Jean-Claude Delachenal<\/strong>.<br \/>\n<img data-recalc-dims=\"1\" loading=\"lazy\" decoding=\"async\" class=\"aligncenter wp-image-1179 size-full\" src=\"https:\/\/i0.wp.com\/www.courzyvite.run\/blog\/wp-content\/uploads\/2016\/10\/le-mano-a-mano-entre-mitaut-150-et-joubert-147-a-debouche-sur-un-scenario-palpitant-1475425449.jpg?resize=860%2C781\" alt=\"le-mano-a-mano-entre-mitaut-150-et-joubert-147-a-debouche-sur-un-scenario-palpitant-1475425449\" width=\"860\" height=\"781\" srcset=\"https:\/\/i0.wp.com\/www.courzyvite.run\/blog\/wp-content\/uploads\/2016\/10\/le-mano-a-mano-entre-mitaut-150-et-joubert-147-a-debouche-sur-un-scenario-palpitant-1475425449.jpg?w=900&amp;ssl=1 900w, https:\/\/i0.wp.com\/www.courzyvite.run\/blog\/wp-content\/uploads\/2016\/10\/le-mano-a-mano-entre-mitaut-150-et-joubert-147-a-debouche-sur-un-scenario-palpitant-1475425449.jpg?resize=300%2C272&amp;ssl=1 300w, https:\/\/i0.wp.com\/www.courzyvite.run\/blog\/wp-content\/uploads\/2016\/10\/le-mano-a-mano-entre-mitaut-150-et-joubert-147-a-debouche-sur-un-scenario-palpitant-1475425449.jpg?resize=768%2C697&amp;ssl=1 768w\" sizes=\"auto, (max-width: 860px) 100vw, 860px\" \/>15\u00e8me \u00e9dition de la Course de la Saint-Bruno, 2 octobre 2016.<br \/>\n11km.<br \/>\nEpoustouflant mano a mano entre <strong>Etienne Mitaut<\/strong>\u00a0(\u00e0 gauche) et <strong>Olivier Joubert<\/strong>, qui tiendra en haleine la plus grande partie de l\u2019\u00e9preuve, le premier prenant l\u2019avantage dans les portions accident\u00e9es, le second sur les segments roulants.<br \/>\nLes deux pensionnaires de l\u2019Entente Athl\u00e9tique de l\u2019Arve termineront respectivement 1er (1er senior) en 39\u201959, et 2\u00e8me (2\u00e8me senior) en 40\u201914.<br \/>\nClich\u00e9 de <strong>Georges Ongaro<\/strong> (quotidien\u00a0\u00ab\u00a0Le Dauphin\u00e9 Lib\u00e9r\u00e9 \u00bb).<strong>\u00a0<\/strong><br \/>\n<img data-recalc-dims=\"1\" loading=\"lazy\" decoding=\"async\" class=\"aligncenter wp-image-1165\" src=\"https:\/\/i0.wp.com\/www.courzyvite.run\/blog\/wp-content\/uploads\/2016\/10\/DSC_2791.jpg?resize=860%2C572\" alt=\"dsc_2791\" width=\"860\" height=\"572\" srcset=\"https:\/\/i0.wp.com\/www.courzyvite.run\/blog\/wp-content\/uploads\/2016\/10\/DSC_2791.jpg?w=959&amp;ssl=1 959w, https:\/\/i0.wp.com\/www.courzyvite.run\/blog\/wp-content\/uploads\/2016\/10\/DSC_2791.jpg?resize=300%2C200&amp;ssl=1 300w, https:\/\/i0.wp.com\/www.courzyvite.run\/blog\/wp-content\/uploads\/2016\/10\/DSC_2791.jpg?resize=768%2C511&amp;ssl=1 768w\" sizes=\"auto, (max-width: 860px) 100vw, 860px\" \/>15\u00e8me \u00e9dition de la Course de la Saint-Bruno, 2 octobre 2016.<br \/>\n11km.<br \/>\nArriv\u00e9e.<br \/>\n&#8211; Au premier plan :<strong> Etienne Mitaut<\/strong>\u00a0(La Foul\u00e9e d\u2019Annemasse, section de l\u2019Entente Athl\u00e9tique de l\u2019Arve), 1er (1er senior) en 39\u201959.<br \/>\n&#8211; Au fond :\u00a0<strong>Olivier Joubert<\/strong>\u00a0(Arve Athl\u00e9tisme Bonneville Pays Rochois, section de l\u2019Entente Athl\u00e9tique de l\u2019Arve), 2\u00e8me (2\u00e8me senior) en 40\u201914.<br \/>\nClich\u00e9 de <strong>Jean-Claude Delachenal<\/strong>.<br \/>\n<img data-recalc-dims=\"1\" loading=\"lazy\" decoding=\"async\" class=\"aligncenter wp-image-1166\" src=\"https:\/\/i0.wp.com\/www.courzyvite.run\/blog\/wp-content\/uploads\/2016\/10\/DSC_2792.jpg?resize=860%2C573\" alt=\"dsc_2792\" width=\"860\" height=\"573\" srcset=\"https:\/\/i0.wp.com\/www.courzyvite.run\/blog\/wp-content\/uploads\/2016\/10\/DSC_2792.jpg?w=883&amp;ssl=1 883w, https:\/\/i0.wp.com\/www.courzyvite.run\/blog\/wp-content\/uploads\/2016\/10\/DSC_2792.jpg?resize=300%2C200&amp;ssl=1 300w, https:\/\/i0.wp.com\/www.courzyvite.run\/blog\/wp-content\/uploads\/2016\/10\/DSC_2792.jpg?resize=768%2C512&amp;ssl=1 768w\" sizes=\"auto, (max-width: 860px) 100vw, 860px\" \/>15\u00e8me \u00e9dition de la Course de la Saint-Bruno, 2 octobre 2016.<br \/>\n11km.<br \/>\nArriv\u00e9e.<br \/>\n<strong>Olivier Joubert<\/strong>\u00a0(Arve Athl\u00e9tisme Bonneville Pays Rochois, section de l\u2019Entente Athl\u00e9tique de l\u2019Arve), 2\u00e8me (2\u00e8me senior) en 40\u201914.<br \/>\nClich\u00e9 de <strong>Jean-Claude Delachenal<\/strong>.<br \/>\n<img data-recalc-dims=\"1\" loading=\"lazy\" decoding=\"async\" class=\"size-full wp-image-1168 aligncenter\" src=\"https:\/\/i0.wp.com\/www.courzyvite.run\/blog\/wp-content\/uploads\/2016\/10\/DSC_2795.jpg?resize=860%2C578\" alt=\"dsc_2795\" width=\"860\" height=\"578\" srcset=\"https:\/\/i0.wp.com\/www.courzyvite.run\/blog\/wp-content\/uploads\/2016\/10\/DSC_2795.jpg?w=877&amp;ssl=1 877w, https:\/\/i0.wp.com\/www.courzyvite.run\/blog\/wp-content\/uploads\/2016\/10\/DSC_2795.jpg?resize=300%2C201&amp;ssl=1 300w, https:\/\/i0.wp.com\/www.courzyvite.run\/blog\/wp-content\/uploads\/2016\/10\/DSC_2795.jpg?resize=768%2C516&amp;ssl=1 768w\" sizes=\"auto, (max-width: 860px) 100vw, 860px\" \/>15\u00e8me \u00e9dition de la Course de la Saint-Bruno, 2 octobre 2016.<br \/>\n11km.<br \/>\nArriv\u00e9e.<br \/>\n<strong>Nicolas G\u00e9rard<\/strong> (Tri Sal\u00e8ve Annemasse), 3\u00e8me (3\u00e8me senior) en 42\u201938.<br \/>\nClich\u00e9 de <strong>Jean-Claude Delachenal<\/strong>.<br \/>\n<img data-recalc-dims=\"1\" loading=\"lazy\" decoding=\"async\" class=\"aligncenter wp-image-1170\" src=\"https:\/\/i0.wp.com\/www.courzyvite.run\/blog\/wp-content\/uploads\/2016\/10\/DSC_2796.jpg?resize=860%2C570\" alt=\"dsc_2796\" width=\"860\" height=\"570\" srcset=\"https:\/\/i0.wp.com\/www.courzyvite.run\/blog\/wp-content\/uploads\/2016\/10\/DSC_2796.jpg?w=888&amp;ssl=1 888w, https:\/\/i0.wp.com\/www.courzyvite.run\/blog\/wp-content\/uploads\/2016\/10\/DSC_2796.jpg?resize=300%2C199&amp;ssl=1 300w, https:\/\/i0.wp.com\/www.courzyvite.run\/blog\/wp-content\/uploads\/2016\/10\/DSC_2796.jpg?resize=768%2C509&amp;ssl=1 768w\" sizes=\"auto, (max-width: 860px) 100vw, 860px\" \/>15\u00e8me \u00e9dition de la Course de la Saint-Bruno, 2 octobre 2016.<br \/>\n11km.<br \/>\nArriv\u00e9e.<br \/>\n<strong>Hakim Sahraoui\u00a0<\/strong>(La Foul\u00e9e d\u2019Annemasse, section de l\u2019Entente Athl\u00e9tique de l\u2019Arve), 4\u00e8me (4\u00e8me senior) en 43\u201910.<br \/>\nClich\u00e9 de <strong>Jean-Claude Delachenal<\/strong>.<br \/>\n<img data-recalc-dims=\"1\" loading=\"lazy\" decoding=\"async\" class=\"size-full wp-image-1171 aligncenter\" src=\"https:\/\/i0.wp.com\/www.courzyvite.run\/blog\/wp-content\/uploads\/2016\/10\/DSC_2797.jpg?resize=860%2C570\" alt=\"dsc_2797\" width=\"860\" height=\"570\" srcset=\"https:\/\/i0.wp.com\/www.courzyvite.run\/blog\/wp-content\/uploads\/2016\/10\/DSC_2797.jpg?w=888&amp;ssl=1 888w, https:\/\/i0.wp.com\/www.courzyvite.run\/blog\/wp-content\/uploads\/2016\/10\/DSC_2797.jpg?resize=300%2C199&amp;ssl=1 300w, https:\/\/i0.wp.com\/www.courzyvite.run\/blog\/wp-content\/uploads\/2016\/10\/DSC_2797.jpg?resize=768%2C509&amp;ssl=1 768w\" sizes=\"auto, (max-width: 860px) 100vw, 860px\" \/>15\u00e8me \u00e9dition de la Course de la Saint-Bruno, 2 octobre 2016.<br \/>\n11km.<br \/>\nArriv\u00e9e.<br \/>\n<strong>Fabien Luce<\/strong>\u00a0(Ville-en-Sallaz), 5\u00e8me (5\u00e8me senior) en 43\u201929.<br \/>\nClich\u00e9 de <strong>Jean-Claude Delachenal<\/strong>.<br \/>\n<img data-recalc-dims=\"1\" loading=\"lazy\" decoding=\"async\" class=\"aligncenter wp-image-1191\" src=\"https:\/\/i0.wp.com\/www.courzyvite.run\/blog\/wp-content\/uploads\/2016\/10\/DSC_2798.jpg?resize=860%2C570\" alt=\"dsc_2798\" width=\"860\" height=\"570\" srcset=\"https:\/\/i0.wp.com\/www.courzyvite.run\/blog\/wp-content\/uploads\/2016\/10\/DSC_2798.jpg?w=888&amp;ssl=1 888w, https:\/\/i0.wp.com\/www.courzyvite.run\/blog\/wp-content\/uploads\/2016\/10\/DSC_2798.jpg?resize=300%2C199&amp;ssl=1 300w, https:\/\/i0.wp.com\/www.courzyvite.run\/blog\/wp-content\/uploads\/2016\/10\/DSC_2798.jpg?resize=768%2C509&amp;ssl=1 768w\" sizes=\"auto, (max-width: 860px) 100vw, 860px\" \/>15\u00e8me \u00e9dition de la Course de la Saint-Bruno, 2 octobre 2016.<br \/>\n11km.<br \/>\nArriv\u00e9e.<br \/>\n<b>Malvin Bracon<\/b> (La Foul\u00e9e d\u2019Annemasse, section de l\u2019Entente Athl\u00e9tique de l\u2019Arve), 6\u00e8me (1er espoir) en 43\u201957.<br \/>\nClich\u00e9 de <strong>Jean-Claude Delachenal<\/strong>.<br \/>\n<img data-recalc-dims=\"1\" loading=\"lazy\" decoding=\"async\" class=\"size-full wp-image-1192 aligncenter\" src=\"https:\/\/i0.wp.com\/www.courzyvite.run\/blog\/wp-content\/uploads\/2016\/10\/DSC_2800.jpg?resize=860%2C570\" alt=\"dsc_2800\" width=\"860\" height=\"570\" srcset=\"https:\/\/i0.wp.com\/www.courzyvite.run\/blog\/wp-content\/uploads\/2016\/10\/DSC_2800.jpg?w=888&amp;ssl=1 888w, https:\/\/i0.wp.com\/www.courzyvite.run\/blog\/wp-content\/uploads\/2016\/10\/DSC_2800.jpg?resize=300%2C199&amp;ssl=1 300w, https:\/\/i0.wp.com\/www.courzyvite.run\/blog\/wp-content\/uploads\/2016\/10\/DSC_2800.jpg?resize=768%2C509&amp;ssl=1 768w\" sizes=\"auto, (max-width: 860px) 100vw, 860px\" \/>15\u00e8me \u00e9dition de la Course de la Saint-Bruno, 2 octobre 2016.<br \/>\n11km.<br \/>\nArriv\u00e9e.<br \/>\n<b>C\u00e9dric Delachenal<\/b> (Saint-Julien-en-Genevois), fils de notre photographe <strong>Jean-Claude<\/strong>, 7\u00e8me (6\u00e8me senior) en 44\u201904.<br \/>\nClich\u00e9 de <strong>Jean-Claude Delachenal<\/strong>.<br \/>\n<img data-recalc-dims=\"1\" loading=\"lazy\" decoding=\"async\" class=\"size-full wp-image-1194 aligncenter\" src=\"https:\/\/i0.wp.com\/www.courzyvite.run\/blog\/wp-content\/uploads\/2016\/10\/DSC_2802.jpg?resize=860%2C570\" alt=\"dsc_2802\" width=\"860\" height=\"570\" srcset=\"https:\/\/i0.wp.com\/www.courzyvite.run\/blog\/wp-content\/uploads\/2016\/10\/DSC_2802.jpg?w=888&amp;ssl=1 888w, https:\/\/i0.wp.com\/www.courzyvite.run\/blog\/wp-content\/uploads\/2016\/10\/DSC_2802.jpg?resize=300%2C199&amp;ssl=1 300w, https:\/\/i0.wp.com\/www.courzyvite.run\/blog\/wp-content\/uploads\/2016\/10\/DSC_2802.jpg?resize=768%2C509&amp;ssl=1 768w\" sizes=\"auto, (max-width: 860px) 100vw, 860px\" \/>15\u00e8me \u00e9dition de la Course de la Saint-Bruno, 2 octobre 2016.<br \/>\n11km.<br \/>\nArriv\u00e9e.<br \/>\n<b>J\u00e9r\u00f4me Pavlovic<\/b> (Faucigny Athl\u00e9tic Club), 8\u00e8me (7\u00e8me senior) en 45\u201928.<br \/>\nClich\u00e9 de <strong>Jean-Claude Delachenal<\/strong>.<br \/>\n<img data-recalc-dims=\"1\" loading=\"lazy\" decoding=\"async\" class=\"aligncenter wp-image-1193\" src=\"https:\/\/i0.wp.com\/www.courzyvite.run\/blog\/wp-content\/uploads\/2016\/10\/DSC_2803.jpg?resize=860%2C570\" alt=\"dsc_2803\" width=\"860\" height=\"570\" srcset=\"https:\/\/i0.wp.com\/www.courzyvite.run\/blog\/wp-content\/uploads\/2016\/10\/DSC_2803.jpg?w=888&amp;ssl=1 888w, https:\/\/i0.wp.com\/www.courzyvite.run\/blog\/wp-content\/uploads\/2016\/10\/DSC_2803.jpg?resize=300%2C199&amp;ssl=1 300w, https:\/\/i0.wp.com\/www.courzyvite.run\/blog\/wp-content\/uploads\/2016\/10\/DSC_2803.jpg?resize=768%2C509&amp;ssl=1 768w\" sizes=\"auto, (max-width: 860px) 100vw, 860px\" \/>15\u00e8me \u00e9dition de la Course de la Saint-Bruno, 2 octobre 2016.<br \/>\n11km.<br \/>\nArriv\u00e9e.<br \/>\n<b>Fran\u00e7ois Duchene\u00a0<\/b>(La Roche-sur-Foron), 9\u00e8me (1er V1) en 45\u201956.<br \/>\nClich\u00e9 de <strong>Jean-Claude Delachenal<\/strong>.<br \/>\n<img data-recalc-dims=\"1\" loading=\"lazy\" decoding=\"async\" class=\"aligncenter wp-image-1195\" src=\"https:\/\/i0.wp.com\/www.courzyvite.run\/blog\/wp-content\/uploads\/2016\/10\/DSC_2804.jpg?resize=860%2C570\" alt=\"dsc_2804\" width=\"860\" height=\"570\" srcset=\"https:\/\/i0.wp.com\/www.courzyvite.run\/blog\/wp-content\/uploads\/2016\/10\/DSC_2804.jpg?w=888&amp;ssl=1 888w, https:\/\/i0.wp.com\/www.courzyvite.run\/blog\/wp-content\/uploads\/2016\/10\/DSC_2804.jpg?resize=300%2C199&amp;ssl=1 300w, https:\/\/i0.wp.com\/www.courzyvite.run\/blog\/wp-content\/uploads\/2016\/10\/DSC_2804.jpg?resize=768%2C509&amp;ssl=1 768w\" sizes=\"auto, (max-width: 860px) 100vw, 860px\" \/>15\u00e8me \u00e9dition de la Course de la Saint-Bruno, 2 octobre 2016.<br \/>\n11km.<br \/>\nArriv\u00e9e.<br \/>\n<b>Eric Revillta\u00a0<\/b>(Annemasse), 10\u00e8me (8\u00e8me senior) en 46\u201939.<br \/>\nClich\u00e9 de <strong>Jean-Claude Delachenal<\/strong>.<br \/>\n<img data-recalc-dims=\"1\" loading=\"lazy\" decoding=\"async\" class=\"aligncenter wp-image-1202\" src=\"https:\/\/i0.wp.com\/www.courzyvite.run\/blog\/wp-content\/uploads\/2016\/10\/DSC_2805.jpg?resize=860%2C570\" alt=\"dsc_2805\" width=\"860\" height=\"570\" srcset=\"https:\/\/i0.wp.com\/www.courzyvite.run\/blog\/wp-content\/uploads\/2016\/10\/DSC_2805.jpg?w=888&amp;ssl=1 888w, https:\/\/i0.wp.com\/www.courzyvite.run\/blog\/wp-content\/uploads\/2016\/10\/DSC_2805.jpg?resize=300%2C199&amp;ssl=1 300w, https:\/\/i0.wp.com\/www.courzyvite.run\/blog\/wp-content\/uploads\/2016\/10\/DSC_2805.jpg?resize=768%2C509&amp;ssl=1 768w\" sizes=\"auto, (max-width: 860px) 100vw, 860px\" \/>15\u00e8me \u00e9dition de la Course de la Saint-Bruno, 2 octobre 2016.<br \/>\n11km.<br \/>\nArriv\u00e9e.<br \/>\n<b>Yoann Mermoux<\/b>, 11\u00e8me (9\u00e8me senior) en 46\u201953.<br \/>\nClich\u00e9 de <strong>Jean-Claude Delachenal<\/strong>.<br \/>\n<img data-recalc-dims=\"1\" loading=\"lazy\" decoding=\"async\" class=\"size-full wp-image-1201 aligncenter\" src=\"https:\/\/i0.wp.com\/www.courzyvite.run\/blog\/wp-content\/uploads\/2016\/10\/DSC_2806-1.jpg?resize=860%2C571\" alt=\"dsc_2806-1\" width=\"860\" height=\"571\" srcset=\"https:\/\/i0.wp.com\/www.courzyvite.run\/blog\/wp-content\/uploads\/2016\/10\/DSC_2806-1.jpg?w=961&amp;ssl=1 961w, https:\/\/i0.wp.com\/www.courzyvite.run\/blog\/wp-content\/uploads\/2016\/10\/DSC_2806-1.jpg?resize=300%2C199&amp;ssl=1 300w, https:\/\/i0.wp.com\/www.courzyvite.run\/blog\/wp-content\/uploads\/2016\/10\/DSC_2806-1.jpg?resize=768%2C510&amp;ssl=1 768w\" sizes=\"auto, (max-width: 860px) 100vw, 860px\" \/>15\u00e8me \u00e9dition de la Course de la Saint-Bruno, 2 octobre 2016.<br \/>\n11km.<br \/>\nArriv\u00e9e.<br \/>\n<b>Julien Derisoud\u00a0<\/b>(Contamine-sur-Arve), 12\u00e8me (1er cadet) en 46\u201958.<br \/>\nClich\u00e9 de <strong>Jean-Claude Delachenal<\/strong>.<br \/>\n<img data-recalc-dims=\"1\" loading=\"lazy\" decoding=\"async\" class=\"aligncenter wp-image-1214\" src=\"https:\/\/i0.wp.com\/www.courzyvite.run\/blog\/wp-content\/uploads\/2016\/10\/DSC_2807-1.jpg?resize=860%2C571\" alt=\"dsc_2807-1\" width=\"860\" height=\"571\" srcset=\"https:\/\/i0.wp.com\/www.courzyvite.run\/blog\/wp-content\/uploads\/2016\/10\/DSC_2807-1.jpg?w=961&amp;ssl=1 961w, https:\/\/i0.wp.com\/www.courzyvite.run\/blog\/wp-content\/uploads\/2016\/10\/DSC_2807-1.jpg?resize=300%2C199&amp;ssl=1 300w, https:\/\/i0.wp.com\/www.courzyvite.run\/blog\/wp-content\/uploads\/2016\/10\/DSC_2807-1.jpg?resize=768%2C510&amp;ssl=1 768w\" sizes=\"auto, (max-width: 860px) 100vw, 860px\" \/>15\u00e8me \u00e9dition de la Course de la Saint-Bruno, 2 octobre 2016.<br \/>\n11km.<br \/>\nArriv\u00e9e.<br \/>\n<b>Mustapha Boucheriha\u00a0<\/b>(Team AAV Contrators SA), 13\u00e8me (2\u00e8me V1) en 47\u201903.<br \/>\nClich\u00e9 de <strong>Jean-Claude Delachenal<\/strong>.<br \/>\n<img data-recalc-dims=\"1\" loading=\"lazy\" decoding=\"async\" class=\"aligncenter wp-image-1215\" src=\"https:\/\/i0.wp.com\/www.courzyvite.run\/blog\/wp-content\/uploads\/2016\/10\/DSC_2808-1.jpg?resize=860%2C570\" alt=\"dsc_2808-1\" width=\"860\" height=\"570\" srcset=\"https:\/\/i0.wp.com\/www.courzyvite.run\/blog\/wp-content\/uploads\/2016\/10\/DSC_2808-1.jpg?w=888&amp;ssl=1 888w, https:\/\/i0.wp.com\/www.courzyvite.run\/blog\/wp-content\/uploads\/2016\/10\/DSC_2808-1.jpg?resize=300%2C199&amp;ssl=1 300w, https:\/\/i0.wp.com\/www.courzyvite.run\/blog\/wp-content\/uploads\/2016\/10\/DSC_2808-1.jpg?resize=768%2C509&amp;ssl=1 768w\" sizes=\"auto, (max-width: 860px) 100vw, 860px\" \/>15\u00e8me \u00e9dition de la Course de la Saint-Bruno, 2 octobre 2016.<br \/>\n11km.<br \/>\nArriv\u00e9e.<br \/>\n<b>Jean-Charles Colucci\u00a0<\/b>(Cranves-Sales), 14\u00e8me (10\u00e8me senior) en 47\u201915.<br \/>\nClich\u00e9 de <strong>Jean-Claude Delachenal<\/strong>.<br \/>\n<img data-recalc-dims=\"1\" loading=\"lazy\" decoding=\"async\" class=\"aligncenter wp-image-1172\" src=\"https:\/\/i0.wp.com\/www.courzyvite.run\/blog\/wp-content\/uploads\/2016\/10\/DSC_2809.jpg?resize=860%2C570\" alt=\"dsc_2809\" width=\"860\" height=\"570\" srcset=\"https:\/\/i0.wp.com\/www.courzyvite.run\/blog\/wp-content\/uploads\/2016\/10\/DSC_2809.jpg?w=888&amp;ssl=1 888w, https:\/\/i0.wp.com\/www.courzyvite.run\/blog\/wp-content\/uploads\/2016\/10\/DSC_2809.jpg?resize=300%2C199&amp;ssl=1 300w, https:\/\/i0.wp.com\/www.courzyvite.run\/blog\/wp-content\/uploads\/2016\/10\/DSC_2809.jpg?resize=768%2C509&amp;ssl=1 768w\" sizes=\"auto, (max-width: 860px) 100vw, 860px\" \/>15\u00e8me \u00e9dition de la Course de la Saint-Bruno, 2 octobre 2016.<br \/>\n11km.<br \/>\nArriv\u00e9e.<br \/>\n<strong>Corinne Roy<\/strong>\u00a0(Arve Athl\u00e9tisme Bonneville Pays Rochois, section de l\u2019Entente Athl\u00e9tique de l\u2019Arve), 1\u00e8re femme (1\u00e8re V2, 15\u00e8me au scratch)\u00a0en 47\u201930.<br \/>\nClich\u00e9 de <strong>Jean-Claude Delachenal<\/strong>.<br \/>\n<img data-recalc-dims=\"1\" loading=\"lazy\" decoding=\"async\" class=\"aligncenter wp-image-1187\" src=\"https:\/\/i0.wp.com\/www.courzyvite.run\/blog\/wp-content\/uploads\/2016\/10\/DSC_2811.jpg?resize=860%2C571\" alt=\"dsc_2811\" width=\"860\" height=\"571\" srcset=\"https:\/\/i0.wp.com\/www.courzyvite.run\/blog\/wp-content\/uploads\/2016\/10\/DSC_2811.jpg?w=961&amp;ssl=1 961w, https:\/\/i0.wp.com\/www.courzyvite.run\/blog\/wp-content\/uploads\/2016\/10\/DSC_2811.jpg?resize=300%2C199&amp;ssl=1 300w, https:\/\/i0.wp.com\/www.courzyvite.run\/blog\/wp-content\/uploads\/2016\/10\/DSC_2811.jpg?resize=768%2C510&amp;ssl=1 768w\" sizes=\"auto, (max-width: 860px) 100vw, 860px\" \/>15\u00e8me \u00e9dition de la Course de la Saint-Bruno, 2 octobre 2016.<br \/>\n11km.<br \/>\nArriv\u00e9e.<br \/>\n<b>Marc Jean <\/b>(Sallanches Passy Athl\u00e9tic Club),\u00a017\u00e8me (1er V2) en 47\u201951.<br \/>\nClich\u00e9 de <strong>Jean-Claude Delachenal<\/strong>.<br \/>\n<img data-recalc-dims=\"1\" loading=\"lazy\" decoding=\"async\" class=\"aligncenter wp-image-1182\" src=\"https:\/\/i0.wp.com\/www.courzyvite.run\/blog\/wp-content\/uploads\/2016\/10\/DSC_2815.jpg?resize=860%2C570\" alt=\"dsc_2815\" width=\"860\" height=\"570\" srcset=\"https:\/\/i0.wp.com\/www.courzyvite.run\/blog\/wp-content\/uploads\/2016\/10\/DSC_2815.jpg?w=888&amp;ssl=1 888w, https:\/\/i0.wp.com\/www.courzyvite.run\/blog\/wp-content\/uploads\/2016\/10\/DSC_2815.jpg?resize=300%2C199&amp;ssl=1 300w, https:\/\/i0.wp.com\/www.courzyvite.run\/blog\/wp-content\/uploads\/2016\/10\/DSC_2815.jpg?resize=768%2C509&amp;ssl=1 768w\" sizes=\"auto, (max-width: 860px) 100vw, 860px\" \/>15\u00e8me \u00e9dition de la Course de la Saint-Bruno, 2 octobre 2016.<br \/>\n11km.<br \/>\nArriv\u00e9e.<br \/>\n<b>Eric Lamouille\u00a0<\/b>(Thonon Athl\u00e9tic Club, section du L\u00e9man Athl\u00e9tic Club), 21\u00e8me (5\u00e8me V1) en 49\u201901.<br \/>\nClich\u00e9 de <strong>Jean-Claude Delachenal<\/strong>.<br \/>\n<img data-recalc-dims=\"1\" loading=\"lazy\" decoding=\"async\" class=\"aligncenter wp-image-1183\" src=\"https:\/\/i0.wp.com\/www.courzyvite.run\/blog\/wp-content\/uploads\/2016\/10\/DSC_2821.jpg?resize=860%2C570\" alt=\"dsc_2821\" width=\"860\" height=\"570\" srcset=\"https:\/\/i0.wp.com\/www.courzyvite.run\/blog\/wp-content\/uploads\/2016\/10\/DSC_2821.jpg?w=888&amp;ssl=1 888w, https:\/\/i0.wp.com\/www.courzyvite.run\/blog\/wp-content\/uploads\/2016\/10\/DSC_2821.jpg?resize=300%2C199&amp;ssl=1 300w, https:\/\/i0.wp.com\/www.courzyvite.run\/blog\/wp-content\/uploads\/2016\/10\/DSC_2821.jpg?resize=768%2C509&amp;ssl=1 768w\" sizes=\"auto, (max-width: 860px) 100vw, 860px\" \/>15\u00e8me \u00e9dition de la Course de la Saint-Bruno, 2 octobre 2016.<br \/>\n11km.<br \/>\nArriv\u00e9e.<br \/>\n<b>Eric Galamand\u00a0<\/b>(La Foul\u00e9e d\u2019Annemasse, section de l\u2019Entente Athl\u00e9tique de l\u2019Arve), 26\u00e8me (9\u00e8me V1) en 50\u201917.<br \/>\nClich\u00e9 de <strong>Jean-Claude Delachenal<\/strong>.<br \/>\n<img data-recalc-dims=\"1\" loading=\"lazy\" decoding=\"async\" class=\"aligncenter wp-image-1196\" src=\"https:\/\/i0.wp.com\/www.courzyvite.run\/blog\/wp-content\/uploads\/2016\/10\/DSC_2824.jpg?resize=860%2C571\" alt=\"dsc_2824\" width=\"860\" height=\"571\" srcset=\"https:\/\/i0.wp.com\/www.courzyvite.run\/blog\/wp-content\/uploads\/2016\/10\/DSC_2824.jpg?w=961&amp;ssl=1 961w, https:\/\/i0.wp.com\/www.courzyvite.run\/blog\/wp-content\/uploads\/2016\/10\/DSC_2824.jpg?resize=300%2C199&amp;ssl=1 300w, https:\/\/i0.wp.com\/www.courzyvite.run\/blog\/wp-content\/uploads\/2016\/10\/DSC_2824.jpg?resize=768%2C510&amp;ssl=1 768w\" sizes=\"auto, (max-width: 860px) 100vw, 860px\" \/>15\u00e8me \u00e9dition de la Course de la Saint-Bruno, 2 octobre 2016.<br \/>\n11km.<br \/>\nArriv\u00e9e.<br \/>\n<strong>Meurier<\/strong>, 28\u00e8me (1er junior) en 50\u201939.<br \/>\n<b>Pr\u00e9nom manquant dans le classement ! Si une \u00e2me g\u00e9n\u00e9reuse pouvait me le divulguer, ce serait sympa pour lui ! D\u2019avance, merci !<\/b><br \/>\nClich\u00e9 de <strong>Jean-Claude Delachenal<\/strong>.<br \/>\n<img data-recalc-dims=\"1\" loading=\"lazy\" decoding=\"async\" class=\"wp-image-1184 aligncenter\" src=\"https:\/\/i0.wp.com\/www.courzyvite.run\/blog\/wp-content\/uploads\/2016\/10\/DSC_2827.jpg?resize=860%2C570\" alt=\"dsc_2827\" width=\"860\" height=\"570\" srcset=\"https:\/\/i0.wp.com\/www.courzyvite.run\/blog\/wp-content\/uploads\/2016\/10\/DSC_2827.jpg?w=888&amp;ssl=1 888w, https:\/\/i0.wp.com\/www.courzyvite.run\/blog\/wp-content\/uploads\/2016\/10\/DSC_2827.jpg?resize=300%2C199&amp;ssl=1 300w, https:\/\/i0.wp.com\/www.courzyvite.run\/blog\/wp-content\/uploads\/2016\/10\/DSC_2827.jpg?resize=768%2C509&amp;ssl=1 768w\" sizes=\"auto, (max-width: 860px) 100vw, 860px\" \/>15\u00e8me \u00e9dition de la Course de la Saint-Bruno, 2 octobre 2016.<br \/>\n11km.<br \/>\nArriv\u00e9e.<br \/>\n<b>Patrice Borgnano\u00a0<\/b>(Les Trailers du M\u00f4le), 31\u00e8me (1er V3) en 52\u201914.<br \/>\nClich\u00e9 de <strong>Jean-Claude Delachenal<\/strong>.<br \/>\n<img data-recalc-dims=\"1\" loading=\"lazy\" decoding=\"async\" class=\"aligncenter wp-image-1173\" src=\"https:\/\/i0.wp.com\/www.courzyvite.run\/blog\/wp-content\/uploads\/2016\/10\/DSC_2832.jpg?resize=860%2C570\" alt=\"dsc_2832\" width=\"860\" height=\"570\" srcset=\"https:\/\/i0.wp.com\/www.courzyvite.run\/blog\/wp-content\/uploads\/2016\/10\/DSC_2832.jpg?w=888&amp;ssl=1 888w, https:\/\/i0.wp.com\/www.courzyvite.run\/blog\/wp-content\/uploads\/2016\/10\/DSC_2832.jpg?resize=300%2C199&amp;ssl=1 300w, https:\/\/i0.wp.com\/www.courzyvite.run\/blog\/wp-content\/uploads\/2016\/10\/DSC_2832.jpg?resize=768%2C509&amp;ssl=1 768w\" sizes=\"auto, (max-width: 860px) 100vw, 860px\" \/>15\u00e8me \u00e9dition de la Course de la Saint-Bruno, 2 octobre 2016.<br \/>\n11km.<br \/>\nArriv\u00e9e.<br \/>\n&#8211; A gauche :<strong> Isabelle Viaud<\/strong> (La Foul\u00e9e d\u2019Annemasse, section de l\u2019Entente Athl\u00e9tique de l\u2019Arve\u00a0; TraiL\u00e9man Running),\u00a02\u00e8me femme (1\u00e8re senior, 34\u00e8me au scratch) en 53\u201916.<br \/>\n&#8211; A droite : <strong>Olivier Rusjoulot<\/strong>, 33\u00e8me (10\u00e8me V1) en 52\u201929.<br \/>\nClich\u00e9 de <strong>Jean-Claude Delachenal<\/strong>.<br \/>\n<img data-recalc-dims=\"1\" loading=\"lazy\" decoding=\"async\" class=\"aligncenter wp-image-1185\" src=\"https:\/\/i0.wp.com\/www.courzyvite.run\/blog\/wp-content\/uploads\/2016\/10\/DSC_2838.jpg?resize=860%2C570\" alt=\"dsc_2838\" width=\"860\" height=\"570\" srcset=\"https:\/\/i0.wp.com\/www.courzyvite.run\/blog\/wp-content\/uploads\/2016\/10\/DSC_2838.jpg?w=888&amp;ssl=1 888w, https:\/\/i0.wp.com\/www.courzyvite.run\/blog\/wp-content\/uploads\/2016\/10\/DSC_2838.jpg?resize=300%2C199&amp;ssl=1 300w, https:\/\/i0.wp.com\/www.courzyvite.run\/blog\/wp-content\/uploads\/2016\/10\/DSC_2838.jpg?resize=768%2C509&amp;ssl=1 768w\" sizes=\"auto, (max-width: 860px) 100vw, 860px\" \/>15\u00e8me \u00e9dition de la Course de la Saint-Bruno, 2 octobre 2016.<br \/>\n11km.<br \/>\nArriv\u00e9e.<br \/>\n<b>Pascal Beau\u00a0<\/b>(Ville-la-Grand), 39\u00e8me (4\u00e8me V2) en 55\u201926.<br \/>\nClich\u00e9 de <strong>Jean-Claude Delachenal<\/strong>.<br \/>\n<img data-recalc-dims=\"1\" loading=\"lazy\" decoding=\"async\" class=\"aligncenter wp-image-1175\" src=\"https:\/\/i0.wp.com\/www.courzyvite.run\/blog\/wp-content\/uploads\/2016\/10\/DSC_2841.jpg?resize=860%2C570\" alt=\"dsc_2841\" width=\"860\" height=\"570\" srcset=\"https:\/\/i0.wp.com\/www.courzyvite.run\/blog\/wp-content\/uploads\/2016\/10\/DSC_2841.jpg?w=888&amp;ssl=1 888w, https:\/\/i0.wp.com\/www.courzyvite.run\/blog\/wp-content\/uploads\/2016\/10\/DSC_2841.jpg?resize=300%2C199&amp;ssl=1 300w, https:\/\/i0.wp.com\/www.courzyvite.run\/blog\/wp-content\/uploads\/2016\/10\/DSC_2841.jpg?resize=768%2C509&amp;ssl=1 768w\" sizes=\"auto, (max-width: 860px) 100vw, 860px\" \/>15\u00e8me \u00e9dition de la Course de la Saint-Bruno, 2 octobre 2016.<br \/>\n11km.<br \/>\nArriv\u00e9e.<br \/>\n<strong>Lucienne Secco<\/strong>\u00a0(Les Trailers du M\u00f4le),\u00a03\u00e8me femme (2\u00e8me V2, 42\u00e8me au scratch) en 55\u201958.<br \/>\nClich\u00e9 de <strong>Jean-Claude Delachenal<\/strong>.<br \/>\n<img data-recalc-dims=\"1\" loading=\"lazy\" decoding=\"async\" class=\"aligncenter wp-image-1176\" src=\"https:\/\/i0.wp.com\/www.courzyvite.run\/blog\/wp-content\/uploads\/2016\/10\/DSC_2845.jpg?resize=860%2C570\" alt=\"dsc_2845\" width=\"860\" height=\"570\" srcset=\"https:\/\/i0.wp.com\/www.courzyvite.run\/blog\/wp-content\/uploads\/2016\/10\/DSC_2845.jpg?w=888&amp;ssl=1 888w, https:\/\/i0.wp.com\/www.courzyvite.run\/blog\/wp-content\/uploads\/2016\/10\/DSC_2845.jpg?resize=300%2C199&amp;ssl=1 300w, https:\/\/i0.wp.com\/www.courzyvite.run\/blog\/wp-content\/uploads\/2016\/10\/DSC_2845.jpg?resize=768%2C509&amp;ssl=1 768w\" sizes=\"auto, (max-width: 860px) 100vw, 860px\" \/>15\u00e8me \u00e9dition de la Course de la Saint-Bruno, 2 octobre 2016.<br \/>\n11km.<br \/>\nArriv\u00e9e.<br \/>\n<strong>Natacha Wypych<\/strong>,\u00a04\u00e8me femme (1\u00e8re V1, 46\u00e8me au scratch)\u00a0en 56\u201955.<br \/>\nClich\u00e9 de <strong>Jean-Claude Delachenal<\/strong>.<\/p>\n<p><img data-recalc-dims=\"1\" loading=\"lazy\" decoding=\"async\" class=\"aligncenter wp-image-1177\" src=\"https:\/\/i0.wp.com\/www.courzyvite.run\/blog\/wp-content\/uploads\/2016\/10\/DSC_2847.jpg?resize=860%2C570\" alt=\"dsc_2847\" width=\"860\" height=\"570\" srcset=\"https:\/\/i0.wp.com\/www.courzyvite.run\/blog\/wp-content\/uploads\/2016\/10\/DSC_2847.jpg?w=888&amp;ssl=1 888w, https:\/\/i0.wp.com\/www.courzyvite.run\/blog\/wp-content\/uploads\/2016\/10\/DSC_2847.jpg?resize=300%2C199&amp;ssl=1 300w, https:\/\/i0.wp.com\/www.courzyvite.run\/blog\/wp-content\/uploads\/2016\/10\/DSC_2847.jpg?resize=768%2C509&amp;ssl=1 768w\" sizes=\"auto, (max-width: 860px) 100vw, 860px\" \/>15\u00e8me \u00e9dition de la Course de la Saint-Bruno, 2 octobre 2016.<br \/>\n11km.<br \/>\nArriv\u00e9e.<br \/>\n<strong>Nathalie Devaud<\/strong>\u00a0(Contamine-sur-Arve), 5\u00e8me femme (2\u00e8me V1, 48\u00e8me au scratch)\u00a0en 57\u201931.<br \/>\nClich\u00e9 de <strong>Jean-Claude Delachenal<\/strong>.<br \/>\n<img data-recalc-dims=\"1\" loading=\"lazy\" decoding=\"async\" class=\"aligncenter wp-image-1178\" src=\"https:\/\/i0.wp.com\/www.courzyvite.run\/blog\/wp-content\/uploads\/2016\/10\/DSC_2852.jpg?resize=860%2C570\" alt=\"dsc_2852\" width=\"860\" height=\"570\" srcset=\"https:\/\/i0.wp.com\/www.courzyvite.run\/blog\/wp-content\/uploads\/2016\/10\/DSC_2852.jpg?w=888&amp;ssl=1 888w, https:\/\/i0.wp.com\/www.courzyvite.run\/blog\/wp-content\/uploads\/2016\/10\/DSC_2852.jpg?resize=300%2C199&amp;ssl=1 300w, https:\/\/i0.wp.com\/www.courzyvite.run\/blog\/wp-content\/uploads\/2016\/10\/DSC_2852.jpg?resize=768%2C509&amp;ssl=1 768w\" sizes=\"auto, (max-width: 860px) 100vw, 860px\" \/>15\u00e8me \u00e9dition de la Course de la Saint-Bruno, 2 octobre 2016.<br \/>\n11km.<br \/>\nArriv\u00e9e.<br \/>\n<strong>Audrey Montagne<\/strong>, 6\u00e8me femme (2\u00e8me senior, 52\u00e8me au scratch) en\u00a058\u201903.<br \/>\nClich\u00e9 de <strong>Jean-Claude Delachenal<\/strong>.<\/p>\n<p><img data-recalc-dims=\"1\" loading=\"lazy\" decoding=\"async\" class=\"aligncenter wp-image-1186\" src=\"https:\/\/i0.wp.com\/www.courzyvite.run\/blog\/wp-content\/uploads\/2016\/10\/DSC_2853.jpg?resize=860%2C571\" alt=\"dsc_2853\" width=\"860\" height=\"571\" srcset=\"https:\/\/i0.wp.com\/www.courzyvite.run\/blog\/wp-content\/uploads\/2016\/10\/DSC_2853.jpg?w=961&amp;ssl=1 961w, https:\/\/i0.wp.com\/www.courzyvite.run\/blog\/wp-content\/uploads\/2016\/10\/DSC_2853.jpg?resize=300%2C199&amp;ssl=1 300w, https:\/\/i0.wp.com\/www.courzyvite.run\/blog\/wp-content\/uploads\/2016\/10\/DSC_2853.jpg?resize=768%2C510&amp;ssl=1 768w\" sizes=\"auto, (max-width: 860px) 100vw, 860px\" \/>15\u00e8me \u00e9dition de la Course de la Saint-Bruno, 2 octobre 2016.<br \/>\n11km.<br \/>\nArriv\u00e9e.<br \/>\nLe Belge<b> Boris Boskin<\/b> (La Foul\u00e9e d\u2019Annemasse dont il a \u00e9t\u00e9 pr\u00e9sident, section de l\u2019Entente Athl\u00e9tique de l\u2019Arve), 53\u00e8me (24\u00e8me senior) en 58\u201908.<br \/>\nClich\u00e9 de <strong>Jean-Claude Delachenal<\/strong>.<br \/>\n<img data-recalc-dims=\"1\" loading=\"lazy\" decoding=\"async\" class=\"aligncenter wp-image-1197\" src=\"https:\/\/i0.wp.com\/www.courzyvite.run\/blog\/wp-content\/uploads\/2016\/10\/14572794_1392707570759198_5551168459494625059_n.jpg?resize=860%2C645\" alt=\"14572794_1392707570759198_5551168459494625059_n\" width=\"860\" height=\"645\" srcset=\"https:\/\/i0.wp.com\/www.courzyvite.run\/blog\/wp-content\/uploads\/2016\/10\/14572794_1392707570759198_5551168459494625059_n.jpg?w=960&amp;ssl=1 960w, https:\/\/i0.wp.com\/www.courzyvite.run\/blog\/wp-content\/uploads\/2016\/10\/14572794_1392707570759198_5551168459494625059_n.jpg?resize=300%2C225&amp;ssl=1 300w, https:\/\/i0.wp.com\/www.courzyvite.run\/blog\/wp-content\/uploads\/2016\/10\/14572794_1392707570759198_5551168459494625059_n.jpg?resize=768%2C576&amp;ssl=1 768w\" sizes=\"auto, (max-width: 860px) 100vw, 860px\" \/>15\u00e8me \u00e9dition de la Course de la Saint-Bruno, 2 octobre 2016.<br \/>\n11km.<br \/>\nPodium scratch masculin et f\u00e9minin.<br \/>\n&#8211; A gauche :\u00a0<strong>Nicolas G\u00e9rard<\/strong> (Tri Sal\u00e8ve Annemasse), 3\u00e8me en 42\u201938 ;\u00a0<strong>Lucienne Secco<\/strong>\u00a0(Les Trailers du M\u00f4le),\u00a03\u00e8me femme en 55\u201958.<br \/>\n&#8211; Au centre : <strong>Corinne Roy<\/strong>\u00a0(Arve Athl\u00e9tisme Bonneville Pays Rochois, section de l\u2019Entente Athl\u00e9tique de l\u2019Arve), 1\u00e8re femme en 47\u201930 ;\u00a0<strong>Etienne Mitaut<\/strong>\u00a0(La Foul\u00e9e d\u2019Annemasse, section de l\u2019Entente Athl\u00e9tique de l\u2019Arve), 1er en 39\u201959.<br \/>\n&#8211; A droite :\u00a0<strong>Isabelle Viaud<\/strong> (La Foul\u00e9e d\u2019Annemasse, section de l\u2019Entente Athl\u00e9tique de l\u2019Arve\u00a0; TraiL\u00e9man Running),\u00a02\u00e8me femme en 53\u201916 ;\u00a0<strong>Olivier Joubert<\/strong>\u00a0(Arve Athl\u00e9tisme Bonneville Pays Rochois, section de l\u2019Entente Athl\u00e9tique de l\u2019Arve), 2\u00e8me en 40\u201914.<br \/>\nClich\u00e9 dont<strong> l\u2019auteur m\u2019est inconnu<\/strong>.<\/p>\n<p><img data-recalc-dims=\"1\" loading=\"lazy\" decoding=\"async\" class=\"aligncenter wp-image-1199\" src=\"https:\/\/i0.wp.com\/www.courzyvite.run\/blog\/wp-content\/uploads\/2016\/10\/14581488_10154542033449522_308026794599944135_n.jpg?resize=860%2C649\" alt=\"14581488_10154542033449522_308026794599944135_n\" width=\"860\" height=\"649\" srcset=\"https:\/\/i0.wp.com\/www.courzyvite.run\/blog\/wp-content\/uploads\/2016\/10\/14581488_10154542033449522_308026794599944135_n.jpg?w=960&amp;ssl=1 960w, https:\/\/i0.wp.com\/www.courzyvite.run\/blog\/wp-content\/uploads\/2016\/10\/14581488_10154542033449522_308026794599944135_n.jpg?resize=300%2C226&amp;ssl=1 300w, https:\/\/i0.wp.com\/www.courzyvite.run\/blog\/wp-content\/uploads\/2016\/10\/14581488_10154542033449522_308026794599944135_n.jpg?resize=768%2C579&amp;ssl=1 768w\" sizes=\"auto, (max-width: 860px) 100vw, 860px\" \/>15\u00e8me \u00e9dition de la Course de la Saint-Bruno, 2 octobre 2016.<br \/>\n6km.<br \/>\nPodium scratch masculin et f\u00e9minin.<br \/>\n&#8211; A gauche : <strong>Anne Michel<\/strong> (Thonon Athl\u00e9tic Club, section du L\u00e9man Athl\u00e9tic Club), 2\u00e8me femme en 28\u201955 ; <strong>Mathieu Millot<\/strong> (Arve Athl\u00e9tisme Bonneville Pays Rochois, section de l\u2019Entente Athl\u00e9tique de l\u2019Arve), 3\u00e8me en 23\u201900.<br \/>\n&#8211; Au centre : <strong>Marie Ponseau<\/strong> (Hab\u00e8re-Lullin), 1\u00e8re femme en 28\u201925 ; <strong>Xavier Decurninge<\/strong> (Thonon Athl\u00e9tic Club, section du L\u00e9man Athl\u00e9tic Club), 1er en 22\u201905.<br \/>\n&#8211; A droite : <strong>Edgar Michelet<\/strong> (Tri Sal\u00e8ve Annemasse), 2\u00e8me en 22\u201919.<br \/>\n&#8211; Absente :<strong> Laure Desbiolles<\/strong>, 3\u00e8me femme en 29\u201933.<br \/>\nClich\u00e9 de<strong>\u00a0Sylvie Vandema\u00eble<\/strong>.<\/p>\n","protected":false},"excerpt":{"rendered":"<p>ETIENNE MITAUX EN RECIDIVISTE, CORINNE ROY EN SOLITAIRE\u00a0! Malgr\u00e9 l\u2019encombrement du calendrier, la 15\u00e8me Course de la Saint-Bruno, concourue dans le village faucignerand de Contamine-sur-Arve \u00e0 l\u2019occasion de la grande f\u00eate d\u00e9di\u00e9e au saint patron des lieux, a connu une belle affluence. Celle-ci n\u2019en est pas moins en l\u00e9ger reflux, 119 athl\u00e8tes paraphant leur engagement contre 152 l\u2019an pass\u00e9. Pas de quoi d\u00e9contenancer toutefois le ma\u00eetre d\u2019oeuvre\u00a0Michel Rieux (1), et [&#8230;]<\/p>\n","protected":false},"author":2,"featured_media":47746,"comment_status":"closed","ping_status":"open","sticky":false,"template":"","format":"standard","meta":{"advanced_seo_description":"","jetpack_seo_html_title":"","jetpack_seo_noindex":false,"_jetpack_memberships_contains_paid_content":false,"footnotes":"","jetpack_publicize_message":"RESULTATS, COMPTE RENDU ET PHOTOS DE LA COURSE DE SAINT-BRUNO \/ 02-10-16","jetpack_publicize_feature_enabled":true,"jetpack_social_post_already_shared":true,"jetpack_social_options":{"image_generator_settings":{"template":"highway","default_image_id":0,"font":"","enabled":false},"version":2}},"categories":[19,36,5],"tags":[11],"class_list":["post-1157","post","type-post","status-publish","format-standard","has-post-thumbnail","hentry","category-comptes-rendus","category-cr-haute-savoie","category-resultats","tag-news"],"views":4178,"jetpack_publicize_connections":[],"jetpack_featured_media_url":"https:\/\/i0.wp.com\/www.courzyvite.run\/blog\/wp-content\/uploads\/2016\/10\/DSC_2737-1.jpg?fit=961%2C638&ssl=1","jetpack_shortlink":"https:\/\/wp.me\/p7PZ3h-iF","jetpack_sharing_enabled":true,"_links":{"self":[{"href":"https:\/\/www.courzyvite.run\/blog\/wp-json\/wp\/v2\/posts\/1157","targetHints":{"allow":["GET"]}}],"collection":[{"href":"https:\/\/www.courzyvite.run\/blog\/wp-json\/wp\/v2\/posts"}],"about":[{"href":"https:\/\/www.courzyvite.run\/blog\/wp-json\/wp\/v2\/types\/post"}],"author":[{"embeddable":true,"href":"https:\/\/www.courzyvite.run\/blog\/wp-json\/wp\/v2\/users\/2"}],"replies":[{"embeddable":true,"href":"https:\/\/www.courzyvite.run\/blog\/wp-json\/wp\/v2\/comments?post=1157"}],"version-history":[{"count":0,"href":"https:\/\/www.courzyvite.run\/blog\/wp-json\/wp\/v2\/posts\/1157\/revisions"}],"wp:featuredmedia":[{"embeddable":true,"href":"https:\/\/www.courzyvite.run\/blog\/wp-json\/wp\/v2\/media\/47746"}],"wp:attachment":[{"href":"https:\/\/www.courzyvite.run\/blog\/wp-json\/wp\/v2\/media?parent=1157"}],"wp:term":[{"taxonomy":"category","embeddable":true,"href":"https:\/\/www.courzyvite.run\/blog\/wp-json\/wp\/v2\/categories?post=1157"},{"taxonomy":"post_tag","embeddable":true,"href":"https:\/\/www.courzyvite.run\/blog\/wp-json\/wp\/v2\/tags?post=1157"}],"curies":[{"name":"wp","href":"https:\/\/api.w.org\/{rel}","templated":true}]}}