{"id":10264,"date":"2013-04-26T16:00:27","date_gmt":"2013-04-26T14:00:27","guid":{"rendered":"https:\/\/www.courzyvite.run\/blog\/?p=10264"},"modified":"2020-09-07T12:39:44","modified_gmt":"2020-09-07T10:39:44","slug":"presentation-du-noz-trail-ex-trail-du-mont-musieges-27-04-13","status":"publish","type":"post","link":"https:\/\/www.courzyvite.run\/blog\/2013\/04\/26\/presentation-du-noz-trail-ex-trail-du-mont-musieges-27-04-13\/","title":{"rendered":"PRESENTATION DU NOZ TRAIL (EX-TRAIL DU MONT MUSIEGES) \/ 27-04-13"},"content":{"rendered":"<p><strong>2\u00e8me \u00e9dition ce samedi \u00e0 Musi\u00e8ges<\/strong><\/p>\n<p>Pour la seconde ann\u00e9e cons\u00e9cutive, la course nature s\u2019invite dans le val des Usses, au c\u0153ur de l\u2019Avant-Pays haut-savoyard. L\u2019\u00e9picentre en est toujours la commune de Musi\u00e8ges (371 \u00e2mes en 2011), accol\u00e9e \u00e0 celle de Frangy, chef-lieu du canton \u00e9ponyme. Et son architecte est encore\u00a0<strong>Al\u00e9xis\u00a0Maret<\/strong>, 33 ans, pr\u00e9sident de l\u2019association Musi\u00e8ges Animations \u00e0 compter de 2009, qui sans l\u2019ombre d\u2019une h\u00e9sitation a pris la d\u00e9cision de relancer le Trail du Mont Musi\u00e8ges, baptis\u00e9 pour l\u2019occasion Noz Trail.<br \/>\nIl faut dire que le contraire aurait \u00e9t\u00e9 bien \u00e9tonnant au vu du succ\u00e8s populaire du 1er mill\u00e9sime qui avait drain\u00e9 quelques 72 concurrents. Et ce en d\u00e9pit de son absence sur le calendrier et du faible \u00e9cho m\u00e9diatique, l\u2019\u00e9dition de Bellegarde et du Pays de Gex du \u00ab Dauphin\u00e9 Lib\u00e9r\u00e9\u00a0\u00bb ainsi que les deux sites Web Trail Running en Pays de Savoie \/ Ain et Courir en Pays de Savoie \u00e9tant les seuls \u00e0 avoir couvert la course.<\/p>\n<p><strong>Hospitalit\u00e9<\/strong><br \/>\nM\u00eame s\u2019il continue \u00e0 ne rev\u00eatir aucun caract\u00e8re officiel, le 2\u00e8me opus risque de conna\u00eetre une affluence encore plus cons\u00e9quente, le bouche \u00e0 oreille des convives accourus l\u2019an pass\u00e9 devant fonctionner \u00e0 plein. Car tous \u00e9taient repartis de Musi\u00e8ges enchant\u00e9s par la chaleur humaine qui y pr\u00e9valait, aux antipodes de certaines manifestations tapageuses et surfaites, \u00e9trang\u00e8res en r\u00e9alit\u00e9 au fameux \u00ab\u00a0esprit trail\u00a0\u00bb originel, domin\u00e9 notamment par ces valeurs que sont la convivialit\u00e9 et la simplicit\u00e9. Quelques athl\u00e8tes n\u2019avaient d\u2019ailleurs pas h\u00e9sit\u00e9 \u00e0 venir de loin, \u00e0 l\u2019image du vainqueur haut-bugiste\u00a0<strong>Baptiste Choutkoff<\/strong>\u00a0ou du Chamb\u00e9rien\u00a0<strong>Philippe Bony<\/strong>\u00a0qui grimpera sur la 3\u00e8me marche.<\/p>\n<p><strong>Nouveau trac\u00e9<\/strong><br \/>\nAussi, les valeureuses chevilles ouvri\u00e8res musi\u00e8geoises ont d\u00e9cid\u00e9 de mettre les petits plats dans les grands en majorant sensiblement les dimensions qui passeront de 12,4 \u00e0 15,5km, le d\u00e9nivel\u00e9 s\u2019\u00e9levant d\u00e9sormais \u00e0 800m contre 600 pr\u00e9c\u00e9demment.<br \/>\nAlternant bois et prairies, le parcours empruntera de nouveau\u00a0les prestigieux Balcon du L\u00e9man et Chemin de Saint-Jacques-de-Compostelle. Et il continuera \u00e0 sillonner en long et en large cette colline qu\u2019est le mont de Musi\u00e8ges, toit de la commune juch\u00e9 \u00e0 702m d\u2019altitude qui d\u00e9partage le val des Usses du Genevois haut-savoyard. Une colline qui abrite la fameuse grotte des Douattes o\u00f9 a \u00e9t\u00e9 retrouv\u00e9e en 1929 une pr\u00e9sence pr\u00e9historique et protohistorique.<br \/>\nLa principale difficult\u00e9 interviendra peu avant le km9, le long de la rive gauche du bouillonnant ruisseau du Fornant. Embelli par ses somptueuses eaux cristallines, celui-ci sera franchi sur une passerelle (1), situ\u00e9e en aval de la cascade de Barbanaz, sans doute l\u2019une des plus belles du d\u00e9partement. D\u00e9butera alors l\u2019\u00e9prouvante ascension du mont de Musi\u00e8ges qui officiera comme juge de paix. Les 310m de d\u00e9nivel\u00e9 n\u00e9cessaires pour atteindre son fa\u00eete, nich\u00e9 au 11\u00e8me km, devraient alors entamer les r\u00e9serves d\u2019un grand nombre de concurrents. Ceux-ci auront toutefois l\u2019occasion de reprendre leurs forces en admirant sur sa cr\u00eate nord-ouest Sa Majest\u00e9 le Mont-Blanc avant d\u2019attaquer les quatre ultimes bornes et demie, majoritairement descendantes, qui les ram\u00e8neront au village. Un final qui ne sera pas une sin\u00e9cure, les bip\u00e8des \u00e9tant astreints \u00e0 une remont\u00e9e des plus coriaces vers le point culminant sans pour autant y parvenir cette fois-ci. Bref mais intense : tel est le p\u00e9riple qui attend in fine les trailers !<\/p>\n<p><strong>F.V.<br \/>\n<\/strong>(1) L\u2019an pass\u00e9, les trailers avaient enjamb\u00e9 le Fornant sur un passage \u00e0 gu\u00e9, en aval de la passerelle qu\u2019ils traverseront cette fois-ci.<br \/>\n<span style=\"color: #ffffff;\">.<\/span><br \/>\n<span style=\"color: #ffffff;\">.<\/span><br \/>\n<strong>PALMARES DE LA 1ERE EDITION DU 28 AVRIL 2012 :<\/strong><\/p>\n<p><strong>12,4km\u00a0<\/strong>(77 inscrits dont 19 femmes, 70 class\u00e9s dont 17 femmes) :<br \/>\n\u2013<strong>\u00a0<\/strong>1er (1er V1) :<strong>\u00a0Baptiste Choutkoff<\/strong>\u00a0(Team Sport L\u00e9o le Lysosome) en 1h02\u201944.<br \/>\n\u2013<strong>\u00a0<\/strong>1\u00e8re (1\u00e8re senior, 14\u00e8me au scratch) :<strong>\u00a0Karine Marguerettaz\u00a0<\/strong>(ASPTT Annecy Athl\u00e9tisme) en 1h13\u201911.<br \/>\n\u2013 R\u00e9sultats complets\u00a0sur le site Web Courzyvite :<br \/>\n<a href=\"http:\/\/www.courzyvite.run\/12Resultats\/TraildeMusieges2012.pdf\">http:\/\/www.courzyvite.run\/12Resultats\/TraildeMusieges2012.pdf<\/a><br \/>\n<span style=\"color: #ffffff;\">.<\/span><br \/>\n<span style=\"color: #ffffff;\">.<\/span><strong style=\"font-size: 0.95em;\"><br \/>\n<\/strong><strong>PARCOURS ET PROFIL :<\/strong><\/p>\n<p>Tous deux figurent sur le site Web\u00a0de Musi\u00e8ges Animations\u00a0:<br \/>\n<a href=\"http:\/\/musiegesanimations.fr\/spip.php?article8\">http:\/\/musiegesanimations.fr\/spip.php?article8<\/a><\/p>\n<p>Attention, aussi bien le parcours que le profil ne tiennent en compte la remont\u00e9e vers le mont de Musi\u00e8ges qui entrecoupe la descente finale.<br \/>\nLa modification sur le site devrait intervenir cette semaine.<br \/>\n<span style=\"color: #ffffff;\"><span style=\"color: #ffffff;\">.<br \/>\n<\/span>.<\/span><strong style=\"font-size: 0.95em;\"><br \/>\n<\/strong><strong>LE TRAIL DU MONT MUSIEGES SUR LE SITE WEB COURZYVITE :<\/strong><\/p>\n<p><strong>&#8211; Pr\u00e9sentation de l\u2019\u00e9dition 2012 :<\/strong><span style=\"font-size: 0.95em;\"><br \/>\n<\/span><a href=\"https:\/\/www.courzyvite.run\/blog\/2012\/04\/27\/presentation-du-trail-du-mont-musieges-28-04-12\/\">https:\/\/www.courzyvite.run\/blog\/2012\/04\/27\/presentation-du-trail-du-mont-musieges-28-04-12\/<\/a><\/p>\n<p><strong>&#8211; R\u00e9sultats, compte rendu et photos de l\u2019\u00e9dition 2012 :\u00a0<\/strong><strong style=\"color: #000000; font-size: 0.95em;\"><br \/>\n<\/strong><a href=\"https:\/\/www.courzyvite.run\/blog\/2012\/04\/29\/resultats-compte-rendu-et-photos-du-trail-du-mont-musieges-28-04-12\/\">https:\/\/www.courzyvite.run\/blog\/2012\/04\/29\/resultats-compte-rendu-et-photos-du-trail-du-mont-musieges-28-04-12\/<\/a><strong><span style=\"color: #000000;\"><br \/>\n<\/span><\/strong><span style=\"color: #ffffff;\"><span style=\"color: #ffffff;\">.<br \/>\n<\/span>.<\/span><span style=\"font-weight: bold; color: #000000;\"><br \/>\nINFOS PRATIQUES :<\/span><\/p>\n<p><strong>Une course\u00a0:<br \/>\n<\/strong> \u2013 Dimensions : 15,5km pour 800m de d\u00e9nivel\u00e9.<br \/>\n\u2013 Asphalte : 800m.<br \/>\n\u2013 Point culminant : mont de Musi\u00e8ges \u00e0 702m d\u2019altitude.<\/p>\n<p><strong>Inscriptions :<\/strong><br \/>\n<strong>Par voie postale :<\/strong><br \/>\nA l\u2019adresse suivante :<strong><br \/>\n<\/strong>Al\u00e9xis Maret, 10 Route de Serrasson, 74 270 Musi\u00e8ges.<br \/>\nLe bulletin d\u2019inscription peut \u00eatre t\u00e9l\u00e9charg\u00e9 sur le site Web de Musi\u00e8ges Animations :<br \/>\n<a href=\"http:\/\/www.musiegesanimations.fr\/spip.php?article8\">http:\/\/www.musiegesanimations.fr\/spip.php?article8<\/a><br \/>\n<strong>En ligne :<\/strong><br \/>\nSur le site Web de Musi\u00e8ges Animations :<br \/>\n<a href=\"http:\/\/www.musiegesanimations.fr\/spip.php?article8\">http:\/\/www.musiegesanimations.fr\/spip.php?article8<\/a><br \/>\n<strong>Jour J :<\/strong><br \/>\n\u2013 Horaire : \u00e0 partir de 8h30.<br \/>\n\u2013 Lieu : place de l\u2019\u00e9glise \u00e0 Musi\u00e8ges.<\/p>\n<p><strong>Montants :<\/strong><br \/>\n<strong>\u2013 Par voie postale :<\/strong>\u00a010 euros.<br \/>\n<strong>\u2013 En ligne :<\/strong> 10 euros.<br \/>\n<strong>\u2013 Jour J\u00a0:<\/strong> 10 euros.<\/p>\n<p><strong>D\u00e9part :<br \/>\n\u2013 Horaire : <\/strong>10h30.<br \/>\n<strong>\u2013 Lieu :<\/strong> place de l\u2019Eglise \u00e0 Musi\u00e8ges.<\/p>\n<p><strong>Renseignements compl\u00e9mentaires :<br \/>\nSite Web de Musi\u00e8ges Animations :<\/strong><strong style=\"font-size: 0.95em;\"><br \/>\n<\/strong><a href=\"http:\/\/www.musiegesanimations.fr\/spip.php?article8\">http:\/\/www.musiegesanimations.fr\/spip.php?article8<br \/>\n<\/a><span style=\"color: #ffffff;\">.<\/span><br \/>\n<span style=\"color: #ffffff;\">.<\/span><strong style=\"font-size: 0.95em;\"><br \/>\n<\/strong><strong>PHOTOS :<\/strong><a href=\"https:\/\/i0.wp.com\/www.courzyvite.run\/blog\/wp-content\/uploads\/2013\/04\/IMG_6369-e1505722552176.jpg?ssl=1\"><img data-recalc-dims=\"1\" loading=\"lazy\" decoding=\"async\" class=\"aligncenter wp-image-10282 size-full\" src=\"https:\/\/i0.wp.com\/www.courzyvite.run\/blog\/wp-content\/uploads\/2013\/04\/IMG_6369-e1505722552176.jpg?resize=860%2C573&#038;ssl=1\" alt=\"\" width=\"860\" height=\"573\" \/><\/a>1\u00e8re \u00e9dition du Trail du Mont Musi\u00e8ges, 28 avril 2012.<br \/>\nD\u00e9but de la descente de la cr\u00eate nord-ouest du mont de Musi\u00e8ges.<br \/>\nOn distingue :<br \/>\n&#8211; Au second plan au centre : le Vuache, et en contrebas \u00e0 droite, le hameau du Malpas, rattach\u00e9 \u00e0 la commune de Chaumont.<br \/>\n\u2013 En toile de fond, \u00e0 gauche : le plateau de Retord.<br \/>\n\u2013 En toile de fond, juste \u00e0 gauche du Vuache : le massif du Cr\u00eat d\u2019Eau, int\u00e9grant la Haute Cha\u00eene du Jura.<br \/>\n&#8211; En toile de fond, \u00e0 droite : le bassin l\u00e9manique.<br \/>\nClich\u00e9 de<strong>\u00a0Yohan Neveu<\/strong>.<br \/>\n<a href=\"https:\/\/i0.wp.com\/www.courzyvite.run\/blog\/wp-content\/uploads\/2013\/04\/IMG_6402-e1505722680182.jpg?ssl=1\"><img data-recalc-dims=\"1\" loading=\"lazy\" decoding=\"async\" class=\"aligncenter wp-image-10278 size-full\" src=\"https:\/\/i0.wp.com\/www.courzyvite.run\/blog\/wp-content\/uploads\/2013\/04\/IMG_6402-e1505722680182.jpg?resize=860%2C573&#038;ssl=1\" alt=\"\" width=\"860\" height=\"573\" \/><\/a>1\u00e8re \u00e9dition du Trail du Mont Musi\u00e8ges, 28 avril 2012.<br \/>\nPassage \u00e0 gu\u00e9 du Fornant.<br \/>\nCette ann\u00e9e, le tumultueux ruisseau sera travers\u00e9 par une passerelle, install\u00e9e en amont par rapport \u00e0 cet endroit.<br \/>\nClich\u00e9 de<strong>\u00a0Yohan Neveu<\/strong>.<\/p>\n<p>&nbsp;<\/p>\n","protected":false},"excerpt":{"rendered":"<p>2\u00e8me \u00e9dition ce samedi \u00e0 Musi\u00e8ges Pour la seconde ann\u00e9e cons\u00e9cutive, la course nature s\u2019invite dans le val des Usses, au c\u0153ur de l\u2019Avant-Pays haut-savoyard. L\u2019\u00e9picentre en est toujours la commune de Musi\u00e8ges (371 \u00e2mes en 2011), accol\u00e9e \u00e0 celle de Frangy, chef-lieu du canton \u00e9ponyme. Et son architecte est encore\u00a0Al\u00e9xis\u00a0Maret, 33 ans, pr\u00e9sident de l\u2019association Musi\u00e8ges Animations \u00e0 compter de 2009, qui sans l\u2019ombre d\u2019une h\u00e9sitation a pris la [&#8230;]<\/p>\n","protected":false},"author":2,"featured_media":10278,"comment_status":"closed","ping_status":"closed","sticky":false,"template":"","format":"standard","meta":{"advanced_seo_description":"","jetpack_seo_html_title":"","jetpack_seo_noindex":false,"_jetpack_memberships_contains_paid_content":false,"footnotes":"","jetpack_publicize_message":"PRESENTATION DU NOZ TRAIL (EX-TRAIL DU MONT MUSIEGES) \/ 27-04-13","jetpack_publicize_feature_enabled":true,"jetpack_social_post_already_shared":true,"jetpack_social_options":{"image_generator_settings":{"template":"highway","default_image_id":0,"font":"","enabled":false},"version":2}},"categories":[32,16,6,22,13],"tags":[],"class_list":["post-10264","post","type-post","status-publish","format-standard","has-post-thumbnail","hentry","category-articles-sur-les-courses","category-haute-savoie","category-articles","category-le-trail-de-musieges","category-presentations-des-courses"],"views":1743,"jetpack_publicize_connections":[],"jetpack_featured_media_url":"https:\/\/i0.wp.com\/www.courzyvite.run\/blog\/wp-content\/uploads\/2013\/04\/IMG_6402-e1505722680182.jpg?fit=900%2C600&ssl=1","jetpack_shortlink":"https:\/\/wp.me\/p7PZ3h-2Fy","jetpack_sharing_enabled":true,"_links":{"self":[{"href":"https:\/\/www.courzyvite.run\/blog\/wp-json\/wp\/v2\/posts\/10264","targetHints":{"allow":["GET"]}}],"collection":[{"href":"https:\/\/www.courzyvite.run\/blog\/wp-json\/wp\/v2\/posts"}],"about":[{"href":"https:\/\/www.courzyvite.run\/blog\/wp-json\/wp\/v2\/types\/post"}],"author":[{"embeddable":true,"href":"https:\/\/www.courzyvite.run\/blog\/wp-json\/wp\/v2\/users\/2"}],"replies":[{"embeddable":true,"href":"https:\/\/www.courzyvite.run\/blog\/wp-json\/wp\/v2\/comments?post=10264"}],"version-history":[{"count":0,"href":"https:\/\/www.courzyvite.run\/blog\/wp-json\/wp\/v2\/posts\/10264\/revisions"}],"wp:featuredmedia":[{"embeddable":true,"href":"https:\/\/www.courzyvite.run\/blog\/wp-json\/wp\/v2\/media\/10278"}],"wp:attachment":[{"href":"https:\/\/www.courzyvite.run\/blog\/wp-json\/wp\/v2\/media?parent=10264"}],"wp:term":[{"taxonomy":"category","embeddable":true,"href":"https:\/\/www.courzyvite.run\/blog\/wp-json\/wp\/v2\/categories?post=10264"},{"taxonomy":"post_tag","embeddable":true,"href":"https:\/\/www.courzyvite.run\/blog\/wp-json\/wp\/v2\/tags?post=10264"}],"curies":[{"name":"wp","href":"https:\/\/api.w.org\/{rel}","templated":true}]}}