{"id":10230,"date":"2012-04-27T06:05:58","date_gmt":"2012-04-27T04:05:58","guid":{"rendered":"https:\/\/www.courzyvite.run\/blog\/?p=10230"},"modified":"2020-04-02T08:46:54","modified_gmt":"2020-04-02T06:46:54","slug":"presentation-du-trail-du-mont-musieges-28-04-12","status":"publish","type":"post","link":"https:\/\/www.courzyvite.run\/blog\/2012\/04\/27\/presentation-du-trail-du-mont-musieges-28-04-12\/","title":{"rendered":"PRESENTATION DU TRAIL DU MONT MUSIEGES \/ 28-04-12"},"content":{"rendered":"<p><strong>1\u00e8re \u00e9dition ce samedi \u00e0 Musi\u00e8ges<\/strong><\/p>\n<p><strong>LE VAL DES USSES EN FETE !<\/strong><\/p>\n<p>D\u00e9cid\u00e9ment, la course nature n\u2019en finit plus de faire boule de neige, y compris dans les territoires o\u00f9 elle a du mal \u00e0 s\u2019enraciner, \u00e0 l\u2019image du val des Usses, situ\u00e9 au coeur de l\u2019Avant-Pays haut-savoyard. Cette contr\u00e9e a vu en effet la disparition de la Choisylienne en 2010 puis de la Transchylienne en 2011 avant de c\u00e9l\u00e9brer, cette ann\u00e9e, la naissance du Trail du Mont Musi\u00e8ges.<br \/>\nAyant pour \u00e9picentre le village de Musi\u00e8ges (371 \u00e2mes en 2011), \u00e0 proximit\u00e9 de Frangy, cet \u00e9v\u00e8nement a \u00e9t\u00e9 port\u00e9 sur les fonts baptismaux par la valeureuse association Musi\u00e8ges Animations que pr\u00e9side <strong>Al\u00e9xis Maret<\/strong>. Pr\u00e9vu initialement le 21 avril, il a \u00e9t\u00e9 opportun\u00e9ment report\u00e9 d\u2019une semaine, et ce \u00e0 la demande des architectes seysselans des Princes en Foul\u00e9es qui, pour leur galop d\u2019essai, avaient d\u00e9j\u00e0 pr\u00e9empt\u00e9 cette date.<br \/>\nD\u00e9veloppant une communication tous azimuts malgr\u00e9 l\u2019absence de leur manifestation dans le calendrier, les organisateurs escomptent bien drainer une belle affluence. D\u2019ores et d\u00e9j\u00e0, on remarquera la pr\u00e9sence du talentueux Haut-Bugiste\u00a0<strong>Baptiste Choutkoff<\/strong>, laur\u00e9at 2010 du Challenge de l\u2019Ain de Course en Montagne, mais aussi de\u00a0<strong>Roger Lenourry<\/strong>,\u00a0\u00e9tabli \u00e0 Chessenaz, autre village du val des Usses, et qui excelle chez les quinquas.<br \/>\nLong de 12,4km dont seulement 1,4km d\u2019asphalte et accusant un d\u00e9nivel\u00e9 de 600m, la comp\u00e9tition prendra son envol \u00e0 10h00 sur la place de l\u2019\u00e9glise, avec des inscriptions possibles le jour J, le montant, d\u00e9pourvu de majoration, s\u2019\u00e9levant \u00e0 12 euros.<\/p>\n<p><strong>F.V. pour le compte \u00e9galement de la page sports de l\u2019\u00e9dition de Bellegarde et Pays de Gex du quotidien \u00ab Le Dauphin\u00e9 Lib\u00e9r\u00e9\u00a0\u00bb, en date du vendredi 27 avril 2012.<br \/>\n<\/strong><span style=\"color: #ffffff;\">.<\/span><br \/>\n<span style=\"color: #ffffff;\">.<\/span><strong style=\"font-size: 0.95em;\"><br \/>\n<\/strong><strong>INFOS PRATIQUES :<\/strong><\/p>\n<p><strong>Renseignements compl\u00e9mentaires :<br \/>\nSite Web de Musi\u00e8ges Animations :<br \/>\n<\/strong><a href=\"http:\/\/www.musiegesanimations.fr\/?Trail-du-Mont-Musieges-du-28-avril\">http:\/\/www.musiegesanimations.fr\/?Trail-du-Mont-Musieges-du-28-avril<\/a><br \/>\n<span style=\"color: #ffffff;\">.<\/span><br \/>\n<span style=\"color: #ffffff;\">.<\/span><strong style=\"font-size: 0.95em;\"><br \/>\n<\/strong><strong>PHOTO :<\/strong><\/p>\n<p><img data-recalc-dims=\"1\" loading=\"lazy\" decoding=\"async\" class=\"size-full wp-image-10237 aligncenter\" src=\"https:\/\/i0.wp.com\/www.courzyvite.run\/blog\/wp-content\/uploads\/2012\/04\/ac120401009.jpg?resize=860%2C575\" alt=\"\" width=\"860\" height=\"575\" srcset=\"https:\/\/i0.wp.com\/www.courzyvite.run\/blog\/wp-content\/uploads\/2012\/04\/ac120401009.jpg?w=1024&amp;ssl=1 1024w, https:\/\/i0.wp.com\/www.courzyvite.run\/blog\/wp-content\/uploads\/2012\/04\/ac120401009.jpg?resize=420%2C281&amp;ssl=1 420w, https:\/\/i0.wp.com\/www.courzyvite.run\/blog\/wp-content\/uploads\/2012\/04\/ac120401009.jpg?resize=768%2C514&amp;ssl=1 768w\" sizes=\"auto, (max-width: 860px) 100vw, 860px\" \/>Le village de Musi\u00e8ges, camp de base de la manifestation, et au premier plan l\u2019envo\u00fbtante vall\u00e9e du Fornant qu\u2019arpenteront les trailers.<br \/>\nClich\u00e9 de <strong>Patrick Morand<\/strong>.<\/p>\n","protected":false},"excerpt":{"rendered":"<p>1\u00e8re \u00e9dition ce samedi \u00e0 Musi\u00e8ges LE VAL DES USSES EN FETE ! D\u00e9cid\u00e9ment, la course nature n\u2019en finit plus de faire boule de neige, y compris dans les territoires o\u00f9 elle a du mal \u00e0 s\u2019enraciner, \u00e0 l\u2019image du val des Usses, situ\u00e9 au coeur de l\u2019Avant-Pays haut-savoyard. Cette contr\u00e9e a vu en effet la disparition de la Choisylienne en 2010 puis de la Transchylienne en 2011 avant de [&#8230;]<\/p>\n","protected":false},"author":2,"featured_media":10237,"comment_status":"closed","ping_status":"closed","sticky":false,"template":"","format":"standard","meta":{"advanced_seo_description":"","jetpack_seo_html_title":"","jetpack_seo_noindex":false,"_jetpack_memberships_contains_paid_content":false,"footnotes":"","jetpack_publicize_message":"PRESENTATION DU TRAIL DU MONT MUSIEGES \/ 28-04-12","jetpack_publicize_feature_enabled":true,"jetpack_social_post_already_shared":true,"jetpack_social_options":{"image_generator_settings":{"template":"highway","default_image_id":0,"font":"","enabled":false},"version":2}},"categories":[32,16,6,22,13],"tags":[],"class_list":["post-10230","post","type-post","status-publish","format-standard","has-post-thumbnail","hentry","category-articles-sur-les-courses","category-haute-savoie","category-articles","category-le-trail-de-musieges","category-presentations-des-courses"],"views":1752,"jetpack_publicize_connections":[],"jetpack_featured_media_url":"https:\/\/i0.wp.com\/www.courzyvite.run\/blog\/wp-content\/uploads\/2012\/04\/ac120401009.jpg?fit=1024%2C685&ssl=1","jetpack_shortlink":"https:\/\/wp.me\/p7PZ3h-2F0","jetpack_sharing_enabled":true,"_links":{"self":[{"href":"https:\/\/www.courzyvite.run\/blog\/wp-json\/wp\/v2\/posts\/10230","targetHints":{"allow":["GET"]}}],"collection":[{"href":"https:\/\/www.courzyvite.run\/blog\/wp-json\/wp\/v2\/posts"}],"about":[{"href":"https:\/\/www.courzyvite.run\/blog\/wp-json\/wp\/v2\/types\/post"}],"author":[{"embeddable":true,"href":"https:\/\/www.courzyvite.run\/blog\/wp-json\/wp\/v2\/users\/2"}],"replies":[{"embeddable":true,"href":"https:\/\/www.courzyvite.run\/blog\/wp-json\/wp\/v2\/comments?post=10230"}],"version-history":[{"count":0,"href":"https:\/\/www.courzyvite.run\/blog\/wp-json\/wp\/v2\/posts\/10230\/revisions"}],"wp:featuredmedia":[{"embeddable":true,"href":"https:\/\/www.courzyvite.run\/blog\/wp-json\/wp\/v2\/media\/10237"}],"wp:attachment":[{"href":"https:\/\/www.courzyvite.run\/blog\/wp-json\/wp\/v2\/media?parent=10230"}],"wp:term":[{"taxonomy":"category","embeddable":true,"href":"https:\/\/www.courzyvite.run\/blog\/wp-json\/wp\/v2\/categories?post=10230"},{"taxonomy":"post_tag","embeddable":true,"href":"https:\/\/www.courzyvite.run\/blog\/wp-json\/wp\/v2\/tags?post=10230"}],"curies":[{"name":"wp","href":"https:\/\/api.w.org\/{rel}","templated":true}]}}